{"id":16686,"date":"2021-10-06T09:12:27","date_gmt":"2021-10-06T07:12:27","guid":{"rendered":"https:\/\/evertonfc.cz\/?p=16686"},"modified":"2021-10-06T14:13:21","modified_gmt":"2021-10-06T12:13:21","slug":"znovuzrodeny-doucoure","status":"publish","type":"post","link":"https:\/\/evertonfc.cz\/index.php\/2021\/10\/06\/znovuzrodeny-doucoure\/","title":{"rendered":"Znovuzroden\u00fd Doucour\u00e9"},"content":{"rendered":"<h4>Kto by tipoval, \u017ee po siedmych ligov\u00fdch kol\u00e1ch, bude najprodukt\u00edvnej\u0161\u00edm hr\u00e1\u010dom robustn\u00fd z\u00e1lo\u017en\u00edk? V\u00a0minulej sez\u00f3ne prim\u00e1rne defenz\u00edvny, dnes hrozba pre brank\u00e1rov.<\/h4>\n<p>28 ro\u010dn\u00fd Abdoulaye sk\u00f3roval v minulom ro\u010dn\u00edku len tri kr\u00e1t, a rovnak\u00fdm po\u010dtom sa podie\u013eal aj na prihr\u00e1vkach na g\u00f3l. Vo v\u0161etk\u00fdch s\u00fa\u0165a\u017eiach podot\u00fdkam. A dnes? E\u0161te sa poriadne nerozbehol okt\u00f3ber a Franc\u00faz u\u017e priamo prispel k \u0161iestim z trin\u00e1stich ligov\u00fdch g\u00f3lov Evertonu v aktu\u00e1lnej ed\u00edcii Premier League.<\/p>\n<p>E\u0161te predt\u00fdm, \u010do sk\u00f3roval v \u00favodnom stretnut\u00ed ligy <a href=\"https:\/\/evertonfc.cz\/index.php\/2021\/08\/17\/doucoureho-nova-uloha\/\" target=\"_blank\" rel=\"noopener\">v auguste sa priznal, \u017ee jeho nov\u00fd \u0161\u00e9f na lavi\u010dke chce od neho v tomto smere viac<\/a>. Omnoho viac. A zd\u00e1 sa, \u017ee Doucour\u00e9 to zobral smrte\u013ene v\u00e1\u017ene. Jeho aktu\u00e1lna forma dominuje na ihrisku, kuje hutn\u00e9 partnerstvo v z\u00e1lohe s Allanom, a bez re\u0161pektu si silou raz\u00ed cestu s loptou i bez nej. Zo v\u0161etk\u00fdch z\u00e1lo\u017en\u00edkov si aktu\u00e1lne len Paul Pogba prip\u00edsal viac asistenci\u00ed ne\u017e on. A v minulom kole sa mali tieto dve hory stretn\u00fa\u0165. No na po\u010dudovanie jeden z\u00a0nich sedel na lavi\u010dke, k\u00fdm\u00a0druh\u00fd tvrdil muziku pre nedosl\u00fdchav\u00fdch dom\u00e1cich. Doucour\u00e9 je zn\u00e1my svoj\u00edm apet\u00edtom proti \u010cerven\u00fdm Diablom. Sk\u00f3roval aj prihral vlani pri prestrelke 3:3, a\u00a0za ex-zamestn\u00e1vate\u013ea Watford predt\u00fdm taktie\u017e p\u00e1lil presn\u00fdmi, ako doma tak vonku.<\/p>\n<h4><strong>\u0160tatistiky Doucour\u00e9ho pri rem\u00edze s Manchesterom United:<\/strong><\/h4>\n<table style=\"width: 100%; height: 246px;\" width=\"564\">\n<tbody>\n<tr style=\"height: 41px;\">\n<td style=\"width: 35.3333%; height: 41px; border-style: ridge;\" width=\"249\">dotyky s loptou:<\/td>\n<td style=\"width: 6.53337%; text-align: center; height: 41px; border-style: ridge;\" width=\"37\">48<\/td>\n<td style=\"width: 51.6%; height: 41px; border-style: ridge;\" width=\"242\">asistencie:<\/td>\n<td style=\"width: 6.4%; text-align: center; height: 41px; border-style: ridge;\" width=\"36\">1<\/td>\n<\/tr>\n<tr style=\"height: 41px;\">\n<td style=\"width: 35.3333%; height: 41px; border-style: ridge;\">strely:<\/td>\n<td style=\"width: 6.53337%; text-align: center; height: 41px; border-style: ridge;\">2<\/td>\n<td style=\"width: 51.6%; height: 41px; border-style: ridge;\">vytvoren\u00e9 \u0161ance:<\/td>\n<td style=\"width: 6.4%; text-align: center; height: 41px; border-style: ridge;\">2<\/td>\n<\/tr>\n<tr style=\"height: 41px;\">\n<td style=\"width: 35.3333%; height: 41px; border-style: ridge;\">\u00faspe\u0161n\u00e9 prihr\u00e1vky:<\/td>\n<td style=\"width: 6.53337%; text-align: center; height: 41px; border-style: ridge;\">29<\/td>\n<td style=\"width: 51.6%; height: 41px; border-style: ridge;\">z\u00edskan\u00e9 lopty:<\/td>\n<td style=\"width: 6.4%; text-align: center; height: 41px; border-style: ridge;\">5<\/td>\n<\/tr>\n<tr style=\"height: 41px;\">\n<td style=\"width: 35.3333%; height: 41px; border-style: ridge;\">presnos\u0165 prihr\u00e1vok:<\/td>\n<td style=\"width: 6.53337%; text-align: center; height: 41px; border-style: ridge;\">85%<\/td>\n<td style=\"width: 51.6%; height: 41px; border-style: ridge;\">\u00faspe\u0161n\u00e9 obrann\u00e9 z\u00e1kroky:<\/td>\n<td style=\"width: 6.4%; text-align: center; height: 41px; border-style: ridge;\">3<\/td>\n<\/tr>\n<tr style=\"height: 41px;\">\n<td style=\"width: 35.3333%; height: 41px; border-style: ridge;\">\u00faspe\u0161n\u00e9 prihr\u00e1vky smerom dopredu:<\/td>\n<td style=\"width: 6.53337%; text-align: center; height: 41px; border-style: ridge;\">17<\/td>\n<td style=\"width: 51.6%; height: 41px; border-style: ridge;\">zachyten\u00e9 prihr\u00e1vky:<\/td>\n<td style=\"width: 6.4%; text-align: center; height: 41px; border-style: ridge;\">2<\/td>\n<\/tr>\n<tr style=\"height: 41px;\">\n<td style=\"width: 35.3333%; height: 41px; border-style: ridge;\">\u00faspe\u0161n\u00e9 prihr\u00e1vky v \u00fato\u010dnej tretine:<\/td>\n<td style=\"width: 6.53337%; text-align: center; height: 41px; border-style: ridge;\">7<\/td>\n<td style=\"width: 51.6%; height: 41px; border-style: ridge;\"><\/td>\n<td style=\"width: 6.4%; text-align: center; height: 41px; border-style: ridge;\"><\/td>\n<\/tr>\n<\/tbody>\n<\/table>\n<h4><strong>Abdoulaye Doucour\u00e9 pre ofici\u00e1lny web:<\/strong><\/h4>\n<blockquote><p><span style=\"font-size: 12pt;\"><em>\u201eSom ve\u013emi spokojn\u00fd so z\u00e1pasmi, ktor\u00e9 som odohral v tejto sez\u00f3ne a s\u00a0mana\u017e\u00e9rom sa ka\u017ed\u00fd de\u0148 u\u010d\u00edm. V mojej hre sa v\u0161etko zmenilo a moje ch\u00e1panie futbalu sa zlep\u0161ilo. Mana\u017e\u00e9r mi dal ve\u013ea r\u00e1d &#8211; jednoduch\u00e9 rady, ktor\u00e9 robia rozdiel &#8211; a ja sa to sna\u017e\u00edm vzia\u0165 na ihrisko a pom\u00f4c\u0165 t\u00edmu, ako m\u00f4\u017eem.\u201c<\/em><\/span><\/p><\/blockquote>\n<p>Ako by sme najlep\u0161ie charakterizovali tento tank v strede po\u013ea? Ne\u00fanavn\u00fd. V tejto sez\u00f3ne Doucour\u00e9 neskuto\u010dne tvrdo pracuje pre t\u00edm a sna\u017e\u00ed sa \u010do najviac nar\u00fa\u0161a\u0165 s\u00fapera aj v ofenz\u00edvnej f\u00e1ze hry. Franc\u00faz na ihrisku pokr\u00fdva neuverite\u013ene ve\u013ea miesta a pravidelne vyv\u00edja tlak na svojich protivn\u00edkov.<\/p>\n<p>To v\u0161ak nie je novinka. U\u017e ako nov\u00e1 posila Ancelottiho pred rokom sa p\u00fd\u0161il rovnak\u00fdmi vlastnos\u0165ami. Ak z\u00e1lo\u017en\u00edk vyme\u0161kal z\u00e1pas, Everton m\u00e1lokedy oh\u00faril. Ale aktivita, \u010di lep\u0161ie povedan\u00e9 iniciat\u00edva smerom dopredu od neho aj tak absentovala. \u010ci to bolo sp\u00f4soben\u00e9 taktick\u00fdmi okovami talianskeho re\u017eimu m\u00f4\u017eeme len h\u00e1da\u0165, av\u0161ak pravdou je, \u017ee \u017eeliezka s\u00fa pre\u010d. Pod\u013ea port\u00e1lu FBref vytvoril Abdoulaye najviac pr\u00edle\u017eitost\u00ed k stre\u013ebe t\u00fato sez\u00f3nu (19) zo v\u0161etk\u00fdch jeho spoluhr\u00e1\u010dov. \u0160tatistika stre\u013ebotvorn\u00fdch akci\u00ed za z\u00e1pas sa mu vy\u0161e zdvojn\u00e1sobila pri porovnan\u00ed z vla\u0148aj\u0161kom \u2013 1,51 oproti aktu\u00e1lnym 3,17. A v obrannej f\u00e1ze hry to nie je v\u00f4bec hor\u0161ie. V tejto sez\u00f3ne z\u00edskal loptu sp\u00e4\u0165 \u010dastej\u0161ie ako ktor\u00fdko\u013evek in\u00fd stredopoliar Premier League.<\/p>\n<p><strong>Najviac z\u00edskan\u00fdch l\u00f4pt t\u00fato sez\u00f3nu po 6 kol\u00e1ch PL:<\/strong><\/p>\n<table style=\"width: 96.5333%;\" width=\"368\">\n<tbody>\n<tr>\n<td style=\"width: 42%; border-style: ridge;\" width=\"155\"><strong>hr\u00e1\u010d:<\/strong><\/td>\n<td style=\"width: 47.4667%; border-style: ridge;\" width=\"175\"><strong>klub:<\/strong><\/td>\n<td style=\"width: 6.93333%; border-style: ridge;\" width=\"38\"><\/td>\n<\/tr>\n<tr>\n<td style=\"width: 42%; border-style: ridge;\">Abdoulaye Doucour\u00e9<\/td>\n<td style=\"width: 47.4667%; border-style: ridge;\">Everton<\/td>\n<td style=\"text-align: center; width: 6.93333%; border-style: ridge;\">58<\/td>\n<\/tr>\n<tr>\n<td style=\"width: 42%; border-style: ridge;\">Wilfred Ndidi<\/td>\n<td style=\"width: 47.4667%; border-style: ridge;\">Leicester City<\/td>\n<td style=\"text-align: center; width: 6.93333%; border-style: ridge;\">56<\/td>\n<\/tr>\n<tr>\n<td style=\"width: 42%; border-style: ridge;\">Kalvin Phillips<\/td>\n<td style=\"width: 47.4667%; border-style: ridge;\">Leeds United<\/td>\n<td style=\"text-align: center; width: 6.93333%; border-style: ridge;\">49<\/td>\n<\/tr>\n<tr>\n<td style=\"width: 42%; border-style: ridge;\">Oriol Romeu<\/td>\n<td style=\"width: 47.4667%; border-style: ridge;\">Southampton<\/td>\n<td style=\"text-align: center; width: 6.93333%; border-style: ridge;\">47<\/td>\n<\/tr>\n<tr>\n<td style=\"width: 42%; border-style: ridge;\">Ruben Neves<\/td>\n<td style=\"width: 47.4667%; border-style: ridge;\">Wolverhampton Wanderers<\/td>\n<td style=\"text-align: center; width: 6.93333%; border-style: ridge;\">45<\/td>\n<\/tr>\n<\/tbody>\n<\/table>\n<h4><strong style=\"font-family: inherit; letter-spacing: -0.02em;\">Zmena form\u00e1cie k\u013e\u00fa\u010dom?<\/strong><\/h4>\n<p>Pod\u013ea port\u00e1lu The Athletic m\u00e1 moment\u00e1lne Doucour\u00e9 menej dotykov s\u00a0loptou na vlastnej polovici ihriska a\u00a0viac pr\u00e1ve na s\u00faperovej. Domnienka je, \u017ee je to pr\u00e1ve sp\u00f4soben\u00e9 ust\u00e1lenou form\u00e1ciou pod Ben\u00edtezom, ktor\u00fd od za\u010diatku sez\u00f3ny preferuje syst\u00e9m 4-4-2. Mohlo by sa zda\u0165, \u017ee centr\u00e1lna dvojica bude naopak, zahlten\u00e1 obrann\u00fdmi \u00falohami, ke\u010f ch\u00fdba tret\u00ed partner v\u00a0podobe defenz\u00edvneho \u0161t\u00edtu.<\/p>\n<p>Tak\u00fd b\u00fdval scen\u00e1r pri preferovanej kompil\u00e1cii zostavy Ancelottiho, ak boli v\u0161etci zdrav\u00ed. Doucour\u00e9, e\u0161te s jedn\u00fdm kolegom ved\u013ea seba, a za nimi v\u00e4\u010d\u0161inou Allan alebo Davies ako krytie. Evokovalo to v\u00e4\u010d\u0161iu slobodu. No \u010dastokr\u00e1t i tak kon\u010dil pri defenz\u00edve, ke\u010f kryl n\u00e1vraty kr\u00eddeln\u00edkov, \u010di v\u00fdpady prav\u00e9ho obrancu.<\/p>\n<p>Ale pri hrotovej dvojici je na pravej strane okrem kr\u00eddla a\u00a0prav\u00e9ho beka aj jeden zo spom\u00ednan\u00fdch \u00fato\u010dn\u00edkov, \u010do vytv\u00e1ra dostato\u010dne krytie priestoru na kombin\u00e1cie a\u00a0vyv\u00e1\u017eenej\u0161ie defenz\u00edvne \u00falohy po strate lopty. To d\u00e1va viac mo\u017enost\u00ed pre stredov\u00fa dvojicu s\u00fastredi\u0165 sa pr\u00e1ve na ten stred ihriska, a\u00a0preferovane sa pos\u00fava\u0165 sk\u00f4r po vertik\u00e1lnej osi ihriska. \u010eal\u0161\u00edm d\u00f4vodom je aj absencia tvorivej osobnosti v\u00a0z\u00e1lohe, tak\u017ee \u0165archa \u00fato\u010dn\u00fdch aktiv\u00edt z\u00e1lohy pad\u00e1 pr\u00e1ve na Doucour\u00e9ho, ktor\u00e9ho potom kryje Allan.<\/p>\n<h4><strong>Rafael Ben\u00edtez pre ofici\u00e1lny web:<\/strong><\/h4>\n<blockquote><p><span style=\"font-size: 12pt;\"><em>\u201eKe\u010f pr\u00eddete do nov\u00e9ho klubu, pok\u00fasite sa analyzova\u0165 svojich hr\u00e1\u010dov. Pozer\u00e1te sa na ich siln\u00e9 a slab\u00e9 str\u00e1nky a potom zist\u00edte, \u010di m\u00f4\u017eete nie\u010do zlep\u0161i\u0165 alebo posilni\u0165 nie\u010do, v \u010dom sa im dar\u00ed. S Doucour\u00e9m je \u00faplne jasn\u00e9, \u017ee m\u00e1 energiu a potenci\u00e1l dosta\u0165 sa do \u0161estn\u00e1stky. To\u013ekokr\u00e1t som mu povedal, aby jednoducho i\u0161iel: ,Nes\u0165ahuj sa pr\u00edli\u0161 n\u00edzko, preto\u017ee v \u00fatoku m\u00f4\u017ee\u0161 by\u0165 hrozba.\u2018 Vtipkovali sme o strelen\u00ed piatich g\u00f3lov, dva u\u017e strelil. Chce hra\u0165 dobre za t\u00edm a sna\u017e\u00ed sa d\u00e1va\u0165 viac g\u00f3lov. Som r\u00e1d, preto\u017ee to je pre ka\u017ed\u00e9ho hr\u00e1\u010da \u010fal\u0161ia motiv\u00e1cia.\u201c<\/em><\/span><\/p><\/blockquote>\n<p style=\"text-align: right;\"><span style=\"font-size: 8pt;\">(fotozdroj: evertonfc.com)<\/span><\/p>\n","protected":false},"excerpt":{"rendered":"<p>Kto by tipoval, \u017ee po siedmych ligov\u00fdch kol\u00e1ch, bude najprodukt\u00edvnej\u0161\u00edm hr\u00e1\u010dom robustn\u00fd z\u00e1lo\u017en\u00edk? V\u00a0minulej sez\u00f3ne prim\u00e1rne defenz\u00edvny, dnes hrozba pre brank\u00e1rov.<\/p>\n","protected":false},"author":1,"featured_media":16699,"comment_status":"open","ping_status":"closed","sticky":false,"template":"","format":"standard","meta":{"_eb_attr":"","_monsterinsights_skip_tracking":false,"_monsterinsights_sitenote_active":false,"_monsterinsights_sitenote_note":"","_monsterinsights_sitenote_category":0,"footnotes":""},"categories":[39],"tags":[],"yoast_head":"<!-- This site is optimized with the Yoast SEO plugin v23.4 - https:\/\/yoast.com\/wordpress\/plugins\/seo\/ -->\n<title>Znovuzroden\u00fd Doucour\u00e9 - Official Czech &amp; Slovak Everton Supporters&#039; Club<\/title>\n<meta name=\"robots\" content=\"index, follow, max-snippet:-1, max-image-preview:large, max-video-preview:-1\" \/>\n<link rel=\"canonical\" href=\"https:\/\/evertonfc.cz\/index.php\/2021\/10\/06\/znovuzrodeny-doucoure\/\" \/>\n<meta property=\"og:locale\" content=\"cs_CZ\" \/>\n<meta property=\"og:type\" content=\"article\" \/>\n<meta property=\"og:title\" content=\"Znovuzroden\u00fd Doucour\u00e9 - Official Czech &amp; Slovak Everton Supporters&#039; Club\" \/>\n<meta property=\"og:description\" content=\"Kto by tipoval, \u017ee po siedmych ligov\u00fdch kol\u00e1ch, bude najprodukt\u00edvnej\u0161\u00edm hr\u00e1\u010dom robustn\u00fd z\u00e1lo\u017en\u00edk? V\u00a0minulej sez\u00f3ne prim\u00e1rne defenz\u00edvny, dnes hrozba pre brank\u00e1rov.\" \/>\n<meta property=\"og:url\" content=\"https:\/\/evertonfc.cz\/index.php\/2021\/10\/06\/znovuzrodeny-doucoure\/\" \/>\n<meta property=\"og:site_name\" content=\"Official Czech &amp; Slovak Everton Supporters&#039; Club\" \/>\n<meta property=\"article:publisher\" content=\"https:\/\/www.facebook.com\/everton.fans.cz.sk\" \/>\n<meta property=\"article:published_time\" content=\"2021-10-06T07:12:27+00:00\" \/>\n<meta property=\"article:modified_time\" content=\"2021-10-06T12:13:21+00:00\" \/>\n<meta property=\"og:image\" content=\"https:\/\/evertonfc.cz\/wp-content\/uploads\/2021\/10\/Benitez-and-Doucoure-6-10-2021.jpg\" \/>\n\t<meta property=\"og:image:width\" content=\"720\" \/>\n\t<meta property=\"og:image:height\" content=\"405\" \/>\n\t<meta property=\"og:image:type\" content=\"image\/jpeg\" \/>\n<meta name=\"author\" content=\"BlueBlooded\" \/>\n<meta name=\"twitter:card\" content=\"summary_large_image\" \/>\n<meta name=\"twitter:label1\" content=\"Napsal(a)\" \/>\n\t<meta name=\"twitter:data1\" content=\"BlueBlooded\" \/>\n\t<meta name=\"twitter:label2\" content=\"Odhadovan\u00e1 doba \u010dten\u00ed\" \/>\n\t<meta name=\"twitter:data2\" content=\"4 minuty\" \/>\n<script type=\"application\/ld+json\" class=\"yoast-schema-graph\">{\"@context\":\"https:\/\/schema.org\",\"@graph\":[{\"@type\":\"Article\",\"@id\":\"https:\/\/evertonfc.cz\/index.php\/2021\/10\/06\/znovuzrodeny-doucoure\/#article\",\"isPartOf\":{\"@id\":\"https:\/\/evertonfc.cz\/index.php\/2021\/10\/06\/znovuzrodeny-doucoure\/\"},\"author\":{\"name\":\"BlueBlooded\",\"@id\":\"https:\/\/evertonfc.cz\/#\/schema\/person\/d4493b8cbea51532597fbc4685698916\"},\"headline\":\"Znovuzroden\u00fd Doucour\u00e9\",\"datePublished\":\"2021-10-06T07:12:27+00:00\",\"dateModified\":\"2021-10-06T12:13:21+00:00\",\"mainEntityOfPage\":{\"@id\":\"https:\/\/evertonfc.cz\/index.php\/2021\/10\/06\/znovuzrodeny-doucoure\/\"},\"wordCount\":1027,\"commentCount\":6,\"publisher\":{\"@id\":\"https:\/\/evertonfc.cz\/#organization\"},\"image\":{\"@id\":\"https:\/\/evertonfc.cz\/index.php\/2021\/10\/06\/znovuzrodeny-doucoure\/#primaryimage\"},\"thumbnailUrl\":\"https:\/\/evertonfc.cz\/wp-content\/uploads\/2021\/10\/Benitez-and-Doucoure-6-10-2021.jpg\",\"articleSection\":[\"Blog\"],\"inLanguage\":\"cs\",\"potentialAction\":[{\"@type\":\"CommentAction\",\"name\":\"Comment\",\"target\":[\"https:\/\/evertonfc.cz\/index.php\/2021\/10\/06\/znovuzrodeny-doucoure\/#respond\"]}]},{\"@type\":\"WebPage\",\"@id\":\"https:\/\/evertonfc.cz\/index.php\/2021\/10\/06\/znovuzrodeny-doucoure\/\",\"url\":\"https:\/\/evertonfc.cz\/index.php\/2021\/10\/06\/znovuzrodeny-doucoure\/\",\"name\":\"Znovuzroden\u00fd Doucour\u00e9 - Official Czech &amp; Slovak Everton Supporters&#039; Club\",\"isPartOf\":{\"@id\":\"https:\/\/evertonfc.cz\/#website\"},\"primaryImageOfPage\":{\"@id\":\"https:\/\/evertonfc.cz\/index.php\/2021\/10\/06\/znovuzrodeny-doucoure\/#primaryimage\"},\"image\":{\"@id\":\"https:\/\/evertonfc.cz\/index.php\/2021\/10\/06\/znovuzrodeny-doucoure\/#primaryimage\"},\"thumbnailUrl\":\"https:\/\/evertonfc.cz\/wp-content\/uploads\/2021\/10\/Benitez-and-Doucoure-6-10-2021.jpg\",\"datePublished\":\"2021-10-06T07:12:27+00:00\",\"dateModified\":\"2021-10-06T12:13:21+00:00\",\"breadcrumb\":{\"@id\":\"https:\/\/evertonfc.cz\/index.php\/2021\/10\/06\/znovuzrodeny-doucoure\/#breadcrumb\"},\"inLanguage\":\"cs\",\"potentialAction\":[{\"@type\":\"ReadAction\",\"target\":[\"https:\/\/evertonfc.cz\/index.php\/2021\/10\/06\/znovuzrodeny-doucoure\/\"]}]},{\"@type\":\"ImageObject\",\"inLanguage\":\"cs\",\"@id\":\"https:\/\/evertonfc.cz\/index.php\/2021\/10\/06\/znovuzrodeny-doucoure\/#primaryimage\",\"url\":\"https:\/\/evertonfc.cz\/wp-content\/uploads\/2021\/10\/Benitez-and-Doucoure-6-10-2021.jpg\",\"contentUrl\":\"https:\/\/evertonfc.cz\/wp-content\/uploads\/2021\/10\/Benitez-and-Doucoure-6-10-2021.jpg\",\"width\":720,\"height\":405},{\"@type\":\"BreadcrumbList\",\"@id\":\"https:\/\/evertonfc.cz\/index.php\/2021\/10\/06\/znovuzrodeny-doucoure\/#breadcrumb\",\"itemListElement\":[{\"@type\":\"ListItem\",\"position\":1,\"name\":\"Home\",\"item\":\"https:\/\/evertonfc.cz\/\"},{\"@type\":\"ListItem\",\"position\":2,\"name\":\"Znovuzroden\u00fd Doucour\u00e9\"}]},{\"@type\":\"WebSite\",\"@id\":\"https:\/\/evertonfc.cz\/#website\",\"url\":\"https:\/\/evertonfc.cz\/\",\"name\":\"Official Czech &amp; Slovak Everton Supporters&#039; Club\",\"description\":\"\",\"publisher\":{\"@id\":\"https:\/\/evertonfc.cz\/#organization\"},\"potentialAction\":[{\"@type\":\"SearchAction\",\"target\":{\"@type\":\"EntryPoint\",\"urlTemplate\":\"https:\/\/evertonfc.cz\/?s={search_term_string}\"},\"query-input\":{\"@type\":\"PropertyValueSpecification\",\"valueRequired\":true,\"valueName\":\"search_term_string\"}}],\"inLanguage\":\"cs\"},{\"@type\":\"Organization\",\"@id\":\"https:\/\/evertonfc.cz\/#organization\",\"name\":\"Official Czech & Slovak Everton Supporters' Club\",\"url\":\"https:\/\/evertonfc.cz\/\",\"logo\":{\"@type\":\"ImageObject\",\"inLanguage\":\"cs\",\"@id\":\"https:\/\/evertonfc.cz\/#\/schema\/logo\/image\/\",\"url\":\"https:\/\/evertonfc.cz\/wp-content\/uploads\/2019\/05\/logo.png\",\"contentUrl\":\"https:\/\/evertonfc.cz\/wp-content\/uploads\/2019\/05\/logo.png\",\"width\":112,\"height\":112,\"caption\":\"Official Czech & Slovak Everton Supporters' Club\"},\"image\":{\"@id\":\"https:\/\/evertonfc.cz\/#\/schema\/logo\/image\/\"},\"sameAs\":[\"https:\/\/www.facebook.com\/everton.fans.cz.sk\"]},{\"@type\":\"Person\",\"@id\":\"https:\/\/evertonfc.cz\/#\/schema\/person\/d4493b8cbea51532597fbc4685698916\",\"name\":\"BlueBlooded\",\"url\":\"https:\/\/evertonfc.cz\/index.php\/author\/admin\/\"}]}<\/script>\n<!-- \/ Yoast SEO plugin. -->","yoast_head_json":{"title":"Znovuzroden\u00fd Doucour\u00e9 - Official Czech &amp; Slovak Everton Supporters&#039; Club","robots":{"index":"index","follow":"follow","max-snippet":"max-snippet:-1","max-image-preview":"max-image-preview:large","max-video-preview":"max-video-preview:-1"},"canonical":"https:\/\/evertonfc.cz\/index.php\/2021\/10\/06\/znovuzrodeny-doucoure\/","og_locale":"cs_CZ","og_type":"article","og_title":"Znovuzroden\u00fd Doucour\u00e9 - Official Czech &amp; Slovak Everton Supporters&#039; Club","og_description":"Kto by tipoval, \u017ee po siedmych ligov\u00fdch kol\u00e1ch, bude najprodukt\u00edvnej\u0161\u00edm hr\u00e1\u010dom robustn\u00fd z\u00e1lo\u017en\u00edk? V\u00a0minulej sez\u00f3ne prim\u00e1rne defenz\u00edvny, dnes hrozba pre brank\u00e1rov.","og_url":"https:\/\/evertonfc.cz\/index.php\/2021\/10\/06\/znovuzrodeny-doucoure\/","og_site_name":"Official Czech &amp; Slovak Everton Supporters&#039; Club","article_publisher":"https:\/\/www.facebook.com\/everton.fans.cz.sk","article_published_time":"2021-10-06T07:12:27+00:00","article_modified_time":"2021-10-06T12:13:21+00:00","og_image":[{"width":720,"height":405,"url":"https:\/\/evertonfc.cz\/wp-content\/uploads\/2021\/10\/Benitez-and-Doucoure-6-10-2021.jpg","type":"image\/jpeg"}],"author":"BlueBlooded","twitter_card":"summary_large_image","twitter_misc":{"Napsal(a)":"BlueBlooded","Odhadovan\u00e1 doba \u010dten\u00ed":"4 minuty"},"schema":{"@context":"https:\/\/schema.org","@graph":[{"@type":"Article","@id":"https:\/\/evertonfc.cz\/index.php\/2021\/10\/06\/znovuzrodeny-doucoure\/#article","isPartOf":{"@id":"https:\/\/evertonfc.cz\/index.php\/2021\/10\/06\/znovuzrodeny-doucoure\/"},"author":{"name":"BlueBlooded","@id":"https:\/\/evertonfc.cz\/#\/schema\/person\/d4493b8cbea51532597fbc4685698916"},"headline":"Znovuzroden\u00fd Doucour\u00e9","datePublished":"2021-10-06T07:12:27+00:00","dateModified":"2021-10-06T12:13:21+00:00","mainEntityOfPage":{"@id":"https:\/\/evertonfc.cz\/index.php\/2021\/10\/06\/znovuzrodeny-doucoure\/"},"wordCount":1027,"commentCount":6,"publisher":{"@id":"https:\/\/evertonfc.cz\/#organization"},"image":{"@id":"https:\/\/evertonfc.cz\/index.php\/2021\/10\/06\/znovuzrodeny-doucoure\/#primaryimage"},"thumbnailUrl":"https:\/\/evertonfc.cz\/wp-content\/uploads\/2021\/10\/Benitez-and-Doucoure-6-10-2021.jpg","articleSection":["Blog"],"inLanguage":"cs","potentialAction":[{"@type":"CommentAction","name":"Comment","target":["https:\/\/evertonfc.cz\/index.php\/2021\/10\/06\/znovuzrodeny-doucoure\/#respond"]}]},{"@type":"WebPage","@id":"https:\/\/evertonfc.cz\/index.php\/2021\/10\/06\/znovuzrodeny-doucoure\/","url":"https:\/\/evertonfc.cz\/index.php\/2021\/10\/06\/znovuzrodeny-doucoure\/","name":"Znovuzroden\u00fd Doucour\u00e9 - Official Czech &amp; Slovak Everton Supporters&#039; Club","isPartOf":{"@id":"https:\/\/evertonfc.cz\/#website"},"primaryImageOfPage":{"@id":"https:\/\/evertonfc.cz\/index.php\/2021\/10\/06\/znovuzrodeny-doucoure\/#primaryimage"},"image":{"@id":"https:\/\/evertonfc.cz\/index.php\/2021\/10\/06\/znovuzrodeny-doucoure\/#primaryimage"},"thumbnailUrl":"https:\/\/evertonfc.cz\/wp-content\/uploads\/2021\/10\/Benitez-and-Doucoure-6-10-2021.jpg","datePublished":"2021-10-06T07:12:27+00:00","dateModified":"2021-10-06T12:13:21+00:00","breadcrumb":{"@id":"https:\/\/evertonfc.cz\/index.php\/2021\/10\/06\/znovuzrodeny-doucoure\/#breadcrumb"},"inLanguage":"cs","potentialAction":[{"@type":"ReadAction","target":["https:\/\/evertonfc.cz\/index.php\/2021\/10\/06\/znovuzrodeny-doucoure\/"]}]},{"@type":"ImageObject","inLanguage":"cs","@id":"https:\/\/evertonfc.cz\/index.php\/2021\/10\/06\/znovuzrodeny-doucoure\/#primaryimage","url":"https:\/\/evertonfc.cz\/wp-content\/uploads\/2021\/10\/Benitez-and-Doucoure-6-10-2021.jpg","contentUrl":"https:\/\/evertonfc.cz\/wp-content\/uploads\/2021\/10\/Benitez-and-Doucoure-6-10-2021.jpg","width":720,"height":405},{"@type":"BreadcrumbList","@id":"https:\/\/evertonfc.cz\/index.php\/2021\/10\/06\/znovuzrodeny-doucoure\/#breadcrumb","itemListElement":[{"@type":"ListItem","position":1,"name":"Home","item":"https:\/\/evertonfc.cz\/"},{"@type":"ListItem","position":2,"name":"Znovuzroden\u00fd Doucour\u00e9"}]},{"@type":"WebSite","@id":"https:\/\/evertonfc.cz\/#website","url":"https:\/\/evertonfc.cz\/","name":"Official Czech &amp; Slovak Everton Supporters&#039; Club","description":"","publisher":{"@id":"https:\/\/evertonfc.cz\/#organization"},"potentialAction":[{"@type":"SearchAction","target":{"@type":"EntryPoint","urlTemplate":"https:\/\/evertonfc.cz\/?s={search_term_string}"},"query-input":{"@type":"PropertyValueSpecification","valueRequired":true,"valueName":"search_term_string"}}],"inLanguage":"cs"},{"@type":"Organization","@id":"https:\/\/evertonfc.cz\/#organization","name":"Official Czech & Slovak Everton Supporters' Club","url":"https:\/\/evertonfc.cz\/","logo":{"@type":"ImageObject","inLanguage":"cs","@id":"https:\/\/evertonfc.cz\/#\/schema\/logo\/image\/","url":"https:\/\/evertonfc.cz\/wp-content\/uploads\/2019\/05\/logo.png","contentUrl":"https:\/\/evertonfc.cz\/wp-content\/uploads\/2019\/05\/logo.png","width":112,"height":112,"caption":"Official Czech & Slovak Everton Supporters' Club"},"image":{"@id":"https:\/\/evertonfc.cz\/#\/schema\/logo\/image\/"},"sameAs":["https:\/\/www.facebook.com\/everton.fans.cz.sk"]},{"@type":"Person","@id":"https:\/\/evertonfc.cz\/#\/schema\/person\/d4493b8cbea51532597fbc4685698916","name":"BlueBlooded","url":"https:\/\/evertonfc.cz\/index.php\/author\/admin\/"}]}},"_links":{"self":[{"href":"https:\/\/evertonfc.cz\/index.php\/wp-json\/wp\/v2\/posts\/16686"}],"collection":[{"href":"https:\/\/evertonfc.cz\/index.php\/wp-json\/wp\/v2\/posts"}],"about":[{"href":"https:\/\/evertonfc.cz\/index.php\/wp-json\/wp\/v2\/types\/post"}],"author":[{"embeddable":true,"href":"https:\/\/evertonfc.cz\/index.php\/wp-json\/wp\/v2\/users\/1"}],"replies":[{"embeddable":true,"href":"https:\/\/evertonfc.cz\/index.php\/wp-json\/wp\/v2\/comments?post=16686"}],"version-history":[{"count":18,"href":"https:\/\/evertonfc.cz\/index.php\/wp-json\/wp\/v2\/posts\/16686\/revisions"}],"predecessor-version":[{"id":16706,"href":"https:\/\/evertonfc.cz\/index.php\/wp-json\/wp\/v2\/posts\/16686\/revisions\/16706"}],"wp:featuredmedia":[{"embeddable":true,"href":"https:\/\/evertonfc.cz\/index.php\/wp-json\/wp\/v2\/media\/16699"}],"wp:attachment":[{"href":"https:\/\/evertonfc.cz\/index.php\/wp-json\/wp\/v2\/media?parent=16686"}],"wp:term":[{"taxonomy":"category","embeddable":true,"href":"https:\/\/evertonfc.cz\/index.php\/wp-json\/wp\/v2\/categories?post=16686"},{"taxonomy":"post_tag","embeddable":true,"href":"https:\/\/evertonfc.cz\/index.php\/wp-json\/wp\/v2\/tags?post=16686"}],"curies":[{"name":"wp","href":"https:\/\/api.w.org\/{rel}","templated":true}]}}