{"id":16763,"date":"2021-10-16T20:07:37","date_gmt":"2021-10-16T18:07:37","guid":{"rendered":"https:\/\/evertonfc.cz\/?p=16763"},"modified":"2021-10-17T12:15:43","modified_gmt":"2021-10-17T10:15:43","slug":"preview-everton-west-ham-united-10","status":"publish","type":"post","link":"https:\/\/evertonfc.cz\/index.php\/2021\/10\/16\/preview-everton-west-ham-united-10\/","title":{"rendered":"Preview: Everton \u2013 West Ham United"},"content":{"rendered":"<h4>Nede\u013en\u00e1 \u010das\u0165 \u00f4smeho kola Premier League za\u010dne v\u00fdkopom v\u00a0Goodison Parku. S\u00a0dvomi reakt\u00edvnymi t\u00edmami po reprezenta\u010dnej prest\u00e1vke neo\u010dak\u00e1vajme z\u00e1zraky.<\/h4>\n<p>Ke\u010f sa nieko\u013ekokr\u00e1t spom\u00ednal n\u00e1vrat Davida Moyesa do Liverpoolu, v\u00e4\u010d\u0161ina fan\u00fa\u0161ikov Karameliek bola skeptick\u00e1 a vn\u00edmala by to ako krok sp\u00e4\u0165. Pri tom zo z\u00e1zem\u00edm, ak\u00fdm by mohol \u0160k\u00f3t pracova\u0165 pod bohat\u00fdmi kr\u00eddlami Moshiriho, by to mohlo vyzera\u0165 zauj\u00edmavo. No po vojne je ka\u017ed\u00fd gener\u00e1l, a teraz je u\u017e navy\u0161e neskoro. Everton skon\u010dil na ve\u013ek\u00fa nev\u00f4\u013eu s Ben\u00edtezom, a ekonomick\u00e9 podmienky na\u0161eho klubu pripom\u00ednaj\u00fa sk\u00f4r dobu spred dvoch dek\u00e1d. E\u0161te\u017ee sa aspo\u0148 stavia ten nov\u00fd \u0161tadi\u00f3n rovno pred nosom Evertonians.<\/p>\n<h4><strong>Calvert-Lewin a\u00a0Richarlison st\u00e1le mimo<\/strong><\/h4>\n<p>Ak sa niekto te\u0161il, \u017ee dvojt\u00fd\u017ed\u0148ov\u00e1 pauza bude sta\u010di\u0165 na n\u00e1vrat ob\u00e1vanej dvojice \u00fato\u010dn\u00edkov, mus\u00ed by\u0165 sklaman\u00fd. Obaja u\u017e s\u00edce tr\u00e9nuj\u00fa a\u00a0s\u00fa bl\u00edzko k\u00a0z\u00edskaniu potrebnej kond\u00edcie, no duel s\u00a0Kladiv\u00e1rmi je pre nich e\u0161te priskor\u00fd. Naopak Coleman a\u00a0Digne s\u00fa fit a\u00a0pripraven\u00ed nast\u00fapi\u0165. Gomes s\u00a0l\u00fdtkom a\u00a0Delph s\u00a0ramenom ostan\u00fa na trib\u00fane. Alex Iwobi a\u00a0zaoce\u00e1nsky v\u00fdletn\u00edk Yerry Mina ost\u00e1vaj\u00fa ot\u00e1zni.<\/p>\n<h4 style=\"text-align: center;\"><span style=\"font-size: 12pt;\"><strong>Rafael Ben\u00edtez o \u0161anci pre Gordona:<\/strong><\/span><\/h4>\n<blockquote><p><span style=\"font-size: 12pt;\"><em>\u201eSp\u00f4sob ak\u00fdm tr\u00e9nuje a ako sa spr\u00e1va na tr\u00e9ningoch ho dostal do t\u00edmu. M\u00e1 z\u00e1ujem sa u\u010di\u0165 a v\u017edy je pripraven\u00fd zlep\u0161ova\u0165 str\u00e1nky svojej hry. Vedel, \u017ee mus\u00ed by\u0165 viac konzistentn\u00fd a tvrd\u0161ie pracova\u0165 bez lopty. A rob\u00ed to. Hovor\u00edme tu o mladom hr\u00e1\u010dovi, ale on m\u00e1 potenci\u00e1l sta\u0165 sa skvel\u00fdm futbalistom, ak bude takto pokra\u010dova\u0165 \u010falej. M\u00e1 v\u0161etky vlastnosti, aby bol naozaj dobr\u00fd, av\u0161ak ak o \u0148om budeme hovori\u0165 pr\u00edli\u0161 ve\u013ea, u\u0161kod\u00ed mu to. Mus\u00ed osta\u0165 skromn\u00fd a tvrdo pracova\u0165 ako doteraz. Vie o tom, preto\u017ee sme sa spolu rozpr\u00e1vali. Potreboval, aby n\u00edm niekto zatriasol a povedal: ,Po\u010fme, preber sa! M\u00e1\u0161 potenci\u00e1l, ale st\u00e1le si ni\u010d nedok\u00e1zal.\u2018 Ch\u00e1pe, \u017ee toto je jedin\u00fd sp\u00f4sob sta\u0165 sa tak\u00fdm dobr\u00fdm, ako len m\u00f4\u017ee. To, ako zvl\u00e1dne t\u00fato sez\u00f3nu, bude k\u013e\u00fa\u010dov\u00e9 pre jeho v\u00fdvoj v bud\u00facnosti. Ot\u00e1zka, \u010di je \u010dlenom prv\u00e9ho t\u00edmu je na \u0148om. Ak by som povedal \u00e1no, tak v nasleduj\u00facich t\u00fd\u017ed\u0148och nesprav\u00ed ni\u010d a my budeme zva\u017eova\u0165 jeho bud\u00facnos\u0165. Najd\u00f4le\u017eitej\u0161ie je teraz pre neho zosta\u0165 ment\u00e1lne siln\u00fd ako doteraz, ke\u010f n\u00e1m uk\u00e1zal, \u017ee m\u00f4\u017ee by\u0165 s nami, preto\u017ee m\u00e1 ten potenci\u00e1l.\u201c<\/em><\/span><\/p><\/blockquote>\n<h4><strong>M\u00f4j najlep\u0161\u00ed t\u00edm, hovor\u00ed Moyes<\/strong><\/h4>\n<p>\u017de sa nehanb\u00ed, ry\u0161avec jeden. Kto by vymenil \u00e9ru Artetu, Cahilla, Bainesa a ostatn\u00fdch, za teraj\u0161iu zostavu Kladiv\u00e1rov v drese kr\u00e1\u013eovskej modrej? Nech sa prihl\u00e1si v koment\u00e1roch, odv\u00e1\u017elivec. Vr\u00e1\u0165me sa v\u0161ak k objekt\u00edvnemu informovaniu. Moyes sa netaj\u00ed t\u00fdm, \u017ee sa mu n\u00e1ramne dar\u00ed. V priebehu jednej sez\u00f3ny transformoval lond\u00fdnsky celok zo zostupom ohrozen\u00e9ho pan\u00e1ka na re\u0161pektovan\u00fd celok, tr\u00e1piaci \u00fatoky aj obrany hociktor\u00e9ho z klubov ve\u013ekej \u0161estky. \u010ci op\u00e4\u0165 \u0161tvorky? Dokonca sa kvalifikovali aj do poh\u00e1rovej Eur\u00f3py. To, \u010do Ancelotti za podobn\u00fd \u010das s\u00a0nami nedok\u00e1zal. Dokonca aj ten futbal je ve\u013emi pozerate\u013en\u00fd a\u00a0\u010desk\u00e1 enkl\u00e1va ur\u010dite prid\u00e1va na sledovanosti aj u\u00a0na\u0161ich susedov. Asi ich nepote\u0161\u00edm, ke\u010f nap\u00ed\u0161em, \u017ee na pomoc Coufala sa pravdepodobne nebud\u00fa m\u00f4c\u0165 spolieha\u0165. Rovnako pochybn\u00e1 je aj \u00fa\u010das\u0165 Fredericksena. Viac n\u00e1m David prezradi\u0165 nechcel.<\/p>\n<h4><strong>\u0160tandardn\u00e9 situ\u00e1cie k\u013e\u00fa\u010dov\u00e9<\/strong><\/h4>\n<p>Mo\u017eno si to niekto e\u0161te nev\u0161imol, ale Everton v tejto sez\u00f3ne poriadny g\u00f3l z rohu alebo priameho kopu nedal. V lige v\u00f4bec a v ligovom poh\u00e1ri tak\u00fd u\u0161mudlan\u00fd, s dvomi n\u00e1hodn\u00fdmi odrazmi. To hrdo nepo\u010d\u00edtame. Aj preto sa zd\u00e1, \u017ee t\u00e1to str\u00e1nka hry odi\u0161la spolu s Ancelottim do Madridu, respekt\u00edve s jeho synom, \u0161pecializuj\u00facim sa na tento aspekt na Finch Farm. A o \u010do hor\u0161ie, aj br\u00e1ni\u0165 sme ich zabudli. V tomto ro\u010dn\u00edku sme takto inkasovali u\u017e po tri razy. To je nie\u010do, \u010do sa mus\u00ed zmeni\u0165. V k\u00e1dri disponujeme hne\u010f nieko\u013ek\u00fdmi nebezpe\u010dn\u00fdmi hlavi\u010dk\u00e1rmi, no absencie spom\u00ednan\u00fdch hrotov\u00fdch \u00fato\u010dn\u00edkov m\u00f4\u017eu by\u0165 moment\u00e1lne cite\u013en\u00e9 ako pri s\u00faperovej, tak pri vlastnej br\u00e1nke. Ben\u00edtez sa sna\u017e\u00ed alternova\u0165 exek\u00fatorov najm\u00e4 pri rohov\u00fdch z\u00e1stavk\u00e1ch. Obe\u0165ou sa stal o\u010dividne Digne. Toho nahradili Gray s Townsendom, sna\u017eiac sa o v\u00e4\u010d\u0161iu presnos\u0165. Av\u0161ak proti West Hamu sk\u00f4r bud\u00fa d\u00f4le\u017eit\u00e9 rohy pred Pickfordom, v ktor\u00fdch Moyesova dru\u017eina exceluje a sp\u00f4sobuje s\u00faperom chaos. Preto pozor na Zoumu, najlep\u0161ie sk\u00f3ruj\u00faceho obrancu minulej sez\u00f3ny! Cenovka? \u201eLen\u201c 30 mili\u00f3nov.<\/p>\n<h3 style=\"text-align: center;\"><em><span style=\"color: #3366ff;\"><strong>Up The Toffees !!!<\/strong><\/span><\/em><\/h3>\n<p><strong>\u010co:<\/strong> Everton FC \u2013 West Ham United FC, 8. kolo Premier League<br \/>\n<strong>Kedy:<\/strong> 17.10. 2021 od 15:00 SE\u010c<br \/>\n<strong>Ako:<\/strong> PREMIER Sport \u2013 priamy prenos<br \/>\n<strong>Kde:<\/strong> Goodison Park \u2013 Goodison Rd, Liverpool L4 4EL (kapacita: 39 572)<br \/>\n<strong>Rozhodca:<\/strong> Stuart Attwell \u00a0<strong>Asistenti:<\/strong> H. Lennard, S. Leng \u00a0<strong>\u0160tvrt\u00fd rozhodca:<\/strong> M. Atkinson<br \/>\n<strong>VAR: <\/strong>Paul Tierney \u00a0<strong>Asistent VAR: <\/strong>Adam Nunn<\/p>\n","protected":false},"excerpt":{"rendered":"<p>Nede\u013en\u00e1 \u010das\u0165 \u00f4smeho kola Premier League za\u010dne v\u00fdkopom v\u00a0Goodison Parku. S\u00a0dvomi reakt\u00edvnymi t\u00edmami po reprezenta\u010dnej prest\u00e1vke neo\u010dak\u00e1vajme z\u00e1zraky.<\/p>\n","protected":false},"author":1,"featured_media":13403,"comment_status":"open","ping_status":"closed","sticky":false,"template":"","format":"standard","meta":{"_eb_attr":"","_monsterinsights_skip_tracking":false,"_monsterinsights_sitenote_active":false,"_monsterinsights_sitenote_note":"","_monsterinsights_sitenote_category":0,"footnotes":""},"categories":[4],"tags":[],"yoast_head":"<!-- This site is optimized with the Yoast SEO plugin v23.4 - https:\/\/yoast.com\/wordpress\/plugins\/seo\/ -->\n<title>Preview: Everton \u2013 West Ham United - Official Czech &amp; Slovak Everton Supporters&#039; Club<\/title>\n<meta name=\"robots\" content=\"index, follow, max-snippet:-1, max-image-preview:large, max-video-preview:-1\" \/>\n<link rel=\"canonical\" href=\"https:\/\/evertonfc.cz\/index.php\/2021\/10\/16\/preview-everton-west-ham-united-10\/\" \/>\n<meta property=\"og:locale\" content=\"cs_CZ\" \/>\n<meta property=\"og:type\" content=\"article\" \/>\n<meta property=\"og:title\" content=\"Preview: Everton \u2013 West Ham United - Official Czech &amp; Slovak Everton Supporters&#039; Club\" \/>\n<meta property=\"og:description\" content=\"Nede\u013en\u00e1 \u010das\u0165 \u00f4smeho kola Premier League za\u010dne v\u00fdkopom v\u00a0Goodison Parku. S\u00a0dvomi reakt\u00edvnymi t\u00edmami po reprezenta\u010dnej prest\u00e1vke neo\u010dak\u00e1vajme z\u00e1zraky.\" \/>\n<meta property=\"og:url\" content=\"https:\/\/evertonfc.cz\/index.php\/2021\/10\/16\/preview-everton-west-ham-united-10\/\" \/>\n<meta property=\"og:site_name\" content=\"Official Czech &amp; Slovak Everton Supporters&#039; Club\" \/>\n<meta property=\"article:publisher\" content=\"https:\/\/www.facebook.com\/everton.fans.cz.sk\" \/>\n<meta property=\"article:published_time\" content=\"2021-10-16T18:07:37+00:00\" \/>\n<meta property=\"article:modified_time\" content=\"2021-10-17T10:15:43+00:00\" \/>\n<meta property=\"og:image\" content=\"https:\/\/evertonfc.cz\/wp-content\/uploads\/2021\/01\/Everton-VS-West-Ham.jpg\" \/>\n\t<meta property=\"og:image:width\" content=\"720\" \/>\n\t<meta property=\"og:image:height\" content=\"405\" \/>\n\t<meta property=\"og:image:type\" content=\"image\/jpeg\" \/>\n<meta name=\"author\" content=\"BlueBlooded\" \/>\n<meta name=\"twitter:card\" content=\"summary_large_image\" \/>\n<meta name=\"twitter:label1\" content=\"Napsal(a)\" \/>\n\t<meta name=\"twitter:data1\" content=\"BlueBlooded\" \/>\n\t<meta name=\"twitter:label2\" content=\"Odhadovan\u00e1 doba \u010dten\u00ed\" \/>\n\t<meta name=\"twitter:data2\" content=\"5 minut\" \/>\n<script type=\"application\/ld+json\" class=\"yoast-schema-graph\">{\"@context\":\"https:\/\/schema.org\",\"@graph\":[{\"@type\":\"Article\",\"@id\":\"https:\/\/evertonfc.cz\/index.php\/2021\/10\/16\/preview-everton-west-ham-united-10\/#article\",\"isPartOf\":{\"@id\":\"https:\/\/evertonfc.cz\/index.php\/2021\/10\/16\/preview-everton-west-ham-united-10\/\"},\"author\":{\"name\":\"BlueBlooded\",\"@id\":\"https:\/\/evertonfc.cz\/#\/schema\/person\/d4493b8cbea51532597fbc4685698916\"},\"headline\":\"Preview: Everton \u2013 West Ham United\",\"datePublished\":\"2021-10-16T18:07:37+00:00\",\"dateModified\":\"2021-10-17T10:15:43+00:00\",\"mainEntityOfPage\":{\"@id\":\"https:\/\/evertonfc.cz\/index.php\/2021\/10\/16\/preview-everton-west-ham-united-10\/\"},\"wordCount\":930,\"commentCount\":6,\"publisher\":{\"@id\":\"https:\/\/evertonfc.cz\/#organization\"},\"image\":{\"@id\":\"https:\/\/evertonfc.cz\/index.php\/2021\/10\/16\/preview-everton-west-ham-united-10\/#primaryimage\"},\"thumbnailUrl\":\"https:\/\/evertonfc.cz\/wp-content\/uploads\/2021\/01\/Everton-VS-West-Ham.jpg\",\"articleSection\":[\"Z\u00e1pasy\"],\"inLanguage\":\"cs\",\"potentialAction\":[{\"@type\":\"CommentAction\",\"name\":\"Comment\",\"target\":[\"https:\/\/evertonfc.cz\/index.php\/2021\/10\/16\/preview-everton-west-ham-united-10\/#respond\"]}]},{\"@type\":\"WebPage\",\"@id\":\"https:\/\/evertonfc.cz\/index.php\/2021\/10\/16\/preview-everton-west-ham-united-10\/\",\"url\":\"https:\/\/evertonfc.cz\/index.php\/2021\/10\/16\/preview-everton-west-ham-united-10\/\",\"name\":\"Preview: Everton \u2013 West Ham United - Official Czech &amp; Slovak Everton Supporters&#039; Club\",\"isPartOf\":{\"@id\":\"https:\/\/evertonfc.cz\/#website\"},\"primaryImageOfPage\":{\"@id\":\"https:\/\/evertonfc.cz\/index.php\/2021\/10\/16\/preview-everton-west-ham-united-10\/#primaryimage\"},\"image\":{\"@id\":\"https:\/\/evertonfc.cz\/index.php\/2021\/10\/16\/preview-everton-west-ham-united-10\/#primaryimage\"},\"thumbnailUrl\":\"https:\/\/evertonfc.cz\/wp-content\/uploads\/2021\/01\/Everton-VS-West-Ham.jpg\",\"datePublished\":\"2021-10-16T18:07:37+00:00\",\"dateModified\":\"2021-10-17T10:15:43+00:00\",\"breadcrumb\":{\"@id\":\"https:\/\/evertonfc.cz\/index.php\/2021\/10\/16\/preview-everton-west-ham-united-10\/#breadcrumb\"},\"inLanguage\":\"cs\",\"potentialAction\":[{\"@type\":\"ReadAction\",\"target\":[\"https:\/\/evertonfc.cz\/index.php\/2021\/10\/16\/preview-everton-west-ham-united-10\/\"]}]},{\"@type\":\"ImageObject\",\"inLanguage\":\"cs\",\"@id\":\"https:\/\/evertonfc.cz\/index.php\/2021\/10\/16\/preview-everton-west-ham-united-10\/#primaryimage\",\"url\":\"https:\/\/evertonfc.cz\/wp-content\/uploads\/2021\/01\/Everton-VS-West-Ham.jpg\",\"contentUrl\":\"https:\/\/evertonfc.cz\/wp-content\/uploads\/2021\/01\/Everton-VS-West-Ham.jpg\",\"width\":720,\"height\":405},{\"@type\":\"BreadcrumbList\",\"@id\":\"https:\/\/evertonfc.cz\/index.php\/2021\/10\/16\/preview-everton-west-ham-united-10\/#breadcrumb\",\"itemListElement\":[{\"@type\":\"ListItem\",\"position\":1,\"name\":\"Home\",\"item\":\"https:\/\/evertonfc.cz\/\"},{\"@type\":\"ListItem\",\"position\":2,\"name\":\"Preview: Everton \u2013 West Ham United\"}]},{\"@type\":\"WebSite\",\"@id\":\"https:\/\/evertonfc.cz\/#website\",\"url\":\"https:\/\/evertonfc.cz\/\",\"name\":\"Official Czech &amp; Slovak Everton Supporters&#039; Club\",\"description\":\"\",\"publisher\":{\"@id\":\"https:\/\/evertonfc.cz\/#organization\"},\"potentialAction\":[{\"@type\":\"SearchAction\",\"target\":{\"@type\":\"EntryPoint\",\"urlTemplate\":\"https:\/\/evertonfc.cz\/?s={search_term_string}\"},\"query-input\":{\"@type\":\"PropertyValueSpecification\",\"valueRequired\":true,\"valueName\":\"search_term_string\"}}],\"inLanguage\":\"cs\"},{\"@type\":\"Organization\",\"@id\":\"https:\/\/evertonfc.cz\/#organization\",\"name\":\"Official Czech & Slovak Everton Supporters' Club\",\"url\":\"https:\/\/evertonfc.cz\/\",\"logo\":{\"@type\":\"ImageObject\",\"inLanguage\":\"cs\",\"@id\":\"https:\/\/evertonfc.cz\/#\/schema\/logo\/image\/\",\"url\":\"https:\/\/evertonfc.cz\/wp-content\/uploads\/2019\/05\/logo.png\",\"contentUrl\":\"https:\/\/evertonfc.cz\/wp-content\/uploads\/2019\/05\/logo.png\",\"width\":112,\"height\":112,\"caption\":\"Official Czech & Slovak Everton Supporters' Club\"},\"image\":{\"@id\":\"https:\/\/evertonfc.cz\/#\/schema\/logo\/image\/\"},\"sameAs\":[\"https:\/\/www.facebook.com\/everton.fans.cz.sk\"]},{\"@type\":\"Person\",\"@id\":\"https:\/\/evertonfc.cz\/#\/schema\/person\/d4493b8cbea51532597fbc4685698916\",\"name\":\"BlueBlooded\",\"url\":\"https:\/\/evertonfc.cz\/index.php\/author\/admin\/\"}]}<\/script>\n<!-- \/ Yoast SEO plugin. -->","yoast_head_json":{"title":"Preview: Everton \u2013 West Ham United - Official Czech &amp; Slovak Everton Supporters&#039; Club","robots":{"index":"index","follow":"follow","max-snippet":"max-snippet:-1","max-image-preview":"max-image-preview:large","max-video-preview":"max-video-preview:-1"},"canonical":"https:\/\/evertonfc.cz\/index.php\/2021\/10\/16\/preview-everton-west-ham-united-10\/","og_locale":"cs_CZ","og_type":"article","og_title":"Preview: Everton \u2013 West Ham United - Official Czech &amp; Slovak Everton Supporters&#039; Club","og_description":"Nede\u013en\u00e1 \u010das\u0165 \u00f4smeho kola Premier League za\u010dne v\u00fdkopom v\u00a0Goodison Parku. S\u00a0dvomi reakt\u00edvnymi t\u00edmami po reprezenta\u010dnej prest\u00e1vke neo\u010dak\u00e1vajme z\u00e1zraky.","og_url":"https:\/\/evertonfc.cz\/index.php\/2021\/10\/16\/preview-everton-west-ham-united-10\/","og_site_name":"Official Czech &amp; Slovak Everton Supporters&#039; Club","article_publisher":"https:\/\/www.facebook.com\/everton.fans.cz.sk","article_published_time":"2021-10-16T18:07:37+00:00","article_modified_time":"2021-10-17T10:15:43+00:00","og_image":[{"width":720,"height":405,"url":"https:\/\/evertonfc.cz\/wp-content\/uploads\/2021\/01\/Everton-VS-West-Ham.jpg","type":"image\/jpeg"}],"author":"BlueBlooded","twitter_card":"summary_large_image","twitter_misc":{"Napsal(a)":"BlueBlooded","Odhadovan\u00e1 doba \u010dten\u00ed":"5 minut"},"schema":{"@context":"https:\/\/schema.org","@graph":[{"@type":"Article","@id":"https:\/\/evertonfc.cz\/index.php\/2021\/10\/16\/preview-everton-west-ham-united-10\/#article","isPartOf":{"@id":"https:\/\/evertonfc.cz\/index.php\/2021\/10\/16\/preview-everton-west-ham-united-10\/"},"author":{"name":"BlueBlooded","@id":"https:\/\/evertonfc.cz\/#\/schema\/person\/d4493b8cbea51532597fbc4685698916"},"headline":"Preview: Everton \u2013 West Ham United","datePublished":"2021-10-16T18:07:37+00:00","dateModified":"2021-10-17T10:15:43+00:00","mainEntityOfPage":{"@id":"https:\/\/evertonfc.cz\/index.php\/2021\/10\/16\/preview-everton-west-ham-united-10\/"},"wordCount":930,"commentCount":6,"publisher":{"@id":"https:\/\/evertonfc.cz\/#organization"},"image":{"@id":"https:\/\/evertonfc.cz\/index.php\/2021\/10\/16\/preview-everton-west-ham-united-10\/#primaryimage"},"thumbnailUrl":"https:\/\/evertonfc.cz\/wp-content\/uploads\/2021\/01\/Everton-VS-West-Ham.jpg","articleSection":["Z\u00e1pasy"],"inLanguage":"cs","potentialAction":[{"@type":"CommentAction","name":"Comment","target":["https:\/\/evertonfc.cz\/index.php\/2021\/10\/16\/preview-everton-west-ham-united-10\/#respond"]}]},{"@type":"WebPage","@id":"https:\/\/evertonfc.cz\/index.php\/2021\/10\/16\/preview-everton-west-ham-united-10\/","url":"https:\/\/evertonfc.cz\/index.php\/2021\/10\/16\/preview-everton-west-ham-united-10\/","name":"Preview: Everton \u2013 West Ham United - Official Czech &amp; Slovak Everton Supporters&#039; Club","isPartOf":{"@id":"https:\/\/evertonfc.cz\/#website"},"primaryImageOfPage":{"@id":"https:\/\/evertonfc.cz\/index.php\/2021\/10\/16\/preview-everton-west-ham-united-10\/#primaryimage"},"image":{"@id":"https:\/\/evertonfc.cz\/index.php\/2021\/10\/16\/preview-everton-west-ham-united-10\/#primaryimage"},"thumbnailUrl":"https:\/\/evertonfc.cz\/wp-content\/uploads\/2021\/01\/Everton-VS-West-Ham.jpg","datePublished":"2021-10-16T18:07:37+00:00","dateModified":"2021-10-17T10:15:43+00:00","breadcrumb":{"@id":"https:\/\/evertonfc.cz\/index.php\/2021\/10\/16\/preview-everton-west-ham-united-10\/#breadcrumb"},"inLanguage":"cs","potentialAction":[{"@type":"ReadAction","target":["https:\/\/evertonfc.cz\/index.php\/2021\/10\/16\/preview-everton-west-ham-united-10\/"]}]},{"@type":"ImageObject","inLanguage":"cs","@id":"https:\/\/evertonfc.cz\/index.php\/2021\/10\/16\/preview-everton-west-ham-united-10\/#primaryimage","url":"https:\/\/evertonfc.cz\/wp-content\/uploads\/2021\/01\/Everton-VS-West-Ham.jpg","contentUrl":"https:\/\/evertonfc.cz\/wp-content\/uploads\/2021\/01\/Everton-VS-West-Ham.jpg","width":720,"height":405},{"@type":"BreadcrumbList","@id":"https:\/\/evertonfc.cz\/index.php\/2021\/10\/16\/preview-everton-west-ham-united-10\/#breadcrumb","itemListElement":[{"@type":"ListItem","position":1,"name":"Home","item":"https:\/\/evertonfc.cz\/"},{"@type":"ListItem","position":2,"name":"Preview: Everton \u2013 West Ham United"}]},{"@type":"WebSite","@id":"https:\/\/evertonfc.cz\/#website","url":"https:\/\/evertonfc.cz\/","name":"Official Czech &amp; Slovak Everton Supporters&#039; Club","description":"","publisher":{"@id":"https:\/\/evertonfc.cz\/#organization"},"potentialAction":[{"@type":"SearchAction","target":{"@type":"EntryPoint","urlTemplate":"https:\/\/evertonfc.cz\/?s={search_term_string}"},"query-input":{"@type":"PropertyValueSpecification","valueRequired":true,"valueName":"search_term_string"}}],"inLanguage":"cs"},{"@type":"Organization","@id":"https:\/\/evertonfc.cz\/#organization","name":"Official Czech & Slovak Everton Supporters' Club","url":"https:\/\/evertonfc.cz\/","logo":{"@type":"ImageObject","inLanguage":"cs","@id":"https:\/\/evertonfc.cz\/#\/schema\/logo\/image\/","url":"https:\/\/evertonfc.cz\/wp-content\/uploads\/2019\/05\/logo.png","contentUrl":"https:\/\/evertonfc.cz\/wp-content\/uploads\/2019\/05\/logo.png","width":112,"height":112,"caption":"Official Czech & Slovak Everton Supporters' Club"},"image":{"@id":"https:\/\/evertonfc.cz\/#\/schema\/logo\/image\/"},"sameAs":["https:\/\/www.facebook.com\/everton.fans.cz.sk"]},{"@type":"Person","@id":"https:\/\/evertonfc.cz\/#\/schema\/person\/d4493b8cbea51532597fbc4685698916","name":"BlueBlooded","url":"https:\/\/evertonfc.cz\/index.php\/author\/admin\/"}]}},"_links":{"self":[{"href":"https:\/\/evertonfc.cz\/index.php\/wp-json\/wp\/v2\/posts\/16763"}],"collection":[{"href":"https:\/\/evertonfc.cz\/index.php\/wp-json\/wp\/v2\/posts"}],"about":[{"href":"https:\/\/evertonfc.cz\/index.php\/wp-json\/wp\/v2\/types\/post"}],"author":[{"embeddable":true,"href":"https:\/\/evertonfc.cz\/index.php\/wp-json\/wp\/v2\/users\/1"}],"replies":[{"embeddable":true,"href":"https:\/\/evertonfc.cz\/index.php\/wp-json\/wp\/v2\/comments?post=16763"}],"version-history":[{"count":14,"href":"https:\/\/evertonfc.cz\/index.php\/wp-json\/wp\/v2\/posts\/16763\/revisions"}],"predecessor-version":[{"id":16777,"href":"https:\/\/evertonfc.cz\/index.php\/wp-json\/wp\/v2\/posts\/16763\/revisions\/16777"}],"wp:featuredmedia":[{"embeddable":true,"href":"https:\/\/evertonfc.cz\/index.php\/wp-json\/wp\/v2\/media\/13403"}],"wp:attachment":[{"href":"https:\/\/evertonfc.cz\/index.php\/wp-json\/wp\/v2\/media?parent=16763"}],"wp:term":[{"taxonomy":"category","embeddable":true,"href":"https:\/\/evertonfc.cz\/index.php\/wp-json\/wp\/v2\/categories?post=16763"},{"taxonomy":"post_tag","embeddable":true,"href":"https:\/\/evertonfc.cz\/index.php\/wp-json\/wp\/v2\/tags?post=16763"}],"curies":[{"name":"wp","href":"https:\/\/api.w.org\/{rel}","templated":true}]}}