{"id":168,"date":"2018-11-28T21:39:33","date_gmt":"2018-11-28T20:39:33","guid":{"rendered":"http:\/\/evertonfc.cz\/?p=168"},"modified":"2019-01-22T21:03:17","modified_gmt":"2019-01-22T20:03:17","slug":"rozhovor-s-predsedou-norskeho-fanklubu","status":"publish","type":"post","link":"https:\/\/evertonfc.cz\/index.php\/2018\/11\/28\/rozhovor-s-predsedou-norskeho-fanklubu\/","title":{"rendered":"Rozhovor s p\u0159edsedou norsk\u00e9ho fanklubu"},"content":{"rendered":"<h4 id=\"NewsPostDetailSummary\">Helge\u00a0Grunnev\u00e5g je dlouholet\u00fdm p\u0159edsedou ofici\u00e1ln\u00edho norsk\u00e9ho fanklubu Evertonu, jeho\u017e velikost tuzemsk\u00e9ho fanou\u0161ka nejsp\u00ed\u0161e zasko\u010d\u00ed, a rovn\u011b\u017e velmi milou osobou. Na\u0161i konverzaci zakon\u010dil kr\u00e1tkou, ale v\u00fdmluvnou nab\u00eddkou: <em>&#8222;Kdybys pot\u0159eboval l\u00edstky na z\u00e1pas nebo cokoliv jin\u00e9ho, nev\u00e1hej se mi ozvat. Evertonians si p\u0159ece maj\u00ed navz\u00e1jem pom\u00e1hat.&#8220;<\/em><\/h4>\n<div id=\"NewsPostDetailContent\">\n<p><strong><a href=\"https:\/\/twitter.com\/helgegrunnevag\" target=\"_blank\" rel=\"noopener\">Helge<\/a>, prozra\u010f n\u00e1m, pros\u00edm, na \u00favod rozhovoru, jak ses stal fanou\u0161kem Evertonu.<\/strong><\/p>\n<p>To je dlouh\u00fd p\u0159\u00edb\u011bh, pokus\u00edm se ho zkr\u00e1tit. M\u016fj str\u00fdc v 80. letech hodn\u011b pracovn\u011b cestoval do Liverpoolu, obchodoval tam s ocel\u00ed. Jednou z\u00edskal velk\u00fd kontrakt a je\u0161t\u011b v ten sam\u00fd ve\u010der slavil se v\u0161emi z\u00fa\u010dastn\u011bn\u00fdmi v jedn\u00e9 z tam\u011bj\u0161\u00ed restauraci, v n\u00ed\u017e dostal dres Evertonu s \u010d\u00edslem 8 a jmenovkou LINEKER na z\u00e1dech. Dres byl mal\u00fd a j\u00e1 jsem byl jedin\u00fd z rodiny, kter\u00fd se do n\u011bho ve\u0161el. A tak v\u0161e za\u010dalo.<\/p>\n<p><strong>P\u0159edstav n\u00e1m je\u0161t\u011b v\u00e1\u0161 fanklub.<\/strong><\/p>\n<p>Fanklub jsme zalo\u017eili v roce 1986 a nyn\u00ed \u010d\u00edt\u00e1 850 \u010dlen\u016f z cel\u00e9ho Norska. Pravideln\u011b se sch\u00e1z\u00edme ve v\u011bt\u0161\u00edch m\u011bstech a spole\u010dn\u011b sledujeme utk\u00e1n\u00ed Evertonu. Soci\u00e1ln\u00ed s\u00edt\u011b n\u00e1m zna\u010dn\u011b umo\u017e\u0148uj\u00ed komunikaci, \u010deho\u017e se sna\u017e\u00edme vyu\u017e\u00edvat.<\/p>\n<p><strong>Jste jako ofici\u00e1ln\u00ed fanklub v trval\u00e9m kontaktu s Evertonem?<\/strong><\/p>\n<p>Ano, osobn\u011b komunikuji s klubem ka\u017ed\u00fd t\u00fdden. Od klubu kupujeme l\u00edstky, ale stejn\u011b naopak i my se anga\u017eujeme, kdykoliv jsme po\u017e\u00e1d\u00e1ni. To zahrnuje mnoho v\u011bc\u00ed, zm\u00edn\u00edm psan\u00ed p\u0159\u00edsp\u011bvk\u016f do z\u00e1pasov\u00e9ho bulletinu nebo pos\u00edl\u00e1n\u00ed fotek na\u0161eho fanklubu, kter\u00e9 pozd\u011bji Everton publikuje na soci\u00e1ln\u00edch s\u00edt\u00edch.<\/p>\n<p>Speci\u00e1ln\u011b s klubem domlouv\u00e1m n\u00e1\u0161 ka\u017edoro\u010dn\u00ed v\u00fdjezd fanklubu na Goodison Park. Letos jsme vybrali posledn\u00ed dom\u00e1c\u00ed z\u00e1pas sez\u00f3ny s Burnley. Mus\u00edm \u0159\u00edct, \u017ee klub n\u00e1m pom\u00e1h\u00e1 s na\u0161imi \u017e\u00e1dostmi, jak jen m\u016f\u017ee.<\/p>\n<p><strong>Jak velk\u00e9 popularit\u011b se v Norsku t\u011b\u0161\u00ed anglick\u00fd fotbal?<\/strong><\/p>\n<p>Ohromn\u00e9! Premier League je u n\u00e1s podle m\u011b daleko popul\u00e1rn\u011bj\u0161\u00ed ne\u017e norsk\u00e1 liga. Uvedu p\u0159\u00edklad: Luton Town m\u00e1 vlastn\u00ed norsk\u00fd fanklub s 123 \u010dleny.<\/p>\n<p><strong>P\u0159esu\u0148me se k t\u00fdmu. Byl Silva tv\u00fdm favoritem na uvoln\u011bn\u00fd mana\u017eersk\u00fd post?<\/strong><\/p>\n<p>Nebyl, jeliko\u017e jsem ho p\u0159\u00edli\u0161 neznal. P\u0159\u00e1l jsem si Diega Simeona, ov\u0161em u\u017e od za\u010d\u00e1tku jsem tu\u0161il, \u017ee to je nere\u00e1ln\u00e9. Nakonec jsem byl spokojen, kdy\u017e Everton ozn\u00e1mil anga\u017eov\u00e1n\u00ed Silvy, a pot\u00e9, co jsem zhl\u00e9dl jeho prvn\u00ed rozhovor, jsem v\u011bd\u011bl, \u017ee jsme na\u0161li toho prav\u00e9ho.<\/p>\n<p><strong>\u010c\u00edm se Silva odli\u0161uje od Mart\u00edneze, Koemana a Allardycea, respektive pro\u010d by mohl b\u00fdt \u00fasp\u011b\u0161n\u011bj\u0161\u00ed ne\u017e zm\u00edn\u011bn\u00e9 trio?<\/strong><\/p>\n<p>V\u00a0m\u00fdch o\u010d\u00edch je Silva komplexn\u011bj\u0161\u00ed jako mana\u017eer. Mart\u00edneze jsem si obl\u00edbil, jen\u017ee jeho neochota \u0159e\u0161it defenzivn\u00ed probl\u00e9my t\u00fdmu musela vy\u00fastit ve vyhazov. \u0160lo o spr\u00e1vn\u00fd krok. Koemana jsem vlastn\u011b nikdy nem\u011bl r\u00e1d, choval se arogantn\u011b a p\u0159\u00ed\u010dilo se mi, jak zach\u00e1zel s n\u011bkter\u00fdmi hr\u00e1\u010di. Allardyce byl pohroma. P\u0159i\u0161el s jedin\u00fdm c\u00edlem, a to zachr\u00e1nit n\u00e1s v Premier League. Jeho propu\u0161t\u011bn\u00ed m\u011b pot\u011b\u0161ilo.<\/p>\n<p>V Silvovi jsme, douf\u00e1m, na\u0161li mana\u017eera na dlouh\u00e1 l\u00e9ta. Tak\u00e9 bych r\u00e1d zm\u00ednil p\u0159\u00edchod Marcela Brandse, jen\u017e se jev\u00ed jako velmi d\u016fle\u017eit\u00fd. Sta\u010d\u00ed se pod\u00edvat na letn\u00ed posily a jejich dosavadn\u00ed p\u0159\u00ednos.<\/p>\n<p><strong>Vstupujeme do nejt\u011b\u017e\u0161\u00ed \u010d\u00e1sti sez\u00f3ny a rovnou venkovn\u00edm duelem s Liverpoolem. Derby na Anfieldu n\u00e1m v posledn\u00ed letech nep\u0159in\u00e1\u0161ej\u00ed mnoho radosti. Jak bychom m\u011bli p\u0159istoupit k ned\u011bln\u00edmu utk\u00e1n\u00ed, abychom tentokr\u00e1t usp\u011bli?<\/strong><\/p>\n<p>Pokud zopakujeme v\u00fdkon s Arsenalem, mysl\u00edm, \u017ee m\u016f\u017eeme usp\u011bt. Tak mi aspo\u0148 \u0159\u00edk\u00e1 srdce, rozum ale zase napov\u00edd\u00e1 rem\u00edzu. Jedn\u00e1 se o prozat\u00edmn\u00ed nejt\u011b\u017e\u0161\u00ed zkou\u0161ku sez\u00f3ny, snad obstoj\u00edme.<\/p>\n<p><strong>B\u011bh\u00e1 po sv\u011btov\u00fdch tr\u00e1vn\u00edc\u00edch n\u011bjak\u00fd Nor, kter\u00fd je dostate\u010dn\u011b kvalitn\u00ed, aby hr\u00e1l v Evertonu? Mo\u017en\u00e1 Joshua King z Bournemouthu nebo Sander Berge z Genku?<\/strong><\/p>\n<p>Moment\u00e1ln\u011b nikoho takov\u00e9ho nevid\u00edm. Josh King je dobr\u00fdm hr\u00e1\u010dem, nicm\u00e9n\u011b si nejsem jist\u00fd, zda je lep\u0161\u00ed ne\u017e Tosun nebo Calvert-Lewin. Sander Berge p\u0159edstavuje zaj\u00edmav\u00e9ho fotbalistu, bude v\u0161ak je\u0161t\u011b pot\u0159ebovat p\u00e1r let, aby vysp\u011bl.<\/p>\n<p>Norsko se u\u017e ale m\u016f\u017ee pochlubit sv\u00fdm z\u00e1stupcem v Evertonu, 17let\u00fd Einar Iversen je kapit\u00e1nem v\u00fdb\u011bru U18. Bude vzru\u0161uj\u00edc\u00ed sledovat jeho dal\u0161\u00ed kari\u00e9rn\u00ed v\u00fdvoj.<\/p>\n<table border=\"0\">\n<tbody>\n<tr>\n<td><strong>Everton Supporters Club Norwegian Branch<\/strong><\/p>\n<p><a href=\"http:\/\/www.evertonfc.no\" target=\"_blank\" rel=\"noopener\">www.evertonfc.no<\/a><\/p>\n<p><strong>Facebook:\u00a0<a href=\"https:\/\/www.facebook.com\/Everton.Norge\/\" target=\"_blank\" rel=\"noopener\">Everton Norge<\/a><\/strong><br \/>\n<strong>Twitter:\u00a0<a href=\"https:\/\/twitter.com\/efcnor\" target=\"_blank\" rel=\"noopener\">@efcnor<\/a><\/strong><br \/>\n<strong>Instagram:\u00a0<a href=\"https:\/\/www.instagram.com\/escnb\/\" target=\"_blank\" rel=\"noopener\">@escnb<\/a><\/strong><br \/>\n<strong>Snapchat: evertonnorge<\/strong><\/td>\n<\/tr>\n<\/tbody>\n<\/table>\n<\/div>\n","protected":false},"excerpt":{"rendered":"<p>Helge\u00a0Grunnev\u00e5g je dlouholet\u00fdm p\u0159edsedou ofici\u00e1ln\u00edho norsk\u00e9ho fanklubu Evertonu, jeho\u017e velikost tuzemsk\u00e9ho fanou\u0161ka nejsp\u00ed\u0161e zasko\u010d\u00ed, a rovn\u011b\u017e velmi milou osobou. Na\u0161i&hellip;<\/p>\n","protected":false},"author":6,"featured_media":1381,"comment_status":"open","ping_status":"open","sticky":false,"template":"","format":"standard","meta":{"_eb_attr":"","_monsterinsights_skip_tracking":false,"_monsterinsights_sitenote_active":false,"_monsterinsights_sitenote_note":"","_monsterinsights_sitenote_category":0,"footnotes":""},"categories":[1],"tags":[],"yoast_head":"<!-- This site is optimized with the Yoast SEO plugin v23.4 - https:\/\/yoast.com\/wordpress\/plugins\/seo\/ -->\n<title>Rozhovor s p\u0159edsedou norsk\u00e9ho fanklubu - Official Czech &amp; Slovak Everton Supporters&#039; Club<\/title>\n<meta name=\"robots\" content=\"index, follow, max-snippet:-1, max-image-preview:large, max-video-preview:-1\" \/>\n<link rel=\"canonical\" href=\"https:\/\/evertonfc.cz\/index.php\/2018\/11\/28\/rozhovor-s-predsedou-norskeho-fanklubu\/\" \/>\n<meta property=\"og:locale\" content=\"cs_CZ\" \/>\n<meta property=\"og:type\" content=\"article\" \/>\n<meta property=\"og:title\" content=\"Rozhovor s p\u0159edsedou norsk\u00e9ho fanklubu - Official Czech &amp; Slovak Everton Supporters&#039; Club\" \/>\n<meta property=\"og:description\" content=\"Helge\u00a0Grunnev\u00e5g je dlouholet\u00fdm p\u0159edsedou ofici\u00e1ln\u00edho norsk\u00e9ho fanklubu Evertonu, jeho\u017e velikost tuzemsk\u00e9ho fanou\u0161ka nejsp\u00ed\u0161e zasko\u010d\u00ed, a rovn\u011b\u017e velmi milou osobou. Na\u0161i&hellip;\" \/>\n<meta property=\"og:url\" content=\"https:\/\/evertonfc.cz\/index.php\/2018\/11\/28\/rozhovor-s-predsedou-norskeho-fanklubu\/\" \/>\n<meta property=\"og:site_name\" content=\"Official Czech &amp; Slovak Everton Supporters&#039; Club\" \/>\n<meta property=\"article:publisher\" content=\"https:\/\/www.facebook.com\/everton.fans.cz.sk\" \/>\n<meta property=\"article:published_time\" content=\"2018-11-28T20:39:33+00:00\" \/>\n<meta property=\"article:modified_time\" content=\"2019-01-22T20:03:17+00:00\" \/>\n<meta property=\"og:image\" content=\"https:\/\/evertonfc.cz\/wp-content\/uploads\/2019\/01\/helge_28_11_2018.jpg\" \/>\n\t<meta property=\"og:image:width\" content=\"720\" \/>\n\t<meta property=\"og:image:height\" content=\"405\" \/>\n\t<meta property=\"og:image:type\" content=\"image\/jpeg\" \/>\n<meta name=\"author\" content=\"Ri\u010di\" \/>\n<meta name=\"twitter:card\" content=\"summary_large_image\" \/>\n<meta name=\"twitter:creator\" content=\"@rbrejsa\" \/>\n<meta name=\"twitter:label1\" content=\"Napsal(a)\" \/>\n\t<meta name=\"twitter:data1\" content=\"Ri\u010di\" \/>\n\t<meta name=\"twitter:label2\" content=\"Odhadovan\u00e1 doba \u010dten\u00ed\" \/>\n\t<meta name=\"twitter:data2\" content=\"4 minuty\" \/>\n<script type=\"application\/ld+json\" class=\"yoast-schema-graph\">{\"@context\":\"https:\/\/schema.org\",\"@graph\":[{\"@type\":\"Article\",\"@id\":\"https:\/\/evertonfc.cz\/index.php\/2018\/11\/28\/rozhovor-s-predsedou-norskeho-fanklubu\/#article\",\"isPartOf\":{\"@id\":\"https:\/\/evertonfc.cz\/index.php\/2018\/11\/28\/rozhovor-s-predsedou-norskeho-fanklubu\/\"},\"author\":{\"name\":\"Ri\u010di\",\"@id\":\"https:\/\/evertonfc.cz\/#\/schema\/person\/f7a5daedb2ffee98480bc70e191aaef1\"},\"headline\":\"Rozhovor s p\u0159edsedou norsk\u00e9ho fanklubu\",\"datePublished\":\"2018-11-28T20:39:33+00:00\",\"dateModified\":\"2019-01-22T20:03:17+00:00\",\"mainEntityOfPage\":{\"@id\":\"https:\/\/evertonfc.cz\/index.php\/2018\/11\/28\/rozhovor-s-predsedou-norskeho-fanklubu\/\"},\"wordCount\":841,\"commentCount\":0,\"publisher\":{\"@id\":\"https:\/\/evertonfc.cz\/#organization\"},\"image\":{\"@id\":\"https:\/\/evertonfc.cz\/index.php\/2018\/11\/28\/rozhovor-s-predsedou-norskeho-fanklubu\/#primaryimage\"},\"thumbnailUrl\":\"https:\/\/evertonfc.cz\/wp-content\/uploads\/2019\/01\/helge_28_11_2018.jpg\",\"articleSection\":[\"Rozhovory\"],\"inLanguage\":\"cs\",\"potentialAction\":[{\"@type\":\"CommentAction\",\"name\":\"Comment\",\"target\":[\"https:\/\/evertonfc.cz\/index.php\/2018\/11\/28\/rozhovor-s-predsedou-norskeho-fanklubu\/#respond\"]}]},{\"@type\":\"WebPage\",\"@id\":\"https:\/\/evertonfc.cz\/index.php\/2018\/11\/28\/rozhovor-s-predsedou-norskeho-fanklubu\/\",\"url\":\"https:\/\/evertonfc.cz\/index.php\/2018\/11\/28\/rozhovor-s-predsedou-norskeho-fanklubu\/\",\"name\":\"Rozhovor s p\u0159edsedou norsk\u00e9ho fanklubu - Official Czech &amp; Slovak Everton Supporters&#039; Club\",\"isPartOf\":{\"@id\":\"https:\/\/evertonfc.cz\/#website\"},\"primaryImageOfPage\":{\"@id\":\"https:\/\/evertonfc.cz\/index.php\/2018\/11\/28\/rozhovor-s-predsedou-norskeho-fanklubu\/#primaryimage\"},\"image\":{\"@id\":\"https:\/\/evertonfc.cz\/index.php\/2018\/11\/28\/rozhovor-s-predsedou-norskeho-fanklubu\/#primaryimage\"},\"thumbnailUrl\":\"https:\/\/evertonfc.cz\/wp-content\/uploads\/2019\/01\/helge_28_11_2018.jpg\",\"datePublished\":\"2018-11-28T20:39:33+00:00\",\"dateModified\":\"2019-01-22T20:03:17+00:00\",\"breadcrumb\":{\"@id\":\"https:\/\/evertonfc.cz\/index.php\/2018\/11\/28\/rozhovor-s-predsedou-norskeho-fanklubu\/#breadcrumb\"},\"inLanguage\":\"cs\",\"potentialAction\":[{\"@type\":\"ReadAction\",\"target\":[\"https:\/\/evertonfc.cz\/index.php\/2018\/11\/28\/rozhovor-s-predsedou-norskeho-fanklubu\/\"]}]},{\"@type\":\"ImageObject\",\"inLanguage\":\"cs\",\"@id\":\"https:\/\/evertonfc.cz\/index.php\/2018\/11\/28\/rozhovor-s-predsedou-norskeho-fanklubu\/#primaryimage\",\"url\":\"https:\/\/evertonfc.cz\/wp-content\/uploads\/2019\/01\/helge_28_11_2018.jpg\",\"contentUrl\":\"https:\/\/evertonfc.cz\/wp-content\/uploads\/2019\/01\/helge_28_11_2018.jpg\",\"width\":720,\"height\":405},{\"@type\":\"BreadcrumbList\",\"@id\":\"https:\/\/evertonfc.cz\/index.php\/2018\/11\/28\/rozhovor-s-predsedou-norskeho-fanklubu\/#breadcrumb\",\"itemListElement\":[{\"@type\":\"ListItem\",\"position\":1,\"name\":\"Home\",\"item\":\"https:\/\/evertonfc.cz\/\"},{\"@type\":\"ListItem\",\"position\":2,\"name\":\"Rozhovor s p\u0159edsedou norsk\u00e9ho fanklubu\"}]},{\"@type\":\"WebSite\",\"@id\":\"https:\/\/evertonfc.cz\/#website\",\"url\":\"https:\/\/evertonfc.cz\/\",\"name\":\"Official Czech &amp; Slovak Everton Supporters&#039; Club\",\"description\":\"\",\"publisher\":{\"@id\":\"https:\/\/evertonfc.cz\/#organization\"},\"potentialAction\":[{\"@type\":\"SearchAction\",\"target\":{\"@type\":\"EntryPoint\",\"urlTemplate\":\"https:\/\/evertonfc.cz\/?s={search_term_string}\"},\"query-input\":{\"@type\":\"PropertyValueSpecification\",\"valueRequired\":true,\"valueName\":\"search_term_string\"}}],\"inLanguage\":\"cs\"},{\"@type\":\"Organization\",\"@id\":\"https:\/\/evertonfc.cz\/#organization\",\"name\":\"Official Czech & Slovak Everton Supporters' Club\",\"url\":\"https:\/\/evertonfc.cz\/\",\"logo\":{\"@type\":\"ImageObject\",\"inLanguage\":\"cs\",\"@id\":\"https:\/\/evertonfc.cz\/#\/schema\/logo\/image\/\",\"url\":\"https:\/\/evertonfc.cz\/wp-content\/uploads\/2019\/05\/logo.png\",\"contentUrl\":\"https:\/\/evertonfc.cz\/wp-content\/uploads\/2019\/05\/logo.png\",\"width\":112,\"height\":112,\"caption\":\"Official Czech & Slovak Everton Supporters' Club\"},\"image\":{\"@id\":\"https:\/\/evertonfc.cz\/#\/schema\/logo\/image\/\"},\"sameAs\":[\"https:\/\/www.facebook.com\/everton.fans.cz.sk\"]},{\"@type\":\"Person\",\"@id\":\"https:\/\/evertonfc.cz\/#\/schema\/person\/f7a5daedb2ffee98480bc70e191aaef1\",\"name\":\"Ri\u010di\",\"sameAs\":[\"https:\/\/x.com\/rbrejsa\"],\"url\":\"https:\/\/evertonfc.cz\/index.php\/author\/rici\/\"}]}<\/script>\n<!-- \/ Yoast SEO plugin. -->","yoast_head_json":{"title":"Rozhovor s p\u0159edsedou norsk\u00e9ho fanklubu - Official Czech &amp; Slovak Everton Supporters&#039; Club","robots":{"index":"index","follow":"follow","max-snippet":"max-snippet:-1","max-image-preview":"max-image-preview:large","max-video-preview":"max-video-preview:-1"},"canonical":"https:\/\/evertonfc.cz\/index.php\/2018\/11\/28\/rozhovor-s-predsedou-norskeho-fanklubu\/","og_locale":"cs_CZ","og_type":"article","og_title":"Rozhovor s p\u0159edsedou norsk\u00e9ho fanklubu - Official Czech &amp; Slovak Everton Supporters&#039; Club","og_description":"Helge\u00a0Grunnev\u00e5g je dlouholet\u00fdm p\u0159edsedou ofici\u00e1ln\u00edho norsk\u00e9ho fanklubu Evertonu, jeho\u017e velikost tuzemsk\u00e9ho fanou\u0161ka nejsp\u00ed\u0161e zasko\u010d\u00ed, a rovn\u011b\u017e velmi milou osobou. Na\u0161i&hellip;","og_url":"https:\/\/evertonfc.cz\/index.php\/2018\/11\/28\/rozhovor-s-predsedou-norskeho-fanklubu\/","og_site_name":"Official Czech &amp; Slovak Everton Supporters&#039; Club","article_publisher":"https:\/\/www.facebook.com\/everton.fans.cz.sk","article_published_time":"2018-11-28T20:39:33+00:00","article_modified_time":"2019-01-22T20:03:17+00:00","og_image":[{"width":720,"height":405,"url":"https:\/\/evertonfc.cz\/wp-content\/uploads\/2019\/01\/helge_28_11_2018.jpg","type":"image\/jpeg"}],"author":"Ri\u010di","twitter_card":"summary_large_image","twitter_creator":"@rbrejsa","twitter_misc":{"Napsal(a)":"Ri\u010di","Odhadovan\u00e1 doba \u010dten\u00ed":"4 minuty"},"schema":{"@context":"https:\/\/schema.org","@graph":[{"@type":"Article","@id":"https:\/\/evertonfc.cz\/index.php\/2018\/11\/28\/rozhovor-s-predsedou-norskeho-fanklubu\/#article","isPartOf":{"@id":"https:\/\/evertonfc.cz\/index.php\/2018\/11\/28\/rozhovor-s-predsedou-norskeho-fanklubu\/"},"author":{"name":"Ri\u010di","@id":"https:\/\/evertonfc.cz\/#\/schema\/person\/f7a5daedb2ffee98480bc70e191aaef1"},"headline":"Rozhovor s p\u0159edsedou norsk\u00e9ho fanklubu","datePublished":"2018-11-28T20:39:33+00:00","dateModified":"2019-01-22T20:03:17+00:00","mainEntityOfPage":{"@id":"https:\/\/evertonfc.cz\/index.php\/2018\/11\/28\/rozhovor-s-predsedou-norskeho-fanklubu\/"},"wordCount":841,"commentCount":0,"publisher":{"@id":"https:\/\/evertonfc.cz\/#organization"},"image":{"@id":"https:\/\/evertonfc.cz\/index.php\/2018\/11\/28\/rozhovor-s-predsedou-norskeho-fanklubu\/#primaryimage"},"thumbnailUrl":"https:\/\/evertonfc.cz\/wp-content\/uploads\/2019\/01\/helge_28_11_2018.jpg","articleSection":["Rozhovory"],"inLanguage":"cs","potentialAction":[{"@type":"CommentAction","name":"Comment","target":["https:\/\/evertonfc.cz\/index.php\/2018\/11\/28\/rozhovor-s-predsedou-norskeho-fanklubu\/#respond"]}]},{"@type":"WebPage","@id":"https:\/\/evertonfc.cz\/index.php\/2018\/11\/28\/rozhovor-s-predsedou-norskeho-fanklubu\/","url":"https:\/\/evertonfc.cz\/index.php\/2018\/11\/28\/rozhovor-s-predsedou-norskeho-fanklubu\/","name":"Rozhovor s p\u0159edsedou norsk\u00e9ho fanklubu - Official Czech &amp; Slovak Everton Supporters&#039; Club","isPartOf":{"@id":"https:\/\/evertonfc.cz\/#website"},"primaryImageOfPage":{"@id":"https:\/\/evertonfc.cz\/index.php\/2018\/11\/28\/rozhovor-s-predsedou-norskeho-fanklubu\/#primaryimage"},"image":{"@id":"https:\/\/evertonfc.cz\/index.php\/2018\/11\/28\/rozhovor-s-predsedou-norskeho-fanklubu\/#primaryimage"},"thumbnailUrl":"https:\/\/evertonfc.cz\/wp-content\/uploads\/2019\/01\/helge_28_11_2018.jpg","datePublished":"2018-11-28T20:39:33+00:00","dateModified":"2019-01-22T20:03:17+00:00","breadcrumb":{"@id":"https:\/\/evertonfc.cz\/index.php\/2018\/11\/28\/rozhovor-s-predsedou-norskeho-fanklubu\/#breadcrumb"},"inLanguage":"cs","potentialAction":[{"@type":"ReadAction","target":["https:\/\/evertonfc.cz\/index.php\/2018\/11\/28\/rozhovor-s-predsedou-norskeho-fanklubu\/"]}]},{"@type":"ImageObject","inLanguage":"cs","@id":"https:\/\/evertonfc.cz\/index.php\/2018\/11\/28\/rozhovor-s-predsedou-norskeho-fanklubu\/#primaryimage","url":"https:\/\/evertonfc.cz\/wp-content\/uploads\/2019\/01\/helge_28_11_2018.jpg","contentUrl":"https:\/\/evertonfc.cz\/wp-content\/uploads\/2019\/01\/helge_28_11_2018.jpg","width":720,"height":405},{"@type":"BreadcrumbList","@id":"https:\/\/evertonfc.cz\/index.php\/2018\/11\/28\/rozhovor-s-predsedou-norskeho-fanklubu\/#breadcrumb","itemListElement":[{"@type":"ListItem","position":1,"name":"Home","item":"https:\/\/evertonfc.cz\/"},{"@type":"ListItem","position":2,"name":"Rozhovor s p\u0159edsedou norsk\u00e9ho fanklubu"}]},{"@type":"WebSite","@id":"https:\/\/evertonfc.cz\/#website","url":"https:\/\/evertonfc.cz\/","name":"Official Czech &amp; Slovak Everton Supporters&#039; Club","description":"","publisher":{"@id":"https:\/\/evertonfc.cz\/#organization"},"potentialAction":[{"@type":"SearchAction","target":{"@type":"EntryPoint","urlTemplate":"https:\/\/evertonfc.cz\/?s={search_term_string}"},"query-input":{"@type":"PropertyValueSpecification","valueRequired":true,"valueName":"search_term_string"}}],"inLanguage":"cs"},{"@type":"Organization","@id":"https:\/\/evertonfc.cz\/#organization","name":"Official Czech & Slovak Everton Supporters' Club","url":"https:\/\/evertonfc.cz\/","logo":{"@type":"ImageObject","inLanguage":"cs","@id":"https:\/\/evertonfc.cz\/#\/schema\/logo\/image\/","url":"https:\/\/evertonfc.cz\/wp-content\/uploads\/2019\/05\/logo.png","contentUrl":"https:\/\/evertonfc.cz\/wp-content\/uploads\/2019\/05\/logo.png","width":112,"height":112,"caption":"Official Czech & Slovak Everton Supporters' Club"},"image":{"@id":"https:\/\/evertonfc.cz\/#\/schema\/logo\/image\/"},"sameAs":["https:\/\/www.facebook.com\/everton.fans.cz.sk"]},{"@type":"Person","@id":"https:\/\/evertonfc.cz\/#\/schema\/person\/f7a5daedb2ffee98480bc70e191aaef1","name":"Ri\u010di","sameAs":["https:\/\/x.com\/rbrejsa"],"url":"https:\/\/evertonfc.cz\/index.php\/author\/rici\/"}]}},"_links":{"self":[{"href":"https:\/\/evertonfc.cz\/index.php\/wp-json\/wp\/v2\/posts\/168"}],"collection":[{"href":"https:\/\/evertonfc.cz\/index.php\/wp-json\/wp\/v2\/posts"}],"about":[{"href":"https:\/\/evertonfc.cz\/index.php\/wp-json\/wp\/v2\/types\/post"}],"author":[{"embeddable":true,"href":"https:\/\/evertonfc.cz\/index.php\/wp-json\/wp\/v2\/users\/6"}],"replies":[{"embeddable":true,"href":"https:\/\/evertonfc.cz\/index.php\/wp-json\/wp\/v2\/comments?post=168"}],"version-history":[{"count":4,"href":"https:\/\/evertonfc.cz\/index.php\/wp-json\/wp\/v2\/posts\/168\/revisions"}],"predecessor-version":[{"id":1322,"href":"https:\/\/evertonfc.cz\/index.php\/wp-json\/wp\/v2\/posts\/168\/revisions\/1322"}],"wp:featuredmedia":[{"embeddable":true,"href":"https:\/\/evertonfc.cz\/index.php\/wp-json\/wp\/v2\/media\/1381"}],"wp:attachment":[{"href":"https:\/\/evertonfc.cz\/index.php\/wp-json\/wp\/v2\/media?parent=168"}],"wp:term":[{"taxonomy":"category","embeddable":true,"href":"https:\/\/evertonfc.cz\/index.php\/wp-json\/wp\/v2\/categories?post=168"},{"taxonomy":"post_tag","embeddable":true,"href":"https:\/\/evertonfc.cz\/index.php\/wp-json\/wp\/v2\/tags?post=168"}],"curies":[{"name":"wp","href":"https:\/\/api.w.org\/{rel}","templated":true}]}}