{"id":16823,"date":"2021-10-24T20:47:05","date_gmt":"2021-10-24T18:47:05","guid":{"rendered":"https:\/\/evertonfc.cz\/?p=16823"},"modified":"2021-10-26T13:52:02","modified_gmt":"2021-10-26T11:52:02","slug":"everton-watford-25","status":"publish","type":"post","link":"https:\/\/evertonfc.cz\/index.php\/2021\/10\/24\/everton-watford-25\/","title":{"rendered":"Everton \u2013 Watford 2:5"},"content":{"rendered":"<h4>Presne tento druh v\u00fdsledkov, \u010di\u00a0lep\u0161ie povedan\u00e9 v\u00fdkonov, u\u017e zl\u00e1mal v\u00e4zy nejedn\u00e9mu ex-mana\u017e\u00e9rovi Karameliek. Na\u0161\u0165astie pre Rafaela Ben\u00edteza je toto po prv\u00fdkr\u00e1t.<\/h4>\n<p>Ne\u0161\u0165astn\u00fdch 13 min\u00fat. Presne to\u013eko sta\u010dilo Sr\u0161\u0148om s jele\u0148om v logu na to, aby ve\u013ekolep\u00fdm sp\u00f4sobom zahanbili Everton pred cel\u00fdm n\u00e1rodom, a e\u0161te aj trochu \u010falej. Anglick\u00e9 m\u00e9dia, vr\u00e1tane fan\u00fa\u0161ikov nenechali ani nitku such\u00fa na hr\u00e1\u010doch aj tr\u00e9nerovi. A to\u013eko pozornosti sa v tuzemsku Jurajovi Kuckovi neu\u0161lo ani po\u010das Majstrovstiev Eur\u00f3py.<\/p>\n<p>O osobnej vendete Kinga m\u00f4\u017eeme nap\u00edsa\u0165 tie\u017e rom\u00e1n. \u010co mu Ancelotti len s\u013euboval, mu vo Watforde splnili. Karma je jednoducho zdarma. Sta\u010d\u00ed sa pozrie\u0165 do \u0160panielska, kde sa hralo El Cl\u00e1sico. Na lavi\u010dk\u00e1ch oboch t\u00edmov b\u00fdval\u00ed mana\u017e\u00e9ri Evertonu. A\u00a0ani jeden z\u00a0nich dieru do sveta s\u00a0kr\u00e1\u013eovskou modrou nespravil. Ben\u00edtez sa o\u00a0to ur\u010dite bude po s\u013eubnom \u0161tarte sna\u017ei\u0165 aj na\u010falej, ale moment\u00e1lna forma ukazuje klesaj\u00facu krivku. A\u00a0v\u010faka svojej minulosti mu nebude dopriata to\u013ek\u00e1 trpezlivos\u0165, \u010do treb\u00e1rs pri teraj\u0161\u00edch predchodcoch v\u00a0La Lige.<\/p>\n<h4><strong>Prv\u00fd pol\u010das<\/strong><\/h4>\n<p>Do duelu sme nast\u00fapili len s\u00a0vyn\u00faten\u00fdmi zmenami. Zranen\u00e9ho Doucour\u00e9ho nahradil Davies, a\u00a0st\u00e1le nepresved\u010div\u00e9ho Iwobiho zasl\u00fa\u017eene zo zostavy vystrnadil Gordon. Obidvaja mali aj prsty v\u00a0\u00favodnom g\u00f3le hne\u010f v\u00a0tretej min\u00fate, ke\u010f Anthony najprv z\u00edskal loptu na vlastnej polovici, vyviezol do \u00fato\u010dnej tretiny a\u00a0odovzdal Grayovi. Ten sa predribloval a\u017e k\u00a0hranici p\u00e4\u0165ky, kde odcentroval na najr\u00fdchlej\u0161ieho <del>Rond\u00f3na<\/del> Daviesa, ktor\u00fd sa pretla\u010dil cez obrancov a v sklze doklepol z \u010diary ako d\u00f4kaz odhodlanosti plnohodnotne nahradi\u0165 Abdoulaya.<\/p>\n<p>Vedenie v\u0161ak trvalo len desa\u0165 min\u00fat. The Toffees nevyu\u017eili \u0161ance Townsenda z\u00a0dia\u013eky a\u00a0hlavi\u010dku Gordona, n\u00e1sledne pri\u0161ila \u0161tandardka s\u00fapera a\u00a0platili sme da\u0148. Nevyhrali sme prv\u00fa loptu, ktor\u00e1 sa od Cathcarta odrazila rovno k\u00a0noh\u00e1m nabiehaj\u00faceho Kinga. Po ofsajdovom pomykove ho nestihol postr\u00e1\u017ei\u0165 Davies. Do konca prv\u00e9ho dejstva sa u\u017e nesk\u00f3rovalo, ale bli\u017e\u0161ie k\u00a0tomu mal Everton. Najm\u00e4 akt\u00edvny Gordon.<\/p>\n<h4><strong>Druh\u00fd pol\u010das<\/strong><\/h4>\n<p>Zo \u0161atn\u00ed vybehli mu\u017estv\u00e1 bez zmien. Richarlison ostal na lavi\u010dke ale nie na dlho. Ke\u010f Kinga v 100% \u0161anci vychytal Pickford, Ben\u00edtez reagoval a po hodine stiahol Gordona na ve\u013ek\u00fa nevo\u013eu trib\u00fan. Po z\u00e1pase to kou\u010d okomentoval slovami, \u017ee mlad\u00fd Liverpool\u010dan e\u0161te nem\u00e1 z\u00e1pasov\u00fa kond\u00edciu na Premier League. Braz\u00edl\u010dan zaujal miesto popri asi kondi\u010dne pripravenom Rond\u00f3novi. Mimochodom, ten si za 505 min\u00fat na ihrisku v drese Evertonu prip\u00edsal zatia\u013e jednu strelu na br\u00e1nu. Tento \u0165ah ale viedol k obnoveniu vedenia dom\u00e1cich.<\/p>\n<p>Michael Keane vr\u00e1til loptu do oh\u0148a a vo\u013en\u00fd Richarlison rybi\u010dkou exkluz\u00edvne ozn\u00e1mil svoj n\u00e1vrat. Jeho asistent sa mohol o p\u00e1r min\u00fat taktie\u017e zap\u00edsa\u0165 na listinu strelcov, ale po vo\u013enom kope minul br\u00e1nu hlavou. Potom za\u010dali hostia stup\u0148ova\u0165 tlak a Ben\u00edtez na to mylne zareagoval, aj kv\u00f4li kr\u00edvaj\u00facemu Grayovi. Miesto prehustenia z\u00e1lohy, pre lep\u0161iu kontrolu hry, zvolil zmenu post za post, a na tr\u00e1vnik pri\u0161iel ni\u010d a nikdy nerie\u0161iaci Iwobi.<\/p>\n<h4><strong>Kolaps<\/strong><\/h4>\n<p>To u\u017e sa ale kopal \u010fal\u0161\u00ed roh Watfordu a\u00a0\u201en\u00e1\u0161 \u010euro\u201c n\u00e1hodne (?) nik\u00fdm nebr\u00e1nen\u00fd sa zap\u00edsal akur\u00e1t proti Karamelk\u00e1m. To n\u00e1m zrejme ve\u013ea nov\u00fdch fan\u00fa\u0161ikov spod Kriv\u00e1\u0148a neprinesie. O\u00a0dve min\u00faty v\u0161ak bolo hor\u0161ie. R\u00fdchle prenesenie hry dostalo Kinga osamoten\u00e9ho pred br\u00e1nu, kedy premeni\u0165 neb\u00fdva probl\u00e9m. Organiz\u00e1cia mu\u017estva v\u00a0tej chv\u00edli bola presn\u00fdm opakom vzoru, ktor\u00fd d\u00e1va Ben\u00edtez svojim mu\u017estv\u00e1m za pr\u00edklad. A\u00a0od tej chv\u00edle to bolo len o\u00a0Ranieriho hos\u0165och.<\/p>\n<p>Everton neust\u00e1le prepad\u00e1val, kopil chyby a\u00a0nedok\u00e1zal reagova\u0165, \u010di aspo\u0148 skonsolidova\u0165 sily na d\u00f4stojn\u00e9 dohratie stretnutia. Kingov tret\u00ed g\u00f3l preto zbyto\u010dne opisova\u0165. Ten bordel si proste mus\u00edte pozrie\u0165 sami. To ist\u00e9, pros\u00edm, uplatnite aj pri piatom. To\u013eko tr\u00fdznenia fan\u00fa\u0161ikov v\u00a0jednom \u010dl\u00e1nku \u00faplne sta\u010d\u00ed&#8230;<\/p>\n<h3 style=\"text-align: center;\"><span style=\"color: #3366ff;\"><em><strong>Up The Toffees !!!<\/strong><\/em><\/span><\/h3>\n<p style=\"text-align: right;\"><span style=\"font-size: 8pt;\">(fotozdroj: Sky Sports)<\/span><\/p>\n<p><strong>Zostrihy + z\u00e1pas:<\/strong> <a href=\"https:\/\/hdmatches.net\/2021\/10\/23\/video-everton-vs-watford-highlights-full-match-23-october-2021\/#2\" target=\"_blank\" rel=\"noopener\">HDmatches.net<\/a> \u00a0<strong>Hr\u00e1\u010d z\u00e1pasu redakcie:<\/strong> Anthony Gordon<\/p>\n<p><strong>G\u00f3ly:<\/strong> 3\u00b4 Davies (Gray), 13\u00b4 King (Cathcart), 63\u00b4 Richarlison (Keane), 78\u00b4 Kucka (Cucho), 80\u00b4 King (Dennis), 86\u00b4 King (Dennis), 90+1\u00b4 Dennis (Pedro)<\/p>\n<p><strong>\u017dlt\u00e9 karty: <\/strong>17\u00b4 Digne, 44\u00b4 Troost-Ekong, 54\u00b4 Allan, 70\u00b4 Dennis, 72\u00b4 Richarlison, 81\u00b4 King, 90+3\u00b4 Rond\u00f3n<\/p>\n<p><strong>Everton FC:\u00a0<\/strong>Pickford \u2013 Coleman, Keane, Godfrey, Digne \u2013 Townsend, Allan, Davies, Gordon (60\u00b4 Richarlison) \u2013 Gray (77\u00b4 Iwobi), Rond\u00f3n<\/p>\n<p><strong>Watford FC:<\/strong> Foster \u2013 Ngakia (76\u00b4 N\u00b4Koulou), Troost-Ekong, Cathcart, Masina \u2013 Sarr (64\u00b4 Dennis), Tufan (64\u00b4 Pedro), Sissoko, Kucka, Cucho \u2013 King<\/p>\n<p><strong>Rozhodca:\u00a0<\/strong>Graham Scott\u00a0 <strong>Div\u00e1ci:<\/strong> 38 834<\/p>\n","protected":false},"excerpt":{"rendered":"<p>Presne tento druh v\u00fdsledkov, \u010di\u00a0lep\u0161ie povedan\u00e9 v\u00fdkonov, u\u017e zl\u00e1mal v\u00e4zy nejedn\u00e9mu ex-mana\u017e\u00e9rovi Karameliek. Na\u0161\u0165astie pre Rafaela Ben\u00edteza je toto po prv\u00fdkr\u00e1t.<\/p>\n","protected":false},"author":1,"featured_media":16824,"comment_status":"open","ping_status":"closed","sticky":false,"template":"","format":"standard","meta":{"_eb_attr":"","_monsterinsights_skip_tracking":false,"_monsterinsights_sitenote_active":false,"_monsterinsights_sitenote_note":"","_monsterinsights_sitenote_category":0,"footnotes":""},"categories":[4],"tags":[],"yoast_head":"<!-- This site is optimized with the Yoast SEO plugin v23.4 - https:\/\/yoast.com\/wordpress\/plugins\/seo\/ -->\n<title>Everton \u2013 Watford 2:5 - Official Czech &amp; Slovak Everton Supporters&#039; Club<\/title>\n<meta name=\"robots\" content=\"index, follow, max-snippet:-1, max-image-preview:large, max-video-preview:-1\" \/>\n<link rel=\"canonical\" href=\"https:\/\/evertonfc.cz\/index.php\/2021\/10\/24\/everton-watford-25\/\" \/>\n<meta property=\"og:locale\" content=\"cs_CZ\" \/>\n<meta property=\"og:type\" content=\"article\" \/>\n<meta property=\"og:title\" content=\"Everton \u2013 Watford 2:5 - Official Czech &amp; Slovak Everton Supporters&#039; Club\" \/>\n<meta property=\"og:description\" content=\"Presne tento druh v\u00fdsledkov, \u010di\u00a0lep\u0161ie povedan\u00e9 v\u00fdkonov, u\u017e zl\u00e1mal v\u00e4zy nejedn\u00e9mu ex-mana\u017e\u00e9rovi Karameliek. Na\u0161\u0165astie pre Rafaela Ben\u00edteza je toto po prv\u00fdkr\u00e1t.\" \/>\n<meta property=\"og:url\" content=\"https:\/\/evertonfc.cz\/index.php\/2021\/10\/24\/everton-watford-25\/\" \/>\n<meta property=\"og:site_name\" content=\"Official Czech &amp; Slovak Everton Supporters&#039; Club\" \/>\n<meta property=\"article:publisher\" content=\"https:\/\/www.facebook.com\/everton.fans.cz.sk\" \/>\n<meta property=\"article:published_time\" content=\"2021-10-24T18:47:05+00:00\" \/>\n<meta property=\"article:modified_time\" content=\"2021-10-26T11:52:02+00:00\" \/>\n<meta property=\"og:image\" content=\"https:\/\/evertonfc.cz\/wp-content\/uploads\/2021\/10\/Skysports-Joshua-King-Everton-2-5-Watford-23-10-2021.jpg\" \/>\n\t<meta property=\"og:image:width\" content=\"720\" \/>\n\t<meta property=\"og:image:height\" content=\"405\" \/>\n\t<meta property=\"og:image:type\" content=\"image\/jpeg\" \/>\n<meta name=\"author\" content=\"BlueBlooded\" \/>\n<meta name=\"twitter:card\" content=\"summary_large_image\" \/>\n<meta name=\"twitter:label1\" content=\"Napsal(a)\" \/>\n\t<meta name=\"twitter:data1\" content=\"BlueBlooded\" \/>\n\t<meta name=\"twitter:label2\" content=\"Odhadovan\u00e1 doba \u010dten\u00ed\" \/>\n\t<meta name=\"twitter:data2\" content=\"4 minuty\" \/>\n<script type=\"application\/ld+json\" class=\"yoast-schema-graph\">{\"@context\":\"https:\/\/schema.org\",\"@graph\":[{\"@type\":\"Article\",\"@id\":\"https:\/\/evertonfc.cz\/index.php\/2021\/10\/24\/everton-watford-25\/#article\",\"isPartOf\":{\"@id\":\"https:\/\/evertonfc.cz\/index.php\/2021\/10\/24\/everton-watford-25\/\"},\"author\":{\"name\":\"BlueBlooded\",\"@id\":\"https:\/\/evertonfc.cz\/#\/schema\/person\/d4493b8cbea51532597fbc4685698916\"},\"headline\":\"Everton \u2013 Watford 2:5\",\"datePublished\":\"2021-10-24T18:47:05+00:00\",\"dateModified\":\"2021-10-26T11:52:02+00:00\",\"mainEntityOfPage\":{\"@id\":\"https:\/\/evertonfc.cz\/index.php\/2021\/10\/24\/everton-watford-25\/\"},\"wordCount\":822,\"commentCount\":11,\"publisher\":{\"@id\":\"https:\/\/evertonfc.cz\/#organization\"},\"image\":{\"@id\":\"https:\/\/evertonfc.cz\/index.php\/2021\/10\/24\/everton-watford-25\/#primaryimage\"},\"thumbnailUrl\":\"https:\/\/evertonfc.cz\/wp-content\/uploads\/2021\/10\/Skysports-Joshua-King-Everton-2-5-Watford-23-10-2021.jpg\",\"articleSection\":[\"Z\u00e1pasy\"],\"inLanguage\":\"cs\",\"potentialAction\":[{\"@type\":\"CommentAction\",\"name\":\"Comment\",\"target\":[\"https:\/\/evertonfc.cz\/index.php\/2021\/10\/24\/everton-watford-25\/#respond\"]}]},{\"@type\":\"WebPage\",\"@id\":\"https:\/\/evertonfc.cz\/index.php\/2021\/10\/24\/everton-watford-25\/\",\"url\":\"https:\/\/evertonfc.cz\/index.php\/2021\/10\/24\/everton-watford-25\/\",\"name\":\"Everton \u2013 Watford 2:5 - Official Czech &amp; Slovak Everton Supporters&#039; Club\",\"isPartOf\":{\"@id\":\"https:\/\/evertonfc.cz\/#website\"},\"primaryImageOfPage\":{\"@id\":\"https:\/\/evertonfc.cz\/index.php\/2021\/10\/24\/everton-watford-25\/#primaryimage\"},\"image\":{\"@id\":\"https:\/\/evertonfc.cz\/index.php\/2021\/10\/24\/everton-watford-25\/#primaryimage\"},\"thumbnailUrl\":\"https:\/\/evertonfc.cz\/wp-content\/uploads\/2021\/10\/Skysports-Joshua-King-Everton-2-5-Watford-23-10-2021.jpg\",\"datePublished\":\"2021-10-24T18:47:05+00:00\",\"dateModified\":\"2021-10-26T11:52:02+00:00\",\"breadcrumb\":{\"@id\":\"https:\/\/evertonfc.cz\/index.php\/2021\/10\/24\/everton-watford-25\/#breadcrumb\"},\"inLanguage\":\"cs\",\"potentialAction\":[{\"@type\":\"ReadAction\",\"target\":[\"https:\/\/evertonfc.cz\/index.php\/2021\/10\/24\/everton-watford-25\/\"]}]},{\"@type\":\"ImageObject\",\"inLanguage\":\"cs\",\"@id\":\"https:\/\/evertonfc.cz\/index.php\/2021\/10\/24\/everton-watford-25\/#primaryimage\",\"url\":\"https:\/\/evertonfc.cz\/wp-content\/uploads\/2021\/10\/Skysports-Joshua-King-Everton-2-5-Watford-23-10-2021.jpg\",\"contentUrl\":\"https:\/\/evertonfc.cz\/wp-content\/uploads\/2021\/10\/Skysports-Joshua-King-Everton-2-5-Watford-23-10-2021.jpg\",\"width\":720,\"height\":405},{\"@type\":\"BreadcrumbList\",\"@id\":\"https:\/\/evertonfc.cz\/index.php\/2021\/10\/24\/everton-watford-25\/#breadcrumb\",\"itemListElement\":[{\"@type\":\"ListItem\",\"position\":1,\"name\":\"Home\",\"item\":\"https:\/\/evertonfc.cz\/\"},{\"@type\":\"ListItem\",\"position\":2,\"name\":\"Everton \u2013 Watford 2:5\"}]},{\"@type\":\"WebSite\",\"@id\":\"https:\/\/evertonfc.cz\/#website\",\"url\":\"https:\/\/evertonfc.cz\/\",\"name\":\"Official Czech &amp; Slovak Everton Supporters&#039; Club\",\"description\":\"\",\"publisher\":{\"@id\":\"https:\/\/evertonfc.cz\/#organization\"},\"potentialAction\":[{\"@type\":\"SearchAction\",\"target\":{\"@type\":\"EntryPoint\",\"urlTemplate\":\"https:\/\/evertonfc.cz\/?s={search_term_string}\"},\"query-input\":{\"@type\":\"PropertyValueSpecification\",\"valueRequired\":true,\"valueName\":\"search_term_string\"}}],\"inLanguage\":\"cs\"},{\"@type\":\"Organization\",\"@id\":\"https:\/\/evertonfc.cz\/#organization\",\"name\":\"Official Czech & Slovak Everton Supporters' Club\",\"url\":\"https:\/\/evertonfc.cz\/\",\"logo\":{\"@type\":\"ImageObject\",\"inLanguage\":\"cs\",\"@id\":\"https:\/\/evertonfc.cz\/#\/schema\/logo\/image\/\",\"url\":\"https:\/\/evertonfc.cz\/wp-content\/uploads\/2019\/05\/logo.png\",\"contentUrl\":\"https:\/\/evertonfc.cz\/wp-content\/uploads\/2019\/05\/logo.png\",\"width\":112,\"height\":112,\"caption\":\"Official Czech & Slovak Everton Supporters' Club\"},\"image\":{\"@id\":\"https:\/\/evertonfc.cz\/#\/schema\/logo\/image\/\"},\"sameAs\":[\"https:\/\/www.facebook.com\/everton.fans.cz.sk\"]},{\"@type\":\"Person\",\"@id\":\"https:\/\/evertonfc.cz\/#\/schema\/person\/d4493b8cbea51532597fbc4685698916\",\"name\":\"BlueBlooded\",\"url\":\"https:\/\/evertonfc.cz\/index.php\/author\/admin\/\"}]}<\/script>\n<!-- \/ Yoast SEO plugin. -->","yoast_head_json":{"title":"Everton \u2013 Watford 2:5 - Official Czech &amp; Slovak Everton Supporters&#039; Club","robots":{"index":"index","follow":"follow","max-snippet":"max-snippet:-1","max-image-preview":"max-image-preview:large","max-video-preview":"max-video-preview:-1"},"canonical":"https:\/\/evertonfc.cz\/index.php\/2021\/10\/24\/everton-watford-25\/","og_locale":"cs_CZ","og_type":"article","og_title":"Everton \u2013 Watford 2:5 - Official Czech &amp; Slovak Everton Supporters&#039; Club","og_description":"Presne tento druh v\u00fdsledkov, \u010di\u00a0lep\u0161ie povedan\u00e9 v\u00fdkonov, u\u017e zl\u00e1mal v\u00e4zy nejedn\u00e9mu ex-mana\u017e\u00e9rovi Karameliek. Na\u0161\u0165astie pre Rafaela Ben\u00edteza je toto po prv\u00fdkr\u00e1t.","og_url":"https:\/\/evertonfc.cz\/index.php\/2021\/10\/24\/everton-watford-25\/","og_site_name":"Official Czech &amp; Slovak Everton Supporters&#039; Club","article_publisher":"https:\/\/www.facebook.com\/everton.fans.cz.sk","article_published_time":"2021-10-24T18:47:05+00:00","article_modified_time":"2021-10-26T11:52:02+00:00","og_image":[{"width":720,"height":405,"url":"https:\/\/evertonfc.cz\/wp-content\/uploads\/2021\/10\/Skysports-Joshua-King-Everton-2-5-Watford-23-10-2021.jpg","type":"image\/jpeg"}],"author":"BlueBlooded","twitter_card":"summary_large_image","twitter_misc":{"Napsal(a)":"BlueBlooded","Odhadovan\u00e1 doba \u010dten\u00ed":"4 minuty"},"schema":{"@context":"https:\/\/schema.org","@graph":[{"@type":"Article","@id":"https:\/\/evertonfc.cz\/index.php\/2021\/10\/24\/everton-watford-25\/#article","isPartOf":{"@id":"https:\/\/evertonfc.cz\/index.php\/2021\/10\/24\/everton-watford-25\/"},"author":{"name":"BlueBlooded","@id":"https:\/\/evertonfc.cz\/#\/schema\/person\/d4493b8cbea51532597fbc4685698916"},"headline":"Everton \u2013 Watford 2:5","datePublished":"2021-10-24T18:47:05+00:00","dateModified":"2021-10-26T11:52:02+00:00","mainEntityOfPage":{"@id":"https:\/\/evertonfc.cz\/index.php\/2021\/10\/24\/everton-watford-25\/"},"wordCount":822,"commentCount":11,"publisher":{"@id":"https:\/\/evertonfc.cz\/#organization"},"image":{"@id":"https:\/\/evertonfc.cz\/index.php\/2021\/10\/24\/everton-watford-25\/#primaryimage"},"thumbnailUrl":"https:\/\/evertonfc.cz\/wp-content\/uploads\/2021\/10\/Skysports-Joshua-King-Everton-2-5-Watford-23-10-2021.jpg","articleSection":["Z\u00e1pasy"],"inLanguage":"cs","potentialAction":[{"@type":"CommentAction","name":"Comment","target":["https:\/\/evertonfc.cz\/index.php\/2021\/10\/24\/everton-watford-25\/#respond"]}]},{"@type":"WebPage","@id":"https:\/\/evertonfc.cz\/index.php\/2021\/10\/24\/everton-watford-25\/","url":"https:\/\/evertonfc.cz\/index.php\/2021\/10\/24\/everton-watford-25\/","name":"Everton \u2013 Watford 2:5 - Official Czech &amp; Slovak Everton Supporters&#039; Club","isPartOf":{"@id":"https:\/\/evertonfc.cz\/#website"},"primaryImageOfPage":{"@id":"https:\/\/evertonfc.cz\/index.php\/2021\/10\/24\/everton-watford-25\/#primaryimage"},"image":{"@id":"https:\/\/evertonfc.cz\/index.php\/2021\/10\/24\/everton-watford-25\/#primaryimage"},"thumbnailUrl":"https:\/\/evertonfc.cz\/wp-content\/uploads\/2021\/10\/Skysports-Joshua-King-Everton-2-5-Watford-23-10-2021.jpg","datePublished":"2021-10-24T18:47:05+00:00","dateModified":"2021-10-26T11:52:02+00:00","breadcrumb":{"@id":"https:\/\/evertonfc.cz\/index.php\/2021\/10\/24\/everton-watford-25\/#breadcrumb"},"inLanguage":"cs","potentialAction":[{"@type":"ReadAction","target":["https:\/\/evertonfc.cz\/index.php\/2021\/10\/24\/everton-watford-25\/"]}]},{"@type":"ImageObject","inLanguage":"cs","@id":"https:\/\/evertonfc.cz\/index.php\/2021\/10\/24\/everton-watford-25\/#primaryimage","url":"https:\/\/evertonfc.cz\/wp-content\/uploads\/2021\/10\/Skysports-Joshua-King-Everton-2-5-Watford-23-10-2021.jpg","contentUrl":"https:\/\/evertonfc.cz\/wp-content\/uploads\/2021\/10\/Skysports-Joshua-King-Everton-2-5-Watford-23-10-2021.jpg","width":720,"height":405},{"@type":"BreadcrumbList","@id":"https:\/\/evertonfc.cz\/index.php\/2021\/10\/24\/everton-watford-25\/#breadcrumb","itemListElement":[{"@type":"ListItem","position":1,"name":"Home","item":"https:\/\/evertonfc.cz\/"},{"@type":"ListItem","position":2,"name":"Everton \u2013 Watford 2:5"}]},{"@type":"WebSite","@id":"https:\/\/evertonfc.cz\/#website","url":"https:\/\/evertonfc.cz\/","name":"Official Czech &amp; Slovak Everton Supporters&#039; Club","description":"","publisher":{"@id":"https:\/\/evertonfc.cz\/#organization"},"potentialAction":[{"@type":"SearchAction","target":{"@type":"EntryPoint","urlTemplate":"https:\/\/evertonfc.cz\/?s={search_term_string}"},"query-input":{"@type":"PropertyValueSpecification","valueRequired":true,"valueName":"search_term_string"}}],"inLanguage":"cs"},{"@type":"Organization","@id":"https:\/\/evertonfc.cz\/#organization","name":"Official Czech & Slovak Everton Supporters' Club","url":"https:\/\/evertonfc.cz\/","logo":{"@type":"ImageObject","inLanguage":"cs","@id":"https:\/\/evertonfc.cz\/#\/schema\/logo\/image\/","url":"https:\/\/evertonfc.cz\/wp-content\/uploads\/2019\/05\/logo.png","contentUrl":"https:\/\/evertonfc.cz\/wp-content\/uploads\/2019\/05\/logo.png","width":112,"height":112,"caption":"Official Czech & Slovak Everton Supporters' Club"},"image":{"@id":"https:\/\/evertonfc.cz\/#\/schema\/logo\/image\/"},"sameAs":["https:\/\/www.facebook.com\/everton.fans.cz.sk"]},{"@type":"Person","@id":"https:\/\/evertonfc.cz\/#\/schema\/person\/d4493b8cbea51532597fbc4685698916","name":"BlueBlooded","url":"https:\/\/evertonfc.cz\/index.php\/author\/admin\/"}]}},"_links":{"self":[{"href":"https:\/\/evertonfc.cz\/index.php\/wp-json\/wp\/v2\/posts\/16823"}],"collection":[{"href":"https:\/\/evertonfc.cz\/index.php\/wp-json\/wp\/v2\/posts"}],"about":[{"href":"https:\/\/evertonfc.cz\/index.php\/wp-json\/wp\/v2\/types\/post"}],"author":[{"embeddable":true,"href":"https:\/\/evertonfc.cz\/index.php\/wp-json\/wp\/v2\/users\/1"}],"replies":[{"embeddable":true,"href":"https:\/\/evertonfc.cz\/index.php\/wp-json\/wp\/v2\/comments?post=16823"}],"version-history":[{"count":7,"href":"https:\/\/evertonfc.cz\/index.php\/wp-json\/wp\/v2\/posts\/16823\/revisions"}],"predecessor-version":[{"id":16833,"href":"https:\/\/evertonfc.cz\/index.php\/wp-json\/wp\/v2\/posts\/16823\/revisions\/16833"}],"wp:featuredmedia":[{"embeddable":true,"href":"https:\/\/evertonfc.cz\/index.php\/wp-json\/wp\/v2\/media\/16824"}],"wp:attachment":[{"href":"https:\/\/evertonfc.cz\/index.php\/wp-json\/wp\/v2\/media?parent=16823"}],"wp:term":[{"taxonomy":"category","embeddable":true,"href":"https:\/\/evertonfc.cz\/index.php\/wp-json\/wp\/v2\/categories?post=16823"},{"taxonomy":"post_tag","embeddable":true,"href":"https:\/\/evertonfc.cz\/index.php\/wp-json\/wp\/v2\/tags?post=16823"}],"curies":[{"name":"wp","href":"https:\/\/api.w.org\/{rel}","templated":true}]}}