{"id":16891,"date":"2021-11-06T16:53:37","date_gmt":"2021-11-06T15:53:37","guid":{"rendered":"https:\/\/evertonfc.cz\/?p=16891"},"modified":"2021-11-06T18:25:53","modified_gmt":"2021-11-06T17:25:53","slug":"preview-everton-tottenham-hotspur-11","status":"publish","type":"post","link":"https:\/\/evertonfc.cz\/index.php\/2021\/11\/06\/preview-everton-tottenham-hotspur-11\/","title":{"rendered":"Preview: Everton &#8211; Tottenham Hotspur"},"content":{"rendered":"<h4>Everton za\u017e\u00edv\u00e1 slab\u0161\u00ed obdob\u00ed, t\u0159i por\u00e1\u017eky v \u0159ad\u011b jsou toho d\u016fkazem. P\u0159ijde psychick\u00e9 pos\u00edlen\u00ed v podob\u011b bod\u016f p\u0159ed reprezenta\u010dn\u00ed p\u0159est\u00e1vkou? Na Goodison Park p\u0159ij\u00ed\u017ed\u00ed t\u00fdm, kter\u00fd ji\u017e v t\u00e9to sez\u00f3n\u011b vyhodil mana\u017eera.<\/h4>\n<p>Z\u00edtra se ve \u010dtvrti Walton utkaj\u00ed tabulkov\u00ed soupe\u0159i, kte\u0159\u00ed shodn\u011b inkasovali 16 branek. Tottenham m\u00e1 o bod v\u00edce, ale taky vs\u00edtil o sedm branek m\u00e9n\u011b. Je pravdou, \u017ee po mistrovstv\u00ed Evropy a p\u0159ed za\u010d\u00e1tkem ligy prob\u011bhla licitace s Manchesterem City o slu\u017eby kapit\u00e1na Kanea. Ten se nakonec rozhodl z\u016fstat, ale zjevn\u011b to ot\u0159\u00e1slo \u00fato\u010dnou produktivitou cel\u00e9ho t\u00fdmu &#8211; 9 g\u00f3l\u016f z 10 z\u00e1pas\u016f je opravdu m\u00e1lo. To samoz\u0159ejm\u011b vede k m\u00e1lo bod\u016fm a ty maj\u00ed p\u0159\u00edmou souvislost s \u00fasp\u011b\u0161nost\u00ed tren\u00e9ra \u010di mana\u017eera. \u0160\u00e9f klubu Levy shledal, \u017ee to sta\u010dilo a mana\u017eera Santu vyhodil. N\u00e1hrada? Ji\u017e v l\u00e9t\u011b prob\u011bhlo m\u00e9dii, \u017ee m\u011bli Kohouti z\u00e1jem o Conteho, ale ten k\u00fdvl a\u017e nyn\u00ed. Debut si odbyl ve \u010dtvrte\u010dn\u00edm v\u00edt\u011bzn\u00e9m utk\u00e1n\u00ed Konferen\u010dn\u00ed ligy proti Arnhemu, nyn\u00ed ho tedy \u010dek\u00e1 premi\u00e9ra ligov\u00e1.<\/p>\n<p>Co se t\u00fdk\u00e1 Evertonu, tak si fanou\u0161ci jist\u011b nemysleli, \u017ee po skv\u011bl\u00e9m v\u00fdkonu na h\u0159i\u0161ti Manchesteru United prohraj\u00ed Karamelky t\u0159ikr\u00e1t za sebou. A p\u0159edev\u0161\u00edm kolaps v posledn\u00ed \u010dtvrthodin\u011b proti Watfordu je opr\u00e1vn\u011bn\u011b na\u0161tval, stejn\u011b jako v\u00fdkon v prvn\u00edm polo\u010dase proti Wolverhamptonu. Od z\u00edt\u0159ej\u0161\u00edho z\u00e1pasu se tedy \u010dek\u00e1 p\u0159inejmen\u0161\u00edm zlep\u0161en\u00fd v\u00fdkon.<\/p>\n<p>Mana\u017eer Ben\u00edtez na v\u010derej\u0161\u00ed p\u0159edz\u00e1pasov\u00e9 konferenci ozn\u00e1mil, \u017ee obr\u00e1nce Digne je v po\u0159\u00e1dku po vynech\u00e1n\u00ed pond\u011bln\u00edho z\u00e1pasu ve Wolverhamptonu. Po r\u016fzn\u00fdch zran\u011bn\u00edch se aspo\u0148 na lavi\u010dku vrac\u00ed trojice Branthwaite, Delph a Tosun, po reprezenta\u010dn\u00ed pauze by u\u017e m\u011bl b\u00fdt k dispozici Doucour\u00e9 (tak\u017ee za dva t\u00fddny), kter\u00fd ale ur\u010dit\u011b z\u00edtra hr\u00e1t nebude. Dal\u0161\u00edmi jist\u00fdmi absent\u00e9ry jsou Calvert-Lewin (kvadriceps), Gomes (l\u00fdtko) a Mina (stehno). Host\u00e9 budou postr\u00e1dat dvojici Gil (stehno) a Sessegnon. Historie a statistika favorizuj\u00ed Tottenham, kdy\u017e byl Conte v Chelsea, tak j\u00ed Everton ve \u010dty\u0159ech z\u00e1pasech nedal g\u00f3l a posledn\u00ed ligov\u00e1 v\u00fdhra Evertonu nad Tottenhamem se datuje do prosince 2012, kdy o v\u00fdh\u0159e v posledn\u00ed minut\u011b rozhodl Jelavi\u0107.<\/p>\n<p><strong>Co:\u00a0<\/strong>Everton FC &#8211; Tottenham Hotspur FC, 11. kolo Premier League<br \/>\n<strong>Kdy:\u00a0<\/strong>7. 11. 2021 od 15:00<br \/>\n<strong>Kde:\u00a0<\/strong>Goodison Park, Liverpool<br \/>\n<strong>TV:\u00a0<\/strong>P\u0159\u00edm\u00fd p\u0159enos na stanici Premier Sport 2<br \/>\n<strong>Rozhod\u010d\u00ed:\u00a0<\/strong>Chris Kavanagh &#8211; Dan Cook, Herry Lennard\u00a0 <strong>\u010ctvrt\u00fd rozhod\u010d\u00ed:\u00a0<\/strong>Anthony Taylor<br \/>\n<strong>Videorozhod\u010d\u00ed:\u00a0<\/strong>Jonathan Moss\u00a0 <strong>Asistent videorozhod\u010d\u00edho:\u00a0<\/strong>Marc Perry<\/p>\n","protected":false},"excerpt":{"rendered":"<p>Everton za\u017e\u00edv\u00e1 slab\u0161\u00ed obdob\u00ed, t\u0159i por\u00e1\u017eky v \u0159ad\u011b jsou toho d\u016fkazem. P\u0159ijde psychick\u00e9 pos\u00edlen\u00ed v podob\u011b bod\u016f p\u0159ed reprezenta\u010dn\u00ed p\u0159est\u00e1vkou? Na Goodison Park p\u0159ij\u00ed\u017ed\u00ed t\u00fdm, kter\u00fd ji\u017e v t\u00e9to sez\u00f3n\u011b vyhodil mana\u017eera.<\/p>\n","protected":false},"author":12,"featured_media":16900,"comment_status":"open","ping_status":"closed","sticky":false,"template":"","format":"standard","meta":{"_eb_attr":"","_monsterinsights_skip_tracking":false,"_monsterinsights_sitenote_active":false,"_monsterinsights_sitenote_note":"","_monsterinsights_sitenote_category":0,"footnotes":""},"categories":[4],"tags":[],"yoast_head":"<!-- This site is optimized with the Yoast SEO plugin v23.4 - https:\/\/yoast.com\/wordpress\/plugins\/seo\/ -->\n<title>Preview: Everton - Tottenham Hotspur - Official Czech &amp; Slovak Everton Supporters&#039; Club<\/title>\n<meta name=\"description\" content=\"Everton za\u017e\u00edv\u00e1 slab\u0161\u00ed obdob\u00ed, t\u0159i por\u00e1\u017eky v \u0159ad\u011b jsou toho d\u016fkazem. P\u0159ijde psychick\u00e9 pos\u00edlen\u00ed v podob\u011b bod\u016f p\u0159ed reprezenta\u010dn\u00ed p\u0159est\u00e1vkou? Na Goodison Park p\u0159ij\u00ed\u017ed\u00ed t\u00fdm, kter\u00fd ji\u017e v t\u00e9to sez\u00f3n\u011b vyhodil mana\u017eera...\" \/>\n<meta name=\"robots\" content=\"index, follow, max-snippet:-1, max-image-preview:large, max-video-preview:-1\" \/>\n<link rel=\"canonical\" href=\"https:\/\/evertonfc.cz\/index.php\/2021\/11\/06\/preview-everton-tottenham-hotspur-11\/\" \/>\n<meta property=\"og:locale\" content=\"cs_CZ\" \/>\n<meta property=\"og:type\" content=\"article\" \/>\n<meta property=\"og:title\" content=\"Preview: Everton - Tottenham Hotspur - Official Czech &amp; Slovak Everton Supporters&#039; Club\" \/>\n<meta property=\"og:description\" content=\"Everton za\u017e\u00edv\u00e1 slab\u0161\u00ed obdob\u00ed, t\u0159i por\u00e1\u017eky v \u0159ad\u011b jsou toho d\u016fkazem. P\u0159ijde psychick\u00e9 pos\u00edlen\u00ed v podob\u011b bod\u016f p\u0159ed reprezenta\u010dn\u00ed p\u0159est\u00e1vkou? Na Goodison Park p\u0159ij\u00ed\u017ed\u00ed t\u00fdm, kter\u00fd ji\u017e v t\u00e9to sez\u00f3n\u011b vyhodil mana\u017eera...\" \/>\n<meta property=\"og:url\" content=\"https:\/\/evertonfc.cz\/index.php\/2021\/11\/06\/preview-everton-tottenham-hotspur-11\/\" \/>\n<meta property=\"og:site_name\" content=\"Official Czech &amp; Slovak Everton Supporters&#039; Club\" \/>\n<meta property=\"article:publisher\" content=\"https:\/\/www.facebook.com\/everton.fans.cz.sk\" \/>\n<meta property=\"article:published_time\" content=\"2021-11-06T15:53:37+00:00\" \/>\n<meta property=\"article:modified_time\" content=\"2021-11-06T17:25:53+00:00\" \/>\n<meta property=\"og:image\" content=\"https:\/\/evertonfc.cz\/wp-content\/uploads\/2021\/11\/Everton-VS-Tottenham-Hotspur.jpg\" \/>\n\t<meta property=\"og:image:width\" content=\"720\" \/>\n\t<meta property=\"og:image:height\" content=\"405\" \/>\n\t<meta property=\"og:image:type\" content=\"image\/jpeg\" \/>\n<meta name=\"author\" content=\"Javor\" \/>\n<meta name=\"twitter:card\" content=\"summary_large_image\" \/>\n<meta name=\"twitter:creator\" content=\"@LoudinJan\" \/>\n<meta name=\"twitter:label1\" content=\"Napsal(a)\" \/>\n\t<meta name=\"twitter:data1\" content=\"Javor\" \/>\n\t<meta name=\"twitter:label2\" content=\"Odhadovan\u00e1 doba \u010dten\u00ed\" \/>\n\t<meta name=\"twitter:data2\" content=\"2 minuty\" \/>\n<script type=\"application\/ld+json\" class=\"yoast-schema-graph\">{\"@context\":\"https:\/\/schema.org\",\"@graph\":[{\"@type\":\"Article\",\"@id\":\"https:\/\/evertonfc.cz\/index.php\/2021\/11\/06\/preview-everton-tottenham-hotspur-11\/#article\",\"isPartOf\":{\"@id\":\"https:\/\/evertonfc.cz\/index.php\/2021\/11\/06\/preview-everton-tottenham-hotspur-11\/\"},\"author\":{\"name\":\"Javor\",\"@id\":\"https:\/\/evertonfc.cz\/#\/schema\/person\/b30daf6a5852f4811f8207a17ec1bf78\"},\"headline\":\"Preview: Everton &#8211; Tottenham Hotspur\",\"datePublished\":\"2021-11-06T15:53:37+00:00\",\"dateModified\":\"2021-11-06T17:25:53+00:00\",\"mainEntityOfPage\":{\"@id\":\"https:\/\/evertonfc.cz\/index.php\/2021\/11\/06\/preview-everton-tottenham-hotspur-11\/\"},\"wordCount\":483,\"commentCount\":6,\"publisher\":{\"@id\":\"https:\/\/evertonfc.cz\/#organization\"},\"image\":{\"@id\":\"https:\/\/evertonfc.cz\/index.php\/2021\/11\/06\/preview-everton-tottenham-hotspur-11\/#primaryimage\"},\"thumbnailUrl\":\"https:\/\/evertonfc.cz\/wp-content\/uploads\/2021\/11\/Everton-VS-Tottenham-Hotspur.jpg\",\"articleSection\":[\"Z\u00e1pasy\"],\"inLanguage\":\"cs\",\"potentialAction\":[{\"@type\":\"CommentAction\",\"name\":\"Comment\",\"target\":[\"https:\/\/evertonfc.cz\/index.php\/2021\/11\/06\/preview-everton-tottenham-hotspur-11\/#respond\"]}]},{\"@type\":\"WebPage\",\"@id\":\"https:\/\/evertonfc.cz\/index.php\/2021\/11\/06\/preview-everton-tottenham-hotspur-11\/\",\"url\":\"https:\/\/evertonfc.cz\/index.php\/2021\/11\/06\/preview-everton-tottenham-hotspur-11\/\",\"name\":\"Preview: Everton - Tottenham Hotspur - Official Czech &amp; Slovak Everton Supporters&#039; Club\",\"isPartOf\":{\"@id\":\"https:\/\/evertonfc.cz\/#website\"},\"primaryImageOfPage\":{\"@id\":\"https:\/\/evertonfc.cz\/index.php\/2021\/11\/06\/preview-everton-tottenham-hotspur-11\/#primaryimage\"},\"image\":{\"@id\":\"https:\/\/evertonfc.cz\/index.php\/2021\/11\/06\/preview-everton-tottenham-hotspur-11\/#primaryimage\"},\"thumbnailUrl\":\"https:\/\/evertonfc.cz\/wp-content\/uploads\/2021\/11\/Everton-VS-Tottenham-Hotspur.jpg\",\"datePublished\":\"2021-11-06T15:53:37+00:00\",\"dateModified\":\"2021-11-06T17:25:53+00:00\",\"description\":\"Everton za\u017e\u00edv\u00e1 slab\u0161\u00ed obdob\u00ed, t\u0159i por\u00e1\u017eky v \u0159ad\u011b jsou toho d\u016fkazem. P\u0159ijde psychick\u00e9 pos\u00edlen\u00ed v podob\u011b bod\u016f p\u0159ed reprezenta\u010dn\u00ed p\u0159est\u00e1vkou? Na Goodison Park p\u0159ij\u00ed\u017ed\u00ed t\u00fdm, kter\u00fd ji\u017e v t\u00e9to sez\u00f3n\u011b vyhodil mana\u017eera...\",\"breadcrumb\":{\"@id\":\"https:\/\/evertonfc.cz\/index.php\/2021\/11\/06\/preview-everton-tottenham-hotspur-11\/#breadcrumb\"},\"inLanguage\":\"cs\",\"potentialAction\":[{\"@type\":\"ReadAction\",\"target\":[\"https:\/\/evertonfc.cz\/index.php\/2021\/11\/06\/preview-everton-tottenham-hotspur-11\/\"]}]},{\"@type\":\"ImageObject\",\"inLanguage\":\"cs\",\"@id\":\"https:\/\/evertonfc.cz\/index.php\/2021\/11\/06\/preview-everton-tottenham-hotspur-11\/#primaryimage\",\"url\":\"https:\/\/evertonfc.cz\/wp-content\/uploads\/2021\/11\/Everton-VS-Tottenham-Hotspur.jpg\",\"contentUrl\":\"https:\/\/evertonfc.cz\/wp-content\/uploads\/2021\/11\/Everton-VS-Tottenham-Hotspur.jpg\",\"width\":720,\"height\":405},{\"@type\":\"BreadcrumbList\",\"@id\":\"https:\/\/evertonfc.cz\/index.php\/2021\/11\/06\/preview-everton-tottenham-hotspur-11\/#breadcrumb\",\"itemListElement\":[{\"@type\":\"ListItem\",\"position\":1,\"name\":\"Home\",\"item\":\"https:\/\/evertonfc.cz\/\"},{\"@type\":\"ListItem\",\"position\":2,\"name\":\"Preview: Everton &#8211; Tottenham Hotspur\"}]},{\"@type\":\"WebSite\",\"@id\":\"https:\/\/evertonfc.cz\/#website\",\"url\":\"https:\/\/evertonfc.cz\/\",\"name\":\"Official Czech &amp; Slovak Everton Supporters&#039; Club\",\"description\":\"\",\"publisher\":{\"@id\":\"https:\/\/evertonfc.cz\/#organization\"},\"potentialAction\":[{\"@type\":\"SearchAction\",\"target\":{\"@type\":\"EntryPoint\",\"urlTemplate\":\"https:\/\/evertonfc.cz\/?s={search_term_string}\"},\"query-input\":{\"@type\":\"PropertyValueSpecification\",\"valueRequired\":true,\"valueName\":\"search_term_string\"}}],\"inLanguage\":\"cs\"},{\"@type\":\"Organization\",\"@id\":\"https:\/\/evertonfc.cz\/#organization\",\"name\":\"Official Czech & Slovak Everton Supporters' Club\",\"url\":\"https:\/\/evertonfc.cz\/\",\"logo\":{\"@type\":\"ImageObject\",\"inLanguage\":\"cs\",\"@id\":\"https:\/\/evertonfc.cz\/#\/schema\/logo\/image\/\",\"url\":\"https:\/\/evertonfc.cz\/wp-content\/uploads\/2019\/05\/logo.png\",\"contentUrl\":\"https:\/\/evertonfc.cz\/wp-content\/uploads\/2019\/05\/logo.png\",\"width\":112,\"height\":112,\"caption\":\"Official Czech & Slovak Everton Supporters' Club\"},\"image\":{\"@id\":\"https:\/\/evertonfc.cz\/#\/schema\/logo\/image\/\"},\"sameAs\":[\"https:\/\/www.facebook.com\/everton.fans.cz.sk\"]},{\"@type\":\"Person\",\"@id\":\"https:\/\/evertonfc.cz\/#\/schema\/person\/b30daf6a5852f4811f8207a17ec1bf78\",\"name\":\"Javor\",\"sameAs\":[\"https:\/\/x.com\/LoudinJan\"],\"url\":\"https:\/\/evertonfc.cz\/index.php\/author\/javor\/\"}]}<\/script>\n<!-- \/ Yoast SEO plugin. -->","yoast_head_json":{"title":"Preview: Everton - Tottenham Hotspur - Official Czech &amp; Slovak Everton Supporters&#039; Club","description":"Everton za\u017e\u00edv\u00e1 slab\u0161\u00ed obdob\u00ed, t\u0159i por\u00e1\u017eky v \u0159ad\u011b jsou toho d\u016fkazem. P\u0159ijde psychick\u00e9 pos\u00edlen\u00ed v podob\u011b bod\u016f p\u0159ed reprezenta\u010dn\u00ed p\u0159est\u00e1vkou? Na Goodison Park p\u0159ij\u00ed\u017ed\u00ed t\u00fdm, kter\u00fd ji\u017e v t\u00e9to sez\u00f3n\u011b vyhodil mana\u017eera...","robots":{"index":"index","follow":"follow","max-snippet":"max-snippet:-1","max-image-preview":"max-image-preview:large","max-video-preview":"max-video-preview:-1"},"canonical":"https:\/\/evertonfc.cz\/index.php\/2021\/11\/06\/preview-everton-tottenham-hotspur-11\/","og_locale":"cs_CZ","og_type":"article","og_title":"Preview: Everton - Tottenham Hotspur - Official Czech &amp; Slovak Everton Supporters&#039; Club","og_description":"Everton za\u017e\u00edv\u00e1 slab\u0161\u00ed obdob\u00ed, t\u0159i por\u00e1\u017eky v \u0159ad\u011b jsou toho d\u016fkazem. P\u0159ijde psychick\u00e9 pos\u00edlen\u00ed v podob\u011b bod\u016f p\u0159ed reprezenta\u010dn\u00ed p\u0159est\u00e1vkou? Na Goodison Park p\u0159ij\u00ed\u017ed\u00ed t\u00fdm, kter\u00fd ji\u017e v t\u00e9to sez\u00f3n\u011b vyhodil mana\u017eera...","og_url":"https:\/\/evertonfc.cz\/index.php\/2021\/11\/06\/preview-everton-tottenham-hotspur-11\/","og_site_name":"Official Czech &amp; Slovak Everton Supporters&#039; Club","article_publisher":"https:\/\/www.facebook.com\/everton.fans.cz.sk","article_published_time":"2021-11-06T15:53:37+00:00","article_modified_time":"2021-11-06T17:25:53+00:00","og_image":[{"width":720,"height":405,"url":"https:\/\/evertonfc.cz\/wp-content\/uploads\/2021\/11\/Everton-VS-Tottenham-Hotspur.jpg","type":"image\/jpeg"}],"author":"Javor","twitter_card":"summary_large_image","twitter_creator":"@LoudinJan","twitter_misc":{"Napsal(a)":"Javor","Odhadovan\u00e1 doba \u010dten\u00ed":"2 minuty"},"schema":{"@context":"https:\/\/schema.org","@graph":[{"@type":"Article","@id":"https:\/\/evertonfc.cz\/index.php\/2021\/11\/06\/preview-everton-tottenham-hotspur-11\/#article","isPartOf":{"@id":"https:\/\/evertonfc.cz\/index.php\/2021\/11\/06\/preview-everton-tottenham-hotspur-11\/"},"author":{"name":"Javor","@id":"https:\/\/evertonfc.cz\/#\/schema\/person\/b30daf6a5852f4811f8207a17ec1bf78"},"headline":"Preview: Everton &#8211; Tottenham Hotspur","datePublished":"2021-11-06T15:53:37+00:00","dateModified":"2021-11-06T17:25:53+00:00","mainEntityOfPage":{"@id":"https:\/\/evertonfc.cz\/index.php\/2021\/11\/06\/preview-everton-tottenham-hotspur-11\/"},"wordCount":483,"commentCount":6,"publisher":{"@id":"https:\/\/evertonfc.cz\/#organization"},"image":{"@id":"https:\/\/evertonfc.cz\/index.php\/2021\/11\/06\/preview-everton-tottenham-hotspur-11\/#primaryimage"},"thumbnailUrl":"https:\/\/evertonfc.cz\/wp-content\/uploads\/2021\/11\/Everton-VS-Tottenham-Hotspur.jpg","articleSection":["Z\u00e1pasy"],"inLanguage":"cs","potentialAction":[{"@type":"CommentAction","name":"Comment","target":["https:\/\/evertonfc.cz\/index.php\/2021\/11\/06\/preview-everton-tottenham-hotspur-11\/#respond"]}]},{"@type":"WebPage","@id":"https:\/\/evertonfc.cz\/index.php\/2021\/11\/06\/preview-everton-tottenham-hotspur-11\/","url":"https:\/\/evertonfc.cz\/index.php\/2021\/11\/06\/preview-everton-tottenham-hotspur-11\/","name":"Preview: Everton - Tottenham Hotspur - Official Czech &amp; Slovak Everton Supporters&#039; Club","isPartOf":{"@id":"https:\/\/evertonfc.cz\/#website"},"primaryImageOfPage":{"@id":"https:\/\/evertonfc.cz\/index.php\/2021\/11\/06\/preview-everton-tottenham-hotspur-11\/#primaryimage"},"image":{"@id":"https:\/\/evertonfc.cz\/index.php\/2021\/11\/06\/preview-everton-tottenham-hotspur-11\/#primaryimage"},"thumbnailUrl":"https:\/\/evertonfc.cz\/wp-content\/uploads\/2021\/11\/Everton-VS-Tottenham-Hotspur.jpg","datePublished":"2021-11-06T15:53:37+00:00","dateModified":"2021-11-06T17:25:53+00:00","description":"Everton za\u017e\u00edv\u00e1 slab\u0161\u00ed obdob\u00ed, t\u0159i por\u00e1\u017eky v \u0159ad\u011b jsou toho d\u016fkazem. P\u0159ijde psychick\u00e9 pos\u00edlen\u00ed v podob\u011b bod\u016f p\u0159ed reprezenta\u010dn\u00ed p\u0159est\u00e1vkou? Na Goodison Park p\u0159ij\u00ed\u017ed\u00ed t\u00fdm, kter\u00fd ji\u017e v t\u00e9to sez\u00f3n\u011b vyhodil mana\u017eera...","breadcrumb":{"@id":"https:\/\/evertonfc.cz\/index.php\/2021\/11\/06\/preview-everton-tottenham-hotspur-11\/#breadcrumb"},"inLanguage":"cs","potentialAction":[{"@type":"ReadAction","target":["https:\/\/evertonfc.cz\/index.php\/2021\/11\/06\/preview-everton-tottenham-hotspur-11\/"]}]},{"@type":"ImageObject","inLanguage":"cs","@id":"https:\/\/evertonfc.cz\/index.php\/2021\/11\/06\/preview-everton-tottenham-hotspur-11\/#primaryimage","url":"https:\/\/evertonfc.cz\/wp-content\/uploads\/2021\/11\/Everton-VS-Tottenham-Hotspur.jpg","contentUrl":"https:\/\/evertonfc.cz\/wp-content\/uploads\/2021\/11\/Everton-VS-Tottenham-Hotspur.jpg","width":720,"height":405},{"@type":"BreadcrumbList","@id":"https:\/\/evertonfc.cz\/index.php\/2021\/11\/06\/preview-everton-tottenham-hotspur-11\/#breadcrumb","itemListElement":[{"@type":"ListItem","position":1,"name":"Home","item":"https:\/\/evertonfc.cz\/"},{"@type":"ListItem","position":2,"name":"Preview: Everton &#8211; Tottenham Hotspur"}]},{"@type":"WebSite","@id":"https:\/\/evertonfc.cz\/#website","url":"https:\/\/evertonfc.cz\/","name":"Official Czech &amp; Slovak Everton Supporters&#039; Club","description":"","publisher":{"@id":"https:\/\/evertonfc.cz\/#organization"},"potentialAction":[{"@type":"SearchAction","target":{"@type":"EntryPoint","urlTemplate":"https:\/\/evertonfc.cz\/?s={search_term_string}"},"query-input":{"@type":"PropertyValueSpecification","valueRequired":true,"valueName":"search_term_string"}}],"inLanguage":"cs"},{"@type":"Organization","@id":"https:\/\/evertonfc.cz\/#organization","name":"Official Czech & Slovak Everton Supporters' Club","url":"https:\/\/evertonfc.cz\/","logo":{"@type":"ImageObject","inLanguage":"cs","@id":"https:\/\/evertonfc.cz\/#\/schema\/logo\/image\/","url":"https:\/\/evertonfc.cz\/wp-content\/uploads\/2019\/05\/logo.png","contentUrl":"https:\/\/evertonfc.cz\/wp-content\/uploads\/2019\/05\/logo.png","width":112,"height":112,"caption":"Official Czech & Slovak Everton Supporters' Club"},"image":{"@id":"https:\/\/evertonfc.cz\/#\/schema\/logo\/image\/"},"sameAs":["https:\/\/www.facebook.com\/everton.fans.cz.sk"]},{"@type":"Person","@id":"https:\/\/evertonfc.cz\/#\/schema\/person\/b30daf6a5852f4811f8207a17ec1bf78","name":"Javor","sameAs":["https:\/\/x.com\/LoudinJan"],"url":"https:\/\/evertonfc.cz\/index.php\/author\/javor\/"}]}},"_links":{"self":[{"href":"https:\/\/evertonfc.cz\/index.php\/wp-json\/wp\/v2\/posts\/16891"}],"collection":[{"href":"https:\/\/evertonfc.cz\/index.php\/wp-json\/wp\/v2\/posts"}],"about":[{"href":"https:\/\/evertonfc.cz\/index.php\/wp-json\/wp\/v2\/types\/post"}],"author":[{"embeddable":true,"href":"https:\/\/evertonfc.cz\/index.php\/wp-json\/wp\/v2\/users\/12"}],"replies":[{"embeddable":true,"href":"https:\/\/evertonfc.cz\/index.php\/wp-json\/wp\/v2\/comments?post=16891"}],"version-history":[{"count":3,"href":"https:\/\/evertonfc.cz\/index.php\/wp-json\/wp\/v2\/posts\/16891\/revisions"}],"predecessor-version":[{"id":16903,"href":"https:\/\/evertonfc.cz\/index.php\/wp-json\/wp\/v2\/posts\/16891\/revisions\/16903"}],"wp:featuredmedia":[{"embeddable":true,"href":"https:\/\/evertonfc.cz\/index.php\/wp-json\/wp\/v2\/media\/16900"}],"wp:attachment":[{"href":"https:\/\/evertonfc.cz\/index.php\/wp-json\/wp\/v2\/media?parent=16891"}],"wp:term":[{"taxonomy":"category","embeddable":true,"href":"https:\/\/evertonfc.cz\/index.php\/wp-json\/wp\/v2\/categories?post=16891"},{"taxonomy":"post_tag","embeddable":true,"href":"https:\/\/evertonfc.cz\/index.php\/wp-json\/wp\/v2\/tags?post=16891"}],"curies":[{"name":"wp","href":"https:\/\/api.w.org\/{rel}","templated":true}]}}