{"id":16909,"date":"2021-11-07T11:23:42","date_gmt":"2021-11-07T10:23:42","guid":{"rendered":"https:\/\/evertonfc.cz\/?p=16909"},"modified":"2022-05-11T09:23:06","modified_gmt":"2022-05-11T07:23:06","slug":"everton-w-brighton-and-hove-albion-w-01","status":"publish","type":"post","link":"https:\/\/evertonfc.cz\/index.php\/2021\/11\/07\/everton-w-brighton-and-hove-albion-w-01\/","title":{"rendered":"Everton W &#8211; Brighton &#038; Hove Albion W 0:1"},"content":{"rendered":"<h4>Dom\u00e1c\u00ed p\u0159edstaven\u00ed nov\u00e9ho mana\u017eera v z\u00e1pase, ve kter\u00e9m Everton nal\u00e9hav\u011b pot\u0159eboval bodovat. Bohu\u017eel, nezda\u0159ilo se.<\/h4>\n<p>V\u00edtr a d\u00e9\u0161\u0165 znep\u0159\u00edjem\u0148ovaly z\u00e1pas, ve kter\u00e9m dosud t\u00e1paj\u00edc\u00ed Everton pot\u0159eboval z\u00edskat body na \u00fakor rozjet\u00e9ho Brightonu. Racci moment\u00e1ln\u011b h\u0159aduj\u00ed na p\u011bkn\u00e9m t\u0159et\u00edm m\u00edst\u011b tabulky, tak\u017ee bylo mo\u017en\u00e9 o\u010dek\u00e1vat urputnou bitvu.\u00a0 Na\u0161e sestava byla stejn\u00e1, jako ve st\u0159ede\u010dn\u00edm poh\u00e1rov\u00e9m z\u00e1pase, zato v\u00fdkon polovi\u010dn\u00ed.<\/p>\n<h4>Prvn\u00ed polo\u010das<\/h4>\n<p>za\u010dal podle o\u010dek\u00e1v\u00e1n\u00ed ost\u0159e. N\u00e1\u0161 nad\u011bjn\u00fd \u00favod zhatil ofsajd Christiansen, na druh\u00e9 stran\u011b vyrazila k \u00fatoku Lee, ale jej\u00ed kros byl promptn\u011b zlikvidov\u00e1n. Nad\u011bjn\u011b zpo\u010d\u00e1tku\u00a0 vypadala i akce Duggan, ale ani z t\u00e9 nakonec nic kloudn\u00e9ho nebylo. Sevecke se je\u0161t\u011b pokou\u0161ela zakon\u010dit po rohu Christiansen, ale t\u00edm tak na\u0161e ofenzivn\u00ed snahy skon\u010dily. Brighton za\u010dal b\u00fdt na koni. Velmi pomal\u00e1 v\u00fdstavba akc\u00ed Evertonu spojen\u00e1 s mnoha nep\u0159esnostmi ne\u010dinila rack\u016fm \u017e\u00e1dn\u00e9 pot\u00ed\u017ee a naopak jejich vysok\u00fd presing vedl Everton do \u00fazk\u00fdch. Le Tissier zahr\u00e1la p\u0159\u00edm\u00fd kop, se kter\u00fdm m\u011bla MacIver pot\u00ed\u017ee a Bj\u00f6rn musela vykop\u00e1vat m\u00ed\u010d z brankov\u00e9 \u010d\u00e1ry. To bylo z polo\u010dasu asi tak v\u0161e, zb\u00fdvaj\u00edc\u00ed minuty se dohr\u00e1valy za oboustrann\u011b nevaln\u00e9ho v\u00fdkonu.<\/p>\n<h4>Druh\u00fd polo\u010das<\/h4>\n<p>Pokra\u010doval tam, kde prvn\u00ed skon\u010dil. Obrany obou t\u00fdm\u016f rozb\u00edjely nep\u0159esn\u00e9 \u00fato\u010dn\u00e9 snahy na obou stran\u00e1ch. Vasseur zareagoval na v\u00fdvoj z\u00e1pasu vyst\u0159\u00edd\u00e1n\u00edm Emslie nam\u00edsto Bennison, od \u010deho\u017e se dalo \u010dekat ur\u010dit\u00e9 o\u017eiven\u00ed. A \u017eivo skute\u010dn\u011b bylo, bohu\u017eel p\u0159ed na\u0161\u00ed brankou: Whelan uklidila hlavou do s\u00edt\u011b kros od Carter &#8211; <strong>0:1<\/strong>. Ale abychom Claire nek\u0159ivdili, jej\u00edm p\u0159\u00edchodem se na\u0161e hra opravdu trochu zvedla. Za chv\u00edli odpov\u011bd\u011bla docela zda\u0159ilou st\u0159elou z d\u00e1lky, kterou ale zlikvidovala pozorn\u00e1 Walsh. Nic dal\u0161\u00edho jsme ov\u0161em nevymysleli. P\u0159esto\u017ee se na h\u0159i\u0161t\u011b postupn\u011b dostaly \u010derstv\u00e9 s\u00edly v podob\u011b\u00a0 Gauvin, Magill a Graham, nepoda\u0159ilo se n\u00e1m v\u00e1\u017en\u011bji ohrozit branku soupe\u0159ek. Mo\u017en\u00e1 i proto, \u017ee k p\u0159\u00edchodu\u00a0 Magill a Graham do\u0161lo doslova a\u017e v posledn\u00edch minut\u00e1ch. Hra se nav\u00edc postupn\u011b kouskovala, Brighton se zbyte\u010dn\u011b za ni\u010d\u00edm nehnal. Posledn\u00ed \u0161anci na \u00fapravu sk\u00f3re m\u011bla t\u011bsn\u011b p\u0159ed koncem z\u00e1pasu Emslie z p\u0159\u00edm\u00e9ho kopu po jej\u00edm sejmut\u00ed brank\u00e1\u0159kou soupe\u0159ek. Ale ani tuto posledn\u00ed mo\u017enost na bod jsme nevyu\u017eili.<\/p>\n<h4>Shrnut\u00ed<\/h4>\n<p>Je pravda, \u017ee pov\u011btrnostn\u00ed podm\u00ednky pohledn\u00e9mu fotbalu nep\u0159\u00e1ly, ale i tak byl n\u00e1\u0161 v\u00fdkon neuspokojiv\u00fd. Pokud jsem pova\u017eoval poh\u00e1rov\u00fd z\u00e1pas bl\u00fdsk\u00e1n\u00edm na lep\u0161\u00ed \u010dasy, tak nyn\u00ed se op\u011bt objevily star\u00e9 zn\u00e1m\u00e9 pot\u00ed\u017ee. Zjevn\u011b n\u00e1m sv\u011bd\u010d\u00ed soupe\u0159i je\u0161t\u011b zoufalej\u0161\u00ed ne\u017e my, kte\u0159\u00ed n\u00e1m poskytnou dostatek \u010dasu ke zpracov\u00e1n\u00ed a odehr\u00e1n\u00ed m\u00ed\u010de. Jakmile naraz\u00edme na n\u011bkoho, kdo se neboj\u00ed presovat, tak\u00a0 nest\u00edh\u00e1me a vr\u0161\u00edme chyby. Snad jedin\u011b Emslie s Dali jsou schopn\u00e9 za t\u00e9to situace n\u011bco vymyslet. V\u011b\u0159me, \u017ee nov\u00fd mana\u017eer najde zp\u016fsob a hr\u00e1\u010dky najdou odvahu a schopnosti jak hru podstatn\u011b zlep\u0161it. Pokud ne, \u010dek\u00e1 n\u00e1s sez\u00f3na v doln\u00ed polovin\u011b tabulky. Moment\u00e1ln\u011b jsme na 8. p\u0159\u00ed\u010de se 6 body a pasivn\u00edm sk\u00f3re -7 branek. V\u0161echny t\u00fdmy za n\u00e1mi maj\u00ed z\u00e1pas k dobru. Come on, you blue girls!<\/p>\n<p style=\"text-align: right;\"><span style=\"font-size: 8pt;\"><em>Fotografie: Dan Turner (zdroj: www.skysports.com)<\/em><\/span><\/p>\n<p><strong>Sest\u0159ih z\u00e1pasu:<\/strong><a href=\"https:\/\/www.youtube.com\/watch?v=8Z43CWyYp8c\" target=\"_blank\" rel=\"noopener\">\u00a0YouTube<\/a><\/p>\n<p><strong>Everton (4-3-3): <\/strong>MacIver &#8211; Sevecke, Bj\u00f6rn, George, Turner (Pattinson 89\u00b4) &#8211; Christiansen (Graham 89\u00b4), Galli, Bennison (Emslie 60\u00b4)- Dali, Duggan (Gauvin 76\u00b4), Anveg\u00e5rd (Magill 89\u00b4)<\/p>\n<p><strong>Brighton (5-3-2):<\/strong> Walsh &#8211; Koivisto, Le Tissier, Kerkdijk (Brazil 76\u00b4), Williams, Gibbons &#8211; Kaagman (Symonds 83\u00b4), Connolly, Whelan- Carter, Lee<\/p>\n","protected":false},"excerpt":{"rendered":"<p>Dom\u00e1c\u00ed p\u0159edstaven\u00ed nov\u00e9ho mana\u017eera v z\u00e1pase, ve kter\u00e9m Everton nal\u00e9hav\u011b pot\u0159eboval bodovat. Bohu\u017eel, nezda\u0159ilo se.<\/p>\n","protected":false},"author":26,"featured_media":16917,"comment_status":"open","ping_status":"closed","sticky":false,"template":"","format":"standard","meta":{"_eb_attr":"","_monsterinsights_skip_tracking":false,"_monsterinsights_sitenote_active":false,"_monsterinsights_sitenote_note":"","_monsterinsights_sitenote_category":0,"footnotes":""},"categories":[110],"tags":[],"yoast_head":"<!-- This site is optimized with the Yoast SEO plugin v23.4 - https:\/\/yoast.com\/wordpress\/plugins\/seo\/ -->\n<title>Everton W - Brighton &amp; Hove Albion W 0:1 - Official Czech &amp; Slovak Everton Supporters&#039; Club<\/title>\n<meta name=\"robots\" content=\"index, follow, max-snippet:-1, max-image-preview:large, max-video-preview:-1\" \/>\n<link rel=\"canonical\" href=\"https:\/\/evertonfc.cz\/index.php\/2021\/11\/07\/everton-w-brighton-and-hove-albion-w-01\/\" \/>\n<meta property=\"og:locale\" content=\"cs_CZ\" \/>\n<meta property=\"og:type\" content=\"article\" \/>\n<meta property=\"og:title\" content=\"Everton W - Brighton &amp; Hove Albion W 0:1 - Official Czech &amp; Slovak Everton Supporters&#039; Club\" \/>\n<meta property=\"og:description\" content=\"Dom\u00e1c\u00ed p\u0159edstaven\u00ed nov\u00e9ho mana\u017eera v z\u00e1pase, ve kter\u00e9m Everton nal\u00e9hav\u011b pot\u0159eboval bodovat. Bohu\u017eel, nezda\u0159ilo se.\" \/>\n<meta property=\"og:url\" content=\"https:\/\/evertonfc.cz\/index.php\/2021\/11\/07\/everton-w-brighton-and-hove-albion-w-01\/\" \/>\n<meta property=\"og:site_name\" content=\"Official Czech &amp; Slovak Everton Supporters&#039; Club\" \/>\n<meta property=\"article:publisher\" content=\"https:\/\/www.facebook.com\/everton.fans.cz.sk\" \/>\n<meta property=\"article:published_time\" content=\"2021-11-07T10:23:42+00:00\" \/>\n<meta property=\"article:modified_time\" content=\"2022-05-11T07:23:06+00:00\" \/>\n<meta property=\"og:image\" content=\"https:\/\/evertonfc.cz\/wp-content\/uploads\/2021\/11\/Turner-vs-Brighton-6_11_2021_web.jpg\" \/>\n\t<meta property=\"og:image:width\" content=\"720\" \/>\n\t<meta property=\"og:image:height\" content=\"405\" \/>\n\t<meta property=\"og:image:type\" content=\"image\/jpeg\" \/>\n<meta name=\"author\" content=\"Karamela\" \/>\n<meta name=\"twitter:card\" content=\"summary_large_image\" \/>\n<meta name=\"twitter:label1\" content=\"Napsal(a)\" \/>\n\t<meta name=\"twitter:data1\" content=\"Karamela\" \/>\n\t<meta name=\"twitter:label2\" content=\"Odhadovan\u00e1 doba \u010dten\u00ed\" \/>\n\t<meta name=\"twitter:data2\" content=\"3 minuty\" \/>\n<script type=\"application\/ld+json\" class=\"yoast-schema-graph\">{\"@context\":\"https:\/\/schema.org\",\"@graph\":[{\"@type\":\"Article\",\"@id\":\"https:\/\/evertonfc.cz\/index.php\/2021\/11\/07\/everton-w-brighton-and-hove-albion-w-01\/#article\",\"isPartOf\":{\"@id\":\"https:\/\/evertonfc.cz\/index.php\/2021\/11\/07\/everton-w-brighton-and-hove-albion-w-01\/\"},\"author\":{\"name\":\"Karamela\",\"@id\":\"https:\/\/evertonfc.cz\/#\/schema\/person\/e9a24a80a32efa1344dd2c4e5882185c\"},\"headline\":\"Everton W &#8211; Brighton &#038; Hove Albion W 0:1\",\"datePublished\":\"2021-11-07T10:23:42+00:00\",\"dateModified\":\"2022-05-11T07:23:06+00:00\",\"mainEntityOfPage\":{\"@id\":\"https:\/\/evertonfc.cz\/index.php\/2021\/11\/07\/everton-w-brighton-and-hove-albion-w-01\/\"},\"wordCount\":699,\"commentCount\":3,\"publisher\":{\"@id\":\"https:\/\/evertonfc.cz\/#organization\"},\"image\":{\"@id\":\"https:\/\/evertonfc.cz\/index.php\/2021\/11\/07\/everton-w-brighton-and-hove-albion-w-01\/#primaryimage\"},\"thumbnailUrl\":\"https:\/\/evertonfc.cz\/wp-content\/uploads\/2021\/11\/Turner-vs-Brighton-6_11_2021_web.jpg\",\"articleSection\":[\"Everton Women\"],\"inLanguage\":\"cs\",\"potentialAction\":[{\"@type\":\"CommentAction\",\"name\":\"Comment\",\"target\":[\"https:\/\/evertonfc.cz\/index.php\/2021\/11\/07\/everton-w-brighton-and-hove-albion-w-01\/#respond\"]}]},{\"@type\":\"WebPage\",\"@id\":\"https:\/\/evertonfc.cz\/index.php\/2021\/11\/07\/everton-w-brighton-and-hove-albion-w-01\/\",\"url\":\"https:\/\/evertonfc.cz\/index.php\/2021\/11\/07\/everton-w-brighton-and-hove-albion-w-01\/\",\"name\":\"Everton W - Brighton & Hove Albion W 0:1 - Official Czech &amp; Slovak Everton Supporters&#039; Club\",\"isPartOf\":{\"@id\":\"https:\/\/evertonfc.cz\/#website\"},\"primaryImageOfPage\":{\"@id\":\"https:\/\/evertonfc.cz\/index.php\/2021\/11\/07\/everton-w-brighton-and-hove-albion-w-01\/#primaryimage\"},\"image\":{\"@id\":\"https:\/\/evertonfc.cz\/index.php\/2021\/11\/07\/everton-w-brighton-and-hove-albion-w-01\/#primaryimage\"},\"thumbnailUrl\":\"https:\/\/evertonfc.cz\/wp-content\/uploads\/2021\/11\/Turner-vs-Brighton-6_11_2021_web.jpg\",\"datePublished\":\"2021-11-07T10:23:42+00:00\",\"dateModified\":\"2022-05-11T07:23:06+00:00\",\"breadcrumb\":{\"@id\":\"https:\/\/evertonfc.cz\/index.php\/2021\/11\/07\/everton-w-brighton-and-hove-albion-w-01\/#breadcrumb\"},\"inLanguage\":\"cs\",\"potentialAction\":[{\"@type\":\"ReadAction\",\"target\":[\"https:\/\/evertonfc.cz\/index.php\/2021\/11\/07\/everton-w-brighton-and-hove-albion-w-01\/\"]}]},{\"@type\":\"ImageObject\",\"inLanguage\":\"cs\",\"@id\":\"https:\/\/evertonfc.cz\/index.php\/2021\/11\/07\/everton-w-brighton-and-hove-albion-w-01\/#primaryimage\",\"url\":\"https:\/\/evertonfc.cz\/wp-content\/uploads\/2021\/11\/Turner-vs-Brighton-6_11_2021_web.jpg\",\"contentUrl\":\"https:\/\/evertonfc.cz\/wp-content\/uploads\/2021\/11\/Turner-vs-Brighton-6_11_2021_web.jpg\",\"width\":720,\"height\":405},{\"@type\":\"BreadcrumbList\",\"@id\":\"https:\/\/evertonfc.cz\/index.php\/2021\/11\/07\/everton-w-brighton-and-hove-albion-w-01\/#breadcrumb\",\"itemListElement\":[{\"@type\":\"ListItem\",\"position\":1,\"name\":\"Home\",\"item\":\"https:\/\/evertonfc.cz\/\"},{\"@type\":\"ListItem\",\"position\":2,\"name\":\"Everton W &#8211; Brighton &#038; Hove Albion W 0:1\"}]},{\"@type\":\"WebSite\",\"@id\":\"https:\/\/evertonfc.cz\/#website\",\"url\":\"https:\/\/evertonfc.cz\/\",\"name\":\"Official Czech &amp; Slovak Everton Supporters&#039; Club\",\"description\":\"\",\"publisher\":{\"@id\":\"https:\/\/evertonfc.cz\/#organization\"},\"potentialAction\":[{\"@type\":\"SearchAction\",\"target\":{\"@type\":\"EntryPoint\",\"urlTemplate\":\"https:\/\/evertonfc.cz\/?s={search_term_string}\"},\"query-input\":{\"@type\":\"PropertyValueSpecification\",\"valueRequired\":true,\"valueName\":\"search_term_string\"}}],\"inLanguage\":\"cs\"},{\"@type\":\"Organization\",\"@id\":\"https:\/\/evertonfc.cz\/#organization\",\"name\":\"Official Czech & Slovak Everton Supporters' Club\",\"url\":\"https:\/\/evertonfc.cz\/\",\"logo\":{\"@type\":\"ImageObject\",\"inLanguage\":\"cs\",\"@id\":\"https:\/\/evertonfc.cz\/#\/schema\/logo\/image\/\",\"url\":\"https:\/\/evertonfc.cz\/wp-content\/uploads\/2019\/05\/logo.png\",\"contentUrl\":\"https:\/\/evertonfc.cz\/wp-content\/uploads\/2019\/05\/logo.png\",\"width\":112,\"height\":112,\"caption\":\"Official Czech & Slovak Everton Supporters' Club\"},\"image\":{\"@id\":\"https:\/\/evertonfc.cz\/#\/schema\/logo\/image\/\"},\"sameAs\":[\"https:\/\/www.facebook.com\/everton.fans.cz.sk\"]},{\"@type\":\"Person\",\"@id\":\"https:\/\/evertonfc.cz\/#\/schema\/person\/e9a24a80a32efa1344dd2c4e5882185c\",\"name\":\"Karamela\",\"url\":\"https:\/\/evertonfc.cz\/index.php\/author\/karamela\/\"}]}<\/script>\n<!-- \/ Yoast SEO plugin. -->","yoast_head_json":{"title":"Everton W - Brighton & Hove Albion W 0:1 - Official Czech &amp; Slovak Everton Supporters&#039; Club","robots":{"index":"index","follow":"follow","max-snippet":"max-snippet:-1","max-image-preview":"max-image-preview:large","max-video-preview":"max-video-preview:-1"},"canonical":"https:\/\/evertonfc.cz\/index.php\/2021\/11\/07\/everton-w-brighton-and-hove-albion-w-01\/","og_locale":"cs_CZ","og_type":"article","og_title":"Everton W - Brighton & Hove Albion W 0:1 - Official Czech &amp; Slovak Everton Supporters&#039; Club","og_description":"Dom\u00e1c\u00ed p\u0159edstaven\u00ed nov\u00e9ho mana\u017eera v z\u00e1pase, ve kter\u00e9m Everton nal\u00e9hav\u011b pot\u0159eboval bodovat. Bohu\u017eel, nezda\u0159ilo se.","og_url":"https:\/\/evertonfc.cz\/index.php\/2021\/11\/07\/everton-w-brighton-and-hove-albion-w-01\/","og_site_name":"Official Czech &amp; Slovak Everton Supporters&#039; Club","article_publisher":"https:\/\/www.facebook.com\/everton.fans.cz.sk","article_published_time":"2021-11-07T10:23:42+00:00","article_modified_time":"2022-05-11T07:23:06+00:00","og_image":[{"width":720,"height":405,"url":"https:\/\/evertonfc.cz\/wp-content\/uploads\/2021\/11\/Turner-vs-Brighton-6_11_2021_web.jpg","type":"image\/jpeg"}],"author":"Karamela","twitter_card":"summary_large_image","twitter_misc":{"Napsal(a)":"Karamela","Odhadovan\u00e1 doba \u010dten\u00ed":"3 minuty"},"schema":{"@context":"https:\/\/schema.org","@graph":[{"@type":"Article","@id":"https:\/\/evertonfc.cz\/index.php\/2021\/11\/07\/everton-w-brighton-and-hove-albion-w-01\/#article","isPartOf":{"@id":"https:\/\/evertonfc.cz\/index.php\/2021\/11\/07\/everton-w-brighton-and-hove-albion-w-01\/"},"author":{"name":"Karamela","@id":"https:\/\/evertonfc.cz\/#\/schema\/person\/e9a24a80a32efa1344dd2c4e5882185c"},"headline":"Everton W &#8211; Brighton &#038; Hove Albion W 0:1","datePublished":"2021-11-07T10:23:42+00:00","dateModified":"2022-05-11T07:23:06+00:00","mainEntityOfPage":{"@id":"https:\/\/evertonfc.cz\/index.php\/2021\/11\/07\/everton-w-brighton-and-hove-albion-w-01\/"},"wordCount":699,"commentCount":3,"publisher":{"@id":"https:\/\/evertonfc.cz\/#organization"},"image":{"@id":"https:\/\/evertonfc.cz\/index.php\/2021\/11\/07\/everton-w-brighton-and-hove-albion-w-01\/#primaryimage"},"thumbnailUrl":"https:\/\/evertonfc.cz\/wp-content\/uploads\/2021\/11\/Turner-vs-Brighton-6_11_2021_web.jpg","articleSection":["Everton Women"],"inLanguage":"cs","potentialAction":[{"@type":"CommentAction","name":"Comment","target":["https:\/\/evertonfc.cz\/index.php\/2021\/11\/07\/everton-w-brighton-and-hove-albion-w-01\/#respond"]}]},{"@type":"WebPage","@id":"https:\/\/evertonfc.cz\/index.php\/2021\/11\/07\/everton-w-brighton-and-hove-albion-w-01\/","url":"https:\/\/evertonfc.cz\/index.php\/2021\/11\/07\/everton-w-brighton-and-hove-albion-w-01\/","name":"Everton W - Brighton & Hove Albion W 0:1 - Official Czech &amp; Slovak Everton Supporters&#039; Club","isPartOf":{"@id":"https:\/\/evertonfc.cz\/#website"},"primaryImageOfPage":{"@id":"https:\/\/evertonfc.cz\/index.php\/2021\/11\/07\/everton-w-brighton-and-hove-albion-w-01\/#primaryimage"},"image":{"@id":"https:\/\/evertonfc.cz\/index.php\/2021\/11\/07\/everton-w-brighton-and-hove-albion-w-01\/#primaryimage"},"thumbnailUrl":"https:\/\/evertonfc.cz\/wp-content\/uploads\/2021\/11\/Turner-vs-Brighton-6_11_2021_web.jpg","datePublished":"2021-11-07T10:23:42+00:00","dateModified":"2022-05-11T07:23:06+00:00","breadcrumb":{"@id":"https:\/\/evertonfc.cz\/index.php\/2021\/11\/07\/everton-w-brighton-and-hove-albion-w-01\/#breadcrumb"},"inLanguage":"cs","potentialAction":[{"@type":"ReadAction","target":["https:\/\/evertonfc.cz\/index.php\/2021\/11\/07\/everton-w-brighton-and-hove-albion-w-01\/"]}]},{"@type":"ImageObject","inLanguage":"cs","@id":"https:\/\/evertonfc.cz\/index.php\/2021\/11\/07\/everton-w-brighton-and-hove-albion-w-01\/#primaryimage","url":"https:\/\/evertonfc.cz\/wp-content\/uploads\/2021\/11\/Turner-vs-Brighton-6_11_2021_web.jpg","contentUrl":"https:\/\/evertonfc.cz\/wp-content\/uploads\/2021\/11\/Turner-vs-Brighton-6_11_2021_web.jpg","width":720,"height":405},{"@type":"BreadcrumbList","@id":"https:\/\/evertonfc.cz\/index.php\/2021\/11\/07\/everton-w-brighton-and-hove-albion-w-01\/#breadcrumb","itemListElement":[{"@type":"ListItem","position":1,"name":"Home","item":"https:\/\/evertonfc.cz\/"},{"@type":"ListItem","position":2,"name":"Everton W &#8211; Brighton &#038; Hove Albion W 0:1"}]},{"@type":"WebSite","@id":"https:\/\/evertonfc.cz\/#website","url":"https:\/\/evertonfc.cz\/","name":"Official Czech &amp; Slovak Everton Supporters&#039; Club","description":"","publisher":{"@id":"https:\/\/evertonfc.cz\/#organization"},"potentialAction":[{"@type":"SearchAction","target":{"@type":"EntryPoint","urlTemplate":"https:\/\/evertonfc.cz\/?s={search_term_string}"},"query-input":{"@type":"PropertyValueSpecification","valueRequired":true,"valueName":"search_term_string"}}],"inLanguage":"cs"},{"@type":"Organization","@id":"https:\/\/evertonfc.cz\/#organization","name":"Official Czech & Slovak Everton Supporters' Club","url":"https:\/\/evertonfc.cz\/","logo":{"@type":"ImageObject","inLanguage":"cs","@id":"https:\/\/evertonfc.cz\/#\/schema\/logo\/image\/","url":"https:\/\/evertonfc.cz\/wp-content\/uploads\/2019\/05\/logo.png","contentUrl":"https:\/\/evertonfc.cz\/wp-content\/uploads\/2019\/05\/logo.png","width":112,"height":112,"caption":"Official Czech & Slovak Everton Supporters' Club"},"image":{"@id":"https:\/\/evertonfc.cz\/#\/schema\/logo\/image\/"},"sameAs":["https:\/\/www.facebook.com\/everton.fans.cz.sk"]},{"@type":"Person","@id":"https:\/\/evertonfc.cz\/#\/schema\/person\/e9a24a80a32efa1344dd2c4e5882185c","name":"Karamela","url":"https:\/\/evertonfc.cz\/index.php\/author\/karamela\/"}]}},"_links":{"self":[{"href":"https:\/\/evertonfc.cz\/index.php\/wp-json\/wp\/v2\/posts\/16909"}],"collection":[{"href":"https:\/\/evertonfc.cz\/index.php\/wp-json\/wp\/v2\/posts"}],"about":[{"href":"https:\/\/evertonfc.cz\/index.php\/wp-json\/wp\/v2\/types\/post"}],"author":[{"embeddable":true,"href":"https:\/\/evertonfc.cz\/index.php\/wp-json\/wp\/v2\/users\/26"}],"replies":[{"embeddable":true,"href":"https:\/\/evertonfc.cz\/index.php\/wp-json\/wp\/v2\/comments?post=16909"}],"version-history":[{"count":12,"href":"https:\/\/evertonfc.cz\/index.php\/wp-json\/wp\/v2\/posts\/16909\/revisions"}],"predecessor-version":[{"id":18635,"href":"https:\/\/evertonfc.cz\/index.php\/wp-json\/wp\/v2\/posts\/16909\/revisions\/18635"}],"wp:featuredmedia":[{"embeddable":true,"href":"https:\/\/evertonfc.cz\/index.php\/wp-json\/wp\/v2\/media\/16917"}],"wp:attachment":[{"href":"https:\/\/evertonfc.cz\/index.php\/wp-json\/wp\/v2\/media?parent=16909"}],"wp:term":[{"taxonomy":"category","embeddable":true,"href":"https:\/\/evertonfc.cz\/index.php\/wp-json\/wp\/v2\/categories?post=16909"},{"taxonomy":"post_tag","embeddable":true,"href":"https:\/\/evertonfc.cz\/index.php\/wp-json\/wp\/v2\/tags?post=16909"}],"curies":[{"name":"wp","href":"https:\/\/api.w.org\/{rel}","templated":true}]}}