{"id":16922,"date":"2021-11-07T17:25:24","date_gmt":"2021-11-07T16:25:24","guid":{"rendered":"https:\/\/evertonfc.cz\/?p=16922"},"modified":"2021-11-07T20:17:23","modified_gmt":"2021-11-07T19:17:23","slug":"everton-tottenham","status":"publish","type":"post","link":"https:\/\/evertonfc.cz\/index.php\/2021\/11\/07\/everton-tottenham\/","title":{"rendered":"Everton &#8211; Tottenham Hotspur 0:0"},"content":{"rendered":"<h4>Ztr\u00e1ta dvou bod\u016f po celkem solidn\u00edm v\u00fdkonu zamrz\u00ed&#8230;<\/h4>\n<p>Everton tentokr\u00e1t zvolil rozestaven\u00ed 4-4-2, p\u0159i\u010dem\u017e v roli \u00fato\u010dn\u00edk\u016f nastoupila k\u0159\u00eddla Richarlison a Gray, zat\u00edmco hro\u0165\u00e1ci Tosun a Rond\u00f3n si sedli na lavi\u010dku. P\u0159ed utk\u00e1n\u00edm se zavzpom\u00ednalo na ob\u011bti prvn\u00ed sv\u011btov\u00e9 v\u00e1lky a tak\u00e9 na ned\u00e1vno zem\u0159el\u00e9ho mana\u017eera Evertonu Waltera Smithe.<\/p>\n<p>Prvn\u00ed st\u0159elu m\u011bl na starosti kupodivu stoper Godfrey, ale pozemn\u00ed st\u0159ela zpoza v\u00e1pna p\u0159\u00edmo doprost\u0159ed branky nemohla Llorise ohrozit. N\u00e1sledn\u011b hlavi\u010dkoval nad branku soupe\u0159e Keane po centru Delpha zleva. V\u011bt\u0161\u00ed aktivitu Evertonu dokumentovala i \u017elut\u00e1 karta pro Reguil\u00f3na po faulu na Townsenda. Prudk\u00fd st\u0159\u00edlen\u00fd centr Digneho po p\u0159enesen\u00ed hry od Allana pro zm\u011bnu nena\u0161el adres\u00e1ta. V prvn\u00ed \u010dtvrthodin\u011b byli dom\u00e1c\u00ed ur\u010dit\u011b aktivn\u011bj\u0161\u00ed. Tottenham odpov\u011bd\u011bl akc\u00ed dvojice Moura-Kane, ale st\u0159ela Moury byla zblokov\u00e1na a z n\u00e1sledn\u00e9 skrum\u00e1\u017e Everton zvl\u00e1dl odkopnout m\u00ed\u010d. O chvilku pozd\u011bji Townsend p\u0159edvedl, \u017ee i on um\u00ed p\u0159eta\u017een\u00fdm centrem naj\u00edt zemi nikoho.<\/p>\n<p>Hr\u00e1lo se v nijak vysok\u00e9m tempu, ale nahoru-dol\u016f, Emerson p\u0159edvedl hlavi\u010dku nad z mal\u00e9ho v\u00e1pna po centru Reguil\u00f3na, st\u0159ela Graye zpoza v\u00e1pna byla zblokov\u00e1na. Sk\u00f3re \u017elut\u00fdch karet srovnal Delph, kter\u00fd dostal v z\u00e1kladn\u00ed sestav\u011b p\u0159ednost p\u0159ed Daviesem, kdy\u017e v p\u016flic\u00edm kruhu zfauloval Mouru. N\u00e1sledn\u011b platinov\u00e1 hlava Richarlisona poslala m\u00ed\u010d asi \u0161est metr\u016f vedle. A pro\u010d z n\u00e1sleduj\u00edc\u00edho \u00fatoku ve velmi dobr\u00e9 pozici nevyst\u0159elil Allan &#8211; to v\u00ed asi jen on. N\u011bkolik aktivn\u00edch minut za\u017eil Grey, ten dokonce skon\u010dil ve v\u00e1pn\u011b soupe\u0159e na zemi po z\u00e1kroku Skippa,\u00a0 penalta na\u0159\u00edzena nebyla. N\u00e1sledn\u011b Richarlison fauloval Mouru a \u017elut\u00e9 kart\u011b unikl jen kv\u016fli benevolenci rozhod\u010d\u00edho. A kdy\u017e zcela voln\u00fd Reguil\u00f3n po centru Kanea netrefil za\u0159\u00edzen\u00ed, tak se \u0161lo do kabin za bezbrankov\u00e9ho stavu.<\/p>\n<p>Druh\u00fd polo\u010das za\u010dal volejem Gordona po akci Graye, ale m\u00ed\u010d netrefil branku. I nad\u00e1le se hr\u00e1lo v pomalej\u0161\u00edm tempu nahoru-dol\u016f, le\u010d bez vylo\u017een\u00fdch \u0161anc\u00ed, obrana v\u017edy n\u011bjak zvl\u00e1dla na posledn\u00ed chv\u00edli zas\u00e1hnout (Godfrey v\u016f\u010di Reguil\u00f3novi). Kr\u00e1tce po vyst\u0159\u00edd\u00e1n\u00ed Delpha Daviesem byla odp\u00edsk\u00e1na penalta pro Everton &#8211; Lloris fauloval Richarlisona, ale Kavanagh na videu vid\u011bl p\u0159edt\u00edm dotek Llorisovy rukavice s m\u00ed\u010dem, tak\u017ee penalta byla odvol\u00e1na.<\/p>\n<p>To zdrav\u011b na\u0161tvalo dom\u00e1c\u00ed t\u00fdm a p\u0159edev\u0161\u00edm dom\u00e1c\u00ed fanou\u0161ky &#8211; za jejich vydatn\u00e9 podpory se Everton dostal do tlaku. Po n\u00e1sledn\u00e9 skrum\u00e1\u017ei reklamoval Richarlison ruku obr\u00e1nce, ale ani tentokr\u00e1t nebyla penalta odp\u00edsk\u00e1na. Brazilec dostal za protesty \u017elutou. O chvilku pozd\u011bji dal\u0161\u00ed \u0161anci neprom\u011bnil Davies, po centru se k m\u00ed\u010di kousek za v\u00e1pnem dostal Coleman, ale t\u0159et\u00edho protihr\u00e1\u010de ji\u017e neobe\u0161el a ke st\u0159ele se v\u016fbec nedostal.<\/p>\n<p>Tottenham ob\u010das zahrozil z brejku, ale z\u016fstalo jen u hrozeb. A tak i nad\u00e1le zahazoval \u0161ance Everton &#8211; Digne si p\u011bkn\u011b narazil s Daviesem a Francouz na\u0161el Graye, kter\u00fd cht\u011bl sk\u00f3rovat jen t\u00edm, \u017ee nastav\u00ed nohu. Ale netrefil branku. M\u00e1lem to Everton st\u00e1lo aspo\u0148 ten bod &#8211; st\u0159\u00eddaj\u00edc\u00ed Lo Celso pozdr\u017eel \u00fatok, p\u0159ipravil si m\u00ed\u010d na st\u0159elu a trefil ty\u010d. Posledn\u00ed zaznamen\u00e1n\u00edhodn\u00fdm omentem byla \u010derven\u00e1 pro Holgatea, kdy\u017e sv\u00fdm skluzem pro\u0161l\u00e1pl koleno H\u00f6jbjerga &#8211; celkem jasn\u00e9 vylou\u010den\u00ed.<\/p>\n<p>Everton tak ztratil dva body v utk\u00e1n\u00ed, kdy byl m\u00edrn\u011b lep\u0161\u00ed&#8230;<\/p>\n<p style=\"text-align: right;\"><span style=\"font-size: 8pt;\">(fotozdroj: premierleague.com)<\/span><\/p>\n<p><strong>Zest\u0159ihy + z\u00e1pas:<\/strong>\u00a0<a href=\"https:\/\/hdmatches.net\/2021\/11\/07\/video-everton-vs-tottenham-hotspur-highlights-full-match-07-november-2021\/\" target=\"_blank\" rel=\"noopener\">HDmatches.net<\/a><\/p>\n<p><strong>\u017dK:<\/strong> 26. Delph, 69. Richarlison &#8211; 12. Reguil\u00f3n, 69. Romero, 87. Ndombele\u00a0 <strong>\u010cK:\u00a0<\/strong>90. + 1. Holgate<\/p>\n<p><strong>Everton FC:<\/strong>\u00a0<span data-source=\"lightstreamer\" data-grid=\"main\" data-item=\"item_683600\" data-field=\"report1\">Pickford \u2013 Coleman , Godfrey, Keane, Digne \u2013 Gordon, Delph (61. Davies), Allan (83. Holgate),\u00a0 Townsend \u2013 Richarlison, Gray (90+3. Gbamin)<\/span><\/p>\n<p><strong>Tottenham Hotspur:<\/strong>\u00a0<span data-source=\"lightstreamer\" data-grid=\"main\" data-item=\"item_683600\" data-field=\"report2\">Lloris \u2013 Romero, Dier, B. Davies \u2013 Emerson, H\u00f6jbjerg, Skipp, Reguil\u00f3n (71. Doherty) \u2013 Moura (71. Lo Celso), Son (85. Ndomb\u00e8l\u00e9) \u2013 Kane<\/span><\/p>\n<p><strong>Rozhod\u010d\u00ed:\u00a0<\/strong>Chris Kavangh\u00a0 <strong>Div\u00e1ci: <\/strong>39 059<\/p>\n<p class=\"cards_item_683600 hidden\"><strong>rty:<\/strong>\u00a0<span data-source=\"lightstreamer\" data-grid=\"main\" data-item=\"item_683600\" data-field=\"cards\"><span class=\"yellowCards\">\u00a0<\/span>\u00a026. Delph (EVE), 69. Richarlison (EVE) \u2013 12. Reguil\u00f3n (TOT), 69. Romero (TOT), 87. Ndomb\u00e8l\u00e9 (TOT)\u00a0<span class=\"redCards\">\u00a0<\/span>\u00a090+1. Holgate (EVE)<\/span><\/p>\n","protected":false},"excerpt":{"rendered":"<p>Ztr\u00e1ta dvou bod\u016f po celkem solidn\u00edm v\u00fdkonu zamrz\u00ed&#8230;<\/p>\n","protected":false},"author":12,"featured_media":16928,"comment_status":"open","ping_status":"closed","sticky":false,"template":"","format":"standard","meta":{"_eb_attr":"","_monsterinsights_skip_tracking":false,"_monsterinsights_sitenote_active":false,"_monsterinsights_sitenote_note":"","_monsterinsights_sitenote_category":0,"footnotes":""},"categories":[4],"tags":[],"yoast_head":"<!-- This site is optimized with the Yoast SEO plugin v23.4 - https:\/\/yoast.com\/wordpress\/plugins\/seo\/ -->\n<title>Everton - Tottenham Hotspur 0:0 - Official Czech &amp; Slovak Everton Supporters&#039; Club<\/title>\n<meta name=\"robots\" content=\"index, follow, max-snippet:-1, max-image-preview:large, max-video-preview:-1\" \/>\n<link rel=\"canonical\" href=\"https:\/\/evertonfc.cz\/index.php\/2021\/11\/07\/everton-tottenham\/\" \/>\n<meta property=\"og:locale\" content=\"cs_CZ\" \/>\n<meta property=\"og:type\" content=\"article\" \/>\n<meta property=\"og:title\" content=\"Everton - Tottenham Hotspur 0:0 - Official Czech &amp; Slovak Everton Supporters&#039; Club\" \/>\n<meta property=\"og:description\" content=\"Ztr\u00e1ta dvou bod\u016f po celkem solidn\u00edm v\u00fdkonu zamrz\u00ed...\" \/>\n<meta property=\"og:url\" content=\"https:\/\/evertonfc.cz\/index.php\/2021\/11\/07\/everton-tottenham\/\" \/>\n<meta property=\"og:site_name\" content=\"Official Czech &amp; Slovak Everton Supporters&#039; Club\" \/>\n<meta property=\"article:publisher\" content=\"https:\/\/www.facebook.com\/everton.fans.cz.sk\" \/>\n<meta property=\"article:published_time\" content=\"2021-11-07T16:25:24+00:00\" \/>\n<meta property=\"article:modified_time\" content=\"2021-11-07T19:17:23+00:00\" \/>\n<meta property=\"og:image\" content=\"https:\/\/evertonfc.cz\/wp-content\/uploads\/2021\/11\/Anthony-Gordon-VS-Tottenham-Hotspur-by-PremierLeague.com-7-11-2021.jpg\" \/>\n\t<meta property=\"og:image:width\" content=\"720\" \/>\n\t<meta property=\"og:image:height\" content=\"405\" \/>\n\t<meta property=\"og:image:type\" content=\"image\/jpeg\" \/>\n<meta name=\"author\" content=\"Javor\" \/>\n<meta name=\"twitter:card\" content=\"summary_large_image\" \/>\n<meta name=\"twitter:creator\" content=\"@LoudinJan\" \/>\n<meta name=\"twitter:label1\" content=\"Napsal(a)\" \/>\n\t<meta name=\"twitter:data1\" content=\"Javor\" \/>\n\t<meta name=\"twitter:label2\" content=\"Odhadovan\u00e1 doba \u010dten\u00ed\" \/>\n\t<meta name=\"twitter:data2\" content=\"3 minuty\" \/>\n<script type=\"application\/ld+json\" class=\"yoast-schema-graph\">{\"@context\":\"https:\/\/schema.org\",\"@graph\":[{\"@type\":\"Article\",\"@id\":\"https:\/\/evertonfc.cz\/index.php\/2021\/11\/07\/everton-tottenham\/#article\",\"isPartOf\":{\"@id\":\"https:\/\/evertonfc.cz\/index.php\/2021\/11\/07\/everton-tottenham\/\"},\"author\":{\"name\":\"Javor\",\"@id\":\"https:\/\/evertonfc.cz\/#\/schema\/person\/b30daf6a5852f4811f8207a17ec1bf78\"},\"headline\":\"Everton &#8211; Tottenham Hotspur 0:0\",\"datePublished\":\"2021-11-07T16:25:24+00:00\",\"dateModified\":\"2021-11-07T19:17:23+00:00\",\"mainEntityOfPage\":{\"@id\":\"https:\/\/evertonfc.cz\/index.php\/2021\/11\/07\/everton-tottenham\/\"},\"wordCount\":724,\"commentCount\":29,\"publisher\":{\"@id\":\"https:\/\/evertonfc.cz\/#organization\"},\"image\":{\"@id\":\"https:\/\/evertonfc.cz\/index.php\/2021\/11\/07\/everton-tottenham\/#primaryimage\"},\"thumbnailUrl\":\"https:\/\/evertonfc.cz\/wp-content\/uploads\/2021\/11\/Anthony-Gordon-VS-Tottenham-Hotspur-by-PremierLeague.com-7-11-2021.jpg\",\"articleSection\":[\"Z\u00e1pasy\"],\"inLanguage\":\"cs\",\"potentialAction\":[{\"@type\":\"CommentAction\",\"name\":\"Comment\",\"target\":[\"https:\/\/evertonfc.cz\/index.php\/2021\/11\/07\/everton-tottenham\/#respond\"]}]},{\"@type\":\"WebPage\",\"@id\":\"https:\/\/evertonfc.cz\/index.php\/2021\/11\/07\/everton-tottenham\/\",\"url\":\"https:\/\/evertonfc.cz\/index.php\/2021\/11\/07\/everton-tottenham\/\",\"name\":\"Everton - Tottenham Hotspur 0:0 - Official Czech &amp; Slovak Everton Supporters&#039; Club\",\"isPartOf\":{\"@id\":\"https:\/\/evertonfc.cz\/#website\"},\"primaryImageOfPage\":{\"@id\":\"https:\/\/evertonfc.cz\/index.php\/2021\/11\/07\/everton-tottenham\/#primaryimage\"},\"image\":{\"@id\":\"https:\/\/evertonfc.cz\/index.php\/2021\/11\/07\/everton-tottenham\/#primaryimage\"},\"thumbnailUrl\":\"https:\/\/evertonfc.cz\/wp-content\/uploads\/2021\/11\/Anthony-Gordon-VS-Tottenham-Hotspur-by-PremierLeague.com-7-11-2021.jpg\",\"datePublished\":\"2021-11-07T16:25:24+00:00\",\"dateModified\":\"2021-11-07T19:17:23+00:00\",\"breadcrumb\":{\"@id\":\"https:\/\/evertonfc.cz\/index.php\/2021\/11\/07\/everton-tottenham\/#breadcrumb\"},\"inLanguage\":\"cs\",\"potentialAction\":[{\"@type\":\"ReadAction\",\"target\":[\"https:\/\/evertonfc.cz\/index.php\/2021\/11\/07\/everton-tottenham\/\"]}]},{\"@type\":\"ImageObject\",\"inLanguage\":\"cs\",\"@id\":\"https:\/\/evertonfc.cz\/index.php\/2021\/11\/07\/everton-tottenham\/#primaryimage\",\"url\":\"https:\/\/evertonfc.cz\/wp-content\/uploads\/2021\/11\/Anthony-Gordon-VS-Tottenham-Hotspur-by-PremierLeague.com-7-11-2021.jpg\",\"contentUrl\":\"https:\/\/evertonfc.cz\/wp-content\/uploads\/2021\/11\/Anthony-Gordon-VS-Tottenham-Hotspur-by-PremierLeague.com-7-11-2021.jpg\",\"width\":720,\"height\":405},{\"@type\":\"BreadcrumbList\",\"@id\":\"https:\/\/evertonfc.cz\/index.php\/2021\/11\/07\/everton-tottenham\/#breadcrumb\",\"itemListElement\":[{\"@type\":\"ListItem\",\"position\":1,\"name\":\"Home\",\"item\":\"https:\/\/evertonfc.cz\/\"},{\"@type\":\"ListItem\",\"position\":2,\"name\":\"Everton &#8211; Tottenham Hotspur 0:0\"}]},{\"@type\":\"WebSite\",\"@id\":\"https:\/\/evertonfc.cz\/#website\",\"url\":\"https:\/\/evertonfc.cz\/\",\"name\":\"Official Czech &amp; Slovak Everton Supporters&#039; Club\",\"description\":\"\",\"publisher\":{\"@id\":\"https:\/\/evertonfc.cz\/#organization\"},\"potentialAction\":[{\"@type\":\"SearchAction\",\"target\":{\"@type\":\"EntryPoint\",\"urlTemplate\":\"https:\/\/evertonfc.cz\/?s={search_term_string}\"},\"query-input\":{\"@type\":\"PropertyValueSpecification\",\"valueRequired\":true,\"valueName\":\"search_term_string\"}}],\"inLanguage\":\"cs\"},{\"@type\":\"Organization\",\"@id\":\"https:\/\/evertonfc.cz\/#organization\",\"name\":\"Official Czech & Slovak Everton Supporters' Club\",\"url\":\"https:\/\/evertonfc.cz\/\",\"logo\":{\"@type\":\"ImageObject\",\"inLanguage\":\"cs\",\"@id\":\"https:\/\/evertonfc.cz\/#\/schema\/logo\/image\/\",\"url\":\"https:\/\/evertonfc.cz\/wp-content\/uploads\/2019\/05\/logo.png\",\"contentUrl\":\"https:\/\/evertonfc.cz\/wp-content\/uploads\/2019\/05\/logo.png\",\"width\":112,\"height\":112,\"caption\":\"Official Czech & Slovak Everton Supporters' Club\"},\"image\":{\"@id\":\"https:\/\/evertonfc.cz\/#\/schema\/logo\/image\/\"},\"sameAs\":[\"https:\/\/www.facebook.com\/everton.fans.cz.sk\"]},{\"@type\":\"Person\",\"@id\":\"https:\/\/evertonfc.cz\/#\/schema\/person\/b30daf6a5852f4811f8207a17ec1bf78\",\"name\":\"Javor\",\"sameAs\":[\"https:\/\/x.com\/LoudinJan\"],\"url\":\"https:\/\/evertonfc.cz\/index.php\/author\/javor\/\"}]}<\/script>\n<!-- \/ Yoast SEO plugin. -->","yoast_head_json":{"title":"Everton - Tottenham Hotspur 0:0 - Official Czech &amp; Slovak Everton Supporters&#039; Club","robots":{"index":"index","follow":"follow","max-snippet":"max-snippet:-1","max-image-preview":"max-image-preview:large","max-video-preview":"max-video-preview:-1"},"canonical":"https:\/\/evertonfc.cz\/index.php\/2021\/11\/07\/everton-tottenham\/","og_locale":"cs_CZ","og_type":"article","og_title":"Everton - Tottenham Hotspur 0:0 - Official Czech &amp; Slovak Everton Supporters&#039; Club","og_description":"Ztr\u00e1ta dvou bod\u016f po celkem solidn\u00edm v\u00fdkonu zamrz\u00ed...","og_url":"https:\/\/evertonfc.cz\/index.php\/2021\/11\/07\/everton-tottenham\/","og_site_name":"Official Czech &amp; Slovak Everton Supporters&#039; Club","article_publisher":"https:\/\/www.facebook.com\/everton.fans.cz.sk","article_published_time":"2021-11-07T16:25:24+00:00","article_modified_time":"2021-11-07T19:17:23+00:00","og_image":[{"width":720,"height":405,"url":"https:\/\/evertonfc.cz\/wp-content\/uploads\/2021\/11\/Anthony-Gordon-VS-Tottenham-Hotspur-by-PremierLeague.com-7-11-2021.jpg","type":"image\/jpeg"}],"author":"Javor","twitter_card":"summary_large_image","twitter_creator":"@LoudinJan","twitter_misc":{"Napsal(a)":"Javor","Odhadovan\u00e1 doba \u010dten\u00ed":"3 minuty"},"schema":{"@context":"https:\/\/schema.org","@graph":[{"@type":"Article","@id":"https:\/\/evertonfc.cz\/index.php\/2021\/11\/07\/everton-tottenham\/#article","isPartOf":{"@id":"https:\/\/evertonfc.cz\/index.php\/2021\/11\/07\/everton-tottenham\/"},"author":{"name":"Javor","@id":"https:\/\/evertonfc.cz\/#\/schema\/person\/b30daf6a5852f4811f8207a17ec1bf78"},"headline":"Everton &#8211; Tottenham Hotspur 0:0","datePublished":"2021-11-07T16:25:24+00:00","dateModified":"2021-11-07T19:17:23+00:00","mainEntityOfPage":{"@id":"https:\/\/evertonfc.cz\/index.php\/2021\/11\/07\/everton-tottenham\/"},"wordCount":724,"commentCount":29,"publisher":{"@id":"https:\/\/evertonfc.cz\/#organization"},"image":{"@id":"https:\/\/evertonfc.cz\/index.php\/2021\/11\/07\/everton-tottenham\/#primaryimage"},"thumbnailUrl":"https:\/\/evertonfc.cz\/wp-content\/uploads\/2021\/11\/Anthony-Gordon-VS-Tottenham-Hotspur-by-PremierLeague.com-7-11-2021.jpg","articleSection":["Z\u00e1pasy"],"inLanguage":"cs","potentialAction":[{"@type":"CommentAction","name":"Comment","target":["https:\/\/evertonfc.cz\/index.php\/2021\/11\/07\/everton-tottenham\/#respond"]}]},{"@type":"WebPage","@id":"https:\/\/evertonfc.cz\/index.php\/2021\/11\/07\/everton-tottenham\/","url":"https:\/\/evertonfc.cz\/index.php\/2021\/11\/07\/everton-tottenham\/","name":"Everton - Tottenham Hotspur 0:0 - Official Czech &amp; Slovak Everton Supporters&#039; Club","isPartOf":{"@id":"https:\/\/evertonfc.cz\/#website"},"primaryImageOfPage":{"@id":"https:\/\/evertonfc.cz\/index.php\/2021\/11\/07\/everton-tottenham\/#primaryimage"},"image":{"@id":"https:\/\/evertonfc.cz\/index.php\/2021\/11\/07\/everton-tottenham\/#primaryimage"},"thumbnailUrl":"https:\/\/evertonfc.cz\/wp-content\/uploads\/2021\/11\/Anthony-Gordon-VS-Tottenham-Hotspur-by-PremierLeague.com-7-11-2021.jpg","datePublished":"2021-11-07T16:25:24+00:00","dateModified":"2021-11-07T19:17:23+00:00","breadcrumb":{"@id":"https:\/\/evertonfc.cz\/index.php\/2021\/11\/07\/everton-tottenham\/#breadcrumb"},"inLanguage":"cs","potentialAction":[{"@type":"ReadAction","target":["https:\/\/evertonfc.cz\/index.php\/2021\/11\/07\/everton-tottenham\/"]}]},{"@type":"ImageObject","inLanguage":"cs","@id":"https:\/\/evertonfc.cz\/index.php\/2021\/11\/07\/everton-tottenham\/#primaryimage","url":"https:\/\/evertonfc.cz\/wp-content\/uploads\/2021\/11\/Anthony-Gordon-VS-Tottenham-Hotspur-by-PremierLeague.com-7-11-2021.jpg","contentUrl":"https:\/\/evertonfc.cz\/wp-content\/uploads\/2021\/11\/Anthony-Gordon-VS-Tottenham-Hotspur-by-PremierLeague.com-7-11-2021.jpg","width":720,"height":405},{"@type":"BreadcrumbList","@id":"https:\/\/evertonfc.cz\/index.php\/2021\/11\/07\/everton-tottenham\/#breadcrumb","itemListElement":[{"@type":"ListItem","position":1,"name":"Home","item":"https:\/\/evertonfc.cz\/"},{"@type":"ListItem","position":2,"name":"Everton &#8211; Tottenham Hotspur 0:0"}]},{"@type":"WebSite","@id":"https:\/\/evertonfc.cz\/#website","url":"https:\/\/evertonfc.cz\/","name":"Official Czech &amp; Slovak Everton Supporters&#039; Club","description":"","publisher":{"@id":"https:\/\/evertonfc.cz\/#organization"},"potentialAction":[{"@type":"SearchAction","target":{"@type":"EntryPoint","urlTemplate":"https:\/\/evertonfc.cz\/?s={search_term_string}"},"query-input":{"@type":"PropertyValueSpecification","valueRequired":true,"valueName":"search_term_string"}}],"inLanguage":"cs"},{"@type":"Organization","@id":"https:\/\/evertonfc.cz\/#organization","name":"Official Czech & Slovak Everton Supporters' Club","url":"https:\/\/evertonfc.cz\/","logo":{"@type":"ImageObject","inLanguage":"cs","@id":"https:\/\/evertonfc.cz\/#\/schema\/logo\/image\/","url":"https:\/\/evertonfc.cz\/wp-content\/uploads\/2019\/05\/logo.png","contentUrl":"https:\/\/evertonfc.cz\/wp-content\/uploads\/2019\/05\/logo.png","width":112,"height":112,"caption":"Official Czech & Slovak Everton Supporters' Club"},"image":{"@id":"https:\/\/evertonfc.cz\/#\/schema\/logo\/image\/"},"sameAs":["https:\/\/www.facebook.com\/everton.fans.cz.sk"]},{"@type":"Person","@id":"https:\/\/evertonfc.cz\/#\/schema\/person\/b30daf6a5852f4811f8207a17ec1bf78","name":"Javor","sameAs":["https:\/\/x.com\/LoudinJan"],"url":"https:\/\/evertonfc.cz\/index.php\/author\/javor\/"}]}},"_links":{"self":[{"href":"https:\/\/evertonfc.cz\/index.php\/wp-json\/wp\/v2\/posts\/16922"}],"collection":[{"href":"https:\/\/evertonfc.cz\/index.php\/wp-json\/wp\/v2\/posts"}],"about":[{"href":"https:\/\/evertonfc.cz\/index.php\/wp-json\/wp\/v2\/types\/post"}],"author":[{"embeddable":true,"href":"https:\/\/evertonfc.cz\/index.php\/wp-json\/wp\/v2\/users\/12"}],"replies":[{"embeddable":true,"href":"https:\/\/evertonfc.cz\/index.php\/wp-json\/wp\/v2\/comments?post=16922"}],"version-history":[{"count":8,"href":"https:\/\/evertonfc.cz\/index.php\/wp-json\/wp\/v2\/posts\/16922\/revisions"}],"predecessor-version":[{"id":16932,"href":"https:\/\/evertonfc.cz\/index.php\/wp-json\/wp\/v2\/posts\/16922\/revisions\/16932"}],"wp:featuredmedia":[{"embeddable":true,"href":"https:\/\/evertonfc.cz\/index.php\/wp-json\/wp\/v2\/media\/16928"}],"wp:attachment":[{"href":"https:\/\/evertonfc.cz\/index.php\/wp-json\/wp\/v2\/media?parent=16922"}],"wp:term":[{"taxonomy":"category","embeddable":true,"href":"https:\/\/evertonfc.cz\/index.php\/wp-json\/wp\/v2\/categories?post=16922"},{"taxonomy":"post_tag","embeddable":true,"href":"https:\/\/evertonfc.cz\/index.php\/wp-json\/wp\/v2\/tags?post=16922"}],"curies":[{"name":"wp","href":"https:\/\/api.w.org\/{rel}","templated":true}]}}