{"id":17102,"date":"2021-12-05T19:12:25","date_gmt":"2021-12-05T18:12:25","guid":{"rendered":"https:\/\/evertonfc.cz\/?p=17102"},"modified":"2021-12-06T12:36:12","modified_gmt":"2021-12-06T11:36:12","slug":"conti-cup-everton-w-durham-wfc-10","status":"publish","type":"post","link":"https:\/\/evertonfc.cz\/index.php\/2021\/12\/05\/conti-cup-everton-w-durham-wfc-10\/","title":{"rendered":"Conti Cup: Everton W &#8211; Durham WFC 1:0"},"content":{"rendered":"<h4>Everton na dom\u00e1c\u00ed p\u016fd\u011b Walton Hall Park z\u00edskal t\u011bsn\u00e9 v\u00edtezstv\u00ed v ligov\u00e9m poh\u00e1ru nad outsiderem sv\u00e9 skupiny.<\/h4>\n<p>P\u0159edposledn\u00ed utk\u00e1n\u00ed skupinov\u00e9 f\u00e1ze Conti Cup se konalo ve st\u00ednu soub\u011b\u017en\u011b hran\u00e9ho fin\u00e1le FA WSL Cup mezi Chelsea a Arsenalem. Toto fin\u00e1le bylo tak\u00e9 spojen\u00e9 s oslavami 50. v\u00fdro\u010d\u00ed za\u010dlen\u011bn\u00ed \u017eensk\u00e9ho fotbalu do FA, tak\u017ee pozornost v\u011bt\u0161iny fanou\u0161k\u016f \u017eensk\u00e9ho fotbalu byla zam\u011b\u0159en\u00e1 na Wembley. Jen p\u0159\u00edznivci karamel a divok\u00fdch ko\u010dek m\u011bli sv\u00e9 pohledy up\u0159en\u00e9 na skromn\u011bj\u0161\u00ed st\u00e1nek na Merseyside. Jean-Luc poslal na h\u0159i\u0161t\u011b poh\u00e1rovou sestavu s Brosnan, Finnigan a Pattinson v z\u00e1kladu a s Turner a Dali na lavi\u010dce. Sevecke a Emslie odpo\u010d\u00edvaly po repre pauze. S\u00e1m francouzsk\u00fd boss z\u016fstal v covidov\u00e9 karant\u00e9n\u011b. Polapil ho trasovac\u00ed syst\u00e9mem, kdy jeho francouzsk\u00e9 o\u010dkov\u00e1n\u00ed nebylo shledan\u00e9 dostate\u010dn\u00fdm pro pot\u0159eby britsk\u00fdch p\u0159edpis\u016f.<\/p>\n<h4>Prvn\u00ed polo\u010das<\/h4>\n<p>za mnoho nest\u00e1l. Everton si sice byl v\u011bdom\u00fd sv\u00e9 role favorita a zna\u010dnou \u010d\u00e1st polo\u010dasu se hr\u00e1lo prakticky na jednu, a to na soupe\u0159ovu br\u00e1nu. Bohu\u017eel snaha karamel byla ji\u017e tradi\u010dn\u011b bezzub\u00e1 pro v\u00fdznamn\u00e9 nep\u0159esnosti. K re\u00e1ln\u00e9mu ohro\u017een\u00ed soupe\u0159ovy br\u00e1ny jsme se nedostali. A naopak to byly divok\u00e9 ko\u010dky, kter\u00e9 po p\u016flhodin\u011b hry vylezly z ulity a m\u011bly velmi bl\u00edzko g\u00f3lu st\u0159elou Holmes z 27. minuty. Brosnan pokus na\u0161t\u011bst\u00ed kryla. Chv\u00edli pot\u00e9 se Geroge u\u017e na to nejsp\u00ed\u0161 nemohla d\u00edvat, a tak se na pozici stopera chopila m\u00ed\u010de a po lev\u00e9m k\u0159\u00eddle jej vyvezla daleko na p\u016fli soupe\u0159e. Jej\u00ed v\u00fdlet ale ukon\u010dil skluz obr\u00e1nkyn\u011b Durhamu.\u00a0 A neusp\u011bla ani spolupr\u00e1ce Magill a Christiansen, stejn\u011b jako hlavi\u010dka Finnigan t\u011bsn\u011b p\u0159ed polo\u010dasem.<\/p>\n<h4>Druh\u00fd polo\u010das<\/h4>\n<p>u\u017e vypadal nad\u011bjn\u011bji. Na za\u010d\u00e1tku sice durhamsk\u00e9 dvakr\u00e1t zazlobily a Brosnan m\u011bla co na pr\u00e1ci, ale pot\u00e9 za\u010dal Everton kone\u010dn\u011b hr\u00e1t. Hlavn\u011b po vyst\u0159\u00edd\u00e1n\u00ed v 55. minut\u011b, kdy na h\u0159i\u0161t\u011b p\u0159i\u0161ly Dali s Graham nam\u00edsto Galli a Cinton. Graham se rychle zapojila do hry, jej\u00ed st\u0159ela bohu\u017eel skon\u010dila ve spojnici \u0161ibenice. V 61. minut\u011b rozehr\u00e1la Bennison zda\u0159ile rohov\u00fd kop a Duggan z n\u011bj zav\u011bsila prvn\u00ed sv\u016fj prvn\u00ed evertonsk\u00fd pon\u00e1vratov\u00fd g\u00f3l &#8211; <strong>1:0<\/strong>. Sud\u00ed s uzn\u00e1n\u00edm branky dlouhou dobu ot\u00e1lela. Zji\u0161\u0165ovala u sv\u00fdch koleg\u016f, zda n\u00e1hodou nebyla zav\u011b\u0161en\u00e1 po odp\u00edsk\u00e1n\u00ed p\u0159eru\u0161en\u00ed hry (George se srazila hlavu se soupe\u0159kou). Ale nakonec se rozhodla ke spokojnosti modr\u00fdch. A Everton byl odhodlan\u00fd p\u0159idat dal\u0161\u00ed. Pokusy Magill i dvojpokus Graham v\u0161ak skon\u010dily nezdarem. Nezdarem tak\u00e9 na\u0161t\u011bst\u00ed skon\u010dilo s\u00f3lo Roberts p\u0159es \u010dty\u0159i na\u0161e hr\u00e1\u010dky. P\u0159ed koncem z\u00e1pasu se je\u0161t\u011b do hry dostala Turner m\u00edsto Magill a Bj\u00f6rn nahradila Maier. A pak u\u017e\u00a0 to u\u017e byl konec a nad Walton Hall Park se rozz\u00e1\u0159ila duha.<\/p>\n<h4>Shrnut\u00ed<\/h4>\n<p>Hanna Bennison je nadm\u00edru schopn\u00e1 a kreativn\u00ed hr\u00e1\u010dka. Bohu\u017eel jej\u00ed promy\u0161len\u00e9 pasy \u010dasto p\u0159ekvap\u00ed i spoluhr\u00e1\u010dky, co\u017e je \u0161koda. Gaby George se etablovala jako solidn\u00ed jistota zadn\u00edch \u0159ad Evertonu. A prok\u00e1zalo to i v dne\u0161n\u00edm z\u00e1pase. Poppy Pattinson jsme dnes mohli vid\u011bt jako exekutorku v\u011bt\u0161iny standardn\u00edch situac\u00ed, co\u017e bylo p\u0159ekvapiv\u00e9. Na druhou stranu je to i uk\u00e1zkou toho, \u017ee Jean-Luc Vasseur se neboj\u00ed d\u00e1vat \u0161anci nestandardn\u00edm variant\u00e1m. Snaha Lucy Graham sice nebyla korunovan\u00e1 g\u00f3lem, ale po v\u00fdpadku z kraje sez\u00f3ny je p\u0159\u00edjemn\u00e9 j\u00ed vid\u011bt op\u011bt hr\u00e1t ve form\u011b. Dne\u0161n\u00ed v\u00edtezstv\u00ed bylo v\u00edtan\u00e9, i kdy\u017e huben\u00e9. I kdybychom v z\u00e1v\u011bre\u010dn\u00e9m z\u00e1pase na\u0161\u00ed skupiny smrti porazili MUTD, velmi pravd\u011bpodobn\u011b z druh\u00e9ho m\u00edsta nepostoup\u00edme (\u017ee by si City nechalo uj\u00edt prvn\u00ed m\u00edsto ve skupin\u011b nep\u0159edpokl\u00e1d\u00e1m). Aspo\u0148 se budeme moci soust\u0159edit na ligu, kde m\u00e1me spoustu pr\u00e1ce. P\u0159\u00ed\u0161t\u00ed z\u00e1pas bude 12.12., kdy k n\u00e1m zav\u00edt\u00e1 West Ham. Come on, you blue girls!<\/p>\n<p>P.S.: Ve Wembley zv\u00edt\u011bzila Chelsea 3:0. O g\u00f3ly se pod\u011blily Kirby (na 1:0) a Kerr (na 2:0 a 3:0). Chelsea tak z\u00edskala trebble za sez\u00f3nu 2020\/21.<\/p>\n<p style=\"text-align: right;\"><span style=\"font-size: 8pt;\"><em>Fotogtrafie: Toni Duggan po g\u00f3lu (zdroj: shekicks.net)<\/em><\/span><\/p>\n<p><strong>Branky:<\/strong> Duggan (61\u00b4)<\/p>\n<p><strong>\u017dK: <\/strong>Hill (48\u00b4)<\/p>\n<p><strong>Everton:<\/strong> Brosnan, Finnigan, George, Pattinson, Maier (Bj\u00f6rn 86\u00b4), Christiansen, Galli (Graham 55\u00b4), Clinton (Dali 55\u00b4), Bennison, Duggan, Magill (Turner 80\u00b4)<\/p>\n<p><strong>Durham:<\/strong> Mackain, Hill (Christon 81\u00b4), Lambert, Robson, Hepple, Galloway (Roberts 65\u00b4), Crosthwaite (Greenwood 80\u00b4), Bradley, Brown, Ayre (Briggs 65\u00b4), Holmes<\/p>\n","protected":false},"excerpt":{"rendered":"<p>Everton na dom\u00e1c\u00ed p\u016fd\u011b Walton Hall Park z\u00edskal t\u011bsn\u00e9 v\u00edtezstv\u00ed v ligov\u00e9m poh\u00e1ru nad outsiderem sv\u00e9 skupiny.\u00a0<\/p>\n","protected":false},"author":26,"featured_media":17119,"comment_status":"open","ping_status":"closed","sticky":false,"template":"","format":"standard","meta":{"_eb_attr":"","_monsterinsights_skip_tracking":false,"_monsterinsights_sitenote_active":false,"_monsterinsights_sitenote_note":"","_monsterinsights_sitenote_category":0,"footnotes":""},"categories":[4],"tags":[],"yoast_head":"<!-- This site is optimized with the Yoast SEO plugin v23.4 - https:\/\/yoast.com\/wordpress\/plugins\/seo\/ -->\n<title>Conti Cup: Everton W - Durham WFC 1:0 - Official Czech &amp; Slovak Everton Supporters&#039; Club<\/title>\n<meta name=\"robots\" content=\"index, follow, max-snippet:-1, max-image-preview:large, max-video-preview:-1\" \/>\n<link rel=\"canonical\" href=\"https:\/\/evertonfc.cz\/index.php\/2021\/12\/05\/conti-cup-everton-w-durham-wfc-10\/\" \/>\n<meta property=\"og:locale\" content=\"cs_CZ\" \/>\n<meta property=\"og:type\" content=\"article\" \/>\n<meta property=\"og:title\" content=\"Conti Cup: Everton W - Durham WFC 1:0 - Official Czech &amp; Slovak Everton Supporters&#039; Club\" \/>\n<meta property=\"og:description\" content=\"Everton na dom\u00e1c\u00ed p\u016fd\u011b Walton Hall Park z\u00edskal t\u011bsn\u00e9 v\u00edtezstv\u00ed v ligov\u00e9m poh\u00e1ru nad outsiderem sv\u00e9 skupiny.\u00a0\" \/>\n<meta property=\"og:url\" content=\"https:\/\/evertonfc.cz\/index.php\/2021\/12\/05\/conti-cup-everton-w-durham-wfc-10\/\" \/>\n<meta property=\"og:site_name\" content=\"Official Czech &amp; Slovak Everton Supporters&#039; Club\" \/>\n<meta property=\"article:publisher\" content=\"https:\/\/www.facebook.com\/everton.fans.cz.sk\" \/>\n<meta property=\"article:published_time\" content=\"2021-12-05T18:12:25+00:00\" \/>\n<meta property=\"article:modified_time\" content=\"2021-12-06T11:36:12+00:00\" \/>\n<meta property=\"og:image\" content=\"https:\/\/evertonfc.cz\/wp-content\/uploads\/2021\/12\/Everton_vs_-Durham_web_5_12_2021.jpg\" \/>\n\t<meta property=\"og:image:width\" content=\"720\" \/>\n\t<meta property=\"og:image:height\" content=\"405\" \/>\n\t<meta property=\"og:image:type\" content=\"image\/jpeg\" \/>\n<meta name=\"author\" content=\"Karamela\" \/>\n<meta name=\"twitter:card\" content=\"summary_large_image\" \/>\n<meta name=\"twitter:label1\" content=\"Napsal(a)\" \/>\n\t<meta name=\"twitter:data1\" content=\"Karamela\" \/>\n\t<meta name=\"twitter:label2\" content=\"Odhadovan\u00e1 doba \u010dten\u00ed\" \/>\n\t<meta name=\"twitter:data2\" content=\"3 minuty\" \/>\n<script type=\"application\/ld+json\" class=\"yoast-schema-graph\">{\"@context\":\"https:\/\/schema.org\",\"@graph\":[{\"@type\":\"Article\",\"@id\":\"https:\/\/evertonfc.cz\/index.php\/2021\/12\/05\/conti-cup-everton-w-durham-wfc-10\/#article\",\"isPartOf\":{\"@id\":\"https:\/\/evertonfc.cz\/index.php\/2021\/12\/05\/conti-cup-everton-w-durham-wfc-10\/\"},\"author\":{\"name\":\"Karamela\",\"@id\":\"https:\/\/evertonfc.cz\/#\/schema\/person\/e9a24a80a32efa1344dd2c4e5882185c\"},\"headline\":\"Conti Cup: Everton W &#8211; Durham WFC 1:0\",\"datePublished\":\"2021-12-05T18:12:25+00:00\",\"dateModified\":\"2021-12-06T11:36:12+00:00\",\"mainEntityOfPage\":{\"@id\":\"https:\/\/evertonfc.cz\/index.php\/2021\/12\/05\/conti-cup-everton-w-durham-wfc-10\/\"},\"wordCount\":828,\"commentCount\":2,\"publisher\":{\"@id\":\"https:\/\/evertonfc.cz\/#organization\"},\"image\":{\"@id\":\"https:\/\/evertonfc.cz\/index.php\/2021\/12\/05\/conti-cup-everton-w-durham-wfc-10\/#primaryimage\"},\"thumbnailUrl\":\"https:\/\/evertonfc.cz\/wp-content\/uploads\/2021\/12\/Everton_vs_-Durham_web_5_12_2021.jpg\",\"articleSection\":[\"Z\u00e1pasy\"],\"inLanguage\":\"cs\",\"potentialAction\":[{\"@type\":\"CommentAction\",\"name\":\"Comment\",\"target\":[\"https:\/\/evertonfc.cz\/index.php\/2021\/12\/05\/conti-cup-everton-w-durham-wfc-10\/#respond\"]}]},{\"@type\":\"WebPage\",\"@id\":\"https:\/\/evertonfc.cz\/index.php\/2021\/12\/05\/conti-cup-everton-w-durham-wfc-10\/\",\"url\":\"https:\/\/evertonfc.cz\/index.php\/2021\/12\/05\/conti-cup-everton-w-durham-wfc-10\/\",\"name\":\"Conti Cup: Everton W - Durham WFC 1:0 - Official Czech &amp; Slovak Everton Supporters&#039; Club\",\"isPartOf\":{\"@id\":\"https:\/\/evertonfc.cz\/#website\"},\"primaryImageOfPage\":{\"@id\":\"https:\/\/evertonfc.cz\/index.php\/2021\/12\/05\/conti-cup-everton-w-durham-wfc-10\/#primaryimage\"},\"image\":{\"@id\":\"https:\/\/evertonfc.cz\/index.php\/2021\/12\/05\/conti-cup-everton-w-durham-wfc-10\/#primaryimage\"},\"thumbnailUrl\":\"https:\/\/evertonfc.cz\/wp-content\/uploads\/2021\/12\/Everton_vs_-Durham_web_5_12_2021.jpg\",\"datePublished\":\"2021-12-05T18:12:25+00:00\",\"dateModified\":\"2021-12-06T11:36:12+00:00\",\"breadcrumb\":{\"@id\":\"https:\/\/evertonfc.cz\/index.php\/2021\/12\/05\/conti-cup-everton-w-durham-wfc-10\/#breadcrumb\"},\"inLanguage\":\"cs\",\"potentialAction\":[{\"@type\":\"ReadAction\",\"target\":[\"https:\/\/evertonfc.cz\/index.php\/2021\/12\/05\/conti-cup-everton-w-durham-wfc-10\/\"]}]},{\"@type\":\"ImageObject\",\"inLanguage\":\"cs\",\"@id\":\"https:\/\/evertonfc.cz\/index.php\/2021\/12\/05\/conti-cup-everton-w-durham-wfc-10\/#primaryimage\",\"url\":\"https:\/\/evertonfc.cz\/wp-content\/uploads\/2021\/12\/Everton_vs_-Durham_web_5_12_2021.jpg\",\"contentUrl\":\"https:\/\/evertonfc.cz\/wp-content\/uploads\/2021\/12\/Everton_vs_-Durham_web_5_12_2021.jpg\",\"width\":720,\"height\":405},{\"@type\":\"BreadcrumbList\",\"@id\":\"https:\/\/evertonfc.cz\/index.php\/2021\/12\/05\/conti-cup-everton-w-durham-wfc-10\/#breadcrumb\",\"itemListElement\":[{\"@type\":\"ListItem\",\"position\":1,\"name\":\"Home\",\"item\":\"https:\/\/evertonfc.cz\/\"},{\"@type\":\"ListItem\",\"position\":2,\"name\":\"Conti Cup: Everton W &#8211; Durham WFC 1:0\"}]},{\"@type\":\"WebSite\",\"@id\":\"https:\/\/evertonfc.cz\/#website\",\"url\":\"https:\/\/evertonfc.cz\/\",\"name\":\"Official Czech &amp; Slovak Everton Supporters&#039; Club\",\"description\":\"\",\"publisher\":{\"@id\":\"https:\/\/evertonfc.cz\/#organization\"},\"potentialAction\":[{\"@type\":\"SearchAction\",\"target\":{\"@type\":\"EntryPoint\",\"urlTemplate\":\"https:\/\/evertonfc.cz\/?s={search_term_string}\"},\"query-input\":{\"@type\":\"PropertyValueSpecification\",\"valueRequired\":true,\"valueName\":\"search_term_string\"}}],\"inLanguage\":\"cs\"},{\"@type\":\"Organization\",\"@id\":\"https:\/\/evertonfc.cz\/#organization\",\"name\":\"Official Czech & Slovak Everton Supporters' Club\",\"url\":\"https:\/\/evertonfc.cz\/\",\"logo\":{\"@type\":\"ImageObject\",\"inLanguage\":\"cs\",\"@id\":\"https:\/\/evertonfc.cz\/#\/schema\/logo\/image\/\",\"url\":\"https:\/\/evertonfc.cz\/wp-content\/uploads\/2019\/05\/logo.png\",\"contentUrl\":\"https:\/\/evertonfc.cz\/wp-content\/uploads\/2019\/05\/logo.png\",\"width\":112,\"height\":112,\"caption\":\"Official Czech & Slovak Everton Supporters' Club\"},\"image\":{\"@id\":\"https:\/\/evertonfc.cz\/#\/schema\/logo\/image\/\"},\"sameAs\":[\"https:\/\/www.facebook.com\/everton.fans.cz.sk\"]},{\"@type\":\"Person\",\"@id\":\"https:\/\/evertonfc.cz\/#\/schema\/person\/e9a24a80a32efa1344dd2c4e5882185c\",\"name\":\"Karamela\",\"url\":\"https:\/\/evertonfc.cz\/index.php\/author\/karamela\/\"}]}<\/script>\n<!-- \/ Yoast SEO plugin. -->","yoast_head_json":{"title":"Conti Cup: Everton W - Durham WFC 1:0 - Official Czech &amp; Slovak Everton Supporters&#039; Club","robots":{"index":"index","follow":"follow","max-snippet":"max-snippet:-1","max-image-preview":"max-image-preview:large","max-video-preview":"max-video-preview:-1"},"canonical":"https:\/\/evertonfc.cz\/index.php\/2021\/12\/05\/conti-cup-everton-w-durham-wfc-10\/","og_locale":"cs_CZ","og_type":"article","og_title":"Conti Cup: Everton W - Durham WFC 1:0 - Official Czech &amp; Slovak Everton Supporters&#039; Club","og_description":"Everton na dom\u00e1c\u00ed p\u016fd\u011b Walton Hall Park z\u00edskal t\u011bsn\u00e9 v\u00edtezstv\u00ed v ligov\u00e9m poh\u00e1ru nad outsiderem sv\u00e9 skupiny.\u00a0","og_url":"https:\/\/evertonfc.cz\/index.php\/2021\/12\/05\/conti-cup-everton-w-durham-wfc-10\/","og_site_name":"Official Czech &amp; Slovak Everton Supporters&#039; Club","article_publisher":"https:\/\/www.facebook.com\/everton.fans.cz.sk","article_published_time":"2021-12-05T18:12:25+00:00","article_modified_time":"2021-12-06T11:36:12+00:00","og_image":[{"width":720,"height":405,"url":"https:\/\/evertonfc.cz\/wp-content\/uploads\/2021\/12\/Everton_vs_-Durham_web_5_12_2021.jpg","type":"image\/jpeg"}],"author":"Karamela","twitter_card":"summary_large_image","twitter_misc":{"Napsal(a)":"Karamela","Odhadovan\u00e1 doba \u010dten\u00ed":"3 minuty"},"schema":{"@context":"https:\/\/schema.org","@graph":[{"@type":"Article","@id":"https:\/\/evertonfc.cz\/index.php\/2021\/12\/05\/conti-cup-everton-w-durham-wfc-10\/#article","isPartOf":{"@id":"https:\/\/evertonfc.cz\/index.php\/2021\/12\/05\/conti-cup-everton-w-durham-wfc-10\/"},"author":{"name":"Karamela","@id":"https:\/\/evertonfc.cz\/#\/schema\/person\/e9a24a80a32efa1344dd2c4e5882185c"},"headline":"Conti Cup: Everton W &#8211; Durham WFC 1:0","datePublished":"2021-12-05T18:12:25+00:00","dateModified":"2021-12-06T11:36:12+00:00","mainEntityOfPage":{"@id":"https:\/\/evertonfc.cz\/index.php\/2021\/12\/05\/conti-cup-everton-w-durham-wfc-10\/"},"wordCount":828,"commentCount":2,"publisher":{"@id":"https:\/\/evertonfc.cz\/#organization"},"image":{"@id":"https:\/\/evertonfc.cz\/index.php\/2021\/12\/05\/conti-cup-everton-w-durham-wfc-10\/#primaryimage"},"thumbnailUrl":"https:\/\/evertonfc.cz\/wp-content\/uploads\/2021\/12\/Everton_vs_-Durham_web_5_12_2021.jpg","articleSection":["Z\u00e1pasy"],"inLanguage":"cs","potentialAction":[{"@type":"CommentAction","name":"Comment","target":["https:\/\/evertonfc.cz\/index.php\/2021\/12\/05\/conti-cup-everton-w-durham-wfc-10\/#respond"]}]},{"@type":"WebPage","@id":"https:\/\/evertonfc.cz\/index.php\/2021\/12\/05\/conti-cup-everton-w-durham-wfc-10\/","url":"https:\/\/evertonfc.cz\/index.php\/2021\/12\/05\/conti-cup-everton-w-durham-wfc-10\/","name":"Conti Cup: Everton W - Durham WFC 1:0 - Official Czech &amp; Slovak Everton Supporters&#039; Club","isPartOf":{"@id":"https:\/\/evertonfc.cz\/#website"},"primaryImageOfPage":{"@id":"https:\/\/evertonfc.cz\/index.php\/2021\/12\/05\/conti-cup-everton-w-durham-wfc-10\/#primaryimage"},"image":{"@id":"https:\/\/evertonfc.cz\/index.php\/2021\/12\/05\/conti-cup-everton-w-durham-wfc-10\/#primaryimage"},"thumbnailUrl":"https:\/\/evertonfc.cz\/wp-content\/uploads\/2021\/12\/Everton_vs_-Durham_web_5_12_2021.jpg","datePublished":"2021-12-05T18:12:25+00:00","dateModified":"2021-12-06T11:36:12+00:00","breadcrumb":{"@id":"https:\/\/evertonfc.cz\/index.php\/2021\/12\/05\/conti-cup-everton-w-durham-wfc-10\/#breadcrumb"},"inLanguage":"cs","potentialAction":[{"@type":"ReadAction","target":["https:\/\/evertonfc.cz\/index.php\/2021\/12\/05\/conti-cup-everton-w-durham-wfc-10\/"]}]},{"@type":"ImageObject","inLanguage":"cs","@id":"https:\/\/evertonfc.cz\/index.php\/2021\/12\/05\/conti-cup-everton-w-durham-wfc-10\/#primaryimage","url":"https:\/\/evertonfc.cz\/wp-content\/uploads\/2021\/12\/Everton_vs_-Durham_web_5_12_2021.jpg","contentUrl":"https:\/\/evertonfc.cz\/wp-content\/uploads\/2021\/12\/Everton_vs_-Durham_web_5_12_2021.jpg","width":720,"height":405},{"@type":"BreadcrumbList","@id":"https:\/\/evertonfc.cz\/index.php\/2021\/12\/05\/conti-cup-everton-w-durham-wfc-10\/#breadcrumb","itemListElement":[{"@type":"ListItem","position":1,"name":"Home","item":"https:\/\/evertonfc.cz\/"},{"@type":"ListItem","position":2,"name":"Conti Cup: Everton W &#8211; Durham WFC 1:0"}]},{"@type":"WebSite","@id":"https:\/\/evertonfc.cz\/#website","url":"https:\/\/evertonfc.cz\/","name":"Official Czech &amp; Slovak Everton Supporters&#039; Club","description":"","publisher":{"@id":"https:\/\/evertonfc.cz\/#organization"},"potentialAction":[{"@type":"SearchAction","target":{"@type":"EntryPoint","urlTemplate":"https:\/\/evertonfc.cz\/?s={search_term_string}"},"query-input":{"@type":"PropertyValueSpecification","valueRequired":true,"valueName":"search_term_string"}}],"inLanguage":"cs"},{"@type":"Organization","@id":"https:\/\/evertonfc.cz\/#organization","name":"Official Czech & Slovak Everton Supporters' Club","url":"https:\/\/evertonfc.cz\/","logo":{"@type":"ImageObject","inLanguage":"cs","@id":"https:\/\/evertonfc.cz\/#\/schema\/logo\/image\/","url":"https:\/\/evertonfc.cz\/wp-content\/uploads\/2019\/05\/logo.png","contentUrl":"https:\/\/evertonfc.cz\/wp-content\/uploads\/2019\/05\/logo.png","width":112,"height":112,"caption":"Official Czech & Slovak Everton Supporters' Club"},"image":{"@id":"https:\/\/evertonfc.cz\/#\/schema\/logo\/image\/"},"sameAs":["https:\/\/www.facebook.com\/everton.fans.cz.sk"]},{"@type":"Person","@id":"https:\/\/evertonfc.cz\/#\/schema\/person\/e9a24a80a32efa1344dd2c4e5882185c","name":"Karamela","url":"https:\/\/evertonfc.cz\/index.php\/author\/karamela\/"}]}},"_links":{"self":[{"href":"https:\/\/evertonfc.cz\/index.php\/wp-json\/wp\/v2\/posts\/17102"}],"collection":[{"href":"https:\/\/evertonfc.cz\/index.php\/wp-json\/wp\/v2\/posts"}],"about":[{"href":"https:\/\/evertonfc.cz\/index.php\/wp-json\/wp\/v2\/types\/post"}],"author":[{"embeddable":true,"href":"https:\/\/evertonfc.cz\/index.php\/wp-json\/wp\/v2\/users\/26"}],"replies":[{"embeddable":true,"href":"https:\/\/evertonfc.cz\/index.php\/wp-json\/wp\/v2\/comments?post=17102"}],"version-history":[{"count":10,"href":"https:\/\/evertonfc.cz\/index.php\/wp-json\/wp\/v2\/posts\/17102\/revisions"}],"predecessor-version":[{"id":17146,"href":"https:\/\/evertonfc.cz\/index.php\/wp-json\/wp\/v2\/posts\/17102\/revisions\/17146"}],"wp:featuredmedia":[{"embeddable":true,"href":"https:\/\/evertonfc.cz\/index.php\/wp-json\/wp\/v2\/media\/17119"}],"wp:attachment":[{"href":"https:\/\/evertonfc.cz\/index.php\/wp-json\/wp\/v2\/media?parent=17102"}],"wp:term":[{"taxonomy":"category","embeddable":true,"href":"https:\/\/evertonfc.cz\/index.php\/wp-json\/wp\/v2\/categories?post=17102"},{"taxonomy":"post_tag","embeddable":true,"href":"https:\/\/evertonfc.cz\/index.php\/wp-json\/wp\/v2\/tags?post=17102"}],"curies":[{"name":"wp","href":"https:\/\/api.w.org\/{rel}","templated":true}]}}