{"id":17154,"date":"2021-12-07T13:39:12","date_gmt":"2021-12-07T12:39:12","guid":{"rendered":"https:\/\/evertonfc.cz\/?p=17154"},"modified":"2021-12-07T18:01:24","modified_gmt":"2021-12-07T17:01:24","slug":"everton-arsenal-2-1","status":"publish","type":"post","link":"https:\/\/evertonfc.cz\/index.php\/2021\/12\/07\/everton-arsenal-2-1\/","title":{"rendered":"Everton &#8211; Arsenal 2:1"},"content":{"rendered":"<h4>O n\u011bco veseleji je po v\u010derej\u0161ku na Goodison Parku. Arsenal prakticky nem\u011bl \u0161anci, VAR jen odkl\u00e1dal neodvratn\u00e9, Everton vypustil psy, kter\u00e9 ne\u0161lo zastavit. Probl\u00e9my mimo i na h\u0159i\u0161ti trvaj\u00ed, ale poda\u0159ilo se ukon\u010dit \u0161\u0148\u016fru bez v\u00fdhry.<\/h4>\n<p>Nov\u00fd probl\u00e9m vyplaval na povrch u\u017e p\u0159i p\u0159edz\u00e1pasov\u00e9 tiskovce. Lucas Digne, pova\u017eovan\u00fd snad za nejlep\u0161\u00ed po\u010din odch\u00e1zej\u00edc\u00edho Marcela Brandse, se toti\u017e neobjevil v\u00a0nominaci na z\u00e1pas. Francouzsk\u00fd reprezentant, na sv\u00e9m lev\u00e9m kraji obrany Evertonu v\u00a0podstat\u011b bez konkurence, podlehl patrn\u011b intoxikaci koluj\u00edc\u00ed kolem GP a Finch Farm. S\u00a0ur\u010ditost\u00ed nelze \u0159\u00edct, jak to s\u00a0n\u00edm bude.<\/p>\n<p>Na druhou stranu se mohlo zd\u00e1t, \u017ee se p\u0159eci jen \u0161t\u011bst\u011bna obrac\u00ed. Oo dlouh\u00e9 dob\u011b se do z\u00e1kladu vr\u00e1til Yerry Mina. Kolumbijec dol\u00e9\u010dil probl\u00e9my se stehnem, tak\u017ee vytla\u010dil Godfreyho na lev\u00fd kraj n\u00e1hradou pr\u00e1v\u011b za Digneho. Rond\u00f3n nestihl dol\u00e9\u010dit stejn\u00fd probl\u00e9m z derby, z\u016fstal tedy doma.<\/p>\n<p>R. B. Maudes poslal na h\u0159i\u0161t\u011b t\u00fdm v rozestaven\u00ed 4-4-1-1 s Gordonem a Grayem na kraj\u00edch a s Townsendem jako podhrotem za Richarlisonem.<\/p>\n<h4><strong>Prvn\u00ed p\u016fle<\/strong><\/h4>\n<p>Na za\u010d\u00e1tku byla zn\u00e1t nervozita, Everton necht\u011bl ud\u011blat chybu a kou\u010d soupe\u0159e Arteta tak\u00e9 opatrn\u011b vy\u010dk\u00e1val. Prvn\u00ed p\u0159eru\u0161en\u00ed nastalo p\u0159i pl\u00e1novan\u00e9m uct\u011bn\u00ed pam\u00e1tky mlad\u00e9ho fanou\u0161ka Arthura Labinja-Hughese, jeho\u017e \u017eivot byl brut\u00e1ln\u011b a p\u0159ed\u010dasn\u011b ukon\u010den v 6 letech.<\/p>\n<p>Na kraji zastupuj\u00edc\u00ed Ben Godfrey se ze za\u010d\u00e1tku dop\u0159edu moc netla\u010dil. Jeho spoluhr\u00e1\u010di zvykl\u00ed rozeb\u00edhat Digneho se museli obr\u00e1tit jinam. V 8. minut\u011b \u0161el Godfrey do souboje s Tomiyasem velmi ost\u0159e, ov\u0161em \u010dist\u011b a dal tak najevo, kdo budeme na t\u00e9to stran\u011b h\u0159i\u0161t\u011b p\u00e1nem.<\/p>\n<p>Silnou de\u0161\u0165ovou p\u0159eh\u00e1\u0148ku zastavil svou st\u0159elou do mrak\u016f Thomas Partey a \u00favod pokra\u010doval bez v\u00fdrazn\u011bj\u0161\u00edch ud\u00e1lost\u00ed. Godfrey pokra\u010doval v\u00a0\u0161ikan\u011b na lev\u00e9 stran\u011b, na koleno dostal r\u00e1no Saka. Doucour\u00e9 se dostal k\u00a0m\u00ed\u010di ve v\u00e1pn\u011b, ale na rozd\u00edl od srpnov\u00e9 oto\u010dky ta prosincov\u00e1 nep\u0159inesla pot\u0159ebnou diska\u0159skou razanci a m\u00ed\u010d jen prohopkal vedle.<\/p>\n<p>S bl\u00ed\u017e\u00edc\u00ed se 27. minutou a pl\u00e1novan\u00fdm protestem dom\u00e1c\u00ed zv\u00fd\u0161ili aktivitu, ale proto\u017ee se vzbudila dcera a n\u00e1sledn\u011b mn\u011b v nastal\u00e9 panice vypadl stream, nemohu o\u010dit\u011b dosv\u011bd\u010dit, co se d\u011blo. Z toho, co jsem se dozv\u011bd\u011bl na twitteru, \u00fa\u010dast nebyla nijak hojn\u00e1. Nap\u011bt\u00ed se vystup\u0148ovalo, kdy\u017e se Godfrey zamotal v souboji s Tomiyasem a zas\u00e1hl le\u017e\u00edc\u00edho japonsk\u00e9ho hr\u00e1\u010de kopa\u010dkou do obli\u010deje. Moment zkoumal VAR a nakonec nad t\u00edm Mike Dean jen m\u00e1vl rukou. Akademie ocenila patrn\u011b to, \u017ee Ben si nevzal na sv\u016fj v\u00fdpad botu s vyst\u0159elovac\u00edm no\u017eem. Z\u00e1sah jist\u011b nezam\u00fd\u0161len\u00fd, ale takhle z l\u016f\u017eka se zd\u00e1lo, \u017ee se p\u0159eci jen mohl obli\u010deji vyhnout. Snad hr\u00e1lo roli, \u017ee netekla krev a lond\u00fdnsk\u00fd samuraj byl rychle na nohou. P\u0159eru\u0161en\u00ed vyu\u017eil Yerry Mina, aby po\u017e\u00e1dal o vyst\u0159\u00edd\u00e1n\u00ed. P\u016fhodina mu protentokr\u00e1t sta\u010dila. Jeho m\u00edsto zaujal Mason Holgate.<\/p>\n<p>N\u00e1sledovaly nep\u0159esnosti ji\u017e v p\u0159edfin\u00e1ln\u00ed f\u00e1zi, ke st\u0159ele se pak dostal Gordon, ale neprocedil ji p\u0159es bloky. Dvojit\u00fd roh host\u016f vy\u00fastil jen ve faul na Pickforda, ten tak mohl hru dostat zp\u011bt na polovinu soupe\u0159e. Townsend tam z p\u0159\u00edm\u00e9ho kopu na\u0161el hlavu Richarlisona, kter\u00fd poslal m\u00ed\u010d akur\u00e1tn\u011b za Ramsdala \u2013 <strong>1:0<\/strong>. V\u0161e p\u0159ezkoum\u00e1val VAR a usoudil, \u017ee se nepoda\u0159ilo Tomiyasa zatla\u010dit tak, aby dostal brazilsk\u00e9ho \u00fato\u010dn\u00edka do hry. Rozd\u00edl byl drobn\u00fd, snad rameno. Tak\u017ee zp\u011bt <strong>0:0<\/strong>.<\/p>\n<p>Nastaven\u00ed prvn\u00ed p\u016fle pak zn\u00e1sobilo zoufalstv\u00ed dom\u00e1c\u00edch. Tierney proklop\u00fdtal p\u0159es Colemana, v ojedin\u011bl\u00e9 p\u0159\u00edle\u017eitosti na\u0161el p\u0159ed brankou zcela nepokryt\u00e9ho \u00d8degaarda a ten m\u00ed\u010d uklidil do s\u00edt\u011b &#8211; <strong>0:1<\/strong>.<\/p>\n<h4><strong>Druh\u00e1 p\u016fle<\/strong><\/h4>\n<p>Nebylo v\u0161ak t\u0159eba h\u00e1zet flintu do \u017eita, Kanon\u00fd\u0159i nep\u016fsobili rozhodn\u011b jist\u00fdm dojmem a body st\u00e1le le\u017eely na h\u0159i\u0161ti, jen je posb\u00edrat. Bohu\u017eel st\u00e1le se dr\u017eela dom\u00e1c\u00edch nervozita, tak\u017ee soupe\u0159ovu branku p\u0159\u00edli\u0161 neohro\u017eovali. Sp\u00ed\u0161e si Toffees zasedli na Bukaya Saku, kter\u00e9mu nejprve za \u017elutou Godfrey, pot\u00e9 je\u0161t\u011b Richarlison vysv\u011btlili jeho roli v z\u00e1pase. Ten se na opl\u00e1tku zvedal ze h\u0159i\u0161t\u011b st\u00e1le pomaleji. Postupn\u011b se pr\u00e1v\u011b to stalo hlavn\u00ed n\u00e1pln\u00ed hr\u00e1\u010d\u016f v \u010dervenob\u00edl\u00e9m, co nejv\u00edce pl\u00fdtvat \u010dasem. A to se jim nevyplatilo. V 58. minut\u011b m\u00ed\u010d rychle st\u0159edem od Alana doputoval k Doucour\u00e9mu, ten ve v\u00e1pn\u011b vyb\u00eddl Richarlisona a st\u0159elou k ty\u010di nedal Ramsdalovi \u0161anci \u2013 <strong>1:1<\/strong>. \u00a0Povinn\u00fd p\u0159ezkum videa ale op\u011bt zaznamenal ofsajd, ve kter\u00e9m tentokr\u00e1t byla \u0161pi\u010di\u010dka r\u016f\u017eov\u00e9 boty. Bota pat\u0159ila na\u0161emu Brazilci, tak\u017ee zp\u011bt <strong>0:1<\/strong>.<\/p>\n<p>Vyvolan\u00fd tlak u\u017e ale nebylo mo\u017en\u00e9 dlouho dr\u017eet pod pokli\u010dkou, Everton se dost\u00e1val na kon\u011b a za z\u00e1dy m\u011bl op\u011bt sv\u00e9 fanou\u0161ky. Xhaka na hran\u011b v\u00e1pna sest\u0159elil Gordona, za co\u017e obdr\u017eel \u017elutou. P\u0159ed fin\u00e1ln\u00ed \u010d\u00e1st\u00ed se na h\u0159i\u0161t\u011b postupn\u011b pod\u00edvali hostuj\u00edc\u00ed Nketiah a Nuno Tavares, v dom\u00e1c\u00edm t\u00fdmu vyst\u0159\u00eddal Townsenda uzdraven\u00fd Andr\u00e9 Gomes. Dal\u0161\u00ed \u017elutou za liknavost dostal \u00d8degaard a po kart\u011b volal i z\u00e1krok Gordona na Tavarese, co\u017e mlad\u00edk se \u0161t\u011bst\u00edm p\u0159e\u010dkal bez napomenut\u00ed.<\/p>\n<p>Richarlison pokra\u010doval ve sve\u0159ep\u00e9m v\u00fdkonu, vybojovan\u00fd m\u00ed\u010d posunul ke Gomesovi, jeho zblokovan\u00fd pokus se odrazil ke Grayovi. Ten vyslal p\u016fsobivou r\u00e1nu, ale snad s p\u0159isp\u011bn\u00edm brank\u00e1\u0159e pleskla o b\u0159evno. M\u00ed\u010d si v\u0161ak na\u0161el sv\u00e9ho obl\u00edbence a Richarlisonova hlava jej obloukem nasm\u011brovala do s\u00edt\u011b a bylo vyrovn\u00e1no, te\u010f u\u017e opravdu \u2013 <strong>1:1<\/strong>. To byla 78. minuta.<\/p>\n<p>Mod\u0159\u00ed vyc\u00edtili svou \u0161anci, ale moc nechyb\u011blo, aby se houpa\u010dka zase vysmekla na stranu Arsenalu. Godfrey lehl do st\u0159ely norsk\u00e9ho \u0161p\u00edlmachra, p\u0159i zved\u00e1n\u00ed se m\u00ed\u010de dotkl rukou, ale v souladu s pravidly p\u0159i tom nez\u00edskal \u017e\u00e1dnou v\u00fdhodu. Saka se pak probil po prav\u00e9 stran\u011b k centru, na\u0161el na zadn\u00ed ty\u010di nestr\u00e1\u017een\u00e9ho Nketiaha, ten si ale se zakon\u010den\u00edm nedal dost pr\u00e1ce a ty\u010d mu oplatila majznut\u00edm m\u00ed\u010de zp\u011bt.<\/p>\n<p>U\u017e b\u011b\u017eel nastaven\u00fd \u010das, kdy\u017e se do dal\u0161\u00ed st\u0159ely \u00d8degaarda polo\u017eil kapit\u00e1n Coleman a zachr\u00e1nil sv\u016fj t\u00fdm. P\u0159i zp\u011btn\u00e9m \u00faderu nejprve Andr\u00e9 Gomes v\u00fdborn\u011b udr\u017eel m\u00ed\u010d ve st\u0159edu h\u0159i\u0161t\u011b, ten posunul do kraje na hou\u017eevnat\u00e9ho Graye a jeho st\u0159ela proz\u00e1\u0159ila temnoty Gwladys Street, Goodison Parku a do\u010dasn\u011b i du\u0161e v\u0161ech Evertonians. Nechytateln\u00e1 r\u00e1na prosvi\u0161t\u011bla mimo dosah Ramsdala a s pomoc\u00ed ty\u010de si na\u0161la cestu do s\u00edt\u011b \u2013 <strong>2:1<\/strong>.<\/p>\n<p>Nastaven\u00ed bylo velkorys\u00e9, tak\u017ee Richarlison stihl vyb\u00eddnout st\u0159\u00eddaj\u00edc\u00edho Iwobiho, ale ten dle sv\u00e9ho zvyku \u0161anci k zakon\u010den\u00ed prov\u00e1hal a dal \u0161anci sv\u00e9mu mate\u0159sk\u00e9mu t\u00fdmu. Kdyby na druh\u00e9 stran\u011b nov\u00fd hr\u00e1\u010d Aubameyang v 96. minut\u011b vyrovnal, dopadlo by to snad s nig\u00e9rijsk\u00fdm k\u0159\u00eddeln\u00edkem nedob\u0159e, ale nevyrovnal a v\u0161ichni si tak mohli vychutnat utnut\u00ed nekone\u010dn\u00e9 \u0161\u0148\u016fry bez v\u00edt\u011bzstv\u00ed. Na hr\u00e1\u010d\u00edch bylo mo\u017en\u00e9 vid\u011bt, jak moc pro n\u011b v\u00edt\u011bzstv\u00ed znamen\u00e1. K\u00e9\u017e by se poda\u0159ilo na v\u00fdkon nav\u00e1zat a naplnit tak prorock\u00e1 slova na\u0161eho majitele, \u017ee v\u0161echno je OK, \u017ee p\u0159eci nejsme v\u016fbec v krizi.<\/p>\n<p><strong>Hr\u00e1\u010d z\u00e1pasu redakce<\/strong>: Richarlison<\/p>\n<p><strong>Branky<\/strong>: 79\u2018 Richarlison, 90+2\u2018 D. Gray &#8211; 45+2\u2018 \u00d8degaard<\/p>\n<p><strong>\u017dlut\u00e9 karty<\/strong>: 50\u2018 Godfrey, 90+3\u2018 D. Gray &#8211; 63\u2018 Xhaka, 74\u2018 \u00d8degaard<\/p>\n<p><strong>Everton FC<\/strong>: Pickford \u2013 Coleman, Y. Mina (31\u2018 Holgate), M. Keane, Godfrey \u2013 Gordon (87\u2018 Iwobi), Doucour\u00e9, Allan, D. Gray \u2013 Townsend (66\u2018 A. Gomes) \u2013 Richarlison<\/p>\n<p><strong>Arsenal FC<\/strong>: Ramsdale \u2013 Tomiyasu, White, Gabriel, Tierney (65\u2018 N. Tavares) \u2013 Partey, Xhaka \u2013 Martinelli (71\u2018 Nketiah), \u00d8degaard, Saka \u2013 Lacazette (85\u2018 Aubameyang)<\/p>\n<p><strong>Rozhod\u010d\u00ed<\/strong>: Mike Dean <strong>Div\u00e1k\u016f<\/strong>: 38 906<\/p>\n","protected":false},"excerpt":{"rendered":"<p>O n\u011bco veseleji je po v\u010derej\u0161ku na Goodison Parku. Arsenal prakticky nem\u011bl \u0161anci, VAR jen odkl\u00e1dal neodvratn\u00e9, Everton vypustil psy, kter\u00e9 ne\u0161lo zastavit. Probl\u00e9my mimo i na h\u0159i\u0161ti trvaj\u00ed, ale poda\u0159ilo se ukon\u010dit \u0161\u0148\u016fru bez v\u00fdhry.<\/p>\n","protected":false},"author":10,"featured_media":17153,"comment_status":"open","ping_status":"closed","sticky":false,"template":"","format":"standard","meta":{"_eb_attr":"","_monsterinsights_skip_tracking":false,"_monsterinsights_sitenote_active":false,"_monsterinsights_sitenote_note":"","_monsterinsights_sitenote_category":0,"footnotes":""},"categories":[4],"tags":[],"yoast_head":"<!-- This site is optimized with the Yoast SEO plugin v23.4 - https:\/\/yoast.com\/wordpress\/plugins\/seo\/ -->\n<title>Everton - Arsenal 2:1 - Official Czech &amp; Slovak Everton Supporters&#039; Club<\/title>\n<meta name=\"robots\" content=\"index, follow, max-snippet:-1, max-image-preview:large, max-video-preview:-1\" \/>\n<link rel=\"canonical\" href=\"https:\/\/evertonfc.cz\/index.php\/2021\/12\/07\/everton-arsenal-2-1\/\" \/>\n<meta property=\"og:locale\" content=\"cs_CZ\" \/>\n<meta property=\"og:type\" content=\"article\" \/>\n<meta property=\"og:title\" content=\"Everton - Arsenal 2:1 - Official Czech &amp; Slovak Everton Supporters&#039; Club\" \/>\n<meta property=\"og:description\" content=\"O n\u011bco veseleji je po v\u010derej\u0161ku na Goodison Parku. Arsenal prakticky nem\u011bl \u0161anci, VAR jen odkl\u00e1dal neodvratn\u00e9, Everton vypustil psy, kter\u00e9 ne\u0161lo zastavit. Probl\u00e9my mimo i na h\u0159i\u0161ti trvaj\u00ed, ale poda\u0159ilo se ukon\u010dit \u0161\u0148\u016fru bez v\u00fdhry.\" \/>\n<meta property=\"og:url\" content=\"https:\/\/evertonfc.cz\/index.php\/2021\/12\/07\/everton-arsenal-2-1\/\" \/>\n<meta property=\"og:site_name\" content=\"Official Czech &amp; Slovak Everton Supporters&#039; Club\" \/>\n<meta property=\"article:publisher\" content=\"https:\/\/www.facebook.com\/everton.fans.cz.sk\" \/>\n<meta property=\"article:published_time\" content=\"2021-12-07T12:39:12+00:00\" \/>\n<meta property=\"article:modified_time\" content=\"2021-12-07T17:01:24+00:00\" \/>\n<meta property=\"og:image\" content=\"https:\/\/evertonfc.cz\/wp-content\/uploads\/2021\/12\/gray_ars.jpg\" \/>\n\t<meta property=\"og:image:width\" content=\"720\" \/>\n\t<meta property=\"og:image:height\" content=\"405\" \/>\n\t<meta property=\"og:image:type\" content=\"image\/jpeg\" \/>\n<meta name=\"author\" content=\"Fip\" \/>\n<meta name=\"twitter:card\" content=\"summary_large_image\" \/>\n<meta name=\"twitter:label1\" content=\"Napsal(a)\" \/>\n\t<meta name=\"twitter:data1\" content=\"Fip\" \/>\n\t<meta name=\"twitter:label2\" content=\"Odhadovan\u00e1 doba \u010dten\u00ed\" \/>\n\t<meta name=\"twitter:data2\" content=\"5 minut\" \/>\n<script type=\"application\/ld+json\" class=\"yoast-schema-graph\">{\"@context\":\"https:\/\/schema.org\",\"@graph\":[{\"@type\":\"Article\",\"@id\":\"https:\/\/evertonfc.cz\/index.php\/2021\/12\/07\/everton-arsenal-2-1\/#article\",\"isPartOf\":{\"@id\":\"https:\/\/evertonfc.cz\/index.php\/2021\/12\/07\/everton-arsenal-2-1\/\"},\"author\":{\"name\":\"Fip\",\"@id\":\"https:\/\/evertonfc.cz\/#\/schema\/person\/35904009755e8eaa0dc1a5f5f0419002\"},\"headline\":\"Everton &#8211; Arsenal 2:1\",\"datePublished\":\"2021-12-07T12:39:12+00:00\",\"dateModified\":\"2021-12-07T17:01:24+00:00\",\"mainEntityOfPage\":{\"@id\":\"https:\/\/evertonfc.cz\/index.php\/2021\/12\/07\/everton-arsenal-2-1\/\"},\"wordCount\":1432,\"commentCount\":11,\"publisher\":{\"@id\":\"https:\/\/evertonfc.cz\/#organization\"},\"image\":{\"@id\":\"https:\/\/evertonfc.cz\/index.php\/2021\/12\/07\/everton-arsenal-2-1\/#primaryimage\"},\"thumbnailUrl\":\"https:\/\/evertonfc.cz\/wp-content\/uploads\/2021\/12\/gray_ars.jpg\",\"articleSection\":[\"Z\u00e1pasy\"],\"inLanguage\":\"cs\",\"potentialAction\":[{\"@type\":\"CommentAction\",\"name\":\"Comment\",\"target\":[\"https:\/\/evertonfc.cz\/index.php\/2021\/12\/07\/everton-arsenal-2-1\/#respond\"]}]},{\"@type\":\"WebPage\",\"@id\":\"https:\/\/evertonfc.cz\/index.php\/2021\/12\/07\/everton-arsenal-2-1\/\",\"url\":\"https:\/\/evertonfc.cz\/index.php\/2021\/12\/07\/everton-arsenal-2-1\/\",\"name\":\"Everton - Arsenal 2:1 - Official Czech &amp; Slovak Everton Supporters&#039; Club\",\"isPartOf\":{\"@id\":\"https:\/\/evertonfc.cz\/#website\"},\"primaryImageOfPage\":{\"@id\":\"https:\/\/evertonfc.cz\/index.php\/2021\/12\/07\/everton-arsenal-2-1\/#primaryimage\"},\"image\":{\"@id\":\"https:\/\/evertonfc.cz\/index.php\/2021\/12\/07\/everton-arsenal-2-1\/#primaryimage\"},\"thumbnailUrl\":\"https:\/\/evertonfc.cz\/wp-content\/uploads\/2021\/12\/gray_ars.jpg\",\"datePublished\":\"2021-12-07T12:39:12+00:00\",\"dateModified\":\"2021-12-07T17:01:24+00:00\",\"breadcrumb\":{\"@id\":\"https:\/\/evertonfc.cz\/index.php\/2021\/12\/07\/everton-arsenal-2-1\/#breadcrumb\"},\"inLanguage\":\"cs\",\"potentialAction\":[{\"@type\":\"ReadAction\",\"target\":[\"https:\/\/evertonfc.cz\/index.php\/2021\/12\/07\/everton-arsenal-2-1\/\"]}]},{\"@type\":\"ImageObject\",\"inLanguage\":\"cs\",\"@id\":\"https:\/\/evertonfc.cz\/index.php\/2021\/12\/07\/everton-arsenal-2-1\/#primaryimage\",\"url\":\"https:\/\/evertonfc.cz\/wp-content\/uploads\/2021\/12\/gray_ars.jpg\",\"contentUrl\":\"https:\/\/evertonfc.cz\/wp-content\/uploads\/2021\/12\/gray_ars.jpg\",\"width\":720,\"height\":405},{\"@type\":\"BreadcrumbList\",\"@id\":\"https:\/\/evertonfc.cz\/index.php\/2021\/12\/07\/everton-arsenal-2-1\/#breadcrumb\",\"itemListElement\":[{\"@type\":\"ListItem\",\"position\":1,\"name\":\"Home\",\"item\":\"https:\/\/evertonfc.cz\/\"},{\"@type\":\"ListItem\",\"position\":2,\"name\":\"Everton &#8211; Arsenal 2:1\"}]},{\"@type\":\"WebSite\",\"@id\":\"https:\/\/evertonfc.cz\/#website\",\"url\":\"https:\/\/evertonfc.cz\/\",\"name\":\"Official Czech &amp; Slovak Everton Supporters&#039; Club\",\"description\":\"\",\"publisher\":{\"@id\":\"https:\/\/evertonfc.cz\/#organization\"},\"potentialAction\":[{\"@type\":\"SearchAction\",\"target\":{\"@type\":\"EntryPoint\",\"urlTemplate\":\"https:\/\/evertonfc.cz\/?s={search_term_string}\"},\"query-input\":{\"@type\":\"PropertyValueSpecification\",\"valueRequired\":true,\"valueName\":\"search_term_string\"}}],\"inLanguage\":\"cs\"},{\"@type\":\"Organization\",\"@id\":\"https:\/\/evertonfc.cz\/#organization\",\"name\":\"Official Czech & Slovak Everton Supporters' Club\",\"url\":\"https:\/\/evertonfc.cz\/\",\"logo\":{\"@type\":\"ImageObject\",\"inLanguage\":\"cs\",\"@id\":\"https:\/\/evertonfc.cz\/#\/schema\/logo\/image\/\",\"url\":\"https:\/\/evertonfc.cz\/wp-content\/uploads\/2019\/05\/logo.png\",\"contentUrl\":\"https:\/\/evertonfc.cz\/wp-content\/uploads\/2019\/05\/logo.png\",\"width\":112,\"height\":112,\"caption\":\"Official Czech & Slovak Everton Supporters' Club\"},\"image\":{\"@id\":\"https:\/\/evertonfc.cz\/#\/schema\/logo\/image\/\"},\"sameAs\":[\"https:\/\/www.facebook.com\/everton.fans.cz.sk\"]},{\"@type\":\"Person\",\"@id\":\"https:\/\/evertonfc.cz\/#\/schema\/person\/35904009755e8eaa0dc1a5f5f0419002\",\"name\":\"Fip\",\"url\":\"https:\/\/evertonfc.cz\/index.php\/author\/fip\/\"}]}<\/script>\n<!-- \/ Yoast SEO plugin. -->","yoast_head_json":{"title":"Everton - Arsenal 2:1 - Official Czech &amp; Slovak Everton Supporters&#039; Club","robots":{"index":"index","follow":"follow","max-snippet":"max-snippet:-1","max-image-preview":"max-image-preview:large","max-video-preview":"max-video-preview:-1"},"canonical":"https:\/\/evertonfc.cz\/index.php\/2021\/12\/07\/everton-arsenal-2-1\/","og_locale":"cs_CZ","og_type":"article","og_title":"Everton - Arsenal 2:1 - Official Czech &amp; Slovak Everton Supporters&#039; Club","og_description":"O n\u011bco veseleji je po v\u010derej\u0161ku na Goodison Parku. Arsenal prakticky nem\u011bl \u0161anci, VAR jen odkl\u00e1dal neodvratn\u00e9, Everton vypustil psy, kter\u00e9 ne\u0161lo zastavit. Probl\u00e9my mimo i na h\u0159i\u0161ti trvaj\u00ed, ale poda\u0159ilo se ukon\u010dit \u0161\u0148\u016fru bez v\u00fdhry.","og_url":"https:\/\/evertonfc.cz\/index.php\/2021\/12\/07\/everton-arsenal-2-1\/","og_site_name":"Official Czech &amp; Slovak Everton Supporters&#039; Club","article_publisher":"https:\/\/www.facebook.com\/everton.fans.cz.sk","article_published_time":"2021-12-07T12:39:12+00:00","article_modified_time":"2021-12-07T17:01:24+00:00","og_image":[{"width":720,"height":405,"url":"https:\/\/evertonfc.cz\/wp-content\/uploads\/2021\/12\/gray_ars.jpg","type":"image\/jpeg"}],"author":"Fip","twitter_card":"summary_large_image","twitter_misc":{"Napsal(a)":"Fip","Odhadovan\u00e1 doba \u010dten\u00ed":"5 minut"},"schema":{"@context":"https:\/\/schema.org","@graph":[{"@type":"Article","@id":"https:\/\/evertonfc.cz\/index.php\/2021\/12\/07\/everton-arsenal-2-1\/#article","isPartOf":{"@id":"https:\/\/evertonfc.cz\/index.php\/2021\/12\/07\/everton-arsenal-2-1\/"},"author":{"name":"Fip","@id":"https:\/\/evertonfc.cz\/#\/schema\/person\/35904009755e8eaa0dc1a5f5f0419002"},"headline":"Everton &#8211; Arsenal 2:1","datePublished":"2021-12-07T12:39:12+00:00","dateModified":"2021-12-07T17:01:24+00:00","mainEntityOfPage":{"@id":"https:\/\/evertonfc.cz\/index.php\/2021\/12\/07\/everton-arsenal-2-1\/"},"wordCount":1432,"commentCount":11,"publisher":{"@id":"https:\/\/evertonfc.cz\/#organization"},"image":{"@id":"https:\/\/evertonfc.cz\/index.php\/2021\/12\/07\/everton-arsenal-2-1\/#primaryimage"},"thumbnailUrl":"https:\/\/evertonfc.cz\/wp-content\/uploads\/2021\/12\/gray_ars.jpg","articleSection":["Z\u00e1pasy"],"inLanguage":"cs","potentialAction":[{"@type":"CommentAction","name":"Comment","target":["https:\/\/evertonfc.cz\/index.php\/2021\/12\/07\/everton-arsenal-2-1\/#respond"]}]},{"@type":"WebPage","@id":"https:\/\/evertonfc.cz\/index.php\/2021\/12\/07\/everton-arsenal-2-1\/","url":"https:\/\/evertonfc.cz\/index.php\/2021\/12\/07\/everton-arsenal-2-1\/","name":"Everton - Arsenal 2:1 - Official Czech &amp; Slovak Everton Supporters&#039; Club","isPartOf":{"@id":"https:\/\/evertonfc.cz\/#website"},"primaryImageOfPage":{"@id":"https:\/\/evertonfc.cz\/index.php\/2021\/12\/07\/everton-arsenal-2-1\/#primaryimage"},"image":{"@id":"https:\/\/evertonfc.cz\/index.php\/2021\/12\/07\/everton-arsenal-2-1\/#primaryimage"},"thumbnailUrl":"https:\/\/evertonfc.cz\/wp-content\/uploads\/2021\/12\/gray_ars.jpg","datePublished":"2021-12-07T12:39:12+00:00","dateModified":"2021-12-07T17:01:24+00:00","breadcrumb":{"@id":"https:\/\/evertonfc.cz\/index.php\/2021\/12\/07\/everton-arsenal-2-1\/#breadcrumb"},"inLanguage":"cs","potentialAction":[{"@type":"ReadAction","target":["https:\/\/evertonfc.cz\/index.php\/2021\/12\/07\/everton-arsenal-2-1\/"]}]},{"@type":"ImageObject","inLanguage":"cs","@id":"https:\/\/evertonfc.cz\/index.php\/2021\/12\/07\/everton-arsenal-2-1\/#primaryimage","url":"https:\/\/evertonfc.cz\/wp-content\/uploads\/2021\/12\/gray_ars.jpg","contentUrl":"https:\/\/evertonfc.cz\/wp-content\/uploads\/2021\/12\/gray_ars.jpg","width":720,"height":405},{"@type":"BreadcrumbList","@id":"https:\/\/evertonfc.cz\/index.php\/2021\/12\/07\/everton-arsenal-2-1\/#breadcrumb","itemListElement":[{"@type":"ListItem","position":1,"name":"Home","item":"https:\/\/evertonfc.cz\/"},{"@type":"ListItem","position":2,"name":"Everton &#8211; Arsenal 2:1"}]},{"@type":"WebSite","@id":"https:\/\/evertonfc.cz\/#website","url":"https:\/\/evertonfc.cz\/","name":"Official Czech &amp; Slovak Everton Supporters&#039; Club","description":"","publisher":{"@id":"https:\/\/evertonfc.cz\/#organization"},"potentialAction":[{"@type":"SearchAction","target":{"@type":"EntryPoint","urlTemplate":"https:\/\/evertonfc.cz\/?s={search_term_string}"},"query-input":{"@type":"PropertyValueSpecification","valueRequired":true,"valueName":"search_term_string"}}],"inLanguage":"cs"},{"@type":"Organization","@id":"https:\/\/evertonfc.cz\/#organization","name":"Official Czech & Slovak Everton Supporters' Club","url":"https:\/\/evertonfc.cz\/","logo":{"@type":"ImageObject","inLanguage":"cs","@id":"https:\/\/evertonfc.cz\/#\/schema\/logo\/image\/","url":"https:\/\/evertonfc.cz\/wp-content\/uploads\/2019\/05\/logo.png","contentUrl":"https:\/\/evertonfc.cz\/wp-content\/uploads\/2019\/05\/logo.png","width":112,"height":112,"caption":"Official Czech & Slovak Everton Supporters' Club"},"image":{"@id":"https:\/\/evertonfc.cz\/#\/schema\/logo\/image\/"},"sameAs":["https:\/\/www.facebook.com\/everton.fans.cz.sk"]},{"@type":"Person","@id":"https:\/\/evertonfc.cz\/#\/schema\/person\/35904009755e8eaa0dc1a5f5f0419002","name":"Fip","url":"https:\/\/evertonfc.cz\/index.php\/author\/fip\/"}]}},"_links":{"self":[{"href":"https:\/\/evertonfc.cz\/index.php\/wp-json\/wp\/v2\/posts\/17154"}],"collection":[{"href":"https:\/\/evertonfc.cz\/index.php\/wp-json\/wp\/v2\/posts"}],"about":[{"href":"https:\/\/evertonfc.cz\/index.php\/wp-json\/wp\/v2\/types\/post"}],"author":[{"embeddable":true,"href":"https:\/\/evertonfc.cz\/index.php\/wp-json\/wp\/v2\/users\/10"}],"replies":[{"embeddable":true,"href":"https:\/\/evertonfc.cz\/index.php\/wp-json\/wp\/v2\/comments?post=17154"}],"version-history":[{"count":9,"href":"https:\/\/evertonfc.cz\/index.php\/wp-json\/wp\/v2\/posts\/17154\/revisions"}],"predecessor-version":[{"id":17165,"href":"https:\/\/evertonfc.cz\/index.php\/wp-json\/wp\/v2\/posts\/17154\/revisions\/17165"}],"wp:featuredmedia":[{"embeddable":true,"href":"https:\/\/evertonfc.cz\/index.php\/wp-json\/wp\/v2\/media\/17153"}],"wp:attachment":[{"href":"https:\/\/evertonfc.cz\/index.php\/wp-json\/wp\/v2\/media?parent=17154"}],"wp:term":[{"taxonomy":"category","embeddable":true,"href":"https:\/\/evertonfc.cz\/index.php\/wp-json\/wp\/v2\/categories?post=17154"},{"taxonomy":"post_tag","embeddable":true,"href":"https:\/\/evertonfc.cz\/index.php\/wp-json\/wp\/v2\/tags?post=17154"}],"curies":[{"name":"wp","href":"https:\/\/api.w.org\/{rel}","templated":true}]}}