{"id":17175,"date":"2021-12-11T17:13:38","date_gmt":"2021-12-11T16:13:38","guid":{"rendered":"https:\/\/evertonfc.cz\/?p=17175"},"modified":"2021-12-11T19:57:22","modified_gmt":"2021-12-11T18:57:22","slug":"preview-crystal-palace-everton-7","status":"publish","type":"post","link":"https:\/\/evertonfc.cz\/index.php\/2021\/12\/11\/preview-crystal-palace-everton-7\/","title":{"rendered":"Preview: Crystal Palace &#8211; Everton"},"content":{"rendered":"<h4>V \u0161estn\u00e1ct\u00e9m kole Premier League m\u00ed\u0159\u00ed hr\u00e1\u010di Evertonu do Lond\u00fdna pom\u011b\u0159it s\u00edly s pom\u011brn\u011b obl\u00edben\u00fdm soupe\u0159em &#8211; Crystal Palace. Ti dok\u00e1zali proti Karamelk\u00e1m doma naplno bodovat naposledy v \u0159\u00edjnu 1994&#8230;<\/h4>\n<p>&#8230;nen\u00ed to ale jen o dom\u00e1c\u00ed neschopnosti hr\u00e1\u010d\u016f Crystal Palace, venku se jim tak\u00e9 proti t\u00fdmu od \u0159eky Mersey p\u0159\u00edli\u0161 neda\u0159\u00ed. Posledn\u00ed ligov\u00e1 v\u00fdhra se datuje do roku 2014. Co se t\u00fdk\u00e1 aktu\u00e1ln\u00ed formy, Orli posledn\u00ed 3 ligov\u00e9 z\u00e1pasy prohr\u00e1li, nicm\u00e9n\u011b p\u0159edt\u00edm dok\u00e1zali urvat bod proti Burnley a dokonce naplno bodovat proti Wolverhamptonu i Manchesteru City. Pokud se pod\u00edv\u00e1me na posledn\u00ed z\u00e1pasy Toffees, \u010dek\u00e1 n\u00e1s pohled o dost hor\u0161\u00ed. S\u00e9rii osmi z\u00e1pas\u016f bez v\u00fdhry se poda\u0159lo utnout a\u017e v posledn\u00edm ligov\u00e9m z\u00e1pase proti rozjet\u00e9mu Arsenalu. Mnoho fanou\u0161k\u016f Evertonu tak s nap\u011bt\u00edm o\u010dek\u00e1v\u00e1, jestli se jejich milovan\u00fd t\u00fdm kone\u010dn\u011b v\u00fdsledkov\u011b zvedne, ani\u017e by hned zase spadnul.<\/p>\n<h4>Posledn\u00ed vz\u00e1jemn\u00e9 z\u00e1pasy<\/h4>\n<table class=\"matches\" cellspacing=\"0\" cellpadding=\"0\">\n<tbody>\n<tr>\n<td class=\"date\">08.02.2020<\/td>\n<td class=\"comp\">Premier League<\/td>\n<td class=\"stage\">\u00a026. kolo<\/td>\n<td class=\"teams\">\n<div class=\"fl\"><b>Everton FC<\/b>\u00a0&#8211; Crystal Palace<\/div>\n<\/td>\n<td class=\"res nbr\"><a href=\"https:\/\/evertonfc.cz\/index.php\/2020\/02\/08\/everton-crystal-palace\/\">3:1<\/a><\/td>\n<\/tr>\n<tr>\n<td class=\"date\">26.09.2020<\/td>\n<td class=\"comp\">Premier League<\/td>\n<td class=\"stage\">\u00a03. kolo<\/td>\n<td class=\"teams\">\n<div class=\"fl\">Crystal Palace &#8211;\u00a0<b>Everton FC<\/b><\/div>\n<\/td>\n<td class=\"res nbr\"><a href=\"https:\/\/evertonfc.cz\/index.php\/2020\/09\/26\/crystal-palace-everton-1-2\/\">1:2<\/a><\/td>\n<\/tr>\n<tr class=\"last\">\n<td class=\"date\">05.04.2021<\/td>\n<td class=\"comp\">Premier League<\/td>\n<td class=\"stage\">\u00a030. kolo<\/td>\n<td class=\"teams\">\n<div class=\"fl\">Everton FC &#8211; Crystal Palace<\/div>\n<\/td>\n<td class=\"res nbr\"><a href=\"https:\/\/evertonfc.cz\/index.php\/2021\/04\/06\/everton-crystal-palace-11-3\/\">1:1<\/a><\/td>\n<\/tr>\n<\/tbody>\n<\/table>\n<h4>Mimo hru je st\u00e1le DCL a op\u011bt Mina<\/h4>\n<p>Do hry Evertonu se ur\u010dit\u011b nezapoj\u00ed zran\u011bn\u00ed Dominic Calvert-Lewin, Tom Davies a Salom\u00f3n Rondon. Do nemilosti tren\u00e9ra Ben\u00edteze upadl kv\u016fli \u00fadajn\u00e9 h\u00e1dce Lucas Digne, jeho m\u00edsto na lev\u00e9m kraji obrany by m\u011bl pokr\u00fdt Ben Godfrey. Po vlekl\u00e9m zran\u011bn\u00ed podkolenn\u00ed \u0161lachy se v posledn\u00edm z\u00e1pase vr\u00e1til Kolumbijsk\u00fd stoper Yerry Mina, kter\u00fd si bohu\u017eel po p\u016flhodin\u011b na tr\u00e1vn\u00edku poranil l\u00fdtko. Vyst\u0159\u00eddal ho Mason Holgate, o\u010dek\u00e1v\u00e1 se, \u017ee z\u00edtra nastoup\u00ed v z\u00e1kladu.<\/p>\n<p>Dom\u00e1c\u00ed tren\u00e9r Patrick Vieira bude m\u00edt k dispozici t\u00e9m\u011br v\u0161echny hr\u00e1\u010de, do hry jist\u011b nenasko\u010d\u00ed Nathan Ferguson, pochybn\u00fd je i start Jamese McArthura a Joachima Andersena. V \u00fatoku tak m\u016f\u017ee spol\u00e9hat na osv\u011bd\u010denou trojici Zaha-Benteke-Ayew s vydatnou podporou ve form\u011b hraj\u00edc\u00edho Conora Galaghera.<\/p>\n<h4>V\u011bd\u011bli jste \u017ee?<\/h4>\n<ul>\n<li>Everton, ned\u011ble a g\u00f3ly moc nejdou dohromady&#8230;v posledn\u00edch \u0161esti ned\u011bln\u00edch z\u00e1pasech se n\u00e1m nepoda\u0159ilo sk\u00f3rovat, \u017e\u00e1dn\u00e9mu t\u00fdmu PL se zat\u00edm nepoda\u0159ilo nesk\u00f3rovat v \u0159ad\u011b sedmkr\u00e1t<\/li>\n<li>V\u0161echny \u010dty\u0159i g\u00f3ly Wilfrieda Zahy v Premier League za Crystal Palace v t\u00e9to sezon\u011b byly \u00favodn\u00edm g\u00f3lem z\u00e1pasu, p\u0159i\u010dem\u017e t\u0159i z nich skon\u010dily v\u00edt\u011bzn\u00fdm z\u00e1sahem. Fotbalista z Pob\u0159e\u017e\u00ed slonoviny sk\u00f3roval v 11 z\u00e1pasech Premier League proti Evertonu pouze jednou a nikdy nebyl na stran\u011b v\u00edt\u011bz\u016f.<\/li>\n<\/ul>\n<p style=\"text-align: center;\"><span style=\"font-size: 18pt; color: #0000ff;\"><strong>COYB!<\/strong><\/span><\/p>\n<p><strong>Co: <\/strong>Crystal Palace &#8211; Everton, 16.kolo Premier League<br \/>\n<strong>Kdy: <\/strong>ned\u011ble 12.prosince v 17:30<br \/>\n<strong>Kde: <\/strong>Selhurst Park, Holmesdale Road, Lond\u00fdn SE25 6PU (kapacita: 25\u00a0456)<br \/>\n<strong>TV:\u00a0<\/strong>P\u0159\u00edm\u00fd p\u0159enos na stanici Premier Sport<br \/>\n<strong>Rozhod\u010d\u00ed: <\/strong>Andy Madley\u00a0 <strong>Asistenti: <\/strong>Adrian Holmes, Simon Beck<br \/>\n<strong>VAR: <\/strong>Stuart Attwell\u00a0 <strong>Asistent VAR<\/strong>: Harry Lennard<\/p>\n","protected":false},"excerpt":{"rendered":"<p>V \u0161estn\u00e1ct\u00e9m kole Premier League m\u00ed\u0159\u00ed hr\u00e1\u010di Evertonu do Lond\u00fdna pom\u011b\u0159it s\u00edly s pom\u011brn\u011b obl\u00edben\u00fdm soupe\u0159em &#8211; Crystal Palace. Ti dok\u00e1zali proti Karamelk\u00e1m doma naplno bodovat naposledy v \u0159\u00edjnu 1994&#8230;<\/p>\n","protected":false},"author":562,"featured_media":12110,"comment_status":"open","ping_status":"closed","sticky":false,"template":"","format":"standard","meta":{"_eb_attr":"","_monsterinsights_skip_tracking":false,"_monsterinsights_sitenote_active":false,"_monsterinsights_sitenote_note":"","_monsterinsights_sitenote_category":0,"footnotes":""},"categories":[4],"tags":[],"yoast_head":"<!-- This site is optimized with the Yoast SEO plugin v23.4 - https:\/\/yoast.com\/wordpress\/plugins\/seo\/ -->\n<title>Preview: Crystal Palace - Everton - Official Czech &amp; Slovak Everton Supporters&#039; Club<\/title>\n<meta name=\"robots\" content=\"index, follow, max-snippet:-1, max-image-preview:large, max-video-preview:-1\" \/>\n<link rel=\"canonical\" href=\"https:\/\/evertonfc.cz\/index.php\/2021\/12\/11\/preview-crystal-palace-everton-7\/\" \/>\n<meta property=\"og:locale\" content=\"cs_CZ\" \/>\n<meta property=\"og:type\" content=\"article\" \/>\n<meta property=\"og:title\" content=\"Preview: Crystal Palace - Everton - Official Czech &amp; Slovak Everton Supporters&#039; Club\" \/>\n<meta property=\"og:description\" content=\"V \u0161estn\u00e1ct\u00e9m kole Premier League m\u00ed\u0159\u00ed hr\u00e1\u010di Evertonu do Lond\u00fdna pom\u011b\u0159it s\u00edly s pom\u011brn\u011b obl\u00edben\u00fdm soupe\u0159em - Crystal Palace. Ti dok\u00e1zali proti Karamelk\u00e1m doma naplno bodovat naposledy v \u0159\u00edjnu 1994...\" \/>\n<meta property=\"og:url\" content=\"https:\/\/evertonfc.cz\/index.php\/2021\/12\/11\/preview-crystal-palace-everton-7\/\" \/>\n<meta property=\"og:site_name\" content=\"Official Czech &amp; Slovak Everton Supporters&#039; Club\" \/>\n<meta property=\"article:publisher\" content=\"https:\/\/www.facebook.com\/everton.fans.cz.sk\" \/>\n<meta property=\"article:published_time\" content=\"2021-12-11T16:13:38+00:00\" \/>\n<meta property=\"article:modified_time\" content=\"2021-12-11T18:57:22+00:00\" \/>\n<meta property=\"og:image\" content=\"https:\/\/evertonfc.cz\/wp-content\/uploads\/2020\/09\/Crystal-Palace-VS-Everton-26-9-2020.jpg\" \/>\n\t<meta property=\"og:image:width\" content=\"720\" \/>\n\t<meta property=\"og:image:height\" content=\"405\" \/>\n\t<meta property=\"og:image:type\" content=\"image\/jpeg\" \/>\n<meta name=\"author\" content=\"Petr\" \/>\n<meta name=\"twitter:card\" content=\"summary_large_image\" \/>\n<meta name=\"twitter:label1\" content=\"Napsal(a)\" \/>\n\t<meta name=\"twitter:data1\" content=\"Petr\" \/>\n\t<meta name=\"twitter:label2\" content=\"Odhadovan\u00e1 doba \u010dten\u00ed\" \/>\n\t<meta name=\"twitter:data2\" content=\"2 minuty\" \/>\n<script type=\"application\/ld+json\" class=\"yoast-schema-graph\">{\"@context\":\"https:\/\/schema.org\",\"@graph\":[{\"@type\":\"Article\",\"@id\":\"https:\/\/evertonfc.cz\/index.php\/2021\/12\/11\/preview-crystal-palace-everton-7\/#article\",\"isPartOf\":{\"@id\":\"https:\/\/evertonfc.cz\/index.php\/2021\/12\/11\/preview-crystal-palace-everton-7\/\"},\"author\":{\"name\":\"Petr\",\"@id\":\"https:\/\/evertonfc.cz\/#\/schema\/person\/5b54d20cd919070efc6fd6f92621fc50\"},\"headline\":\"Preview: Crystal Palace &#8211; Everton\",\"datePublished\":\"2021-12-11T16:13:38+00:00\",\"dateModified\":\"2021-12-11T18:57:22+00:00\",\"mainEntityOfPage\":{\"@id\":\"https:\/\/evertonfc.cz\/index.php\/2021\/12\/11\/preview-crystal-palace-everton-7\/\"},\"wordCount\":529,\"commentCount\":33,\"publisher\":{\"@id\":\"https:\/\/evertonfc.cz\/#organization\"},\"image\":{\"@id\":\"https:\/\/evertonfc.cz\/index.php\/2021\/12\/11\/preview-crystal-palace-everton-7\/#primaryimage\"},\"thumbnailUrl\":\"https:\/\/evertonfc.cz\/wp-content\/uploads\/2020\/09\/Crystal-Palace-VS-Everton-26-9-2020.jpg\",\"articleSection\":[\"Z\u00e1pasy\"],\"inLanguage\":\"cs\",\"potentialAction\":[{\"@type\":\"CommentAction\",\"name\":\"Comment\",\"target\":[\"https:\/\/evertonfc.cz\/index.php\/2021\/12\/11\/preview-crystal-palace-everton-7\/#respond\"]}]},{\"@type\":\"WebPage\",\"@id\":\"https:\/\/evertonfc.cz\/index.php\/2021\/12\/11\/preview-crystal-palace-everton-7\/\",\"url\":\"https:\/\/evertonfc.cz\/index.php\/2021\/12\/11\/preview-crystal-palace-everton-7\/\",\"name\":\"Preview: Crystal Palace - Everton - Official Czech &amp; Slovak Everton Supporters&#039; Club\",\"isPartOf\":{\"@id\":\"https:\/\/evertonfc.cz\/#website\"},\"primaryImageOfPage\":{\"@id\":\"https:\/\/evertonfc.cz\/index.php\/2021\/12\/11\/preview-crystal-palace-everton-7\/#primaryimage\"},\"image\":{\"@id\":\"https:\/\/evertonfc.cz\/index.php\/2021\/12\/11\/preview-crystal-palace-everton-7\/#primaryimage\"},\"thumbnailUrl\":\"https:\/\/evertonfc.cz\/wp-content\/uploads\/2020\/09\/Crystal-Palace-VS-Everton-26-9-2020.jpg\",\"datePublished\":\"2021-12-11T16:13:38+00:00\",\"dateModified\":\"2021-12-11T18:57:22+00:00\",\"breadcrumb\":{\"@id\":\"https:\/\/evertonfc.cz\/index.php\/2021\/12\/11\/preview-crystal-palace-everton-7\/#breadcrumb\"},\"inLanguage\":\"cs\",\"potentialAction\":[{\"@type\":\"ReadAction\",\"target\":[\"https:\/\/evertonfc.cz\/index.php\/2021\/12\/11\/preview-crystal-palace-everton-7\/\"]}]},{\"@type\":\"ImageObject\",\"inLanguage\":\"cs\",\"@id\":\"https:\/\/evertonfc.cz\/index.php\/2021\/12\/11\/preview-crystal-palace-everton-7\/#primaryimage\",\"url\":\"https:\/\/evertonfc.cz\/wp-content\/uploads\/2020\/09\/Crystal-Palace-VS-Everton-26-9-2020.jpg\",\"contentUrl\":\"https:\/\/evertonfc.cz\/wp-content\/uploads\/2020\/09\/Crystal-Palace-VS-Everton-26-9-2020.jpg\",\"width\":720,\"height\":405},{\"@type\":\"BreadcrumbList\",\"@id\":\"https:\/\/evertonfc.cz\/index.php\/2021\/12\/11\/preview-crystal-palace-everton-7\/#breadcrumb\",\"itemListElement\":[{\"@type\":\"ListItem\",\"position\":1,\"name\":\"Home\",\"item\":\"https:\/\/evertonfc.cz\/\"},{\"@type\":\"ListItem\",\"position\":2,\"name\":\"Preview: Crystal Palace &#8211; Everton\"}]},{\"@type\":\"WebSite\",\"@id\":\"https:\/\/evertonfc.cz\/#website\",\"url\":\"https:\/\/evertonfc.cz\/\",\"name\":\"Official Czech &amp; Slovak Everton Supporters&#039; Club\",\"description\":\"\",\"publisher\":{\"@id\":\"https:\/\/evertonfc.cz\/#organization\"},\"potentialAction\":[{\"@type\":\"SearchAction\",\"target\":{\"@type\":\"EntryPoint\",\"urlTemplate\":\"https:\/\/evertonfc.cz\/?s={search_term_string}\"},\"query-input\":{\"@type\":\"PropertyValueSpecification\",\"valueRequired\":true,\"valueName\":\"search_term_string\"}}],\"inLanguage\":\"cs\"},{\"@type\":\"Organization\",\"@id\":\"https:\/\/evertonfc.cz\/#organization\",\"name\":\"Official Czech & Slovak Everton Supporters' Club\",\"url\":\"https:\/\/evertonfc.cz\/\",\"logo\":{\"@type\":\"ImageObject\",\"inLanguage\":\"cs\",\"@id\":\"https:\/\/evertonfc.cz\/#\/schema\/logo\/image\/\",\"url\":\"https:\/\/evertonfc.cz\/wp-content\/uploads\/2019\/05\/logo.png\",\"contentUrl\":\"https:\/\/evertonfc.cz\/wp-content\/uploads\/2019\/05\/logo.png\",\"width\":112,\"height\":112,\"caption\":\"Official Czech & Slovak Everton Supporters' Club\"},\"image\":{\"@id\":\"https:\/\/evertonfc.cz\/#\/schema\/logo\/image\/\"},\"sameAs\":[\"https:\/\/www.facebook.com\/everton.fans.cz.sk\"]},{\"@type\":\"Person\",\"@id\":\"https:\/\/evertonfc.cz\/#\/schema\/person\/5b54d20cd919070efc6fd6f92621fc50\",\"name\":\"Petr\",\"url\":\"https:\/\/evertonfc.cz\/index.php\/author\/petr\/\"}]}<\/script>\n<!-- \/ Yoast SEO plugin. -->","yoast_head_json":{"title":"Preview: Crystal Palace - Everton - Official Czech &amp; Slovak Everton Supporters&#039; Club","robots":{"index":"index","follow":"follow","max-snippet":"max-snippet:-1","max-image-preview":"max-image-preview:large","max-video-preview":"max-video-preview:-1"},"canonical":"https:\/\/evertonfc.cz\/index.php\/2021\/12\/11\/preview-crystal-palace-everton-7\/","og_locale":"cs_CZ","og_type":"article","og_title":"Preview: Crystal Palace - Everton - Official Czech &amp; Slovak Everton Supporters&#039; Club","og_description":"V \u0161estn\u00e1ct\u00e9m kole Premier League m\u00ed\u0159\u00ed hr\u00e1\u010di Evertonu do Lond\u00fdna pom\u011b\u0159it s\u00edly s pom\u011brn\u011b obl\u00edben\u00fdm soupe\u0159em - Crystal Palace. Ti dok\u00e1zali proti Karamelk\u00e1m doma naplno bodovat naposledy v \u0159\u00edjnu 1994...","og_url":"https:\/\/evertonfc.cz\/index.php\/2021\/12\/11\/preview-crystal-palace-everton-7\/","og_site_name":"Official Czech &amp; Slovak Everton Supporters&#039; Club","article_publisher":"https:\/\/www.facebook.com\/everton.fans.cz.sk","article_published_time":"2021-12-11T16:13:38+00:00","article_modified_time":"2021-12-11T18:57:22+00:00","og_image":[{"width":720,"height":405,"url":"https:\/\/evertonfc.cz\/wp-content\/uploads\/2020\/09\/Crystal-Palace-VS-Everton-26-9-2020.jpg","type":"image\/jpeg"}],"author":"Petr","twitter_card":"summary_large_image","twitter_misc":{"Napsal(a)":"Petr","Odhadovan\u00e1 doba \u010dten\u00ed":"2 minuty"},"schema":{"@context":"https:\/\/schema.org","@graph":[{"@type":"Article","@id":"https:\/\/evertonfc.cz\/index.php\/2021\/12\/11\/preview-crystal-palace-everton-7\/#article","isPartOf":{"@id":"https:\/\/evertonfc.cz\/index.php\/2021\/12\/11\/preview-crystal-palace-everton-7\/"},"author":{"name":"Petr","@id":"https:\/\/evertonfc.cz\/#\/schema\/person\/5b54d20cd919070efc6fd6f92621fc50"},"headline":"Preview: Crystal Palace &#8211; Everton","datePublished":"2021-12-11T16:13:38+00:00","dateModified":"2021-12-11T18:57:22+00:00","mainEntityOfPage":{"@id":"https:\/\/evertonfc.cz\/index.php\/2021\/12\/11\/preview-crystal-palace-everton-7\/"},"wordCount":529,"commentCount":33,"publisher":{"@id":"https:\/\/evertonfc.cz\/#organization"},"image":{"@id":"https:\/\/evertonfc.cz\/index.php\/2021\/12\/11\/preview-crystal-palace-everton-7\/#primaryimage"},"thumbnailUrl":"https:\/\/evertonfc.cz\/wp-content\/uploads\/2020\/09\/Crystal-Palace-VS-Everton-26-9-2020.jpg","articleSection":["Z\u00e1pasy"],"inLanguage":"cs","potentialAction":[{"@type":"CommentAction","name":"Comment","target":["https:\/\/evertonfc.cz\/index.php\/2021\/12\/11\/preview-crystal-palace-everton-7\/#respond"]}]},{"@type":"WebPage","@id":"https:\/\/evertonfc.cz\/index.php\/2021\/12\/11\/preview-crystal-palace-everton-7\/","url":"https:\/\/evertonfc.cz\/index.php\/2021\/12\/11\/preview-crystal-palace-everton-7\/","name":"Preview: Crystal Palace - Everton - Official Czech &amp; Slovak Everton Supporters&#039; Club","isPartOf":{"@id":"https:\/\/evertonfc.cz\/#website"},"primaryImageOfPage":{"@id":"https:\/\/evertonfc.cz\/index.php\/2021\/12\/11\/preview-crystal-palace-everton-7\/#primaryimage"},"image":{"@id":"https:\/\/evertonfc.cz\/index.php\/2021\/12\/11\/preview-crystal-palace-everton-7\/#primaryimage"},"thumbnailUrl":"https:\/\/evertonfc.cz\/wp-content\/uploads\/2020\/09\/Crystal-Palace-VS-Everton-26-9-2020.jpg","datePublished":"2021-12-11T16:13:38+00:00","dateModified":"2021-12-11T18:57:22+00:00","breadcrumb":{"@id":"https:\/\/evertonfc.cz\/index.php\/2021\/12\/11\/preview-crystal-palace-everton-7\/#breadcrumb"},"inLanguage":"cs","potentialAction":[{"@type":"ReadAction","target":["https:\/\/evertonfc.cz\/index.php\/2021\/12\/11\/preview-crystal-palace-everton-7\/"]}]},{"@type":"ImageObject","inLanguage":"cs","@id":"https:\/\/evertonfc.cz\/index.php\/2021\/12\/11\/preview-crystal-palace-everton-7\/#primaryimage","url":"https:\/\/evertonfc.cz\/wp-content\/uploads\/2020\/09\/Crystal-Palace-VS-Everton-26-9-2020.jpg","contentUrl":"https:\/\/evertonfc.cz\/wp-content\/uploads\/2020\/09\/Crystal-Palace-VS-Everton-26-9-2020.jpg","width":720,"height":405},{"@type":"BreadcrumbList","@id":"https:\/\/evertonfc.cz\/index.php\/2021\/12\/11\/preview-crystal-palace-everton-7\/#breadcrumb","itemListElement":[{"@type":"ListItem","position":1,"name":"Home","item":"https:\/\/evertonfc.cz\/"},{"@type":"ListItem","position":2,"name":"Preview: Crystal Palace &#8211; Everton"}]},{"@type":"WebSite","@id":"https:\/\/evertonfc.cz\/#website","url":"https:\/\/evertonfc.cz\/","name":"Official Czech &amp; Slovak Everton Supporters&#039; Club","description":"","publisher":{"@id":"https:\/\/evertonfc.cz\/#organization"},"potentialAction":[{"@type":"SearchAction","target":{"@type":"EntryPoint","urlTemplate":"https:\/\/evertonfc.cz\/?s={search_term_string}"},"query-input":{"@type":"PropertyValueSpecification","valueRequired":true,"valueName":"search_term_string"}}],"inLanguage":"cs"},{"@type":"Organization","@id":"https:\/\/evertonfc.cz\/#organization","name":"Official Czech & Slovak Everton Supporters' Club","url":"https:\/\/evertonfc.cz\/","logo":{"@type":"ImageObject","inLanguage":"cs","@id":"https:\/\/evertonfc.cz\/#\/schema\/logo\/image\/","url":"https:\/\/evertonfc.cz\/wp-content\/uploads\/2019\/05\/logo.png","contentUrl":"https:\/\/evertonfc.cz\/wp-content\/uploads\/2019\/05\/logo.png","width":112,"height":112,"caption":"Official Czech & Slovak Everton Supporters' Club"},"image":{"@id":"https:\/\/evertonfc.cz\/#\/schema\/logo\/image\/"},"sameAs":["https:\/\/www.facebook.com\/everton.fans.cz.sk"]},{"@type":"Person","@id":"https:\/\/evertonfc.cz\/#\/schema\/person\/5b54d20cd919070efc6fd6f92621fc50","name":"Petr","url":"https:\/\/evertonfc.cz\/index.php\/author\/petr\/"}]}},"_links":{"self":[{"href":"https:\/\/evertonfc.cz\/index.php\/wp-json\/wp\/v2\/posts\/17175"}],"collection":[{"href":"https:\/\/evertonfc.cz\/index.php\/wp-json\/wp\/v2\/posts"}],"about":[{"href":"https:\/\/evertonfc.cz\/index.php\/wp-json\/wp\/v2\/types\/post"}],"author":[{"embeddable":true,"href":"https:\/\/evertonfc.cz\/index.php\/wp-json\/wp\/v2\/users\/562"}],"replies":[{"embeddable":true,"href":"https:\/\/evertonfc.cz\/index.php\/wp-json\/wp\/v2\/comments?post=17175"}],"version-history":[{"count":7,"href":"https:\/\/evertonfc.cz\/index.php\/wp-json\/wp\/v2\/posts\/17175\/revisions"}],"predecessor-version":[{"id":17182,"href":"https:\/\/evertonfc.cz\/index.php\/wp-json\/wp\/v2\/posts\/17175\/revisions\/17182"}],"wp:featuredmedia":[{"embeddable":true,"href":"https:\/\/evertonfc.cz\/index.php\/wp-json\/wp\/v2\/media\/12110"}],"wp:attachment":[{"href":"https:\/\/evertonfc.cz\/index.php\/wp-json\/wp\/v2\/media?parent=17175"}],"wp:term":[{"taxonomy":"category","embeddable":true,"href":"https:\/\/evertonfc.cz\/index.php\/wp-json\/wp\/v2\/categories?post=17175"},{"taxonomy":"post_tag","embeddable":true,"href":"https:\/\/evertonfc.cz\/index.php\/wp-json\/wp\/v2\/tags?post=17175"}],"curies":[{"name":"wp","href":"https:\/\/api.w.org\/{rel}","templated":true}]}}