{"id":17305,"date":"2022-01-31T12:03:45","date_gmt":"2022-01-31T11:03:45","guid":{"rendered":"https:\/\/evertonfc.cz\/?p=17305"},"modified":"2022-02-21T20:34:20","modified_gmt":"2022-02-21T19:34:20","slug":"prestupova-zima-2022","status":"publish","type":"post","link":"https:\/\/evertonfc.cz\/index.php\/2022\/01\/31\/prestupova-zima-2022\/","title":{"rendered":"P\u0159estupov\u00e1 zima 2022"},"content":{"rendered":"<h4>Toffees b\u011bhem ledna nezah\u00e1leli a krom\u011b mana\u017eersk\u00e9 zm\u011bny, kdy odvolan\u00e9ho Ben\u00edteze nahradil Frank Lampard, p\u0159ivedli hned p\u011bt posil.<\/h4>\n<p><strong>P\u0159\u00edchody<\/strong><\/p>\n<ul>\n<li><a href=\"https:\/\/evertonfc.cz\/index.php\/2022\/01\/01\/everton-koupil-mykolenka\/\" target=\"_blank\" rel=\"noopener\"><strong>Vitaliy Mykolenko<\/strong> (Dynamo Kyjev \u2013 nezve\u0159ejn\u011bn\u00e1 \u010d\u00e1stka, podle m\u00e9di\u00ed \u00a317m)<\/a> <sup>01. 01.<\/sup><\/li>\n<li><a href=\"https:\/\/evertonfc.cz\/index.php\/2022\/01\/04\/dalsi-posila-prichazi-mlady-bek-patterson\/\"><strong>Nathan Patterson<\/strong> (Rangers \u2013 nezve\u0159ejn\u011bn\u00e1 \u010d\u00e1stka, podle m\u00e9di\u00ed \u00a312+4m) <\/a><sup>04. 01.<\/sup><\/li>\n<li><a href=\"https:\/\/evertonfc.cz\/index.php\/2022\/01\/13\/el-ghazi-hostuje-v-evertonu\/\" target=\"_blank\" rel=\"noopener\"><strong>Anwar El Ghazi<\/strong> (Aston Villa \u2013 hostov\u00e1n\u00ed)<\/a> <sup>13.01.<\/sup><\/li>\n<li><a href=\"https:\/\/evertonfc.cz\/index.php\/2022\/01\/31\/van-de-beek-hostuje-v-evertonu\/\"><strong>Donny van de Beek<\/strong> (Manchester United \u2013 hostov\u00e1n\u00ed) <\/a><sup>31.01.<\/sup><\/li>\n<li><a href=\"https:\/\/evertonfc.cz\/index.php\/2022\/02\/01\/dele-alli-dalsi-posilou\/\" target=\"_blank\" rel=\"noopener\"><strong>Dele Alli<\/strong> (Tottenham Hotspur \u2013 nezve\u0159ejn\u011bn\u00e1 \u010d\u00e1stka, podle m\u00e9di\u00ed \u00a30+33m)<\/a> <sup>31. 01.<\/sup><\/li>\n<li><strong>Billy Crellin<\/strong> (Fleetwood Town \u2013 nezve\u0159ejn\u011bn\u00e1 \u010d\u00e1stka, EvertonU23) <sup>31. 01.<\/sup><\/li>\n<\/ul>\n<p><strong>Odchody<\/strong><\/p>\n<ul>\n<li><strong>Jak Stewart <\/strong>(Runcorn Linnets \u2013 hostov\u00e1n\u00ed, Everton U18) <sup>05. 01.<\/sup><\/li>\n<li><a href=\"https:\/\/evertonfc.cz\/index.php\/2022\/01\/13\/drsny-rozvod-s-dignem\/\" target=\"_blank\" rel=\"noopener\"><strong>Lucas Digne <\/strong>(Aston Villa \u2013 nezve\u0159ejn\u011bn\u00e1 \u010d\u00e1stka, podle m\u00e9di\u00ed \u00a323+2m)<\/a> <sup>13. 01.<\/sup><\/li>\n<li><a href=\"https:\/\/evertonfc.cz\/index.php\/news\/simms-hostuje-v-hearts\/\" target=\"_blank\" rel=\"noopener\"><strong>Ellis Simms <\/strong>(Heart of Midlothian \u2013 hostov\u00e1n\u00ed)<\/a> <sup>26. 01.<\/sup><\/li>\n<li><a href=\"https:\/\/evertonfc.cz\/index.php\/news\/warrington-hostuje-v-tranmere\/\" target=\"_blank\" rel=\"noopener\"><strong>Lewis Warrington <\/strong>(Tranmere Rovers \u2013 hostov\u00e1n\u00ed)<\/a> <sup>31. 01.<\/sup><\/li>\n<li><a href=\"https:\/\/evertonfc.cz\/index.php\/2022\/02\/21\/gbamin-hostuje-v-rusku\/\" target=\"_blank\" rel=\"noopener\"><strong>Jean-Philippe Gbamin<\/strong> (CSKA Moskva \u2013 hostov\u00e1n\u00ed)<\/a> <sup>22.02.<\/sup><\/li>\n<\/ul>\n","protected":false},"excerpt":{"rendered":"<p>Toffees b\u011bhem ledna nezah\u00e1leli a krom\u011b mana\u017eersk\u00e9 zm\u011bny, kdy odvolan\u00e9ho Ben\u00edteze nahradil Frank Lampard, p\u0159ivedli hned p\u011bt posil.<\/p>\n","protected":false},"author":6,"featured_media":8425,"comment_status":"open","ping_status":"closed","sticky":false,"template":"","format":"standard","meta":{"_eb_attr":"","_monsterinsights_skip_tracking":false,"_monsterinsights_sitenote_active":false,"_monsterinsights_sitenote_note":"","_monsterinsights_sitenote_category":0,"footnotes":""},"categories":[41],"tags":[],"yoast_head":"<!-- This site is optimized with the Yoast SEO plugin v23.4 - https:\/\/yoast.com\/wordpress\/plugins\/seo\/ -->\n<title>P\u0159estupov\u00e1 zima 2022 - Official Czech &amp; Slovak Everton Supporters&#039; Club<\/title>\n<meta name=\"robots\" content=\"index, follow, max-snippet:-1, max-image-preview:large, max-video-preview:-1\" \/>\n<link rel=\"canonical\" href=\"https:\/\/evertonfc.cz\/index.php\/2022\/01\/31\/prestupova-zima-2022\/\" \/>\n<meta property=\"og:locale\" content=\"cs_CZ\" \/>\n<meta property=\"og:type\" content=\"article\" \/>\n<meta property=\"og:title\" content=\"P\u0159estupov\u00e1 zima 2022 - Official Czech &amp; Slovak Everton Supporters&#039; Club\" \/>\n<meta property=\"og:description\" content=\"Toffees b\u011bhem ledna nezah\u00e1leli a krom\u011b mana\u017eersk\u00e9 zm\u011bny, kdy odvolan\u00e9ho Ben\u00edteze nahradil Frank Lampard, p\u0159ivedli hned p\u011bt posil.\" \/>\n<meta property=\"og:url\" content=\"https:\/\/evertonfc.cz\/index.php\/2022\/01\/31\/prestupova-zima-2022\/\" \/>\n<meta property=\"og:site_name\" content=\"Official Czech &amp; Slovak Everton Supporters&#039; Club\" \/>\n<meta property=\"article:publisher\" content=\"https:\/\/www.facebook.com\/everton.fans.cz.sk\" \/>\n<meta property=\"article:published_time\" content=\"2022-01-31T11:03:45+00:00\" \/>\n<meta property=\"article:modified_time\" content=\"2022-02-21T19:34:20+00:00\" \/>\n<meta property=\"og:image\" content=\"https:\/\/evertonfc.cz\/wp-content\/uploads\/2019\/07\/Transfer-12-7-2019.png\" \/>\n\t<meta property=\"og:image:width\" content=\"720\" \/>\n\t<meta property=\"og:image:height\" content=\"405\" \/>\n\t<meta property=\"og:image:type\" content=\"image\/png\" \/>\n<meta name=\"author\" content=\"Ri\u010di\" \/>\n<meta name=\"twitter:card\" content=\"summary_large_image\" \/>\n<meta name=\"twitter:creator\" content=\"@rbrejsa\" \/>\n<meta name=\"twitter:label1\" content=\"Napsal(a)\" \/>\n\t<meta name=\"twitter:data1\" content=\"Ri\u010di\" \/>\n\t<meta name=\"twitter:label2\" content=\"Odhadovan\u00e1 doba \u010dten\u00ed\" \/>\n\t<meta name=\"twitter:data2\" content=\"1 minuta\" \/>\n<script type=\"application\/ld+json\" class=\"yoast-schema-graph\">{\"@context\":\"https:\/\/schema.org\",\"@graph\":[{\"@type\":\"Article\",\"@id\":\"https:\/\/evertonfc.cz\/index.php\/2022\/01\/31\/prestupova-zima-2022\/#article\",\"isPartOf\":{\"@id\":\"https:\/\/evertonfc.cz\/index.php\/2022\/01\/31\/prestupova-zima-2022\/\"},\"author\":{\"name\":\"Ri\u010di\",\"@id\":\"https:\/\/evertonfc.cz\/#\/schema\/person\/f7a5daedb2ffee98480bc70e191aaef1\"},\"headline\":\"P\u0159estupov\u00e1 zima 2022\",\"datePublished\":\"2022-01-31T11:03:45+00:00\",\"dateModified\":\"2022-02-21T19:34:20+00:00\",\"mainEntityOfPage\":{\"@id\":\"https:\/\/evertonfc.cz\/index.php\/2022\/01\/31\/prestupova-zima-2022\/\"},\"wordCount\":130,\"commentCount\":81,\"publisher\":{\"@id\":\"https:\/\/evertonfc.cz\/#organization\"},\"image\":{\"@id\":\"https:\/\/evertonfc.cz\/index.php\/2022\/01\/31\/prestupova-zima-2022\/#primaryimage\"},\"thumbnailUrl\":\"https:\/\/evertonfc.cz\/wp-content\/uploads\/2019\/07\/Transfer-12-7-2019.png\",\"articleSection\":[\"P\u0159estupy\"],\"inLanguage\":\"cs\",\"potentialAction\":[{\"@type\":\"CommentAction\",\"name\":\"Comment\",\"target\":[\"https:\/\/evertonfc.cz\/index.php\/2022\/01\/31\/prestupova-zima-2022\/#respond\"]}]},{\"@type\":\"WebPage\",\"@id\":\"https:\/\/evertonfc.cz\/index.php\/2022\/01\/31\/prestupova-zima-2022\/\",\"url\":\"https:\/\/evertonfc.cz\/index.php\/2022\/01\/31\/prestupova-zima-2022\/\",\"name\":\"P\u0159estupov\u00e1 zima 2022 - Official Czech &amp; Slovak Everton Supporters&#039; Club\",\"isPartOf\":{\"@id\":\"https:\/\/evertonfc.cz\/#website\"},\"primaryImageOfPage\":{\"@id\":\"https:\/\/evertonfc.cz\/index.php\/2022\/01\/31\/prestupova-zima-2022\/#primaryimage\"},\"image\":{\"@id\":\"https:\/\/evertonfc.cz\/index.php\/2022\/01\/31\/prestupova-zima-2022\/#primaryimage\"},\"thumbnailUrl\":\"https:\/\/evertonfc.cz\/wp-content\/uploads\/2019\/07\/Transfer-12-7-2019.png\",\"datePublished\":\"2022-01-31T11:03:45+00:00\",\"dateModified\":\"2022-02-21T19:34:20+00:00\",\"breadcrumb\":{\"@id\":\"https:\/\/evertonfc.cz\/index.php\/2022\/01\/31\/prestupova-zima-2022\/#breadcrumb\"},\"inLanguage\":\"cs\",\"potentialAction\":[{\"@type\":\"ReadAction\",\"target\":[\"https:\/\/evertonfc.cz\/index.php\/2022\/01\/31\/prestupova-zima-2022\/\"]}]},{\"@type\":\"ImageObject\",\"inLanguage\":\"cs\",\"@id\":\"https:\/\/evertonfc.cz\/index.php\/2022\/01\/31\/prestupova-zima-2022\/#primaryimage\",\"url\":\"https:\/\/evertonfc.cz\/wp-content\/uploads\/2019\/07\/Transfer-12-7-2019.png\",\"contentUrl\":\"https:\/\/evertonfc.cz\/wp-content\/uploads\/2019\/07\/Transfer-12-7-2019.png\",\"width\":720,\"height\":405},{\"@type\":\"BreadcrumbList\",\"@id\":\"https:\/\/evertonfc.cz\/index.php\/2022\/01\/31\/prestupova-zima-2022\/#breadcrumb\",\"itemListElement\":[{\"@type\":\"ListItem\",\"position\":1,\"name\":\"Home\",\"item\":\"https:\/\/evertonfc.cz\/\"},{\"@type\":\"ListItem\",\"position\":2,\"name\":\"P\u0159estupov\u00e1 zima 2022\"}]},{\"@type\":\"WebSite\",\"@id\":\"https:\/\/evertonfc.cz\/#website\",\"url\":\"https:\/\/evertonfc.cz\/\",\"name\":\"Official Czech &amp; Slovak Everton Supporters&#039; Club\",\"description\":\"\",\"publisher\":{\"@id\":\"https:\/\/evertonfc.cz\/#organization\"},\"potentialAction\":[{\"@type\":\"SearchAction\",\"target\":{\"@type\":\"EntryPoint\",\"urlTemplate\":\"https:\/\/evertonfc.cz\/?s={search_term_string}\"},\"query-input\":{\"@type\":\"PropertyValueSpecification\",\"valueRequired\":true,\"valueName\":\"search_term_string\"}}],\"inLanguage\":\"cs\"},{\"@type\":\"Organization\",\"@id\":\"https:\/\/evertonfc.cz\/#organization\",\"name\":\"Official Czech & Slovak Everton Supporters' Club\",\"url\":\"https:\/\/evertonfc.cz\/\",\"logo\":{\"@type\":\"ImageObject\",\"inLanguage\":\"cs\",\"@id\":\"https:\/\/evertonfc.cz\/#\/schema\/logo\/image\/\",\"url\":\"https:\/\/evertonfc.cz\/wp-content\/uploads\/2019\/05\/logo.png\",\"contentUrl\":\"https:\/\/evertonfc.cz\/wp-content\/uploads\/2019\/05\/logo.png\",\"width\":112,\"height\":112,\"caption\":\"Official Czech & Slovak Everton Supporters' Club\"},\"image\":{\"@id\":\"https:\/\/evertonfc.cz\/#\/schema\/logo\/image\/\"},\"sameAs\":[\"https:\/\/www.facebook.com\/everton.fans.cz.sk\"]},{\"@type\":\"Person\",\"@id\":\"https:\/\/evertonfc.cz\/#\/schema\/person\/f7a5daedb2ffee98480bc70e191aaef1\",\"name\":\"Ri\u010di\",\"sameAs\":[\"https:\/\/x.com\/rbrejsa\"],\"url\":\"https:\/\/evertonfc.cz\/index.php\/author\/rici\/\"}]}<\/script>\n<!-- \/ Yoast SEO plugin. -->","yoast_head_json":{"title":"P\u0159estupov\u00e1 zima 2022 - Official Czech &amp; Slovak Everton Supporters&#039; Club","robots":{"index":"index","follow":"follow","max-snippet":"max-snippet:-1","max-image-preview":"max-image-preview:large","max-video-preview":"max-video-preview:-1"},"canonical":"https:\/\/evertonfc.cz\/index.php\/2022\/01\/31\/prestupova-zima-2022\/","og_locale":"cs_CZ","og_type":"article","og_title":"P\u0159estupov\u00e1 zima 2022 - Official Czech &amp; Slovak Everton Supporters&#039; Club","og_description":"Toffees b\u011bhem ledna nezah\u00e1leli a krom\u011b mana\u017eersk\u00e9 zm\u011bny, kdy odvolan\u00e9ho Ben\u00edteze nahradil Frank Lampard, p\u0159ivedli hned p\u011bt posil.","og_url":"https:\/\/evertonfc.cz\/index.php\/2022\/01\/31\/prestupova-zima-2022\/","og_site_name":"Official Czech &amp; Slovak Everton Supporters&#039; Club","article_publisher":"https:\/\/www.facebook.com\/everton.fans.cz.sk","article_published_time":"2022-01-31T11:03:45+00:00","article_modified_time":"2022-02-21T19:34:20+00:00","og_image":[{"width":720,"height":405,"url":"https:\/\/evertonfc.cz\/wp-content\/uploads\/2019\/07\/Transfer-12-7-2019.png","type":"image\/png"}],"author":"Ri\u010di","twitter_card":"summary_large_image","twitter_creator":"@rbrejsa","twitter_misc":{"Napsal(a)":"Ri\u010di","Odhadovan\u00e1 doba \u010dten\u00ed":"1 minuta"},"schema":{"@context":"https:\/\/schema.org","@graph":[{"@type":"Article","@id":"https:\/\/evertonfc.cz\/index.php\/2022\/01\/31\/prestupova-zima-2022\/#article","isPartOf":{"@id":"https:\/\/evertonfc.cz\/index.php\/2022\/01\/31\/prestupova-zima-2022\/"},"author":{"name":"Ri\u010di","@id":"https:\/\/evertonfc.cz\/#\/schema\/person\/f7a5daedb2ffee98480bc70e191aaef1"},"headline":"P\u0159estupov\u00e1 zima 2022","datePublished":"2022-01-31T11:03:45+00:00","dateModified":"2022-02-21T19:34:20+00:00","mainEntityOfPage":{"@id":"https:\/\/evertonfc.cz\/index.php\/2022\/01\/31\/prestupova-zima-2022\/"},"wordCount":130,"commentCount":81,"publisher":{"@id":"https:\/\/evertonfc.cz\/#organization"},"image":{"@id":"https:\/\/evertonfc.cz\/index.php\/2022\/01\/31\/prestupova-zima-2022\/#primaryimage"},"thumbnailUrl":"https:\/\/evertonfc.cz\/wp-content\/uploads\/2019\/07\/Transfer-12-7-2019.png","articleSection":["P\u0159estupy"],"inLanguage":"cs","potentialAction":[{"@type":"CommentAction","name":"Comment","target":["https:\/\/evertonfc.cz\/index.php\/2022\/01\/31\/prestupova-zima-2022\/#respond"]}]},{"@type":"WebPage","@id":"https:\/\/evertonfc.cz\/index.php\/2022\/01\/31\/prestupova-zima-2022\/","url":"https:\/\/evertonfc.cz\/index.php\/2022\/01\/31\/prestupova-zima-2022\/","name":"P\u0159estupov\u00e1 zima 2022 - Official Czech &amp; Slovak Everton Supporters&#039; Club","isPartOf":{"@id":"https:\/\/evertonfc.cz\/#website"},"primaryImageOfPage":{"@id":"https:\/\/evertonfc.cz\/index.php\/2022\/01\/31\/prestupova-zima-2022\/#primaryimage"},"image":{"@id":"https:\/\/evertonfc.cz\/index.php\/2022\/01\/31\/prestupova-zima-2022\/#primaryimage"},"thumbnailUrl":"https:\/\/evertonfc.cz\/wp-content\/uploads\/2019\/07\/Transfer-12-7-2019.png","datePublished":"2022-01-31T11:03:45+00:00","dateModified":"2022-02-21T19:34:20+00:00","breadcrumb":{"@id":"https:\/\/evertonfc.cz\/index.php\/2022\/01\/31\/prestupova-zima-2022\/#breadcrumb"},"inLanguage":"cs","potentialAction":[{"@type":"ReadAction","target":["https:\/\/evertonfc.cz\/index.php\/2022\/01\/31\/prestupova-zima-2022\/"]}]},{"@type":"ImageObject","inLanguage":"cs","@id":"https:\/\/evertonfc.cz\/index.php\/2022\/01\/31\/prestupova-zima-2022\/#primaryimage","url":"https:\/\/evertonfc.cz\/wp-content\/uploads\/2019\/07\/Transfer-12-7-2019.png","contentUrl":"https:\/\/evertonfc.cz\/wp-content\/uploads\/2019\/07\/Transfer-12-7-2019.png","width":720,"height":405},{"@type":"BreadcrumbList","@id":"https:\/\/evertonfc.cz\/index.php\/2022\/01\/31\/prestupova-zima-2022\/#breadcrumb","itemListElement":[{"@type":"ListItem","position":1,"name":"Home","item":"https:\/\/evertonfc.cz\/"},{"@type":"ListItem","position":2,"name":"P\u0159estupov\u00e1 zima 2022"}]},{"@type":"WebSite","@id":"https:\/\/evertonfc.cz\/#website","url":"https:\/\/evertonfc.cz\/","name":"Official Czech &amp; Slovak Everton Supporters&#039; Club","description":"","publisher":{"@id":"https:\/\/evertonfc.cz\/#organization"},"potentialAction":[{"@type":"SearchAction","target":{"@type":"EntryPoint","urlTemplate":"https:\/\/evertonfc.cz\/?s={search_term_string}"},"query-input":{"@type":"PropertyValueSpecification","valueRequired":true,"valueName":"search_term_string"}}],"inLanguage":"cs"},{"@type":"Organization","@id":"https:\/\/evertonfc.cz\/#organization","name":"Official Czech & Slovak Everton Supporters' Club","url":"https:\/\/evertonfc.cz\/","logo":{"@type":"ImageObject","inLanguage":"cs","@id":"https:\/\/evertonfc.cz\/#\/schema\/logo\/image\/","url":"https:\/\/evertonfc.cz\/wp-content\/uploads\/2019\/05\/logo.png","contentUrl":"https:\/\/evertonfc.cz\/wp-content\/uploads\/2019\/05\/logo.png","width":112,"height":112,"caption":"Official Czech & Slovak Everton Supporters' Club"},"image":{"@id":"https:\/\/evertonfc.cz\/#\/schema\/logo\/image\/"},"sameAs":["https:\/\/www.facebook.com\/everton.fans.cz.sk"]},{"@type":"Person","@id":"https:\/\/evertonfc.cz\/#\/schema\/person\/f7a5daedb2ffee98480bc70e191aaef1","name":"Ri\u010di","sameAs":["https:\/\/x.com\/rbrejsa"],"url":"https:\/\/evertonfc.cz\/index.php\/author\/rici\/"}]}},"_links":{"self":[{"href":"https:\/\/evertonfc.cz\/index.php\/wp-json\/wp\/v2\/posts\/17305"}],"collection":[{"href":"https:\/\/evertonfc.cz\/index.php\/wp-json\/wp\/v2\/posts"}],"about":[{"href":"https:\/\/evertonfc.cz\/index.php\/wp-json\/wp\/v2\/types\/post"}],"author":[{"embeddable":true,"href":"https:\/\/evertonfc.cz\/index.php\/wp-json\/wp\/v2\/users\/6"}],"replies":[{"embeddable":true,"href":"https:\/\/evertonfc.cz\/index.php\/wp-json\/wp\/v2\/comments?post=17305"}],"version-history":[{"count":18,"href":"https:\/\/evertonfc.cz\/index.php\/wp-json\/wp\/v2\/posts\/17305\/revisions"}],"predecessor-version":[{"id":17900,"href":"https:\/\/evertonfc.cz\/index.php\/wp-json\/wp\/v2\/posts\/17305\/revisions\/17900"}],"wp:featuredmedia":[{"embeddable":true,"href":"https:\/\/evertonfc.cz\/index.php\/wp-json\/wp\/v2\/media\/8425"}],"wp:attachment":[{"href":"https:\/\/evertonfc.cz\/index.php\/wp-json\/wp\/v2\/media?parent=17305"}],"wp:term":[{"taxonomy":"category","embeddable":true,"href":"https:\/\/evertonfc.cz\/index.php\/wp-json\/wp\/v2\/categories?post=17305"},{"taxonomy":"post_tag","embeddable":true,"href":"https:\/\/evertonfc.cz\/index.php\/wp-json\/wp\/v2\/tags?post=17305"}],"curies":[{"name":"wp","href":"https:\/\/api.w.org\/{rel}","templated":true}]}}