{"id":17351,"date":"2022-01-03T18:32:30","date_gmt":"2022-01-03T17:32:30","guid":{"rendered":"https:\/\/evertonfc.cz\/?p=17351"},"modified":"2022-01-03T21:26:52","modified_gmt":"2022-01-03T20:26:52","slug":"everton-brightonhove-albion-23","status":"publish","type":"post","link":"https:\/\/evertonfc.cz\/index.php\/2022\/01\/03\/everton-brightonhove-albion-23\/","title":{"rendered":"Everton &#8211; Brighton &#038; Hove Albion 2:3"},"content":{"rendered":"<h4>Dom\u00e1c\u00ed prost\u0159ed\u00ed, Nov\u00fd Rok, ani n\u00e1vrat ob\u00e1van\u00e9ho kanon\u00fdra do sestavy The Toffees body nep\u0159inesl. Brighton dok\u00e1zal poprv\u00e9 zv\u00edt\u011bzit v Goodison Parku a zaslou\u017een\u011b si odv\u00e1\u017e\u00ed v\u0161echny body.<\/h4>\n<p>Ten, kdo doufal \u017ee Nov\u00fd Rok p\u0159inese do Goodison Parku i nov\u00fd, sv\u011b\u017e\u00ed v\u00edtr, \u017ee si t\u0159eba hr\u00e1\u010di (a hlavn\u011b mana\u017eer) dali p\u0159edsevzet\u00ed zlep\u0161it hru a d\u00e1t zapomenout na ned\u00e1vn\u00e9 b\u00eddn\u00e9 v\u00fdsledky &#8211; ten musel b\u00fdt po z\u00e1pase \u0159\u00e1dn\u011b zklam\u00e1n. Ben\u00edtez postavil do sv\u00e9 z\u00e1kladn\u00ed jeden\u00e1ctky p\u011bt obr\u00e1nc\u016f, zprava hraj\u00edc\u00ed mlad\u00edk Kenny vyhnal na levou stranu veter\u00e1na Colemana a u\u017e pom\u011brn\u011b tradi\u010dn\u011b nezbylo m\u00edsto v z\u00e1kladu na Digneho, kter\u00fd upadl do nemilosti \u0160pan\u011blsk\u00e9ho &#8222;strat\u00e9ga&#8220;. \u010cty\u0159\u010dlenn\u00e1 z\u00e1loha Gray &#8211; Allan &#8211; Doucour\u00e9 &#8211; Gordon m\u011bla podporovat kone\u010dn\u011b se navr\u00e1tiv\u0161\u00edho st\u0159elce Calvert-Lewina. Jako st\u0159elec se ale tentokr\u00e1t vybarvil n\u011bkdo jin\u00fd, o tom pozd\u011bji&#8230;<\/p>\n<h4>Za\u010d\u00e1tek a prvn\u00ed g\u00f3l(y)<\/h4>\n<p>Brigton hned zkraje z\u00e1pasu p\u016fsobil dojmem t\u00fdmu v lep\u0161\u00ed hern\u00ed pohod\u011b. Kdo v\u00ed, jestli hr\u00e1\u010di Toffees nebyli duchem je\u0161t\u011b v \u0161atn\u011b nebo dokonce na silvestrovsk\u00fdch oslav\u00e1ch, kdy\u017e v t\u0159et\u00ed minut\u011b poprv\u00e9 inkasovali. Po s\u00e9rii nep\u0159esv\u011bd\u010div\u00fdch odkop\u016f se m\u00ed\u010d z\u00e1konit\u011b dostal do pokutov\u00e9ho \u00fazem\u00ed dom\u00e1c\u00edch, kde ho do s\u00edt\u011b pohodln\u011b te\u010doval nik\u00fdm nehl\u00eddan\u00fd Alexis Mac Allister &#8211; <strong>0:1 <\/strong>pro Brighton.<\/p>\n<p>Kdo si myslel, \u017ee hor\u0161\u00ed to snad ani b\u00fdt nem\u016f\u017ee, p\u0159esv\u011bd\u010dil se o opaku u\u017e ve 21.munut\u011b. Bissoumma se celkem bez probl\u00e9m\u016f dostal p\u0159es p\u016fl h\u0159i\u0161t\u011b a\u017e do v\u00e1pna, kde se pokou\u0161el o zakon\u010den\u00ed. Jeho st\u0159elu je\u0161t\u011b Allan zblokoval na roh, co\u017e se nedalo \u0159\u00edct o dal\u0161\u00edm zakon\u010den\u00ed, centr na p\u0159edn\u00ed ty\u010d prodlou\u017eil Mwepu a na zadn\u00ed ty\u010di Burnovi sta\u010dilo u\u017e jen nastavit hlavu &#8211; <strong>0:2<\/strong> pro hosty.<\/p>\n<h4>Z\u00e1blesk nad\u011bje<\/h4>\n<p>Z\u00e1pas rozhodn\u011b nenudil a \u0161anc\u00ed bylo k vid\u011bn\u00ed pom\u011brn\u011b dost. V prvn\u00ed p\u016fli bohu\u017eel ale ze strany Brightonu. Tu nejv\u011bt\u0161\u00ed \u0161anci prvn\u00ed p\u016fle ale sp\u00e1lil op\u011bvovan\u00fd snajpr Dominic Calvert-Lewin. Aktivn\u00ed Gordon byl pom\u011brn\u011b zbyte\u010dn\u011b faulov\u00e1n na hranici v\u00e1pna a po kr\u00e1tk\u00e9 kontrole s VAR syst\u00e9mem byla na\u0159\u00edzena penalta. N\u00e1vrat do sestavy mlad\u00e9mu Angli\u010danovi \u0161t\u011bst\u00ed nep\u0159inesl, po kr\u00e1tk\u00e9m rozb\u011bhu bezpe\u010dn\u011b p\u0159est\u0159elil.<\/p>\n<p>Jeliko\u017e se neujala ani dob\u0159e um\u00edst\u011bn\u00e1 st\u0159ela Lallany z 38. minuty (Pickford vyt\u00e1hl na roh), ani pokus ze 44. minuty, kdy\u00a0 Neal Maupay prokli\u010dkoval celou obranou aby n\u00e1sledn\u011b p\u0159est\u0159elil, \u0161lo se do kabin s nezm\u011bn\u011bn\u00fdm polo\u010dasov\u00fdm v\u00fdsledkem.<\/p>\n<h4>Nov\u00fd za\u010d\u00e1tek<\/h4>\n<p>Do druh\u00e9ho polo\u010dasu vyb\u011bhli hr\u00e1\u010di v nezm\u011bn\u011bn\u00fdch sestav\u00e1ch, nicm\u00e9n\u011b na Evertonu bylo vid\u011bt jist\u00e9 zlep\u0161en\u00ed. U\u017e po \u010dty\u0159ech minut\u00e1ch druh\u00e9 p\u016fle se kone\u010dn\u011b povedlo to, o co se hr\u00e1\u010di marn\u011b pokou\u0161eli cel\u00fd prvn\u00ed polo\u010das &#8211; dostat centr na rozb\u011bhnut\u00e9ho Lewina. Jeho st\u0159ela sice skon\u010dila na br\u00e1n\u00edc\u00edm protihr\u00e1\u010di, ale alespo\u0148 si Rafa mohl v not\u00fdsku od\u0161krtnout, \u017ee se mu da\u0159\u00ed taktika pro z\u00e1pas. O dal\u0161\u00ed t\u0159i minuty v\u0161ak ji\u017e bylo o pozn\u00e1n\u00ed veseleji, kdy\u017e Gordon na prav\u00e9 stran\u011b h\u0159i\u0161t\u011b dostal Allanovu p\u0159ih\u00e1vku, navedl si m\u00ed\u010d na st\u0159ed h\u0159i\u0161t\u011b a zkusil vyst\u0159elit. Jeho nev\u00fdraznou r\u00e1nu te\u010dovali br\u00e1n\u00edc\u00ed hr\u00e1\u010di do protipohybu g\u00f3lmana a mlad\u00edk si p\u0159ipsal sv\u016fj prvn\u00ed g\u00f3l v sezon\u011b &#8211; <strong>1:2<\/strong><\/p>\n<h4>Zv\u00fd\u0161en\u00e1 aktivita a dal\u0161\u00ed g\u00f3ly<\/h4>\n<p>Po sn\u00ed\u017een\u00ed na rozd\u00edl jednoho g\u00f3lu o\u017eily i tribuny Goodison Parku, hr\u00e1\u010di se sna\u017eili v\u00edce kombinovat, ale bohu\u017eel z toho byla pouze dalekonosn\u00e1 Allanova st\u0159ela z 68. minuty, kterou Robert S\u00e1nchez vcelku pohodln\u011b vytla\u010dil nad b\u0159evno sv\u00e9 svatyn\u011b. Jen o chv\u00edli pozd\u011bji se na Pickforda \u0159\u00edtil osamocen\u00fd Maupay, nicm\u00e9n\u011b skv\u011ble se vr\u00e1til Holgate a zabr\u00e1nil nejhor\u0161\u00edmu. Bohu\u017eel jen na chv\u00edli, jeliko\u017e t\u011b\u017ece vybojovan\u00e9ho m\u00ed\u010de se lehkov\u00e1\u017en\u011b zbavil Keane, Brighton vr\u00e1til m\u00ed\u010d do rozhozen\u00e9 obrany a na hranici v\u00e1pna dostal m\u00ed\u010d Alexis Mac Allister. Ten se s ni\u010d\u00edm nep\u00e1ral a poslal m\u00ed\u010d zpoza v\u00e1pna do prav\u00e9 \u0161ibenice Pickfordovy br\u00e1ny &#8211; <strong>1:3<\/strong><\/p>\n<p>Dal\u0161\u00ed sn\u00ed\u017een\u00ed v\u0161ak p\u0159i\u0161lo obratem. Povedenou kombinaci za\u010dal Anthony Gordon, vym\u011bnil si m\u00ed\u010d s Lewinem a Kennym, kter\u00fd mu poslal p\u0159\u00edzemn\u00ed centr zp\u011bt a Gordon perfektn\u011b te\u010doval m\u00ed\u010d na p\u0159edn\u00ed ty\u010di, S\u00e1nchez se marn\u011b natahoval. G\u00f3lov\u00e1 asistence byla to posledn\u00ed co Kenny v z\u00e1pase za\u017eil, n\u00e1sledn\u011b se Rafa rozhodl zlomit z\u00e1pas a poslat m\u00edsto n\u011bj na h\u0159i\u0161t\u011b Rond\u00f3na. Bohu\u017eel, jedin\u00e9, k \u010demu se v z\u00e1pase dostal, byla st\u0159ela vysoko nad z 90. minuty a tak v\u0161echny t\u0159i body putuj\u00ed daleko na jih Anglie&#8230;<\/p>\n<p><span style=\"font-size: 8pt;text-align: right\">\u00a0 \u00a0 \u00a0 \u00a0 \u00a0 \u00a0 \u00a0 \u00a0 \u00a0 \u00a0 \u00a0 \u00a0 \u00a0 \u00a0 \u00a0 \u00a0 \u00a0 \u00a0 \u00a0 \u00a0 \u00a0 \u00a0 \u00a0 \u00a0 \u00a0 \u00a0 \u00a0 \u00a0 \u00a0 \u00a0 \u00a0 \u00a0 \u00a0 \u00a0 \u00a0 \u00a0 \u00a0 \u00a0 \u00a0 \u00a0 \u00a0 \u00a0 \u00a0 \u00a0 \u00a0 \u00a0 \u00a0 \u00a0 \u00a0 \u00a0 \u00a0 \u00a0 \u00a0 \u00a0 \u00a0 \u00a0 \u00a0 \u00a0 \u00a0 \u00a0 \u00a0 \u00a0 \u00a0 \u00a0 \u00a0 \u00a0 \u00a0 \u00a0 \u00a0 \u00a0 \u00a0 \u00a0 \u00a0 \u00a0 \u00a0 \u00a0 \u00a0 \u00a0 \u00a0 \u00a0 \u00a0 \u00a0 \u00a0 \u00a0 \u00a0 \u00a0 \u00a0 \u00a0 \u00a0 \u00a0 \u00a0 \u00a0 \u00a0 \u00a0 \u00a0 \u00a0 \u00a0 \u00a0 \u00a0 \u00a0 \u00a0 \u00a0 \u00a0 \u00a0 \u00a0 \u00a0(foto: Pool\/Getty Images)<\/span><\/p>\n<p><strong>Branky:<\/strong> 53. Anthony Gordon 76. Anthony Gordon &#8211; 3. Alexis Mac Allister 21. Dan Burn 71. Alexis Mac Allister<br \/>\n<strong>\u017dK:<\/strong> 9. Jonjoe Kenny\u00a0 &#8211; 63. Adam Webster<\/p>\n<p><strong>Everton FC: <\/strong>Jordan Pickford, S\u00e9amus Coleman, Ben Godfrey, Michael Keane, Jonjoe Kenny (76. Salom\u00f3n Rond\u00f3n), Mason Holgate, Allan (87. Andr\u00e9 Gomes), Abdoulaye Doucour\u00e9, Demarai Gray, Dominic Calvert-Lewin, Anthony Gordon<strong><br \/>\nBrighton: <\/strong>Robert S\u00e1nchez, Adam Webster, J\u00f6el Veltman (61. Shane Duffy), Dan Burn, Marc Cucurella, Yves Bissouma, Adam Lallana (61. Tariq Lamptey), Alexis Mac Allister, Enock Mwepu, Leandro Trossard (81. Jakub Moder), Neal Maupay<strong><br \/>\nRozhod\u010d\u00ed:<\/strong> Michael Oliver<\/p>\n","protected":false},"excerpt":{"rendered":"<p>Dom\u00e1c\u00ed prost\u0159ed\u00ed, Nov\u00fd Rok, ani n\u00e1vrat ob\u00e1van\u00e9ho kanon\u00fdra do sestavy The Toffees body nep\u0159inesl. Brigton dok\u00e1zal poprv\u00e9 zv\u00edt\u011bzit v Goodison Parku a zaslou\u017een\u011b si odv\u00e1\u017e\u00ed v\u0161echny body.<\/p>\n","protected":false},"author":562,"featured_media":17356,"comment_status":"open","ping_status":"closed","sticky":false,"template":"","format":"standard","meta":{"_eb_attr":"","_monsterinsights_skip_tracking":false,"_monsterinsights_sitenote_active":false,"_monsterinsights_sitenote_note":"","_monsterinsights_sitenote_category":0,"footnotes":""},"categories":[4],"tags":[],"yoast_head":"<!-- This site is optimized with the Yoast SEO plugin v23.4 - https:\/\/yoast.com\/wordpress\/plugins\/seo\/ -->\n<title>Everton - Brighton &amp; Hove Albion 2:3 - Official Czech &amp; Slovak Everton Supporters&#039; Club<\/title>\n<meta name=\"robots\" content=\"index, follow, max-snippet:-1, max-image-preview:large, max-video-preview:-1\" \/>\n<link rel=\"canonical\" href=\"https:\/\/evertonfc.cz\/index.php\/2022\/01\/03\/everton-brightonhove-albion-23\/\" \/>\n<meta property=\"og:locale\" content=\"cs_CZ\" \/>\n<meta property=\"og:type\" content=\"article\" \/>\n<meta property=\"og:title\" content=\"Everton - Brighton &amp; Hove Albion 2:3 - Official Czech &amp; Slovak Everton Supporters&#039; Club\" \/>\n<meta property=\"og:description\" content=\"Dom\u00e1c\u00ed prost\u0159ed\u00ed, Nov\u00fd Rok, ani n\u00e1vrat ob\u00e1van\u00e9ho kanon\u00fdra do sestavy The Toffees body nep\u0159inesl. Brigton dok\u00e1zal poprv\u00e9 zv\u00edt\u011bzit v Goodison Parku a zaslou\u017een\u011b si odv\u00e1\u017e\u00ed v\u0161echny body.\" \/>\n<meta property=\"og:url\" content=\"https:\/\/evertonfc.cz\/index.php\/2022\/01\/03\/everton-brightonhove-albion-23\/\" \/>\n<meta property=\"og:site_name\" content=\"Official Czech &amp; Slovak Everton Supporters&#039; Club\" \/>\n<meta property=\"article:publisher\" content=\"https:\/\/www.facebook.com\/everton.fans.cz.sk\" \/>\n<meta property=\"article:published_time\" content=\"2022-01-03T17:32:30+00:00\" \/>\n<meta property=\"article:modified_time\" content=\"2022-01-03T20:26:52+00:00\" \/>\n<meta property=\"og:image\" content=\"https:\/\/evertonfc.cz\/wp-content\/uploads\/2022\/01\/everton-2-3-brighton-02-01-2022.jpg\" \/>\n\t<meta property=\"og:image:width\" content=\"720\" \/>\n\t<meta property=\"og:image:height\" content=\"405\" \/>\n\t<meta property=\"og:image:type\" content=\"image\/jpeg\" \/>\n<meta name=\"author\" content=\"Petr\" \/>\n<meta name=\"twitter:card\" content=\"summary_large_image\" \/>\n<meta name=\"twitter:label1\" content=\"Napsal(a)\" \/>\n\t<meta name=\"twitter:data1\" content=\"Petr\" \/>\n\t<meta name=\"twitter:label2\" content=\"Odhadovan\u00e1 doba \u010dten\u00ed\" \/>\n\t<meta name=\"twitter:data2\" content=\"5 minut\" \/>\n<script type=\"application\/ld+json\" class=\"yoast-schema-graph\">{\"@context\":\"https:\/\/schema.org\",\"@graph\":[{\"@type\":\"Article\",\"@id\":\"https:\/\/evertonfc.cz\/index.php\/2022\/01\/03\/everton-brightonhove-albion-23\/#article\",\"isPartOf\":{\"@id\":\"https:\/\/evertonfc.cz\/index.php\/2022\/01\/03\/everton-brightonhove-albion-23\/\"},\"author\":{\"name\":\"Petr\",\"@id\":\"https:\/\/evertonfc.cz\/#\/schema\/person\/5b54d20cd919070efc6fd6f92621fc50\"},\"headline\":\"Everton &#8211; Brighton &#038; Hove Albion 2:3\",\"datePublished\":\"2022-01-03T17:32:30+00:00\",\"dateModified\":\"2022-01-03T20:26:52+00:00\",\"mainEntityOfPage\":{\"@id\":\"https:\/\/evertonfc.cz\/index.php\/2022\/01\/03\/everton-brightonhove-albion-23\/\"},\"wordCount\":997,\"commentCount\":3,\"publisher\":{\"@id\":\"https:\/\/evertonfc.cz\/#organization\"},\"image\":{\"@id\":\"https:\/\/evertonfc.cz\/index.php\/2022\/01\/03\/everton-brightonhove-albion-23\/#primaryimage\"},\"thumbnailUrl\":\"https:\/\/evertonfc.cz\/wp-content\/uploads\/2022\/01\/everton-2-3-brighton-02-01-2022.jpg\",\"articleSection\":[\"Z\u00e1pasy\"],\"inLanguage\":\"cs\",\"potentialAction\":[{\"@type\":\"CommentAction\",\"name\":\"Comment\",\"target\":[\"https:\/\/evertonfc.cz\/index.php\/2022\/01\/03\/everton-brightonhove-albion-23\/#respond\"]}]},{\"@type\":\"WebPage\",\"@id\":\"https:\/\/evertonfc.cz\/index.php\/2022\/01\/03\/everton-brightonhove-albion-23\/\",\"url\":\"https:\/\/evertonfc.cz\/index.php\/2022\/01\/03\/everton-brightonhove-albion-23\/\",\"name\":\"Everton - Brighton & Hove Albion 2:3 - Official Czech &amp; Slovak Everton Supporters&#039; Club\",\"isPartOf\":{\"@id\":\"https:\/\/evertonfc.cz\/#website\"},\"primaryImageOfPage\":{\"@id\":\"https:\/\/evertonfc.cz\/index.php\/2022\/01\/03\/everton-brightonhove-albion-23\/#primaryimage\"},\"image\":{\"@id\":\"https:\/\/evertonfc.cz\/index.php\/2022\/01\/03\/everton-brightonhove-albion-23\/#primaryimage\"},\"thumbnailUrl\":\"https:\/\/evertonfc.cz\/wp-content\/uploads\/2022\/01\/everton-2-3-brighton-02-01-2022.jpg\",\"datePublished\":\"2022-01-03T17:32:30+00:00\",\"dateModified\":\"2022-01-03T20:26:52+00:00\",\"breadcrumb\":{\"@id\":\"https:\/\/evertonfc.cz\/index.php\/2022\/01\/03\/everton-brightonhove-albion-23\/#breadcrumb\"},\"inLanguage\":\"cs\",\"potentialAction\":[{\"@type\":\"ReadAction\",\"target\":[\"https:\/\/evertonfc.cz\/index.php\/2022\/01\/03\/everton-brightonhove-albion-23\/\"]}]},{\"@type\":\"ImageObject\",\"inLanguage\":\"cs\",\"@id\":\"https:\/\/evertonfc.cz\/index.php\/2022\/01\/03\/everton-brightonhove-albion-23\/#primaryimage\",\"url\":\"https:\/\/evertonfc.cz\/wp-content\/uploads\/2022\/01\/everton-2-3-brighton-02-01-2022.jpg\",\"contentUrl\":\"https:\/\/evertonfc.cz\/wp-content\/uploads\/2022\/01\/everton-2-3-brighton-02-01-2022.jpg\",\"width\":720,\"height\":405},{\"@type\":\"BreadcrumbList\",\"@id\":\"https:\/\/evertonfc.cz\/index.php\/2022\/01\/03\/everton-brightonhove-albion-23\/#breadcrumb\",\"itemListElement\":[{\"@type\":\"ListItem\",\"position\":1,\"name\":\"Home\",\"item\":\"https:\/\/evertonfc.cz\/\"},{\"@type\":\"ListItem\",\"position\":2,\"name\":\"Everton &#8211; Brighton &#038; Hove Albion 2:3\"}]},{\"@type\":\"WebSite\",\"@id\":\"https:\/\/evertonfc.cz\/#website\",\"url\":\"https:\/\/evertonfc.cz\/\",\"name\":\"Official Czech &amp; Slovak Everton Supporters&#039; Club\",\"description\":\"\",\"publisher\":{\"@id\":\"https:\/\/evertonfc.cz\/#organization\"},\"potentialAction\":[{\"@type\":\"SearchAction\",\"target\":{\"@type\":\"EntryPoint\",\"urlTemplate\":\"https:\/\/evertonfc.cz\/?s={search_term_string}\"},\"query-input\":{\"@type\":\"PropertyValueSpecification\",\"valueRequired\":true,\"valueName\":\"search_term_string\"}}],\"inLanguage\":\"cs\"},{\"@type\":\"Organization\",\"@id\":\"https:\/\/evertonfc.cz\/#organization\",\"name\":\"Official Czech & Slovak Everton Supporters' Club\",\"url\":\"https:\/\/evertonfc.cz\/\",\"logo\":{\"@type\":\"ImageObject\",\"inLanguage\":\"cs\",\"@id\":\"https:\/\/evertonfc.cz\/#\/schema\/logo\/image\/\",\"url\":\"https:\/\/evertonfc.cz\/wp-content\/uploads\/2019\/05\/logo.png\",\"contentUrl\":\"https:\/\/evertonfc.cz\/wp-content\/uploads\/2019\/05\/logo.png\",\"width\":112,\"height\":112,\"caption\":\"Official Czech & Slovak Everton Supporters' Club\"},\"image\":{\"@id\":\"https:\/\/evertonfc.cz\/#\/schema\/logo\/image\/\"},\"sameAs\":[\"https:\/\/www.facebook.com\/everton.fans.cz.sk\"]},{\"@type\":\"Person\",\"@id\":\"https:\/\/evertonfc.cz\/#\/schema\/person\/5b54d20cd919070efc6fd6f92621fc50\",\"name\":\"Petr\",\"url\":\"https:\/\/evertonfc.cz\/index.php\/author\/petr\/\"}]}<\/script>\n<!-- \/ Yoast SEO plugin. -->","yoast_head_json":{"title":"Everton - Brighton & Hove Albion 2:3 - Official Czech &amp; Slovak Everton Supporters&#039; Club","robots":{"index":"index","follow":"follow","max-snippet":"max-snippet:-1","max-image-preview":"max-image-preview:large","max-video-preview":"max-video-preview:-1"},"canonical":"https:\/\/evertonfc.cz\/index.php\/2022\/01\/03\/everton-brightonhove-albion-23\/","og_locale":"cs_CZ","og_type":"article","og_title":"Everton - Brighton & Hove Albion 2:3 - Official Czech &amp; Slovak Everton Supporters&#039; Club","og_description":"Dom\u00e1c\u00ed prost\u0159ed\u00ed, Nov\u00fd Rok, ani n\u00e1vrat ob\u00e1van\u00e9ho kanon\u00fdra do sestavy The Toffees body nep\u0159inesl. Brigton dok\u00e1zal poprv\u00e9 zv\u00edt\u011bzit v Goodison Parku a zaslou\u017een\u011b si odv\u00e1\u017e\u00ed v\u0161echny body.","og_url":"https:\/\/evertonfc.cz\/index.php\/2022\/01\/03\/everton-brightonhove-albion-23\/","og_site_name":"Official Czech &amp; Slovak Everton Supporters&#039; Club","article_publisher":"https:\/\/www.facebook.com\/everton.fans.cz.sk","article_published_time":"2022-01-03T17:32:30+00:00","article_modified_time":"2022-01-03T20:26:52+00:00","og_image":[{"width":720,"height":405,"url":"https:\/\/evertonfc.cz\/wp-content\/uploads\/2022\/01\/everton-2-3-brighton-02-01-2022.jpg","type":"image\/jpeg"}],"author":"Petr","twitter_card":"summary_large_image","twitter_misc":{"Napsal(a)":"Petr","Odhadovan\u00e1 doba \u010dten\u00ed":"5 minut"},"schema":{"@context":"https:\/\/schema.org","@graph":[{"@type":"Article","@id":"https:\/\/evertonfc.cz\/index.php\/2022\/01\/03\/everton-brightonhove-albion-23\/#article","isPartOf":{"@id":"https:\/\/evertonfc.cz\/index.php\/2022\/01\/03\/everton-brightonhove-albion-23\/"},"author":{"name":"Petr","@id":"https:\/\/evertonfc.cz\/#\/schema\/person\/5b54d20cd919070efc6fd6f92621fc50"},"headline":"Everton &#8211; Brighton &#038; Hove Albion 2:3","datePublished":"2022-01-03T17:32:30+00:00","dateModified":"2022-01-03T20:26:52+00:00","mainEntityOfPage":{"@id":"https:\/\/evertonfc.cz\/index.php\/2022\/01\/03\/everton-brightonhove-albion-23\/"},"wordCount":997,"commentCount":3,"publisher":{"@id":"https:\/\/evertonfc.cz\/#organization"},"image":{"@id":"https:\/\/evertonfc.cz\/index.php\/2022\/01\/03\/everton-brightonhove-albion-23\/#primaryimage"},"thumbnailUrl":"https:\/\/evertonfc.cz\/wp-content\/uploads\/2022\/01\/everton-2-3-brighton-02-01-2022.jpg","articleSection":["Z\u00e1pasy"],"inLanguage":"cs","potentialAction":[{"@type":"CommentAction","name":"Comment","target":["https:\/\/evertonfc.cz\/index.php\/2022\/01\/03\/everton-brightonhove-albion-23\/#respond"]}]},{"@type":"WebPage","@id":"https:\/\/evertonfc.cz\/index.php\/2022\/01\/03\/everton-brightonhove-albion-23\/","url":"https:\/\/evertonfc.cz\/index.php\/2022\/01\/03\/everton-brightonhove-albion-23\/","name":"Everton - Brighton & Hove Albion 2:3 - Official Czech &amp; Slovak Everton Supporters&#039; Club","isPartOf":{"@id":"https:\/\/evertonfc.cz\/#website"},"primaryImageOfPage":{"@id":"https:\/\/evertonfc.cz\/index.php\/2022\/01\/03\/everton-brightonhove-albion-23\/#primaryimage"},"image":{"@id":"https:\/\/evertonfc.cz\/index.php\/2022\/01\/03\/everton-brightonhove-albion-23\/#primaryimage"},"thumbnailUrl":"https:\/\/evertonfc.cz\/wp-content\/uploads\/2022\/01\/everton-2-3-brighton-02-01-2022.jpg","datePublished":"2022-01-03T17:32:30+00:00","dateModified":"2022-01-03T20:26:52+00:00","breadcrumb":{"@id":"https:\/\/evertonfc.cz\/index.php\/2022\/01\/03\/everton-brightonhove-albion-23\/#breadcrumb"},"inLanguage":"cs","potentialAction":[{"@type":"ReadAction","target":["https:\/\/evertonfc.cz\/index.php\/2022\/01\/03\/everton-brightonhove-albion-23\/"]}]},{"@type":"ImageObject","inLanguage":"cs","@id":"https:\/\/evertonfc.cz\/index.php\/2022\/01\/03\/everton-brightonhove-albion-23\/#primaryimage","url":"https:\/\/evertonfc.cz\/wp-content\/uploads\/2022\/01\/everton-2-3-brighton-02-01-2022.jpg","contentUrl":"https:\/\/evertonfc.cz\/wp-content\/uploads\/2022\/01\/everton-2-3-brighton-02-01-2022.jpg","width":720,"height":405},{"@type":"BreadcrumbList","@id":"https:\/\/evertonfc.cz\/index.php\/2022\/01\/03\/everton-brightonhove-albion-23\/#breadcrumb","itemListElement":[{"@type":"ListItem","position":1,"name":"Home","item":"https:\/\/evertonfc.cz\/"},{"@type":"ListItem","position":2,"name":"Everton &#8211; Brighton &#038; Hove Albion 2:3"}]},{"@type":"WebSite","@id":"https:\/\/evertonfc.cz\/#website","url":"https:\/\/evertonfc.cz\/","name":"Official Czech &amp; Slovak Everton Supporters&#039; Club","description":"","publisher":{"@id":"https:\/\/evertonfc.cz\/#organization"},"potentialAction":[{"@type":"SearchAction","target":{"@type":"EntryPoint","urlTemplate":"https:\/\/evertonfc.cz\/?s={search_term_string}"},"query-input":{"@type":"PropertyValueSpecification","valueRequired":true,"valueName":"search_term_string"}}],"inLanguage":"cs"},{"@type":"Organization","@id":"https:\/\/evertonfc.cz\/#organization","name":"Official Czech & Slovak Everton Supporters' Club","url":"https:\/\/evertonfc.cz\/","logo":{"@type":"ImageObject","inLanguage":"cs","@id":"https:\/\/evertonfc.cz\/#\/schema\/logo\/image\/","url":"https:\/\/evertonfc.cz\/wp-content\/uploads\/2019\/05\/logo.png","contentUrl":"https:\/\/evertonfc.cz\/wp-content\/uploads\/2019\/05\/logo.png","width":112,"height":112,"caption":"Official Czech & Slovak Everton Supporters' Club"},"image":{"@id":"https:\/\/evertonfc.cz\/#\/schema\/logo\/image\/"},"sameAs":["https:\/\/www.facebook.com\/everton.fans.cz.sk"]},{"@type":"Person","@id":"https:\/\/evertonfc.cz\/#\/schema\/person\/5b54d20cd919070efc6fd6f92621fc50","name":"Petr","url":"https:\/\/evertonfc.cz\/index.php\/author\/petr\/"}]}},"_links":{"self":[{"href":"https:\/\/evertonfc.cz\/index.php\/wp-json\/wp\/v2\/posts\/17351"}],"collection":[{"href":"https:\/\/evertonfc.cz\/index.php\/wp-json\/wp\/v2\/posts"}],"about":[{"href":"https:\/\/evertonfc.cz\/index.php\/wp-json\/wp\/v2\/types\/post"}],"author":[{"embeddable":true,"href":"https:\/\/evertonfc.cz\/index.php\/wp-json\/wp\/v2\/users\/562"}],"replies":[{"embeddable":true,"href":"https:\/\/evertonfc.cz\/index.php\/wp-json\/wp\/v2\/comments?post=17351"}],"version-history":[{"count":14,"href":"https:\/\/evertonfc.cz\/index.php\/wp-json\/wp\/v2\/posts\/17351\/revisions"}],"predecessor-version":[{"id":17368,"href":"https:\/\/evertonfc.cz\/index.php\/wp-json\/wp\/v2\/posts\/17351\/revisions\/17368"}],"wp:featuredmedia":[{"embeddable":true,"href":"https:\/\/evertonfc.cz\/index.php\/wp-json\/wp\/v2\/media\/17356"}],"wp:attachment":[{"href":"https:\/\/evertonfc.cz\/index.php\/wp-json\/wp\/v2\/media?parent=17351"}],"wp:term":[{"taxonomy":"category","embeddable":true,"href":"https:\/\/evertonfc.cz\/index.php\/wp-json\/wp\/v2\/categories?post=17351"},{"taxonomy":"post_tag","embeddable":true,"href":"https:\/\/evertonfc.cz\/index.php\/wp-json\/wp\/v2\/tags?post=17351"}],"curies":[{"name":"wp","href":"https:\/\/api.w.org\/{rel}","templated":true}]}}