{"id":17409,"date":"2022-01-09T15:00:26","date_gmt":"2022-01-09T14:00:26","guid":{"rendered":"https:\/\/evertonfc.cz\/?p=17409"},"modified":"2022-01-09T23:15:33","modified_gmt":"2022-01-09T22:15:33","slug":"hull-city-everton-23-pp","status":"publish","type":"post","link":"https:\/\/evertonfc.cz\/index.php\/2022\/01\/09\/hull-city-everton-23-pp\/","title":{"rendered":"Hull City \u2013 Everton 2:3 (pp)"},"content":{"rendered":"<h4>Ne \u010dasto si Everton ud\u011bl\u00e1 prvn\u00ed poh\u00e1rov\u00e1 vystoupen\u00ed snadn\u00e1 a v\u010dera to nebylo jinak. No ale zn\u00e1te to, je to FA Cup a hlavn\u011b, Toffees se prot\u00e1hli pod Hullem a jde se d\u00e1l.<\/h4>\n<p>Everton nastoupil v o\u010dek\u00e1van\u00e9 slepenci n\u00e1hradn\u00edk\u016f, torza z\u00e1kladn\u00ed XI a jedn\u00e9 nov\u00e9 tv\u00e1\u0159e. P\u0159ekvapilo nasazen\u00ed Kennyho na wingbacku. Pro n\u011bj ale mohlo j\u00edt vzhledem k p\u0159\u00edchodu Pattersona o derni\u00e9ru. Rond\u00f3n dostal p\u0159ednost p\u0159ed Tosunem i ml\u00e1d\u00edm, a tak za\u010d\u00edn\u00e1m spekulovat o utajovan\u00e9m otcovstv\u00ed \u0161pan\u011blsk\u00e9ho kormideln\u00edka.<\/p>\n<h4>Prvn\u00ed p\u016fle<\/h4>\n<p>D\u0159\u00edve, ne\u017e stihl m\u016fj stream p\u0159epnout z Barnsley, to bylo <strong>1:0<\/strong>. Po 45 sekund\u00e1ch se p\u0159\u00edm\u00fd kop dom\u00e1c\u00edch snesl k Tyleru Smithovi a ten hlavou otev\u0159el \u00fa\u010det nejen z\u00e1pasu, ale i sv\u016fj v barv\u00e1ch Tigers. Za chv\u00edli mohlo b\u00fdt je\u0161t\u011b h\u016f\u0159, Eavesovu hlavi\u010dku vy\u0161kr\u00e1bl Begovi\u0107 nad. Vyt\u00e1hnout se p\u0159ed o level vy\u0161\u0161\u00edmi kolegy postupn\u011b mohl znovu Eaves a Keane Lewis-Potter, host\u00e9 se probouzeli pomalu a\u017e po 20 minut\u00e1ch.<\/p>\n<p>T\u00e9m\u011b\u0159 bez varov\u00e1n\u00ed si Gray, potom co si pati\u010dkou zpracoval n\u00e1kop soupe\u0159e, narazil s\u00a0Gordonem, \u010d\u00edm\u017e se bleskov\u011b zjevil za obr\u00e1nci, s\u00e1m p\u0159ed Baxterem nezav\u00e1hal a srovnal \u2013 <strong>1:1<\/strong>. Oba str\u016fjci pak ti\u0161ili hostuj\u00edc\u00ed fanou\u0161ky, kte\u0159\u00ed sv\u016fj t\u00fdm cel\u00fd z\u00e1pas hlasit\u011b povzbuzovali. O chv\u00edli Rondon prodlou\u017eil pro zm\u011bnu Coleman\u016fv n\u00e1kop, Gordon pel\u00e1\u0161il k\u00a0brance a po zaseknut\u00ed zvolil st\u0159elu na p\u0159edn\u00ed ty\u010d \u2013 a trefil \u2013 tu ty\u010d. Gray\u016fv pokus z\u00a0d\u00e1lky zastavil rukou brank\u00e1\u0159, Gordonovo zpracov\u00e1n\u00ed obr\u00e1nce Greaves takt\u00e9\u017e rukou, n\u00e1sledn\u011b op\u011bt jedin\u00fd autorizovan\u00fd k\u00a0pou\u017eit\u00ed horn\u00ed kon\u010detiny zastavil perfektn\u00ed n\u00e1b\u011bh Michaela Keanea do v\u00e1pna soupe\u0159e po pasu Gordona.<\/p>\n<p>Brilantn\u00ed desetiminutovku vygradovala nep\u0159edv\u00eddateln\u00fdm momentem. Odra\u017een\u00fd bal\u00f3n od Gomese p\u0159es Gordona p\u0159e\u0161el ke Kennymu, kter\u00fd na\u010dechral oblou\u010dek za punt\u00edk, kde Gomes zabo\u0159il hlavou m\u00ed\u010d do zem\u011b a d\u00e1l p\u0159es brank\u00e1\u0159e a\u017e do s\u00edt\u011b \u2013 <strong>1:2<\/strong>. Oto\u010dka jak z\u00a0poh\u00e1dky.<\/p>\n<p>B\u011bhem minutky mohlo b\u00fdt po poh\u00e1dce, nejprve z mal\u00e9ho v\u00e1pna odvracel Mykolenko, m\u00ed\u010d se ale dostal k Dochertymu a ten prov\u011b\u0159il Begovi\u0107e. Na druh\u00e9 stran\u011b vyb\u00eddl Rond\u00f3n do velk\u00e9 \u0161ance Gordona, ale ten pojistku nep\u0159idal. Do p\u0159est\u00e1vky bylo t\u0159eba p\u0159e\u017e\u00edt je\u0161t\u011b p\u00e1r roh\u016f vlastn\u00edch i soupe\u0159e, na z\u00e1v\u011br po\u017elutil sv\u016fj debut v modr\u00e9m dresu Mykolenko, kdy\u017e p\u0159ed v\u00e1pnem skl\u00e1til pronikaj\u00edc\u00edho Williamse.<\/p>\n<h4>Druh\u00e1 p\u016fle<\/h4>\n<p>Everton se sna\u017eil dr\u017eet v\u00fdsledek a nepou\u0161t\u011bt soup\u0159e do \u0161anc\u00ed. N\u011bjakou dobu se to da\u0159ilo, st\u0159ely na branku zaznamenali Gordon i Gray, mimo m\u00ed\u0159il Mykolenko. Jaz\u00fd\u010dky na vah\u00e1ch se pak posunuly na stranu dom\u00e1c\u00edch po trojit\u00e9m st\u0159\u00edd\u00e1n\u00ed v 63. minut\u011b. Everton kontroval v\u00fdm\u011bnou Gordona za Townsenda.<\/p>\n<p>Zase v tom m\u011bl prsty Brighton, kter\u00fd zap\u016fj\u010dil do Kingstonu Ryana Longmana. Ten po p\u00e1r minut\u00e1ch na h\u0159i\u0161ti zakroutil st\u0159elu do horn\u00edho rohu Begovi\u0107ovy branky &#8211; <strong>2:2<\/strong>. Hull byl pot\u00e9 chvilku na koni, ale Gray tak\u00e9 nebyl daleko od rozhodnut\u00ed. Nav\u00edc n\u011bkde tam byla druh\u00e1 zazd\u011bn\u00e1 penalta po dal\u0161\u00ed ruce dnes privilegovan\u00e9ho Greavese, ale u\u017e nev\u00edm, kdy p\u0159esn\u011b. Kennyho nahradil Doucour\u00e9.<\/p>\n<p>Osv\u011b\u017een\u00ed dom\u00e1c\u00ed vypadali o n\u011bco hladov\u011bji, Everton \u010d\u00edhal na brejky. Lewis-Potter nast\u0159elil ty\u010d, Begovi\u0107 si nebyl jist\u00fd, zda by z\u00e1krokem st\u0159elu kryl. Doucs se (ne)dostal k zakon\u010den\u00ed hlavou po centru Townsenda (v\u010das). R. B. Maudes si v tu chv\u00edli p\u0159\u00e1l, aby jeho sv\u011b\u0159enci uhr\u00e1li alespo\u0148 penalty. Gomese nahradil o n\u011bco defenzivn\u011bj\u0161\u00ed z\u00e1lo\u017en\u00edk Gbamin. T\u011bsn\u011b p\u0159ed koncem hlavi\u010dkoval Eaves, na\u0161t\u011bst\u00ed jen do Bos\u0148\u00e1kovy n\u00e1ru\u010de.<\/p>\n<h4>Prodlou\u017een\u00ed<\/h4>\n<p>Modr\u00fdm z\u016fst\u00e1valo v\u00edce sil a dost\u00e1vali se do p\u0159e\u010d\u00edslen\u00ed p\u0159i rychl\u00e9m p\u0159echodu. Prvn\u00ed nevy\u0159e\u0161il Townsend ide\u00e1ln\u011b, kdy\u017e na\u0161el Graye trochu za obr\u00e1nci. Pot\u00e9 v r\u00e1mci instrukc\u00ed, \u201av\u0161echno na Demaraie\u2018 Gbamin na\u0161el k\u0159ideln\u00edka, ale jeho pokus proj\u00edt p\u0159es v\u0161echny ztroskotal na \u0161est\u00e9 p\u0159ek\u00e1\u017ece. Gbamin pak vystihl soupe\u0159ovu rozehr\u00e1vku, p\u0159edal Townsendovi a ten spasil Everton. Jeho st\u0159ela zasko\u010dila brank\u00e1\u0159e a zarotovala do branky \u2013 <strong>2:3<\/strong>.<\/p>\n<p>Gbamin pak vyb\u00eddl k b\u011bhu Rond\u00f3na, kter\u00fd se p\u0159etla\u010doval s obr\u00e1ncem, aby pak odra\u017een\u00fd m\u00ed\u010d nechal doj\u00edt rad\u011bji za \u010d\u00e1ru a na roh. Begovi\u0107 se je\u0161t\u011b jednou musel bl\u00fdsknout, to kdy\u017e v 110. minut\u011b jednoru\u010dn\u011b kryl prudkou st\u0159elu Eavese po rohu.<\/p>\n<p>Na druhou p\u016fli prodlou\u017een\u00ed se na h\u0159i\u0161t\u011b pod\u00edval Lewis Dobbin, kter\u00fd nahradil pokulh\u00e1vaj\u00edc\u00edho Graye. Sna\u017eiv\u00fd v\u00fdkon, nepovedlo se v\u0161echno, ale trochu o\u017eivil i Rond\u00f3na, kter\u00fd u\u017e nebyl osamocen\u00fdm st\u00edha\u010dem (do v\u00e1pna to toti\u017e n\u011bkdy ani nestihl). Ale i Venezuelan se n\u011bkdy unav\u00ed, nemyslete si, a tak byl ve 118. minut\u011b p\u0159eci jen sta\u017een ze h\u0159i\u0161t\u011b. Jeho n\u00e1hradn\u00edk Tosun se pak dostal k\u00a0jedn\u00e9 st\u0159ele, ta ale nem\u011bla dost razance, aby pe\u010detila v\u00edt\u011bzstv\u00ed.<\/p>\n<h4>Shrnut\u00ed<\/h4>\n<p>Hull se pot\u00e1c\u00ed ve spodku tabulky Championship, ale v\u00a0poh\u00e1ru na tom nez\u00e1le\u017e\u00ed. Jin\u00e1 sout\u011b\u017e, m\u00e9n\u011b tlaku, snaha uk\u00e1zat se. Nebylo to jednoduch\u00e9, ale jak Andros a tren\u00e9r vyp\u00edchli, Toffees uk\u00e1zali charakter, a i p\u0159es nep\u0159izniv\u00fd za\u010d\u00e1tek se vzchopili. Mykolenko vypadal trochu zmaten\u011b, chvilku to potrv\u00e1, Godfrey na n\u011bj dohl\u00e9dne. Nakonec to ale nebylo a\u017e tak zoufal\u00e9, alespo\u0148 do \u0161anc\u00ed jsme se dost\u00e1vali. Bu\u010f n\u00e1m dne\u0161n\u00ed ve\u010dern\u00ed los 4. kola milostiv!<\/p>\n<p style=\"text-align: right;\"><span style=\"font-size: 8pt;\">foto zdroj: evertonfc.com<\/span><\/p>\n<p><strong>Sest\u0159ih<\/strong>: <a href=\"https:\/\/www.evertonfc.com\/match\/73909\/hull-everton#media\">Everton TV<\/a> \u00a0<strong>Hr\u00e1\u010d z\u00e1pasu redakce<\/strong>: Demarai Gray<\/p>\n<p><strong>Branky<\/strong>: 1\u2018 Smith, 71\u2018 Longman \u2013 21\u2018 Gray, 31\u2018 Gomes, 99\u2018 Townsend<\/p>\n<p><strong>\u017dlut\u00e9 karty<\/strong>: 90+5\u2018 Huddlestone \u2013 45+1\u2018 Mykolenko, 114\u2018 Godfrey<\/p>\n<p><strong>Hull City<\/strong>: Baxter &#8211; Bernard, McLoughlin, Greaves &#8211; Smallwood (63\u2018 Huddlestone), Docherty (63\u2018 Moncur), Honeyman, Lewis-Potter, Williams (63\u2018 Longman) &#8211; Eaves, Smith (106\u2018 Hinds)<\/p>\n<p><strong>Everton FC<\/strong>: Begovi\u0107 &#8211; Coleman, Godfrey, Keane &#8211; Kenny (74\u2018 Doucour\u00e9), Mykolenko, Allan, Gomes (88\u2018 Gbamin) &#8211; Gray (106\u2018 Dobbin), Rond\u00f3n (118\u2018 Tosun), Gordon (66\u2018 Townsend)<\/p>\n<p><strong>Rozhod\u010d\u00ed:\u00a0<\/strong>Kevin Friend\u00a0<strong> Div\u00e1ci: <\/strong>16 282<\/p>\n","protected":false},"excerpt":{"rendered":"<p>Ne \u010dasto si Everton ud\u011bl\u00e1 prvn\u00ed poh\u00e1rov\u00e1 vystoupen\u00ed snadn\u00e1 a v\u010dera to nebylo jinak. No ale zn\u00e1te to, je to FA Cup a hlavn\u011b, Toffees se prot\u00e1hli pod Hullem a jde se d\u00e1l.<\/p>\n","protected":false},"author":10,"featured_media":17410,"comment_status":"open","ping_status":"closed","sticky":false,"template":"","format":"standard","meta":{"_eb_attr":"","_monsterinsights_skip_tracking":false,"_monsterinsights_sitenote_active":false,"_monsterinsights_sitenote_note":"","_monsterinsights_sitenote_category":0,"footnotes":""},"categories":[4],"tags":[],"yoast_head":"<!-- This site is optimized with the Yoast SEO plugin v23.4 - https:\/\/yoast.com\/wordpress\/plugins\/seo\/ -->\n<title>Hull City \u2013 Everton 2:3 (pp) - Official Czech &amp; Slovak Everton Supporters&#039; Club<\/title>\n<meta name=\"robots\" content=\"index, follow, max-snippet:-1, max-image-preview:large, max-video-preview:-1\" \/>\n<link rel=\"canonical\" href=\"https:\/\/evertonfc.cz\/index.php\/2022\/01\/09\/hull-city-everton-23-pp\/\" \/>\n<meta property=\"og:locale\" content=\"cs_CZ\" \/>\n<meta property=\"og:type\" content=\"article\" \/>\n<meta property=\"og:title\" content=\"Hull City \u2013 Everton 2:3 (pp) - Official Czech &amp; Slovak Everton Supporters&#039; Club\" \/>\n<meta property=\"og:description\" content=\"Ne \u010dasto si Everton ud\u011bl\u00e1 prvn\u00ed poh\u00e1rov\u00e1 vystoupen\u00ed snadn\u00e1 a v\u010dera to nebylo jinak. No ale zn\u00e1te to, je to FA Cup a hlavn\u011b, Toffees se prot\u00e1hli pod Hullem a jde se d\u00e1l.\" \/>\n<meta property=\"og:url\" content=\"https:\/\/evertonfc.cz\/index.php\/2022\/01\/09\/hull-city-everton-23-pp\/\" \/>\n<meta property=\"og:site_name\" content=\"Official Czech &amp; Slovak Everton Supporters&#039; Club\" \/>\n<meta property=\"article:publisher\" content=\"https:\/\/www.facebook.com\/everton.fans.cz.sk\" \/>\n<meta property=\"article:published_time\" content=\"2022-01-09T14:00:26+00:00\" \/>\n<meta property=\"article:modified_time\" content=\"2022-01-09T22:15:33+00:00\" \/>\n<meta property=\"og:image\" content=\"https:\/\/evertonfc.cz\/wp-content\/uploads\/2022\/01\/fac_hull.jpg\" \/>\n\t<meta property=\"og:image:width\" content=\"720\" \/>\n\t<meta property=\"og:image:height\" content=\"405\" \/>\n\t<meta property=\"og:image:type\" content=\"image\/jpeg\" \/>\n<meta name=\"author\" content=\"Fip\" \/>\n<meta name=\"twitter:card\" content=\"summary_large_image\" \/>\n<meta name=\"twitter:label1\" content=\"Napsal(a)\" \/>\n\t<meta name=\"twitter:data1\" content=\"Fip\" \/>\n\t<meta name=\"twitter:label2\" content=\"Odhadovan\u00e1 doba \u010dten\u00ed\" \/>\n\t<meta name=\"twitter:data2\" content=\"5 minut\" \/>\n<script type=\"application\/ld+json\" class=\"yoast-schema-graph\">{\"@context\":\"https:\/\/schema.org\",\"@graph\":[{\"@type\":\"Article\",\"@id\":\"https:\/\/evertonfc.cz\/index.php\/2022\/01\/09\/hull-city-everton-23-pp\/#article\",\"isPartOf\":{\"@id\":\"https:\/\/evertonfc.cz\/index.php\/2022\/01\/09\/hull-city-everton-23-pp\/\"},\"author\":{\"name\":\"Fip\",\"@id\":\"https:\/\/evertonfc.cz\/#\/schema\/person\/35904009755e8eaa0dc1a5f5f0419002\"},\"headline\":\"Hull City \u2013 Everton 2:3 (pp)\",\"datePublished\":\"2022-01-09T14:00:26+00:00\",\"dateModified\":\"2022-01-09T22:15:33+00:00\",\"mainEntityOfPage\":{\"@id\":\"https:\/\/evertonfc.cz\/index.php\/2022\/01\/09\/hull-city-everton-23-pp\/\"},\"wordCount\":1117,\"commentCount\":10,\"publisher\":{\"@id\":\"https:\/\/evertonfc.cz\/#organization\"},\"image\":{\"@id\":\"https:\/\/evertonfc.cz\/index.php\/2022\/01\/09\/hull-city-everton-23-pp\/#primaryimage\"},\"thumbnailUrl\":\"https:\/\/evertonfc.cz\/wp-content\/uploads\/2022\/01\/fac_hull.jpg\",\"articleSection\":[\"Z\u00e1pasy\"],\"inLanguage\":\"cs\",\"potentialAction\":[{\"@type\":\"CommentAction\",\"name\":\"Comment\",\"target\":[\"https:\/\/evertonfc.cz\/index.php\/2022\/01\/09\/hull-city-everton-23-pp\/#respond\"]}]},{\"@type\":\"WebPage\",\"@id\":\"https:\/\/evertonfc.cz\/index.php\/2022\/01\/09\/hull-city-everton-23-pp\/\",\"url\":\"https:\/\/evertonfc.cz\/index.php\/2022\/01\/09\/hull-city-everton-23-pp\/\",\"name\":\"Hull City \u2013 Everton 2:3 (pp) - Official Czech &amp; Slovak Everton Supporters&#039; Club\",\"isPartOf\":{\"@id\":\"https:\/\/evertonfc.cz\/#website\"},\"primaryImageOfPage\":{\"@id\":\"https:\/\/evertonfc.cz\/index.php\/2022\/01\/09\/hull-city-everton-23-pp\/#primaryimage\"},\"image\":{\"@id\":\"https:\/\/evertonfc.cz\/index.php\/2022\/01\/09\/hull-city-everton-23-pp\/#primaryimage\"},\"thumbnailUrl\":\"https:\/\/evertonfc.cz\/wp-content\/uploads\/2022\/01\/fac_hull.jpg\",\"datePublished\":\"2022-01-09T14:00:26+00:00\",\"dateModified\":\"2022-01-09T22:15:33+00:00\",\"breadcrumb\":{\"@id\":\"https:\/\/evertonfc.cz\/index.php\/2022\/01\/09\/hull-city-everton-23-pp\/#breadcrumb\"},\"inLanguage\":\"cs\",\"potentialAction\":[{\"@type\":\"ReadAction\",\"target\":[\"https:\/\/evertonfc.cz\/index.php\/2022\/01\/09\/hull-city-everton-23-pp\/\"]}]},{\"@type\":\"ImageObject\",\"inLanguage\":\"cs\",\"@id\":\"https:\/\/evertonfc.cz\/index.php\/2022\/01\/09\/hull-city-everton-23-pp\/#primaryimage\",\"url\":\"https:\/\/evertonfc.cz\/wp-content\/uploads\/2022\/01\/fac_hull.jpg\",\"contentUrl\":\"https:\/\/evertonfc.cz\/wp-content\/uploads\/2022\/01\/fac_hull.jpg\",\"width\":720,\"height\":405},{\"@type\":\"BreadcrumbList\",\"@id\":\"https:\/\/evertonfc.cz\/index.php\/2022\/01\/09\/hull-city-everton-23-pp\/#breadcrumb\",\"itemListElement\":[{\"@type\":\"ListItem\",\"position\":1,\"name\":\"Home\",\"item\":\"https:\/\/evertonfc.cz\/\"},{\"@type\":\"ListItem\",\"position\":2,\"name\":\"Hull City \u2013 Everton 2:3 (pp)\"}]},{\"@type\":\"WebSite\",\"@id\":\"https:\/\/evertonfc.cz\/#website\",\"url\":\"https:\/\/evertonfc.cz\/\",\"name\":\"Official Czech &amp; Slovak Everton Supporters&#039; Club\",\"description\":\"\",\"publisher\":{\"@id\":\"https:\/\/evertonfc.cz\/#organization\"},\"potentialAction\":[{\"@type\":\"SearchAction\",\"target\":{\"@type\":\"EntryPoint\",\"urlTemplate\":\"https:\/\/evertonfc.cz\/?s={search_term_string}\"},\"query-input\":{\"@type\":\"PropertyValueSpecification\",\"valueRequired\":true,\"valueName\":\"search_term_string\"}}],\"inLanguage\":\"cs\"},{\"@type\":\"Organization\",\"@id\":\"https:\/\/evertonfc.cz\/#organization\",\"name\":\"Official Czech & Slovak Everton Supporters' Club\",\"url\":\"https:\/\/evertonfc.cz\/\",\"logo\":{\"@type\":\"ImageObject\",\"inLanguage\":\"cs\",\"@id\":\"https:\/\/evertonfc.cz\/#\/schema\/logo\/image\/\",\"url\":\"https:\/\/evertonfc.cz\/wp-content\/uploads\/2019\/05\/logo.png\",\"contentUrl\":\"https:\/\/evertonfc.cz\/wp-content\/uploads\/2019\/05\/logo.png\",\"width\":112,\"height\":112,\"caption\":\"Official Czech & Slovak Everton Supporters' Club\"},\"image\":{\"@id\":\"https:\/\/evertonfc.cz\/#\/schema\/logo\/image\/\"},\"sameAs\":[\"https:\/\/www.facebook.com\/everton.fans.cz.sk\"]},{\"@type\":\"Person\",\"@id\":\"https:\/\/evertonfc.cz\/#\/schema\/person\/35904009755e8eaa0dc1a5f5f0419002\",\"name\":\"Fip\",\"url\":\"https:\/\/evertonfc.cz\/index.php\/author\/fip\/\"}]}<\/script>\n<!-- \/ Yoast SEO plugin. -->","yoast_head_json":{"title":"Hull City \u2013 Everton 2:3 (pp) - Official Czech &amp; Slovak Everton Supporters&#039; Club","robots":{"index":"index","follow":"follow","max-snippet":"max-snippet:-1","max-image-preview":"max-image-preview:large","max-video-preview":"max-video-preview:-1"},"canonical":"https:\/\/evertonfc.cz\/index.php\/2022\/01\/09\/hull-city-everton-23-pp\/","og_locale":"cs_CZ","og_type":"article","og_title":"Hull City \u2013 Everton 2:3 (pp) - Official Czech &amp; Slovak Everton Supporters&#039; Club","og_description":"Ne \u010dasto si Everton ud\u011bl\u00e1 prvn\u00ed poh\u00e1rov\u00e1 vystoupen\u00ed snadn\u00e1 a v\u010dera to nebylo jinak. No ale zn\u00e1te to, je to FA Cup a hlavn\u011b, Toffees se prot\u00e1hli pod Hullem a jde se d\u00e1l.","og_url":"https:\/\/evertonfc.cz\/index.php\/2022\/01\/09\/hull-city-everton-23-pp\/","og_site_name":"Official Czech &amp; Slovak Everton Supporters&#039; Club","article_publisher":"https:\/\/www.facebook.com\/everton.fans.cz.sk","article_published_time":"2022-01-09T14:00:26+00:00","article_modified_time":"2022-01-09T22:15:33+00:00","og_image":[{"width":720,"height":405,"url":"https:\/\/evertonfc.cz\/wp-content\/uploads\/2022\/01\/fac_hull.jpg","type":"image\/jpeg"}],"author":"Fip","twitter_card":"summary_large_image","twitter_misc":{"Napsal(a)":"Fip","Odhadovan\u00e1 doba \u010dten\u00ed":"5 minut"},"schema":{"@context":"https:\/\/schema.org","@graph":[{"@type":"Article","@id":"https:\/\/evertonfc.cz\/index.php\/2022\/01\/09\/hull-city-everton-23-pp\/#article","isPartOf":{"@id":"https:\/\/evertonfc.cz\/index.php\/2022\/01\/09\/hull-city-everton-23-pp\/"},"author":{"name":"Fip","@id":"https:\/\/evertonfc.cz\/#\/schema\/person\/35904009755e8eaa0dc1a5f5f0419002"},"headline":"Hull City \u2013 Everton 2:3 (pp)","datePublished":"2022-01-09T14:00:26+00:00","dateModified":"2022-01-09T22:15:33+00:00","mainEntityOfPage":{"@id":"https:\/\/evertonfc.cz\/index.php\/2022\/01\/09\/hull-city-everton-23-pp\/"},"wordCount":1117,"commentCount":10,"publisher":{"@id":"https:\/\/evertonfc.cz\/#organization"},"image":{"@id":"https:\/\/evertonfc.cz\/index.php\/2022\/01\/09\/hull-city-everton-23-pp\/#primaryimage"},"thumbnailUrl":"https:\/\/evertonfc.cz\/wp-content\/uploads\/2022\/01\/fac_hull.jpg","articleSection":["Z\u00e1pasy"],"inLanguage":"cs","potentialAction":[{"@type":"CommentAction","name":"Comment","target":["https:\/\/evertonfc.cz\/index.php\/2022\/01\/09\/hull-city-everton-23-pp\/#respond"]}]},{"@type":"WebPage","@id":"https:\/\/evertonfc.cz\/index.php\/2022\/01\/09\/hull-city-everton-23-pp\/","url":"https:\/\/evertonfc.cz\/index.php\/2022\/01\/09\/hull-city-everton-23-pp\/","name":"Hull City \u2013 Everton 2:3 (pp) - Official Czech &amp; Slovak Everton Supporters&#039; Club","isPartOf":{"@id":"https:\/\/evertonfc.cz\/#website"},"primaryImageOfPage":{"@id":"https:\/\/evertonfc.cz\/index.php\/2022\/01\/09\/hull-city-everton-23-pp\/#primaryimage"},"image":{"@id":"https:\/\/evertonfc.cz\/index.php\/2022\/01\/09\/hull-city-everton-23-pp\/#primaryimage"},"thumbnailUrl":"https:\/\/evertonfc.cz\/wp-content\/uploads\/2022\/01\/fac_hull.jpg","datePublished":"2022-01-09T14:00:26+00:00","dateModified":"2022-01-09T22:15:33+00:00","breadcrumb":{"@id":"https:\/\/evertonfc.cz\/index.php\/2022\/01\/09\/hull-city-everton-23-pp\/#breadcrumb"},"inLanguage":"cs","potentialAction":[{"@type":"ReadAction","target":["https:\/\/evertonfc.cz\/index.php\/2022\/01\/09\/hull-city-everton-23-pp\/"]}]},{"@type":"ImageObject","inLanguage":"cs","@id":"https:\/\/evertonfc.cz\/index.php\/2022\/01\/09\/hull-city-everton-23-pp\/#primaryimage","url":"https:\/\/evertonfc.cz\/wp-content\/uploads\/2022\/01\/fac_hull.jpg","contentUrl":"https:\/\/evertonfc.cz\/wp-content\/uploads\/2022\/01\/fac_hull.jpg","width":720,"height":405},{"@type":"BreadcrumbList","@id":"https:\/\/evertonfc.cz\/index.php\/2022\/01\/09\/hull-city-everton-23-pp\/#breadcrumb","itemListElement":[{"@type":"ListItem","position":1,"name":"Home","item":"https:\/\/evertonfc.cz\/"},{"@type":"ListItem","position":2,"name":"Hull City \u2013 Everton 2:3 (pp)"}]},{"@type":"WebSite","@id":"https:\/\/evertonfc.cz\/#website","url":"https:\/\/evertonfc.cz\/","name":"Official Czech &amp; Slovak Everton Supporters&#039; Club","description":"","publisher":{"@id":"https:\/\/evertonfc.cz\/#organization"},"potentialAction":[{"@type":"SearchAction","target":{"@type":"EntryPoint","urlTemplate":"https:\/\/evertonfc.cz\/?s={search_term_string}"},"query-input":{"@type":"PropertyValueSpecification","valueRequired":true,"valueName":"search_term_string"}}],"inLanguage":"cs"},{"@type":"Organization","@id":"https:\/\/evertonfc.cz\/#organization","name":"Official Czech & Slovak Everton Supporters' Club","url":"https:\/\/evertonfc.cz\/","logo":{"@type":"ImageObject","inLanguage":"cs","@id":"https:\/\/evertonfc.cz\/#\/schema\/logo\/image\/","url":"https:\/\/evertonfc.cz\/wp-content\/uploads\/2019\/05\/logo.png","contentUrl":"https:\/\/evertonfc.cz\/wp-content\/uploads\/2019\/05\/logo.png","width":112,"height":112,"caption":"Official Czech & Slovak Everton Supporters' Club"},"image":{"@id":"https:\/\/evertonfc.cz\/#\/schema\/logo\/image\/"},"sameAs":["https:\/\/www.facebook.com\/everton.fans.cz.sk"]},{"@type":"Person","@id":"https:\/\/evertonfc.cz\/#\/schema\/person\/35904009755e8eaa0dc1a5f5f0419002","name":"Fip","url":"https:\/\/evertonfc.cz\/index.php\/author\/fip\/"}]}},"_links":{"self":[{"href":"https:\/\/evertonfc.cz\/index.php\/wp-json\/wp\/v2\/posts\/17409"}],"collection":[{"href":"https:\/\/evertonfc.cz\/index.php\/wp-json\/wp\/v2\/posts"}],"about":[{"href":"https:\/\/evertonfc.cz\/index.php\/wp-json\/wp\/v2\/types\/post"}],"author":[{"embeddable":true,"href":"https:\/\/evertonfc.cz\/index.php\/wp-json\/wp\/v2\/users\/10"}],"replies":[{"embeddable":true,"href":"https:\/\/evertonfc.cz\/index.php\/wp-json\/wp\/v2\/comments?post=17409"}],"version-history":[{"count":9,"href":"https:\/\/evertonfc.cz\/index.php\/wp-json\/wp\/v2\/posts\/17409\/revisions"}],"predecessor-version":[{"id":17424,"href":"https:\/\/evertonfc.cz\/index.php\/wp-json\/wp\/v2\/posts\/17409\/revisions\/17424"}],"wp:featuredmedia":[{"embeddable":true,"href":"https:\/\/evertonfc.cz\/index.php\/wp-json\/wp\/v2\/media\/17410"}],"wp:attachment":[{"href":"https:\/\/evertonfc.cz\/index.php\/wp-json\/wp\/v2\/media?parent=17409"}],"wp:term":[{"taxonomy":"category","embeddable":true,"href":"https:\/\/evertonfc.cz\/index.php\/wp-json\/wp\/v2\/categories?post=17409"},{"taxonomy":"post_tag","embeddable":true,"href":"https:\/\/evertonfc.cz\/index.php\/wp-json\/wp\/v2\/tags?post=17409"}],"curies":[{"name":"wp","href":"https:\/\/api.w.org\/{rel}","templated":true}]}}