{"id":17426,"date":"2022-01-13T18:08:47","date_gmt":"2022-01-13T17:08:47","guid":{"rendered":"https:\/\/evertonfc.cz\/?p=17426"},"modified":"2022-01-13T20:14:25","modified_gmt":"2022-01-13T19:14:25","slug":"drsny-rozvod-s-dignem","status":"publish","type":"post","link":"https:\/\/evertonfc.cz\/index.php\/2022\/01\/13\/drsny-rozvod-s-dignem\/","title":{"rendered":"Drsn\u00fd rozvod s Dignem"},"content":{"rendered":"<h4>Prestupov\u00e1 s\u00e1ga okolo franc\u00fazskeho obrancu kone\u010dne skon\u010dila. U\u017e b\u00fdval\u00e1 opora t\u00edmu prestupuje z\u00a0Merseyside do t\u00edmu tabu\u013ekov\u00e9ho rivala\u00a0Premier League v Midlands.<\/h4>\n<p>28-ro\u010dn\u00fd \u013eav\u00fd bek sa l\u00fa\u010di s\u00a0The Toffees po tri a\u00a0pol roku. Do klubu pri\u0161iel v\u00a0lete 2018 z\u00a0Barcelony za sumu 18 mili\u00f3nov libier, \u010do sa rad\u00ed medzi najlep\u0161ie kaufy b\u00fdval\u00e9ho \u0161portov\u00e9ho riadite\u013ea Marcela Brandsa. Netrvalo dlho a\u00a0Franc\u00faz vytla\u010dil veter\u00e1na a\u00a0ikonu klubu Leightona Bainesa zo z\u00e1kladnej zostavy.<\/p>\n<p>A \u017ee to veru bola adekv\u00e1tna n\u00e1hrada. R\u00fdchly, technicky vynikaj\u00faci, skvel\u00e1 kopacia technika \u0161tandardn\u00fdch situ\u00e1ci\u00ed a ofenz\u00edvny \u010duch, ktor\u00fd \u010dasto kr\u00e1\u0161lil z\u00e1krokmi na posledn\u00fa chv\u00ed\u013eu v horiacej obrane. Aj preto bol vo svojej prvej sez\u00f3ne na ostrovoch zvolen\u00fd fan\u00fa\u0161ikmi a tie\u017e aj hr\u00e1\u010dmi za klubov\u00e9ho Hr\u00e1\u010da sez\u00f3ny.<\/p>\n<p>Everton t\u0155pol, ke\u010f sa Digne zranil, jeho partnerstvo na \u013eavej strane s Bernardom bolo \u010dasto pln\u00e9 magick\u00fdch momentov. Spo\u013eahliv\u00fd bol za re\u017eimu a\u017e troch tr\u00e9nerov, pri\u010dom v podstate nemal poriadnu dvojku, ktor\u00e1 by mu kryla chrb\u00e1t a tla\u010dila do lep\u0161\u00edch v\u00fdkonov. T\u00e1 pri\u0161la a\u017e teraz, ke\u010f je neskoro.<\/p>\n<h4><strong>Who\u2019s The <del>Villan<\/del> Villain?<\/strong><\/h4>\n<p>Digne rozhodne nemal v\u00a0\u00famysle opusti\u0165 EFC takto r\u00fdchlo, a\u00a0ur\u010dite nie za tak\u00fdchto okolnost\u00ed. E\u0161te len vo febru\u00e1ri tohto roka podp\u00edsal s\u00a0klubom nov\u00fd p\u00e4\u0165ro\u010dn\u00fd kontrakt, ktor\u00fd op\u00edsal ako n\u00e1dhern\u00e9 man\u017eelstvo. Veril v\u00edzii a\u00a0bol bezpe\u010dne usaden\u00fd na kraji Manchesteru so svojou mladou rodinou.<\/p>\n<p>Len\u017ee po odchode Ancelottiho pri\u0161iel nekompromisn\u00fd Ben\u00edtez a\u00a0veci po optimistickom \u0161tarte nabrali \u00faplne in\u00fd smer. Digne bol \u010doraz frustrovanej\u0161\u00ed zo svojej \u00falohy v\u00a0Benitezovom rigidnom defenz\u00edvnom nastaven\u00ed, a dal mana\u017e\u00e9rovi najavo svoje pocity pri viacer\u00fdch pr\u00edle\u017eitostiach. Musel, ak chcel reprezentova\u0165.<\/p>\n<p>Stabiln\u00fd \u010dlen v\u00fdberu galsk\u00e9ho koh\u00fata tam m\u00e1 tvrd\u00fa konkurenciu, ktor\u00fa sa mi darilo por\u00e1\u017ea\u0165 najm\u00e4 v\u010faka svojej kreativite v\u00a0\u00fato\u010dnej f\u00e1ze, z\u00a0ktorej profitoval aj Everton. Mnohokr\u00e1t len z\u00a0nej. M\u00e1lokto vie, \u017ee realiza\u010dn\u00fd t\u00edm Franc\u00fazska pravidelne posielal Lucasovi detailn\u00e9 \u0161tatistick\u00e9 anal\u00fdzy po ka\u017edom jeho z\u00e1pase, motivuj\u00face hr\u00e1\u010dov k\u00a0zlep\u0161eniu aspektov svojej hry a\u00a0vyu\u017eitiu v\u00a0n\u00e1rodnom t\u00edme.<\/p>\n<p>No s pr\u00edchodom Ben\u00edteza \u010d\u00edsla zrazu odzrkad\u013eovali nie\u010do in\u00e9. Krajn\u00ed obrancovia mali od \u0160paniela nariaden\u00e9 konzervat\u00edvne spr\u00e1vanie, nehovoriac o t\u00edme ako celku, ktor\u00fd sa stal v\u00fdhradne reakt\u00edvnym a s\u00fastreden\u00fdm len na mo\u017en\u00e9 proti\u00fatoky. Ako sa uk\u00e1zalo, u\u017e dlho bez v\u00fdsledkovej satisfakcie. Digne bol aj pri \u0161tandardk\u00e1ch nahraden\u00fd Townsendom, Ben\u00edtezov\u00fdm nov\u00fdm ko\u0148om, hoci badate\u013en\u00fd efekt doteraz nevidie\u0165.<\/p>\n<h4><strong>World Cup Calling<\/strong><\/h4>\n<p>Didier Deschamps preferuje hru s wingbackmi, ako stvoren\u00fa pre Digneho. Ale s novou situ\u00e1ciou na L4 to nevyzeralo na to, \u017ee by mohol Lucas oh\u00fari\u0165. Pozv\u00e1nka na novembrov\u00e9 Majstrovstv\u00e1 sveta toti\u017e pr\u00edde len raz, alebo v\u00f4bec. Hr\u00e1\u010d musel kona\u0165. To viedlo k nezhode s Ben\u00edtezom pred spoluhr\u00e1\u010dmi na tr\u00e9ningu, a tak bol Digne \u00faplne vynechan\u00fd zo z\u00e1pasu proti Arsenalu 6. decembra.<\/p>\n<p>Nap\u00e4tie v\u00a0klube by sa dalo kr\u00e1ja\u0165. V\u00fdprask v\u00a0Merseyside derby, nespokojn\u00fd k\u013e\u00fa\u010dov\u00fd hr\u00e1\u010d, odchod ob\u013e\u00faben\u00e9ho \u0161portov\u00e9ho riadite\u013ea, ktor\u00fd ho priviedol do Evertonu. Kr\u00e1tko nato Digne informoval Everton o svojej t\u00fa\u017ebe od\u00eds\u0165. N\u00e1hrada bola jasn\u00e1 u\u017e dlh\u0161ie, Mykolenka chcel aj Ancelotti.<\/p>\n<p>V posledn\u00fdch mesiacoch sa af\u00e9ra \u010doraz viac odohr\u00e1vala vo verejnej sf\u00e9re. Ben\u00edtez sa nestr\u00e1nil verejne pranierova\u0165. Napriek po\u010detn\u00fdm zraneniam Digne nenast\u00fapil proti Chelsea 16. decembra, pri\u010dom na poslednom tr\u00e9ningu pred z\u00e1pasom vyhl\u00e1sil, \u017ee mu nie je dobre. Pri\u0161li obavy, \u017ee viac v\u00a0modrom drese u\u017e nenast\u00fapi.<\/p>\n<h4><strong>Inevitable Ending<\/strong><\/h4>\n<p>V tom bode u\u017e Digne nebol ochotn\u00fd hra\u0165 za Ben\u00edteza a chcel urgentne od\u00eds\u0165, bez riskovania zranenia, ktor\u00e9 by zmarilo jeho aj klubov\u00e9 \u0161ance na n\u00e1vratnos\u0165 v\u00fddavkov za u\u017e nak\u00fapen\u00e9 janu\u00e1rov\u00e9 posily. Nejak\u00fd \u010das sa o\u010dak\u00e1valo, \u017ee Digne z Evertonu od\u00edde len do klubu, ktor\u00fd hr\u00e1 Ligu majstrov. V\u017edy mal t\u00fa\u017ebu op\u00e4\u0165 hra\u0165 na najvy\u0161\u0161ej \u00farovni.<\/p>\n<p>Ale okolnosti sa vyvinuli inak. Len m\u00e1loktor\u00fd klub potrebuje v janu\u00e1ri nov\u00e9ho \u013eav\u00e9ho obrancu. A e\u0161te menej m\u00e1 k dispoz\u00edcii finan\u010dn\u00e9 prostriedky na to, aby si mohli dovoli\u0165 tak\u00e9ho vysoko profilov\u00e9ho hr\u00e1\u010da. No vzh\u013eadom na nap\u00e4t\u00e9 vz\u0165ahy, zosta\u0165 v Evertone nikdy nebolo rie\u0161en\u00edm pre \u017eiadnu zo zainteresovan\u00fdch str\u00e1n.<\/p>\n<p>Chelsea nechcela kupova\u0165, ke\u010f sa jej Chilwell po zranen\u00ed vr\u00e1ti. Newcastle s\u00a0bojom o\u00a0z\u00e1chranu ve\u013emi neoslov\u00ed. No a\u00a0ostatn\u00e9 celky mali len v\u00e1hav\u00e9 pokusy. Av\u0161ak Aston Villa s\u00a0Gerrardom bola ako hladn\u00fd lev. A\u00a0po v\u00edkendovej dohode s\u00a0Coutinhom, ktor\u00e9ho Digne pozn\u00e1 e\u0161te z\u00a0Barcelony, mal hr\u00e1\u010d jasno.<\/p>\n<h4><strong>Lucas Digne po prestupe do Aston Villy:<\/strong><\/h4>\n<blockquote><p><span style=\"font-size: 12pt;\"><em>\u201ePri\u0161iel som sem kv\u00f4li mana\u017e\u00e9rovi. Mal som s n\u00edm ve\u013emi dobr\u00e9 stretnutie a po\u010das tohto mesiaca sme spolu nieko\u013ekokr\u00e1t hovorili. C\u00edtim jeho t\u00fa\u017ebu po v\u00ed\u0165azstve, uk\u00e1za\u0165 svoj futbal ako mana\u017e\u00e9r \u2013 \u00fato\u010dn\u00fd futbal, dr\u017eanie lopty. C\u00edtim, \u017ee je to to, \u010do chcem a \u010do chcem uk\u00e1za\u0165 fan\u00fa\u0161ikom.\u201c<\/em><\/span><\/p><\/blockquote>\n<p>V\u00a0nede\u013eu sa rokovania dotiahli do s\u00fahlasn\u00e9ho bodu a\u00a0v\u00fd\u0161ka kompenz\u00e1cie sa dohodla z\u00a0pondelka na utorok. Hr\u00e1\u010d podp\u00edsal vo Villa Parku 4 a\u00a0pol ro\u010dn\u00fa zmluvu s\u00a0jedn\u00fdm z\u00a0najvy\u0161\u0161\u00edch platov v\u00a0klube. Everton inkasuje \u00a323 mili\u00f3nov, ku ktor\u00fdm sa via\u017eu navy\u0161e bonusy. Jedin\u00fdm pozit\u00edvom ost\u00e1va, \u017ee klub na \u0148om zarobil, z \u010doho dok\u00e1zal financova\u0165 dve perspekt\u00edvne posily dokopy s\u00a0ni\u017e\u0161\u00edm platom, ne\u017e bol ten jeho.<\/p>\n<p>Everton sa na svojej ofici\u00e1lnej str\u00e1nke zmohol len k stru\u010dn\u00e9mu oznamu bez po\u010fakovania za slu\u017eby, ktor\u00e9 patr\u00ed k z\u00e1kladnej slu\u0161nosti, to\u013eko v\u00eddanej pri odchodoch in\u00fdch, menej vplyvn\u00fdch hr\u00e1\u010dov. Odkedy prest\u00fapil v roku 2018, zaznamenal viac asistenci\u00ed ako ktor\u00fdko\u013evek in\u00fd hr\u00e1\u010d Evertonu a taktie\u017e v minulej sez\u00f3ne bol najlep\u0161\u00ed v po\u010dte asistenci\u00ed a vytvoren\u00fdch \u0161anc\u00ed, a to pri konkurencii Jamesa Rodr\u00edguez \u010di Gylfiho Sigurdssona.<\/p>\n<p>Od za\u010diatku minulej sez\u00f3ny medzi obrancami Premier League vytvorila viac \u010dist\u00fdch \u0161anc\u00ed iba Liverpoolska dvojica Trent Alexander-Arnold a Andy Robertson. Dohromady Digne odohral za kr\u00e1\u013eovsk\u00fa modr\u00fa 127 z\u00e1pasov vo v\u0161etk\u00fdch s\u00fa\u0165a\u017eiach, v ktor\u00fdch strelil 6 g\u00f3lov a na 20 prihral. \u010eakujeme!<\/p>\n<h4><strong>Rozl\u00fa\u010dka Lucasa Digneho s\u00a0Evertonians na svojom Instagrame:<\/strong><\/h4>\n<blockquote><p><span style=\"font-size: 12pt;\"><em>\u201eOd prv\u00e9ho d\u0148a ma Evertonians prijali s mnoh\u00fdmi vr\u00facnymi pocitmi a som za to nav\u017edy v\u010fa\u010dn\u00fd. Miloval som by\u0165 s\u00fa\u010das\u0165ou rodiny Evertonu. V\u017edy som tvrdo pracoval, aby som to fan\u00fa\u0161ikom oplatil na ihrisku aj mimo neho. Miloval som jednotu fan\u00fa\u0161ikov a hr\u00e1\u010dov. Nielen Goodison v de\u0148 z\u00e1pasu, ale aj v ka\u017edodennom \u017eivote.<\/em><\/span><\/p>\n<p><span style=\"font-size: 12pt;\"><em>Len pred rokom som podp\u00edsal nov\u00fa zmluvu s amb\u00edciou zosta\u0165 v tomto klube na dlh\u00fd \u010das, da\u0165 v\u0161etko pre svoj klub, pre rozvoj a projekt, v ktor\u00fd som veril \u2013 a pre v\u00e1\u0161niv\u00fdch fan\u00fa\u0161ikov. Moj\u00edm snom bolo pom\u00f4c\u0165 klubu vr\u00e1ti\u0165 sa tam, kam patr\u00ed. Nosi\u0165 kapit\u00e1nsku p\u00e1sku v niektor\u00fdch z\u00e1pasoch vo mne v\u017edy vzbudzovalo hrdos\u0165.<\/em><\/span><\/p>\n<p><span style=\"font-size: 12pt;\"><em>V\u0161etko sa mus\u00ed raz skon\u010di\u0165. Len som ne\u010dakal, \u017ee to skon\u010d\u00ed takto. To, \u010do sa stalo a niektor\u00e9 veci, ktor\u00e9 sa o mne povedali za posledn\u00fd mesiac, ma ve\u013emi zarm\u00fatili. Ale nep\u00f4jdem s nik\u00fdm do slovnej vojny. Klub si to nezasl\u00fa\u017ei, fan\u00fa\u0161ikovia si to nezasl\u00fa\u017eia \u2013 a ak m\u00e1m by\u0165 \u00faprimn\u00fd, nem\u00e1m pocit, \u017ee by som si to ja zasl\u00fa\u017eil.<\/em><\/span><\/p>\n<p><span style=\"font-size: 12pt;\"><em>V Evertone a jeho okol\u00ed je to\u013eko dobr\u00fdch a slu\u0161n\u00fdch \u013eud\u00ed, ktor\u00ed chc\u00fa pre tento klub a nielen pre seba urobi\u0165 to najlep\u0161ie \u2013 a ja im m\u00f4\u017eem len zo srdca poveda\u0165: Prajem v\u00e1m len to najlep\u0161ie! \u010eakujem v\u00e1m v\u0161etk\u00fdm \u00fa\u017easn\u00fdm, hrd\u00fdm a v\u00e1\u0161niv\u00fdm skuto\u010dn\u00fdm Evertonians. Bolo mi c\u0165ou a skuto\u010dn\u00fdm pote\u0161en\u00edm hra\u0165 pre v\u00e1s, fan\u00fa\u0161ikov, \u013eud\u00ed. Preto\u017ee klub nepatr\u00ed hr\u00e1\u010dovi ani mana\u017e\u00e9rovi, ale fan\u00fa\u0161ikom. V\u017edy v\u00e1s budem nosi\u0165 vo svojom srdci, kamko\u013evek p\u00f4jdem.<\/em><\/span><\/p>\n<p><span style=\"font-size: 12pt;\"><em>Niekedy na zni\u010denie kr\u00e1sneho milostn\u00e9ho vz\u0165ahu sta\u010d\u00ed jedna osoba zvonku. V\u0161etko najlep\u0161ie Evertonu a Evertonians.\u201c<\/em><\/span><\/p><\/blockquote>\n<h3 style=\"text-align: center;\"><span style=\"color: #3366ff;\"><em><strong>Au revoir<\/strong><strong>\u00a0Lucas!<\/strong><\/em><\/span><\/h3>\n<p style=\"text-align: right;\"><span style=\"font-size: 8pt;\">(fotozdroj: Sky Sports)<\/span><\/p>\n","protected":false},"excerpt":{"rendered":"<p>Prestupov\u00e1 s\u00e1ga okolo franc\u00fazskeho obrancu kone\u010dne skon\u010dila. U\u017e b\u00fdval\u00e1 opora t\u00edmu prestupuje z Merseyside do t\u00edmu tabu\u013ekov\u00e9ho rivala Premier League v Midlands.<\/p>\n","protected":false},"author":1,"featured_media":17427,"comment_status":"open","ping_status":"closed","sticky":false,"template":"","format":"standard","meta":{"_eb_attr":"","_monsterinsights_skip_tracking":false,"_monsterinsights_sitenote_active":false,"_monsterinsights_sitenote_note":"","_monsterinsights_sitenote_category":0,"footnotes":""},"categories":[41],"tags":[],"yoast_head":"<!-- This site is optimized with the Yoast SEO plugin v23.4 - https:\/\/yoast.com\/wordpress\/plugins\/seo\/ -->\n<title>Drsn\u00fd rozvod s Dignem - Official Czech &amp; Slovak Everton Supporters&#039; Club<\/title>\n<meta name=\"robots\" content=\"index, follow, max-snippet:-1, max-image-preview:large, max-video-preview:-1\" \/>\n<link rel=\"canonical\" href=\"https:\/\/evertonfc.cz\/index.php\/2022\/01\/13\/drsny-rozvod-s-dignem\/\" \/>\n<meta property=\"og:locale\" content=\"cs_CZ\" \/>\n<meta property=\"og:type\" content=\"article\" \/>\n<meta property=\"og:title\" content=\"Drsn\u00fd rozvod s Dignem - Official Czech &amp; Slovak Everton Supporters&#039; Club\" \/>\n<meta property=\"og:description\" content=\"Prestupov\u00e1 s\u00e1ga okolo franc\u00fazskeho obrancu kone\u010dne skon\u010dila. U\u017e b\u00fdval\u00e1 opora t\u00edmu prestupuje z Merseyside do t\u00edmu tabu\u013ekov\u00e9ho rivala Premier League v Midlands.\" \/>\n<meta property=\"og:url\" content=\"https:\/\/evertonfc.cz\/index.php\/2022\/01\/13\/drsny-rozvod-s-dignem\/\" \/>\n<meta property=\"og:site_name\" content=\"Official Czech &amp; Slovak Everton Supporters&#039; Club\" \/>\n<meta property=\"article:publisher\" content=\"https:\/\/www.facebook.com\/everton.fans.cz.sk\" \/>\n<meta property=\"article:published_time\" content=\"2022-01-13T17:08:47+00:00\" \/>\n<meta property=\"article:modified_time\" content=\"2022-01-13T19:14:25+00:00\" \/>\n<meta property=\"og:image\" content=\"https:\/\/evertonfc.cz\/wp-content\/uploads\/2022\/01\/skysports-lucas-digne-aston-villa-13-1-2022.jpg\" \/>\n\t<meta property=\"og:image:width\" content=\"720\" \/>\n\t<meta property=\"og:image:height\" content=\"405\" \/>\n\t<meta property=\"og:image:type\" content=\"image\/jpeg\" \/>\n<meta name=\"author\" content=\"BlueBlooded\" \/>\n<meta name=\"twitter:card\" content=\"summary_large_image\" \/>\n<meta name=\"twitter:label1\" content=\"Napsal(a)\" \/>\n\t<meta name=\"twitter:data1\" content=\"BlueBlooded\" \/>\n\t<meta name=\"twitter:label2\" content=\"Odhadovan\u00e1 doba \u010dten\u00ed\" \/>\n\t<meta name=\"twitter:data2\" content=\"7 minut\" \/>\n<script type=\"application\/ld+json\" class=\"yoast-schema-graph\">{\"@context\":\"https:\/\/schema.org\",\"@graph\":[{\"@type\":\"Article\",\"@id\":\"https:\/\/evertonfc.cz\/index.php\/2022\/01\/13\/drsny-rozvod-s-dignem\/#article\",\"isPartOf\":{\"@id\":\"https:\/\/evertonfc.cz\/index.php\/2022\/01\/13\/drsny-rozvod-s-dignem\/\"},\"author\":{\"name\":\"BlueBlooded\",\"@id\":\"https:\/\/evertonfc.cz\/#\/schema\/person\/d4493b8cbea51532597fbc4685698916\"},\"headline\":\"Drsn\u00fd rozvod s Dignem\",\"datePublished\":\"2022-01-13T17:08:47+00:00\",\"dateModified\":\"2022-01-13T19:14:25+00:00\",\"mainEntityOfPage\":{\"@id\":\"https:\/\/evertonfc.cz\/index.php\/2022\/01\/13\/drsny-rozvod-s-dignem\/\"},\"wordCount\":1499,\"commentCount\":5,\"publisher\":{\"@id\":\"https:\/\/evertonfc.cz\/#organization\"},\"image\":{\"@id\":\"https:\/\/evertonfc.cz\/index.php\/2022\/01\/13\/drsny-rozvod-s-dignem\/#primaryimage\"},\"thumbnailUrl\":\"https:\/\/evertonfc.cz\/wp-content\/uploads\/2022\/01\/skysports-lucas-digne-aston-villa-13-1-2022.jpg\",\"articleSection\":[\"P\u0159estupy\"],\"inLanguage\":\"cs\",\"potentialAction\":[{\"@type\":\"CommentAction\",\"name\":\"Comment\",\"target\":[\"https:\/\/evertonfc.cz\/index.php\/2022\/01\/13\/drsny-rozvod-s-dignem\/#respond\"]}]},{\"@type\":\"WebPage\",\"@id\":\"https:\/\/evertonfc.cz\/index.php\/2022\/01\/13\/drsny-rozvod-s-dignem\/\",\"url\":\"https:\/\/evertonfc.cz\/index.php\/2022\/01\/13\/drsny-rozvod-s-dignem\/\",\"name\":\"Drsn\u00fd rozvod s Dignem - Official Czech &amp; Slovak Everton Supporters&#039; Club\",\"isPartOf\":{\"@id\":\"https:\/\/evertonfc.cz\/#website\"},\"primaryImageOfPage\":{\"@id\":\"https:\/\/evertonfc.cz\/index.php\/2022\/01\/13\/drsny-rozvod-s-dignem\/#primaryimage\"},\"image\":{\"@id\":\"https:\/\/evertonfc.cz\/index.php\/2022\/01\/13\/drsny-rozvod-s-dignem\/#primaryimage\"},\"thumbnailUrl\":\"https:\/\/evertonfc.cz\/wp-content\/uploads\/2022\/01\/skysports-lucas-digne-aston-villa-13-1-2022.jpg\",\"datePublished\":\"2022-01-13T17:08:47+00:00\",\"dateModified\":\"2022-01-13T19:14:25+00:00\",\"breadcrumb\":{\"@id\":\"https:\/\/evertonfc.cz\/index.php\/2022\/01\/13\/drsny-rozvod-s-dignem\/#breadcrumb\"},\"inLanguage\":\"cs\",\"potentialAction\":[{\"@type\":\"ReadAction\",\"target\":[\"https:\/\/evertonfc.cz\/index.php\/2022\/01\/13\/drsny-rozvod-s-dignem\/\"]}]},{\"@type\":\"ImageObject\",\"inLanguage\":\"cs\",\"@id\":\"https:\/\/evertonfc.cz\/index.php\/2022\/01\/13\/drsny-rozvod-s-dignem\/#primaryimage\",\"url\":\"https:\/\/evertonfc.cz\/wp-content\/uploads\/2022\/01\/skysports-lucas-digne-aston-villa-13-1-2022.jpg\",\"contentUrl\":\"https:\/\/evertonfc.cz\/wp-content\/uploads\/2022\/01\/skysports-lucas-digne-aston-villa-13-1-2022.jpg\",\"width\":720,\"height\":405},{\"@type\":\"BreadcrumbList\",\"@id\":\"https:\/\/evertonfc.cz\/index.php\/2022\/01\/13\/drsny-rozvod-s-dignem\/#breadcrumb\",\"itemListElement\":[{\"@type\":\"ListItem\",\"position\":1,\"name\":\"Home\",\"item\":\"https:\/\/evertonfc.cz\/\"},{\"@type\":\"ListItem\",\"position\":2,\"name\":\"Drsn\u00fd rozvod s Dignem\"}]},{\"@type\":\"WebSite\",\"@id\":\"https:\/\/evertonfc.cz\/#website\",\"url\":\"https:\/\/evertonfc.cz\/\",\"name\":\"Official Czech &amp; Slovak Everton Supporters&#039; Club\",\"description\":\"\",\"publisher\":{\"@id\":\"https:\/\/evertonfc.cz\/#organization\"},\"potentialAction\":[{\"@type\":\"SearchAction\",\"target\":{\"@type\":\"EntryPoint\",\"urlTemplate\":\"https:\/\/evertonfc.cz\/?s={search_term_string}\"},\"query-input\":{\"@type\":\"PropertyValueSpecification\",\"valueRequired\":true,\"valueName\":\"search_term_string\"}}],\"inLanguage\":\"cs\"},{\"@type\":\"Organization\",\"@id\":\"https:\/\/evertonfc.cz\/#organization\",\"name\":\"Official Czech & Slovak Everton Supporters' Club\",\"url\":\"https:\/\/evertonfc.cz\/\",\"logo\":{\"@type\":\"ImageObject\",\"inLanguage\":\"cs\",\"@id\":\"https:\/\/evertonfc.cz\/#\/schema\/logo\/image\/\",\"url\":\"https:\/\/evertonfc.cz\/wp-content\/uploads\/2019\/05\/logo.png\",\"contentUrl\":\"https:\/\/evertonfc.cz\/wp-content\/uploads\/2019\/05\/logo.png\",\"width\":112,\"height\":112,\"caption\":\"Official Czech & Slovak Everton Supporters' Club\"},\"image\":{\"@id\":\"https:\/\/evertonfc.cz\/#\/schema\/logo\/image\/\"},\"sameAs\":[\"https:\/\/www.facebook.com\/everton.fans.cz.sk\"]},{\"@type\":\"Person\",\"@id\":\"https:\/\/evertonfc.cz\/#\/schema\/person\/d4493b8cbea51532597fbc4685698916\",\"name\":\"BlueBlooded\",\"url\":\"https:\/\/evertonfc.cz\/index.php\/author\/admin\/\"}]}<\/script>\n<!-- \/ Yoast SEO plugin. -->","yoast_head_json":{"title":"Drsn\u00fd rozvod s Dignem - Official Czech &amp; Slovak Everton Supporters&#039; Club","robots":{"index":"index","follow":"follow","max-snippet":"max-snippet:-1","max-image-preview":"max-image-preview:large","max-video-preview":"max-video-preview:-1"},"canonical":"https:\/\/evertonfc.cz\/index.php\/2022\/01\/13\/drsny-rozvod-s-dignem\/","og_locale":"cs_CZ","og_type":"article","og_title":"Drsn\u00fd rozvod s Dignem - Official Czech &amp; Slovak Everton Supporters&#039; Club","og_description":"Prestupov\u00e1 s\u00e1ga okolo franc\u00fazskeho obrancu kone\u010dne skon\u010dila. U\u017e b\u00fdval\u00e1 opora t\u00edmu prestupuje z Merseyside do t\u00edmu tabu\u013ekov\u00e9ho rivala Premier League v Midlands.","og_url":"https:\/\/evertonfc.cz\/index.php\/2022\/01\/13\/drsny-rozvod-s-dignem\/","og_site_name":"Official Czech &amp; Slovak Everton Supporters&#039; Club","article_publisher":"https:\/\/www.facebook.com\/everton.fans.cz.sk","article_published_time":"2022-01-13T17:08:47+00:00","article_modified_time":"2022-01-13T19:14:25+00:00","og_image":[{"width":720,"height":405,"url":"https:\/\/evertonfc.cz\/wp-content\/uploads\/2022\/01\/skysports-lucas-digne-aston-villa-13-1-2022.jpg","type":"image\/jpeg"}],"author":"BlueBlooded","twitter_card":"summary_large_image","twitter_misc":{"Napsal(a)":"BlueBlooded","Odhadovan\u00e1 doba \u010dten\u00ed":"7 minut"},"schema":{"@context":"https:\/\/schema.org","@graph":[{"@type":"Article","@id":"https:\/\/evertonfc.cz\/index.php\/2022\/01\/13\/drsny-rozvod-s-dignem\/#article","isPartOf":{"@id":"https:\/\/evertonfc.cz\/index.php\/2022\/01\/13\/drsny-rozvod-s-dignem\/"},"author":{"name":"BlueBlooded","@id":"https:\/\/evertonfc.cz\/#\/schema\/person\/d4493b8cbea51532597fbc4685698916"},"headline":"Drsn\u00fd rozvod s Dignem","datePublished":"2022-01-13T17:08:47+00:00","dateModified":"2022-01-13T19:14:25+00:00","mainEntityOfPage":{"@id":"https:\/\/evertonfc.cz\/index.php\/2022\/01\/13\/drsny-rozvod-s-dignem\/"},"wordCount":1499,"commentCount":5,"publisher":{"@id":"https:\/\/evertonfc.cz\/#organization"},"image":{"@id":"https:\/\/evertonfc.cz\/index.php\/2022\/01\/13\/drsny-rozvod-s-dignem\/#primaryimage"},"thumbnailUrl":"https:\/\/evertonfc.cz\/wp-content\/uploads\/2022\/01\/skysports-lucas-digne-aston-villa-13-1-2022.jpg","articleSection":["P\u0159estupy"],"inLanguage":"cs","potentialAction":[{"@type":"CommentAction","name":"Comment","target":["https:\/\/evertonfc.cz\/index.php\/2022\/01\/13\/drsny-rozvod-s-dignem\/#respond"]}]},{"@type":"WebPage","@id":"https:\/\/evertonfc.cz\/index.php\/2022\/01\/13\/drsny-rozvod-s-dignem\/","url":"https:\/\/evertonfc.cz\/index.php\/2022\/01\/13\/drsny-rozvod-s-dignem\/","name":"Drsn\u00fd rozvod s Dignem - Official Czech &amp; Slovak Everton Supporters&#039; Club","isPartOf":{"@id":"https:\/\/evertonfc.cz\/#website"},"primaryImageOfPage":{"@id":"https:\/\/evertonfc.cz\/index.php\/2022\/01\/13\/drsny-rozvod-s-dignem\/#primaryimage"},"image":{"@id":"https:\/\/evertonfc.cz\/index.php\/2022\/01\/13\/drsny-rozvod-s-dignem\/#primaryimage"},"thumbnailUrl":"https:\/\/evertonfc.cz\/wp-content\/uploads\/2022\/01\/skysports-lucas-digne-aston-villa-13-1-2022.jpg","datePublished":"2022-01-13T17:08:47+00:00","dateModified":"2022-01-13T19:14:25+00:00","breadcrumb":{"@id":"https:\/\/evertonfc.cz\/index.php\/2022\/01\/13\/drsny-rozvod-s-dignem\/#breadcrumb"},"inLanguage":"cs","potentialAction":[{"@type":"ReadAction","target":["https:\/\/evertonfc.cz\/index.php\/2022\/01\/13\/drsny-rozvod-s-dignem\/"]}]},{"@type":"ImageObject","inLanguage":"cs","@id":"https:\/\/evertonfc.cz\/index.php\/2022\/01\/13\/drsny-rozvod-s-dignem\/#primaryimage","url":"https:\/\/evertonfc.cz\/wp-content\/uploads\/2022\/01\/skysports-lucas-digne-aston-villa-13-1-2022.jpg","contentUrl":"https:\/\/evertonfc.cz\/wp-content\/uploads\/2022\/01\/skysports-lucas-digne-aston-villa-13-1-2022.jpg","width":720,"height":405},{"@type":"BreadcrumbList","@id":"https:\/\/evertonfc.cz\/index.php\/2022\/01\/13\/drsny-rozvod-s-dignem\/#breadcrumb","itemListElement":[{"@type":"ListItem","position":1,"name":"Home","item":"https:\/\/evertonfc.cz\/"},{"@type":"ListItem","position":2,"name":"Drsn\u00fd rozvod s Dignem"}]},{"@type":"WebSite","@id":"https:\/\/evertonfc.cz\/#website","url":"https:\/\/evertonfc.cz\/","name":"Official Czech &amp; Slovak Everton Supporters&#039; Club","description":"","publisher":{"@id":"https:\/\/evertonfc.cz\/#organization"},"potentialAction":[{"@type":"SearchAction","target":{"@type":"EntryPoint","urlTemplate":"https:\/\/evertonfc.cz\/?s={search_term_string}"},"query-input":{"@type":"PropertyValueSpecification","valueRequired":true,"valueName":"search_term_string"}}],"inLanguage":"cs"},{"@type":"Organization","@id":"https:\/\/evertonfc.cz\/#organization","name":"Official Czech & Slovak Everton Supporters' Club","url":"https:\/\/evertonfc.cz\/","logo":{"@type":"ImageObject","inLanguage":"cs","@id":"https:\/\/evertonfc.cz\/#\/schema\/logo\/image\/","url":"https:\/\/evertonfc.cz\/wp-content\/uploads\/2019\/05\/logo.png","contentUrl":"https:\/\/evertonfc.cz\/wp-content\/uploads\/2019\/05\/logo.png","width":112,"height":112,"caption":"Official Czech & Slovak Everton Supporters' Club"},"image":{"@id":"https:\/\/evertonfc.cz\/#\/schema\/logo\/image\/"},"sameAs":["https:\/\/www.facebook.com\/everton.fans.cz.sk"]},{"@type":"Person","@id":"https:\/\/evertonfc.cz\/#\/schema\/person\/d4493b8cbea51532597fbc4685698916","name":"BlueBlooded","url":"https:\/\/evertonfc.cz\/index.php\/author\/admin\/"}]}},"_links":{"self":[{"href":"https:\/\/evertonfc.cz\/index.php\/wp-json\/wp\/v2\/posts\/17426"}],"collection":[{"href":"https:\/\/evertonfc.cz\/index.php\/wp-json\/wp\/v2\/posts"}],"about":[{"href":"https:\/\/evertonfc.cz\/index.php\/wp-json\/wp\/v2\/types\/post"}],"author":[{"embeddable":true,"href":"https:\/\/evertonfc.cz\/index.php\/wp-json\/wp\/v2\/users\/1"}],"replies":[{"embeddable":true,"href":"https:\/\/evertonfc.cz\/index.php\/wp-json\/wp\/v2\/comments?post=17426"}],"version-history":[{"count":9,"href":"https:\/\/evertonfc.cz\/index.php\/wp-json\/wp\/v2\/posts\/17426\/revisions"}],"predecessor-version":[{"id":17436,"href":"https:\/\/evertonfc.cz\/index.php\/wp-json\/wp\/v2\/posts\/17426\/revisions\/17436"}],"wp:featuredmedia":[{"embeddable":true,"href":"https:\/\/evertonfc.cz\/index.php\/wp-json\/wp\/v2\/media\/17427"}],"wp:attachment":[{"href":"https:\/\/evertonfc.cz\/index.php\/wp-json\/wp\/v2\/media?parent=17426"}],"wp:term":[{"taxonomy":"category","embeddable":true,"href":"https:\/\/evertonfc.cz\/index.php\/wp-json\/wp\/v2\/categories?post=17426"},{"taxonomy":"post_tag","embeddable":true,"href":"https:\/\/evertonfc.cz\/index.php\/wp-json\/wp\/v2\/tags?post=17426"}],"curies":[{"name":"wp","href":"https:\/\/api.w.org\/{rel}","templated":true}]}}