{"id":17450,"date":"2022-01-15T10:57:57","date_gmt":"2022-01-15T09:57:57","guid":{"rendered":"https:\/\/evertonfc.cz\/?p=17450"},"modified":"2022-01-15T14:33:15","modified_gmt":"2022-01-15T13:33:15","slug":"preview-norwich-city-everton-5","status":"publish","type":"post","link":"https:\/\/evertonfc.cz\/index.php\/2022\/01\/15\/preview-norwich-city-everton-5\/","title":{"rendered":"Preview: Norwich City \u2013 Everton"},"content":{"rendered":"<h4>\u0160es\u0165bodov\u00fd z\u00e1pas proti takmer ur\u010dite zostupuj\u00facemu celku nie je pr\u00e1ve to, \u010do fan\u00fa\u0161ikovia od tejto sez\u00f3ny \u010dakali. Aspo\u0148, \u017ee tie dve nov\u00e9 posily \u010dakaj\u00fa na svoj debut.<\/h4>\n<p>Ak by sez\u00f3na za\u010dala druh\u00e9ho okt\u00f3bra, Kan\u00e1riky by neboli posledn\u00e9. Everton by bol. Smutn\u00e9, o\u010dividn\u00e9, ba a\u017e priam bij\u00face, no nikto akosi nepanik\u00e1ri. Nestl\u00e1\u010da povestn\u00e9 \u010derven\u00e9 tla\u010didlo a neotv\u00e1ra poklop pod nohami mana\u017e\u00e9ra, ktor\u00fd v jednom kuse pch\u00e1 svoju zanovit\u00fa hlavu do u\u017e stiahnutej opr\u00e1tky. A my nech\u00e1peme.<\/p>\n<p>Pre\u010do je zrazu nepodstatn\u00e9 dosahova\u0165 v\u00fdsledky? U\u017e nie je n\u00e1\u0161 cie\u013e kvalifik\u00e1cia do Eur\u00f3py? Sta\u010d\u00ed n\u00e1m len pre\u017ei\u0165 \u010fal\u0161iu zmaren\u00fa sez\u00f3nu, obohaten\u00fa o \u0161kodoradostn\u00fa susedsk\u00fa pachu\u0165? \u010c\u00edm dlh\u0161ie pozorujem tento ro\u010dn\u00edk, lebo na viac sa nezm\u00f4\u017eem, t\u00fdm hlb\u0161ie sa mi zar\u00fdva do mozgu zn\u00e1ma hl\u00e1\u0161ka sci-fi fenom\u00e9nu: <em>\u201eResistance is futile.\u201c<\/em><\/p>\n<h4><strong>\u201eWe saw in the Cup game that this team can react\u2026\u201c<\/strong><\/h4>\n<p>Ak by bola na\u0161a forma <em>Seven of Nine,<\/em> v\u0161etko by bolo v\u00a0poriadku aj s\u00a0touto vetou. Len\u017ee ono to je One of Twelve. \u0160es\u0165 bodov z\u00a0mo\u017en\u00fdch 36 je jednoducho <em>nelogick\u00fdch. <\/em>Rovnako ako \u010fal\u0161ie tvrdenia, \u017ee sa zlep\u0161ujeme, a u\u017e nebudeme ma\u0165 rovnak\u00e9 probl\u00e9my ako v minulosti. <em>\u201eA preda\u0165 k\u013e\u00fa\u010dov\u00e9ho hr\u00e1\u010da, ktor\u00fd bude ma\u0165 v tomto roku 29 rokov, mus\u00ed by\u0165 pozit\u00edvom.\u201c<\/em> Neviem, \u010di odvol\u00e1vanie sa na Petera Reida funguje ako pe\u010diatka spr\u00e1vnosti \u00fasudku, ale bol to pr\u00e1ve on, kto po zbabranom z\u00e1pase s\u00a0Brightonom vyjadril znepokojenie nad smerovan\u00edm tohto klubu. A\u00a0ni\u010d nenasved\u010duje tomu, \u017ee sme na poh\u00e1rovej kri\u017eovatke tentoraz odbo\u010dili spr\u00e1vne. Mo\u017eno sme post\u00fapili do \u010fal\u0161ieho kola. Ale cez tri pruhy s\u00a0plnou \u010diarou a\u00a0za hlasn\u00e9ho tr\u00fabenia.<\/p>\n<h4><strong>\u201cIt is very easy to say: \u2018But on the pitch\u2026\u2019<\/strong><\/h4>\n<p>Prich\u00e1dza \u010das, kedy sa u\u017e min\u00fa re\u00e1lne v\u00fdhovorky. Aktu\u00e1lne je zranen\u00fd u\u017e len Tom Davies. Na jeden a\u017e dva mesiace. V\u0161etci ostatn\u00ed, s v\u00fdnimkou Iwobiho na Africkom poh\u00e1ri n\u00e1rodov, u\u017e tr\u00e9nuj\u00fa. Calvert-Lewin za\u010dal t\u00fato stredu, no prv\u00fdkr\u00e1t od Brightonu. Opatrn\u00ed mus\u00edme by\u0165 aj pri Richarlisonovi \u010di Delphovi. A Yerryho Minu zabali\u0165 do bublinkovej f\u00f3lie. O\u010dak\u00e1va sa \u0161tart Mykolenka, a debut El Ghaziho z lavi\u010dky. Zasiahne Patterson?<\/p>\n<p>V ot\u00e1zke aktivity do konca prestupov\u00e9ho okna je Ben\u00edtez otvoren\u00fd. R\u00e1d by sa e\u0161te posilnil. Konkr\u00e9tne na poste tvorcu hry. Niekoho, kto by mohol hra\u0165 za \u00fato\u010dn\u00edkom. Tak\u017ee Longstaff by logicky pr\u00eds\u0165 nemal. Je zn\u00e1my \u0160panielov dlhodob\u00fd obdiv k Alexandrovi Golovinovi, rusk\u00e9mu reprezentantovi z AS Monaco.<\/p>\n<p>Ten je v\u0161ak nad moment\u00e1lne finan\u010dn\u00e9 schopnosti klubu. M\u00f4\u017eeme predpoklada\u0165 teda nejak\u00e9 hos\u0165ovanie. Barkleyho zatia\u013e nikto nechce, a Lingard \u010di van de Beek st\u00e1le nehraj\u00fa. Tak\u017ee mo\u017enosti tu s\u00fa. \u010co sa t\u00fdka predaja, st\u00e1le panuje ve\u013ek\u00e9 ticho okolo Kennyho, \u010di mlad\u0161\u00edch hr\u00e1\u010dov, ktor\u00fd by mali \u00eds\u0165 hos\u0165ova\u0165.<\/p>\n<h4><strong>Stuart Webber era<\/strong><\/h4>\n<p>Ke\u010f sa stal Dean Smith nov\u00fdm a\u00a050. tr\u00e9nerom v\u00a0119 ro\u010dnej hist\u00f3rii klubu, zdvihlo to p\u00e1r obo\u010d\u00ed. A\u00a0mo\u017eno to bol aj prezierav\u00fd krok zo strany \u0161portov\u00e9ho riadite\u013ea, p\u00e1na Webbera. Preto\u017ee pravdepodobnos\u0165, \u017ee Norwich zost\u00fapi, sa rovn\u00e1 100%. Preto sa bohat\u00e9 mana\u017e\u00e9rske sk\u00fasenosti z\u00a0druhej ligy z\u00eddu.<\/p>\n<p>Webberov vplyv od pr\u00edchodu do Norwichu v apr\u00edli 2017 je signifikantn\u00fd. Jeho poz\u00edcia ako s\u00fa\u010das\u0165 prestavby ich futbalov\u00e9ho oddelenia bola potrebn\u00e1, a spustila procesy ako prepustenie mana\u017e\u00e9ra Alexa Neila, \u010do viedlo k dvom titulom The Championship, celkovej obmene k\u00e1dra a dosaden\u00edm Nemca Farkeho.<\/p>\n<p>Model sebesta\u010dn\u00e9ho fungovania klubu, ke\u010f v\u0161ade okolo sa t\u00falaj\u00fa miliard\u00e1ri, toti\u017e potrebuje rozm\u00fd\u0161\u013eanie v dlhodobom horizonte. Narozdiel od minulosti u\u017e dlhy zmizli. V\u00fddavky sa kompenzuj\u00fa predajom najlep\u0161\u00edch hr\u00e1\u010dov. Tak\u00fd Buendia v Aston Ville za rekordn\u00fa \u010diastku je \u010dist\u00fd pr\u00edklad, ktor\u00fd umo\u017enil \u017eltozelen\u00fdm m\u00ed\u0148a\u0165 na nov\u00e9 posily. Av\u0161ak nesta\u010dilo to, respekt\u00edve boli nespr\u00e1vne smerovan\u00e9.<\/p>\n<h4><strong>Attack, attack, attack&#8230;<\/strong><\/h4>\n<p>St\u00e1le nemaj\u00fa \u00fatok, ktor\u00fd by mohol konkurova\u0165 ostatn\u00fdm. Nemec na to doplatil, hoci v\u00a0druhej lige pri zisku titulu zaznamenal bodovo najlep\u0161iu sez\u00f3nu v\u00a0klubovej hist\u00f3rii. Scen\u00e1r spred dvoch rokov sa v\u0161ak opakuje. Norwich sk\u00f3roval v\u00a0Premier League zatia\u013e len osemkr\u00e1t. A\u00a0u\u017e 551 min\u00fat ubehlo od posledn\u00e9ho g\u00f3lu.<\/p>\n<p>Smith vie, \u017ee \u00falohou jeho a jeho tr\u00e9nerov je pom\u00f4c\u0165 hr\u00e1\u010dom Norwichu sta\u0165 sa dostato\u010dne klinick\u00fdmi, aby uspeli v Premier League. Defenz\u00edvna pr\u00e1ca, organiz\u00e1cia, aj intenzita a pressing \u00a0sa drasticky zlep\u0161ili. Teraz ale musia za\u010da\u0165 vyu\u017e\u00edva\u0165 vytvoren\u00e9 \u0161ance. V tom im v\u0161ak dnes nepom\u00f4\u017eu zranen\u00ed Gilmour, Normann, Zimmermann ani Rupp.<\/p>\n<h3 style=\"text-align: center;\"><em><span style=\"color: #3366ff;\"><strong>Up The Toffees !!!<\/strong><\/span><\/em><\/h3>\n<p><strong>\u010co:<\/strong> Norwich City FC \u2013 Everton FC, 21. kolo Premier League<br \/>\n<strong>Kedy:<\/strong> 15.1. 2022 od 16:00 SE\u010c<br \/>\n<strong>Ako:<\/strong> PREMIER Sport \u2013 z\u00e1znam 22:25<br \/>\n<strong>Kde:<\/strong> Carrow Road \u2013 Carrow Rd, Norwich NR1 3JE (kapacita: 27 244)<br \/>\n<strong>Rozhodca:<\/strong> Andy Madley \u00a0<strong>Asistenti:<\/strong> A. Holmes, S. Ledger \u00a0<strong>\u0160tvrt\u00fd rozhodca:<\/strong> J. Smith<br \/>\n<strong>VAR: <\/strong>John Brooks \u00a0<strong>Asistent VAR: <\/strong>James Mainwaring<\/p>\n","protected":false},"excerpt":{"rendered":"<p>\u0160es\u0165bodov\u00fd z\u00e1pas proti takmer ur\u010dite zostupuj\u00facemu celku nie je pr\u00e1ve to, \u010do fan\u00fa\u0161ikovia od tejto sez\u00f3ny \u010dakali. Aspo\u0148, \u017ee tie dve nov\u00e9 posily \u010dakaj\u00fa na svoj debut.<\/p>\n","protected":false},"author":1,"featured_media":17451,"comment_status":"open","ping_status":"closed","sticky":false,"template":"","format":"standard","meta":{"_eb_attr":"","_monsterinsights_skip_tracking":false,"_monsterinsights_sitenote_active":false,"_monsterinsights_sitenote_note":"","_monsterinsights_sitenote_category":0,"footnotes":""},"categories":[4],"tags":[],"yoast_head":"<!-- This site is optimized with the Yoast SEO plugin v23.4 - https:\/\/yoast.com\/wordpress\/plugins\/seo\/ -->\n<title>Preview: Norwich City \u2013 Everton - Official Czech &amp; Slovak Everton Supporters&#039; Club<\/title>\n<meta name=\"robots\" content=\"index, follow, max-snippet:-1, max-image-preview:large, max-video-preview:-1\" \/>\n<link rel=\"canonical\" href=\"https:\/\/evertonfc.cz\/index.php\/2022\/01\/15\/preview-norwich-city-everton-5\/\" \/>\n<meta property=\"og:locale\" content=\"cs_CZ\" \/>\n<meta property=\"og:type\" content=\"article\" \/>\n<meta property=\"og:title\" content=\"Preview: Norwich City \u2013 Everton - Official Czech &amp; Slovak Everton Supporters&#039; Club\" \/>\n<meta property=\"og:description\" content=\"\u0160es\u0165bodov\u00fd z\u00e1pas proti takmer ur\u010dite zostupuj\u00facemu celku nie je pr\u00e1ve to, \u010do fan\u00fa\u0161ikovia od tejto sez\u00f3ny \u010dakali. Aspo\u0148, \u017ee tie dve nov\u00e9 posily \u010dakaj\u00fa na svoj debut.\" \/>\n<meta property=\"og:url\" content=\"https:\/\/evertonfc.cz\/index.php\/2022\/01\/15\/preview-norwich-city-everton-5\/\" \/>\n<meta property=\"og:site_name\" content=\"Official Czech &amp; Slovak Everton Supporters&#039; Club\" \/>\n<meta property=\"article:publisher\" content=\"https:\/\/www.facebook.com\/everton.fans.cz.sk\" \/>\n<meta property=\"article:published_time\" content=\"2022-01-15T09:57:57+00:00\" \/>\n<meta property=\"article:modified_time\" content=\"2022-01-15T13:33:15+00:00\" \/>\n<meta property=\"og:image\" content=\"https:\/\/evertonfc.cz\/wp-content\/uploads\/2022\/01\/Norwich-City-VS-Everton.png\" \/>\n\t<meta property=\"og:image:width\" content=\"720\" \/>\n\t<meta property=\"og:image:height\" content=\"405\" \/>\n\t<meta property=\"og:image:type\" content=\"image\/png\" \/>\n<meta name=\"author\" content=\"BlueBlooded\" \/>\n<meta name=\"twitter:card\" content=\"summary_large_image\" \/>\n<meta name=\"twitter:label1\" content=\"Napsal(a)\" \/>\n\t<meta name=\"twitter:data1\" content=\"BlueBlooded\" \/>\n\t<meta name=\"twitter:label2\" content=\"Odhadovan\u00e1 doba \u010dten\u00ed\" \/>\n\t<meta name=\"twitter:data2\" content=\"4 minuty\" \/>\n<script type=\"application\/ld+json\" class=\"yoast-schema-graph\">{\"@context\":\"https:\/\/schema.org\",\"@graph\":[{\"@type\":\"Article\",\"@id\":\"https:\/\/evertonfc.cz\/index.php\/2022\/01\/15\/preview-norwich-city-everton-5\/#article\",\"isPartOf\":{\"@id\":\"https:\/\/evertonfc.cz\/index.php\/2022\/01\/15\/preview-norwich-city-everton-5\/\"},\"author\":{\"name\":\"BlueBlooded\",\"@id\":\"https:\/\/evertonfc.cz\/#\/schema\/person\/d4493b8cbea51532597fbc4685698916\"},\"headline\":\"Preview: Norwich City \u2013 Everton\",\"datePublished\":\"2022-01-15T09:57:57+00:00\",\"dateModified\":\"2022-01-15T13:33:15+00:00\",\"mainEntityOfPage\":{\"@id\":\"https:\/\/evertonfc.cz\/index.php\/2022\/01\/15\/preview-norwich-city-everton-5\/\"},\"wordCount\":896,\"commentCount\":8,\"publisher\":{\"@id\":\"https:\/\/evertonfc.cz\/#organization\"},\"image\":{\"@id\":\"https:\/\/evertonfc.cz\/index.php\/2022\/01\/15\/preview-norwich-city-everton-5\/#primaryimage\"},\"thumbnailUrl\":\"https:\/\/evertonfc.cz\/wp-content\/uploads\/2022\/01\/Norwich-City-VS-Everton.png\",\"articleSection\":[\"Z\u00e1pasy\"],\"inLanguage\":\"cs\",\"potentialAction\":[{\"@type\":\"CommentAction\",\"name\":\"Comment\",\"target\":[\"https:\/\/evertonfc.cz\/index.php\/2022\/01\/15\/preview-norwich-city-everton-5\/#respond\"]}]},{\"@type\":\"WebPage\",\"@id\":\"https:\/\/evertonfc.cz\/index.php\/2022\/01\/15\/preview-norwich-city-everton-5\/\",\"url\":\"https:\/\/evertonfc.cz\/index.php\/2022\/01\/15\/preview-norwich-city-everton-5\/\",\"name\":\"Preview: Norwich City \u2013 Everton - Official Czech &amp; Slovak Everton Supporters&#039; Club\",\"isPartOf\":{\"@id\":\"https:\/\/evertonfc.cz\/#website\"},\"primaryImageOfPage\":{\"@id\":\"https:\/\/evertonfc.cz\/index.php\/2022\/01\/15\/preview-norwich-city-everton-5\/#primaryimage\"},\"image\":{\"@id\":\"https:\/\/evertonfc.cz\/index.php\/2022\/01\/15\/preview-norwich-city-everton-5\/#primaryimage\"},\"thumbnailUrl\":\"https:\/\/evertonfc.cz\/wp-content\/uploads\/2022\/01\/Norwich-City-VS-Everton.png\",\"datePublished\":\"2022-01-15T09:57:57+00:00\",\"dateModified\":\"2022-01-15T13:33:15+00:00\",\"breadcrumb\":{\"@id\":\"https:\/\/evertonfc.cz\/index.php\/2022\/01\/15\/preview-norwich-city-everton-5\/#breadcrumb\"},\"inLanguage\":\"cs\",\"potentialAction\":[{\"@type\":\"ReadAction\",\"target\":[\"https:\/\/evertonfc.cz\/index.php\/2022\/01\/15\/preview-norwich-city-everton-5\/\"]}]},{\"@type\":\"ImageObject\",\"inLanguage\":\"cs\",\"@id\":\"https:\/\/evertonfc.cz\/index.php\/2022\/01\/15\/preview-norwich-city-everton-5\/#primaryimage\",\"url\":\"https:\/\/evertonfc.cz\/wp-content\/uploads\/2022\/01\/Norwich-City-VS-Everton.png\",\"contentUrl\":\"https:\/\/evertonfc.cz\/wp-content\/uploads\/2022\/01\/Norwich-City-VS-Everton.png\",\"width\":720,\"height\":405},{\"@type\":\"BreadcrumbList\",\"@id\":\"https:\/\/evertonfc.cz\/index.php\/2022\/01\/15\/preview-norwich-city-everton-5\/#breadcrumb\",\"itemListElement\":[{\"@type\":\"ListItem\",\"position\":1,\"name\":\"Home\",\"item\":\"https:\/\/evertonfc.cz\/\"},{\"@type\":\"ListItem\",\"position\":2,\"name\":\"Preview: Norwich City \u2013 Everton\"}]},{\"@type\":\"WebSite\",\"@id\":\"https:\/\/evertonfc.cz\/#website\",\"url\":\"https:\/\/evertonfc.cz\/\",\"name\":\"Official Czech &amp; Slovak Everton Supporters&#039; Club\",\"description\":\"\",\"publisher\":{\"@id\":\"https:\/\/evertonfc.cz\/#organization\"},\"potentialAction\":[{\"@type\":\"SearchAction\",\"target\":{\"@type\":\"EntryPoint\",\"urlTemplate\":\"https:\/\/evertonfc.cz\/?s={search_term_string}\"},\"query-input\":{\"@type\":\"PropertyValueSpecification\",\"valueRequired\":true,\"valueName\":\"search_term_string\"}}],\"inLanguage\":\"cs\"},{\"@type\":\"Organization\",\"@id\":\"https:\/\/evertonfc.cz\/#organization\",\"name\":\"Official Czech & Slovak Everton Supporters' Club\",\"url\":\"https:\/\/evertonfc.cz\/\",\"logo\":{\"@type\":\"ImageObject\",\"inLanguage\":\"cs\",\"@id\":\"https:\/\/evertonfc.cz\/#\/schema\/logo\/image\/\",\"url\":\"https:\/\/evertonfc.cz\/wp-content\/uploads\/2019\/05\/logo.png\",\"contentUrl\":\"https:\/\/evertonfc.cz\/wp-content\/uploads\/2019\/05\/logo.png\",\"width\":112,\"height\":112,\"caption\":\"Official Czech & Slovak Everton Supporters' Club\"},\"image\":{\"@id\":\"https:\/\/evertonfc.cz\/#\/schema\/logo\/image\/\"},\"sameAs\":[\"https:\/\/www.facebook.com\/everton.fans.cz.sk\"]},{\"@type\":\"Person\",\"@id\":\"https:\/\/evertonfc.cz\/#\/schema\/person\/d4493b8cbea51532597fbc4685698916\",\"name\":\"BlueBlooded\",\"url\":\"https:\/\/evertonfc.cz\/index.php\/author\/admin\/\"}]}<\/script>\n<!-- \/ Yoast SEO plugin. -->","yoast_head_json":{"title":"Preview: Norwich City \u2013 Everton - Official Czech &amp; Slovak Everton Supporters&#039; Club","robots":{"index":"index","follow":"follow","max-snippet":"max-snippet:-1","max-image-preview":"max-image-preview:large","max-video-preview":"max-video-preview:-1"},"canonical":"https:\/\/evertonfc.cz\/index.php\/2022\/01\/15\/preview-norwich-city-everton-5\/","og_locale":"cs_CZ","og_type":"article","og_title":"Preview: Norwich City \u2013 Everton - Official Czech &amp; Slovak Everton Supporters&#039; Club","og_description":"\u0160es\u0165bodov\u00fd z\u00e1pas proti takmer ur\u010dite zostupuj\u00facemu celku nie je pr\u00e1ve to, \u010do fan\u00fa\u0161ikovia od tejto sez\u00f3ny \u010dakali. Aspo\u0148, \u017ee tie dve nov\u00e9 posily \u010dakaj\u00fa na svoj debut.","og_url":"https:\/\/evertonfc.cz\/index.php\/2022\/01\/15\/preview-norwich-city-everton-5\/","og_site_name":"Official Czech &amp; Slovak Everton Supporters&#039; Club","article_publisher":"https:\/\/www.facebook.com\/everton.fans.cz.sk","article_published_time":"2022-01-15T09:57:57+00:00","article_modified_time":"2022-01-15T13:33:15+00:00","og_image":[{"width":720,"height":405,"url":"https:\/\/evertonfc.cz\/wp-content\/uploads\/2022\/01\/Norwich-City-VS-Everton.png","type":"image\/png"}],"author":"BlueBlooded","twitter_card":"summary_large_image","twitter_misc":{"Napsal(a)":"BlueBlooded","Odhadovan\u00e1 doba \u010dten\u00ed":"4 minuty"},"schema":{"@context":"https:\/\/schema.org","@graph":[{"@type":"Article","@id":"https:\/\/evertonfc.cz\/index.php\/2022\/01\/15\/preview-norwich-city-everton-5\/#article","isPartOf":{"@id":"https:\/\/evertonfc.cz\/index.php\/2022\/01\/15\/preview-norwich-city-everton-5\/"},"author":{"name":"BlueBlooded","@id":"https:\/\/evertonfc.cz\/#\/schema\/person\/d4493b8cbea51532597fbc4685698916"},"headline":"Preview: Norwich City \u2013 Everton","datePublished":"2022-01-15T09:57:57+00:00","dateModified":"2022-01-15T13:33:15+00:00","mainEntityOfPage":{"@id":"https:\/\/evertonfc.cz\/index.php\/2022\/01\/15\/preview-norwich-city-everton-5\/"},"wordCount":896,"commentCount":8,"publisher":{"@id":"https:\/\/evertonfc.cz\/#organization"},"image":{"@id":"https:\/\/evertonfc.cz\/index.php\/2022\/01\/15\/preview-norwich-city-everton-5\/#primaryimage"},"thumbnailUrl":"https:\/\/evertonfc.cz\/wp-content\/uploads\/2022\/01\/Norwich-City-VS-Everton.png","articleSection":["Z\u00e1pasy"],"inLanguage":"cs","potentialAction":[{"@type":"CommentAction","name":"Comment","target":["https:\/\/evertonfc.cz\/index.php\/2022\/01\/15\/preview-norwich-city-everton-5\/#respond"]}]},{"@type":"WebPage","@id":"https:\/\/evertonfc.cz\/index.php\/2022\/01\/15\/preview-norwich-city-everton-5\/","url":"https:\/\/evertonfc.cz\/index.php\/2022\/01\/15\/preview-norwich-city-everton-5\/","name":"Preview: Norwich City \u2013 Everton - Official Czech &amp; Slovak Everton Supporters&#039; Club","isPartOf":{"@id":"https:\/\/evertonfc.cz\/#website"},"primaryImageOfPage":{"@id":"https:\/\/evertonfc.cz\/index.php\/2022\/01\/15\/preview-norwich-city-everton-5\/#primaryimage"},"image":{"@id":"https:\/\/evertonfc.cz\/index.php\/2022\/01\/15\/preview-norwich-city-everton-5\/#primaryimage"},"thumbnailUrl":"https:\/\/evertonfc.cz\/wp-content\/uploads\/2022\/01\/Norwich-City-VS-Everton.png","datePublished":"2022-01-15T09:57:57+00:00","dateModified":"2022-01-15T13:33:15+00:00","breadcrumb":{"@id":"https:\/\/evertonfc.cz\/index.php\/2022\/01\/15\/preview-norwich-city-everton-5\/#breadcrumb"},"inLanguage":"cs","potentialAction":[{"@type":"ReadAction","target":["https:\/\/evertonfc.cz\/index.php\/2022\/01\/15\/preview-norwich-city-everton-5\/"]}]},{"@type":"ImageObject","inLanguage":"cs","@id":"https:\/\/evertonfc.cz\/index.php\/2022\/01\/15\/preview-norwich-city-everton-5\/#primaryimage","url":"https:\/\/evertonfc.cz\/wp-content\/uploads\/2022\/01\/Norwich-City-VS-Everton.png","contentUrl":"https:\/\/evertonfc.cz\/wp-content\/uploads\/2022\/01\/Norwich-City-VS-Everton.png","width":720,"height":405},{"@type":"BreadcrumbList","@id":"https:\/\/evertonfc.cz\/index.php\/2022\/01\/15\/preview-norwich-city-everton-5\/#breadcrumb","itemListElement":[{"@type":"ListItem","position":1,"name":"Home","item":"https:\/\/evertonfc.cz\/"},{"@type":"ListItem","position":2,"name":"Preview: Norwich City \u2013 Everton"}]},{"@type":"WebSite","@id":"https:\/\/evertonfc.cz\/#website","url":"https:\/\/evertonfc.cz\/","name":"Official Czech &amp; Slovak Everton Supporters&#039; Club","description":"","publisher":{"@id":"https:\/\/evertonfc.cz\/#organization"},"potentialAction":[{"@type":"SearchAction","target":{"@type":"EntryPoint","urlTemplate":"https:\/\/evertonfc.cz\/?s={search_term_string}"},"query-input":{"@type":"PropertyValueSpecification","valueRequired":true,"valueName":"search_term_string"}}],"inLanguage":"cs"},{"@type":"Organization","@id":"https:\/\/evertonfc.cz\/#organization","name":"Official Czech & Slovak Everton Supporters' Club","url":"https:\/\/evertonfc.cz\/","logo":{"@type":"ImageObject","inLanguage":"cs","@id":"https:\/\/evertonfc.cz\/#\/schema\/logo\/image\/","url":"https:\/\/evertonfc.cz\/wp-content\/uploads\/2019\/05\/logo.png","contentUrl":"https:\/\/evertonfc.cz\/wp-content\/uploads\/2019\/05\/logo.png","width":112,"height":112,"caption":"Official Czech & Slovak Everton Supporters' Club"},"image":{"@id":"https:\/\/evertonfc.cz\/#\/schema\/logo\/image\/"},"sameAs":["https:\/\/www.facebook.com\/everton.fans.cz.sk"]},{"@type":"Person","@id":"https:\/\/evertonfc.cz\/#\/schema\/person\/d4493b8cbea51532597fbc4685698916","name":"BlueBlooded","url":"https:\/\/evertonfc.cz\/index.php\/author\/admin\/"}]}},"_links":{"self":[{"href":"https:\/\/evertonfc.cz\/index.php\/wp-json\/wp\/v2\/posts\/17450"}],"collection":[{"href":"https:\/\/evertonfc.cz\/index.php\/wp-json\/wp\/v2\/posts"}],"about":[{"href":"https:\/\/evertonfc.cz\/index.php\/wp-json\/wp\/v2\/types\/post"}],"author":[{"embeddable":true,"href":"https:\/\/evertonfc.cz\/index.php\/wp-json\/wp\/v2\/users\/1"}],"replies":[{"embeddable":true,"href":"https:\/\/evertonfc.cz\/index.php\/wp-json\/wp\/v2\/comments?post=17450"}],"version-history":[{"count":9,"href":"https:\/\/evertonfc.cz\/index.php\/wp-json\/wp\/v2\/posts\/17450\/revisions"}],"predecessor-version":[{"id":17463,"href":"https:\/\/evertonfc.cz\/index.php\/wp-json\/wp\/v2\/posts\/17450\/revisions\/17463"}],"wp:featuredmedia":[{"embeddable":true,"href":"https:\/\/evertonfc.cz\/index.php\/wp-json\/wp\/v2\/media\/17451"}],"wp:attachment":[{"href":"https:\/\/evertonfc.cz\/index.php\/wp-json\/wp\/v2\/media?parent=17450"}],"wp:term":[{"taxonomy":"category","embeddable":true,"href":"https:\/\/evertonfc.cz\/index.php\/wp-json\/wp\/v2\/categories?post=17450"},{"taxonomy":"post_tag","embeddable":true,"href":"https:\/\/evertonfc.cz\/index.php\/wp-json\/wp\/v2\/tags?post=17450"}],"curies":[{"name":"wp","href":"https:\/\/api.w.org\/{rel}","templated":true}]}}