{"id":17465,"date":"2022-01-15T18:27:06","date_gmt":"2022-01-15T17:27:06","guid":{"rendered":"https:\/\/evertonfc.cz\/?p=17465"},"modified":"2022-01-17T13:02:30","modified_gmt":"2022-01-17T12:02:30","slug":"norwich-city-everton-21-2","status":"publish","type":"post","link":"https:\/\/evertonfc.cz\/index.php\/2022\/01\/15\/norwich-city-everton-21-2\/","title":{"rendered":"Norwich City \u2013 Everton 2:1"},"content":{"rendered":"<h4>Keane odst\u0159elil \u0161erifa? Everton prohr\u00e1l s\u00a0posledn\u00edm t\u00fdmem tabulky, kter\u00fd p\u0159ed t\u00edm 9 hodin nevst\u0159elil branku. Ani Robin Hood to v\u00a0rozd\u00e1v\u00e1n\u00ed nedot\u00e1hl tak daleko. Kde jinde vz\u00edt body?<\/h4>\n<p>Everton zah\u00e1jil v rozestaven\u00ed 4-4-2, na hrotu byl d\u00e1n prostor pro spolupr\u00e1ci DCL s Rond\u00f3nem. Ve st\u0159edu z\u00e1lohy chyb\u011bl ne\u010dekan\u011b Alan, nebyl k spat\u0159en\u00ed ani na lavi\u010dce. Zaskakoval za n\u011bj Andr\u00e9 Gomes. Slo\u017een\u00ed obrany se od poh\u00e1rov\u00e9ho z\u00e1pasu v Hullu nezm\u011bnilo, se star\u00fdm zn\u00e1m\u00fdm na prav\u00e9m kraji a s novou posilou z Kyjeva nalevo. Dom\u00e1c\u00edm chyb\u011blo trio z\u00e1lo\u017en\u00edk\u016f Gilmour, Rupp, Normann, nastoupili v rozestaven\u00ed 4-2-3-1.<\/p>\n<h4>Prvn\u00ed p\u016fle<\/h4>\n<p>Canaries p\u0159ed z\u00e1pasem dr\u017eeli \u0161\u0148\u016fru 551 minut bez vst\u0159elen\u00e9 branky v lize, tj. 6 cel\u00fdch z\u00e1pas\u016f v \u0159ad\u011b nedok\u00e1zali poko\u0159it soupe\u0159e. Od za\u010d\u00e1tku bylo vid\u011bt, \u017ee proti tr\u00e1p\u00edc\u00edm se Toffees zav\u011bt\u0159ili svou \u0161anci a hn\u00e1ni dom\u00e1c\u00edm publikem se pustili do zarezl\u00fdm Toffees. Host\u00e9 toti\u017e za\u010dali standardn\u011b pasivn\u011b a vy\u010dk\u00e1vali, co soupe\u0159.<\/p>\n<p>V\u011bci se za\u010dali h\u00fdbat po zhruba \u010dtvrthodin\u011b. Nejprve se do odra\u017een\u00e9ho m\u00ed\u010de op\u0159el Lees-Melou a prov\u011b\u0159il Pickforda, na druh\u00e9 stran\u011b na p\u0159edn\u00ed ty\u010d, ale tak\u00e9 p\u0159\u00edmo na Krula. Hned z proti\u00fatoku se bal\u00f3n z lev\u00e9 strany p\u0159es Aaronse dostal k Sargeantovi, kter\u00fd p\u0159es Mykolenka odcentroval na p\u0159edn\u00ed ty\u010d. Michale Keane, v\u011bdom si p\u0159\u00edtomnosti Rashicy n\u011bkde za sebou cht\u011bl m\u00ed\u010d zblokovat, ale ud\u011blal to tak ne\u0161\u0165astn\u011b, \u017ee nedal Pickfordovi \u0161anci areagovat &#8211; <strong>1:0<\/strong>.<\/p>\n<p>Ne\u017e se sta\u010dili host\u00e9 oklepat, Brandon Williams po lev\u00e9 stran\u011b rychle pronikl na \u00farove\u0148 \u0161estn\u00e1ctky, p\u0159ihr\u00e1l na st\u0159ed voln\u00e9mu Idahovi a tomu ve sk\u00f3rov\u00e1n\u00ed nezabr\u00e1nil ani brank\u00e1\u0159, ani dob\u00edhaj\u00edc\u00ed Godfrey s Mykolenkem &#8211; <strong>2:0<\/strong>.\u00a0 Prvn\u00ed branka v Premier League. Takov\u00e1 sprcha byla a\u017e moc na jednoho fanou\u0161ka, kter\u00fd zam\u00ed\u0159il z hledi\u0161t\u011b na tr\u00e1vn\u00edk, ale ke sv\u00e9mu c\u00edli se nedostal.<\/p>\n<p>Dal\u0161\u00ed pohromu zastavil Pickford v\u010dasn\u00fdm v\u00fdb\u011bhem p\u0159ed Pukkim, na druh\u00e9 stran\u011b se p\u0159\u00edli\u0161 neda\u0159ilo zkalibrovat s\u00edlu v zakon\u010den\u00ed Keanovi (moc) a Rond\u00f3novi (moc m\u00e1lo).<\/p>\n<h4>Druh\u00e1 p\u016fle<\/h4>\n<p>Beze zm\u011bny v person\u00e1lu nastoupil Everton do druh\u00e9 p\u016fle, z po\u010d\u00e1tku to nebyl \u017e\u00e1dn\u00fd velk\u00fd sp\u011bch. Keane si vyslou\u017eil \u017elutou, Lees-Melou nap\u00e1lil volej na brank\u00e1\u0159e, Godfrey odvr\u00e1til p\u0159ed Pukkim a Mykolenko p\u0159ekvapil Idaha p\u0159ihr\u00e1vkou do 100% \u0161ance, kterou na\u0161t\u011bst\u00ed nedok\u00e1zal p\u0159etavit v t\u0159et\u00ed branku. A\u017e v 54. minut\u011b p\u0159i\u0161la v\u00fdm\u011bna Coleman\/Rond\u00f3na za Mina\/Richarlison. Po zran\u011bn\u00ed vracej\u00edc\u00ed se dvojice vyk\u0159esala za p\u00e1r minut jisk\u0159i\u010dku nad\u011bje. Po rohu vr\u00e1til m\u00ed\u010d do v\u00e1pna Mykolenko, Mina sice v souboji s Krulem neusp\u011bl, ale odra\u017een\u00fd m\u00ed\u010d se dostal k Richarlisonovi a ten jej akrobaticky p\u0159es hlavu poslal do s\u00edt\u011b &#8211; <strong>2:1<\/strong>.<\/p>\n<p>Mina je\u0161t\u011b hlavi\u010dkou p\u0159ipravil jakous takous \u0161anci pro DCL, ale tomu se nepoda\u0159ilo b\u00fdt v\u010das na m\u00edst\u011b pro odra\u017een\u00fd m\u00ed\u010d. Godfrey vybojoval \u0161anci pro Gordona, ale ten byl zablokov\u00e1n. Norwichi postupn\u011b odbelhali ze h\u0159i\u0161t\u011b oba krajn\u00ed obr\u00e1nci, ke konci m\u011bl zdravotn\u00ed probl\u00e9m i brank\u00e1\u0159 Krul, ale i p\u0159esto byla snaha po vyrovn\u00e1n\u00ed jalov\u00e1, naopak mohli po brejc\u00edch do otev\u0159en\u00e9 obrany zv\u00fd\u0161it Idah nebo Rashica, kter\u00fd trefil v samotn\u00e9m z\u00e1v\u011bru ty\u010d.<\/p>\n<h4>Shrnut\u00ed<\/h4>\n<p>S\u00e1zka na R.B.Maudese ud\u011blala z Evertonu v\u00e1\u017en\u00e9ho pacienta, zkus\u00edme l\u00e9\u010dbu elektro\u0161oky? Nakonec se uk\u00e1zalo, \u017ee zostuzen\u00edm od dlouhodob\u011b bezzub\u00e9ho celku u\u017e opravdu p\u0159etekl poh\u00e1r. Norwich tak z\u00edskal skalp ji\u017e druh\u00e9ho mana\u017eera, bezprost\u0159edn\u011b po z\u00e1pase s Norwichem byl propu\u0161t\u011bn v roce 1994 Mike Walker, nepo\u010d\u00edt\u00e1m dvojici Unsworth\/Royle, kter\u00e1 dokou\u010dovala sez\u00f3nu proti Kan\u00e1rk\u016fm po vyhazovu Martineze v roce 2016. Uf, jedna no\u010dn\u00ed m\u016fra je za n\u00e1mi.<\/p>\n<p style=\"text-align: right;\"><em><span style=\"font-size: 8pt;\">Foto zdroj: liverpoolecho.co.uk by Stephen Pond<\/span><\/em><\/p>\n<p style=\"text-align: left;\"><strong>Sest\u0159ih:<\/strong> <a href=\"https:\/\/www.evertonfc.com\/video\/2449877\">Everton TV<\/a> \u00a0<strong>Hr\u00e1\u010d z\u00e1pasu<\/strong>: Micheal Keane (za \u010dernou pr\u00e1ci pro v\u00fdm\u011bnu mana\u017eera), Richarlison (za dal\u0161\u00ed p\u0159\u00edsp\u011bvek v sout\u011b\u017ei o g\u00f3l roku)<\/p>\n<p><strong>Branky<\/strong>: 16\u2018 Keane vlastn\u00ed, 18\u2018 Idah \u2013 60\u2018 Richarlison<\/p>\n<p><strong>\u017dlut\u00e9 karty<\/strong>: 50\u2018 Sargeant, 66\u2018 Aarons, 70\u2018 Pukki &#8211; 47\u2018 Keane<\/p>\n<p><strong>Norwich City<\/strong>: Krul \u2013 Aarons (80\u2018 Gianoulis), Hanley, B.Gibson, B.Williams (77\u2018 Byram) \u2013 Lees-Melou, Sorensen \u2013 Sargeant (87\u2018 Solis), Idah, Rashica \u2013 Pukki<\/p>\n<p><strong>Everton<\/strong>: Pickford \u2013 Coleman (54\u2018 Mina), Keane, Godfrey, Mykolenko \u2013 Gordon, Doucour\u00e9, Gomes, Gray \u2013 Rond\u00f3n (54\u2018 Richarlison), Calvert-Lewin<\/p>\n<p><strong>Rozhod\u010d<\/strong>\u00ed: Andy Madley\u00a0 <strong>Div\u00e1k\u016f<\/strong>: 26 629<\/p>\n","protected":false},"excerpt":{"rendered":"<p>Keane odst\u0159elil \u0161erifa? Everton prohr\u00e1l s posledn\u00edm t\u00fdmem tabulky, kter\u00fd p\u0159ed t\u00edm 9 hodin nevst\u0159elil branku. Ani Robin Hood to v rozd\u00e1v\u00e1n\u00ed nedot\u00e1hl tak daleko. Kde jinde vz\u00edt body? <\/p>\n","protected":false},"author":10,"featured_media":17464,"comment_status":"open","ping_status":"closed","sticky":false,"template":"","format":"standard","meta":{"_eb_attr":"","_monsterinsights_skip_tracking":false,"_monsterinsights_sitenote_active":false,"_monsterinsights_sitenote_note":"","_monsterinsights_sitenote_category":0,"footnotes":""},"categories":[4],"tags":[],"yoast_head":"<!-- This site is optimized with the Yoast SEO plugin v23.4 - https:\/\/yoast.com\/wordpress\/plugins\/seo\/ -->\n<title>Norwich City \u2013 Everton 2:1 - Official Czech &amp; Slovak Everton Supporters&#039; Club<\/title>\n<meta name=\"robots\" content=\"index, follow, max-snippet:-1, max-image-preview:large, max-video-preview:-1\" \/>\n<link rel=\"canonical\" href=\"https:\/\/evertonfc.cz\/index.php\/2022\/01\/15\/norwich-city-everton-21-2\/\" \/>\n<meta property=\"og:locale\" content=\"cs_CZ\" \/>\n<meta property=\"og:type\" content=\"article\" \/>\n<meta property=\"og:title\" content=\"Norwich City \u2013 Everton 2:1 - Official Czech &amp; Slovak Everton Supporters&#039; Club\" \/>\n<meta property=\"og:description\" content=\"Keane odst\u0159elil \u0161erifa? Everton prohr\u00e1l s posledn\u00edm t\u00fdmem tabulky, kter\u00fd p\u0159ed t\u00edm 9 hodin nevst\u0159elil branku. Ani Robin Hood to v rozd\u00e1v\u00e1n\u00ed nedot\u00e1hl tak daleko. Kde jinde vz\u00edt body?\" \/>\n<meta property=\"og:url\" content=\"https:\/\/evertonfc.cz\/index.php\/2022\/01\/15\/norwich-city-everton-21-2\/\" \/>\n<meta property=\"og:site_name\" content=\"Official Czech &amp; Slovak Everton Supporters&#039; Club\" \/>\n<meta property=\"article:publisher\" content=\"https:\/\/www.facebook.com\/everton.fans.cz.sk\" \/>\n<meta property=\"article:published_time\" content=\"2022-01-15T17:27:06+00:00\" \/>\n<meta property=\"article:modified_time\" content=\"2022-01-17T12:02:30+00:00\" \/>\n<meta property=\"og:image\" content=\"https:\/\/evertonfc.cz\/wp-content\/uploads\/2022\/01\/norwich_invader.png\" \/>\n\t<meta property=\"og:image:width\" content=\"720\" \/>\n\t<meta property=\"og:image:height\" content=\"405\" \/>\n\t<meta property=\"og:image:type\" content=\"image\/png\" \/>\n<meta name=\"author\" content=\"Fip\" \/>\n<meta name=\"twitter:card\" content=\"summary_large_image\" \/>\n<meta name=\"twitter:label1\" content=\"Napsal(a)\" \/>\n\t<meta name=\"twitter:data1\" content=\"Fip\" \/>\n\t<meta name=\"twitter:label2\" content=\"Odhadovan\u00e1 doba \u010dten\u00ed\" \/>\n\t<meta name=\"twitter:data2\" content=\"4 minuty\" \/>\n<script type=\"application\/ld+json\" class=\"yoast-schema-graph\">{\"@context\":\"https:\/\/schema.org\",\"@graph\":[{\"@type\":\"Article\",\"@id\":\"https:\/\/evertonfc.cz\/index.php\/2022\/01\/15\/norwich-city-everton-21-2\/#article\",\"isPartOf\":{\"@id\":\"https:\/\/evertonfc.cz\/index.php\/2022\/01\/15\/norwich-city-everton-21-2\/\"},\"author\":{\"name\":\"Fip\",\"@id\":\"https:\/\/evertonfc.cz\/#\/schema\/person\/35904009755e8eaa0dc1a5f5f0419002\"},\"headline\":\"Norwich City \u2013 Everton 2:1\",\"datePublished\":\"2022-01-15T17:27:06+00:00\",\"dateModified\":\"2022-01-17T12:02:30+00:00\",\"mainEntityOfPage\":{\"@id\":\"https:\/\/evertonfc.cz\/index.php\/2022\/01\/15\/norwich-city-everton-21-2\/\"},\"wordCount\":824,\"commentCount\":24,\"publisher\":{\"@id\":\"https:\/\/evertonfc.cz\/#organization\"},\"image\":{\"@id\":\"https:\/\/evertonfc.cz\/index.php\/2022\/01\/15\/norwich-city-everton-21-2\/#primaryimage\"},\"thumbnailUrl\":\"https:\/\/evertonfc.cz\/wp-content\/uploads\/2022\/01\/norwich_invader.png\",\"articleSection\":[\"Z\u00e1pasy\"],\"inLanguage\":\"cs\",\"potentialAction\":[{\"@type\":\"CommentAction\",\"name\":\"Comment\",\"target\":[\"https:\/\/evertonfc.cz\/index.php\/2022\/01\/15\/norwich-city-everton-21-2\/#respond\"]}]},{\"@type\":\"WebPage\",\"@id\":\"https:\/\/evertonfc.cz\/index.php\/2022\/01\/15\/norwich-city-everton-21-2\/\",\"url\":\"https:\/\/evertonfc.cz\/index.php\/2022\/01\/15\/norwich-city-everton-21-2\/\",\"name\":\"Norwich City \u2013 Everton 2:1 - Official Czech &amp; Slovak Everton Supporters&#039; Club\",\"isPartOf\":{\"@id\":\"https:\/\/evertonfc.cz\/#website\"},\"primaryImageOfPage\":{\"@id\":\"https:\/\/evertonfc.cz\/index.php\/2022\/01\/15\/norwich-city-everton-21-2\/#primaryimage\"},\"image\":{\"@id\":\"https:\/\/evertonfc.cz\/index.php\/2022\/01\/15\/norwich-city-everton-21-2\/#primaryimage\"},\"thumbnailUrl\":\"https:\/\/evertonfc.cz\/wp-content\/uploads\/2022\/01\/norwich_invader.png\",\"datePublished\":\"2022-01-15T17:27:06+00:00\",\"dateModified\":\"2022-01-17T12:02:30+00:00\",\"breadcrumb\":{\"@id\":\"https:\/\/evertonfc.cz\/index.php\/2022\/01\/15\/norwich-city-everton-21-2\/#breadcrumb\"},\"inLanguage\":\"cs\",\"potentialAction\":[{\"@type\":\"ReadAction\",\"target\":[\"https:\/\/evertonfc.cz\/index.php\/2022\/01\/15\/norwich-city-everton-21-2\/\"]}]},{\"@type\":\"ImageObject\",\"inLanguage\":\"cs\",\"@id\":\"https:\/\/evertonfc.cz\/index.php\/2022\/01\/15\/norwich-city-everton-21-2\/#primaryimage\",\"url\":\"https:\/\/evertonfc.cz\/wp-content\/uploads\/2022\/01\/norwich_invader.png\",\"contentUrl\":\"https:\/\/evertonfc.cz\/wp-content\/uploads\/2022\/01\/norwich_invader.png\",\"width\":720,\"height\":405},{\"@type\":\"BreadcrumbList\",\"@id\":\"https:\/\/evertonfc.cz\/index.php\/2022\/01\/15\/norwich-city-everton-21-2\/#breadcrumb\",\"itemListElement\":[{\"@type\":\"ListItem\",\"position\":1,\"name\":\"Home\",\"item\":\"https:\/\/evertonfc.cz\/\"},{\"@type\":\"ListItem\",\"position\":2,\"name\":\"Norwich City \u2013 Everton 2:1\"}]},{\"@type\":\"WebSite\",\"@id\":\"https:\/\/evertonfc.cz\/#website\",\"url\":\"https:\/\/evertonfc.cz\/\",\"name\":\"Official Czech &amp; Slovak Everton Supporters&#039; Club\",\"description\":\"\",\"publisher\":{\"@id\":\"https:\/\/evertonfc.cz\/#organization\"},\"potentialAction\":[{\"@type\":\"SearchAction\",\"target\":{\"@type\":\"EntryPoint\",\"urlTemplate\":\"https:\/\/evertonfc.cz\/?s={search_term_string}\"},\"query-input\":{\"@type\":\"PropertyValueSpecification\",\"valueRequired\":true,\"valueName\":\"search_term_string\"}}],\"inLanguage\":\"cs\"},{\"@type\":\"Organization\",\"@id\":\"https:\/\/evertonfc.cz\/#organization\",\"name\":\"Official Czech & Slovak Everton Supporters' Club\",\"url\":\"https:\/\/evertonfc.cz\/\",\"logo\":{\"@type\":\"ImageObject\",\"inLanguage\":\"cs\",\"@id\":\"https:\/\/evertonfc.cz\/#\/schema\/logo\/image\/\",\"url\":\"https:\/\/evertonfc.cz\/wp-content\/uploads\/2019\/05\/logo.png\",\"contentUrl\":\"https:\/\/evertonfc.cz\/wp-content\/uploads\/2019\/05\/logo.png\",\"width\":112,\"height\":112,\"caption\":\"Official Czech & Slovak Everton Supporters' Club\"},\"image\":{\"@id\":\"https:\/\/evertonfc.cz\/#\/schema\/logo\/image\/\"},\"sameAs\":[\"https:\/\/www.facebook.com\/everton.fans.cz.sk\"]},{\"@type\":\"Person\",\"@id\":\"https:\/\/evertonfc.cz\/#\/schema\/person\/35904009755e8eaa0dc1a5f5f0419002\",\"name\":\"Fip\",\"url\":\"https:\/\/evertonfc.cz\/index.php\/author\/fip\/\"}]}<\/script>\n<!-- \/ Yoast SEO plugin. -->","yoast_head_json":{"title":"Norwich City \u2013 Everton 2:1 - Official Czech &amp; Slovak Everton Supporters&#039; Club","robots":{"index":"index","follow":"follow","max-snippet":"max-snippet:-1","max-image-preview":"max-image-preview:large","max-video-preview":"max-video-preview:-1"},"canonical":"https:\/\/evertonfc.cz\/index.php\/2022\/01\/15\/norwich-city-everton-21-2\/","og_locale":"cs_CZ","og_type":"article","og_title":"Norwich City \u2013 Everton 2:1 - Official Czech &amp; Slovak Everton Supporters&#039; Club","og_description":"Keane odst\u0159elil \u0161erifa? Everton prohr\u00e1l s posledn\u00edm t\u00fdmem tabulky, kter\u00fd p\u0159ed t\u00edm 9 hodin nevst\u0159elil branku. Ani Robin Hood to v rozd\u00e1v\u00e1n\u00ed nedot\u00e1hl tak daleko. Kde jinde vz\u00edt body?","og_url":"https:\/\/evertonfc.cz\/index.php\/2022\/01\/15\/norwich-city-everton-21-2\/","og_site_name":"Official Czech &amp; Slovak Everton Supporters&#039; Club","article_publisher":"https:\/\/www.facebook.com\/everton.fans.cz.sk","article_published_time":"2022-01-15T17:27:06+00:00","article_modified_time":"2022-01-17T12:02:30+00:00","og_image":[{"width":720,"height":405,"url":"https:\/\/evertonfc.cz\/wp-content\/uploads\/2022\/01\/norwich_invader.png","type":"image\/png"}],"author":"Fip","twitter_card":"summary_large_image","twitter_misc":{"Napsal(a)":"Fip","Odhadovan\u00e1 doba \u010dten\u00ed":"4 minuty"},"schema":{"@context":"https:\/\/schema.org","@graph":[{"@type":"Article","@id":"https:\/\/evertonfc.cz\/index.php\/2022\/01\/15\/norwich-city-everton-21-2\/#article","isPartOf":{"@id":"https:\/\/evertonfc.cz\/index.php\/2022\/01\/15\/norwich-city-everton-21-2\/"},"author":{"name":"Fip","@id":"https:\/\/evertonfc.cz\/#\/schema\/person\/35904009755e8eaa0dc1a5f5f0419002"},"headline":"Norwich City \u2013 Everton 2:1","datePublished":"2022-01-15T17:27:06+00:00","dateModified":"2022-01-17T12:02:30+00:00","mainEntityOfPage":{"@id":"https:\/\/evertonfc.cz\/index.php\/2022\/01\/15\/norwich-city-everton-21-2\/"},"wordCount":824,"commentCount":24,"publisher":{"@id":"https:\/\/evertonfc.cz\/#organization"},"image":{"@id":"https:\/\/evertonfc.cz\/index.php\/2022\/01\/15\/norwich-city-everton-21-2\/#primaryimage"},"thumbnailUrl":"https:\/\/evertonfc.cz\/wp-content\/uploads\/2022\/01\/norwich_invader.png","articleSection":["Z\u00e1pasy"],"inLanguage":"cs","potentialAction":[{"@type":"CommentAction","name":"Comment","target":["https:\/\/evertonfc.cz\/index.php\/2022\/01\/15\/norwich-city-everton-21-2\/#respond"]}]},{"@type":"WebPage","@id":"https:\/\/evertonfc.cz\/index.php\/2022\/01\/15\/norwich-city-everton-21-2\/","url":"https:\/\/evertonfc.cz\/index.php\/2022\/01\/15\/norwich-city-everton-21-2\/","name":"Norwich City \u2013 Everton 2:1 - Official Czech &amp; Slovak Everton Supporters&#039; Club","isPartOf":{"@id":"https:\/\/evertonfc.cz\/#website"},"primaryImageOfPage":{"@id":"https:\/\/evertonfc.cz\/index.php\/2022\/01\/15\/norwich-city-everton-21-2\/#primaryimage"},"image":{"@id":"https:\/\/evertonfc.cz\/index.php\/2022\/01\/15\/norwich-city-everton-21-2\/#primaryimage"},"thumbnailUrl":"https:\/\/evertonfc.cz\/wp-content\/uploads\/2022\/01\/norwich_invader.png","datePublished":"2022-01-15T17:27:06+00:00","dateModified":"2022-01-17T12:02:30+00:00","breadcrumb":{"@id":"https:\/\/evertonfc.cz\/index.php\/2022\/01\/15\/norwich-city-everton-21-2\/#breadcrumb"},"inLanguage":"cs","potentialAction":[{"@type":"ReadAction","target":["https:\/\/evertonfc.cz\/index.php\/2022\/01\/15\/norwich-city-everton-21-2\/"]}]},{"@type":"ImageObject","inLanguage":"cs","@id":"https:\/\/evertonfc.cz\/index.php\/2022\/01\/15\/norwich-city-everton-21-2\/#primaryimage","url":"https:\/\/evertonfc.cz\/wp-content\/uploads\/2022\/01\/norwich_invader.png","contentUrl":"https:\/\/evertonfc.cz\/wp-content\/uploads\/2022\/01\/norwich_invader.png","width":720,"height":405},{"@type":"BreadcrumbList","@id":"https:\/\/evertonfc.cz\/index.php\/2022\/01\/15\/norwich-city-everton-21-2\/#breadcrumb","itemListElement":[{"@type":"ListItem","position":1,"name":"Home","item":"https:\/\/evertonfc.cz\/"},{"@type":"ListItem","position":2,"name":"Norwich City \u2013 Everton 2:1"}]},{"@type":"WebSite","@id":"https:\/\/evertonfc.cz\/#website","url":"https:\/\/evertonfc.cz\/","name":"Official Czech &amp; Slovak Everton Supporters&#039; Club","description":"","publisher":{"@id":"https:\/\/evertonfc.cz\/#organization"},"potentialAction":[{"@type":"SearchAction","target":{"@type":"EntryPoint","urlTemplate":"https:\/\/evertonfc.cz\/?s={search_term_string}"},"query-input":{"@type":"PropertyValueSpecification","valueRequired":true,"valueName":"search_term_string"}}],"inLanguage":"cs"},{"@type":"Organization","@id":"https:\/\/evertonfc.cz\/#organization","name":"Official Czech & Slovak Everton Supporters' Club","url":"https:\/\/evertonfc.cz\/","logo":{"@type":"ImageObject","inLanguage":"cs","@id":"https:\/\/evertonfc.cz\/#\/schema\/logo\/image\/","url":"https:\/\/evertonfc.cz\/wp-content\/uploads\/2019\/05\/logo.png","contentUrl":"https:\/\/evertonfc.cz\/wp-content\/uploads\/2019\/05\/logo.png","width":112,"height":112,"caption":"Official Czech & Slovak Everton Supporters' Club"},"image":{"@id":"https:\/\/evertonfc.cz\/#\/schema\/logo\/image\/"},"sameAs":["https:\/\/www.facebook.com\/everton.fans.cz.sk"]},{"@type":"Person","@id":"https:\/\/evertonfc.cz\/#\/schema\/person\/35904009755e8eaa0dc1a5f5f0419002","name":"Fip","url":"https:\/\/evertonfc.cz\/index.php\/author\/fip\/"}]}},"_links":{"self":[{"href":"https:\/\/evertonfc.cz\/index.php\/wp-json\/wp\/v2\/posts\/17465"}],"collection":[{"href":"https:\/\/evertonfc.cz\/index.php\/wp-json\/wp\/v2\/posts"}],"about":[{"href":"https:\/\/evertonfc.cz\/index.php\/wp-json\/wp\/v2\/types\/post"}],"author":[{"embeddable":true,"href":"https:\/\/evertonfc.cz\/index.php\/wp-json\/wp\/v2\/users\/10"}],"replies":[{"embeddable":true,"href":"https:\/\/evertonfc.cz\/index.php\/wp-json\/wp\/v2\/comments?post=17465"}],"version-history":[{"count":8,"href":"https:\/\/evertonfc.cz\/index.php\/wp-json\/wp\/v2\/posts\/17465\/revisions"}],"predecessor-version":[{"id":17496,"href":"https:\/\/evertonfc.cz\/index.php\/wp-json\/wp\/v2\/posts\/17465\/revisions\/17496"}],"wp:featuredmedia":[{"embeddable":true,"href":"https:\/\/evertonfc.cz\/index.php\/wp-json\/wp\/v2\/media\/17464"}],"wp:attachment":[{"href":"https:\/\/evertonfc.cz\/index.php\/wp-json\/wp\/v2\/media?parent=17465"}],"wp:term":[{"taxonomy":"category","embeddable":true,"href":"https:\/\/evertonfc.cz\/index.php\/wp-json\/wp\/v2\/categories?post=17465"},{"taxonomy":"post_tag","embeddable":true,"href":"https:\/\/evertonfc.cz\/index.php\/wp-json\/wp\/v2\/tags?post=17465"}],"curies":[{"name":"wp","href":"https:\/\/api.w.org\/{rel}","templated":true}]}}