{"id":17534,"date":"2022-01-22T10:37:46","date_gmt":"2022-01-22T09:37:46","guid":{"rendered":"https:\/\/evertonfc.cz\/?p=17534"},"modified":"2023-11-02T12:35:54","modified_gmt":"2023-11-02T11:35:54","slug":"preview-everton-aston-villa-9","status":"publish","type":"post","link":"https:\/\/evertonfc.cz\/index.php\/2022\/01\/22\/preview-everton-aston-villa-9\/","title":{"rendered":"Preview: Everton &#8211; Aston Villa"},"content":{"rendered":"<h4>Duncan Ferguson podruh\u00e9. Skotsk\u00fd \u00fato\u010dn\u00edk si vyzkou\u0161\u00ed pozici \u0161\u00e9fa mu\u017esk\u00e9ho \u00e1\u010dka &#8211; a op\u011bt do\u010dasn\u011b.<\/h4>\n<p>V souvislosti s jeho n\u00e1sledovn\u00edkem se mluv\u00ed\u00a0 o trojici Rooney-Lampard-Cannavaro, nev\u00fdhodou prvn\u011b jmenovan\u00e9ho je fakt, \u017ee je smluvn\u011b zav\u00e1zan na stejn\u00e9 pozici v Derby County, kter\u00e9 m\u00e1 finan\u010dn\u00ed probl\u00e9my a za\u010dalo sez\u00f3nu kv\u016fli nim s jednadvacetibodov\u00fdm odpo\u010dtem &#8211; veden\u00ed klubu by ho tedy muselo pustit, p\u0159i\u010dem\u017e Berani jsou p\u0159edposledn\u00ed, Lampard s Cannavarem jsou voln\u00ed a mohou nastoupit ihned. Pravd\u011bpodobn\u011b se rozhodne p\u0159\u00ed\u0161t\u00ed t\u00fdden, kdy m\u00e1 Premier League zimn\u00ed p\u0159est\u00e1vku, tak uvid\u00edme.<\/p>\n<p>I Aston Villa b\u011bhem t\u00e9to sez\u00f3ny vym\u011bnila mana\u017eera. Dean Smith byl vyhozen 7. listopadu a na jeho m\u00edsto p\u0159i\u0161el Slippy. Ten se v lednu zat\u00edm \u010din\u00ed, na hostov\u00e1n\u00ed do konce sez\u00f3ny p\u0159i\u0161el z Barcelony Coutinho <a href=\"https:\/\/www.dailymail.co.uk\/sport\/football\/article-10428941\/Philippe-Coutinho-Allan-childhood-friends-meet-againwhen-Everton-face-Aston-Villa.html\">(kamar\u00e1d Allana je\u0161t\u011b z dob, kdy hr\u00e1li ve Vasco de Gama)<\/a> a tak\u00e9 si <a href=\"https:\/\/evertonfc.cz\/index.php\/2022\/01\/13\/drsny-rozvod-s-dignem\/\">po\u0159\u00eddili nov\u00e9ho lev\u00e9ho obr\u00e1nce.<\/a> Zaj\u00edmav\u011b je vy\u0159e\u0161en\u00e1 pozice brank\u00e1\u0159e, Martinez (ne Roberto) prodlou\u017eil smlouvu o t\u0159i roky a sou\u010dasn\u011b byl na hostov\u00e1n\u00ed do konce sez\u00f3ny podeps\u00e1n z AS \u0158\u00edm Olsen, kter\u00fd str\u00e1vil minulou sez\u00f3nu pr\u00e1v\u011b v Goodison Parku. Pod nov\u00fdm mana\u017eerem p\u0159ece jen p\u0159i\u0161la n\u011bjak\u00e1 ta v\u00fdhra, le\u010d st\u00e1le jsou Villans na t\u0159in\u00e1ct\u00e9 pozici se \u010dty\u0159bodov\u00fdm n\u00e1skokem na Everton.<\/p>\n<p>Celkov\u00e1 bilance nejhran\u011bj\u0161\u00edho utk\u00e1n\u00ed v anglick\u00e9 kopan\u00e9 je vz\u00e1cn\u011b vyrovnan\u00e1 &#8211; oba t\u00fdmy maj\u00ed 76 v\u00fdher, k\u0159\u00ed\u017e se p\u0159ihodil p\u011btapades\u00e1tkr\u00e1t. Jedna z t\u011bchto v\u00fdher byla prvn\u00ed v historii Premier League (kdy\u017e zjednodu\u0161en\u011b redukujeme historii nejvy\u0161\u0161\u00ed anglick\u00e9 sout\u011b\u017ee na posledn\u00edch 29 rok\u016f), nejt\u011bsn\u011bj\u0161\u00ed v\u00fdhru zajistil Evertonu Mo Johnston. Host\u016fm se po odpyk\u00e1n\u00ed jednoz\u00e1pasov\u00e9ho trestu za vylou\u010den\u00ed vrac\u00ed McGinn, Olsen mo\u017en\u00e1 bude na lavi\u010dce d\u011blat spole\u010dnost Dignemu, ne\u017e sv\u00fdm nov\u00fdm spoluhr\u00e1\u010d\u016fm uk\u00e1\u017eou Goodison Park zevnit\u0159. \u00da\u010dast Konsy je s otazn\u00edkem, bok ho mo\u017en\u00e1 do z\u00e1pasu nepust\u00ed. Do utk\u00e1n\u00ed nezas\u00e1hnou zran\u011bn\u00ed Bailey (l\u00fdtko) a Nakamba (koleno), Traor\u00e9 je na mistrovstv\u00ed Afriky.<\/p>\n<p>Evertonu bude kv\u016fli v\u00e1\u017en\u011bj\u0161\u00edmu zran\u011bn\u00ed p\u0159itahova\u010de stehenn\u00edho svalu chyb\u011bt Delph (spekuluje se, \u017ee si nezahraje ji\u017e do konce sez\u00f3ny), to sam\u00e9 m\u00edsto m\u011bl operovan\u00e9 Davies, kter\u00fd pokra\u010duje v rehabilitaci po operaci. Jeho absence bude trvat n\u011bjak\u00fd ten m\u011bs\u00edc. Iwobi si na mistrovstv\u00ed Afriky pln\u00ed reprezenta\u010dn\u00ed povinnosti. Naopak by m\u011bl b\u00fdt p\u0159ipraven\u00fd nastoupit k z\u00e1pasu Allan, kter\u00fd v Norwichi nehr\u00e1l kv\u016fli nemoci.<\/p>\n<p>Jedna v\u011bc je jist\u00e1 &#8211; s motivac\u00ed a s novou energi\u00ed by z\u00e1kladn\u00ed sestava Evertonu nem\u011bla m\u00edt probl\u00e9m.<\/p>\n<p><strong>Co:\u00a0<\/strong>Everton FC &#8211; Aston Villa FC, 23. kolo Premier League<br \/>\n<strong>Kdy:\u00a0<\/strong>22. 1. 2022 od 13:30<br \/>\n<strong>Kde:\u00a0<\/strong>Goodison Park, Liverpool (kapacita: 39\u00a0572)<br \/>\n<strong>TV:\u00a0<\/strong>P\u0159\u00edm\u00fd p\u0159enos na stanici Premier Sport 1<br \/>\n<strong>Rozhod\u010d\u00ed: <\/strong>Craig Pawson &#8211; Simon Bennett, Richard West\u00a0\u00a0<strong>\u010ctvrt\u00fd rozhod\u010d\u00ed:\u00a0<\/strong>Andy Madley<br \/>\n<strong>Videorozhod\u010d\u00ed:<\/strong> John Brooks\u00a0 <strong>Asistent videorozhod\u010d\u00edho: <\/strong>Dan Robathan<\/p>\n","protected":false},"excerpt":{"rendered":"<p>Duncan Ferguson podruh\u00e9. Skotsk\u00fd \u00fato\u010dn\u00edk si vyzkou\u0161\u00ed pozici \u0161\u00e9fa mu\u017esk\u00e9ho \u00e1\u010dka &#8211; a op\u011bt do\u010dasn\u011b.<\/p>\n","protected":false},"author":12,"featured_media":15183,"comment_status":"open","ping_status":"closed","sticky":false,"template":"","format":"standard","meta":{"_eb_attr":"","_monsterinsights_skip_tracking":false,"_monsterinsights_sitenote_active":false,"_monsterinsights_sitenote_note":"","_monsterinsights_sitenote_category":0,"footnotes":""},"categories":[4],"tags":[],"yoast_head":"<!-- This site is optimized with the Yoast SEO plugin v23.4 - https:\/\/yoast.com\/wordpress\/plugins\/seo\/ -->\n<title>Preview: Everton - Aston Villa - Official Czech &amp; Slovak Everton Supporters&#039; Club<\/title>\n<meta name=\"description\" content=\"Duncan Ferguson podruh\u00e9.\" \/>\n<meta name=\"robots\" content=\"index, follow, max-snippet:-1, max-image-preview:large, max-video-preview:-1\" \/>\n<link rel=\"canonical\" href=\"https:\/\/evertonfc.cz\/index.php\/2022\/01\/22\/preview-everton-aston-villa-9\/\" \/>\n<meta property=\"og:locale\" content=\"cs_CZ\" \/>\n<meta property=\"og:type\" content=\"article\" \/>\n<meta property=\"og:title\" content=\"Preview: Everton - Aston Villa - Official Czech &amp; Slovak Everton Supporters&#039; Club\" \/>\n<meta property=\"og:description\" content=\"Duncan Ferguson podruh\u00e9.\" \/>\n<meta property=\"og:url\" content=\"https:\/\/evertonfc.cz\/index.php\/2022\/01\/22\/preview-everton-aston-villa-9\/\" \/>\n<meta property=\"og:site_name\" content=\"Official Czech &amp; Slovak Everton Supporters&#039; Club\" \/>\n<meta property=\"article:publisher\" content=\"https:\/\/www.facebook.com\/everton.fans.cz.sk\" \/>\n<meta property=\"article:published_time\" content=\"2022-01-22T09:37:46+00:00\" \/>\n<meta property=\"article:modified_time\" content=\"2023-11-02T11:35:54+00:00\" \/>\n<meta property=\"og:image\" content=\"https:\/\/evertonfc.cz\/wp-content\/uploads\/2021\/05\/Everton-VS-Aston-Villa.png\" \/>\n\t<meta property=\"og:image:width\" content=\"720\" \/>\n\t<meta property=\"og:image:height\" content=\"405\" \/>\n\t<meta property=\"og:image:type\" content=\"image\/png\" \/>\n<meta name=\"author\" content=\"Javor\" \/>\n<meta name=\"twitter:card\" content=\"summary_large_image\" \/>\n<meta name=\"twitter:creator\" content=\"@LoudinJan\" \/>\n<meta name=\"twitter:label1\" content=\"Napsal(a)\" \/>\n\t<meta name=\"twitter:data1\" content=\"Javor\" \/>\n\t<meta name=\"twitter:label2\" content=\"Odhadovan\u00e1 doba \u010dten\u00ed\" \/>\n\t<meta name=\"twitter:data2\" content=\"3 minuty\" \/>\n<script type=\"application\/ld+json\" class=\"yoast-schema-graph\">{\"@context\":\"https:\/\/schema.org\",\"@graph\":[{\"@type\":\"Article\",\"@id\":\"https:\/\/evertonfc.cz\/index.php\/2022\/01\/22\/preview-everton-aston-villa-9\/#article\",\"isPartOf\":{\"@id\":\"https:\/\/evertonfc.cz\/index.php\/2022\/01\/22\/preview-everton-aston-villa-9\/\"},\"author\":{\"name\":\"Javor\",\"@id\":\"https:\/\/evertonfc.cz\/#\/schema\/person\/b30daf6a5852f4811f8207a17ec1bf78\"},\"headline\":\"Preview: Everton &#8211; Aston Villa\",\"datePublished\":\"2022-01-22T09:37:46+00:00\",\"dateModified\":\"2023-11-02T11:35:54+00:00\",\"mainEntityOfPage\":{\"@id\":\"https:\/\/evertonfc.cz\/index.php\/2022\/01\/22\/preview-everton-aston-villa-9\/\"},\"wordCount\":558,\"commentCount\":22,\"publisher\":{\"@id\":\"https:\/\/evertonfc.cz\/#organization\"},\"image\":{\"@id\":\"https:\/\/evertonfc.cz\/index.php\/2022\/01\/22\/preview-everton-aston-villa-9\/#primaryimage\"},\"thumbnailUrl\":\"https:\/\/evertonfc.cz\/wp-content\/uploads\/2021\/05\/Everton-VS-Aston-Villa.png\",\"articleSection\":[\"Z\u00e1pasy\"],\"inLanguage\":\"cs\",\"potentialAction\":[{\"@type\":\"CommentAction\",\"name\":\"Comment\",\"target\":[\"https:\/\/evertonfc.cz\/index.php\/2022\/01\/22\/preview-everton-aston-villa-9\/#respond\"]}]},{\"@type\":\"WebPage\",\"@id\":\"https:\/\/evertonfc.cz\/index.php\/2022\/01\/22\/preview-everton-aston-villa-9\/\",\"url\":\"https:\/\/evertonfc.cz\/index.php\/2022\/01\/22\/preview-everton-aston-villa-9\/\",\"name\":\"Preview: Everton - Aston Villa - Official Czech &amp; Slovak Everton Supporters&#039; Club\",\"isPartOf\":{\"@id\":\"https:\/\/evertonfc.cz\/#website\"},\"primaryImageOfPage\":{\"@id\":\"https:\/\/evertonfc.cz\/index.php\/2022\/01\/22\/preview-everton-aston-villa-9\/#primaryimage\"},\"image\":{\"@id\":\"https:\/\/evertonfc.cz\/index.php\/2022\/01\/22\/preview-everton-aston-villa-9\/#primaryimage\"},\"thumbnailUrl\":\"https:\/\/evertonfc.cz\/wp-content\/uploads\/2021\/05\/Everton-VS-Aston-Villa.png\",\"datePublished\":\"2022-01-22T09:37:46+00:00\",\"dateModified\":\"2023-11-02T11:35:54+00:00\",\"description\":\"Duncan Ferguson podruh\u00e9.\",\"breadcrumb\":{\"@id\":\"https:\/\/evertonfc.cz\/index.php\/2022\/01\/22\/preview-everton-aston-villa-9\/#breadcrumb\"},\"inLanguage\":\"cs\",\"potentialAction\":[{\"@type\":\"ReadAction\",\"target\":[\"https:\/\/evertonfc.cz\/index.php\/2022\/01\/22\/preview-everton-aston-villa-9\/\"]}]},{\"@type\":\"ImageObject\",\"inLanguage\":\"cs\",\"@id\":\"https:\/\/evertonfc.cz\/index.php\/2022\/01\/22\/preview-everton-aston-villa-9\/#primaryimage\",\"url\":\"https:\/\/evertonfc.cz\/wp-content\/uploads\/2021\/05\/Everton-VS-Aston-Villa.png\",\"contentUrl\":\"https:\/\/evertonfc.cz\/wp-content\/uploads\/2021\/05\/Everton-VS-Aston-Villa.png\",\"width\":720,\"height\":405},{\"@type\":\"BreadcrumbList\",\"@id\":\"https:\/\/evertonfc.cz\/index.php\/2022\/01\/22\/preview-everton-aston-villa-9\/#breadcrumb\",\"itemListElement\":[{\"@type\":\"ListItem\",\"position\":1,\"name\":\"Home\",\"item\":\"https:\/\/evertonfc.cz\/\"},{\"@type\":\"ListItem\",\"position\":2,\"name\":\"Preview: Everton &#8211; Aston Villa\"}]},{\"@type\":\"WebSite\",\"@id\":\"https:\/\/evertonfc.cz\/#website\",\"url\":\"https:\/\/evertonfc.cz\/\",\"name\":\"Official Czech &amp; Slovak Everton Supporters&#039; Club\",\"description\":\"\",\"publisher\":{\"@id\":\"https:\/\/evertonfc.cz\/#organization\"},\"potentialAction\":[{\"@type\":\"SearchAction\",\"target\":{\"@type\":\"EntryPoint\",\"urlTemplate\":\"https:\/\/evertonfc.cz\/?s={search_term_string}\"},\"query-input\":{\"@type\":\"PropertyValueSpecification\",\"valueRequired\":true,\"valueName\":\"search_term_string\"}}],\"inLanguage\":\"cs\"},{\"@type\":\"Organization\",\"@id\":\"https:\/\/evertonfc.cz\/#organization\",\"name\":\"Official Czech & Slovak Everton Supporters' Club\",\"url\":\"https:\/\/evertonfc.cz\/\",\"logo\":{\"@type\":\"ImageObject\",\"inLanguage\":\"cs\",\"@id\":\"https:\/\/evertonfc.cz\/#\/schema\/logo\/image\/\",\"url\":\"https:\/\/evertonfc.cz\/wp-content\/uploads\/2019\/05\/logo.png\",\"contentUrl\":\"https:\/\/evertonfc.cz\/wp-content\/uploads\/2019\/05\/logo.png\",\"width\":112,\"height\":112,\"caption\":\"Official Czech & Slovak Everton Supporters' Club\"},\"image\":{\"@id\":\"https:\/\/evertonfc.cz\/#\/schema\/logo\/image\/\"},\"sameAs\":[\"https:\/\/www.facebook.com\/everton.fans.cz.sk\"]},{\"@type\":\"Person\",\"@id\":\"https:\/\/evertonfc.cz\/#\/schema\/person\/b30daf6a5852f4811f8207a17ec1bf78\",\"name\":\"Javor\",\"sameAs\":[\"https:\/\/x.com\/LoudinJan\"],\"url\":\"https:\/\/evertonfc.cz\/index.php\/author\/javor\/\"}]}<\/script>\n<!-- \/ Yoast SEO plugin. -->","yoast_head_json":{"title":"Preview: Everton - Aston Villa - Official Czech &amp; Slovak Everton Supporters&#039; Club","description":"Duncan Ferguson podruh\u00e9.","robots":{"index":"index","follow":"follow","max-snippet":"max-snippet:-1","max-image-preview":"max-image-preview:large","max-video-preview":"max-video-preview:-1"},"canonical":"https:\/\/evertonfc.cz\/index.php\/2022\/01\/22\/preview-everton-aston-villa-9\/","og_locale":"cs_CZ","og_type":"article","og_title":"Preview: Everton - Aston Villa - Official Czech &amp; Slovak Everton Supporters&#039; Club","og_description":"Duncan Ferguson podruh\u00e9.","og_url":"https:\/\/evertonfc.cz\/index.php\/2022\/01\/22\/preview-everton-aston-villa-9\/","og_site_name":"Official Czech &amp; Slovak Everton Supporters&#039; Club","article_publisher":"https:\/\/www.facebook.com\/everton.fans.cz.sk","article_published_time":"2022-01-22T09:37:46+00:00","article_modified_time":"2023-11-02T11:35:54+00:00","og_image":[{"width":720,"height":405,"url":"https:\/\/evertonfc.cz\/wp-content\/uploads\/2021\/05\/Everton-VS-Aston-Villa.png","type":"image\/png"}],"author":"Javor","twitter_card":"summary_large_image","twitter_creator":"@LoudinJan","twitter_misc":{"Napsal(a)":"Javor","Odhadovan\u00e1 doba \u010dten\u00ed":"3 minuty"},"schema":{"@context":"https:\/\/schema.org","@graph":[{"@type":"Article","@id":"https:\/\/evertonfc.cz\/index.php\/2022\/01\/22\/preview-everton-aston-villa-9\/#article","isPartOf":{"@id":"https:\/\/evertonfc.cz\/index.php\/2022\/01\/22\/preview-everton-aston-villa-9\/"},"author":{"name":"Javor","@id":"https:\/\/evertonfc.cz\/#\/schema\/person\/b30daf6a5852f4811f8207a17ec1bf78"},"headline":"Preview: Everton &#8211; Aston Villa","datePublished":"2022-01-22T09:37:46+00:00","dateModified":"2023-11-02T11:35:54+00:00","mainEntityOfPage":{"@id":"https:\/\/evertonfc.cz\/index.php\/2022\/01\/22\/preview-everton-aston-villa-9\/"},"wordCount":558,"commentCount":22,"publisher":{"@id":"https:\/\/evertonfc.cz\/#organization"},"image":{"@id":"https:\/\/evertonfc.cz\/index.php\/2022\/01\/22\/preview-everton-aston-villa-9\/#primaryimage"},"thumbnailUrl":"https:\/\/evertonfc.cz\/wp-content\/uploads\/2021\/05\/Everton-VS-Aston-Villa.png","articleSection":["Z\u00e1pasy"],"inLanguage":"cs","potentialAction":[{"@type":"CommentAction","name":"Comment","target":["https:\/\/evertonfc.cz\/index.php\/2022\/01\/22\/preview-everton-aston-villa-9\/#respond"]}]},{"@type":"WebPage","@id":"https:\/\/evertonfc.cz\/index.php\/2022\/01\/22\/preview-everton-aston-villa-9\/","url":"https:\/\/evertonfc.cz\/index.php\/2022\/01\/22\/preview-everton-aston-villa-9\/","name":"Preview: Everton - Aston Villa - Official Czech &amp; Slovak Everton Supporters&#039; Club","isPartOf":{"@id":"https:\/\/evertonfc.cz\/#website"},"primaryImageOfPage":{"@id":"https:\/\/evertonfc.cz\/index.php\/2022\/01\/22\/preview-everton-aston-villa-9\/#primaryimage"},"image":{"@id":"https:\/\/evertonfc.cz\/index.php\/2022\/01\/22\/preview-everton-aston-villa-9\/#primaryimage"},"thumbnailUrl":"https:\/\/evertonfc.cz\/wp-content\/uploads\/2021\/05\/Everton-VS-Aston-Villa.png","datePublished":"2022-01-22T09:37:46+00:00","dateModified":"2023-11-02T11:35:54+00:00","description":"Duncan Ferguson podruh\u00e9.","breadcrumb":{"@id":"https:\/\/evertonfc.cz\/index.php\/2022\/01\/22\/preview-everton-aston-villa-9\/#breadcrumb"},"inLanguage":"cs","potentialAction":[{"@type":"ReadAction","target":["https:\/\/evertonfc.cz\/index.php\/2022\/01\/22\/preview-everton-aston-villa-9\/"]}]},{"@type":"ImageObject","inLanguage":"cs","@id":"https:\/\/evertonfc.cz\/index.php\/2022\/01\/22\/preview-everton-aston-villa-9\/#primaryimage","url":"https:\/\/evertonfc.cz\/wp-content\/uploads\/2021\/05\/Everton-VS-Aston-Villa.png","contentUrl":"https:\/\/evertonfc.cz\/wp-content\/uploads\/2021\/05\/Everton-VS-Aston-Villa.png","width":720,"height":405},{"@type":"BreadcrumbList","@id":"https:\/\/evertonfc.cz\/index.php\/2022\/01\/22\/preview-everton-aston-villa-9\/#breadcrumb","itemListElement":[{"@type":"ListItem","position":1,"name":"Home","item":"https:\/\/evertonfc.cz\/"},{"@type":"ListItem","position":2,"name":"Preview: Everton &#8211; Aston Villa"}]},{"@type":"WebSite","@id":"https:\/\/evertonfc.cz\/#website","url":"https:\/\/evertonfc.cz\/","name":"Official Czech &amp; Slovak Everton Supporters&#039; Club","description":"","publisher":{"@id":"https:\/\/evertonfc.cz\/#organization"},"potentialAction":[{"@type":"SearchAction","target":{"@type":"EntryPoint","urlTemplate":"https:\/\/evertonfc.cz\/?s={search_term_string}"},"query-input":{"@type":"PropertyValueSpecification","valueRequired":true,"valueName":"search_term_string"}}],"inLanguage":"cs"},{"@type":"Organization","@id":"https:\/\/evertonfc.cz\/#organization","name":"Official Czech & Slovak Everton Supporters' Club","url":"https:\/\/evertonfc.cz\/","logo":{"@type":"ImageObject","inLanguage":"cs","@id":"https:\/\/evertonfc.cz\/#\/schema\/logo\/image\/","url":"https:\/\/evertonfc.cz\/wp-content\/uploads\/2019\/05\/logo.png","contentUrl":"https:\/\/evertonfc.cz\/wp-content\/uploads\/2019\/05\/logo.png","width":112,"height":112,"caption":"Official Czech & Slovak Everton Supporters' Club"},"image":{"@id":"https:\/\/evertonfc.cz\/#\/schema\/logo\/image\/"},"sameAs":["https:\/\/www.facebook.com\/everton.fans.cz.sk"]},{"@type":"Person","@id":"https:\/\/evertonfc.cz\/#\/schema\/person\/b30daf6a5852f4811f8207a17ec1bf78","name":"Javor","sameAs":["https:\/\/x.com\/LoudinJan"],"url":"https:\/\/evertonfc.cz\/index.php\/author\/javor\/"}]}},"_links":{"self":[{"href":"https:\/\/evertonfc.cz\/index.php\/wp-json\/wp\/v2\/posts\/17534"}],"collection":[{"href":"https:\/\/evertonfc.cz\/index.php\/wp-json\/wp\/v2\/posts"}],"about":[{"href":"https:\/\/evertonfc.cz\/index.php\/wp-json\/wp\/v2\/types\/post"}],"author":[{"embeddable":true,"href":"https:\/\/evertonfc.cz\/index.php\/wp-json\/wp\/v2\/users\/12"}],"replies":[{"embeddable":true,"href":"https:\/\/evertonfc.cz\/index.php\/wp-json\/wp\/v2\/comments?post=17534"}],"version-history":[{"count":7,"href":"https:\/\/evertonfc.cz\/index.php\/wp-json\/wp\/v2\/posts\/17534\/revisions"}],"predecessor-version":[{"id":23174,"href":"https:\/\/evertonfc.cz\/index.php\/wp-json\/wp\/v2\/posts\/17534\/revisions\/23174"}],"wp:featuredmedia":[{"embeddable":true,"href":"https:\/\/evertonfc.cz\/index.php\/wp-json\/wp\/v2\/media\/15183"}],"wp:attachment":[{"href":"https:\/\/evertonfc.cz\/index.php\/wp-json\/wp\/v2\/media?parent=17534"}],"wp:term":[{"taxonomy":"category","embeddable":true,"href":"https:\/\/evertonfc.cz\/index.php\/wp-json\/wp\/v2\/categories?post=17534"},{"taxonomy":"post_tag","embeddable":true,"href":"https:\/\/evertonfc.cz\/index.php\/wp-json\/wp\/v2\/tags?post=17534"}],"curies":[{"name":"wp","href":"https:\/\/api.w.org\/{rel}","templated":true}]}}