{"id":17544,"date":"2022-01-23T08:53:54","date_gmt":"2022-01-23T07:53:54","guid":{"rendered":"https:\/\/evertonfc.cz\/?p=17544"},"modified":"2022-01-23T15:35:23","modified_gmt":"2022-01-23T14:35:23","slug":"everton-aston-villa-01","status":"publish","type":"post","link":"https:\/\/evertonfc.cz\/index.php\/2022\/01\/23\/everton-aston-villa-01\/","title":{"rendered":"Everton &#8211; Aston Villa 0:1"},"content":{"rendered":"<h4>Lucas Digne op\u011bt dok\u00e1zal, \u017ee je skv\u011bl\u00fdm nahr\u00e1va\u010dem a p\u0159ihr\u00e1l v Goodison Parku na v\u00edt\u011bzn\u00fd g\u00f3l pro sv\u016fj t\u00fdm. Bohu\u017eel pro Toffees u\u017e obl\u00e9k\u00e1 dres rivala z Birminghamu.<\/h4>\n<p>N\u00e1vrat klubov\u00e9 legendy Duncana Fergusona do role provizorn\u00edho kou\u010de p\u0159inesl do hry dom\u00e1c\u00edch jist\u00e9 zlep\u0161en\u00ed, nicm\u00e9n\u011b na body to proti Aston Ville nesta\u010dilo. Zejm\u00e9na d\u00edky st\u0159eleck\u00e9 impotenci Evertonu v prvn\u00ed p\u016fli a poctiv\u00e9mu br\u00e1n\u011bn\u00ed t\u011bsn\u00e9ho vysledku ze strany Aston Villy v polo\u010dase druh\u00e9m. Do z\u00e1pasu nasko\u010dily na stran\u011b host\u016f ob\u011b velk\u00e9 zimn\u00ed posily &#8211; Philippe Coutinho i Lucas Digne. Naopak na stran\u011b dom\u00e1c\u00edch se Mykolenko s Pattersonem nedostali ani na lavi\u010dku, Al Ghazi nemohl do z\u00e1pasu nastoupit, proto\u017ee hostuje pr\u00e1v\u011b z Aston Villy. Oproti posledn\u00edmu ligov\u00e9mu z\u00e1pasu se v sestav\u011b objevilo od za\u010d\u00e1tku p\u011bt nov\u00fdch tv\u00e1\u0159\u00ed,\u00a0 zejm\u00e9na v obran\u011b nez\u016fstal k\u00e1men na kameni. Do hry nasko\u010dili Kenny, Mina, Holgate, Townsend a Richarlison.<\/p>\n<h4>Hrdinov\u00e9 nov\u00e9 fronty<\/h4>\n<p>Za\u010dala se ps\u00e1t nov\u00e1 \u010d\u00e1st klubov\u00e9 historie a p\u0159i\u0161la \u0161ance d\u00e1t zapomenout na tristn\u00ed bilanci z posledn\u00edch z\u00e1pas\u016f. U\u017e od prvn\u00edch minut z\u00e1pasu hr\u00e1\u010di jezdili po h\u0159i\u0161ti doslova s tot\u00e1ln\u00edm nasazen\u00edm a zapln\u011bn\u00e9 tribuny Goodison Parku to n\u00e1le\u017eit\u011b oce\u0148ovaly. P\u0159esto si prvn\u00ed \u0161ance vytvo\u0159ili host\u00e9, v osm\u00e9 minut\u011b po standartce m\u00ed\u0159il nad Luiz, prvn\u00ed st\u0159elu mezi t\u0159i ty\u010de zaregistroval v 15. minut\u011b Buend\u00eda, Pickford jeho p\u0159\u00edzemn\u00ed st\u0159elu bez probl\u00e9m\u016f kryl. N\u00e1sledn\u00e1 desetiminutovka p\u0159inesla jist\u00e9 uklidn\u011bn\u00ed, upu\u0161t\u011bn\u00ed od presingu, boj se odehr\u00e1val hlavn\u011b o st\u0159ed h\u0159i\u0161t\u011b. Ve 28.minut\u011b dostali dom\u00e1c\u00ed ide\u00e1ln\u00ed \u0161anci ohrozit soupe\u0159ovu br\u00e1nu. Ve st\u0159edu h\u0159i\u0161t\u011b chyboval rozehr\u00e1vaj\u00edc\u00ed Digne a pustil tak do proti\u00fatoku dva na jednoho Richarlisona a Doucour\u00e9ho. Druh\u00fd jmenovan\u00fd ov\u0161em nedok\u00e1zal Brazilci p\u0159esn\u011b p\u0159ihr\u00e1t a vyb\u011bhnuv\u0161\u00ed Emiliano Mart\u00ednez dal v\u0161em jasn\u011b najevo, \u017ee zm\u011bnu sk\u00f3re nedopust\u00ed.<\/p>\n<h4>Kritick\u00e1 situace. A bude h\u016f\u0159&#8230;<\/h4>\n<p>Bohu\u017eel nep\u0159esnost\u00ed bylo ve h\u0159e dom\u00e1c\u00edch zoufale mnoho, i proto v prvn\u00edm polo\u010dase nedok\u00e1zali Toffees vyst\u0159elit na br\u00e1nu. P\u0159es jasn\u00e9 zlep\u0161en\u00ed oproti posledn\u00edmu ligov\u00e9mu z\u00e1pasu prost\u011b Karamelk\u00e1m chyb\u011bla kreativita v \u00fato\u010dn\u00e9 f\u00e1zi a schopnost zakon\u010dit rozjetou akci. \u0160ance si tak logicky p\u0159ipisovali sp\u00ed\u0161e host\u00e9 &#8211; a\u0165 u\u017e zblokovanou hlavi\u010dku Buend\u00edi z 35.minuty, nebo p\u0159\u00edzemn\u00ed st\u0159elu Watkinse kter\u00e1 p\u0159i\u0161la o dv\u011b minuty pozd\u011bji. Z\u00e1pas pln\u00fd osobn\u00edch souboj\u016f dok\u00e1zal rozhod\u010d\u00ed Craig Pawson ust\u00e1t bez karetn\u00edho napom\u00edn\u00e1n\u00ed a\u017e do nastaven\u00ed prvn\u00ed p\u016fle, kdy \u017elutou vyfasoval Andre Gomes. Po n\u00e1sledn\u00e9m p\u0159\u00edm\u00e1ku se k hlavi\u010dce dostal Coutinho, Pickford mu jeho pokus pod b\u0159evno zne\u0161kodnil a Lucas Digne tak dostal \u0161anci zahr\u00e1vat rohov\u00fd kop. Centr si na prvn\u00ed ty\u010di na\u0161el Buend\u00eda a korunoval sv\u016fj poveden\u00fd v\u00fdkon g\u00f3lovou hlavi\u010dkou &#8211; <strong>0:1<\/strong>.<\/p>\n<h4>Znouzectnost<\/h4>\n<p>&#8230;i tak by se dal definovat v\u00fdkon Karamelek v prvn\u00ed p\u016fli, p\u0159es ve\u0161kerou snahu se nepoda\u0159ilo naj\u00edt recept na obranu Aston Villy. Do druh\u00e9 p\u016fle poslal Ferguson stejnou jeden\u00e1ctku, nim\u00e9n\u011b u\u017e po deseti minut\u00e1ch se ze h\u0159i\u0161t\u011b porou\u010deli postupn\u011b Gomes a Townsend, kter\u00e9 nahradili Allan s Gordonem. Hlavn\u011b druh\u00fd jmenovan\u00fd p\u0159inesl do hry v \u00fato\u010dn\u00e9 f\u00e1zi v\u00fdrazn\u00e9 o\u017eiven\u00ed a u\u017e v 57. minut\u011b po jeho centru hlavi\u010dkoval nad Richalison. Bezesporu jedna z m\u00e1la poveden\u00fdch akc\u00ed v prozatimn\u00edm v\u00fdvoji z\u00e1pasu. Prvn\u00ed st\u0159ela na br\u00e1nu p\u0159i\u0161la vz\u00e1p\u011bt\u00ed, po rohov\u00e9m kopu hlavi\u010dkovali postupn\u011b Godfrey, DCL a op\u011bt Godfrey, nicm\u00e9n\u011b Martinez bez v\u011bt\u0161\u00ed n\u00e1mahy m\u00ed\u010d zne\u0161kodnil.<\/p>\n<h4>Vyrovn\u00e1n\u00ed? Nep\u0159ich\u00e1z\u00ed v \u00favahu<\/h4>\n<p>V 65. minut\u011b se do hry dostal m\u00edsto zran\u011bn\u00e9ho Doucour\u00e9ho Tyler Onyango a pos\u00edlil tak &#8222;velik\u00e1ny&#8220; Minu s Calvert-Lewinem. V honb\u011b za vyrovn\u00e1n\u00edm si Everton vytvo\u0159il je\u0161t\u011b n\u011bkolik \u0161anc\u00ed a polo\u0161anc\u00ed. Zejm\u00e9na Gordon\u016fv centr z 66.minuty mohl p\u0159in\u00e9st radost do dom\u00e1c\u00edch \u0159ad, nicm\u00e9n\u011b zakon\u010duj\u00edc\u00ed DCL ve skluzu netrefil id\u00e1ln\u011b a vysoko p\u0159est\u0159elil. O chv\u00edli pozd\u011bji se po rohu dostal k hlavi\u010dce Kolubijsk\u00fd stoper Mina, nicm\u00e9n\u011b netrefil, stejn\u011b jako o p\u011bt minut pozd\u011bji kdy mu pro zm\u011bnu p\u0159ihr\u00e1val z hloubi pole Allan. P\u0159es ve\u0161kerou snahu i p\u011btiminutov\u00e9 nastaven\u00ed se Karamelk\u00e1m nepoda\u0159ilo poko\u0159it pozornou obranu Villans a na dal\u0161\u00ed body, kter\u00e9 tak nutn\u011b pot\u0159ebuj\u00ed si budou muset je\u0161t\u011b po\u010dkat.<\/p>\n<p>Nicm\u00e9n\u011b se nemohu ubr\u00e1nit pocitu \u017ee prohran\u00fd z\u00e1pas s Fergusonem na lavi\u010dce bol\u00ed daleko m\u00e9n\u011b ne\u017e dal\u0161\u00ed z\u00e1pas s Ben\u00edtezem&#8230;<\/p>\n<p><span style=\"font-size: 8pt; text-align: right;\">\u00a0 \u00a0 \u00a0 \u00a0 \u00a0 \u00a0 \u00a0 \u00a0 \u00a0 \u00a0 \u00a0 \u00a0 \u00a0 \u00a0 \u00a0 \u00a0 \u00a0 \u00a0 \u00a0 \u00a0 \u00a0 \u00a0 \u00a0 \u00a0 \u00a0 \u00a0 \u00a0 \u00a0 \u00a0 \u00a0 \u00a0 \u00a0 \u00a0 \u00a0 \u00a0 \u00a0 \u00a0 \u00a0 \u00a0 \u00a0 \u00a0 \u00a0 \u00a0 \u00a0 \u00a0 \u00a0 \u00a0 \u00a0 \u00a0 \u00a0 \u00a0 \u00a0 \u00a0 \u00a0 \u00a0 \u00a0 \u00a0 \u00a0 \u00a0 \u00a0 \u00a0 \u00a0 \u00a0 \u00a0 \u00a0 \u00a0 \u00a0 \u00a0 \u00a0 \u00a0 \u00a0 \u00a0 \u00a0 \u00a0 \u00a0 \u00a0 \u00a0 \u00a0 \u00a0 \u00a0 \u00a0 \u00a0 \u00a0 \u00a0 \u00a0 \u00a0 \u00a0 \u00a0 \u00a0 \u00a0 \u00a0 \u00a0 \u00a0 \u00a0 \u00a0 \u00a0 \u00a0 \u00a0 \u00a0 \u00a0 \u00a0 \u00a0 \u00a0 \u00a0 \u00a0 \u00a0(foto: Pool\/Getty Images)<\/span><\/p>\n<p><strong>G\u00f3l:<\/strong> 45+3. Emiliano Buend\u00eda<\/p>\n<p><strong>\u017dlut\u00e9 karty:<\/strong> 45+1. Andr\u00e9 Gomes , 50. Dominic Calvert-Lewin, 58. Yerry Mina, 82. Allan ,83. Ben Godfrey\u00a0 &#8211; 69. Emiliano Mart\u00ednez , 75. Matthew Cash , 86. Tyrone Mings<\/p>\n<p><strong>Everton FC:<\/strong> Jordan Pickford, Ben Godfrey, Yerry Mina, Jonjoe Kenny, Mason Holgate, Andros Townsend (56. Anthony Gordon), Abdoulaye Doucour\u00e9 (65. Tyler Onyango), Andr\u00e9 Gomes (51. Allan), Demarai Gray, Dominic Calvert-Lewin, Richarlison<br \/>\n<strong>Aston Villa:<\/strong> Emiliano Mart\u00ednez, Lucas Digne, Tyrone Mings, Ezri Konsa, Philippe Coutinho (74. Carney Chukwuemeka), John McGinn, Emiliano Buend\u00eda (90. Kortney Hause), Matthew Cash, Douglas Luiz, Jacob Ramsey, Ollie Watkins (79. Danny Ings)<br \/>\n<strong>Rozhod\u010d\u00ed:<\/strong> C. Pawson\u00a0 <strong>Div\u00e1k\u016f:<\/strong> 38 203<\/p>\n","protected":false},"excerpt":{"rendered":"<p>Lucas Digne op\u011bt dok\u00e1zal, \u017ee je skv\u011bl\u00fdm nahr\u00e1va\u010dem a za\u0159\u00eddil v Goodison Parku v\u00edt\u011bzn\u00fd g\u00f3l pro sv\u016fj t\u00fdm. Bohu\u017eel pro Toffees u\u017e obl\u00e9k\u00e1 dres rivala z Birminghamu.<\/p>\n","protected":false},"author":562,"featured_media":17543,"comment_status":"open","ping_status":"closed","sticky":false,"template":"","format":"standard","meta":{"_eb_attr":"","_monsterinsights_skip_tracking":false,"_monsterinsights_sitenote_active":false,"_monsterinsights_sitenote_note":"","_monsterinsights_sitenote_category":0,"footnotes":""},"categories":[4],"tags":[],"yoast_head":"<!-- This site is optimized with the Yoast SEO plugin v23.4 - https:\/\/yoast.com\/wordpress\/plugins\/seo\/ -->\n<title>Everton - Aston Villa 0:1 - Official Czech &amp; Slovak Everton Supporters&#039; Club<\/title>\n<meta name=\"robots\" content=\"index, follow, max-snippet:-1, max-image-preview:large, max-video-preview:-1\" \/>\n<link rel=\"canonical\" href=\"https:\/\/evertonfc.cz\/index.php\/2022\/01\/23\/everton-aston-villa-01\/\" \/>\n<meta property=\"og:locale\" content=\"cs_CZ\" \/>\n<meta property=\"og:type\" content=\"article\" \/>\n<meta property=\"og:title\" content=\"Everton - Aston Villa 0:1 - Official Czech &amp; Slovak Everton Supporters&#039; Club\" \/>\n<meta property=\"og:description\" content=\"Lucas Digne op\u011bt dok\u00e1zal, \u017ee je skv\u011bl\u00fdm nahr\u00e1va\u010dem a za\u0159\u00eddil v Goodison Parku v\u00edt\u011bzn\u00fd g\u00f3l pro sv\u016fj t\u00fdm. Bohu\u017eel pro Toffees u\u017e obl\u00e9k\u00e1 dres rivala z Birminghamu.\" \/>\n<meta property=\"og:url\" content=\"https:\/\/evertonfc.cz\/index.php\/2022\/01\/23\/everton-aston-villa-01\/\" \/>\n<meta property=\"og:site_name\" content=\"Official Czech &amp; Slovak Everton Supporters&#039; Club\" \/>\n<meta property=\"article:publisher\" content=\"https:\/\/www.facebook.com\/everton.fans.cz.sk\" \/>\n<meta property=\"article:published_time\" content=\"2022-01-23T07:53:54+00:00\" \/>\n<meta property=\"article:modified_time\" content=\"2022-01-23T14:35:23+00:00\" \/>\n<meta property=\"og:image\" content=\"https:\/\/evertonfc.cz\/wp-content\/uploads\/2022\/01\/Everton-0-1-aston-villa-23-01-2022.jpg\" \/>\n\t<meta property=\"og:image:width\" content=\"720\" \/>\n\t<meta property=\"og:image:height\" content=\"405\" \/>\n\t<meta property=\"og:image:type\" content=\"image\/jpeg\" \/>\n<meta name=\"author\" content=\"Petr\" \/>\n<meta name=\"twitter:card\" content=\"summary_large_image\" \/>\n<meta name=\"twitter:label1\" content=\"Napsal(a)\" \/>\n\t<meta name=\"twitter:data1\" content=\"Petr\" \/>\n\t<meta name=\"twitter:label2\" content=\"Odhadovan\u00e1 doba \u010dten\u00ed\" \/>\n\t<meta name=\"twitter:data2\" content=\"5 minut\" \/>\n<script type=\"application\/ld+json\" class=\"yoast-schema-graph\">{\"@context\":\"https:\/\/schema.org\",\"@graph\":[{\"@type\":\"Article\",\"@id\":\"https:\/\/evertonfc.cz\/index.php\/2022\/01\/23\/everton-aston-villa-01\/#article\",\"isPartOf\":{\"@id\":\"https:\/\/evertonfc.cz\/index.php\/2022\/01\/23\/everton-aston-villa-01\/\"},\"author\":{\"name\":\"Petr\",\"@id\":\"https:\/\/evertonfc.cz\/#\/schema\/person\/5b54d20cd919070efc6fd6f92621fc50\"},\"headline\":\"Everton &#8211; Aston Villa 0:1\",\"datePublished\":\"2022-01-23T07:53:54+00:00\",\"dateModified\":\"2022-01-23T14:35:23+00:00\",\"mainEntityOfPage\":{\"@id\":\"https:\/\/evertonfc.cz\/index.php\/2022\/01\/23\/everton-aston-villa-01\/\"},\"wordCount\":982,\"commentCount\":7,\"publisher\":{\"@id\":\"https:\/\/evertonfc.cz\/#organization\"},\"image\":{\"@id\":\"https:\/\/evertonfc.cz\/index.php\/2022\/01\/23\/everton-aston-villa-01\/#primaryimage\"},\"thumbnailUrl\":\"https:\/\/evertonfc.cz\/wp-content\/uploads\/2022\/01\/Everton-0-1-aston-villa-23-01-2022.jpg\",\"articleSection\":[\"Z\u00e1pasy\"],\"inLanguage\":\"cs\",\"potentialAction\":[{\"@type\":\"CommentAction\",\"name\":\"Comment\",\"target\":[\"https:\/\/evertonfc.cz\/index.php\/2022\/01\/23\/everton-aston-villa-01\/#respond\"]}]},{\"@type\":\"WebPage\",\"@id\":\"https:\/\/evertonfc.cz\/index.php\/2022\/01\/23\/everton-aston-villa-01\/\",\"url\":\"https:\/\/evertonfc.cz\/index.php\/2022\/01\/23\/everton-aston-villa-01\/\",\"name\":\"Everton - Aston Villa 0:1 - Official Czech &amp; Slovak Everton Supporters&#039; Club\",\"isPartOf\":{\"@id\":\"https:\/\/evertonfc.cz\/#website\"},\"primaryImageOfPage\":{\"@id\":\"https:\/\/evertonfc.cz\/index.php\/2022\/01\/23\/everton-aston-villa-01\/#primaryimage\"},\"image\":{\"@id\":\"https:\/\/evertonfc.cz\/index.php\/2022\/01\/23\/everton-aston-villa-01\/#primaryimage\"},\"thumbnailUrl\":\"https:\/\/evertonfc.cz\/wp-content\/uploads\/2022\/01\/Everton-0-1-aston-villa-23-01-2022.jpg\",\"datePublished\":\"2022-01-23T07:53:54+00:00\",\"dateModified\":\"2022-01-23T14:35:23+00:00\",\"breadcrumb\":{\"@id\":\"https:\/\/evertonfc.cz\/index.php\/2022\/01\/23\/everton-aston-villa-01\/#breadcrumb\"},\"inLanguage\":\"cs\",\"potentialAction\":[{\"@type\":\"ReadAction\",\"target\":[\"https:\/\/evertonfc.cz\/index.php\/2022\/01\/23\/everton-aston-villa-01\/\"]}]},{\"@type\":\"ImageObject\",\"inLanguage\":\"cs\",\"@id\":\"https:\/\/evertonfc.cz\/index.php\/2022\/01\/23\/everton-aston-villa-01\/#primaryimage\",\"url\":\"https:\/\/evertonfc.cz\/wp-content\/uploads\/2022\/01\/Everton-0-1-aston-villa-23-01-2022.jpg\",\"contentUrl\":\"https:\/\/evertonfc.cz\/wp-content\/uploads\/2022\/01\/Everton-0-1-aston-villa-23-01-2022.jpg\",\"width\":720,\"height\":405},{\"@type\":\"BreadcrumbList\",\"@id\":\"https:\/\/evertonfc.cz\/index.php\/2022\/01\/23\/everton-aston-villa-01\/#breadcrumb\",\"itemListElement\":[{\"@type\":\"ListItem\",\"position\":1,\"name\":\"Home\",\"item\":\"https:\/\/evertonfc.cz\/\"},{\"@type\":\"ListItem\",\"position\":2,\"name\":\"Everton &#8211; Aston Villa 0:1\"}]},{\"@type\":\"WebSite\",\"@id\":\"https:\/\/evertonfc.cz\/#website\",\"url\":\"https:\/\/evertonfc.cz\/\",\"name\":\"Official Czech &amp; Slovak Everton Supporters&#039; Club\",\"description\":\"\",\"publisher\":{\"@id\":\"https:\/\/evertonfc.cz\/#organization\"},\"potentialAction\":[{\"@type\":\"SearchAction\",\"target\":{\"@type\":\"EntryPoint\",\"urlTemplate\":\"https:\/\/evertonfc.cz\/?s={search_term_string}\"},\"query-input\":{\"@type\":\"PropertyValueSpecification\",\"valueRequired\":true,\"valueName\":\"search_term_string\"}}],\"inLanguage\":\"cs\"},{\"@type\":\"Organization\",\"@id\":\"https:\/\/evertonfc.cz\/#organization\",\"name\":\"Official Czech & Slovak Everton Supporters' Club\",\"url\":\"https:\/\/evertonfc.cz\/\",\"logo\":{\"@type\":\"ImageObject\",\"inLanguage\":\"cs\",\"@id\":\"https:\/\/evertonfc.cz\/#\/schema\/logo\/image\/\",\"url\":\"https:\/\/evertonfc.cz\/wp-content\/uploads\/2019\/05\/logo.png\",\"contentUrl\":\"https:\/\/evertonfc.cz\/wp-content\/uploads\/2019\/05\/logo.png\",\"width\":112,\"height\":112,\"caption\":\"Official Czech & Slovak Everton Supporters' Club\"},\"image\":{\"@id\":\"https:\/\/evertonfc.cz\/#\/schema\/logo\/image\/\"},\"sameAs\":[\"https:\/\/www.facebook.com\/everton.fans.cz.sk\"]},{\"@type\":\"Person\",\"@id\":\"https:\/\/evertonfc.cz\/#\/schema\/person\/5b54d20cd919070efc6fd6f92621fc50\",\"name\":\"Petr\",\"url\":\"https:\/\/evertonfc.cz\/index.php\/author\/petr\/\"}]}<\/script>\n<!-- \/ Yoast SEO plugin. -->","yoast_head_json":{"title":"Everton - Aston Villa 0:1 - Official Czech &amp; Slovak Everton Supporters&#039; Club","robots":{"index":"index","follow":"follow","max-snippet":"max-snippet:-1","max-image-preview":"max-image-preview:large","max-video-preview":"max-video-preview:-1"},"canonical":"https:\/\/evertonfc.cz\/index.php\/2022\/01\/23\/everton-aston-villa-01\/","og_locale":"cs_CZ","og_type":"article","og_title":"Everton - Aston Villa 0:1 - Official Czech &amp; Slovak Everton Supporters&#039; Club","og_description":"Lucas Digne op\u011bt dok\u00e1zal, \u017ee je skv\u011bl\u00fdm nahr\u00e1va\u010dem a za\u0159\u00eddil v Goodison Parku v\u00edt\u011bzn\u00fd g\u00f3l pro sv\u016fj t\u00fdm. Bohu\u017eel pro Toffees u\u017e obl\u00e9k\u00e1 dres rivala z Birminghamu.","og_url":"https:\/\/evertonfc.cz\/index.php\/2022\/01\/23\/everton-aston-villa-01\/","og_site_name":"Official Czech &amp; Slovak Everton Supporters&#039; Club","article_publisher":"https:\/\/www.facebook.com\/everton.fans.cz.sk","article_published_time":"2022-01-23T07:53:54+00:00","article_modified_time":"2022-01-23T14:35:23+00:00","og_image":[{"width":720,"height":405,"url":"https:\/\/evertonfc.cz\/wp-content\/uploads\/2022\/01\/Everton-0-1-aston-villa-23-01-2022.jpg","type":"image\/jpeg"}],"author":"Petr","twitter_card":"summary_large_image","twitter_misc":{"Napsal(a)":"Petr","Odhadovan\u00e1 doba \u010dten\u00ed":"5 minut"},"schema":{"@context":"https:\/\/schema.org","@graph":[{"@type":"Article","@id":"https:\/\/evertonfc.cz\/index.php\/2022\/01\/23\/everton-aston-villa-01\/#article","isPartOf":{"@id":"https:\/\/evertonfc.cz\/index.php\/2022\/01\/23\/everton-aston-villa-01\/"},"author":{"name":"Petr","@id":"https:\/\/evertonfc.cz\/#\/schema\/person\/5b54d20cd919070efc6fd6f92621fc50"},"headline":"Everton &#8211; Aston Villa 0:1","datePublished":"2022-01-23T07:53:54+00:00","dateModified":"2022-01-23T14:35:23+00:00","mainEntityOfPage":{"@id":"https:\/\/evertonfc.cz\/index.php\/2022\/01\/23\/everton-aston-villa-01\/"},"wordCount":982,"commentCount":7,"publisher":{"@id":"https:\/\/evertonfc.cz\/#organization"},"image":{"@id":"https:\/\/evertonfc.cz\/index.php\/2022\/01\/23\/everton-aston-villa-01\/#primaryimage"},"thumbnailUrl":"https:\/\/evertonfc.cz\/wp-content\/uploads\/2022\/01\/Everton-0-1-aston-villa-23-01-2022.jpg","articleSection":["Z\u00e1pasy"],"inLanguage":"cs","potentialAction":[{"@type":"CommentAction","name":"Comment","target":["https:\/\/evertonfc.cz\/index.php\/2022\/01\/23\/everton-aston-villa-01\/#respond"]}]},{"@type":"WebPage","@id":"https:\/\/evertonfc.cz\/index.php\/2022\/01\/23\/everton-aston-villa-01\/","url":"https:\/\/evertonfc.cz\/index.php\/2022\/01\/23\/everton-aston-villa-01\/","name":"Everton - Aston Villa 0:1 - Official Czech &amp; Slovak Everton Supporters&#039; Club","isPartOf":{"@id":"https:\/\/evertonfc.cz\/#website"},"primaryImageOfPage":{"@id":"https:\/\/evertonfc.cz\/index.php\/2022\/01\/23\/everton-aston-villa-01\/#primaryimage"},"image":{"@id":"https:\/\/evertonfc.cz\/index.php\/2022\/01\/23\/everton-aston-villa-01\/#primaryimage"},"thumbnailUrl":"https:\/\/evertonfc.cz\/wp-content\/uploads\/2022\/01\/Everton-0-1-aston-villa-23-01-2022.jpg","datePublished":"2022-01-23T07:53:54+00:00","dateModified":"2022-01-23T14:35:23+00:00","breadcrumb":{"@id":"https:\/\/evertonfc.cz\/index.php\/2022\/01\/23\/everton-aston-villa-01\/#breadcrumb"},"inLanguage":"cs","potentialAction":[{"@type":"ReadAction","target":["https:\/\/evertonfc.cz\/index.php\/2022\/01\/23\/everton-aston-villa-01\/"]}]},{"@type":"ImageObject","inLanguage":"cs","@id":"https:\/\/evertonfc.cz\/index.php\/2022\/01\/23\/everton-aston-villa-01\/#primaryimage","url":"https:\/\/evertonfc.cz\/wp-content\/uploads\/2022\/01\/Everton-0-1-aston-villa-23-01-2022.jpg","contentUrl":"https:\/\/evertonfc.cz\/wp-content\/uploads\/2022\/01\/Everton-0-1-aston-villa-23-01-2022.jpg","width":720,"height":405},{"@type":"BreadcrumbList","@id":"https:\/\/evertonfc.cz\/index.php\/2022\/01\/23\/everton-aston-villa-01\/#breadcrumb","itemListElement":[{"@type":"ListItem","position":1,"name":"Home","item":"https:\/\/evertonfc.cz\/"},{"@type":"ListItem","position":2,"name":"Everton &#8211; Aston Villa 0:1"}]},{"@type":"WebSite","@id":"https:\/\/evertonfc.cz\/#website","url":"https:\/\/evertonfc.cz\/","name":"Official Czech &amp; Slovak Everton Supporters&#039; Club","description":"","publisher":{"@id":"https:\/\/evertonfc.cz\/#organization"},"potentialAction":[{"@type":"SearchAction","target":{"@type":"EntryPoint","urlTemplate":"https:\/\/evertonfc.cz\/?s={search_term_string}"},"query-input":{"@type":"PropertyValueSpecification","valueRequired":true,"valueName":"search_term_string"}}],"inLanguage":"cs"},{"@type":"Organization","@id":"https:\/\/evertonfc.cz\/#organization","name":"Official Czech & Slovak Everton Supporters' Club","url":"https:\/\/evertonfc.cz\/","logo":{"@type":"ImageObject","inLanguage":"cs","@id":"https:\/\/evertonfc.cz\/#\/schema\/logo\/image\/","url":"https:\/\/evertonfc.cz\/wp-content\/uploads\/2019\/05\/logo.png","contentUrl":"https:\/\/evertonfc.cz\/wp-content\/uploads\/2019\/05\/logo.png","width":112,"height":112,"caption":"Official Czech & Slovak Everton Supporters' Club"},"image":{"@id":"https:\/\/evertonfc.cz\/#\/schema\/logo\/image\/"},"sameAs":["https:\/\/www.facebook.com\/everton.fans.cz.sk"]},{"@type":"Person","@id":"https:\/\/evertonfc.cz\/#\/schema\/person\/5b54d20cd919070efc6fd6f92621fc50","name":"Petr","url":"https:\/\/evertonfc.cz\/index.php\/author\/petr\/"}]}},"_links":{"self":[{"href":"https:\/\/evertonfc.cz\/index.php\/wp-json\/wp\/v2\/posts\/17544"}],"collection":[{"href":"https:\/\/evertonfc.cz\/index.php\/wp-json\/wp\/v2\/posts"}],"about":[{"href":"https:\/\/evertonfc.cz\/index.php\/wp-json\/wp\/v2\/types\/post"}],"author":[{"embeddable":true,"href":"https:\/\/evertonfc.cz\/index.php\/wp-json\/wp\/v2\/users\/562"}],"replies":[{"embeddable":true,"href":"https:\/\/evertonfc.cz\/index.php\/wp-json\/wp\/v2\/comments?post=17544"}],"version-history":[{"count":6,"href":"https:\/\/evertonfc.cz\/index.php\/wp-json\/wp\/v2\/posts\/17544\/revisions"}],"predecessor-version":[{"id":17551,"href":"https:\/\/evertonfc.cz\/index.php\/wp-json\/wp\/v2\/posts\/17544\/revisions\/17551"}],"wp:featuredmedia":[{"embeddable":true,"href":"https:\/\/evertonfc.cz\/index.php\/wp-json\/wp\/v2\/media\/17543"}],"wp:attachment":[{"href":"https:\/\/evertonfc.cz\/index.php\/wp-json\/wp\/v2\/media?parent=17544"}],"wp:term":[{"taxonomy":"category","embeddable":true,"href":"https:\/\/evertonfc.cz\/index.php\/wp-json\/wp\/v2\/categories?post=17544"},{"taxonomy":"post_tag","embeddable":true,"href":"https:\/\/evertonfc.cz\/index.php\/wp-json\/wp\/v2\/tags?post=17544"}],"curies":[{"name":"wp","href":"https:\/\/api.w.org\/{rel}","templated":true}]}}