{"id":176,"date":"2018-12-01T18:43:45","date_gmt":"2018-12-01T17:43:45","guid":{"rendered":"http:\/\/evertonfc.cz\/?p=176"},"modified":"2021-02-20T11:44:34","modified_gmt":"2021-02-20T10:44:34","slug":"preview-liverpool-everton","status":"publish","type":"post","link":"https:\/\/evertonfc.cz\/index.php\/2018\/12\/01\/preview-liverpool-everton\/","title":{"rendered":"Preview: Liverpool &#8211; Everton"},"content":{"rendered":"<h4 id=\"NewsPostDetailSummary\">Anfield n\u00e1s t\u00fato sez\u00f3nu op\u00e4\u0165 priv\u00edta prv\u00fd a 232. Merseyside derby poskytne nede\u013en\u00e9mu podve\u010deru iskru, ktor\u00fa v\u00edkend ch\u00fdliaci sa ku koncu tak nutne potrebuje. Budeme bodova\u0165?<\/h4>\n<div id=\"NewsPostDetailContent\">\n<p>Odpove\u010f znie, \u017ee budeme bojova\u0165. N\u00e1tura fan\u00fa\u0161ikov z\u00a0t\u00fdchto kon\u010d\u00edn, a\u00a0vlastne aj z\u00a0ostrovov celkovo, toti\u017e tento druh odovzdania miluje. M\u00f4\u017eete nema\u0165 bohom nadelen\u00fd talent, ale ak na ihrisku nech\u00e1te v\u0161etko, je v\u00e1m odpusten\u00e9. A\u00a0ak t\u00e1to snaha prinesie v\u00fdsledky, by\u0165 zrazu kultovou hr\u00e1\u010dskou osobnos\u0165ou neb\u00fdva \u0165a\u017ek\u00e9. Stav\u00edm sa, \u017ee tak\u00fdch mien n\u00e1jdeme ne\u00farekom v\u00a0oboch t\u00e1boroch. A nedajbo\u017ee ak by ste boli miestny. To sa potom z\u00a0kultu st\u00e1va uctievan\u00e9 bo\u017estvo.<\/p>\n<h4><em><strong>\u201eHe&#8217;s doing more than enough to play in our starting XI\u201c<\/strong><\/em><\/h4>\n<p>Tvrdohlav\u00fd chod, pod\u00e1van\u00fd fan\u00fa\u0161ikom sa nevypl\u00e1ca. Svoje o\u00a0tom vie Ademola Lookman. Je ten \u00faplne prv\u00fd pr\u00edpad. S\u00edce talent u\u0148ho sy\u010d\u00ed cez pokrievku a Nemci by n\u00e1m ho najrad\u0161ej chceli zobra\u0165 zo spor\u00e1ka,\u00a0my sa star\u00e1me, aby len \u010falej prekypoval. \u0160\u00e9fkuch\u00e1r Silva m\u00e1 recept, presne sa ho dr\u017e\u00ed a\u00a0ob\u010dasn\u00e9 podusenie mu prin\u00e1\u0161a v\u00fdsledky v\u00a0podobe \u0161tip\u013eav\u00fdch v\u00fdkonov z\u00a0lavi\u010dky. Menu pod\u00e1van\u00e9 Portugal\u010danom sa zv\u00e4\u010d\u0161a nemen\u00ed, znak d\u00f4very vykazuj\u00faci spokojnos\u0165, zohranos\u0165 a\u00a0v\u00fdsledky. Ot\u00e1zka teda znie, \u010do bude zajtra na podnose z\u00e1kladnej zostavy. Technicky s\u00fa v\u0161etci zdrav\u00ed, niektor\u00ed viac \u010di menej pripraven\u00ed vari\u0165. U\u017e ch\u00fdba len jedno. Dezert na konci. Najlep\u0161ie s\u00a0\u010dere\u0161ni\u010dkou na vrchu. A\u00a0nemus\u00ed to by\u0165 torta. K\u013eudne aj muffin alebo cheesecake. Len nech kone\u010dne je&#8230;<\/p>\n<h4><strong><em>\u201cThe improvement of Everton is obvious.\u201c<\/em><\/strong><\/h4>\n<p>Ako sa z\u00edska Michelinsk\u00e1 hviezda? Vyhr\u00e1te predsa kulin\u00e1rsku Premier League. A\u00a0to sa v\u00a0\u010dervenej kuchyni tento rok ve\u013emi pravdepodobne nepodar\u00ed. D\u00f4vod? Gastronomick\u00fd superstaristi z\u00a0Manchesteru, pe\u010d\u00faci takmer in\u00fa s\u00fa\u0165a\u017e. No ne\u0161\u013eaktrafilo by v\u00e1s, keby \u017ee m\u00e1te v\u0161etko naserv\u00edrovan\u00e9 perfektne, jedlo dokonca chutnej\u0161ie, ale aj tak nevyhr\u00e1te lebo doty\u010dn\u00ed utreli podlahu lep\u0161ie? M\u0148a by mo\u017eno aj hej. A\u00a0takmer aj, ke\u010f som si pre\u010d\u00edtal v\u00fdroky ich \u0161\u00e9fkuch\u00e1ra oh\u013eadom n\u00e1s. Nem\u00f4\u017eem v\u00e1s ukr\u00e1ti\u0165, jednoducho ich sem mus\u00edm prep\u00edsa\u0165:<\/p>\n<blockquote><p><span style=\"font-size: 12pt;\"><em>\u201e\u00daplne in\u00fd t\u00edm, in\u00fd \u0161t\u00fdl, je to dobr\u00e9. Silva m\u00e1 ten najlep\u0161\u00ed k\u00e1der Evertonu, ak\u00e9mu som \u010delil. Priviedol Richarlisona, to je hr\u00e1\u010d! Je to najvyladenej\u0161ie mu\u017estvo, stopercentne. Dobr\u00e1 organiz\u00e1cia, r\u00fdchlos\u0165. Seamus Coleman je sp\u00e4\u0165 a\u00a0fit, Micheal Keane usaden\u00fd, Yerry Mina brilantn\u00fd hr\u00e1\u010d, Lucas Digne ako mlad\u00fd Leighton Baines. Jednotka anglickej reprezent\u00e1cie. Je to naozaj v\u00fdborn\u00fd t\u00edm, ktor\u00fd by sa v\u00a0in\u00fdch lig\u00e1ch pravidelne umiest\u0148oval na eur\u00f3pskych prie\u010dkach.\u201c<\/em><\/span><\/p><\/blockquote>\n<p>Av\u0161ak aj na Anfield Road s\u00fa pokroky v podobe zlep\u0161enej defenz\u00edvy a lep\u0161ieho mana\u017eovania z\u00e1pasov. U\u017e len z\u00e1loha si \u017eiada pozornos\u0165. V\u00a0posledn\u00fdch z\u00e1pasoch bola ter\u010dom kritiky a\u00a0to nepo\u010d\u00edtam len posledn\u00fd duel Ligy Majstrov. Henderson je vykartovan\u00fd a Lallana tr\u00e9nuje od \u0161tvrtku. Ak budeme h\u013eada\u0165 slabinu, mali by sme za\u010da\u0165 pr\u00e1ve tam. Marco nemen\u00ed pr\u00edstup a\u00a0nezvykne konvertova\u0165 zo z\u00e1pasu na z\u00e1pas. Watford naposledy doplatil na prenechanie iniciat\u00edvy, ignorantstva sa mus\u00edme t\u00fdm p\u00e1dom vyvarova\u0165. Zrejme uk\u00e1\u017ee na toto\u017en\u00e9 zlo\u017eenie mu\u017estva a\u00a0budeme svedkami stup\u0148ovan\u00e9ho v\u00fdkonu, kde proaktivita je \u017eiadan\u00e1.<\/p>\n<h4><strong><em>\u201eWords like \u2018fear&#8216; do not come into our dressing room.&#8220;<\/em><\/strong><\/h4>\n<p>Ve\u013emi dobre vieme, \u017ee chu\u0165ov\u00e9 poh\u00e1riky n\u00e1m na Liverpool nereaguj\u00fa v\u00f4bec dobre. \u010casto, a\u017e pr\u00edli\u0161 \u010dasto, \u010di\u017ee takmer st\u00e1le odch\u00e1dzame z derby hodovania s\u00a0\u010dudnou pachu\u0165ou v\u00a0\u00fastach. Rem\u00edzy s\u00fa slan\u00e9, prehry trpk\u00e9 a\u00a0v\u00fdhry s\u0165a najdrah\u0161ia korenina sveta. Prosto dlhoro\u010dn\u00fd syndr\u00f3m gastr\u00e1lnej demencie. Nastane kone\u010dne zmena? Prestane n\u00e1s bolie\u0165 brucho? V\u00e4\u010d\u0161ina Evertonians chov\u00e1 n\u00e1deje, \u017ee tentoraz n\u00e1m bude chuti\u0165. Bon app\u00e9tit!<\/p>\n<h3 style=\"text-align: center;\"><span style=\"color: #3366ff;\"><strong><em>Up The Toffees !<\/em><\/strong><\/span><\/h3>\n<p><strong>\u010co:<\/strong> Liverpool FC \u2013 Everton FC, 14. kolo Premier League<strong><br \/>\nKedy:<\/strong> 2.12. 2018 od 17:15 SE\u010c<strong><br \/>\nKde:<\/strong> Anfield &#8211; Anfield Rd, Liverpool L4 0TH (kapacita: 54\u00a0074)<br \/>\n<strong>Ako: <\/strong>Digi Sport 4, priamy prenos<strong><br \/>\nRozhodca:<\/strong> C. Kavanagh<strong> Asistenti: <\/strong>D. Cook, S. Massey-Ellis<strong> \u0160tvrt\u00fd rozhodca: <\/strong>A. Taylor<\/p>\n<\/div>\n","protected":false},"excerpt":{"rendered":"<p>Anfield n\u00e1s t\u00fato sez\u00f3nu op\u00e4\u0165 priv\u00edta prv\u00fd a 232. Merseyside derby poskytne nede\u013en\u00e9mu podve\u010deru iskru, ktor\u00fa v\u00edkend ch\u00fdliaci sa ku koncu tak nutne potrebuje. Budeme bodova\u0165?<\/p>\n","protected":false},"author":1,"featured_media":14233,"comment_status":"open","ping_status":"open","sticky":false,"template":"","format":"standard","meta":{"_eb_attr":"","_monsterinsights_skip_tracking":false,"_monsterinsights_sitenote_active":false,"_monsterinsights_sitenote_note":"","_monsterinsights_sitenote_category":0,"footnotes":""},"categories":[4],"tags":[],"yoast_head":"<!-- This site is optimized with the Yoast SEO plugin v23.4 - https:\/\/yoast.com\/wordpress\/plugins\/seo\/ -->\n<title>Preview: Liverpool - Everton - Official Czech &amp; Slovak Everton Supporters&#039; Club<\/title>\n<meta name=\"robots\" content=\"index, follow, max-snippet:-1, max-image-preview:large, max-video-preview:-1\" \/>\n<link rel=\"canonical\" href=\"https:\/\/evertonfc.cz\/index.php\/2018\/12\/01\/preview-liverpool-everton\/\" \/>\n<meta property=\"og:locale\" content=\"cs_CZ\" \/>\n<meta property=\"og:type\" content=\"article\" \/>\n<meta property=\"og:title\" content=\"Preview: Liverpool - Everton - Official Czech &amp; Slovak Everton Supporters&#039; Club\" \/>\n<meta property=\"og:description\" content=\"Anfield n\u00e1s t\u00fato sez\u00f3nu op\u00e4\u0165 priv\u00edta prv\u00fd a 232. Merseyside derby poskytne nede\u013en\u00e9mu podve\u010deru iskru, ktor\u00fa v\u00edkend ch\u00fdliaci sa ku koncu tak nutne potrebuje. Budeme bodova\u0165?\" \/>\n<meta property=\"og:url\" content=\"https:\/\/evertonfc.cz\/index.php\/2018\/12\/01\/preview-liverpool-everton\/\" \/>\n<meta property=\"og:site_name\" content=\"Official Czech &amp; Slovak Everton Supporters&#039; Club\" \/>\n<meta property=\"article:publisher\" content=\"https:\/\/www.facebook.com\/everton.fans.cz.sk\" \/>\n<meta property=\"article:published_time\" content=\"2018-12-01T17:43:45+00:00\" \/>\n<meta property=\"article:modified_time\" content=\"2021-02-20T10:44:34+00:00\" \/>\n<meta property=\"og:image\" content=\"https:\/\/evertonfc.cz\/wp-content\/uploads\/2021\/02\/Liverpool-VS-Everton.jpg\" \/>\n\t<meta property=\"og:image:width\" content=\"720\" \/>\n\t<meta property=\"og:image:height\" content=\"405\" \/>\n\t<meta property=\"og:image:type\" content=\"image\/jpeg\" \/>\n<meta name=\"author\" content=\"BlueBlooded\" \/>\n<meta name=\"twitter:card\" content=\"summary_large_image\" \/>\n<meta name=\"twitter:label1\" content=\"Napsal(a)\" \/>\n\t<meta name=\"twitter:data1\" content=\"BlueBlooded\" \/>\n\t<meta name=\"twitter:label2\" content=\"Odhadovan\u00e1 doba \u010dten\u00ed\" \/>\n\t<meta name=\"twitter:data2\" content=\"3 minuty\" \/>\n<script type=\"application\/ld+json\" class=\"yoast-schema-graph\">{\"@context\":\"https:\/\/schema.org\",\"@graph\":[{\"@type\":\"Article\",\"@id\":\"https:\/\/evertonfc.cz\/index.php\/2018\/12\/01\/preview-liverpool-everton\/#article\",\"isPartOf\":{\"@id\":\"https:\/\/evertonfc.cz\/index.php\/2018\/12\/01\/preview-liverpool-everton\/\"},\"author\":{\"name\":\"BlueBlooded\",\"@id\":\"https:\/\/evertonfc.cz\/#\/schema\/person\/d4493b8cbea51532597fbc4685698916\"},\"headline\":\"Preview: Liverpool &#8211; Everton\",\"datePublished\":\"2018-12-01T17:43:45+00:00\",\"dateModified\":\"2021-02-20T10:44:34+00:00\",\"mainEntityOfPage\":{\"@id\":\"https:\/\/evertonfc.cz\/index.php\/2018\/12\/01\/preview-liverpool-everton\/\"},\"wordCount\":745,\"commentCount\":0,\"publisher\":{\"@id\":\"https:\/\/evertonfc.cz\/#organization\"},\"image\":{\"@id\":\"https:\/\/evertonfc.cz\/index.php\/2018\/12\/01\/preview-liverpool-everton\/#primaryimage\"},\"thumbnailUrl\":\"https:\/\/evertonfc.cz\/wp-content\/uploads\/2021\/02\/Liverpool-VS-Everton.jpg\",\"articleSection\":[\"Z\u00e1pasy\"],\"inLanguage\":\"cs\",\"potentialAction\":[{\"@type\":\"CommentAction\",\"name\":\"Comment\",\"target\":[\"https:\/\/evertonfc.cz\/index.php\/2018\/12\/01\/preview-liverpool-everton\/#respond\"]}]},{\"@type\":\"WebPage\",\"@id\":\"https:\/\/evertonfc.cz\/index.php\/2018\/12\/01\/preview-liverpool-everton\/\",\"url\":\"https:\/\/evertonfc.cz\/index.php\/2018\/12\/01\/preview-liverpool-everton\/\",\"name\":\"Preview: Liverpool - Everton - Official Czech &amp; Slovak Everton Supporters&#039; Club\",\"isPartOf\":{\"@id\":\"https:\/\/evertonfc.cz\/#website\"},\"primaryImageOfPage\":{\"@id\":\"https:\/\/evertonfc.cz\/index.php\/2018\/12\/01\/preview-liverpool-everton\/#primaryimage\"},\"image\":{\"@id\":\"https:\/\/evertonfc.cz\/index.php\/2018\/12\/01\/preview-liverpool-everton\/#primaryimage\"},\"thumbnailUrl\":\"https:\/\/evertonfc.cz\/wp-content\/uploads\/2021\/02\/Liverpool-VS-Everton.jpg\",\"datePublished\":\"2018-12-01T17:43:45+00:00\",\"dateModified\":\"2021-02-20T10:44:34+00:00\",\"breadcrumb\":{\"@id\":\"https:\/\/evertonfc.cz\/index.php\/2018\/12\/01\/preview-liverpool-everton\/#breadcrumb\"},\"inLanguage\":\"cs\",\"potentialAction\":[{\"@type\":\"ReadAction\",\"target\":[\"https:\/\/evertonfc.cz\/index.php\/2018\/12\/01\/preview-liverpool-everton\/\"]}]},{\"@type\":\"ImageObject\",\"inLanguage\":\"cs\",\"@id\":\"https:\/\/evertonfc.cz\/index.php\/2018\/12\/01\/preview-liverpool-everton\/#primaryimage\",\"url\":\"https:\/\/evertonfc.cz\/wp-content\/uploads\/2021\/02\/Liverpool-VS-Everton.jpg\",\"contentUrl\":\"https:\/\/evertonfc.cz\/wp-content\/uploads\/2021\/02\/Liverpool-VS-Everton.jpg\",\"width\":720,\"height\":405},{\"@type\":\"BreadcrumbList\",\"@id\":\"https:\/\/evertonfc.cz\/index.php\/2018\/12\/01\/preview-liverpool-everton\/#breadcrumb\",\"itemListElement\":[{\"@type\":\"ListItem\",\"position\":1,\"name\":\"Home\",\"item\":\"https:\/\/evertonfc.cz\/\"},{\"@type\":\"ListItem\",\"position\":2,\"name\":\"Preview: Liverpool &#8211; Everton\"}]},{\"@type\":\"WebSite\",\"@id\":\"https:\/\/evertonfc.cz\/#website\",\"url\":\"https:\/\/evertonfc.cz\/\",\"name\":\"Official Czech &amp; Slovak Everton Supporters&#039; Club\",\"description\":\"\",\"publisher\":{\"@id\":\"https:\/\/evertonfc.cz\/#organization\"},\"potentialAction\":[{\"@type\":\"SearchAction\",\"target\":{\"@type\":\"EntryPoint\",\"urlTemplate\":\"https:\/\/evertonfc.cz\/?s={search_term_string}\"},\"query-input\":{\"@type\":\"PropertyValueSpecification\",\"valueRequired\":true,\"valueName\":\"search_term_string\"}}],\"inLanguage\":\"cs\"},{\"@type\":\"Organization\",\"@id\":\"https:\/\/evertonfc.cz\/#organization\",\"name\":\"Official Czech & Slovak Everton Supporters' Club\",\"url\":\"https:\/\/evertonfc.cz\/\",\"logo\":{\"@type\":\"ImageObject\",\"inLanguage\":\"cs\",\"@id\":\"https:\/\/evertonfc.cz\/#\/schema\/logo\/image\/\",\"url\":\"https:\/\/evertonfc.cz\/wp-content\/uploads\/2019\/05\/logo.png\",\"contentUrl\":\"https:\/\/evertonfc.cz\/wp-content\/uploads\/2019\/05\/logo.png\",\"width\":112,\"height\":112,\"caption\":\"Official Czech & Slovak Everton Supporters' Club\"},\"image\":{\"@id\":\"https:\/\/evertonfc.cz\/#\/schema\/logo\/image\/\"},\"sameAs\":[\"https:\/\/www.facebook.com\/everton.fans.cz.sk\"]},{\"@type\":\"Person\",\"@id\":\"https:\/\/evertonfc.cz\/#\/schema\/person\/d4493b8cbea51532597fbc4685698916\",\"name\":\"BlueBlooded\",\"url\":\"https:\/\/evertonfc.cz\/index.php\/author\/admin\/\"}]}<\/script>\n<!-- \/ Yoast SEO plugin. -->","yoast_head_json":{"title":"Preview: Liverpool - Everton - Official Czech &amp; Slovak Everton Supporters&#039; Club","robots":{"index":"index","follow":"follow","max-snippet":"max-snippet:-1","max-image-preview":"max-image-preview:large","max-video-preview":"max-video-preview:-1"},"canonical":"https:\/\/evertonfc.cz\/index.php\/2018\/12\/01\/preview-liverpool-everton\/","og_locale":"cs_CZ","og_type":"article","og_title":"Preview: Liverpool - Everton - Official Czech &amp; Slovak Everton Supporters&#039; Club","og_description":"Anfield n\u00e1s t\u00fato sez\u00f3nu op\u00e4\u0165 priv\u00edta prv\u00fd a 232. Merseyside derby poskytne nede\u013en\u00e9mu podve\u010deru iskru, ktor\u00fa v\u00edkend ch\u00fdliaci sa ku koncu tak nutne potrebuje. Budeme bodova\u0165?","og_url":"https:\/\/evertonfc.cz\/index.php\/2018\/12\/01\/preview-liverpool-everton\/","og_site_name":"Official Czech &amp; Slovak Everton Supporters&#039; Club","article_publisher":"https:\/\/www.facebook.com\/everton.fans.cz.sk","article_published_time":"2018-12-01T17:43:45+00:00","article_modified_time":"2021-02-20T10:44:34+00:00","og_image":[{"width":720,"height":405,"url":"https:\/\/evertonfc.cz\/wp-content\/uploads\/2021\/02\/Liverpool-VS-Everton.jpg","type":"image\/jpeg"}],"author":"BlueBlooded","twitter_card":"summary_large_image","twitter_misc":{"Napsal(a)":"BlueBlooded","Odhadovan\u00e1 doba \u010dten\u00ed":"3 minuty"},"schema":{"@context":"https:\/\/schema.org","@graph":[{"@type":"Article","@id":"https:\/\/evertonfc.cz\/index.php\/2018\/12\/01\/preview-liverpool-everton\/#article","isPartOf":{"@id":"https:\/\/evertonfc.cz\/index.php\/2018\/12\/01\/preview-liverpool-everton\/"},"author":{"name":"BlueBlooded","@id":"https:\/\/evertonfc.cz\/#\/schema\/person\/d4493b8cbea51532597fbc4685698916"},"headline":"Preview: Liverpool &#8211; Everton","datePublished":"2018-12-01T17:43:45+00:00","dateModified":"2021-02-20T10:44:34+00:00","mainEntityOfPage":{"@id":"https:\/\/evertonfc.cz\/index.php\/2018\/12\/01\/preview-liverpool-everton\/"},"wordCount":745,"commentCount":0,"publisher":{"@id":"https:\/\/evertonfc.cz\/#organization"},"image":{"@id":"https:\/\/evertonfc.cz\/index.php\/2018\/12\/01\/preview-liverpool-everton\/#primaryimage"},"thumbnailUrl":"https:\/\/evertonfc.cz\/wp-content\/uploads\/2021\/02\/Liverpool-VS-Everton.jpg","articleSection":["Z\u00e1pasy"],"inLanguage":"cs","potentialAction":[{"@type":"CommentAction","name":"Comment","target":["https:\/\/evertonfc.cz\/index.php\/2018\/12\/01\/preview-liverpool-everton\/#respond"]}]},{"@type":"WebPage","@id":"https:\/\/evertonfc.cz\/index.php\/2018\/12\/01\/preview-liverpool-everton\/","url":"https:\/\/evertonfc.cz\/index.php\/2018\/12\/01\/preview-liverpool-everton\/","name":"Preview: Liverpool - Everton - Official Czech &amp; Slovak Everton Supporters&#039; Club","isPartOf":{"@id":"https:\/\/evertonfc.cz\/#website"},"primaryImageOfPage":{"@id":"https:\/\/evertonfc.cz\/index.php\/2018\/12\/01\/preview-liverpool-everton\/#primaryimage"},"image":{"@id":"https:\/\/evertonfc.cz\/index.php\/2018\/12\/01\/preview-liverpool-everton\/#primaryimage"},"thumbnailUrl":"https:\/\/evertonfc.cz\/wp-content\/uploads\/2021\/02\/Liverpool-VS-Everton.jpg","datePublished":"2018-12-01T17:43:45+00:00","dateModified":"2021-02-20T10:44:34+00:00","breadcrumb":{"@id":"https:\/\/evertonfc.cz\/index.php\/2018\/12\/01\/preview-liverpool-everton\/#breadcrumb"},"inLanguage":"cs","potentialAction":[{"@type":"ReadAction","target":["https:\/\/evertonfc.cz\/index.php\/2018\/12\/01\/preview-liverpool-everton\/"]}]},{"@type":"ImageObject","inLanguage":"cs","@id":"https:\/\/evertonfc.cz\/index.php\/2018\/12\/01\/preview-liverpool-everton\/#primaryimage","url":"https:\/\/evertonfc.cz\/wp-content\/uploads\/2021\/02\/Liverpool-VS-Everton.jpg","contentUrl":"https:\/\/evertonfc.cz\/wp-content\/uploads\/2021\/02\/Liverpool-VS-Everton.jpg","width":720,"height":405},{"@type":"BreadcrumbList","@id":"https:\/\/evertonfc.cz\/index.php\/2018\/12\/01\/preview-liverpool-everton\/#breadcrumb","itemListElement":[{"@type":"ListItem","position":1,"name":"Home","item":"https:\/\/evertonfc.cz\/"},{"@type":"ListItem","position":2,"name":"Preview: Liverpool &#8211; Everton"}]},{"@type":"WebSite","@id":"https:\/\/evertonfc.cz\/#website","url":"https:\/\/evertonfc.cz\/","name":"Official Czech &amp; Slovak Everton Supporters&#039; Club","description":"","publisher":{"@id":"https:\/\/evertonfc.cz\/#organization"},"potentialAction":[{"@type":"SearchAction","target":{"@type":"EntryPoint","urlTemplate":"https:\/\/evertonfc.cz\/?s={search_term_string}"},"query-input":{"@type":"PropertyValueSpecification","valueRequired":true,"valueName":"search_term_string"}}],"inLanguage":"cs"},{"@type":"Organization","@id":"https:\/\/evertonfc.cz\/#organization","name":"Official Czech & Slovak Everton Supporters' Club","url":"https:\/\/evertonfc.cz\/","logo":{"@type":"ImageObject","inLanguage":"cs","@id":"https:\/\/evertonfc.cz\/#\/schema\/logo\/image\/","url":"https:\/\/evertonfc.cz\/wp-content\/uploads\/2019\/05\/logo.png","contentUrl":"https:\/\/evertonfc.cz\/wp-content\/uploads\/2019\/05\/logo.png","width":112,"height":112,"caption":"Official Czech & Slovak Everton Supporters' Club"},"image":{"@id":"https:\/\/evertonfc.cz\/#\/schema\/logo\/image\/"},"sameAs":["https:\/\/www.facebook.com\/everton.fans.cz.sk"]},{"@type":"Person","@id":"https:\/\/evertonfc.cz\/#\/schema\/person\/d4493b8cbea51532597fbc4685698916","name":"BlueBlooded","url":"https:\/\/evertonfc.cz\/index.php\/author\/admin\/"}]}},"_links":{"self":[{"href":"https:\/\/evertonfc.cz\/index.php\/wp-json\/wp\/v2\/posts\/176"}],"collection":[{"href":"https:\/\/evertonfc.cz\/index.php\/wp-json\/wp\/v2\/posts"}],"about":[{"href":"https:\/\/evertonfc.cz\/index.php\/wp-json\/wp\/v2\/types\/post"}],"author":[{"embeddable":true,"href":"https:\/\/evertonfc.cz\/index.php\/wp-json\/wp\/v2\/users\/1"}],"replies":[{"embeddable":true,"href":"https:\/\/evertonfc.cz\/index.php\/wp-json\/wp\/v2\/comments?post=176"}],"version-history":[{"count":6,"href":"https:\/\/evertonfc.cz\/index.php\/wp-json\/wp\/v2\/posts\/176\/revisions"}],"predecessor-version":[{"id":14241,"href":"https:\/\/evertonfc.cz\/index.php\/wp-json\/wp\/v2\/posts\/176\/revisions\/14241"}],"wp:featuredmedia":[{"embeddable":true,"href":"https:\/\/evertonfc.cz\/index.php\/wp-json\/wp\/v2\/media\/14233"}],"wp:attachment":[{"href":"https:\/\/evertonfc.cz\/index.php\/wp-json\/wp\/v2\/media?parent=176"}],"wp:term":[{"taxonomy":"category","embeddable":true,"href":"https:\/\/evertonfc.cz\/index.php\/wp-json\/wp\/v2\/categories?post=176"},{"taxonomy":"post_tag","embeddable":true,"href":"https:\/\/evertonfc.cz\/index.php\/wp-json\/wp\/v2\/tags?post=176"}],"curies":[{"name":"wp","href":"https:\/\/api.w.org\/{rel}","templated":true}]}}