{"id":17608,"date":"2022-01-29T21:04:14","date_gmt":"2022-01-29T20:04:14","guid":{"rendered":"https:\/\/evertonfc.cz\/?p=17608"},"modified":"2022-01-30T12:01:12","modified_gmt":"2022-01-30T11:01:12","slug":"uz-je-rozhodnute","status":"publish","type":"post","link":"https:\/\/evertonfc.cz\/index.php\/2022\/01\/29\/uz-je-rozhodnute\/","title":{"rendered":"U\u017e je rozhodnut\u00e9"},"content":{"rendered":"<h4>\u010eal\u0161ie h\u013eadanie nov\u00e9ho \u0161\u00e9fa lavi\u010dky Goodison Parku je zd\u00e1 sa na konci. Po v\u010deraj\u0161\u00edch z\u00e1vere\u010dn\u00fdch pohovoroch v Lond\u00fdne m\u00e1 vedenie Evertonu o bud\u00facnosti jasno.<\/h4>\n<p>Frank Lampard, V\u00edtor Pereira a Duncan Ferguson mali v\u010dera \u0161ancu z\u00edska\u0165 miesto mana\u017e\u00e9ra The Toffees. Klub toti\u017e uskuto\u010dnil v Lond\u00fdne posledn\u00e9 kolo pohovorov s kandid\u00e1tmi na n\u00e1stupcu Rafaela Ben\u00edteza. Farhad Moshiri, v\u00e4\u010d\u0161inov\u00fd akcion\u00e1r Evertonu, odletel zo svojej rezidencie v Monaku, aby viedol rozhovory s adeptmi spolu s \u010dlenmi predstavenstva. Z\u00e1merom bolo dospie\u0165 k r\u00fdchlemu rozhodnutiu, nako\u013eko uplynulo u\u017e 12 dn\u00ed od odvolania Ben\u00edteza, a vedenie pl\u00e1nuje posilni\u0165 k\u00e1der nov\u00e9ho mana\u017e\u00e9ra e\u0161te pred pondelkov\u00fdm z\u00e1verom zimn\u00e9ho prestupov\u00e9ho obdobia. Cie\u013eom bud\u00fa posily do z\u00e1lohy, spom\u00edna sa van de Beek, Alli, Loftus-Cheek a Barkley.<\/p>\n<p>Od Ben\u00edtezovho odchodu absolvovali Lampard a Pereira u\u017e nieko\u013eko pohovorov s hierarchiou Evertonu. A urobili dojem. Ferguson, vo svojom druhom p\u00f4soben\u00ed ako do\u010dasn\u00fd mana\u017e\u00e9r Evertonu, bol prekvapivo spovedan\u00fd tie\u017e na permanentn\u00fa rolu, hoci pred t\u00fd\u017ed\u0148om poprel, \u017ee by sa o funkciu uch\u00e1dzal, respekt\u00edve bol klubom dot\u00e1zan\u00fd o jeho z\u00e1ujme. Napriek tomu, \u017ee Wayne Rooney m\u00e1 svojich obdivovate\u013eov v Goodison Parku, s mana\u017e\u00e9rom Derby pohovor nebol. B\u00fdval\u00fd hr\u00e1\u010d Karameliek na svojej tla\u010dovej konferencii povedal, \u017ee t\u00fato ponuku odmietol.<\/p>\n<h4><strong>Wayne Rooney:<\/strong><\/h4>\n<blockquote><p><span style=\"font-size: 12pt;\"><em>\u201eEverton oslovil m\u00f4jho agenta a po\u017eiadal ma o pohovor na vo\u013en\u00e9 pracovn\u00e9 miesto, ktor\u00e9 som odmietol. Ver\u00edm, \u017ee budem mana\u017e\u00e9rom Premier League a ver\u00edm, \u017ee som na 100 percent pripraven\u00fd. A ak to jedn\u00e9ho d\u0148a v bude s Evertonom, bolo by to \u00faplne skvel\u00e9. Ale m\u00e1m tu pr\u00e1cu v Derby County, ktor\u00e1 je pre m\u0148a d\u00f4le\u017eit\u00e1. \u00c1no, samozrejme, \u017ee som o tom ve\u013emi prem\u00fd\u0161\u013eal. Spojili sa s moj\u00edm agentom a m\u00f4j agent dal vedie\u0165 aj spr\u00e1vcom. Pravda\u017ee, bolo to pre m\u0148a ve\u013emi \u0165a\u017ek\u00e9 rozhodnutie.\u201c<\/em><\/span><\/p><\/blockquote>\n<p>Zd\u00e1 sa, \u017ee Lampard, ktor\u00fd je bez pr\u00e1ce u\u017e rok potom, \u010do ho vyhodila Chelsea, mal pred Pereirom v\u00fdhodu po nepriate\u013eskej reakcii fan\u00fa\u0161ikov na po\u010diato\u010dn\u00e9 spr\u00e1vy o dosaden\u00ed portugalsk\u00e9ho tr\u00e9nera, ktor\u00fd sa v utorok uk\u00e1zal ako preferovan\u00e1 vo\u013eba v\u00e4\u010d\u0161inov\u00e9ho vlastn\u00edka Moshiriho. B\u00fdval\u00fd mana\u017e\u00e9r Porta a Fenerbah\u00e7e urobil dokonca ve\u013emi nezvy\u010dajn\u00fd krok, ke\u010f sa uch\u00e1dzal o t\u00fato funkciu. Svoje mana\u017e\u00e9rske renom\u00e9 h\u00e1jil v stredaj\u0161om telev\u00edznom rozhovore na\u017eivo pre Sky Sports, tesne po pohovore s EFC. C\u00edtil sa ukrivden\u00fd kv\u00f4li spochyb\u0148ovaniu jeho kval\u00edt.<\/p>\n<h4><strong>V\u00edtor Pereira pre Sky Sports:<\/strong><\/h4>\n<p><em>\u201e\u010co som z klubu c\u00edtil, mysl\u00edm si, \u017ee boli nad\u0161en\u00ed z toho, \u010do som im navrhol: intenz\u00edvna hra, pressing, dr\u017eanie lopty. To som im navrhol a na stretnutiach som c\u00edtil, \u017ee rozhovory boli ve\u013emi pozit\u00edvne. Sp\u00e4tn\u00e1 v\u00e4zba bola dobr\u00e1.&#8220;<\/em><\/p>\n<p><em>&#8222;Toto je prv\u00fdkr\u00e1t v mojej kari\u00e9re, \u010do vid\u00edm tak\u00e9to veci. Nikdy som o sebe nemal tak\u00e9to koment\u00e1re. M\u00f4j \u017eivotopis hovor\u00ed s\u00e1m za seba. Ve\u013emi ma nepoznaj\u00fa. Nepoznaj\u00fa moju pr\u00e1cu, nepoznaj\u00fa ma ako \u010dloveka.&#8220;<\/em><\/p>\n<p><em>&#8222;Ale ch\u00e1pem pocity fan\u00fa\u0161ikov, preto\u017ee posledn\u00e9 roky klub nedosahoval dobr\u00e9 v\u00fdsledky a je norm\u00e1lne, \u017ee nie s\u00fa spokojn\u00ed. Ale ke\u010f som sem pri\u0161iel, pri\u0161iel som s v\u00e1\u0161\u0148ou, s duchom a s \u00famyslom prinies\u0165 op\u00e4\u0165 dobr\u00fd futbal.\u201c<\/em><\/p>\n<h4><strong>Protesty reflektuj\u00fa tot\u00e1lny chaos v klube<\/strong><\/h4>\n<p>Pred sobot\u0148aj\u0161\u00edm z\u00e1pasom s Aston Villou preletelo ponad Goodison Parkom lietadlo s v\u00fdzvou na odchod dlhoro\u010dn\u00e9ho predsedu klubu Billa Kenwrighta s n\u00e1pisom <em>\u201e22 rokov zlyhania, Bill. \u010cas od\u00eds\u0165\u201c.<\/em> Po z\u00e1vere\u010dnom hvizde bolo vidie\u0165 viac hnevu, ke\u010f okolo 150 fan\u00fa\u0161ikov zostalo protestova\u0165 a skandovalo <em>\u201eVyho\u010fte vedenie\u201c<\/em>, <em>\u201eBill Kenwright, vypadni z n\u00e1\u0161ho klubu\u201c<\/em> a <em>\u201eChceme sp\u00e4\u0165 svoj klub\u201c<\/em>.<\/p>\n<p>Odvtedy sa st\u00e1le prejavuje frustr\u00e1cia, ke\u010f sa pred budovou Liver Building, kde s\u00eddlia obchodn\u00e9 kancel\u00e1rie Evertonu, zhroma\u017edilo cez t\u00fd\u017ede\u0148 mno\u017estvo priaznivcov. A v stredu ve\u010der sa pred \u0161tadi\u00f3nom uskuto\u010dnil \u010fal\u0161\u00ed protest. Bolo k videniu mno\u017estvo transparentov, sprejovanie po sten\u00e1ch a hlasn\u00e9 skandovanie.<\/p>\n<p><img loading=\"lazy\" decoding=\"async\" class=\"alignnone size-full wp-image-17610\" src=\"https:\/\/evertonfc.cz\/wp-content\/uploads\/2022\/01\/PROTESTS-29-1-2022.png\" alt=\"\" width=\"720\" height=\"970\" srcset=\"https:\/\/evertonfc.cz\/wp-content\/uploads\/2022\/01\/PROTESTS-29-1-2022.png 720w, https:\/\/evertonfc.cz\/wp-content\/uploads\/2022\/01\/PROTESTS-29-1-2022-223x300.png 223w\" sizes=\"(max-width: 720px) 100vw, 720px\" \/>Pre\u010do? Everton op\u00e4\u0165 nem\u00e1 mana\u017e\u00e9ra, dva mesiace ani \u0161portov\u00e9ho riadite\u013ea, \u0161\u00e9fa n\u00e1boru hr\u00e1\u010dov a dokonca ani \u0161\u00e9fa skautingu. Pri\u010dom len m\u00e1lokto ver\u00ed t\u00fdm, ktor\u00ed s\u00fa na vrchole klubu, \u017ee doteraz robili a v bud\u00facnost\u00ed bud\u00fa robi\u0165 spr\u00e1vne rozhodnutia a zlep\u0161ia dlhotrvaj\u00facu stagn\u00e1ciu a miestami dokonca \u00fapadok tohto tradi\u010dn\u00e9ho klubu.<\/p>\n<h4><strong>Uspel Frank Lampard<\/strong><\/h4>\n<p>V\u010dera ve\u010der u\u017e bolo pod\u013ea d\u00f4veryhodn\u00fdch novin\u00e1rskych zdrojov jasn\u00e9, \u017ee vo\u013eba padla na 43-ro\u010dn\u00e9ho b\u00fdval\u00e9ho z\u00e1lo\u017en\u00edka Chelsea. Ten po\u010das roku mimo futbalu rokoval o tr\u00e9nerskom poste aj s Crystal Palace, Aston Villou a Norwichom. Dnes po\u010das d\u0148a Everton form\u00e1lne pon\u00fakol Lampardovi \u0161ancu obnovi\u0165 svoju mana\u017e\u00e9rsku kari\u00e9ru v Goodison Parku d\u00fafaj\u00fac, \u017ee s Angli\u010danom do nedele uzavrie zmluvu a ofici\u00e1lne to ozn\u00e1mi.<\/p>\n<p>Teraz prebiehaj\u00fa rozhovory o detailoch Lampardovej zmluvy a zlo\u017een\u00ed jeho tr\u00e9nersk\u00e9ho t\u00edmu. Klub by mohol by\u0165 v poz\u00edcii potvrdi\u0165 vymenovanie Lamparda zajtra za predpokladu, \u017ee tieto rozhovory prebehn\u00fa hladko. Neo\u010dak\u00e1va sa, \u017ee by sa stretol s odporom Chelsea, ak by sa pok\u00fasil zobra\u0165 kou\u010dov Joea Edwardsa a Anthonyho Barryho do svojho mana\u017e\u00e9rskeho t\u00edmu Evertonu. \u010ci v\u00a0\u0148om bude aj Duncan Ferguson zatia\u013e nie je jasn\u00e9.<\/p>\n<p style=\"text-align: right;\"><span style=\"font-size: 8pt;\">(fotozdroj: Sky Sports)<\/span><\/p>\n","protected":false},"excerpt":{"rendered":"<p>\u010eal\u0161ie h\u013eadanie nov\u00e9ho \u0161\u00e9fa lavi\u010dky Goodison Parku je zd\u00e1 sa na konci. Po v\u010deraj\u0161\u00edch z\u00e1vere\u010dn\u00fdch pohovoroch v Lond\u00fdne m\u00e1 vedenie Evertonu o bud\u00facnosti jasno.<\/p>\n","protected":false},"author":1,"featured_media":17609,"comment_status":"open","ping_status":"closed","sticky":false,"template":"","format":"standard","meta":{"_eb_attr":"","_monsterinsights_skip_tracking":false,"_monsterinsights_sitenote_active":false,"_monsterinsights_sitenote_note":"","_monsterinsights_sitenote_category":0,"footnotes":""},"categories":[42],"tags":[],"yoast_head":"<!-- This site is optimized with the Yoast SEO plugin v23.4 - https:\/\/yoast.com\/wordpress\/plugins\/seo\/ -->\n<title>U\u017e je rozhodnut\u00e9 - Official Czech &amp; Slovak Everton Supporters&#039; Club<\/title>\n<meta name=\"robots\" content=\"index, follow, max-snippet:-1, max-image-preview:large, max-video-preview:-1\" \/>\n<link rel=\"canonical\" href=\"https:\/\/evertonfc.cz\/index.php\/2022\/01\/29\/uz-je-rozhodnute\/\" \/>\n<meta property=\"og:locale\" content=\"cs_CZ\" \/>\n<meta property=\"og:type\" content=\"article\" \/>\n<meta property=\"og:title\" content=\"U\u017e je rozhodnut\u00e9 - Official Czech &amp; Slovak Everton Supporters&#039; Club\" \/>\n<meta property=\"og:description\" content=\"\u010eal\u0161ie h\u013eadanie nov\u00e9ho \u0161\u00e9fa lavi\u010dky Goodison Parku je zd\u00e1 sa na konci. Po v\u010deraj\u0161\u00edch z\u00e1vere\u010dn\u00fdch pohovoroch v Lond\u00fdne m\u00e1 vedenie Evertonu o bud\u00facnosti jasno.\" \/>\n<meta property=\"og:url\" content=\"https:\/\/evertonfc.cz\/index.php\/2022\/01\/29\/uz-je-rozhodnute\/\" \/>\n<meta property=\"og:site_name\" content=\"Official Czech &amp; Slovak Everton Supporters&#039; Club\" \/>\n<meta property=\"article:publisher\" content=\"https:\/\/www.facebook.com\/everton.fans.cz.sk\" \/>\n<meta property=\"article:published_time\" content=\"2022-01-29T20:04:14+00:00\" \/>\n<meta property=\"article:modified_time\" content=\"2022-01-30T11:01:12+00:00\" \/>\n<meta property=\"og:image\" content=\"https:\/\/evertonfc.cz\/wp-content\/uploads\/2022\/01\/skysports-frank-lampard-vitor-pereira_duncan-ferguson-29-1-2022.jpg\" \/>\n\t<meta property=\"og:image:width\" content=\"720\" \/>\n\t<meta property=\"og:image:height\" content=\"405\" \/>\n\t<meta property=\"og:image:type\" content=\"image\/jpeg\" \/>\n<meta name=\"author\" content=\"BlueBlooded\" \/>\n<meta name=\"twitter:card\" content=\"summary_large_image\" \/>\n<meta name=\"twitter:label1\" content=\"Napsal(a)\" \/>\n\t<meta name=\"twitter:data1\" content=\"BlueBlooded\" \/>\n\t<meta name=\"twitter:label2\" content=\"Odhadovan\u00e1 doba \u010dten\u00ed\" \/>\n\t<meta name=\"twitter:data2\" content=\"5 minut\" \/>\n<script type=\"application\/ld+json\" class=\"yoast-schema-graph\">{\"@context\":\"https:\/\/schema.org\",\"@graph\":[{\"@type\":\"Article\",\"@id\":\"https:\/\/evertonfc.cz\/index.php\/2022\/01\/29\/uz-je-rozhodnute\/#article\",\"isPartOf\":{\"@id\":\"https:\/\/evertonfc.cz\/index.php\/2022\/01\/29\/uz-je-rozhodnute\/\"},\"author\":{\"name\":\"BlueBlooded\",\"@id\":\"https:\/\/evertonfc.cz\/#\/schema\/person\/d4493b8cbea51532597fbc4685698916\"},\"headline\":\"U\u017e je rozhodnut\u00e9\",\"datePublished\":\"2022-01-29T20:04:14+00:00\",\"dateModified\":\"2022-01-30T11:01:12+00:00\",\"mainEntityOfPage\":{\"@id\":\"https:\/\/evertonfc.cz\/index.php\/2022\/01\/29\/uz-je-rozhodnute\/\"},\"wordCount\":972,\"commentCount\":8,\"publisher\":{\"@id\":\"https:\/\/evertonfc.cz\/#organization\"},\"image\":{\"@id\":\"https:\/\/evertonfc.cz\/index.php\/2022\/01\/29\/uz-je-rozhodnute\/#primaryimage\"},\"thumbnailUrl\":\"https:\/\/evertonfc.cz\/wp-content\/uploads\/2022\/01\/skysports-frank-lampard-vitor-pereira_duncan-ferguson-29-1-2022.jpg\",\"articleSection\":[\"Aktuality\"],\"inLanguage\":\"cs\",\"potentialAction\":[{\"@type\":\"CommentAction\",\"name\":\"Comment\",\"target\":[\"https:\/\/evertonfc.cz\/index.php\/2022\/01\/29\/uz-je-rozhodnute\/#respond\"]}]},{\"@type\":\"WebPage\",\"@id\":\"https:\/\/evertonfc.cz\/index.php\/2022\/01\/29\/uz-je-rozhodnute\/\",\"url\":\"https:\/\/evertonfc.cz\/index.php\/2022\/01\/29\/uz-je-rozhodnute\/\",\"name\":\"U\u017e je rozhodnut\u00e9 - Official Czech &amp; Slovak Everton Supporters&#039; Club\",\"isPartOf\":{\"@id\":\"https:\/\/evertonfc.cz\/#website\"},\"primaryImageOfPage\":{\"@id\":\"https:\/\/evertonfc.cz\/index.php\/2022\/01\/29\/uz-je-rozhodnute\/#primaryimage\"},\"image\":{\"@id\":\"https:\/\/evertonfc.cz\/index.php\/2022\/01\/29\/uz-je-rozhodnute\/#primaryimage\"},\"thumbnailUrl\":\"https:\/\/evertonfc.cz\/wp-content\/uploads\/2022\/01\/skysports-frank-lampard-vitor-pereira_duncan-ferguson-29-1-2022.jpg\",\"datePublished\":\"2022-01-29T20:04:14+00:00\",\"dateModified\":\"2022-01-30T11:01:12+00:00\",\"breadcrumb\":{\"@id\":\"https:\/\/evertonfc.cz\/index.php\/2022\/01\/29\/uz-je-rozhodnute\/#breadcrumb\"},\"inLanguage\":\"cs\",\"potentialAction\":[{\"@type\":\"ReadAction\",\"target\":[\"https:\/\/evertonfc.cz\/index.php\/2022\/01\/29\/uz-je-rozhodnute\/\"]}]},{\"@type\":\"ImageObject\",\"inLanguage\":\"cs\",\"@id\":\"https:\/\/evertonfc.cz\/index.php\/2022\/01\/29\/uz-je-rozhodnute\/#primaryimage\",\"url\":\"https:\/\/evertonfc.cz\/wp-content\/uploads\/2022\/01\/skysports-frank-lampard-vitor-pereira_duncan-ferguson-29-1-2022.jpg\",\"contentUrl\":\"https:\/\/evertonfc.cz\/wp-content\/uploads\/2022\/01\/skysports-frank-lampard-vitor-pereira_duncan-ferguson-29-1-2022.jpg\",\"width\":720,\"height\":405},{\"@type\":\"BreadcrumbList\",\"@id\":\"https:\/\/evertonfc.cz\/index.php\/2022\/01\/29\/uz-je-rozhodnute\/#breadcrumb\",\"itemListElement\":[{\"@type\":\"ListItem\",\"position\":1,\"name\":\"Home\",\"item\":\"https:\/\/evertonfc.cz\/\"},{\"@type\":\"ListItem\",\"position\":2,\"name\":\"U\u017e je rozhodnut\u00e9\"}]},{\"@type\":\"WebSite\",\"@id\":\"https:\/\/evertonfc.cz\/#website\",\"url\":\"https:\/\/evertonfc.cz\/\",\"name\":\"Official Czech &amp; Slovak Everton Supporters&#039; Club\",\"description\":\"\",\"publisher\":{\"@id\":\"https:\/\/evertonfc.cz\/#organization\"},\"potentialAction\":[{\"@type\":\"SearchAction\",\"target\":{\"@type\":\"EntryPoint\",\"urlTemplate\":\"https:\/\/evertonfc.cz\/?s={search_term_string}\"},\"query-input\":{\"@type\":\"PropertyValueSpecification\",\"valueRequired\":true,\"valueName\":\"search_term_string\"}}],\"inLanguage\":\"cs\"},{\"@type\":\"Organization\",\"@id\":\"https:\/\/evertonfc.cz\/#organization\",\"name\":\"Official Czech & Slovak Everton Supporters' Club\",\"url\":\"https:\/\/evertonfc.cz\/\",\"logo\":{\"@type\":\"ImageObject\",\"inLanguage\":\"cs\",\"@id\":\"https:\/\/evertonfc.cz\/#\/schema\/logo\/image\/\",\"url\":\"https:\/\/evertonfc.cz\/wp-content\/uploads\/2019\/05\/logo.png\",\"contentUrl\":\"https:\/\/evertonfc.cz\/wp-content\/uploads\/2019\/05\/logo.png\",\"width\":112,\"height\":112,\"caption\":\"Official Czech & Slovak Everton Supporters' Club\"},\"image\":{\"@id\":\"https:\/\/evertonfc.cz\/#\/schema\/logo\/image\/\"},\"sameAs\":[\"https:\/\/www.facebook.com\/everton.fans.cz.sk\"]},{\"@type\":\"Person\",\"@id\":\"https:\/\/evertonfc.cz\/#\/schema\/person\/d4493b8cbea51532597fbc4685698916\",\"name\":\"BlueBlooded\",\"url\":\"https:\/\/evertonfc.cz\/index.php\/author\/admin\/\"}]}<\/script>\n<!-- \/ Yoast SEO plugin. -->","yoast_head_json":{"title":"U\u017e je rozhodnut\u00e9 - Official Czech &amp; Slovak Everton Supporters&#039; Club","robots":{"index":"index","follow":"follow","max-snippet":"max-snippet:-1","max-image-preview":"max-image-preview:large","max-video-preview":"max-video-preview:-1"},"canonical":"https:\/\/evertonfc.cz\/index.php\/2022\/01\/29\/uz-je-rozhodnute\/","og_locale":"cs_CZ","og_type":"article","og_title":"U\u017e je rozhodnut\u00e9 - Official Czech &amp; Slovak Everton Supporters&#039; Club","og_description":"\u010eal\u0161ie h\u013eadanie nov\u00e9ho \u0161\u00e9fa lavi\u010dky Goodison Parku je zd\u00e1 sa na konci. Po v\u010deraj\u0161\u00edch z\u00e1vere\u010dn\u00fdch pohovoroch v Lond\u00fdne m\u00e1 vedenie Evertonu o bud\u00facnosti jasno.","og_url":"https:\/\/evertonfc.cz\/index.php\/2022\/01\/29\/uz-je-rozhodnute\/","og_site_name":"Official Czech &amp; Slovak Everton Supporters&#039; Club","article_publisher":"https:\/\/www.facebook.com\/everton.fans.cz.sk","article_published_time":"2022-01-29T20:04:14+00:00","article_modified_time":"2022-01-30T11:01:12+00:00","og_image":[{"width":720,"height":405,"url":"https:\/\/evertonfc.cz\/wp-content\/uploads\/2022\/01\/skysports-frank-lampard-vitor-pereira_duncan-ferguson-29-1-2022.jpg","type":"image\/jpeg"}],"author":"BlueBlooded","twitter_card":"summary_large_image","twitter_misc":{"Napsal(a)":"BlueBlooded","Odhadovan\u00e1 doba \u010dten\u00ed":"5 minut"},"schema":{"@context":"https:\/\/schema.org","@graph":[{"@type":"Article","@id":"https:\/\/evertonfc.cz\/index.php\/2022\/01\/29\/uz-je-rozhodnute\/#article","isPartOf":{"@id":"https:\/\/evertonfc.cz\/index.php\/2022\/01\/29\/uz-je-rozhodnute\/"},"author":{"name":"BlueBlooded","@id":"https:\/\/evertonfc.cz\/#\/schema\/person\/d4493b8cbea51532597fbc4685698916"},"headline":"U\u017e je rozhodnut\u00e9","datePublished":"2022-01-29T20:04:14+00:00","dateModified":"2022-01-30T11:01:12+00:00","mainEntityOfPage":{"@id":"https:\/\/evertonfc.cz\/index.php\/2022\/01\/29\/uz-je-rozhodnute\/"},"wordCount":972,"commentCount":8,"publisher":{"@id":"https:\/\/evertonfc.cz\/#organization"},"image":{"@id":"https:\/\/evertonfc.cz\/index.php\/2022\/01\/29\/uz-je-rozhodnute\/#primaryimage"},"thumbnailUrl":"https:\/\/evertonfc.cz\/wp-content\/uploads\/2022\/01\/skysports-frank-lampard-vitor-pereira_duncan-ferguson-29-1-2022.jpg","articleSection":["Aktuality"],"inLanguage":"cs","potentialAction":[{"@type":"CommentAction","name":"Comment","target":["https:\/\/evertonfc.cz\/index.php\/2022\/01\/29\/uz-je-rozhodnute\/#respond"]}]},{"@type":"WebPage","@id":"https:\/\/evertonfc.cz\/index.php\/2022\/01\/29\/uz-je-rozhodnute\/","url":"https:\/\/evertonfc.cz\/index.php\/2022\/01\/29\/uz-je-rozhodnute\/","name":"U\u017e je rozhodnut\u00e9 - Official Czech &amp; Slovak Everton Supporters&#039; Club","isPartOf":{"@id":"https:\/\/evertonfc.cz\/#website"},"primaryImageOfPage":{"@id":"https:\/\/evertonfc.cz\/index.php\/2022\/01\/29\/uz-je-rozhodnute\/#primaryimage"},"image":{"@id":"https:\/\/evertonfc.cz\/index.php\/2022\/01\/29\/uz-je-rozhodnute\/#primaryimage"},"thumbnailUrl":"https:\/\/evertonfc.cz\/wp-content\/uploads\/2022\/01\/skysports-frank-lampard-vitor-pereira_duncan-ferguson-29-1-2022.jpg","datePublished":"2022-01-29T20:04:14+00:00","dateModified":"2022-01-30T11:01:12+00:00","breadcrumb":{"@id":"https:\/\/evertonfc.cz\/index.php\/2022\/01\/29\/uz-je-rozhodnute\/#breadcrumb"},"inLanguage":"cs","potentialAction":[{"@type":"ReadAction","target":["https:\/\/evertonfc.cz\/index.php\/2022\/01\/29\/uz-je-rozhodnute\/"]}]},{"@type":"ImageObject","inLanguage":"cs","@id":"https:\/\/evertonfc.cz\/index.php\/2022\/01\/29\/uz-je-rozhodnute\/#primaryimage","url":"https:\/\/evertonfc.cz\/wp-content\/uploads\/2022\/01\/skysports-frank-lampard-vitor-pereira_duncan-ferguson-29-1-2022.jpg","contentUrl":"https:\/\/evertonfc.cz\/wp-content\/uploads\/2022\/01\/skysports-frank-lampard-vitor-pereira_duncan-ferguson-29-1-2022.jpg","width":720,"height":405},{"@type":"BreadcrumbList","@id":"https:\/\/evertonfc.cz\/index.php\/2022\/01\/29\/uz-je-rozhodnute\/#breadcrumb","itemListElement":[{"@type":"ListItem","position":1,"name":"Home","item":"https:\/\/evertonfc.cz\/"},{"@type":"ListItem","position":2,"name":"U\u017e je rozhodnut\u00e9"}]},{"@type":"WebSite","@id":"https:\/\/evertonfc.cz\/#website","url":"https:\/\/evertonfc.cz\/","name":"Official Czech &amp; Slovak Everton Supporters&#039; Club","description":"","publisher":{"@id":"https:\/\/evertonfc.cz\/#organization"},"potentialAction":[{"@type":"SearchAction","target":{"@type":"EntryPoint","urlTemplate":"https:\/\/evertonfc.cz\/?s={search_term_string}"},"query-input":{"@type":"PropertyValueSpecification","valueRequired":true,"valueName":"search_term_string"}}],"inLanguage":"cs"},{"@type":"Organization","@id":"https:\/\/evertonfc.cz\/#organization","name":"Official Czech & Slovak Everton Supporters' Club","url":"https:\/\/evertonfc.cz\/","logo":{"@type":"ImageObject","inLanguage":"cs","@id":"https:\/\/evertonfc.cz\/#\/schema\/logo\/image\/","url":"https:\/\/evertonfc.cz\/wp-content\/uploads\/2019\/05\/logo.png","contentUrl":"https:\/\/evertonfc.cz\/wp-content\/uploads\/2019\/05\/logo.png","width":112,"height":112,"caption":"Official Czech & Slovak Everton Supporters' Club"},"image":{"@id":"https:\/\/evertonfc.cz\/#\/schema\/logo\/image\/"},"sameAs":["https:\/\/www.facebook.com\/everton.fans.cz.sk"]},{"@type":"Person","@id":"https:\/\/evertonfc.cz\/#\/schema\/person\/d4493b8cbea51532597fbc4685698916","name":"BlueBlooded","url":"https:\/\/evertonfc.cz\/index.php\/author\/admin\/"}]}},"_links":{"self":[{"href":"https:\/\/evertonfc.cz\/index.php\/wp-json\/wp\/v2\/posts\/17608"}],"collection":[{"href":"https:\/\/evertonfc.cz\/index.php\/wp-json\/wp\/v2\/posts"}],"about":[{"href":"https:\/\/evertonfc.cz\/index.php\/wp-json\/wp\/v2\/types\/post"}],"author":[{"embeddable":true,"href":"https:\/\/evertonfc.cz\/index.php\/wp-json\/wp\/v2\/users\/1"}],"replies":[{"embeddable":true,"href":"https:\/\/evertonfc.cz\/index.php\/wp-json\/wp\/v2\/comments?post=17608"}],"version-history":[{"count":21,"href":"https:\/\/evertonfc.cz\/index.php\/wp-json\/wp\/v2\/posts\/17608\/revisions"}],"predecessor-version":[{"id":17631,"href":"https:\/\/evertonfc.cz\/index.php\/wp-json\/wp\/v2\/posts\/17608\/revisions\/17631"}],"wp:featuredmedia":[{"embeddable":true,"href":"https:\/\/evertonfc.cz\/index.php\/wp-json\/wp\/v2\/media\/17609"}],"wp:attachment":[{"href":"https:\/\/evertonfc.cz\/index.php\/wp-json\/wp\/v2\/media?parent=17608"}],"wp:term":[{"taxonomy":"category","embeddable":true,"href":"https:\/\/evertonfc.cz\/index.php\/wp-json\/wp\/v2\/categories?post=17608"},{"taxonomy":"post_tag","embeddable":true,"href":"https:\/\/evertonfc.cz\/index.php\/wp-json\/wp\/v2\/tags?post=17608"}],"curies":[{"name":"wp","href":"https:\/\/api.w.org\/{rel}","templated":true}]}}