{"id":17656,"date":"2022-01-31T20:25:36","date_gmt":"2022-01-31T19:25:36","guid":{"rendered":"https:\/\/evertonfc.cz\/?p=17656"},"modified":"2022-01-31T20:28:19","modified_gmt":"2022-01-31T19:28:19","slug":"van-de-beek-hostuje-v-evertonu","status":"publish","type":"post","link":"https:\/\/evertonfc.cz\/index.php\/2022\/01\/31\/van-de-beek-hostuje-v-evertonu\/","title":{"rendered":"Van de Beek hostuje v Evertonu"},"content":{"rendered":"<h4>Nov\u00fd mana\u017eer Frank Lampard nezah\u00e1l\u00ed. Everton v\u00a0posledn\u00ed den p\u0159estupov\u00e9ho obdob\u00ed zkompletoval d\u00edky jeho p\u0159i\u010din\u011bn\u00ed hostov\u00e1n\u00ed z\u00e1lo\u017en\u00edka Donnyho van de Beeka z Manchesteru United.<\/h4>\n<p>I kdy\u017e o 24let\u00e9ho Nizozemce st\u00e1l u\u017e b\u00fdval\u00fd sportovn\u00ed \u0159editel Marcel Brands, byl to pr\u00e1v\u011b Lampard, kter\u00fd hr\u00e1\u010de osobn\u011b p\u0159esv\u011bd\u010dil o p\u0159\u00edchodu na Goodison Park, \u010d\u00edm\u017e ho z\u00e1rove\u0148 na posledn\u00ed chv\u00edli vyfoukl Crystal Palace.<\/p>\n<p>Van de Beek bude na Merseyside hostovat do konce sez\u00f3ny a Toffees budou hradit jeho celou mzdu, je\u017e p\u0159evy\u0161uje t\u00fddenn\u00ed \u010d\u00e1stku ve v\u00fd\u0161i 100 tis\u00edc liber. Ve smlouv\u011b o hostov\u00e1n\u00ed nen\u00ed zahrnuta opce na p\u0159estup, hr\u00e1\u010d se tak v l\u00e9t\u011b vr\u00e1t\u00ed do Manchesteru.<\/p>\n<p><em>\u201eEverton je obrovsk\u00fd klub se skv\u011bl\u00fdmi hr\u00e1\u010di, histori\u00ed i fanou\u0161ky. M\u00e1 v\u0161echny p\u0159edpoklady k tomu, aby rychle vystoupal tabulkou do vy\u0161\u0161\u00edch pater. Nemohu se ji\u017e do\u010dkat debutu, bohu\u017eel v sobotu nemohu nastoupit, ale na dal\u0161\u00ed z\u00e1pas budu ur\u010dit\u011b p\u0159ipraven,\u201c<\/em> prozradila nov\u00e1 evertonsk\u00e1 30, kter\u00e1 si o nadch\u00e1zej\u00edc\u00edm v\u00edkendu je\u0161t\u011b opravdu odpo\u010dine, jeliko\u017e v FA Cupu ji\u017e v aktu\u00e1ln\u00ed sez\u00f3n\u011b nastoupila za Red Devils. V \u00fater\u00fd 8. ledna by u\u017e ale m\u011bla pomoct Everton usp\u011bt v d\u016fle\u017eit\u00e9m ligov\u00e9m z\u00e1chran\u00e1\u0159sk\u00e9m boji na p\u016fd\u011b Newcastlu.<\/p>\n<p>Mlad\u0161\u00ed dvojn\u00edk herca Jamese van der Beeka (Dawson\u016fv sv\u011bt) plat\u00ed za velk\u00e9ho univerz\u00e1la. Ve st\u0159edu z\u00e1lohy m\u016f\u017ee de facto nastoupit na ka\u017ed\u00e9 pozici, nav\u00edc zvl\u00e1dne i post fale\u0161n\u00e9 dev\u00edtky, o \u010dem\u017e zdatn\u011b p\u0159esv\u011bd\u010dil ve sv\u00e9 nejlep\u0161\u00ed sez\u00f3n\u011b 2018\/19. Tehdy byl jednou z kl\u00ed\u010dov\u00fdch postav Ajaxu v j\u00edzd\u011b do semifin\u00e1le Ligy mistr\u016f a zisku t\u0159\u00ed trofej\u00ed na dom\u00e1c\u00ed nizozemsk\u00e9 sc\u00e9n\u011b. Van de Beek je siln\u00fd v kombinaci, ne\u00fanavn\u00fd d\u0159\u00ed\u010d na h\u0159i\u0161ti a nebezpe\u010dn\u00fd v n\u00e1b\u011bz\u00edch do v\u00e1pna.<\/p>\n<p>Fotbalov\u011b vyrostl v akademii Ajaxu, v jeho\u017e dresu od debutu v roce 2015 odehr\u00e1l v\u00edce ne\u017e stovku z\u00e1pas\u016f. Po p\u0159estupu na Old Trafford v roce 2020 za 35 milion\u016f liber ale jeho kari\u00e9ra stagnuje. Za United zaknihoval pouze 579 ligov\u00fdch minut (m\u00e9n\u011b ne\u017e sedm cel\u00fdch z\u00e1pas\u016f), nicm\u00e9n\u011b klub mu chce d\u00e1t dal\u0161\u00ed \u0161anci pod nov\u00fdm mana\u017eerem, kter\u00e9ho pl\u00e1nuje jmenovat po konci leto\u0161n\u00ed sez\u00f3ny.<\/p>\n","protected":false},"excerpt":{"rendered":"<p>Nov\u00fd mana\u017eer Frank Lampard nezah\u00e1l\u00ed. Everton v posledn\u00ed den p\u0159estupov\u00e9ho obdob\u00ed zkompletoval d\u00edky jeho p\u0159i\u010din\u011bn\u00ed hostov\u00e1n\u00ed z\u00e1lo\u017en\u00edka Donnyho van de Beeka z Manchesteru United.<\/p>\n","protected":false},"author":6,"featured_media":17655,"comment_status":"open","ping_status":"closed","sticky":false,"template":"","format":"standard","meta":{"_eb_attr":"","_monsterinsights_skip_tracking":false,"_monsterinsights_sitenote_active":false,"_monsterinsights_sitenote_note":"","_monsterinsights_sitenote_category":0,"footnotes":""},"categories":[41],"tags":[],"yoast_head":"<!-- This site is optimized with the Yoast SEO plugin v23.4 - https:\/\/yoast.com\/wordpress\/plugins\/seo\/ -->\n<title>Van de Beek hostuje v Evertonu - Official Czech &amp; Slovak Everton Supporters&#039; Club<\/title>\n<meta name=\"robots\" content=\"index, follow, max-snippet:-1, max-image-preview:large, max-video-preview:-1\" \/>\n<link rel=\"canonical\" href=\"https:\/\/evertonfc.cz\/index.php\/2022\/01\/31\/van-de-beek-hostuje-v-evertonu\/\" \/>\n<meta property=\"og:locale\" content=\"cs_CZ\" \/>\n<meta property=\"og:type\" content=\"article\" \/>\n<meta property=\"og:title\" content=\"Van de Beek hostuje v Evertonu - Official Czech &amp; Slovak Everton Supporters&#039; Club\" \/>\n<meta property=\"og:description\" content=\"Nov\u00fd mana\u017eer Frank Lampard nezah\u00e1l\u00ed. Everton v posledn\u00ed den p\u0159estupov\u00e9ho obdob\u00ed zkompletoval d\u00edky jeho p\u0159i\u010din\u011bn\u00ed hostov\u00e1n\u00ed z\u00e1lo\u017en\u00edka Donnyho van de Beeka z Manchesteru United.\" \/>\n<meta property=\"og:url\" content=\"https:\/\/evertonfc.cz\/index.php\/2022\/01\/31\/van-de-beek-hostuje-v-evertonu\/\" \/>\n<meta property=\"og:site_name\" content=\"Official Czech &amp; Slovak Everton Supporters&#039; Club\" \/>\n<meta property=\"article:publisher\" content=\"https:\/\/www.facebook.com\/everton.fans.cz.sk\" \/>\n<meta property=\"article:published_time\" content=\"2022-01-31T19:25:36+00:00\" \/>\n<meta property=\"article:modified_time\" content=\"2022-01-31T19:28:19+00:00\" \/>\n<meta property=\"og:image\" content=\"https:\/\/evertonfc.cz\/wp-content\/uploads\/2022\/01\/beek_31_1_2022.jpg\" \/>\n\t<meta property=\"og:image:width\" content=\"720\" \/>\n\t<meta property=\"og:image:height\" content=\"405\" \/>\n\t<meta property=\"og:image:type\" content=\"image\/jpeg\" \/>\n<meta name=\"author\" content=\"Ri\u010di\" \/>\n<meta name=\"twitter:card\" content=\"summary_large_image\" \/>\n<meta name=\"twitter:creator\" content=\"@rbrejsa\" \/>\n<meta name=\"twitter:label1\" content=\"Napsal(a)\" \/>\n\t<meta name=\"twitter:data1\" content=\"Ri\u010di\" \/>\n\t<meta name=\"twitter:label2\" content=\"Odhadovan\u00e1 doba \u010dten\u00ed\" \/>\n\t<meta name=\"twitter:data2\" content=\"2 minuty\" \/>\n<script type=\"application\/ld+json\" class=\"yoast-schema-graph\">{\"@context\":\"https:\/\/schema.org\",\"@graph\":[{\"@type\":\"Article\",\"@id\":\"https:\/\/evertonfc.cz\/index.php\/2022\/01\/31\/van-de-beek-hostuje-v-evertonu\/#article\",\"isPartOf\":{\"@id\":\"https:\/\/evertonfc.cz\/index.php\/2022\/01\/31\/van-de-beek-hostuje-v-evertonu\/\"},\"author\":{\"name\":\"Ri\u010di\",\"@id\":\"https:\/\/evertonfc.cz\/#\/schema\/person\/f7a5daedb2ffee98480bc70e191aaef1\"},\"headline\":\"Van de Beek hostuje v Evertonu\",\"datePublished\":\"2022-01-31T19:25:36+00:00\",\"dateModified\":\"2022-01-31T19:28:19+00:00\",\"mainEntityOfPage\":{\"@id\":\"https:\/\/evertonfc.cz\/index.php\/2022\/01\/31\/van-de-beek-hostuje-v-evertonu\/\"},\"wordCount\":431,\"commentCount\":5,\"publisher\":{\"@id\":\"https:\/\/evertonfc.cz\/#organization\"},\"image\":{\"@id\":\"https:\/\/evertonfc.cz\/index.php\/2022\/01\/31\/van-de-beek-hostuje-v-evertonu\/#primaryimage\"},\"thumbnailUrl\":\"https:\/\/evertonfc.cz\/wp-content\/uploads\/2022\/01\/beek_31_1_2022.jpg\",\"articleSection\":[\"P\u0159estupy\"],\"inLanguage\":\"cs\",\"potentialAction\":[{\"@type\":\"CommentAction\",\"name\":\"Comment\",\"target\":[\"https:\/\/evertonfc.cz\/index.php\/2022\/01\/31\/van-de-beek-hostuje-v-evertonu\/#respond\"]}]},{\"@type\":\"WebPage\",\"@id\":\"https:\/\/evertonfc.cz\/index.php\/2022\/01\/31\/van-de-beek-hostuje-v-evertonu\/\",\"url\":\"https:\/\/evertonfc.cz\/index.php\/2022\/01\/31\/van-de-beek-hostuje-v-evertonu\/\",\"name\":\"Van de Beek hostuje v Evertonu - Official Czech &amp; Slovak Everton Supporters&#039; Club\",\"isPartOf\":{\"@id\":\"https:\/\/evertonfc.cz\/#website\"},\"primaryImageOfPage\":{\"@id\":\"https:\/\/evertonfc.cz\/index.php\/2022\/01\/31\/van-de-beek-hostuje-v-evertonu\/#primaryimage\"},\"image\":{\"@id\":\"https:\/\/evertonfc.cz\/index.php\/2022\/01\/31\/van-de-beek-hostuje-v-evertonu\/#primaryimage\"},\"thumbnailUrl\":\"https:\/\/evertonfc.cz\/wp-content\/uploads\/2022\/01\/beek_31_1_2022.jpg\",\"datePublished\":\"2022-01-31T19:25:36+00:00\",\"dateModified\":\"2022-01-31T19:28:19+00:00\",\"breadcrumb\":{\"@id\":\"https:\/\/evertonfc.cz\/index.php\/2022\/01\/31\/van-de-beek-hostuje-v-evertonu\/#breadcrumb\"},\"inLanguage\":\"cs\",\"potentialAction\":[{\"@type\":\"ReadAction\",\"target\":[\"https:\/\/evertonfc.cz\/index.php\/2022\/01\/31\/van-de-beek-hostuje-v-evertonu\/\"]}]},{\"@type\":\"ImageObject\",\"inLanguage\":\"cs\",\"@id\":\"https:\/\/evertonfc.cz\/index.php\/2022\/01\/31\/van-de-beek-hostuje-v-evertonu\/#primaryimage\",\"url\":\"https:\/\/evertonfc.cz\/wp-content\/uploads\/2022\/01\/beek_31_1_2022.jpg\",\"contentUrl\":\"https:\/\/evertonfc.cz\/wp-content\/uploads\/2022\/01\/beek_31_1_2022.jpg\",\"width\":720,\"height\":405},{\"@type\":\"BreadcrumbList\",\"@id\":\"https:\/\/evertonfc.cz\/index.php\/2022\/01\/31\/van-de-beek-hostuje-v-evertonu\/#breadcrumb\",\"itemListElement\":[{\"@type\":\"ListItem\",\"position\":1,\"name\":\"Home\",\"item\":\"https:\/\/evertonfc.cz\/\"},{\"@type\":\"ListItem\",\"position\":2,\"name\":\"Van de Beek hostuje v Evertonu\"}]},{\"@type\":\"WebSite\",\"@id\":\"https:\/\/evertonfc.cz\/#website\",\"url\":\"https:\/\/evertonfc.cz\/\",\"name\":\"Official Czech &amp; Slovak Everton Supporters&#039; Club\",\"description\":\"\",\"publisher\":{\"@id\":\"https:\/\/evertonfc.cz\/#organization\"},\"potentialAction\":[{\"@type\":\"SearchAction\",\"target\":{\"@type\":\"EntryPoint\",\"urlTemplate\":\"https:\/\/evertonfc.cz\/?s={search_term_string}\"},\"query-input\":{\"@type\":\"PropertyValueSpecification\",\"valueRequired\":true,\"valueName\":\"search_term_string\"}}],\"inLanguage\":\"cs\"},{\"@type\":\"Organization\",\"@id\":\"https:\/\/evertonfc.cz\/#organization\",\"name\":\"Official Czech & Slovak Everton Supporters' Club\",\"url\":\"https:\/\/evertonfc.cz\/\",\"logo\":{\"@type\":\"ImageObject\",\"inLanguage\":\"cs\",\"@id\":\"https:\/\/evertonfc.cz\/#\/schema\/logo\/image\/\",\"url\":\"https:\/\/evertonfc.cz\/wp-content\/uploads\/2019\/05\/logo.png\",\"contentUrl\":\"https:\/\/evertonfc.cz\/wp-content\/uploads\/2019\/05\/logo.png\",\"width\":112,\"height\":112,\"caption\":\"Official Czech & Slovak Everton Supporters' Club\"},\"image\":{\"@id\":\"https:\/\/evertonfc.cz\/#\/schema\/logo\/image\/\"},\"sameAs\":[\"https:\/\/www.facebook.com\/everton.fans.cz.sk\"]},{\"@type\":\"Person\",\"@id\":\"https:\/\/evertonfc.cz\/#\/schema\/person\/f7a5daedb2ffee98480bc70e191aaef1\",\"name\":\"Ri\u010di\",\"sameAs\":[\"https:\/\/x.com\/rbrejsa\"],\"url\":\"https:\/\/evertonfc.cz\/index.php\/author\/rici\/\"}]}<\/script>\n<!-- \/ Yoast SEO plugin. -->","yoast_head_json":{"title":"Van de Beek hostuje v Evertonu - Official Czech &amp; Slovak Everton Supporters&#039; Club","robots":{"index":"index","follow":"follow","max-snippet":"max-snippet:-1","max-image-preview":"max-image-preview:large","max-video-preview":"max-video-preview:-1"},"canonical":"https:\/\/evertonfc.cz\/index.php\/2022\/01\/31\/van-de-beek-hostuje-v-evertonu\/","og_locale":"cs_CZ","og_type":"article","og_title":"Van de Beek hostuje v Evertonu - Official Czech &amp; Slovak Everton Supporters&#039; Club","og_description":"Nov\u00fd mana\u017eer Frank Lampard nezah\u00e1l\u00ed. Everton v posledn\u00ed den p\u0159estupov\u00e9ho obdob\u00ed zkompletoval d\u00edky jeho p\u0159i\u010din\u011bn\u00ed hostov\u00e1n\u00ed z\u00e1lo\u017en\u00edka Donnyho van de Beeka z Manchesteru United.","og_url":"https:\/\/evertonfc.cz\/index.php\/2022\/01\/31\/van-de-beek-hostuje-v-evertonu\/","og_site_name":"Official Czech &amp; Slovak Everton Supporters&#039; Club","article_publisher":"https:\/\/www.facebook.com\/everton.fans.cz.sk","article_published_time":"2022-01-31T19:25:36+00:00","article_modified_time":"2022-01-31T19:28:19+00:00","og_image":[{"width":720,"height":405,"url":"https:\/\/evertonfc.cz\/wp-content\/uploads\/2022\/01\/beek_31_1_2022.jpg","type":"image\/jpeg"}],"author":"Ri\u010di","twitter_card":"summary_large_image","twitter_creator":"@rbrejsa","twitter_misc":{"Napsal(a)":"Ri\u010di","Odhadovan\u00e1 doba \u010dten\u00ed":"2 minuty"},"schema":{"@context":"https:\/\/schema.org","@graph":[{"@type":"Article","@id":"https:\/\/evertonfc.cz\/index.php\/2022\/01\/31\/van-de-beek-hostuje-v-evertonu\/#article","isPartOf":{"@id":"https:\/\/evertonfc.cz\/index.php\/2022\/01\/31\/van-de-beek-hostuje-v-evertonu\/"},"author":{"name":"Ri\u010di","@id":"https:\/\/evertonfc.cz\/#\/schema\/person\/f7a5daedb2ffee98480bc70e191aaef1"},"headline":"Van de Beek hostuje v Evertonu","datePublished":"2022-01-31T19:25:36+00:00","dateModified":"2022-01-31T19:28:19+00:00","mainEntityOfPage":{"@id":"https:\/\/evertonfc.cz\/index.php\/2022\/01\/31\/van-de-beek-hostuje-v-evertonu\/"},"wordCount":431,"commentCount":5,"publisher":{"@id":"https:\/\/evertonfc.cz\/#organization"},"image":{"@id":"https:\/\/evertonfc.cz\/index.php\/2022\/01\/31\/van-de-beek-hostuje-v-evertonu\/#primaryimage"},"thumbnailUrl":"https:\/\/evertonfc.cz\/wp-content\/uploads\/2022\/01\/beek_31_1_2022.jpg","articleSection":["P\u0159estupy"],"inLanguage":"cs","potentialAction":[{"@type":"CommentAction","name":"Comment","target":["https:\/\/evertonfc.cz\/index.php\/2022\/01\/31\/van-de-beek-hostuje-v-evertonu\/#respond"]}]},{"@type":"WebPage","@id":"https:\/\/evertonfc.cz\/index.php\/2022\/01\/31\/van-de-beek-hostuje-v-evertonu\/","url":"https:\/\/evertonfc.cz\/index.php\/2022\/01\/31\/van-de-beek-hostuje-v-evertonu\/","name":"Van de Beek hostuje v Evertonu - Official Czech &amp; Slovak Everton Supporters&#039; Club","isPartOf":{"@id":"https:\/\/evertonfc.cz\/#website"},"primaryImageOfPage":{"@id":"https:\/\/evertonfc.cz\/index.php\/2022\/01\/31\/van-de-beek-hostuje-v-evertonu\/#primaryimage"},"image":{"@id":"https:\/\/evertonfc.cz\/index.php\/2022\/01\/31\/van-de-beek-hostuje-v-evertonu\/#primaryimage"},"thumbnailUrl":"https:\/\/evertonfc.cz\/wp-content\/uploads\/2022\/01\/beek_31_1_2022.jpg","datePublished":"2022-01-31T19:25:36+00:00","dateModified":"2022-01-31T19:28:19+00:00","breadcrumb":{"@id":"https:\/\/evertonfc.cz\/index.php\/2022\/01\/31\/van-de-beek-hostuje-v-evertonu\/#breadcrumb"},"inLanguage":"cs","potentialAction":[{"@type":"ReadAction","target":["https:\/\/evertonfc.cz\/index.php\/2022\/01\/31\/van-de-beek-hostuje-v-evertonu\/"]}]},{"@type":"ImageObject","inLanguage":"cs","@id":"https:\/\/evertonfc.cz\/index.php\/2022\/01\/31\/van-de-beek-hostuje-v-evertonu\/#primaryimage","url":"https:\/\/evertonfc.cz\/wp-content\/uploads\/2022\/01\/beek_31_1_2022.jpg","contentUrl":"https:\/\/evertonfc.cz\/wp-content\/uploads\/2022\/01\/beek_31_1_2022.jpg","width":720,"height":405},{"@type":"BreadcrumbList","@id":"https:\/\/evertonfc.cz\/index.php\/2022\/01\/31\/van-de-beek-hostuje-v-evertonu\/#breadcrumb","itemListElement":[{"@type":"ListItem","position":1,"name":"Home","item":"https:\/\/evertonfc.cz\/"},{"@type":"ListItem","position":2,"name":"Van de Beek hostuje v Evertonu"}]},{"@type":"WebSite","@id":"https:\/\/evertonfc.cz\/#website","url":"https:\/\/evertonfc.cz\/","name":"Official Czech &amp; Slovak Everton Supporters&#039; Club","description":"","publisher":{"@id":"https:\/\/evertonfc.cz\/#organization"},"potentialAction":[{"@type":"SearchAction","target":{"@type":"EntryPoint","urlTemplate":"https:\/\/evertonfc.cz\/?s={search_term_string}"},"query-input":{"@type":"PropertyValueSpecification","valueRequired":true,"valueName":"search_term_string"}}],"inLanguage":"cs"},{"@type":"Organization","@id":"https:\/\/evertonfc.cz\/#organization","name":"Official Czech & Slovak Everton Supporters' Club","url":"https:\/\/evertonfc.cz\/","logo":{"@type":"ImageObject","inLanguage":"cs","@id":"https:\/\/evertonfc.cz\/#\/schema\/logo\/image\/","url":"https:\/\/evertonfc.cz\/wp-content\/uploads\/2019\/05\/logo.png","contentUrl":"https:\/\/evertonfc.cz\/wp-content\/uploads\/2019\/05\/logo.png","width":112,"height":112,"caption":"Official Czech & Slovak Everton Supporters' Club"},"image":{"@id":"https:\/\/evertonfc.cz\/#\/schema\/logo\/image\/"},"sameAs":["https:\/\/www.facebook.com\/everton.fans.cz.sk"]},{"@type":"Person","@id":"https:\/\/evertonfc.cz\/#\/schema\/person\/f7a5daedb2ffee98480bc70e191aaef1","name":"Ri\u010di","sameAs":["https:\/\/x.com\/rbrejsa"],"url":"https:\/\/evertonfc.cz\/index.php\/author\/rici\/"}]}},"_links":{"self":[{"href":"https:\/\/evertonfc.cz\/index.php\/wp-json\/wp\/v2\/posts\/17656"}],"collection":[{"href":"https:\/\/evertonfc.cz\/index.php\/wp-json\/wp\/v2\/posts"}],"about":[{"href":"https:\/\/evertonfc.cz\/index.php\/wp-json\/wp\/v2\/types\/post"}],"author":[{"embeddable":true,"href":"https:\/\/evertonfc.cz\/index.php\/wp-json\/wp\/v2\/users\/6"}],"replies":[{"embeddable":true,"href":"https:\/\/evertonfc.cz\/index.php\/wp-json\/wp\/v2\/comments?post=17656"}],"version-history":[{"count":3,"href":"https:\/\/evertonfc.cz\/index.php\/wp-json\/wp\/v2\/posts\/17656\/revisions"}],"predecessor-version":[{"id":17659,"href":"https:\/\/evertonfc.cz\/index.php\/wp-json\/wp\/v2\/posts\/17656\/revisions\/17659"}],"wp:featuredmedia":[{"embeddable":true,"href":"https:\/\/evertonfc.cz\/index.php\/wp-json\/wp\/v2\/media\/17655"}],"wp:attachment":[{"href":"https:\/\/evertonfc.cz\/index.php\/wp-json\/wp\/v2\/media?parent=17656"}],"wp:term":[{"taxonomy":"category","embeddable":true,"href":"https:\/\/evertonfc.cz\/index.php\/wp-json\/wp\/v2\/categories?post=17656"},{"taxonomy":"post_tag","embeddable":true,"href":"https:\/\/evertonfc.cz\/index.php\/wp-json\/wp\/v2\/tags?post=17656"}],"curies":[{"name":"wp","href":"https:\/\/api.w.org\/{rel}","templated":true}]}}