{"id":17673,"date":"2022-01-31T19:18:37","date_gmt":"2022-01-31T18:18:37","guid":{"rendered":"https:\/\/evertonfc.cz\/?p=17673"},"modified":"2022-02-02T15:06:35","modified_gmt":"2022-02-02T14:06:35","slug":"frankie-goes-to-merseyside","status":"publish","type":"post","link":"https:\/\/evertonfc.cz\/index.php\/2022\/01\/31\/frankie-goes-to-merseyside\/","title":{"rendered":"Frankie Goes to Merseyside"},"content":{"rendered":"<h4>Nov\u00fd mana\u017e\u00e9r, nov\u00fd \u0161tart, nov\u00e9 v\u00edzie. Vedenie Evertonu vypo\u010dulo volanie fan\u00fa\u0161ikov a dosadilo do hor\u00faceho kresla Goodison Parku mlad\u00e9ho, perspekt\u00edvneho a progres\u00edvneho mana\u017e\u00e9ra s hviezdnou hr\u00e1\u010dskou kari\u00e9rou.<\/h4>\n<p>Je n\u00edm Frank Lampard. B\u00fdval\u00fd anglick\u00fd stredopoliar sa dohodol na kontrakte na dva a pol roka, do j\u00fana 2024. A v sobotu 5. febru\u00e1ra sa v Goodison Parku ujme vedenia prv\u00e9ho t\u00edmu vo svojom prvom z\u00e1pase, ktor\u00fdm je \u0161tvrt\u00e9 kolo FA Cupu proti Brentfordu. Vymenovanie Lamparda pri\u0161lo na deadline day, po rozsiahlom n\u00e1borovom procese s nieko\u013ek\u00fdmi kandid\u00e1tmi, ktor\u00fdch spovedal v\u00e4\u010d\u0161inov\u00fd akcion\u00e1r klubu Moshiri a predstavenstvo. A radil aj Tim Cahill.<\/p>\n<p>Lampard za\u010dal tr\u00e9nova\u0165 v Derby County v roku 2018, a doviedol Baranov do ne\u00faspe\u0161n\u00e9ho fin\u00e1le play-off v onej sez\u00f3ne. Nasleduj\u00faci rok bol vymenovan\u00fd za hlavn\u00e9ho tr\u00e9nera v b\u00fdvalom klube Chelsea, kde je hr\u00e1\u010dska legenda. Napriek prestupov\u00e9mu embargu a v\u010faka rozvoju mnoh\u00fdch mlad\u00fdch talentov v klube priviedol Lond\u00fdn\u010danov vo svojej prvej sez\u00f3ne k \u0161tvrt\u00e9mu miestu v Premier League a tie\u017e do fin\u00e1le FA Cupu, kde pod\u013eahol Arsenalu.<\/p>\n<h4><strong>Frank Lampard po podpise zmluvy:<\/strong><\/h4>\n<blockquote><p><span style=\"font-size: 12pt;\"><em>\u201eJe pre m\u0148a obrovskou c\u0165ou reprezentova\u0165 a riadi\u0165 klub ve\u013ekosti a trad\u00edcie Evertonu. Neviem sa do\u010dka\u0165 kedy za\u010dnem. Po rozhovore s majite\u013eom, predsedom a predstavenstvom som ve\u013emi c\u00edtil ich v\u00e1\u0161e\u0148 a amb\u00edcie. D\u00fafam, \u017ee c\u00edtili tie moje a ako tvrdo chcem pracova\u0165, aby som to dal dokopy.<\/em><\/span><\/p>\n<p><span style=\"font-size: 12pt;\"><em>M\u00f4\u017eete c\u00edti\u0165 v\u00e1\u0161e\u0148 fan\u00fa\u0161ikov pre svoj klub. To bude nesmierne d\u00f4le\u017eit\u00e9. Ako t\u00edm \u2013 pre s\u00fa\u0165a\u017eivos\u0165, ktor\u00fa Premier League prin\u00e1\u0161a, a poz\u00edciu, v ktorej sme v tabu\u013eke \u2013 to ur\u010dite potrebujeme. Je to obojstrann\u00e1 z\u00e1le\u017eitos\u0165. Mysl\u00edm si, \u017ee Everton je jedine\u010dn\u00fd klub v tom, \u017ee dok\u00e1\u017eete pochopi\u0165, \u010do chc\u00fa fan\u00fa\u0161ikovia vidie\u0165. Prv\u00e1 vec, ktor\u00fa chc\u00fa, je boj a t\u00fa\u017eba a to mus\u00ed by\u0165 v\u017edy na\u0161a z\u00e1kladn\u00e1 l\u00ednia.<\/em><\/span><\/p>\n<p><span style=\"font-size: 12pt;\"><em>M\u00f4j prv\u00fd odkaz hr\u00e1\u010dom v \u0161atni bude, \u017ee to mus\u00edme urobi\u0165 spolo\u010dne. Pok\u00fasime sa robi\u0165 svoju pr\u00e1cu a viem, \u017ee fan\u00fa\u0161ikovia n\u00e1s bud\u00fa podporova\u0165.\u201c<\/em><\/span><\/p><\/blockquote>\n<h4><strong>Nov\u00fd realiza\u010dn\u00fd t\u00edm<\/strong><\/h4>\n<p>Nov\u00e9ho mana\u017e\u00e9ra EFC bude podporova\u0165 nesmierne sk\u00fasen\u00fd a talentovan\u00fd t\u00edm v z\u00e1kulis\u00ed, ktor\u00fd tvor\u00ed na prvom mieste Joe Edwards ako asistent mana\u017e\u00e9ra. Vysoko hodnoten\u00fd Edwards odch\u00e1dza zo svojho postu asistenta tr\u00e9nera Chelsea, aby sa spojil s b\u00fdval\u00fdm kolegom Lampardom. Ten 35-ro\u010dn\u00e9ho tr\u00e9nera pov\u00fd\u0161il do person\u00e1lu prv\u00e9ho t\u00edmu na za\u010diatku jeho p\u00f4sobenia na Stamford Bridge a presved\u010dil kolegu aj na s\u0165ahovanie na sever.<\/p>\n<p>Paul Clement bude tr\u00e9ner prv\u00e9ho t\u00edmu. Ako asistent mana\u017e\u00e9ra z\u00edskaval trofeje v Chelsea, Par\u00ed\u017ei Saint-Germain, Reale Madrid a Bayerne Mn\u00edchov. Do klubu prich\u00e1dza po tom, \u010do minul\u00fd rok vo febru\u00e1ri bol vyhoden\u00fd \u010doby mana\u017e\u00e9r v belgickom Cercle Brugge. Chris Jones bude na Finch Farm p\u00f4sobi\u0165 ako tr\u00e9ner prv\u00e9ho t\u00edmu a v\u00fdkonnostn\u00fd analytik. Pracoval s Frankom v Derby County a Chelsea, kde sa te\u0161il sa \u00faspechu s mno\u017estvom mana\u017e\u00e9rov. Toto trio bude pracova\u0165 po boku tr\u00e9nera brank\u00e1rov Alana Kellyho v zostave prv\u00e9ho t\u00edmu a Duncana Fergusona, ktor\u00fd \u00fadajne po ne\u00faspe\u0161nom pohovore nemal \u010faleko k odchodu z klubu.<\/p>\n<h4><strong>V\u00e4\u010d\u0161inov\u00fd akcion\u00e1r Evertonu, Farhad Moshiri:<\/strong><\/h4>\n<blockquote><p><span style=\"font-size: 12pt;\"><em>\u201eSom naozaj r\u00e1d, \u017ee sa k n\u00e1m pridal Frank. Je to p\u00f4sobiv\u00fd mlad\u00fd mu\u017e na ihrisku aj mimo neho. Hral na najvy\u0161\u0161ej \u00farovni a futbal m\u00e1 v krvi. Po\u010das d\u00f4kladn\u00e9ho pohovoru na v\u0161etk\u00fdch ve\u013emi zap\u00f4sobil a sme pripraven\u00ed poskytn\u00fa\u0165 mu v\u0161etku na\u0161u podporu, preto\u017ee sa sna\u017e\u00ed da\u0165 t\u00edmu okam\u017eit\u00fa podporu.\u201c<\/em><\/span><\/p><\/blockquote>\n<h4><strong>Predseda Evertonu Bill Kenwright:<\/strong><\/h4>\n<blockquote><p><span style=\"font-size: 12pt;\"><em>\u201eFrank na n\u00e1s po\u010das n\u00e1\u0161ho pohovoru ve\u013emi zap\u00f4sobil a uk\u00e1zal sa ako modern\u00fd, ambici\u00f3zny a vzru\u0161uj\u00faci mlad\u00fd mana\u017e\u00e9r. Vyjadril jasn\u00fa v\u00edziu o tom, ako chce posun\u00fa\u0165 klub vpred, a \u010do je d\u00f4le\u017eit\u00e9, obrovsk\u00fa v\u00e1\u0161e\u0148 a skuto\u010dn\u00e9 nad\u0161enie pripoji\u0165 sa k n\u00e1m. Som si ist\u00fd, \u017ee ho a jeho tr\u00e9nersk\u00fd t\u00edm Evertonians \u0161peci\u00e1lne priv\u00edtaj\u00fa bud\u00faci v\u00edkend v\u00a0Goodisone tak ako to len oni vedia.\u201c<\/em><\/span><\/p><\/blockquote>\n<p style=\"text-align: right;\"><span style=\"font-size: 8pt;\">(fotozdroj: evertonfc.com)<\/span><\/p>\n","protected":false},"excerpt":{"rendered":"<p>Nov\u00fd mana\u017e\u00e9r, nov\u00fd \u0161tart, nov\u00e9 v\u00edzie. Vedenie Evertonu vypo\u010dulo volanie fan\u00fa\u0161ikov a dosadilo do hor\u00faceho kresla Goodison Parku mlad\u00e9ho, perspekt\u00edvneho a progres\u00edvneho mana\u017e\u00e9ra s hviezdnou hr\u00e1\u010dskou kari\u00e9rou.<\/p>\n","protected":false},"author":1,"featured_media":17674,"comment_status":"open","ping_status":"closed","sticky":false,"template":"","format":"standard","meta":{"_eb_attr":"","_monsterinsights_skip_tracking":false,"_monsterinsights_sitenote_active":false,"_monsterinsights_sitenote_note":"","_monsterinsights_sitenote_category":0,"footnotes":""},"categories":[42],"tags":[],"yoast_head":"<!-- This site is optimized with the Yoast SEO plugin v23.4 - https:\/\/yoast.com\/wordpress\/plugins\/seo\/ -->\n<title>Frankie Goes to Merseyside - Official Czech &amp; Slovak Everton Supporters&#039; Club<\/title>\n<meta name=\"robots\" content=\"index, follow, max-snippet:-1, max-image-preview:large, max-video-preview:-1\" \/>\n<link rel=\"canonical\" href=\"https:\/\/evertonfc.cz\/index.php\/2022\/01\/31\/frankie-goes-to-merseyside\/\" \/>\n<meta property=\"og:locale\" content=\"cs_CZ\" \/>\n<meta property=\"og:type\" content=\"article\" \/>\n<meta property=\"og:title\" content=\"Frankie Goes to Merseyside - Official Czech &amp; Slovak Everton Supporters&#039; Club\" \/>\n<meta property=\"og:description\" content=\"Nov\u00fd mana\u017e\u00e9r, nov\u00fd \u0161tart, nov\u00e9 v\u00edzie. Vedenie Evertonu vypo\u010dulo volanie fan\u00fa\u0161ikov a dosadilo do hor\u00faceho kresla Goodison Parku mlad\u00e9ho, perspekt\u00edvneho a progres\u00edvneho mana\u017e\u00e9ra s hviezdnou hr\u00e1\u010dskou kari\u00e9rou.\" \/>\n<meta property=\"og:url\" content=\"https:\/\/evertonfc.cz\/index.php\/2022\/01\/31\/frankie-goes-to-merseyside\/\" \/>\n<meta property=\"og:site_name\" content=\"Official Czech &amp; Slovak Everton Supporters&#039; Club\" \/>\n<meta property=\"article:publisher\" content=\"https:\/\/www.facebook.com\/everton.fans.cz.sk\" \/>\n<meta property=\"article:published_time\" content=\"2022-01-31T18:18:37+00:00\" \/>\n<meta property=\"article:modified_time\" content=\"2022-02-02T14:06:35+00:00\" \/>\n<meta property=\"og:image\" content=\"https:\/\/evertonfc.cz\/wp-content\/uploads\/2022\/01\/Frank-Lampard-appointed-by-EFC-31-1-2022.jpg\" \/>\n\t<meta property=\"og:image:width\" content=\"720\" \/>\n\t<meta property=\"og:image:height\" content=\"405\" \/>\n\t<meta property=\"og:image:type\" content=\"image\/jpeg\" \/>\n<meta name=\"author\" content=\"BlueBlooded\" \/>\n<meta name=\"twitter:card\" content=\"summary_large_image\" \/>\n<meta name=\"twitter:label1\" content=\"Napsal(a)\" \/>\n\t<meta name=\"twitter:data1\" content=\"BlueBlooded\" \/>\n\t<meta name=\"twitter:label2\" content=\"Odhadovan\u00e1 doba \u010dten\u00ed\" \/>\n\t<meta name=\"twitter:data2\" content=\"4 minuty\" \/>\n<script type=\"application\/ld+json\" class=\"yoast-schema-graph\">{\"@context\":\"https:\/\/schema.org\",\"@graph\":[{\"@type\":\"Article\",\"@id\":\"https:\/\/evertonfc.cz\/index.php\/2022\/01\/31\/frankie-goes-to-merseyside\/#article\",\"isPartOf\":{\"@id\":\"https:\/\/evertonfc.cz\/index.php\/2022\/01\/31\/frankie-goes-to-merseyside\/\"},\"author\":{\"name\":\"BlueBlooded\",\"@id\":\"https:\/\/evertonfc.cz\/#\/schema\/person\/d4493b8cbea51532597fbc4685698916\"},\"headline\":\"Frankie Goes to Merseyside\",\"datePublished\":\"2022-01-31T18:18:37+00:00\",\"dateModified\":\"2022-02-02T14:06:35+00:00\",\"mainEntityOfPage\":{\"@id\":\"https:\/\/evertonfc.cz\/index.php\/2022\/01\/31\/frankie-goes-to-merseyside\/\"},\"wordCount\":773,\"commentCount\":6,\"publisher\":{\"@id\":\"https:\/\/evertonfc.cz\/#organization\"},\"image\":{\"@id\":\"https:\/\/evertonfc.cz\/index.php\/2022\/01\/31\/frankie-goes-to-merseyside\/#primaryimage\"},\"thumbnailUrl\":\"https:\/\/evertonfc.cz\/wp-content\/uploads\/2022\/01\/Frank-Lampard-appointed-by-EFC-31-1-2022.jpg\",\"articleSection\":[\"Aktuality\"],\"inLanguage\":\"cs\",\"potentialAction\":[{\"@type\":\"CommentAction\",\"name\":\"Comment\",\"target\":[\"https:\/\/evertonfc.cz\/index.php\/2022\/01\/31\/frankie-goes-to-merseyside\/#respond\"]}]},{\"@type\":\"WebPage\",\"@id\":\"https:\/\/evertonfc.cz\/index.php\/2022\/01\/31\/frankie-goes-to-merseyside\/\",\"url\":\"https:\/\/evertonfc.cz\/index.php\/2022\/01\/31\/frankie-goes-to-merseyside\/\",\"name\":\"Frankie Goes to Merseyside - Official Czech &amp; Slovak Everton Supporters&#039; Club\",\"isPartOf\":{\"@id\":\"https:\/\/evertonfc.cz\/#website\"},\"primaryImageOfPage\":{\"@id\":\"https:\/\/evertonfc.cz\/index.php\/2022\/01\/31\/frankie-goes-to-merseyside\/#primaryimage\"},\"image\":{\"@id\":\"https:\/\/evertonfc.cz\/index.php\/2022\/01\/31\/frankie-goes-to-merseyside\/#primaryimage\"},\"thumbnailUrl\":\"https:\/\/evertonfc.cz\/wp-content\/uploads\/2022\/01\/Frank-Lampard-appointed-by-EFC-31-1-2022.jpg\",\"datePublished\":\"2022-01-31T18:18:37+00:00\",\"dateModified\":\"2022-02-02T14:06:35+00:00\",\"breadcrumb\":{\"@id\":\"https:\/\/evertonfc.cz\/index.php\/2022\/01\/31\/frankie-goes-to-merseyside\/#breadcrumb\"},\"inLanguage\":\"cs\",\"potentialAction\":[{\"@type\":\"ReadAction\",\"target\":[\"https:\/\/evertonfc.cz\/index.php\/2022\/01\/31\/frankie-goes-to-merseyside\/\"]}]},{\"@type\":\"ImageObject\",\"inLanguage\":\"cs\",\"@id\":\"https:\/\/evertonfc.cz\/index.php\/2022\/01\/31\/frankie-goes-to-merseyside\/#primaryimage\",\"url\":\"https:\/\/evertonfc.cz\/wp-content\/uploads\/2022\/01\/Frank-Lampard-appointed-by-EFC-31-1-2022.jpg\",\"contentUrl\":\"https:\/\/evertonfc.cz\/wp-content\/uploads\/2022\/01\/Frank-Lampard-appointed-by-EFC-31-1-2022.jpg\",\"width\":720,\"height\":405},{\"@type\":\"BreadcrumbList\",\"@id\":\"https:\/\/evertonfc.cz\/index.php\/2022\/01\/31\/frankie-goes-to-merseyside\/#breadcrumb\",\"itemListElement\":[{\"@type\":\"ListItem\",\"position\":1,\"name\":\"Home\",\"item\":\"https:\/\/evertonfc.cz\/\"},{\"@type\":\"ListItem\",\"position\":2,\"name\":\"Frankie Goes to Merseyside\"}]},{\"@type\":\"WebSite\",\"@id\":\"https:\/\/evertonfc.cz\/#website\",\"url\":\"https:\/\/evertonfc.cz\/\",\"name\":\"Official Czech &amp; Slovak Everton Supporters&#039; Club\",\"description\":\"\",\"publisher\":{\"@id\":\"https:\/\/evertonfc.cz\/#organization\"},\"potentialAction\":[{\"@type\":\"SearchAction\",\"target\":{\"@type\":\"EntryPoint\",\"urlTemplate\":\"https:\/\/evertonfc.cz\/?s={search_term_string}\"},\"query-input\":{\"@type\":\"PropertyValueSpecification\",\"valueRequired\":true,\"valueName\":\"search_term_string\"}}],\"inLanguage\":\"cs\"},{\"@type\":\"Organization\",\"@id\":\"https:\/\/evertonfc.cz\/#organization\",\"name\":\"Official Czech & Slovak Everton Supporters' Club\",\"url\":\"https:\/\/evertonfc.cz\/\",\"logo\":{\"@type\":\"ImageObject\",\"inLanguage\":\"cs\",\"@id\":\"https:\/\/evertonfc.cz\/#\/schema\/logo\/image\/\",\"url\":\"https:\/\/evertonfc.cz\/wp-content\/uploads\/2019\/05\/logo.png\",\"contentUrl\":\"https:\/\/evertonfc.cz\/wp-content\/uploads\/2019\/05\/logo.png\",\"width\":112,\"height\":112,\"caption\":\"Official Czech & Slovak Everton Supporters' Club\"},\"image\":{\"@id\":\"https:\/\/evertonfc.cz\/#\/schema\/logo\/image\/\"},\"sameAs\":[\"https:\/\/www.facebook.com\/everton.fans.cz.sk\"]},{\"@type\":\"Person\",\"@id\":\"https:\/\/evertonfc.cz\/#\/schema\/person\/d4493b8cbea51532597fbc4685698916\",\"name\":\"BlueBlooded\",\"url\":\"https:\/\/evertonfc.cz\/index.php\/author\/admin\/\"}]}<\/script>\n<!-- \/ Yoast SEO plugin. -->","yoast_head_json":{"title":"Frankie Goes to Merseyside - Official Czech &amp; Slovak Everton Supporters&#039; Club","robots":{"index":"index","follow":"follow","max-snippet":"max-snippet:-1","max-image-preview":"max-image-preview:large","max-video-preview":"max-video-preview:-1"},"canonical":"https:\/\/evertonfc.cz\/index.php\/2022\/01\/31\/frankie-goes-to-merseyside\/","og_locale":"cs_CZ","og_type":"article","og_title":"Frankie Goes to Merseyside - Official Czech &amp; Slovak Everton Supporters&#039; Club","og_description":"Nov\u00fd mana\u017e\u00e9r, nov\u00fd \u0161tart, nov\u00e9 v\u00edzie. Vedenie Evertonu vypo\u010dulo volanie fan\u00fa\u0161ikov a dosadilo do hor\u00faceho kresla Goodison Parku mlad\u00e9ho, perspekt\u00edvneho a progres\u00edvneho mana\u017e\u00e9ra s hviezdnou hr\u00e1\u010dskou kari\u00e9rou.","og_url":"https:\/\/evertonfc.cz\/index.php\/2022\/01\/31\/frankie-goes-to-merseyside\/","og_site_name":"Official Czech &amp; Slovak Everton Supporters&#039; Club","article_publisher":"https:\/\/www.facebook.com\/everton.fans.cz.sk","article_published_time":"2022-01-31T18:18:37+00:00","article_modified_time":"2022-02-02T14:06:35+00:00","og_image":[{"width":720,"height":405,"url":"https:\/\/evertonfc.cz\/wp-content\/uploads\/2022\/01\/Frank-Lampard-appointed-by-EFC-31-1-2022.jpg","type":"image\/jpeg"}],"author":"BlueBlooded","twitter_card":"summary_large_image","twitter_misc":{"Napsal(a)":"BlueBlooded","Odhadovan\u00e1 doba \u010dten\u00ed":"4 minuty"},"schema":{"@context":"https:\/\/schema.org","@graph":[{"@type":"Article","@id":"https:\/\/evertonfc.cz\/index.php\/2022\/01\/31\/frankie-goes-to-merseyside\/#article","isPartOf":{"@id":"https:\/\/evertonfc.cz\/index.php\/2022\/01\/31\/frankie-goes-to-merseyside\/"},"author":{"name":"BlueBlooded","@id":"https:\/\/evertonfc.cz\/#\/schema\/person\/d4493b8cbea51532597fbc4685698916"},"headline":"Frankie Goes to Merseyside","datePublished":"2022-01-31T18:18:37+00:00","dateModified":"2022-02-02T14:06:35+00:00","mainEntityOfPage":{"@id":"https:\/\/evertonfc.cz\/index.php\/2022\/01\/31\/frankie-goes-to-merseyside\/"},"wordCount":773,"commentCount":6,"publisher":{"@id":"https:\/\/evertonfc.cz\/#organization"},"image":{"@id":"https:\/\/evertonfc.cz\/index.php\/2022\/01\/31\/frankie-goes-to-merseyside\/#primaryimage"},"thumbnailUrl":"https:\/\/evertonfc.cz\/wp-content\/uploads\/2022\/01\/Frank-Lampard-appointed-by-EFC-31-1-2022.jpg","articleSection":["Aktuality"],"inLanguage":"cs","potentialAction":[{"@type":"CommentAction","name":"Comment","target":["https:\/\/evertonfc.cz\/index.php\/2022\/01\/31\/frankie-goes-to-merseyside\/#respond"]}]},{"@type":"WebPage","@id":"https:\/\/evertonfc.cz\/index.php\/2022\/01\/31\/frankie-goes-to-merseyside\/","url":"https:\/\/evertonfc.cz\/index.php\/2022\/01\/31\/frankie-goes-to-merseyside\/","name":"Frankie Goes to Merseyside - Official Czech &amp; Slovak Everton Supporters&#039; Club","isPartOf":{"@id":"https:\/\/evertonfc.cz\/#website"},"primaryImageOfPage":{"@id":"https:\/\/evertonfc.cz\/index.php\/2022\/01\/31\/frankie-goes-to-merseyside\/#primaryimage"},"image":{"@id":"https:\/\/evertonfc.cz\/index.php\/2022\/01\/31\/frankie-goes-to-merseyside\/#primaryimage"},"thumbnailUrl":"https:\/\/evertonfc.cz\/wp-content\/uploads\/2022\/01\/Frank-Lampard-appointed-by-EFC-31-1-2022.jpg","datePublished":"2022-01-31T18:18:37+00:00","dateModified":"2022-02-02T14:06:35+00:00","breadcrumb":{"@id":"https:\/\/evertonfc.cz\/index.php\/2022\/01\/31\/frankie-goes-to-merseyside\/#breadcrumb"},"inLanguage":"cs","potentialAction":[{"@type":"ReadAction","target":["https:\/\/evertonfc.cz\/index.php\/2022\/01\/31\/frankie-goes-to-merseyside\/"]}]},{"@type":"ImageObject","inLanguage":"cs","@id":"https:\/\/evertonfc.cz\/index.php\/2022\/01\/31\/frankie-goes-to-merseyside\/#primaryimage","url":"https:\/\/evertonfc.cz\/wp-content\/uploads\/2022\/01\/Frank-Lampard-appointed-by-EFC-31-1-2022.jpg","contentUrl":"https:\/\/evertonfc.cz\/wp-content\/uploads\/2022\/01\/Frank-Lampard-appointed-by-EFC-31-1-2022.jpg","width":720,"height":405},{"@type":"BreadcrumbList","@id":"https:\/\/evertonfc.cz\/index.php\/2022\/01\/31\/frankie-goes-to-merseyside\/#breadcrumb","itemListElement":[{"@type":"ListItem","position":1,"name":"Home","item":"https:\/\/evertonfc.cz\/"},{"@type":"ListItem","position":2,"name":"Frankie Goes to Merseyside"}]},{"@type":"WebSite","@id":"https:\/\/evertonfc.cz\/#website","url":"https:\/\/evertonfc.cz\/","name":"Official Czech &amp; Slovak Everton Supporters&#039; Club","description":"","publisher":{"@id":"https:\/\/evertonfc.cz\/#organization"},"potentialAction":[{"@type":"SearchAction","target":{"@type":"EntryPoint","urlTemplate":"https:\/\/evertonfc.cz\/?s={search_term_string}"},"query-input":{"@type":"PropertyValueSpecification","valueRequired":true,"valueName":"search_term_string"}}],"inLanguage":"cs"},{"@type":"Organization","@id":"https:\/\/evertonfc.cz\/#organization","name":"Official Czech & Slovak Everton Supporters' Club","url":"https:\/\/evertonfc.cz\/","logo":{"@type":"ImageObject","inLanguage":"cs","@id":"https:\/\/evertonfc.cz\/#\/schema\/logo\/image\/","url":"https:\/\/evertonfc.cz\/wp-content\/uploads\/2019\/05\/logo.png","contentUrl":"https:\/\/evertonfc.cz\/wp-content\/uploads\/2019\/05\/logo.png","width":112,"height":112,"caption":"Official Czech & Slovak Everton Supporters' Club"},"image":{"@id":"https:\/\/evertonfc.cz\/#\/schema\/logo\/image\/"},"sameAs":["https:\/\/www.facebook.com\/everton.fans.cz.sk"]},{"@type":"Person","@id":"https:\/\/evertonfc.cz\/#\/schema\/person\/d4493b8cbea51532597fbc4685698916","name":"BlueBlooded","url":"https:\/\/evertonfc.cz\/index.php\/author\/admin\/"}]}},"_links":{"self":[{"href":"https:\/\/evertonfc.cz\/index.php\/wp-json\/wp\/v2\/posts\/17673"}],"collection":[{"href":"https:\/\/evertonfc.cz\/index.php\/wp-json\/wp\/v2\/posts"}],"about":[{"href":"https:\/\/evertonfc.cz\/index.php\/wp-json\/wp\/v2\/types\/post"}],"author":[{"embeddable":true,"href":"https:\/\/evertonfc.cz\/index.php\/wp-json\/wp\/v2\/users\/1"}],"replies":[{"embeddable":true,"href":"https:\/\/evertonfc.cz\/index.php\/wp-json\/wp\/v2\/comments?post=17673"}],"version-history":[{"count":7,"href":"https:\/\/evertonfc.cz\/index.php\/wp-json\/wp\/v2\/posts\/17673\/revisions"}],"predecessor-version":[{"id":17692,"href":"https:\/\/evertonfc.cz\/index.php\/wp-json\/wp\/v2\/posts\/17673\/revisions\/17692"}],"wp:featuredmedia":[{"embeddable":true,"href":"https:\/\/evertonfc.cz\/index.php\/wp-json\/wp\/v2\/media\/17674"}],"wp:attachment":[{"href":"https:\/\/evertonfc.cz\/index.php\/wp-json\/wp\/v2\/media?parent=17673"}],"wp:term":[{"taxonomy":"category","embeddable":true,"href":"https:\/\/evertonfc.cz\/index.php\/wp-json\/wp\/v2\/categories?post=17673"},{"taxonomy":"post_tag","embeddable":true,"href":"https:\/\/evertonfc.cz\/index.php\/wp-json\/wp\/v2\/tags?post=17673"}],"curies":[{"name":"wp","href":"https:\/\/api.w.org\/{rel}","templated":true}]}}