{"id":17710,"date":"2022-02-05T09:36:08","date_gmt":"2022-02-05T08:36:08","guid":{"rendered":"https:\/\/evertonfc.cz\/?p=17710"},"modified":"2022-09-05T12:34:17","modified_gmt":"2022-09-05T10:34:17","slug":"fa-cup-preview-everton-brentford","status":"publish","type":"post","link":"https:\/\/evertonfc.cz\/index.php\/2022\/02\/05\/fa-cup-preview-everton-brentford\/","title":{"rendered":"FA Cup Preview: Everton &#8211; Brentford"},"content":{"rendered":"<h4>Premi\u00e9ra Franka Lamparda je dom\u00e1c\u00ed utk\u00e1n\u00ed \u010dtvrt\u00e9ho kola Anglick\u00e9ho poh\u00e1ru proti Brentfordu. Ma\u010d, do kter\u00e9ho Karamelky vstupuj\u00ed v pozici kurzov\u00e9ho favorita.<\/h4>\n<p>B\u011bhem p\u0159estupov\u00e9ho obdob\u00ed a kr\u00e1tk\u00e9 zimn\u00ed pauzy minul\u00fd t\u00fdden se v Evertonu d\u011bly v\u011bci. Byl jmenov\u00e1n <a href=\"https:\/\/evertonfc.cz\/index.php\/2022\/01\/31\/frankie-goes-to-merseyside\/\">trval\u00fd nov\u00fd mana\u017eer<\/a>, Everton <a href=\"https:\/\/evertonfc.cz\/index.php\/2022\/01\/31\/van-de-beek-hostuje-v-evertonu\/\">pos\u00edlil o<\/a> dva <a href=\"https:\/\/evertonfc.cz\/index.php\/2022\/02\/01\/dele-alli-dalsi-posilou\/\">nov\u00e9 lidi<\/a>. Everton tak vstupuje do \u00fanora a n\u00e1sledn\u00e9 jarn\u00ed \u010d\u00e1sti sez\u00f3ny trochu l\u00e9pe vyzbrojen, uvid\u00edme, zda se to projev\u00ed i na v\u00fdsledc\u00edch.\u00a0P\u0159ed sv\u00fdm vyhazovem<a href=\"https:\/\/evertonfc.cz\/index.php\/2022\/01\/09\/hull-city-everton-23-pp\/\"> zvl\u00e1dl Ben\u00edtez postoupit<\/a> do \u010dtvrt\u00e9ho kola Anglick\u00e9ho poh\u00e1ru, jeho\u017e los p\u0159isoudil Karamelk\u00e1m leto\u0161n\u00edho ligov\u00e9ho nov\u00e1\u010dka.<\/p>\n<p>Ten postoupil do nejvy\u0161\u0161\u00ed sout\u011b\u017ee po 74 letech, p\u0159i\u010dem\u017e mu byla sv\u011b\u0159ena \u010dest otev\u00edrat doma cel\u00fd ligov\u00fd ro\u010dn\u00edk. V\u00fdhrou 2:0 nad Arsenalem tak str\u00e1vil Brentford jednu noc na \u010dele tabulky, do \u010dtvrt\u00e9ho kola postoupil po v\u00fdh\u0159e 4:1 na h\u0159i\u0161ti Port Vale, obl\u00edben\u00e9ho to t\u00fdmu nejlep\u0161\u00edho hr\u00e1\u010de \u0161ipek v\u0161ech dob.<\/p>\n<p>Poj\u010fme si stru\u010dn\u011b p\u0159edstavit historii Brentfordu. Klub byl zalo\u017een v roce 1889 \u010dleny vesla\u0159sk\u00e9ho klubu, od roku 1904 hr\u00e1l v Griffin Parku, nejlep\u0161\u00edm ligov\u00fdm um\u00edst\u011bn\u00edm je p\u00e1t\u00e9 m\u00edsto v prvn\u00ed lize, to byla sez\u00f3na 1935-1936. V roce 1947 Brentford sestoupil, p\u0159i\u010dem\u017e si vyzkou\u0161el i t\u0159et\u00ed a \u010dtvrtou ligu.<\/p>\n<p>Do nejvy\u0161\u0161\u00ed sout\u011b\u017ee se vr\u00e1til a\u017e loni po vyhran\u00e9m fin\u00e1le play-off nad Swansea. Mana\u017eerem t\u00fdmu je od roku 2018 D\u00e1n Thomas Frank, p\u0159i\u010dem\u017e v k\u00e1dru \u00e1\u010dka se vyskytuje sedm jeho krajan\u016f. Klubu tak n\u011bkdy b\u00fdv\u00e1 hanliv\u011b p\u0159ezd\u00edv\u00e1no D\u00e1nsko B. Z \u010desk\u00fdch fotbalist\u016f zn\u00e1 Bees Jan \u017damb\u016frek, kter\u00fd za n\u011bj odehr\u00e1l 23 utk\u00e1n\u00ed ve t\u0159ech sez\u00f3n\u00e1ch, ne\u017e podepsal minul\u00fd m\u011bs\u00edc p\u0159estup do Viborgu, kam \u0161el za Larsem Friisem, b\u00fdval\u00fdm tren\u00e9rem brentfordsk\u00e9ho b\u00e9\u010dka.<\/p>\n<p>Z r\u016fzn\u00fdch d\u016fvod\u016f nem\u016f\u017ee Everton po\u010d\u00edtat hned se sedmi\u010dkou hr\u00e1\u010d\u016f. Mal\u00e9 zran\u011bn\u00ed si v utk\u00e1n\u00ed proti Aston Ville p\u0159ivodil Calvert-Lewin, ale pro \u00fatern\u00ed ligov\u00e9 utk\u00e1n\u00ed proti Newcastlu by m\u011bl b\u00fdt k dispozici. Hr\u00e1t kv\u016fli zran\u011bn\u00ed nemohou Doucour\u00e9 (t\u0159\u00edslo), Delph (stehno) a Davies (\u00faponov\u00e1 \u0161lacha zadn\u00ed strany stehenn\u00edho svalu). Ten dokonce <a href=\"https:\/\/evertonfc.cz\/index.php\/news\/davies-chybi-na-ligove-soupisce\/\">nebyl za\u0159azen na ligovou soupisku, tak\u017ee p\u0159ijde o zbytek sez\u00f3ny<\/a>. Proto\u017ee ji\u017e hr\u00e1li za sv\u00e9 kluby ve t\u0159et\u00edm kole, tak nemohou hr\u00e1t proti Brentfordu ani El Ghaz\u00ed, Alli a van der Beek.<\/p>\n<p>To Brentfordu se k\u00e1dr docela uzdravuje. K disozici ji\u017e bude \u010dtve\u0159ice Dasilva, Henry, Jensen a Raya. Jedin\u00fdmi absent\u00e9ry tak z\u016fst\u00e1vaj\u00ed Jeavier (koleno) a Zanka J\u00f8rgensen (p\u0159itahova\u010d stehenn\u00edho svalu).<\/p>\n<p>Ob\u011bma t\u00fdm\u016fm se v lize neda\u0159\u00ed, Brentford m\u00e1 o 4 body v\u00edce ne\u017e Everton, ale taky o 3 odehran\u00e9 z\u00e1pasy v\u00edce. Snad se dnes chyt\u00ed dom\u00e1c\u00ed&#8230;<\/p>\n<p><strong>Co:<\/strong> Everton FC &#8211; Brentford FC, 4. kolo Anglick\u00e9ho poh\u00e1ru<br \/>\n<strong>Kdy:\u00a0<\/strong>5. 2. 2022 od 16:00<br \/>\n<strong>Kde:\u00a0<\/strong>Goodison Park, Liverpool<br \/>\n<strong>TV:\u00a0<\/strong>P\u0159\u00edm\u00fd p\u0159enos na Voyu (placen\u00fd internetov\u00fd stream\/archiv TV Nova)<br \/>\n<strong>Rozhod\u010d\u00ed:\u00a0<\/strong>Michael Oliver &#8211; Stuart Burt, Scott Ledger <strong>\u010ctvrt\u00fd rozhod\u010d\u00ed<\/strong>: Andy Madley<br \/>\n<strong>Videorozhod\u010d\u00ed: <\/strong>Andre Marriner\u00a0<strong>Asistent videorozhod\u010d\u00edho: <\/strong>Harry Lennard<\/p>\n","protected":false},"excerpt":{"rendered":"<p>Premi\u00e9ra Franka Lamparda je dom\u00e1c\u00ed utk\u00e1n\u00ed \u010dtvrt\u00e9ho kola Anglick\u00e9ho poh\u00e1ru proti Brentfordu. Ma\u010d, do kter\u00e9ho Karamelky vstupuj\u00ed v pozici kurzov\u00e9ho favorita.<\/p>\n","protected":false},"author":12,"featured_media":19737,"comment_status":"open","ping_status":"closed","sticky":false,"template":"","format":"standard","meta":{"_eb_attr":"","_monsterinsights_skip_tracking":false,"_monsterinsights_sitenote_active":false,"_monsterinsights_sitenote_note":"","_monsterinsights_sitenote_category":0,"footnotes":""},"categories":[4],"tags":[],"yoast_head":"<!-- This site is optimized with the Yoast SEO plugin v23.4 - https:\/\/yoast.com\/wordpress\/plugins\/seo\/ -->\n<title>FA Cup Preview: Everton - Brentford - Official Czech &amp; Slovak Everton Supporters&#039; Club<\/title>\n<meta name=\"description\" content=\"Premi\u00e9ra Franka Lamparda je dom\u00e1c\u00ed utk\u00e1n\u00ed \u010dtvrt\u00e9ho kola Anglick\u00e9ho poh\u00e1ru proti Brentfordu. Ma\u010d, do kter\u00e9ho Karamelky vstupuj\u00ed v pozici kurzov\u00e9ho favorita.\" \/>\n<meta name=\"robots\" content=\"index, follow, max-snippet:-1, max-image-preview:large, max-video-preview:-1\" \/>\n<link rel=\"canonical\" href=\"https:\/\/evertonfc.cz\/index.php\/2022\/02\/05\/fa-cup-preview-everton-brentford\/\" \/>\n<meta property=\"og:locale\" content=\"cs_CZ\" \/>\n<meta property=\"og:type\" content=\"article\" \/>\n<meta property=\"og:title\" content=\"FA Cup Preview: Everton - Brentford - Official Czech &amp; Slovak Everton Supporters&#039; Club\" \/>\n<meta property=\"og:description\" content=\"Premi\u00e9ra Franka Lamparda je dom\u00e1c\u00ed utk\u00e1n\u00ed \u010dtvrt\u00e9ho kola Anglick\u00e9ho poh\u00e1ru proti Brentfordu. Ma\u010d, do kter\u00e9ho Karamelky vstupuj\u00ed v pozici kurzov\u00e9ho favorita.\" \/>\n<meta property=\"og:url\" content=\"https:\/\/evertonfc.cz\/index.php\/2022\/02\/05\/fa-cup-preview-everton-brentford\/\" \/>\n<meta property=\"og:site_name\" content=\"Official Czech &amp; Slovak Everton Supporters&#039; Club\" \/>\n<meta property=\"article:publisher\" content=\"https:\/\/www.facebook.com\/everton.fans.cz.sk\" \/>\n<meta property=\"article:published_time\" content=\"2022-02-05T08:36:08+00:00\" \/>\n<meta property=\"article:modified_time\" content=\"2022-09-05T10:34:17+00:00\" \/>\n<meta property=\"og:image\" content=\"https:\/\/evertonfc.cz\/wp-content\/uploads\/2022\/09\/Everton-VS-Brenford.png\" \/>\n\t<meta property=\"og:image:width\" content=\"720\" \/>\n\t<meta property=\"og:image:height\" content=\"405\" \/>\n\t<meta property=\"og:image:type\" content=\"image\/png\" \/>\n<meta name=\"author\" content=\"Javor\" \/>\n<meta name=\"twitter:card\" content=\"summary_large_image\" \/>\n<meta name=\"twitter:creator\" content=\"@LoudinJan\" \/>\n<meta name=\"twitter:label1\" content=\"Napsal(a)\" \/>\n\t<meta name=\"twitter:data1\" content=\"Javor\" \/>\n\t<meta name=\"twitter:label2\" content=\"Odhadovan\u00e1 doba \u010dten\u00ed\" \/>\n\t<meta name=\"twitter:data2\" content=\"3 minuty\" \/>\n<script type=\"application\/ld+json\" class=\"yoast-schema-graph\">{\"@context\":\"https:\/\/schema.org\",\"@graph\":[{\"@type\":\"Article\",\"@id\":\"https:\/\/evertonfc.cz\/index.php\/2022\/02\/05\/fa-cup-preview-everton-brentford\/#article\",\"isPartOf\":{\"@id\":\"https:\/\/evertonfc.cz\/index.php\/2022\/02\/05\/fa-cup-preview-everton-brentford\/\"},\"author\":{\"name\":\"Javor\",\"@id\":\"https:\/\/evertonfc.cz\/#\/schema\/person\/b30daf6a5852f4811f8207a17ec1bf78\"},\"headline\":\"FA Cup Preview: Everton &#8211; Brentford\",\"datePublished\":\"2022-02-05T08:36:08+00:00\",\"dateModified\":\"2022-09-05T10:34:17+00:00\",\"mainEntityOfPage\":{\"@id\":\"https:\/\/evertonfc.cz\/index.php\/2022\/02\/05\/fa-cup-preview-everton-brentford\/\"},\"wordCount\":585,\"commentCount\":5,\"publisher\":{\"@id\":\"https:\/\/evertonfc.cz\/#organization\"},\"image\":{\"@id\":\"https:\/\/evertonfc.cz\/index.php\/2022\/02\/05\/fa-cup-preview-everton-brentford\/#primaryimage\"},\"thumbnailUrl\":\"https:\/\/evertonfc.cz\/wp-content\/uploads\/2022\/09\/Everton-VS-Brenford.png\",\"articleSection\":[\"Z\u00e1pasy\"],\"inLanguage\":\"cs\",\"potentialAction\":[{\"@type\":\"CommentAction\",\"name\":\"Comment\",\"target\":[\"https:\/\/evertonfc.cz\/index.php\/2022\/02\/05\/fa-cup-preview-everton-brentford\/#respond\"]}]},{\"@type\":\"WebPage\",\"@id\":\"https:\/\/evertonfc.cz\/index.php\/2022\/02\/05\/fa-cup-preview-everton-brentford\/\",\"url\":\"https:\/\/evertonfc.cz\/index.php\/2022\/02\/05\/fa-cup-preview-everton-brentford\/\",\"name\":\"FA Cup Preview: Everton - Brentford - Official Czech &amp; Slovak Everton Supporters&#039; Club\",\"isPartOf\":{\"@id\":\"https:\/\/evertonfc.cz\/#website\"},\"primaryImageOfPage\":{\"@id\":\"https:\/\/evertonfc.cz\/index.php\/2022\/02\/05\/fa-cup-preview-everton-brentford\/#primaryimage\"},\"image\":{\"@id\":\"https:\/\/evertonfc.cz\/index.php\/2022\/02\/05\/fa-cup-preview-everton-brentford\/#primaryimage\"},\"thumbnailUrl\":\"https:\/\/evertonfc.cz\/wp-content\/uploads\/2022\/09\/Everton-VS-Brenford.png\",\"datePublished\":\"2022-02-05T08:36:08+00:00\",\"dateModified\":\"2022-09-05T10:34:17+00:00\",\"description\":\"Premi\u00e9ra Franka Lamparda je dom\u00e1c\u00ed utk\u00e1n\u00ed \u010dtvrt\u00e9ho kola Anglick\u00e9ho poh\u00e1ru proti Brentfordu. Ma\u010d, do kter\u00e9ho Karamelky vstupuj\u00ed v pozici kurzov\u00e9ho favorita.\",\"breadcrumb\":{\"@id\":\"https:\/\/evertonfc.cz\/index.php\/2022\/02\/05\/fa-cup-preview-everton-brentford\/#breadcrumb\"},\"inLanguage\":\"cs\",\"potentialAction\":[{\"@type\":\"ReadAction\",\"target\":[\"https:\/\/evertonfc.cz\/index.php\/2022\/02\/05\/fa-cup-preview-everton-brentford\/\"]}]},{\"@type\":\"ImageObject\",\"inLanguage\":\"cs\",\"@id\":\"https:\/\/evertonfc.cz\/index.php\/2022\/02\/05\/fa-cup-preview-everton-brentford\/#primaryimage\",\"url\":\"https:\/\/evertonfc.cz\/wp-content\/uploads\/2022\/09\/Everton-VS-Brenford.png\",\"contentUrl\":\"https:\/\/evertonfc.cz\/wp-content\/uploads\/2022\/09\/Everton-VS-Brenford.png\",\"width\":720,\"height\":405},{\"@type\":\"BreadcrumbList\",\"@id\":\"https:\/\/evertonfc.cz\/index.php\/2022\/02\/05\/fa-cup-preview-everton-brentford\/#breadcrumb\",\"itemListElement\":[{\"@type\":\"ListItem\",\"position\":1,\"name\":\"Home\",\"item\":\"https:\/\/evertonfc.cz\/\"},{\"@type\":\"ListItem\",\"position\":2,\"name\":\"FA Cup Preview: Everton &#8211; Brentford\"}]},{\"@type\":\"WebSite\",\"@id\":\"https:\/\/evertonfc.cz\/#website\",\"url\":\"https:\/\/evertonfc.cz\/\",\"name\":\"Official Czech &amp; Slovak Everton Supporters&#039; Club\",\"description\":\"\",\"publisher\":{\"@id\":\"https:\/\/evertonfc.cz\/#organization\"},\"potentialAction\":[{\"@type\":\"SearchAction\",\"target\":{\"@type\":\"EntryPoint\",\"urlTemplate\":\"https:\/\/evertonfc.cz\/?s={search_term_string}\"},\"query-input\":{\"@type\":\"PropertyValueSpecification\",\"valueRequired\":true,\"valueName\":\"search_term_string\"}}],\"inLanguage\":\"cs\"},{\"@type\":\"Organization\",\"@id\":\"https:\/\/evertonfc.cz\/#organization\",\"name\":\"Official Czech & Slovak Everton Supporters' Club\",\"url\":\"https:\/\/evertonfc.cz\/\",\"logo\":{\"@type\":\"ImageObject\",\"inLanguage\":\"cs\",\"@id\":\"https:\/\/evertonfc.cz\/#\/schema\/logo\/image\/\",\"url\":\"https:\/\/evertonfc.cz\/wp-content\/uploads\/2019\/05\/logo.png\",\"contentUrl\":\"https:\/\/evertonfc.cz\/wp-content\/uploads\/2019\/05\/logo.png\",\"width\":112,\"height\":112,\"caption\":\"Official Czech & Slovak Everton Supporters' Club\"},\"image\":{\"@id\":\"https:\/\/evertonfc.cz\/#\/schema\/logo\/image\/\"},\"sameAs\":[\"https:\/\/www.facebook.com\/everton.fans.cz.sk\"]},{\"@type\":\"Person\",\"@id\":\"https:\/\/evertonfc.cz\/#\/schema\/person\/b30daf6a5852f4811f8207a17ec1bf78\",\"name\":\"Javor\",\"sameAs\":[\"https:\/\/x.com\/LoudinJan\"],\"url\":\"https:\/\/evertonfc.cz\/index.php\/author\/javor\/\"}]}<\/script>\n<!-- \/ Yoast SEO plugin. -->","yoast_head_json":{"title":"FA Cup Preview: Everton - Brentford - Official Czech &amp; Slovak Everton Supporters&#039; Club","description":"Premi\u00e9ra Franka Lamparda je dom\u00e1c\u00ed utk\u00e1n\u00ed \u010dtvrt\u00e9ho kola Anglick\u00e9ho poh\u00e1ru proti Brentfordu. Ma\u010d, do kter\u00e9ho Karamelky vstupuj\u00ed v pozici kurzov\u00e9ho favorita.","robots":{"index":"index","follow":"follow","max-snippet":"max-snippet:-1","max-image-preview":"max-image-preview:large","max-video-preview":"max-video-preview:-1"},"canonical":"https:\/\/evertonfc.cz\/index.php\/2022\/02\/05\/fa-cup-preview-everton-brentford\/","og_locale":"cs_CZ","og_type":"article","og_title":"FA Cup Preview: Everton - Brentford - Official Czech &amp; Slovak Everton Supporters&#039; Club","og_description":"Premi\u00e9ra Franka Lamparda je dom\u00e1c\u00ed utk\u00e1n\u00ed \u010dtvrt\u00e9ho kola Anglick\u00e9ho poh\u00e1ru proti Brentfordu. Ma\u010d, do kter\u00e9ho Karamelky vstupuj\u00ed v pozici kurzov\u00e9ho favorita.","og_url":"https:\/\/evertonfc.cz\/index.php\/2022\/02\/05\/fa-cup-preview-everton-brentford\/","og_site_name":"Official Czech &amp; Slovak Everton Supporters&#039; Club","article_publisher":"https:\/\/www.facebook.com\/everton.fans.cz.sk","article_published_time":"2022-02-05T08:36:08+00:00","article_modified_time":"2022-09-05T10:34:17+00:00","og_image":[{"width":720,"height":405,"url":"https:\/\/evertonfc.cz\/wp-content\/uploads\/2022\/09\/Everton-VS-Brenford.png","type":"image\/png"}],"author":"Javor","twitter_card":"summary_large_image","twitter_creator":"@LoudinJan","twitter_misc":{"Napsal(a)":"Javor","Odhadovan\u00e1 doba \u010dten\u00ed":"3 minuty"},"schema":{"@context":"https:\/\/schema.org","@graph":[{"@type":"Article","@id":"https:\/\/evertonfc.cz\/index.php\/2022\/02\/05\/fa-cup-preview-everton-brentford\/#article","isPartOf":{"@id":"https:\/\/evertonfc.cz\/index.php\/2022\/02\/05\/fa-cup-preview-everton-brentford\/"},"author":{"name":"Javor","@id":"https:\/\/evertonfc.cz\/#\/schema\/person\/b30daf6a5852f4811f8207a17ec1bf78"},"headline":"FA Cup Preview: Everton &#8211; Brentford","datePublished":"2022-02-05T08:36:08+00:00","dateModified":"2022-09-05T10:34:17+00:00","mainEntityOfPage":{"@id":"https:\/\/evertonfc.cz\/index.php\/2022\/02\/05\/fa-cup-preview-everton-brentford\/"},"wordCount":585,"commentCount":5,"publisher":{"@id":"https:\/\/evertonfc.cz\/#organization"},"image":{"@id":"https:\/\/evertonfc.cz\/index.php\/2022\/02\/05\/fa-cup-preview-everton-brentford\/#primaryimage"},"thumbnailUrl":"https:\/\/evertonfc.cz\/wp-content\/uploads\/2022\/09\/Everton-VS-Brenford.png","articleSection":["Z\u00e1pasy"],"inLanguage":"cs","potentialAction":[{"@type":"CommentAction","name":"Comment","target":["https:\/\/evertonfc.cz\/index.php\/2022\/02\/05\/fa-cup-preview-everton-brentford\/#respond"]}]},{"@type":"WebPage","@id":"https:\/\/evertonfc.cz\/index.php\/2022\/02\/05\/fa-cup-preview-everton-brentford\/","url":"https:\/\/evertonfc.cz\/index.php\/2022\/02\/05\/fa-cup-preview-everton-brentford\/","name":"FA Cup Preview: Everton - Brentford - Official Czech &amp; Slovak Everton Supporters&#039; Club","isPartOf":{"@id":"https:\/\/evertonfc.cz\/#website"},"primaryImageOfPage":{"@id":"https:\/\/evertonfc.cz\/index.php\/2022\/02\/05\/fa-cup-preview-everton-brentford\/#primaryimage"},"image":{"@id":"https:\/\/evertonfc.cz\/index.php\/2022\/02\/05\/fa-cup-preview-everton-brentford\/#primaryimage"},"thumbnailUrl":"https:\/\/evertonfc.cz\/wp-content\/uploads\/2022\/09\/Everton-VS-Brenford.png","datePublished":"2022-02-05T08:36:08+00:00","dateModified":"2022-09-05T10:34:17+00:00","description":"Premi\u00e9ra Franka Lamparda je dom\u00e1c\u00ed utk\u00e1n\u00ed \u010dtvrt\u00e9ho kola Anglick\u00e9ho poh\u00e1ru proti Brentfordu. Ma\u010d, do kter\u00e9ho Karamelky vstupuj\u00ed v pozici kurzov\u00e9ho favorita.","breadcrumb":{"@id":"https:\/\/evertonfc.cz\/index.php\/2022\/02\/05\/fa-cup-preview-everton-brentford\/#breadcrumb"},"inLanguage":"cs","potentialAction":[{"@type":"ReadAction","target":["https:\/\/evertonfc.cz\/index.php\/2022\/02\/05\/fa-cup-preview-everton-brentford\/"]}]},{"@type":"ImageObject","inLanguage":"cs","@id":"https:\/\/evertonfc.cz\/index.php\/2022\/02\/05\/fa-cup-preview-everton-brentford\/#primaryimage","url":"https:\/\/evertonfc.cz\/wp-content\/uploads\/2022\/09\/Everton-VS-Brenford.png","contentUrl":"https:\/\/evertonfc.cz\/wp-content\/uploads\/2022\/09\/Everton-VS-Brenford.png","width":720,"height":405},{"@type":"BreadcrumbList","@id":"https:\/\/evertonfc.cz\/index.php\/2022\/02\/05\/fa-cup-preview-everton-brentford\/#breadcrumb","itemListElement":[{"@type":"ListItem","position":1,"name":"Home","item":"https:\/\/evertonfc.cz\/"},{"@type":"ListItem","position":2,"name":"FA Cup Preview: Everton &#8211; Brentford"}]},{"@type":"WebSite","@id":"https:\/\/evertonfc.cz\/#website","url":"https:\/\/evertonfc.cz\/","name":"Official Czech &amp; Slovak Everton Supporters&#039; Club","description":"","publisher":{"@id":"https:\/\/evertonfc.cz\/#organization"},"potentialAction":[{"@type":"SearchAction","target":{"@type":"EntryPoint","urlTemplate":"https:\/\/evertonfc.cz\/?s={search_term_string}"},"query-input":{"@type":"PropertyValueSpecification","valueRequired":true,"valueName":"search_term_string"}}],"inLanguage":"cs"},{"@type":"Organization","@id":"https:\/\/evertonfc.cz\/#organization","name":"Official Czech & Slovak Everton Supporters' Club","url":"https:\/\/evertonfc.cz\/","logo":{"@type":"ImageObject","inLanguage":"cs","@id":"https:\/\/evertonfc.cz\/#\/schema\/logo\/image\/","url":"https:\/\/evertonfc.cz\/wp-content\/uploads\/2019\/05\/logo.png","contentUrl":"https:\/\/evertonfc.cz\/wp-content\/uploads\/2019\/05\/logo.png","width":112,"height":112,"caption":"Official Czech & Slovak Everton Supporters' Club"},"image":{"@id":"https:\/\/evertonfc.cz\/#\/schema\/logo\/image\/"},"sameAs":["https:\/\/www.facebook.com\/everton.fans.cz.sk"]},{"@type":"Person","@id":"https:\/\/evertonfc.cz\/#\/schema\/person\/b30daf6a5852f4811f8207a17ec1bf78","name":"Javor","sameAs":["https:\/\/x.com\/LoudinJan"],"url":"https:\/\/evertonfc.cz\/index.php\/author\/javor\/"}]}},"_links":{"self":[{"href":"https:\/\/evertonfc.cz\/index.php\/wp-json\/wp\/v2\/posts\/17710"}],"collection":[{"href":"https:\/\/evertonfc.cz\/index.php\/wp-json\/wp\/v2\/posts"}],"about":[{"href":"https:\/\/evertonfc.cz\/index.php\/wp-json\/wp\/v2\/types\/post"}],"author":[{"embeddable":true,"href":"https:\/\/evertonfc.cz\/index.php\/wp-json\/wp\/v2\/users\/12"}],"replies":[{"embeddable":true,"href":"https:\/\/evertonfc.cz\/index.php\/wp-json\/wp\/v2\/comments?post=17710"}],"version-history":[{"count":5,"href":"https:\/\/evertonfc.cz\/index.php\/wp-json\/wp\/v2\/posts\/17710\/revisions"}],"predecessor-version":[{"id":17807,"href":"https:\/\/evertonfc.cz\/index.php\/wp-json\/wp\/v2\/posts\/17710\/revisions\/17807"}],"wp:featuredmedia":[{"embeddable":true,"href":"https:\/\/evertonfc.cz\/index.php\/wp-json\/wp\/v2\/media\/19737"}],"wp:attachment":[{"href":"https:\/\/evertonfc.cz\/index.php\/wp-json\/wp\/v2\/media?parent=17710"}],"wp:term":[{"taxonomy":"category","embeddable":true,"href":"https:\/\/evertonfc.cz\/index.php\/wp-json\/wp\/v2\/categories?post=17710"},{"taxonomy":"post_tag","embeddable":true,"href":"https:\/\/evertonfc.cz\/index.php\/wp-json\/wp\/v2\/tags?post=17710"}],"curies":[{"name":"wp","href":"https:\/\/api.w.org\/{rel}","templated":true}]}}