{"id":17729,"date":"2022-02-06T14:30:16","date_gmt":"2022-02-06T13:30:16","guid":{"rendered":"https:\/\/evertonfc.cz\/?p=17729"},"modified":"2022-02-06T14:30:16","modified_gmt":"2022-02-06T13:30:16","slug":"everton-brentford-41","status":"publish","type":"post","link":"https:\/\/evertonfc.cz\/index.php\/2022\/02\/06\/everton-brentford-41\/","title":{"rendered":"Everton \u2013 Brentford 4:1"},"content":{"rendered":"<h4>Najv\u00e4\u010d\u0161ia v\u00fdhra pri mana\u017e\u00e9rskom debute v\u00a0hist\u00f3rii klubu. Tak\u00fd je za\u010diatok \u00e9ry Franka Lamparda v\u00a0Goodison Parku, ktor\u00fd zaru\u010dil postup Karameliek do piateho kola FA Cupu.<\/h4>\n<p>Prv\u00fd raz od okt\u00f3bra minul\u00e9ho roka sme i\u0161li v\u00a0z\u00e1pase do vedenie ako prv\u00ed. Prv\u00fd raz v\u00a0sez\u00f3ne sme ho len nebr\u00e1nili. Tie\u017e po prv\u00fd raz v\u00a0tejto sez\u00f3ne sme vstrelili 4 g\u00f3ly. A prv\u00fd raz sme z vlastn\u00fdch\u00a0trib\u00fan po\u010duli oslavn\u00e9 chor\u00e1ly na adresu vlastn\u00e9ho mana\u017e\u00e9ra. P\u00fdtam sa, \u010do sa to deje, kde bola doteraz chyba?<\/p>\n<h4><strong><em>\u201eEnjoy The Ball\u201c<\/em><\/strong><\/h4>\n<p>Tak\u00e9 boli prv\u00e9 pokyny na ihrisk\u00e1ch Finch Farm po pr\u00edchode Lond\u00fdn\u010dana, ktor\u00e9 sa okam\u017eite prejavili na tr\u00e1vniku v Goodison Parku, ke\u010f sa Everton pustil do op\u00e4tovn\u00e9ho h\u013eadania cesty za \u00faspechom. Bez Doucour\u00e9ho a Calverta-Lewina. Pomoc nemohli poskytn\u00fa\u0165 ani van de Beek s Allim, hoci sa sna\u017eili nabudi\u0165 dav aspo\u0148 cez prest\u00e1vku svoj\u00edm predstaven\u00edm. A my sa nem\u00f4\u017eeme do\u010dka\u0165, \u010do dok\u00e1\u017eu v modrom drese.<\/p>\n<p>Pred z\u00e1pasom rozcvi\u010dku viedol priamo Lampard. Kri\u010dal a povzbudzoval hr\u00e1\u010dov osobne. Za postrannou \u010diarou to bolo rovnak\u00e9, nehovoriac o oslave g\u00f3lov. Jeho t\u00edm, ktor\u00fd poskladal do form\u00e1cie 5-2-3, aj kv\u00f4li v\u00fdrazn\u00fdm absenci\u00e1m v strede po\u013ea, bol \u00faplne konvertovan\u00fd. Trpezliv\u00fd a rozv\u00e1\u017eny na lopte. Neb\u00e1l sa rozohr\u00e1va\u0165 odzadu a dominoval v ka\u017edej \u0161tatistike prihr\u00e1vok. Viac, viac presn\u00fdch a viac k\u013e\u00fa\u010dov\u00fdch.<\/p>\n<h4><strong>Goals, goals, goals<\/strong><\/h4>\n<p>Z\u00e1pas ale za\u010dal nemilo. Ben Godfrey, ktor\u00fd za\u010dal v\u00a0stop\u00e9rskej trojici po boku Keanea a\u00a0Holgatea, si zranil zadn\u00fd stehenn\u00fd sval a\u00a0\u0161tadi\u00f3n opustil na barl\u00e1ch, \u010di\u017ee m\u00f4\u017eeme o\u010dak\u00e1va\u0165 \u010fal\u0161iu dlh\u00fa absenciu. Jeho miesto zaujal Yerry Mina. A bol to pr\u00e1ve Kolumbij\u010dan, kto prv\u00fd otvoril sk\u00f3re po rohu Graya o\u00a0vy\u0161e \u0161tvr\u0165hodinu nesk\u00f4r.<\/p>\n<p>Demarai bol op\u00e4\u0165 raz \u017eiv\u00fdm prvkom \u00fatoku The Toffees, ke\u010f s\u00fapera neust\u00e1le zamestn\u00e1val n\u00e1jazdami z\u00a0h\u013abky po\u013ea. Na\u013eavo bol podporovan\u00fd Mykolenkom, vpravo ako wingback p\u00f4sobil Coleman. Medzi nimi riadili hru Gomes s\u00a0Allanom, pri\u010dom najm\u00e4 Portugalec sa vyu\u017e\u00edval v\u00a0novej podobe hry pod Frankom.<\/p>\n<p>Po pol\u010dase sa sk\u00f3re navy\u0161ovalo. Allan na\u0161iel centrom Richarlisona za obranou a\u00a0ten exkvizitne premenil. Everton neprest\u00e1val by\u0165 akt\u00edvny, hoci aj hostia sa zobudili. Po \u00faniku Toneyho do v\u00e1pna mu pod nohami stopku vystavil Pickford a\u00a0kopala sa penalta. Premenen\u00e1 Ivanom klasicky v\u00a0stoji.<\/p>\n<h4><strong>Until the End<\/strong><\/h4>\n<p>Nov\u00e1 filozofia hrania a\u017e do z\u00e1vere\u010dn\u00e9ho hvizdu sa patri\u010dne prejavila na sk\u00f3re. K\u00fdm za starej gardy by sme polhodinu br\u00e1nili jednog\u00f3lov\u00e9 vedenie, nov\u00fd pr\u00edstup k\u00e1\u017ee \u00eds\u0165 si po v\u0161etko, \u010do n\u00e1m s\u00faper nech\u00e1. Prv\u00fd g\u00f3l Holgatea od decembra 2020 je toho pr\u00edkladom. Padol op\u00e4\u0165 po rohu, ke\u010f Mason te\u010doval odrazen\u00fa loptu, a\u00a0ruchov\u00e9 mikr\u00f3fony plne zachyt\u00e1vali ozveny \u201eSuper Frankie Lampard\u201c.<\/p>\n<p>Ov\u00e1ci\u00e1m v\u00a0stoji sa do\u010dkali Gray aj Gordon, ktor\u00fd tret\u00ed g\u00f3l v\u00a0podstate zariadil svojou dotieravos\u0165ou a\u00a0vybojoval onen roh. Posledn\u00fd kliniec zabil Townsend v\u00a0nadstavenom \u010dase, ke\u010f po nevinnej zdr\u017eiavacej akcii mu priklepol Iwobi a\u00a0Andros spravil to najjednoduch\u0161ie, vystrelil. Treba podotkn\u00fa\u0165, \u017ee do tejto kombin\u00e1cie sa zapojil aj Tosun.<\/p>\n<p>Dnes sa konal aj \u017ereb a\u00a0ur\u010dil, \u017ee v\u00a0piatom kole hr\u00e1me s\u00a0Bournemouthom, alebo s Borehamom Wood. A\u00a0to v\u00a0t\u00fd\u017edni za\u010d\u00ednaj\u00fac 28. febru\u00e1rom. Dr\u017e\u00edme palce teda piatoligistom dnes o\u00a0pol \u00f4smej ve\u010der!<\/p>\n<p style=\"text-align: right;\"><span style=\"font-size: 8pt;\">(fotozdroj: evertonfc.com)<\/span><\/p>\n<h3 style=\"text-align: center;\"><span style=\"color: #3366ff;\"><em><strong>Up The Toffees !!!<\/strong><\/em><\/span><\/h3>\n<p><strong>Zostrihy + z\u00e1pas:<\/strong><a href=\"https:\/\/hdmatches.net\/2022\/02\/05\/video-everton-vs-brentford-highlights-full-match-05-february-2022\/#2\" target=\"_blank\" rel=\"noopener\"> HDmatches.net<\/a>\u00a0 <strong>Mu\u017e z\u00e1pasu redakcie:<\/strong> Frank Lampard<\/p>\n<p><strong>G\u00f3ly:<\/strong> 31\u00b4 Mina (Gray), 48\u00b4 Richarlison (Allan), 54\u00b4 Toney (pen), 62\u00b4 Holgate, 90+1\u00b4 Townsend (Iwobi)<\/p>\n<p><strong>\u017dlt\u00e9 karty: <\/strong>24\u00b4 Gomes, 42\u00b4 Rasmussen, 67\u00b4 Gordon,<\/p>\n<p><strong>Brentford FC:\u00a0<\/strong>Raya \u2013 Ayer, Jansson, Sorensen, Mitchel \u2013 Rasmussen (72\u00b4 Dasilva), Jensen, Norgaard, Janelt (62\u00b4 Baptiste), Henry (83\u00b4 Stevens) \u2013 Toney, Canos (7\u00b4 Ghoddos)<\/p>\n<p><strong>Everton FC:\u00a0<\/strong>Pickford \u2013 Coleman, Holgate, Keane, Godfrey (14\u00b4 Mina), Mykolenko (73\u00b4 Kenny) \u2013 Allan, Gomes \u2013 Gordon (73\u00b4 Townsend), Richarlison (88\u00b4 Tosun), Gray (88\u00b4 Iwobi)<\/p>\n<p><strong>Rozhodca:\u00a0<\/strong>Michael Oliver\u00a0 <strong>Div\u00e1ci:<\/strong> 37 310<\/p>\n","protected":false},"excerpt":{"rendered":"<p>Najv\u00e4\u010d\u0161ia v\u00fdhra pri mana\u017e\u00e9rskom debute v\u00a0hist\u00f3rii klubu. Tak\u00fd je za\u010diatok \u00e9ry Franka Lamparda v\u00a0Goodison Parku, ktor\u00fd zaru\u010dil postup Karameliek do piateho kola FA Cupu.<\/p>\n","protected":false},"author":1,"featured_media":17730,"comment_status":"open","ping_status":"closed","sticky":false,"template":"","format":"standard","meta":{"_eb_attr":"","_monsterinsights_skip_tracking":false,"_monsterinsights_sitenote_active":false,"_monsterinsights_sitenote_note":"","_monsterinsights_sitenote_category":0,"footnotes":""},"categories":[4],"tags":[],"yoast_head":"<!-- This site is optimized with the Yoast SEO plugin v23.4 - https:\/\/yoast.com\/wordpress\/plugins\/seo\/ -->\n<title>Everton \u2013 Brentford 4:1 - Official Czech &amp; Slovak Everton Supporters&#039; Club<\/title>\n<meta name=\"robots\" content=\"index, follow, max-snippet:-1, max-image-preview:large, max-video-preview:-1\" \/>\n<link rel=\"canonical\" href=\"https:\/\/evertonfc.cz\/index.php\/2022\/02\/06\/everton-brentford-41\/\" \/>\n<meta property=\"og:locale\" content=\"cs_CZ\" \/>\n<meta property=\"og:type\" content=\"article\" \/>\n<meta property=\"og:title\" content=\"Everton \u2013 Brentford 4:1 - Official Czech &amp; Slovak Everton Supporters&#039; Club\" \/>\n<meta property=\"og:description\" content=\"Najv\u00e4\u010d\u0161ia v\u00fdhra pri mana\u017e\u00e9rskom debute v\u00a0hist\u00f3rii klubu. Tak\u00fd je za\u010diatok \u00e9ry Franka Lamparda v\u00a0Goodison Parku, ktor\u00fd zaru\u010dil postup Karameliek do piateho kola FA Cupu.\" \/>\n<meta property=\"og:url\" content=\"https:\/\/evertonfc.cz\/index.php\/2022\/02\/06\/everton-brentford-41\/\" \/>\n<meta property=\"og:site_name\" content=\"Official Czech &amp; Slovak Everton Supporters&#039; Club\" \/>\n<meta property=\"article:publisher\" content=\"https:\/\/www.facebook.com\/everton.fans.cz.sk\" \/>\n<meta property=\"article:published_time\" content=\"2022-02-06T13:30:16+00:00\" \/>\n<meta property=\"og:image\" content=\"https:\/\/evertonfc.cz\/wp-content\/uploads\/2022\/02\/Richarlison-vs-Brentford-FA-Cup-by-evertonfc.com-6-2-2022.jpg\" \/>\n\t<meta property=\"og:image:width\" content=\"720\" \/>\n\t<meta property=\"og:image:height\" content=\"405\" \/>\n\t<meta property=\"og:image:type\" content=\"image\/jpeg\" \/>\n<meta name=\"author\" content=\"BlueBlooded\" \/>\n<meta name=\"twitter:card\" content=\"summary_large_image\" \/>\n<meta name=\"twitter:label1\" content=\"Napsal(a)\" \/>\n\t<meta name=\"twitter:data1\" content=\"BlueBlooded\" \/>\n\t<meta name=\"twitter:label2\" content=\"Odhadovan\u00e1 doba \u010dten\u00ed\" \/>\n\t<meta name=\"twitter:data2\" content=\"4 minuty\" \/>\n<script type=\"application\/ld+json\" class=\"yoast-schema-graph\">{\"@context\":\"https:\/\/schema.org\",\"@graph\":[{\"@type\":\"Article\",\"@id\":\"https:\/\/evertonfc.cz\/index.php\/2022\/02\/06\/everton-brentford-41\/#article\",\"isPartOf\":{\"@id\":\"https:\/\/evertonfc.cz\/index.php\/2022\/02\/06\/everton-brentford-41\/\"},\"author\":{\"name\":\"BlueBlooded\",\"@id\":\"https:\/\/evertonfc.cz\/#\/schema\/person\/d4493b8cbea51532597fbc4685698916\"},\"headline\":\"Everton \u2013 Brentford 4:1\",\"datePublished\":\"2022-02-06T13:30:16+00:00\",\"dateModified\":\"2022-02-06T13:30:16+00:00\",\"mainEntityOfPage\":{\"@id\":\"https:\/\/evertonfc.cz\/index.php\/2022\/02\/06\/everton-brentford-41\/\"},\"wordCount\":701,\"commentCount\":7,\"publisher\":{\"@id\":\"https:\/\/evertonfc.cz\/#organization\"},\"image\":{\"@id\":\"https:\/\/evertonfc.cz\/index.php\/2022\/02\/06\/everton-brentford-41\/#primaryimage\"},\"thumbnailUrl\":\"https:\/\/evertonfc.cz\/wp-content\/uploads\/2022\/02\/Richarlison-vs-Brentford-FA-Cup-by-evertonfc.com-6-2-2022.jpg\",\"articleSection\":[\"Z\u00e1pasy\"],\"inLanguage\":\"cs\",\"potentialAction\":[{\"@type\":\"CommentAction\",\"name\":\"Comment\",\"target\":[\"https:\/\/evertonfc.cz\/index.php\/2022\/02\/06\/everton-brentford-41\/#respond\"]}]},{\"@type\":\"WebPage\",\"@id\":\"https:\/\/evertonfc.cz\/index.php\/2022\/02\/06\/everton-brentford-41\/\",\"url\":\"https:\/\/evertonfc.cz\/index.php\/2022\/02\/06\/everton-brentford-41\/\",\"name\":\"Everton \u2013 Brentford 4:1 - Official Czech &amp; Slovak Everton Supporters&#039; Club\",\"isPartOf\":{\"@id\":\"https:\/\/evertonfc.cz\/#website\"},\"primaryImageOfPage\":{\"@id\":\"https:\/\/evertonfc.cz\/index.php\/2022\/02\/06\/everton-brentford-41\/#primaryimage\"},\"image\":{\"@id\":\"https:\/\/evertonfc.cz\/index.php\/2022\/02\/06\/everton-brentford-41\/#primaryimage\"},\"thumbnailUrl\":\"https:\/\/evertonfc.cz\/wp-content\/uploads\/2022\/02\/Richarlison-vs-Brentford-FA-Cup-by-evertonfc.com-6-2-2022.jpg\",\"datePublished\":\"2022-02-06T13:30:16+00:00\",\"dateModified\":\"2022-02-06T13:30:16+00:00\",\"breadcrumb\":{\"@id\":\"https:\/\/evertonfc.cz\/index.php\/2022\/02\/06\/everton-brentford-41\/#breadcrumb\"},\"inLanguage\":\"cs\",\"potentialAction\":[{\"@type\":\"ReadAction\",\"target\":[\"https:\/\/evertonfc.cz\/index.php\/2022\/02\/06\/everton-brentford-41\/\"]}]},{\"@type\":\"ImageObject\",\"inLanguage\":\"cs\",\"@id\":\"https:\/\/evertonfc.cz\/index.php\/2022\/02\/06\/everton-brentford-41\/#primaryimage\",\"url\":\"https:\/\/evertonfc.cz\/wp-content\/uploads\/2022\/02\/Richarlison-vs-Brentford-FA-Cup-by-evertonfc.com-6-2-2022.jpg\",\"contentUrl\":\"https:\/\/evertonfc.cz\/wp-content\/uploads\/2022\/02\/Richarlison-vs-Brentford-FA-Cup-by-evertonfc.com-6-2-2022.jpg\",\"width\":720,\"height\":405},{\"@type\":\"BreadcrumbList\",\"@id\":\"https:\/\/evertonfc.cz\/index.php\/2022\/02\/06\/everton-brentford-41\/#breadcrumb\",\"itemListElement\":[{\"@type\":\"ListItem\",\"position\":1,\"name\":\"Home\",\"item\":\"https:\/\/evertonfc.cz\/\"},{\"@type\":\"ListItem\",\"position\":2,\"name\":\"Everton \u2013 Brentford 4:1\"}]},{\"@type\":\"WebSite\",\"@id\":\"https:\/\/evertonfc.cz\/#website\",\"url\":\"https:\/\/evertonfc.cz\/\",\"name\":\"Official Czech &amp; Slovak Everton Supporters&#039; Club\",\"description\":\"\",\"publisher\":{\"@id\":\"https:\/\/evertonfc.cz\/#organization\"},\"potentialAction\":[{\"@type\":\"SearchAction\",\"target\":{\"@type\":\"EntryPoint\",\"urlTemplate\":\"https:\/\/evertonfc.cz\/?s={search_term_string}\"},\"query-input\":{\"@type\":\"PropertyValueSpecification\",\"valueRequired\":true,\"valueName\":\"search_term_string\"}}],\"inLanguage\":\"cs\"},{\"@type\":\"Organization\",\"@id\":\"https:\/\/evertonfc.cz\/#organization\",\"name\":\"Official Czech & Slovak Everton Supporters' Club\",\"url\":\"https:\/\/evertonfc.cz\/\",\"logo\":{\"@type\":\"ImageObject\",\"inLanguage\":\"cs\",\"@id\":\"https:\/\/evertonfc.cz\/#\/schema\/logo\/image\/\",\"url\":\"https:\/\/evertonfc.cz\/wp-content\/uploads\/2019\/05\/logo.png\",\"contentUrl\":\"https:\/\/evertonfc.cz\/wp-content\/uploads\/2019\/05\/logo.png\",\"width\":112,\"height\":112,\"caption\":\"Official Czech & Slovak Everton Supporters' Club\"},\"image\":{\"@id\":\"https:\/\/evertonfc.cz\/#\/schema\/logo\/image\/\"},\"sameAs\":[\"https:\/\/www.facebook.com\/everton.fans.cz.sk\"]},{\"@type\":\"Person\",\"@id\":\"https:\/\/evertonfc.cz\/#\/schema\/person\/d4493b8cbea51532597fbc4685698916\",\"name\":\"BlueBlooded\",\"url\":\"https:\/\/evertonfc.cz\/index.php\/author\/admin\/\"}]}<\/script>\n<!-- \/ Yoast SEO plugin. -->","yoast_head_json":{"title":"Everton \u2013 Brentford 4:1 - Official Czech &amp; Slovak Everton Supporters&#039; Club","robots":{"index":"index","follow":"follow","max-snippet":"max-snippet:-1","max-image-preview":"max-image-preview:large","max-video-preview":"max-video-preview:-1"},"canonical":"https:\/\/evertonfc.cz\/index.php\/2022\/02\/06\/everton-brentford-41\/","og_locale":"cs_CZ","og_type":"article","og_title":"Everton \u2013 Brentford 4:1 - Official Czech &amp; Slovak Everton Supporters&#039; Club","og_description":"Najv\u00e4\u010d\u0161ia v\u00fdhra pri mana\u017e\u00e9rskom debute v\u00a0hist\u00f3rii klubu. Tak\u00fd je za\u010diatok \u00e9ry Franka Lamparda v\u00a0Goodison Parku, ktor\u00fd zaru\u010dil postup Karameliek do piateho kola FA Cupu.","og_url":"https:\/\/evertonfc.cz\/index.php\/2022\/02\/06\/everton-brentford-41\/","og_site_name":"Official Czech &amp; Slovak Everton Supporters&#039; Club","article_publisher":"https:\/\/www.facebook.com\/everton.fans.cz.sk","article_published_time":"2022-02-06T13:30:16+00:00","og_image":[{"width":720,"height":405,"url":"https:\/\/evertonfc.cz\/wp-content\/uploads\/2022\/02\/Richarlison-vs-Brentford-FA-Cup-by-evertonfc.com-6-2-2022.jpg","type":"image\/jpeg"}],"author":"BlueBlooded","twitter_card":"summary_large_image","twitter_misc":{"Napsal(a)":"BlueBlooded","Odhadovan\u00e1 doba \u010dten\u00ed":"4 minuty"},"schema":{"@context":"https:\/\/schema.org","@graph":[{"@type":"Article","@id":"https:\/\/evertonfc.cz\/index.php\/2022\/02\/06\/everton-brentford-41\/#article","isPartOf":{"@id":"https:\/\/evertonfc.cz\/index.php\/2022\/02\/06\/everton-brentford-41\/"},"author":{"name":"BlueBlooded","@id":"https:\/\/evertonfc.cz\/#\/schema\/person\/d4493b8cbea51532597fbc4685698916"},"headline":"Everton \u2013 Brentford 4:1","datePublished":"2022-02-06T13:30:16+00:00","dateModified":"2022-02-06T13:30:16+00:00","mainEntityOfPage":{"@id":"https:\/\/evertonfc.cz\/index.php\/2022\/02\/06\/everton-brentford-41\/"},"wordCount":701,"commentCount":7,"publisher":{"@id":"https:\/\/evertonfc.cz\/#organization"},"image":{"@id":"https:\/\/evertonfc.cz\/index.php\/2022\/02\/06\/everton-brentford-41\/#primaryimage"},"thumbnailUrl":"https:\/\/evertonfc.cz\/wp-content\/uploads\/2022\/02\/Richarlison-vs-Brentford-FA-Cup-by-evertonfc.com-6-2-2022.jpg","articleSection":["Z\u00e1pasy"],"inLanguage":"cs","potentialAction":[{"@type":"CommentAction","name":"Comment","target":["https:\/\/evertonfc.cz\/index.php\/2022\/02\/06\/everton-brentford-41\/#respond"]}]},{"@type":"WebPage","@id":"https:\/\/evertonfc.cz\/index.php\/2022\/02\/06\/everton-brentford-41\/","url":"https:\/\/evertonfc.cz\/index.php\/2022\/02\/06\/everton-brentford-41\/","name":"Everton \u2013 Brentford 4:1 - Official Czech &amp; Slovak Everton Supporters&#039; Club","isPartOf":{"@id":"https:\/\/evertonfc.cz\/#website"},"primaryImageOfPage":{"@id":"https:\/\/evertonfc.cz\/index.php\/2022\/02\/06\/everton-brentford-41\/#primaryimage"},"image":{"@id":"https:\/\/evertonfc.cz\/index.php\/2022\/02\/06\/everton-brentford-41\/#primaryimage"},"thumbnailUrl":"https:\/\/evertonfc.cz\/wp-content\/uploads\/2022\/02\/Richarlison-vs-Brentford-FA-Cup-by-evertonfc.com-6-2-2022.jpg","datePublished":"2022-02-06T13:30:16+00:00","dateModified":"2022-02-06T13:30:16+00:00","breadcrumb":{"@id":"https:\/\/evertonfc.cz\/index.php\/2022\/02\/06\/everton-brentford-41\/#breadcrumb"},"inLanguage":"cs","potentialAction":[{"@type":"ReadAction","target":["https:\/\/evertonfc.cz\/index.php\/2022\/02\/06\/everton-brentford-41\/"]}]},{"@type":"ImageObject","inLanguage":"cs","@id":"https:\/\/evertonfc.cz\/index.php\/2022\/02\/06\/everton-brentford-41\/#primaryimage","url":"https:\/\/evertonfc.cz\/wp-content\/uploads\/2022\/02\/Richarlison-vs-Brentford-FA-Cup-by-evertonfc.com-6-2-2022.jpg","contentUrl":"https:\/\/evertonfc.cz\/wp-content\/uploads\/2022\/02\/Richarlison-vs-Brentford-FA-Cup-by-evertonfc.com-6-2-2022.jpg","width":720,"height":405},{"@type":"BreadcrumbList","@id":"https:\/\/evertonfc.cz\/index.php\/2022\/02\/06\/everton-brentford-41\/#breadcrumb","itemListElement":[{"@type":"ListItem","position":1,"name":"Home","item":"https:\/\/evertonfc.cz\/"},{"@type":"ListItem","position":2,"name":"Everton \u2013 Brentford 4:1"}]},{"@type":"WebSite","@id":"https:\/\/evertonfc.cz\/#website","url":"https:\/\/evertonfc.cz\/","name":"Official Czech &amp; Slovak Everton Supporters&#039; Club","description":"","publisher":{"@id":"https:\/\/evertonfc.cz\/#organization"},"potentialAction":[{"@type":"SearchAction","target":{"@type":"EntryPoint","urlTemplate":"https:\/\/evertonfc.cz\/?s={search_term_string}"},"query-input":{"@type":"PropertyValueSpecification","valueRequired":true,"valueName":"search_term_string"}}],"inLanguage":"cs"},{"@type":"Organization","@id":"https:\/\/evertonfc.cz\/#organization","name":"Official Czech & Slovak Everton Supporters' Club","url":"https:\/\/evertonfc.cz\/","logo":{"@type":"ImageObject","inLanguage":"cs","@id":"https:\/\/evertonfc.cz\/#\/schema\/logo\/image\/","url":"https:\/\/evertonfc.cz\/wp-content\/uploads\/2019\/05\/logo.png","contentUrl":"https:\/\/evertonfc.cz\/wp-content\/uploads\/2019\/05\/logo.png","width":112,"height":112,"caption":"Official Czech & Slovak Everton Supporters' Club"},"image":{"@id":"https:\/\/evertonfc.cz\/#\/schema\/logo\/image\/"},"sameAs":["https:\/\/www.facebook.com\/everton.fans.cz.sk"]},{"@type":"Person","@id":"https:\/\/evertonfc.cz\/#\/schema\/person\/d4493b8cbea51532597fbc4685698916","name":"BlueBlooded","url":"https:\/\/evertonfc.cz\/index.php\/author\/admin\/"}]}},"_links":{"self":[{"href":"https:\/\/evertonfc.cz\/index.php\/wp-json\/wp\/v2\/posts\/17729"}],"collection":[{"href":"https:\/\/evertonfc.cz\/index.php\/wp-json\/wp\/v2\/posts"}],"about":[{"href":"https:\/\/evertonfc.cz\/index.php\/wp-json\/wp\/v2\/types\/post"}],"author":[{"embeddable":true,"href":"https:\/\/evertonfc.cz\/index.php\/wp-json\/wp\/v2\/users\/1"}],"replies":[{"embeddable":true,"href":"https:\/\/evertonfc.cz\/index.php\/wp-json\/wp\/v2\/comments?post=17729"}],"version-history":[{"count":3,"href":"https:\/\/evertonfc.cz\/index.php\/wp-json\/wp\/v2\/posts\/17729\/revisions"}],"predecessor-version":[{"id":17733,"href":"https:\/\/evertonfc.cz\/index.php\/wp-json\/wp\/v2\/posts\/17729\/revisions\/17733"}],"wp:featuredmedia":[{"embeddable":true,"href":"https:\/\/evertonfc.cz\/index.php\/wp-json\/wp\/v2\/media\/17730"}],"wp:attachment":[{"href":"https:\/\/evertonfc.cz\/index.php\/wp-json\/wp\/v2\/media?parent=17729"}],"wp:term":[{"taxonomy":"category","embeddable":true,"href":"https:\/\/evertonfc.cz\/index.php\/wp-json\/wp\/v2\/categories?post=17729"},{"taxonomy":"post_tag","embeddable":true,"href":"https:\/\/evertonfc.cz\/index.php\/wp-json\/wp\/v2\/tags?post=17729"}],"curies":[{"name":"wp","href":"https:\/\/api.w.org\/{rel}","templated":true}]}}