{"id":17781,"date":"2022-02-08T23:08:58","date_gmt":"2022-02-08T22:08:58","guid":{"rendered":"https:\/\/evertonfc.cz\/?p=17781"},"modified":"2022-02-09T09:13:04","modified_gmt":"2022-02-09T08:13:04","slug":"newcastle-united-everton-3-1","status":"publish","type":"post","link":"https:\/\/evertonfc.cz\/index.php\/2022\/02\/08\/newcastle-united-everton-3-1\/","title":{"rendered":"Newcastle United \u2013 Everton 3:1"},"content":{"rendered":"<h4>Je\u0161t\u011b si mysl\u00edte, \u017ee se Evertonu net\u00fdkaj\u00ed z\u00e1chran\u00e1\u0159sk\u00e9 boje? Tak v\u011bzte, \u017ee ano. Nav\u00edc po dne\u0161n\u00edm tristn\u00edm v\u00fdkonu na St James&#8216; Parku by si na udr\u017een\u00ed Toffees vsadil jen bl\u00e1zen.<\/h4>\n<p>Frank Lampard musel oproti v\u00edkendov\u00e9 v\u00edt\u011bzn\u00e9 premi\u00e9\u0159e prov\u00e9st dv\u011b vynucen\u00e9 zm\u011bny v z\u00e1kladn\u00ed sestav\u011b. Zran\u011bn\u00e9ho Godfreyho nahradil v t\u0159\u00ed\u010dlenn\u00e9m stopersk\u00e9m bloku Mina a od \u00favodn\u00ed minuty tak\u00e9 nastoupil Townsend, a to nezvykle na postu lev\u00e9ho wing-backa, proto\u017ee Mykolenko byl pozitivn\u011b testov\u00e1n na covid-19.<\/p>\n<p>\u00davod utk\u00e1n\u00ed zastihl Toffees ve velmi nerv\u00f3zn\u00edm rozpolo\u017een\u00ed. Kazili rozehr\u00e1vku a p\u016fsobili dojmem brzk\u00e9ho rozkladu. Postupem \u010dasu ale dok\u00e1zali trochu zklidnit hru a tak\u00e9 vyhecovan\u00e9ho soupe\u0159e.<\/p>\n<p>Bohu\u017eel ve 25. minut\u011b Everton ztratil dal\u0161\u00edho hr\u00e1\u010de kv\u016fli zran\u011bn\u00ed. Ze h\u0159i\u0161t\u011b odkulhal Gray, na jeho\u017e m\u00edsto na lev\u00e9m k\u0159\u00eddle nasko\u010dil debutuj\u00edc\u00ed Dele Alli.<\/p>\n<p>Ve 32. minut\u011b p\u0159edvedl Shelvey jeden ze sv\u00fdch hloup\u00fdch z\u00e1krok\u016f, kdy\u017e sejmul zezadu Gordona. Jak je mo\u017en\u00e9, \u017ee se pouze \u017elutilo? No, budi\u017e.<\/p>\n<p>Je\u0161t\u011b p\u0159ed kosou lorda Voldermorta si Mina op\u011bt nat\u00e1hl n\u011bjak\u00fd ten sval v t\u011ble a zam\u00ed\u0159il d\u011blat spole\u010dnost Grayovi do \u0161atny. Na sc\u00e9nu vyb\u011bhl mlad\u00edk Branthwaite.<\/p>\n<p>Rozh\u00e1zen\u00e9 minuty z ni\u010deho nic u\u0165aly dva vlastenci b\u011bhem dvou minut. Nejprve Holgatova hlavi\u010dka po trestn\u00e9m kopu byla zastavena na brankov\u00e9 \u010d\u00e1\u0159e, ale odraz od Lascellese u\u017e skon\u010dil v s\u00edti, aby vz\u00e1p\u011bt\u00ed na druh\u00e9 stran\u011b Lascelles nast\u0159elil hlavi\u010dkou b\u0159evno, od kter\u00e9ho se m\u00ed\u010d odrazil do nep\u0159\u00edtomn\u00e9ho Holgatea (co d\u011blal sakra na brankov\u00e9 \u010d\u00e1\u0159e?) a n\u00e1sledn\u011b do branky &#8211; <strong>1:1<\/strong>.<\/p>\n<p>Newcastle g\u00f3lov\u00e1 odpov\u011b\u010f v\u00fdrazn\u011b nakopla a do konce prvn\u00edho polo\u010dasu jeho hr\u00e1\u010di hrozili nebezpe\u010dn\u00fdmi v\u00fdpady. Host\u00e9 v\u0161ak i p\u0159es svou chaoti\u010dnost v defenzivn\u011b udr\u017eeli rem\u00edzov\u00fd stav. Co si ale budeme pov\u00eddat, stope\u0159i Evertonu jsou obrovsk\u00fdm probl\u00e9mem. Keane a Holgate svou kvalitou osciluj\u00ed n\u011bkdy mezi prvn\u00ed a druhou ligou (moment\u00e1ln\u00ed pozice Blues) a k\u0159ehkost Miny je u\u017e unavuj\u00edc\u00ed.<\/p>\n<p>Druh\u00fd polo\u010das za\u010dal dal\u0161\u00ed uk\u00e1zkovou kosou v pod\u00e1n\u00ed dom\u00e1c\u00edho plejera, Sch\u00e4r nevyb\u00edrav\u011b poslal k zemi unikaj\u00edc\u00edho Richarlisona. Rozhod\u010d\u00ed ale op\u011bt tasil pouze \u017elutou kartu, kterou hr\u00e1\u010d\u016fm Evertonu rozd\u00e1val za mnohem m\u00edrn\u011bj\u0161\u00ed fauly.<\/p>\n<p>Sud\u00ed ov\u0161em rozhodn\u011b nenesl odpov\u011bdnost za ot\u0159esnou obranu Toffees, kter\u00e1 byla opravdu, ale opravdu k pl\u00e1\u010di. V 56. minut\u011b Dele ztratil m\u00ed\u010d ve st\u0159edu h\u0159i\u0161t\u011b a zmatkuj\u00edc\u00ed defenziva host\u00ed nechala ve v\u00e1pn\u011b nehl\u00eddan\u00e9ho Frasera, jen\u017e si dob\u0159e nab\u011bhl na centr &#8211; <strong>2:1<\/strong>.<\/p>\n<p>Lampard reagoval na nep\u0159\u00edzniv\u00fd v\u00fdvoj utk\u00e1n\u00ed st\u0159\u00edd\u00e1n\u00edm, v 60. minut\u011b nahradil nev\u00fdrazn\u00e9ho Gomese novic van de Beek. A i kdy\u017e Nizozemcova p\u0159\u00edtomnost trochu pozvedla hru Evertonu, ani n\u00e1hodou to nesta\u010dilo na vyrovn\u00e1n\u00ed. Naopak v 80. minut\u011b Trippier p\u0159esnou trefou z trestn\u00e9ho kopu pe\u010detil t\u0159i body dom\u00e1c\u00edch &#8211; <strong>3:1<\/strong>.<\/p>\n<p>Toffees od zaslou\u017een\u00e9ho debaklu zachr\u00e1nila ty\u010d, kterou v z\u00e1v\u011bru oraz\u00edtkoval st\u0159\u00eddaj\u00edc\u00ed Murphy.<\/p>\n<p>Co dodat. P\u0159ed Lampardem stoj\u00ed obrovsk\u00e1 v\u00fdzva, proto\u017ee na z\u00e1klad\u011b aktu\u00e1ln\u00ed formy bychom v Premier League jen t\u011b\u017eko hledali hor\u0161\u00ed t\u00fdm ne\u017e Everton. Newcastle naopak po v\u00fdh\u0159e opustil sestupov\u00e9 p\u0159\u00ed\u010dky a na 17. m\u00edst\u011b pouze o bod zaost\u00e1v\u00e1 za sv\u00fdm dne\u0161n\u00edm sokem, kter\u00fd nasb\u00edral 19 bod\u016f.<\/p>\n<p>V sobotu zaj\u00ed\u017ed\u00ed na Goodison Park rovn\u011b\u017e str\u00e1daj\u00edc\u00ed Leeds United, <span style=\"color: #0000ff;\"><strong>Up The Fucking Toffees<\/strong><\/span>!<\/p>\n<p><strong>Branky:<\/strong> 37. Mason Holgate (vl.), 56. Ryan Fraser, 80. Kieran Trippier &#8211; 36. Jamaal Lascelles (vl.)<\/p>\n<p><strong>\u017dK:<\/strong> 33. Jonjo Shelvey, 50. Fabian Sch\u00e4r &#8211; 14. Mason Holgate, 47. Andr\u00e9 Gomes, 79. Allan<\/p>\n<p><strong>Newcastle United:<\/strong> Martin D\u00fabravka, Kieran Trippier (90+1. Javi Manquillo), Fabian Sch\u00e4r, Jamaal Lascelles, Matt Targett, Jonjo Shelvey, Ryan Fraser (83. Jacob Murphy), Joseph Willock (90+1. Bruno Guimar\u00e3es), Allan Saint-Maximin, Chris Wood, Joelinton<\/p>\n<p><strong>Everton:<\/strong> Jordan Pickford, S\u00e9amus Coleman, Michael Keane, Yerry Mina (35. Jarrad Branthwaite), Mason Holgate, Andros Townsend, Allan, Andr\u00e9 Gomes (60. Donny van de Beek), Demarai Gray (25. Dele Alli), Richarlison, Anthony Gordon<\/p>\n<p><strong>Rozhod\u010d\u00ed: <\/strong>Anthony Taylor<\/p>\n<p><strong>Div\u00e1ci:<\/strong> 52 186<\/p>\n","protected":false},"excerpt":{"rendered":"<p>Je\u0161t\u011b si mysl\u00edte, \u017ee se Evertonu net\u00fdkaj\u00ed z\u00e1chran\u00e1\u0159sk\u00e9 boje? Tak v\u011bzte, \u017ee ano. Nav\u00edc po dne\u0161n\u00edm tristn\u00edm v\u00fdkonu na St James&#8216; Park by si na udr\u017een\u00ed Toffees vsadil jen bl\u00e1zen.<\/p>\n","protected":false},"author":6,"featured_media":17780,"comment_status":"open","ping_status":"closed","sticky":false,"template":"","format":"standard","meta":{"_eb_attr":"","_monsterinsights_skip_tracking":false,"_monsterinsights_sitenote_active":false,"_monsterinsights_sitenote_note":"","_monsterinsights_sitenote_category":0,"footnotes":""},"categories":[4],"tags":[],"yoast_head":"<!-- This site is optimized with the Yoast SEO plugin v23.4 - https:\/\/yoast.com\/wordpress\/plugins\/seo\/ -->\n<title>Newcastle United \u2013 Everton 3:1 - Official Czech &amp; Slovak Everton Supporters&#039; Club<\/title>\n<meta name=\"robots\" content=\"index, follow, max-snippet:-1, max-image-preview:large, max-video-preview:-1\" \/>\n<link rel=\"canonical\" href=\"https:\/\/evertonfc.cz\/index.php\/2022\/02\/08\/newcastle-united-everton-3-1\/\" \/>\n<meta property=\"og:locale\" content=\"cs_CZ\" \/>\n<meta property=\"og:type\" content=\"article\" \/>\n<meta property=\"og:title\" content=\"Newcastle United \u2013 Everton 3:1 - Official Czech &amp; Slovak Everton Supporters&#039; Club\" \/>\n<meta property=\"og:description\" content=\"Je\u0161t\u011b si mysl\u00edte, \u017ee se Evertonu net\u00fdkaj\u00ed z\u00e1chran\u00e1\u0159sk\u00e9 boje? Tak v\u011bzte, \u017ee ano. Nav\u00edc po dne\u0161n\u00edm tristn\u00edm v\u00fdkonu na St James&#039; Park by si na udr\u017een\u00ed Toffees vsadil jen bl\u00e1zen.\" \/>\n<meta property=\"og:url\" content=\"https:\/\/evertonfc.cz\/index.php\/2022\/02\/08\/newcastle-united-everton-3-1\/\" \/>\n<meta property=\"og:site_name\" content=\"Official Czech &amp; Slovak Everton Supporters&#039; Club\" \/>\n<meta property=\"article:publisher\" content=\"https:\/\/www.facebook.com\/everton.fans.cz.sk\" \/>\n<meta property=\"article:published_time\" content=\"2022-02-08T22:08:58+00:00\" \/>\n<meta property=\"article:modified_time\" content=\"2022-02-09T08:13:04+00:00\" \/>\n<meta property=\"og:image\" content=\"https:\/\/evertonfc.cz\/wp-content\/uploads\/2022\/02\/newcastle_8_2_2022.png\" \/>\n\t<meta property=\"og:image:width\" content=\"720\" \/>\n\t<meta property=\"og:image:height\" content=\"405\" \/>\n\t<meta property=\"og:image:type\" content=\"image\/png\" \/>\n<meta name=\"author\" content=\"Ri\u010di\" \/>\n<meta name=\"twitter:card\" content=\"summary_large_image\" \/>\n<meta name=\"twitter:creator\" content=\"@rbrejsa\" \/>\n<meta name=\"twitter:label1\" content=\"Napsal(a)\" \/>\n\t<meta name=\"twitter:data1\" content=\"Ri\u010di\" \/>\n\t<meta name=\"twitter:label2\" content=\"Odhadovan\u00e1 doba \u010dten\u00ed\" \/>\n\t<meta name=\"twitter:data2\" content=\"4 minuty\" \/>\n<script type=\"application\/ld+json\" class=\"yoast-schema-graph\">{\"@context\":\"https:\/\/schema.org\",\"@graph\":[{\"@type\":\"Article\",\"@id\":\"https:\/\/evertonfc.cz\/index.php\/2022\/02\/08\/newcastle-united-everton-3-1\/#article\",\"isPartOf\":{\"@id\":\"https:\/\/evertonfc.cz\/index.php\/2022\/02\/08\/newcastle-united-everton-3-1\/\"},\"author\":{\"name\":\"Ri\u010di\",\"@id\":\"https:\/\/evertonfc.cz\/#\/schema\/person\/f7a5daedb2ffee98480bc70e191aaef1\"},\"headline\":\"Newcastle United \u2013 Everton 3:1\",\"datePublished\":\"2022-02-08T22:08:58+00:00\",\"dateModified\":\"2022-02-09T08:13:04+00:00\",\"mainEntityOfPage\":{\"@id\":\"https:\/\/evertonfc.cz\/index.php\/2022\/02\/08\/newcastle-united-everton-3-1\/\"},\"wordCount\":745,\"commentCount\":10,\"publisher\":{\"@id\":\"https:\/\/evertonfc.cz\/#organization\"},\"image\":{\"@id\":\"https:\/\/evertonfc.cz\/index.php\/2022\/02\/08\/newcastle-united-everton-3-1\/#primaryimage\"},\"thumbnailUrl\":\"https:\/\/evertonfc.cz\/wp-content\/uploads\/2022\/02\/newcastle_8_2_2022.png\",\"articleSection\":[\"Z\u00e1pasy\"],\"inLanguage\":\"cs\",\"potentialAction\":[{\"@type\":\"CommentAction\",\"name\":\"Comment\",\"target\":[\"https:\/\/evertonfc.cz\/index.php\/2022\/02\/08\/newcastle-united-everton-3-1\/#respond\"]}]},{\"@type\":\"WebPage\",\"@id\":\"https:\/\/evertonfc.cz\/index.php\/2022\/02\/08\/newcastle-united-everton-3-1\/\",\"url\":\"https:\/\/evertonfc.cz\/index.php\/2022\/02\/08\/newcastle-united-everton-3-1\/\",\"name\":\"Newcastle United \u2013 Everton 3:1 - Official Czech &amp; Slovak Everton Supporters&#039; Club\",\"isPartOf\":{\"@id\":\"https:\/\/evertonfc.cz\/#website\"},\"primaryImageOfPage\":{\"@id\":\"https:\/\/evertonfc.cz\/index.php\/2022\/02\/08\/newcastle-united-everton-3-1\/#primaryimage\"},\"image\":{\"@id\":\"https:\/\/evertonfc.cz\/index.php\/2022\/02\/08\/newcastle-united-everton-3-1\/#primaryimage\"},\"thumbnailUrl\":\"https:\/\/evertonfc.cz\/wp-content\/uploads\/2022\/02\/newcastle_8_2_2022.png\",\"datePublished\":\"2022-02-08T22:08:58+00:00\",\"dateModified\":\"2022-02-09T08:13:04+00:00\",\"breadcrumb\":{\"@id\":\"https:\/\/evertonfc.cz\/index.php\/2022\/02\/08\/newcastle-united-everton-3-1\/#breadcrumb\"},\"inLanguage\":\"cs\",\"potentialAction\":[{\"@type\":\"ReadAction\",\"target\":[\"https:\/\/evertonfc.cz\/index.php\/2022\/02\/08\/newcastle-united-everton-3-1\/\"]}]},{\"@type\":\"ImageObject\",\"inLanguage\":\"cs\",\"@id\":\"https:\/\/evertonfc.cz\/index.php\/2022\/02\/08\/newcastle-united-everton-3-1\/#primaryimage\",\"url\":\"https:\/\/evertonfc.cz\/wp-content\/uploads\/2022\/02\/newcastle_8_2_2022.png\",\"contentUrl\":\"https:\/\/evertonfc.cz\/wp-content\/uploads\/2022\/02\/newcastle_8_2_2022.png\",\"width\":720,\"height\":405},{\"@type\":\"BreadcrumbList\",\"@id\":\"https:\/\/evertonfc.cz\/index.php\/2022\/02\/08\/newcastle-united-everton-3-1\/#breadcrumb\",\"itemListElement\":[{\"@type\":\"ListItem\",\"position\":1,\"name\":\"Home\",\"item\":\"https:\/\/evertonfc.cz\/\"},{\"@type\":\"ListItem\",\"position\":2,\"name\":\"Newcastle United \u2013 Everton 3:1\"}]},{\"@type\":\"WebSite\",\"@id\":\"https:\/\/evertonfc.cz\/#website\",\"url\":\"https:\/\/evertonfc.cz\/\",\"name\":\"Official Czech &amp; Slovak Everton Supporters&#039; Club\",\"description\":\"\",\"publisher\":{\"@id\":\"https:\/\/evertonfc.cz\/#organization\"},\"potentialAction\":[{\"@type\":\"SearchAction\",\"target\":{\"@type\":\"EntryPoint\",\"urlTemplate\":\"https:\/\/evertonfc.cz\/?s={search_term_string}\"},\"query-input\":{\"@type\":\"PropertyValueSpecification\",\"valueRequired\":true,\"valueName\":\"search_term_string\"}}],\"inLanguage\":\"cs\"},{\"@type\":\"Organization\",\"@id\":\"https:\/\/evertonfc.cz\/#organization\",\"name\":\"Official Czech & Slovak Everton Supporters' Club\",\"url\":\"https:\/\/evertonfc.cz\/\",\"logo\":{\"@type\":\"ImageObject\",\"inLanguage\":\"cs\",\"@id\":\"https:\/\/evertonfc.cz\/#\/schema\/logo\/image\/\",\"url\":\"https:\/\/evertonfc.cz\/wp-content\/uploads\/2019\/05\/logo.png\",\"contentUrl\":\"https:\/\/evertonfc.cz\/wp-content\/uploads\/2019\/05\/logo.png\",\"width\":112,\"height\":112,\"caption\":\"Official Czech & Slovak Everton Supporters' Club\"},\"image\":{\"@id\":\"https:\/\/evertonfc.cz\/#\/schema\/logo\/image\/\"},\"sameAs\":[\"https:\/\/www.facebook.com\/everton.fans.cz.sk\"]},{\"@type\":\"Person\",\"@id\":\"https:\/\/evertonfc.cz\/#\/schema\/person\/f7a5daedb2ffee98480bc70e191aaef1\",\"name\":\"Ri\u010di\",\"sameAs\":[\"https:\/\/x.com\/rbrejsa\"],\"url\":\"https:\/\/evertonfc.cz\/index.php\/author\/rici\/\"}]}<\/script>\n<!-- \/ Yoast SEO plugin. -->","yoast_head_json":{"title":"Newcastle United \u2013 Everton 3:1 - Official Czech &amp; Slovak Everton Supporters&#039; Club","robots":{"index":"index","follow":"follow","max-snippet":"max-snippet:-1","max-image-preview":"max-image-preview:large","max-video-preview":"max-video-preview:-1"},"canonical":"https:\/\/evertonfc.cz\/index.php\/2022\/02\/08\/newcastle-united-everton-3-1\/","og_locale":"cs_CZ","og_type":"article","og_title":"Newcastle United \u2013 Everton 3:1 - Official Czech &amp; Slovak Everton Supporters&#039; Club","og_description":"Je\u0161t\u011b si mysl\u00edte, \u017ee se Evertonu net\u00fdkaj\u00ed z\u00e1chran\u00e1\u0159sk\u00e9 boje? Tak v\u011bzte, \u017ee ano. Nav\u00edc po dne\u0161n\u00edm tristn\u00edm v\u00fdkonu na St James' Park by si na udr\u017een\u00ed Toffees vsadil jen bl\u00e1zen.","og_url":"https:\/\/evertonfc.cz\/index.php\/2022\/02\/08\/newcastle-united-everton-3-1\/","og_site_name":"Official Czech &amp; Slovak Everton Supporters&#039; Club","article_publisher":"https:\/\/www.facebook.com\/everton.fans.cz.sk","article_published_time":"2022-02-08T22:08:58+00:00","article_modified_time":"2022-02-09T08:13:04+00:00","og_image":[{"width":720,"height":405,"url":"https:\/\/evertonfc.cz\/wp-content\/uploads\/2022\/02\/newcastle_8_2_2022.png","type":"image\/png"}],"author":"Ri\u010di","twitter_card":"summary_large_image","twitter_creator":"@rbrejsa","twitter_misc":{"Napsal(a)":"Ri\u010di","Odhadovan\u00e1 doba \u010dten\u00ed":"4 minuty"},"schema":{"@context":"https:\/\/schema.org","@graph":[{"@type":"Article","@id":"https:\/\/evertonfc.cz\/index.php\/2022\/02\/08\/newcastle-united-everton-3-1\/#article","isPartOf":{"@id":"https:\/\/evertonfc.cz\/index.php\/2022\/02\/08\/newcastle-united-everton-3-1\/"},"author":{"name":"Ri\u010di","@id":"https:\/\/evertonfc.cz\/#\/schema\/person\/f7a5daedb2ffee98480bc70e191aaef1"},"headline":"Newcastle United \u2013 Everton 3:1","datePublished":"2022-02-08T22:08:58+00:00","dateModified":"2022-02-09T08:13:04+00:00","mainEntityOfPage":{"@id":"https:\/\/evertonfc.cz\/index.php\/2022\/02\/08\/newcastle-united-everton-3-1\/"},"wordCount":745,"commentCount":10,"publisher":{"@id":"https:\/\/evertonfc.cz\/#organization"},"image":{"@id":"https:\/\/evertonfc.cz\/index.php\/2022\/02\/08\/newcastle-united-everton-3-1\/#primaryimage"},"thumbnailUrl":"https:\/\/evertonfc.cz\/wp-content\/uploads\/2022\/02\/newcastle_8_2_2022.png","articleSection":["Z\u00e1pasy"],"inLanguage":"cs","potentialAction":[{"@type":"CommentAction","name":"Comment","target":["https:\/\/evertonfc.cz\/index.php\/2022\/02\/08\/newcastle-united-everton-3-1\/#respond"]}]},{"@type":"WebPage","@id":"https:\/\/evertonfc.cz\/index.php\/2022\/02\/08\/newcastle-united-everton-3-1\/","url":"https:\/\/evertonfc.cz\/index.php\/2022\/02\/08\/newcastle-united-everton-3-1\/","name":"Newcastle United \u2013 Everton 3:1 - Official Czech &amp; Slovak Everton Supporters&#039; Club","isPartOf":{"@id":"https:\/\/evertonfc.cz\/#website"},"primaryImageOfPage":{"@id":"https:\/\/evertonfc.cz\/index.php\/2022\/02\/08\/newcastle-united-everton-3-1\/#primaryimage"},"image":{"@id":"https:\/\/evertonfc.cz\/index.php\/2022\/02\/08\/newcastle-united-everton-3-1\/#primaryimage"},"thumbnailUrl":"https:\/\/evertonfc.cz\/wp-content\/uploads\/2022\/02\/newcastle_8_2_2022.png","datePublished":"2022-02-08T22:08:58+00:00","dateModified":"2022-02-09T08:13:04+00:00","breadcrumb":{"@id":"https:\/\/evertonfc.cz\/index.php\/2022\/02\/08\/newcastle-united-everton-3-1\/#breadcrumb"},"inLanguage":"cs","potentialAction":[{"@type":"ReadAction","target":["https:\/\/evertonfc.cz\/index.php\/2022\/02\/08\/newcastle-united-everton-3-1\/"]}]},{"@type":"ImageObject","inLanguage":"cs","@id":"https:\/\/evertonfc.cz\/index.php\/2022\/02\/08\/newcastle-united-everton-3-1\/#primaryimage","url":"https:\/\/evertonfc.cz\/wp-content\/uploads\/2022\/02\/newcastle_8_2_2022.png","contentUrl":"https:\/\/evertonfc.cz\/wp-content\/uploads\/2022\/02\/newcastle_8_2_2022.png","width":720,"height":405},{"@type":"BreadcrumbList","@id":"https:\/\/evertonfc.cz\/index.php\/2022\/02\/08\/newcastle-united-everton-3-1\/#breadcrumb","itemListElement":[{"@type":"ListItem","position":1,"name":"Home","item":"https:\/\/evertonfc.cz\/"},{"@type":"ListItem","position":2,"name":"Newcastle United \u2013 Everton 3:1"}]},{"@type":"WebSite","@id":"https:\/\/evertonfc.cz\/#website","url":"https:\/\/evertonfc.cz\/","name":"Official Czech &amp; Slovak Everton Supporters&#039; Club","description":"","publisher":{"@id":"https:\/\/evertonfc.cz\/#organization"},"potentialAction":[{"@type":"SearchAction","target":{"@type":"EntryPoint","urlTemplate":"https:\/\/evertonfc.cz\/?s={search_term_string}"},"query-input":{"@type":"PropertyValueSpecification","valueRequired":true,"valueName":"search_term_string"}}],"inLanguage":"cs"},{"@type":"Organization","@id":"https:\/\/evertonfc.cz\/#organization","name":"Official Czech & Slovak Everton Supporters' Club","url":"https:\/\/evertonfc.cz\/","logo":{"@type":"ImageObject","inLanguage":"cs","@id":"https:\/\/evertonfc.cz\/#\/schema\/logo\/image\/","url":"https:\/\/evertonfc.cz\/wp-content\/uploads\/2019\/05\/logo.png","contentUrl":"https:\/\/evertonfc.cz\/wp-content\/uploads\/2019\/05\/logo.png","width":112,"height":112,"caption":"Official Czech & Slovak Everton Supporters' Club"},"image":{"@id":"https:\/\/evertonfc.cz\/#\/schema\/logo\/image\/"},"sameAs":["https:\/\/www.facebook.com\/everton.fans.cz.sk"]},{"@type":"Person","@id":"https:\/\/evertonfc.cz\/#\/schema\/person\/f7a5daedb2ffee98480bc70e191aaef1","name":"Ri\u010di","sameAs":["https:\/\/x.com\/rbrejsa"],"url":"https:\/\/evertonfc.cz\/index.php\/author\/rici\/"}]}},"_links":{"self":[{"href":"https:\/\/evertonfc.cz\/index.php\/wp-json\/wp\/v2\/posts\/17781"}],"collection":[{"href":"https:\/\/evertonfc.cz\/index.php\/wp-json\/wp\/v2\/posts"}],"about":[{"href":"https:\/\/evertonfc.cz\/index.php\/wp-json\/wp\/v2\/types\/post"}],"author":[{"embeddable":true,"href":"https:\/\/evertonfc.cz\/index.php\/wp-json\/wp\/v2\/users\/6"}],"replies":[{"embeddable":true,"href":"https:\/\/evertonfc.cz\/index.php\/wp-json\/wp\/v2\/comments?post=17781"}],"version-history":[{"count":7,"href":"https:\/\/evertonfc.cz\/index.php\/wp-json\/wp\/v2\/posts\/17781\/revisions"}],"predecessor-version":[{"id":17789,"href":"https:\/\/evertonfc.cz\/index.php\/wp-json\/wp\/v2\/posts\/17781\/revisions\/17789"}],"wp:featuredmedia":[{"embeddable":true,"href":"https:\/\/evertonfc.cz\/index.php\/wp-json\/wp\/v2\/media\/17780"}],"wp:attachment":[{"href":"https:\/\/evertonfc.cz\/index.php\/wp-json\/wp\/v2\/media?parent=17781"}],"wp:term":[{"taxonomy":"category","embeddable":true,"href":"https:\/\/evertonfc.cz\/index.php\/wp-json\/wp\/v2\/categories?post=17781"},{"taxonomy":"post_tag","embeddable":true,"href":"https:\/\/evertonfc.cz\/index.php\/wp-json\/wp\/v2\/tags?post=17781"}],"curies":[{"name":"wp","href":"https:\/\/api.w.org\/{rel}","templated":true}]}}