{"id":17872,"date":"2022-02-19T13:49:22","date_gmt":"2022-02-19T12:49:22","guid":{"rendered":"https:\/\/evertonfc.cz\/?p=17872"},"modified":"2022-02-19T13:53:46","modified_gmt":"2022-02-19T12:53:46","slug":"preview-southampton-everton-10","status":"publish","type":"post","link":"https:\/\/evertonfc.cz\/index.php\/2022\/02\/19\/preview-southampton-everton-10\/","title":{"rendered":"Preview: Southampton \u2013 Everton"},"content":{"rendered":"<h4>Revitalizovan\u00ed Sv\u00e4tci priv\u00edtaj\u00fa za vetern\u00e9ho d\u0148a znovuzroden\u00e9 Karamelky. Nasved\u010duj\u00fa tomu tak posledn\u00e9 v\u00fdsledky oboch klubov. Dom\u00e1ci s\u00fa v\u0161ak presved\u010divej\u0161\u00ed.<\/h4>\n<p>Zato Everton, ten d\u00fafa, \u017ee posledn\u00e9 dve divadl\u00e1 pred dom\u00e1cim publikom neboli len predstavenia v\u00a0pravom slova zmysle, ale i\u0161lo o\u00a0re\u00e1lnu uk\u00e1\u017eku novonadobudnutej viery vo vlastn\u00e9 schopnosti, a\u00a0prehra na St James\u2018 Parku bola len nevyspytate\u013en\u00fdm artiklom v\u00a0tvrdom boji o\u00a0zotrvanie v\u00a0najvy\u0161\u0161ej s\u00fa\u0165a\u017ei.<\/p>\n<p>Ist\u00e9 fakty hovoria v\u0161ak jasnou re\u010dou. Lampard zatia\u013e mu\u017estvo zlep\u0161uje. \u0160tandardn\u00e9 situ\u00e1cie, tvorba \u0161anc\u00ed, medzihra, pressing, br\u00e1nenie. U\u017e to len treba potvrdi\u0165 s\u00e9riou dobr\u00fdch v\u00fdsledkov. A\u00a0Southampton sa n\u00faka ako posledn\u00e1 pr\u00edle\u017eitos\u0165 pred n\u00e1ro\u010dn\u00fdm ligov\u00fdm dvojz\u00e1pasom doma so City a\u00a0vonku so Spurs.<\/p>\n<h4><strong>Postupne sa lie\u010dime<\/strong><\/h4>\n<p>Dobr\u00e9 spr\u00e1vy z\u00a0Finch Farm hovoria o\u00a0skor\u0161om n\u00e1vrate Doucour\u00e9ho. Jeho absencia sa p\u00f4vodne predpokladala na dva mesiace, ale Franc\u00faz po zranen\u00ed slab\u00edn u\u017e intenz\u00edvne tr\u00e9nuje s\u00e1m a\u00a0pomaly sa zap\u00e1ja aj do skupinov\u00fdch tr\u00e9ningov. Lampard ver\u00ed, \u017ee proti \u00faraduj\u00facim \u0161ampi\u00f3nom by mohol by\u0165 pripraven\u00fd.<\/p>\n<p>\u010co sa t\u00fdka Yerryho Minu, tam tak\u00fd optimizmus nepanuje. Ale pozit\u00edvom je, \u017ee nemus\u00ed \u00eds\u0165 na chirurgick\u00fd z\u00e1krok. S nadtrhnut\u00edm ne\u0161pecifikovanej \u0161\u013eachy kvadricepsu u\u017e za\u010dal rehabilit\u00e1ciu. Frank s n\u00edm ur\u010dite na dlh\u0161ie obdobie nepo\u010d\u00edta: <em>\u201eOper\u00e1cia to nebude, ale bude s t\u00fdm ve\u013ea pr\u00e1ce v z\u00e1kulis\u00ed. Je zrejm\u00e9, \u017ee je to dlhodob\u00e9 zranenie, tak\u017ee Yerry bude potrebova\u0165 nejak\u00fd \u010das, aby si ob\u010das odd\u00fdchol aj psychicky.\u201c<\/em><\/p>\n<p>Ako sme u\u017e informovali, Davies si do konca sez\u00f3ny nezahr\u00e1, a Delph s Godfreym to maj\u00fa e\u0161te na 2\/3 t\u00fd\u017edne. Mykolenko sa vylie\u010dil z covidu-19 a dnes si m\u00f4\u017ee zahra\u0165. To ist\u00e9 ale neplat\u00ed o Grayovi. N\u00e1kup sez\u00f3ny e\u0161te potrebuje da\u0165 bedrov\u00e9mu k\u013abu oddych, tak\u017ee ho uvid\u00edme najsk\u00f4r o t\u00fd\u017ede\u0148 v Goodison Parku.<\/p>\n<h4><strong>Frank Lampard o\u00a0zostave:<\/strong><\/h4>\n<blockquote><p><span style=\"font-size: 12pt;\"><em>\u201eMus\u00edm sa rozhodn\u00fa\u0165 a cel\u00fd tento t\u00fd\u017ede\u0148 sme o tom prem\u00fd\u0161\u013eali. Existuje argument, pre\u010do \u00eds\u0165 znova s t\u00fdm ist\u00fdm t\u00edmom \u2013 podobne sme to c\u00edtili aj pred n\u00e1v\u0161tevou Newcastlu a nefungovalo to \u00faplne. Nie je to teda kon\u0161tatovanie, \u017ee ni\u010d nezmen\u00edme. V\u0161etci hr\u00e1\u010di musia po\u010das t\u00fd\u017ed\u0148a c\u00edti\u0165, \u017ee si m\u00f4\u017eu n\u00e1js\u0165 cestu do t\u00edmu, alebo \u017ee mus\u00edme zmeni\u0165 n\u00e1\u0161 pr\u00edstup k s\u00faperovi, preto\u017ee od Leedsu k Southamptonu, to s\u00fa dva ve\u013emi dobr\u00e9 t\u00edmy v mnoh\u00fdch odli\u0161n\u00fdch smeroch. Budem to zva\u017eova\u0165 za pochodu. Dobr\u00e1 vec je, \u017ee m\u00e1me hr\u00e1\u010dov, ktor\u00ed hraj\u00fa dobre, a m\u00e1me hr\u00e1\u010dov, ktor\u00ed s\u00fa hladn\u00ed po \u0161anci dosta\u0165 sa do t\u00edmu. A to je presne to prostredie, ktor\u00e9 chcete ma\u0165.\u201c<\/em><\/span><\/p><\/blockquote>\n<h4><strong>Pokropen\u00ed sv\u00e4tou vodou<\/strong><\/h4>\n<p>Ralph Hasenh\u00fcttl to u\u017e mal nieko\u013ekokr\u00e1t riadne nahnut\u00e9. P\u00e1r v\u00fdpraskov 0:9 a\u00a0svet sa zdal straten\u00fd. Len\u017ee viera ostala a\u00a0teraz \u017ene \u00faspechy. Len jedna prehra v\u00a0posledn\u00fdch desiatich z\u00e1pasoch ich po zlom \u0161tarte do sez\u00f3ny katapultovala do top desiatky Premier League a\u00a0tie\u017e do piateho kola FA Cupu.<\/p>\n<p>Bude to preto riadny test pre Everton. Sv\u00e4tci doma prehrali len jedin\u00fd kr\u00e1t, pri\u010dom Everton na ihrisku s\u00fapera nenazbieral pln\u00fd po\u010det bodov od augusta. Hor\u0161ie je na tom iba Burnley. Toto stretnutie netreba podce\u0148ova\u0165, a rem\u00edza bude ur\u010dite v\u00edtan\u00e1. Predsa len, vyhrali nad Tottenhamom a dok\u00e1zali remizova\u0165 so City i United.<\/p>\n<p>Ale na druhej strane, nepodce\u0148ujme ani vlastn\u00e9 schopnosti. Dom\u00e1ca v\u00fdhra v\u00a0otv\u00e1racom z\u00e1pase sez\u00f3ny e\u0161te pod Ben\u00edtezom 3:1 napoved\u00e1, \u017ee pri spr\u00e1vnom vetre m\u00e1me na v\u00fdhern\u00fa \u017eatvu. EFC by tak mohol proti Southampton vyhra\u0165 tri ligov\u00e9 z\u00e1pasy v\u00a0rade prv\u00fd raz od roku 1992, a\u00a0zaknihova\u0165 double po 20 rokoch.<\/p>\n<h4><strong>Ako nast\u00fapia?<\/strong><\/h4>\n<p>Kr\u00eddeln\u00edk Redmond u\u017e tr\u00e9nuje, a Bednarek s Elyounoussim s\u00fa u\u017e tie\u017e k dispoz\u00edcii. Tella, McCarthy a Lyanco si ale nezahraj\u00fa. Najlep\u0161\u00edmi ligov\u00fdmi strelcami so \u0161iestimi g\u00f3lmi je a\u017e trojica hr\u00e1\u010dov v porad\u00ed Ward-Prowse (4a), Adams (1a) a Armando Broja. Tento vysok\u00fd 20-ro\u010dn\u00fd alb\u00e1nsky po\u017ei\u010danec do \u00fatoku z Chelsea sa na ju\u017enom pobre\u017e\u00ed naozaj chytil. Je zatia\u013e skvelou n\u00e1hradou za dobr\u00fd obchod a odchod Dannyho Ingsa za \u00a330m do Aston Villy.<\/p>\n<p>Hasenh\u00fcttl vyzn\u00e1va syst\u00e9m 4-4-2, respekt\u00edve 4-2-2-2, kde v s\u00fa\u010dasnosti preferuje dvojicu Adams-Broja na hrote, podporovanej Armstrongom a Elyounoussim na krajoch. Nezab\u00fada\u0165 treba na Warda-Prowsea v strede, ktor\u00e9ho del\u00ed \u0161es\u0165 g\u00f3lov z priameho kopu od vyrovnania prvoligov\u00e9ho rekordu Davida Beckhama. Pep Guardiola dokonca vyhl\u00e1sil, \u017ee ho aktu\u00e1lne pova\u017euje za najlep\u0161ieho zahr\u00e1va\u010da \u0161tandardn\u00fdch situ\u00e1cii na svete. Tomu sa vrav\u00ed poklona.<\/p>\n<h4 style=\"text-align: center;\"><strong>\u0160tatistick\u00e9 okienko:<\/strong><\/h4>\n<ul>\n<li>V\u00ed\u0165azstvo Evertonu proti Leeds United bolo prv\u00fdm v lige pod veden\u00edm Franka Lamparda a iba druh\u00fdm v 16 z\u00e1pasoch najvy\u0161\u0161ej s\u00fa\u0165a\u017ee.<\/li>\n<li>Minul\u00fd v\u00edkend Everton sk\u00f3roval dvakr\u00e1t pred pol\u010dasom, prv\u00fdkr\u00e1t v 40 ligov\u00fdch z\u00e1pasoch po\u010das posledn\u00fdch dvan\u00e1stich mesiacov.<\/li>\n<li>V\u00ed\u0165azstvo nad Leedsom znamenalo aj prv\u00e9 \u010dist\u00e9 konto Evertonu v 11 z\u00e1pasoch Premier League, a to od za\u010diatku novembra 2021.<\/li>\n<li>The Toffees m\u00f4\u017eu prv\u00fdkr\u00e1t od septembra zaznamena\u0165 dve ligov\u00e9 v\u00ed\u0165azstv\u00e1 za sebou. Z\u00edskali v\u0161ak len dva body z posledn\u00fdch 27 mo\u017en\u00fdch na cest\u00e1ch (D2, L7).<\/li>\n<li>Frank Lampard by sa mohol sta\u0165 prv\u00fdm mana\u017e\u00e9rom Evertonu od \u010dias Mika Walkera v marci 1994, ktor\u00fd prehral prv\u00e9 dva z\u00e1pasy Premier League u s\u00fapera.<\/li>\n<li>Richarlison strelil p\u00e4\u0165 g\u00f3lov v posledn\u00fdch \u0161iestich z\u00e1pasoch Premier League proti Southamptonu. Dele Alli sa priamo podie\u013eal na deviatich g\u00f3loch (kari\u00e9rne maximum) v Premier League proti Southamptonu, pri\u010dom p\u00e4\u0165 strelil a na \u0161tyri prihral.<\/li>\n<li>Southampton m\u00e1 13-z\u00e1pasov\u00fa \u0161n\u00faru bez \u010dist\u00e9ho konta, moment\u00e1lne najdlh\u0161iu v Premier League. Prv\u00fdkr\u00e1t v tej istej sez\u00f3ne m\u00f4\u017eu odohra\u0165 14 z\u00e1pasov bez \u010dist\u00e9ho konta.<\/li>\n<\/ul>\n<h3 style=\"text-align: center;\"><span style=\"color: #3366ff;\"><em><strong>Up The Toffees !!!<\/strong><\/em><\/span><\/h3>\n<p><strong>\u010co:<\/strong> Southampton FC \u2013 Everton FC, 26. kolo Premier League<br \/>\n<strong>Kedy:<\/strong> 19.2. 2022 od 16:00 SE\u010c<br \/>\n<strong>Ako:<\/strong> \u017eiadny priamy prenos, ani z\u00e1znam<br \/>\n<strong>Kde:<\/strong> St, Mary\u2018s \u2013 Britannia Rd, Southampton SO14 5FP (kapacita: 32 505)<br \/>\n<strong>Rozhodca:<\/strong> Andy Madley \u00a0<strong>Asistenti:<\/strong> D. Cann, W. Smith \u00a0<strong>\u0160tvrt\u00fd rozhodca:<\/strong> K. Stroud<br \/>\n<strong>VAR: <\/strong>Andre Marriner \u00a0<strong>Asistent VAR: <\/strong>Simon Bennett<\/p>\n","protected":false},"excerpt":{"rendered":"<p>Revitalizovan\u00ed Sv\u00e4tci priv\u00edtaj\u00fa za vetern\u00e9ho d\u0148a znovuzroden\u00e9 Karamelky. Nasved\u010duj\u00fa tomu tak posledn\u00e9 v\u00fdsledky oboch klubov. Dom\u00e1ci s\u00fa v\u0161ak presved\u010divej\u0161\u00ed.<\/p>\n","protected":false},"author":1,"featured_media":12698,"comment_status":"open","ping_status":"closed","sticky":false,"template":"","format":"standard","meta":{"_eb_attr":"","_monsterinsights_skip_tracking":false,"_monsterinsights_sitenote_active":false,"_monsterinsights_sitenote_note":"","_monsterinsights_sitenote_category":0,"footnotes":""},"categories":[4],"tags":[],"yoast_head":"<!-- This site is optimized with the Yoast SEO plugin v23.4 - https:\/\/yoast.com\/wordpress\/plugins\/seo\/ -->\n<title>Preview: Southampton \u2013 Everton - Official Czech &amp; Slovak Everton Supporters&#039; Club<\/title>\n<meta name=\"robots\" content=\"index, follow, max-snippet:-1, max-image-preview:large, max-video-preview:-1\" \/>\n<link rel=\"canonical\" href=\"https:\/\/evertonfc.cz\/index.php\/2022\/02\/19\/preview-southampton-everton-10\/\" \/>\n<meta property=\"og:locale\" content=\"cs_CZ\" \/>\n<meta property=\"og:type\" content=\"article\" \/>\n<meta property=\"og:title\" content=\"Preview: Southampton \u2013 Everton - Official Czech &amp; Slovak Everton Supporters&#039; Club\" \/>\n<meta property=\"og:description\" content=\"Revitalizovan\u00ed Sv\u00e4tci priv\u00edtaj\u00fa za vetern\u00e9ho d\u0148a znovuzroden\u00e9 Karamelky. Nasved\u010duj\u00fa tomu tak posledn\u00e9 v\u00fdsledky oboch klubov. Dom\u00e1ci s\u00fa v\u0161ak presved\u010divej\u0161\u00ed.\" \/>\n<meta property=\"og:url\" content=\"https:\/\/evertonfc.cz\/index.php\/2022\/02\/19\/preview-southampton-everton-10\/\" \/>\n<meta property=\"og:site_name\" content=\"Official Czech &amp; Slovak Everton Supporters&#039; Club\" \/>\n<meta property=\"article:publisher\" content=\"https:\/\/www.facebook.com\/everton.fans.cz.sk\" \/>\n<meta property=\"article:published_time\" content=\"2022-02-19T12:49:22+00:00\" \/>\n<meta property=\"article:modified_time\" content=\"2022-02-19T12:53:46+00:00\" \/>\n<meta property=\"og:image\" content=\"https:\/\/evertonfc.cz\/wp-content\/uploads\/2020\/10\/Southampton-VS-Everton-25-10-2020.png.jpg\" \/>\n\t<meta property=\"og:image:width\" content=\"720\" \/>\n\t<meta property=\"og:image:height\" content=\"405\" \/>\n\t<meta property=\"og:image:type\" content=\"image\/jpeg\" \/>\n<meta name=\"author\" content=\"BlueBlooded\" \/>\n<meta name=\"twitter:card\" content=\"summary_large_image\" \/>\n<meta name=\"twitter:label1\" content=\"Napsal(a)\" \/>\n\t<meta name=\"twitter:data1\" content=\"BlueBlooded\" \/>\n\t<meta name=\"twitter:label2\" content=\"Odhadovan\u00e1 doba \u010dten\u00ed\" \/>\n\t<meta name=\"twitter:data2\" content=\"5 minut\" \/>\n<script type=\"application\/ld+json\" class=\"yoast-schema-graph\">{\"@context\":\"https:\/\/schema.org\",\"@graph\":[{\"@type\":\"Article\",\"@id\":\"https:\/\/evertonfc.cz\/index.php\/2022\/02\/19\/preview-southampton-everton-10\/#article\",\"isPartOf\":{\"@id\":\"https:\/\/evertonfc.cz\/index.php\/2022\/02\/19\/preview-southampton-everton-10\/\"},\"author\":{\"name\":\"BlueBlooded\",\"@id\":\"https:\/\/evertonfc.cz\/#\/schema\/person\/d4493b8cbea51532597fbc4685698916\"},\"headline\":\"Preview: Southampton \u2013 Everton\",\"datePublished\":\"2022-02-19T12:49:22+00:00\",\"dateModified\":\"2022-02-19T12:53:46+00:00\",\"mainEntityOfPage\":{\"@id\":\"https:\/\/evertonfc.cz\/index.php\/2022\/02\/19\/preview-southampton-everton-10\/\"},\"wordCount\":1122,\"commentCount\":8,\"publisher\":{\"@id\":\"https:\/\/evertonfc.cz\/#organization\"},\"image\":{\"@id\":\"https:\/\/evertonfc.cz\/index.php\/2022\/02\/19\/preview-southampton-everton-10\/#primaryimage\"},\"thumbnailUrl\":\"https:\/\/evertonfc.cz\/wp-content\/uploads\/2020\/10\/Southampton-VS-Everton-25-10-2020.png.jpg\",\"articleSection\":[\"Z\u00e1pasy\"],\"inLanguage\":\"cs\",\"potentialAction\":[{\"@type\":\"CommentAction\",\"name\":\"Comment\",\"target\":[\"https:\/\/evertonfc.cz\/index.php\/2022\/02\/19\/preview-southampton-everton-10\/#respond\"]}]},{\"@type\":\"WebPage\",\"@id\":\"https:\/\/evertonfc.cz\/index.php\/2022\/02\/19\/preview-southampton-everton-10\/\",\"url\":\"https:\/\/evertonfc.cz\/index.php\/2022\/02\/19\/preview-southampton-everton-10\/\",\"name\":\"Preview: Southampton \u2013 Everton - Official Czech &amp; Slovak Everton Supporters&#039; Club\",\"isPartOf\":{\"@id\":\"https:\/\/evertonfc.cz\/#website\"},\"primaryImageOfPage\":{\"@id\":\"https:\/\/evertonfc.cz\/index.php\/2022\/02\/19\/preview-southampton-everton-10\/#primaryimage\"},\"image\":{\"@id\":\"https:\/\/evertonfc.cz\/index.php\/2022\/02\/19\/preview-southampton-everton-10\/#primaryimage\"},\"thumbnailUrl\":\"https:\/\/evertonfc.cz\/wp-content\/uploads\/2020\/10\/Southampton-VS-Everton-25-10-2020.png.jpg\",\"datePublished\":\"2022-02-19T12:49:22+00:00\",\"dateModified\":\"2022-02-19T12:53:46+00:00\",\"breadcrumb\":{\"@id\":\"https:\/\/evertonfc.cz\/index.php\/2022\/02\/19\/preview-southampton-everton-10\/#breadcrumb\"},\"inLanguage\":\"cs\",\"potentialAction\":[{\"@type\":\"ReadAction\",\"target\":[\"https:\/\/evertonfc.cz\/index.php\/2022\/02\/19\/preview-southampton-everton-10\/\"]}]},{\"@type\":\"ImageObject\",\"inLanguage\":\"cs\",\"@id\":\"https:\/\/evertonfc.cz\/index.php\/2022\/02\/19\/preview-southampton-everton-10\/#primaryimage\",\"url\":\"https:\/\/evertonfc.cz\/wp-content\/uploads\/2020\/10\/Southampton-VS-Everton-25-10-2020.png.jpg\",\"contentUrl\":\"https:\/\/evertonfc.cz\/wp-content\/uploads\/2020\/10\/Southampton-VS-Everton-25-10-2020.png.jpg\",\"width\":720,\"height\":405},{\"@type\":\"BreadcrumbList\",\"@id\":\"https:\/\/evertonfc.cz\/index.php\/2022\/02\/19\/preview-southampton-everton-10\/#breadcrumb\",\"itemListElement\":[{\"@type\":\"ListItem\",\"position\":1,\"name\":\"Home\",\"item\":\"https:\/\/evertonfc.cz\/\"},{\"@type\":\"ListItem\",\"position\":2,\"name\":\"Preview: Southampton \u2013 Everton\"}]},{\"@type\":\"WebSite\",\"@id\":\"https:\/\/evertonfc.cz\/#website\",\"url\":\"https:\/\/evertonfc.cz\/\",\"name\":\"Official Czech &amp; Slovak Everton Supporters&#039; Club\",\"description\":\"\",\"publisher\":{\"@id\":\"https:\/\/evertonfc.cz\/#organization\"},\"potentialAction\":[{\"@type\":\"SearchAction\",\"target\":{\"@type\":\"EntryPoint\",\"urlTemplate\":\"https:\/\/evertonfc.cz\/?s={search_term_string}\"},\"query-input\":{\"@type\":\"PropertyValueSpecification\",\"valueRequired\":true,\"valueName\":\"search_term_string\"}}],\"inLanguage\":\"cs\"},{\"@type\":\"Organization\",\"@id\":\"https:\/\/evertonfc.cz\/#organization\",\"name\":\"Official Czech & Slovak Everton Supporters' Club\",\"url\":\"https:\/\/evertonfc.cz\/\",\"logo\":{\"@type\":\"ImageObject\",\"inLanguage\":\"cs\",\"@id\":\"https:\/\/evertonfc.cz\/#\/schema\/logo\/image\/\",\"url\":\"https:\/\/evertonfc.cz\/wp-content\/uploads\/2019\/05\/logo.png\",\"contentUrl\":\"https:\/\/evertonfc.cz\/wp-content\/uploads\/2019\/05\/logo.png\",\"width\":112,\"height\":112,\"caption\":\"Official Czech & Slovak Everton Supporters' Club\"},\"image\":{\"@id\":\"https:\/\/evertonfc.cz\/#\/schema\/logo\/image\/\"},\"sameAs\":[\"https:\/\/www.facebook.com\/everton.fans.cz.sk\"]},{\"@type\":\"Person\",\"@id\":\"https:\/\/evertonfc.cz\/#\/schema\/person\/d4493b8cbea51532597fbc4685698916\",\"name\":\"BlueBlooded\",\"url\":\"https:\/\/evertonfc.cz\/index.php\/author\/admin\/\"}]}<\/script>\n<!-- \/ Yoast SEO plugin. -->","yoast_head_json":{"title":"Preview: Southampton \u2013 Everton - Official Czech &amp; Slovak Everton Supporters&#039; Club","robots":{"index":"index","follow":"follow","max-snippet":"max-snippet:-1","max-image-preview":"max-image-preview:large","max-video-preview":"max-video-preview:-1"},"canonical":"https:\/\/evertonfc.cz\/index.php\/2022\/02\/19\/preview-southampton-everton-10\/","og_locale":"cs_CZ","og_type":"article","og_title":"Preview: Southampton \u2013 Everton - Official Czech &amp; Slovak Everton Supporters&#039; Club","og_description":"Revitalizovan\u00ed Sv\u00e4tci priv\u00edtaj\u00fa za vetern\u00e9ho d\u0148a znovuzroden\u00e9 Karamelky. Nasved\u010duj\u00fa tomu tak posledn\u00e9 v\u00fdsledky oboch klubov. Dom\u00e1ci s\u00fa v\u0161ak presved\u010divej\u0161\u00ed.","og_url":"https:\/\/evertonfc.cz\/index.php\/2022\/02\/19\/preview-southampton-everton-10\/","og_site_name":"Official Czech &amp; Slovak Everton Supporters&#039; Club","article_publisher":"https:\/\/www.facebook.com\/everton.fans.cz.sk","article_published_time":"2022-02-19T12:49:22+00:00","article_modified_time":"2022-02-19T12:53:46+00:00","og_image":[{"width":720,"height":405,"url":"https:\/\/evertonfc.cz\/wp-content\/uploads\/2020\/10\/Southampton-VS-Everton-25-10-2020.png.jpg","type":"image\/jpeg"}],"author":"BlueBlooded","twitter_card":"summary_large_image","twitter_misc":{"Napsal(a)":"BlueBlooded","Odhadovan\u00e1 doba \u010dten\u00ed":"5 minut"},"schema":{"@context":"https:\/\/schema.org","@graph":[{"@type":"Article","@id":"https:\/\/evertonfc.cz\/index.php\/2022\/02\/19\/preview-southampton-everton-10\/#article","isPartOf":{"@id":"https:\/\/evertonfc.cz\/index.php\/2022\/02\/19\/preview-southampton-everton-10\/"},"author":{"name":"BlueBlooded","@id":"https:\/\/evertonfc.cz\/#\/schema\/person\/d4493b8cbea51532597fbc4685698916"},"headline":"Preview: Southampton \u2013 Everton","datePublished":"2022-02-19T12:49:22+00:00","dateModified":"2022-02-19T12:53:46+00:00","mainEntityOfPage":{"@id":"https:\/\/evertonfc.cz\/index.php\/2022\/02\/19\/preview-southampton-everton-10\/"},"wordCount":1122,"commentCount":8,"publisher":{"@id":"https:\/\/evertonfc.cz\/#organization"},"image":{"@id":"https:\/\/evertonfc.cz\/index.php\/2022\/02\/19\/preview-southampton-everton-10\/#primaryimage"},"thumbnailUrl":"https:\/\/evertonfc.cz\/wp-content\/uploads\/2020\/10\/Southampton-VS-Everton-25-10-2020.png.jpg","articleSection":["Z\u00e1pasy"],"inLanguage":"cs","potentialAction":[{"@type":"CommentAction","name":"Comment","target":["https:\/\/evertonfc.cz\/index.php\/2022\/02\/19\/preview-southampton-everton-10\/#respond"]}]},{"@type":"WebPage","@id":"https:\/\/evertonfc.cz\/index.php\/2022\/02\/19\/preview-southampton-everton-10\/","url":"https:\/\/evertonfc.cz\/index.php\/2022\/02\/19\/preview-southampton-everton-10\/","name":"Preview: Southampton \u2013 Everton - Official Czech &amp; Slovak Everton Supporters&#039; Club","isPartOf":{"@id":"https:\/\/evertonfc.cz\/#website"},"primaryImageOfPage":{"@id":"https:\/\/evertonfc.cz\/index.php\/2022\/02\/19\/preview-southampton-everton-10\/#primaryimage"},"image":{"@id":"https:\/\/evertonfc.cz\/index.php\/2022\/02\/19\/preview-southampton-everton-10\/#primaryimage"},"thumbnailUrl":"https:\/\/evertonfc.cz\/wp-content\/uploads\/2020\/10\/Southampton-VS-Everton-25-10-2020.png.jpg","datePublished":"2022-02-19T12:49:22+00:00","dateModified":"2022-02-19T12:53:46+00:00","breadcrumb":{"@id":"https:\/\/evertonfc.cz\/index.php\/2022\/02\/19\/preview-southampton-everton-10\/#breadcrumb"},"inLanguage":"cs","potentialAction":[{"@type":"ReadAction","target":["https:\/\/evertonfc.cz\/index.php\/2022\/02\/19\/preview-southampton-everton-10\/"]}]},{"@type":"ImageObject","inLanguage":"cs","@id":"https:\/\/evertonfc.cz\/index.php\/2022\/02\/19\/preview-southampton-everton-10\/#primaryimage","url":"https:\/\/evertonfc.cz\/wp-content\/uploads\/2020\/10\/Southampton-VS-Everton-25-10-2020.png.jpg","contentUrl":"https:\/\/evertonfc.cz\/wp-content\/uploads\/2020\/10\/Southampton-VS-Everton-25-10-2020.png.jpg","width":720,"height":405},{"@type":"BreadcrumbList","@id":"https:\/\/evertonfc.cz\/index.php\/2022\/02\/19\/preview-southampton-everton-10\/#breadcrumb","itemListElement":[{"@type":"ListItem","position":1,"name":"Home","item":"https:\/\/evertonfc.cz\/"},{"@type":"ListItem","position":2,"name":"Preview: Southampton \u2013 Everton"}]},{"@type":"WebSite","@id":"https:\/\/evertonfc.cz\/#website","url":"https:\/\/evertonfc.cz\/","name":"Official Czech &amp; Slovak Everton Supporters&#039; Club","description":"","publisher":{"@id":"https:\/\/evertonfc.cz\/#organization"},"potentialAction":[{"@type":"SearchAction","target":{"@type":"EntryPoint","urlTemplate":"https:\/\/evertonfc.cz\/?s={search_term_string}"},"query-input":{"@type":"PropertyValueSpecification","valueRequired":true,"valueName":"search_term_string"}}],"inLanguage":"cs"},{"@type":"Organization","@id":"https:\/\/evertonfc.cz\/#organization","name":"Official Czech & Slovak Everton Supporters' Club","url":"https:\/\/evertonfc.cz\/","logo":{"@type":"ImageObject","inLanguage":"cs","@id":"https:\/\/evertonfc.cz\/#\/schema\/logo\/image\/","url":"https:\/\/evertonfc.cz\/wp-content\/uploads\/2019\/05\/logo.png","contentUrl":"https:\/\/evertonfc.cz\/wp-content\/uploads\/2019\/05\/logo.png","width":112,"height":112,"caption":"Official Czech & Slovak Everton Supporters' Club"},"image":{"@id":"https:\/\/evertonfc.cz\/#\/schema\/logo\/image\/"},"sameAs":["https:\/\/www.facebook.com\/everton.fans.cz.sk"]},{"@type":"Person","@id":"https:\/\/evertonfc.cz\/#\/schema\/person\/d4493b8cbea51532597fbc4685698916","name":"BlueBlooded","url":"https:\/\/evertonfc.cz\/index.php\/author\/admin\/"}]}},"_links":{"self":[{"href":"https:\/\/evertonfc.cz\/index.php\/wp-json\/wp\/v2\/posts\/17872"}],"collection":[{"href":"https:\/\/evertonfc.cz\/index.php\/wp-json\/wp\/v2\/posts"}],"about":[{"href":"https:\/\/evertonfc.cz\/index.php\/wp-json\/wp\/v2\/types\/post"}],"author":[{"embeddable":true,"href":"https:\/\/evertonfc.cz\/index.php\/wp-json\/wp\/v2\/users\/1"}],"replies":[{"embeddable":true,"href":"https:\/\/evertonfc.cz\/index.php\/wp-json\/wp\/v2\/comments?post=17872"}],"version-history":[{"count":12,"href":"https:\/\/evertonfc.cz\/index.php\/wp-json\/wp\/v2\/posts\/17872\/revisions"}],"predecessor-version":[{"id":17884,"href":"https:\/\/evertonfc.cz\/index.php\/wp-json\/wp\/v2\/posts\/17872\/revisions\/17884"}],"wp:featuredmedia":[{"embeddable":true,"href":"https:\/\/evertonfc.cz\/index.php\/wp-json\/wp\/v2\/media\/12698"}],"wp:attachment":[{"href":"https:\/\/evertonfc.cz\/index.php\/wp-json\/wp\/v2\/media?parent=17872"}],"wp:term":[{"taxonomy":"category","embeddable":true,"href":"https:\/\/evertonfc.cz\/index.php\/wp-json\/wp\/v2\/categories?post=17872"},{"taxonomy":"post_tag","embeddable":true,"href":"https:\/\/evertonfc.cz\/index.php\/wp-json\/wp\/v2\/tags?post=17872"}],"curies":[{"name":"wp","href":"https:\/\/api.w.org\/{rel}","templated":true}]}}