{"id":17897,"date":"2022-02-21T20:26:45","date_gmt":"2022-02-21T19:26:45","guid":{"rendered":"https:\/\/evertonfc.cz\/?p=17897"},"modified":"2022-02-21T21:06:53","modified_gmt":"2022-02-21T20:06:53","slug":"gbamin-hostuje-v-rusku","status":"publish","type":"post","link":"https:\/\/evertonfc.cz\/index.php\/2022\/02\/21\/gbamin-hostuje-v-rusku\/","title":{"rendered":"Gbamin hostuje v Rusku"},"content":{"rendered":"<h4>Konec srandy, kdy\u017e si z formy, na to maj tu jin\u00fd normy, p\u016fjde\u0161 kopat leda na Sibi\u0159. V zemi, kde m\u00e1 zejtra bejt v\u010dera, dost\u00e1v\u00e1m te\u010f p\u011bkn\u011b do t\u011bla \u2013 a\u017e to bol\u00ed.<\/h4>\n<p>Jean-Philippe si p\u00edsni\u010dku <em>V\u00fdchodn\u00ed<\/em> od \u010desk\u00e9ho vypit\u00e9ho rockera Ale\u0161e Brichty asi nepobrukuje, ka\u017edop\u00e1dn\u011b ve sv\u00e9 situaci bere zavd\u011bk i anga\u017em\u00e1 v dalek\u00e9m moskevsk\u00e9m CSKA.<\/p>\n<p>26let\u00fd st\u0159edopola\u0159 (ten obr\u00e1zku v\u00fd\u0161e, kdyby n\u011bkdo nev\u011bd\u011bl) odch\u00e1z\u00ed do b\u00fdval\u00e9ho arm\u00e1dn\u00edho celku na p\u016flro\u010dn\u00ed hostov\u00e1n\u00ed bez opce na p\u0159estup. C\u00edl je jasn\u00fd. Nabrat hern\u00ed praxi, aby v l\u00e9t\u011b mohl je\u0161t\u011b zkusit zabojovat o svou \u0161anci na Goodison Parku, nebo aby si mohl vyb\u00edrat z aspo\u0148 trochu p\u0159\u00edv\u011btiv\u00fdch nab\u00eddek\u2026<\/p>\n<p>Gbamin p\u0159estoupil do Evertonu v l\u00e9t\u011b 2019 z n\u011bmeck\u00e9 Mohu\u010de (Mainzu) za 25 mili\u00f3n\u016f liber a podepsal p\u011btiletou smlouvu. Tehdy energetick\u00fd defenzivn\u00ed z\u00e1lo\u017en\u00edk vzbuzoval velk\u00e1 o\u010dek\u00e1v\u00e1n\u00ed, kter\u00e1 se ale rozplynula kv\u016fli neuv\u011b\u0159iteln\u00e9 sm\u016fle na zran\u011bn\u00ed.<\/p>\n<p>B\u011bhem dvou a p\u016fl let byl rod\u00e1k z Pob\u0159e\u017e\u00ed Slonoviny po\u0159\u00e1dn\u011b zdrav\u00fd vlastn\u011b jen prvn\u00edch p\u00e1r t\u00fddn\u016f po p\u0159estupu a pot\u00e9 a\u017e posledn\u00ed m\u011bs\u00edce, i proto odehr\u00e1l za Toffees pouh\u00fdch \u0161est ligov\u00fdch z\u00e1pas\u016f, z nich\u017e t\u0159i zaznamenal v aktu\u00e1ln\u00ed sez\u00f3n\u011b. Naposledy nasko\u010dil na 19 minut do rem\u00edzov\u00e9ho z\u00e1pasu na p\u016fd\u011b Chelsea v prosinci.<\/p>\n<p>S nerozehran\u00fdm Gbaminem nepo\u010d\u00edtal ani Rafael Ben\u00edtez a i p\u0159es zdravotn\u00ed krizi ve st\u0159edu pole ani sou\u010dasn\u00fd mana\u017eer Frank Lampard.<\/p>\n<p>CSKA Moskva se nach\u00e1z\u00ed na \u010dtvrt\u00e9m m\u00edst\u011b rusk\u00e9 Premier League, na vedouc\u00ed Zenit ztr\u00e1c\u00ed osm bod\u016f. Jarn\u00ed \u010d\u00e1st sez\u00f3ny za\u010d\u00edn\u00e1 v Rusku, kde zimn\u00ed p\u0159estupov\u00e9 okno trv\u00e1 a\u017e do 22. \u00fanora, pr\u00e1v\u011b o tomto v\u00edkendu po jeden\u00e1ctit\u00fddenn\u00ed p\u0159est\u00e1vce. Sv\u011b\u0159ence Alexeje Berezuck\u00e9ho \u010dek\u00e1 m\u011bstsk\u00e9 derby se Spartakem.<\/p>\n<p>Hodn\u011b \u0161t\u011bst\u00ed, JPG!<\/p>\n","protected":false},"excerpt":{"rendered":"<p>Konec srandy, kdy\u017e si z formy, na to maj tu jin\u00fd normy, p\u016fjde\u0161 kopat leda na Sibi\u0159. V zemi, kde m\u00e1 zejtra bejt v\u010dera, dost\u00e1v\u00e1m te\u010f p\u011bkn\u011b do t\u011bla \u2013 a\u017e to bol\u00ed.<\/p>\n","protected":false},"author":6,"featured_media":17896,"comment_status":"open","ping_status":"closed","sticky":false,"template":"","format":"standard","meta":{"_eb_attr":"","_monsterinsights_skip_tracking":false,"_monsterinsights_sitenote_active":false,"_monsterinsights_sitenote_note":"","_monsterinsights_sitenote_category":0,"footnotes":""},"categories":[41],"tags":[],"yoast_head":"<!-- This site is optimized with the Yoast SEO plugin v23.4 - https:\/\/yoast.com\/wordpress\/plugins\/seo\/ -->\n<title>Gbamin hostuje v Rusku - Official Czech &amp; Slovak Everton Supporters&#039; Club<\/title>\n<meta name=\"description\" content=\"Konec srandy, kdy\u017e si z formy, na to maj tu jin\u00fd normy, p\u016fjde\u0161 kopat leda na Sibi\u0159. V zemi, kde m\u00e1 zejtra bejt v\u010dera, dost\u00e1v\u00e1m te\u010f p\u011bkn\u011b do t\u011bla \u2013 a\u017e to bol\u00ed.\" \/>\n<meta name=\"robots\" content=\"index, follow, max-snippet:-1, max-image-preview:large, max-video-preview:-1\" \/>\n<link rel=\"canonical\" href=\"https:\/\/evertonfc.cz\/index.php\/2022\/02\/21\/gbamin-hostuje-v-rusku\/\" \/>\n<meta property=\"og:locale\" content=\"cs_CZ\" \/>\n<meta property=\"og:type\" content=\"article\" \/>\n<meta property=\"og:title\" content=\"Gbamin hostuje v Rusku - Official Czech &amp; Slovak Everton Supporters&#039; Club\" \/>\n<meta property=\"og:description\" content=\"Konec srandy, kdy\u017e si z formy, na to maj tu jin\u00fd normy, p\u016fjde\u0161 kopat leda na Sibi\u0159. V zemi, kde m\u00e1 zejtra bejt v\u010dera, dost\u00e1v\u00e1m te\u010f p\u011bkn\u011b do t\u011bla \u2013 a\u017e to bol\u00ed.\" \/>\n<meta property=\"og:url\" content=\"https:\/\/evertonfc.cz\/index.php\/2022\/02\/21\/gbamin-hostuje-v-rusku\/\" \/>\n<meta property=\"og:site_name\" content=\"Official Czech &amp; Slovak Everton Supporters&#039; Club\" \/>\n<meta property=\"article:publisher\" content=\"https:\/\/www.facebook.com\/everton.fans.cz.sk\" \/>\n<meta property=\"article:published_time\" content=\"2022-02-21T19:26:45+00:00\" \/>\n<meta property=\"article:modified_time\" content=\"2022-02-21T20:06:53+00:00\" \/>\n<meta property=\"og:image\" content=\"https:\/\/evertonfc.cz\/wp-content\/uploads\/2022\/02\/gbamin_21_2_2022.png\" \/>\n\t<meta property=\"og:image:width\" content=\"720\" \/>\n\t<meta property=\"og:image:height\" content=\"405\" \/>\n\t<meta property=\"og:image:type\" content=\"image\/png\" \/>\n<meta name=\"author\" content=\"Ri\u010di\" \/>\n<meta name=\"twitter:card\" content=\"summary_large_image\" \/>\n<meta name=\"twitter:creator\" content=\"@rbrejsa\" \/>\n<meta name=\"twitter:label1\" content=\"Napsal(a)\" \/>\n\t<meta name=\"twitter:data1\" content=\"Ri\u010di\" \/>\n\t<meta name=\"twitter:label2\" content=\"Odhadovan\u00e1 doba \u010dten\u00ed\" \/>\n\t<meta name=\"twitter:data2\" content=\"2 minuty\" \/>\n<script type=\"application\/ld+json\" class=\"yoast-schema-graph\">{\"@context\":\"https:\/\/schema.org\",\"@graph\":[{\"@type\":\"Article\",\"@id\":\"https:\/\/evertonfc.cz\/index.php\/2022\/02\/21\/gbamin-hostuje-v-rusku\/#article\",\"isPartOf\":{\"@id\":\"https:\/\/evertonfc.cz\/index.php\/2022\/02\/21\/gbamin-hostuje-v-rusku\/\"},\"author\":{\"name\":\"Ri\u010di\",\"@id\":\"https:\/\/evertonfc.cz\/#\/schema\/person\/f7a5daedb2ffee98480bc70e191aaef1\"},\"headline\":\"Gbamin hostuje v Rusku\",\"datePublished\":\"2022-02-21T19:26:45+00:00\",\"dateModified\":\"2022-02-21T20:06:53+00:00\",\"mainEntityOfPage\":{\"@id\":\"https:\/\/evertonfc.cz\/index.php\/2022\/02\/21\/gbamin-hostuje-v-rusku\/\"},\"wordCount\":366,\"commentCount\":3,\"publisher\":{\"@id\":\"https:\/\/evertonfc.cz\/#organization\"},\"image\":{\"@id\":\"https:\/\/evertonfc.cz\/index.php\/2022\/02\/21\/gbamin-hostuje-v-rusku\/#primaryimage\"},\"thumbnailUrl\":\"https:\/\/evertonfc.cz\/wp-content\/uploads\/2022\/02\/gbamin_21_2_2022.png\",\"articleSection\":[\"P\u0159estupy\"],\"inLanguage\":\"cs\",\"potentialAction\":[{\"@type\":\"CommentAction\",\"name\":\"Comment\",\"target\":[\"https:\/\/evertonfc.cz\/index.php\/2022\/02\/21\/gbamin-hostuje-v-rusku\/#respond\"]}]},{\"@type\":\"WebPage\",\"@id\":\"https:\/\/evertonfc.cz\/index.php\/2022\/02\/21\/gbamin-hostuje-v-rusku\/\",\"url\":\"https:\/\/evertonfc.cz\/index.php\/2022\/02\/21\/gbamin-hostuje-v-rusku\/\",\"name\":\"Gbamin hostuje v Rusku - Official Czech &amp; Slovak Everton Supporters&#039; Club\",\"isPartOf\":{\"@id\":\"https:\/\/evertonfc.cz\/#website\"},\"primaryImageOfPage\":{\"@id\":\"https:\/\/evertonfc.cz\/index.php\/2022\/02\/21\/gbamin-hostuje-v-rusku\/#primaryimage\"},\"image\":{\"@id\":\"https:\/\/evertonfc.cz\/index.php\/2022\/02\/21\/gbamin-hostuje-v-rusku\/#primaryimage\"},\"thumbnailUrl\":\"https:\/\/evertonfc.cz\/wp-content\/uploads\/2022\/02\/gbamin_21_2_2022.png\",\"datePublished\":\"2022-02-21T19:26:45+00:00\",\"dateModified\":\"2022-02-21T20:06:53+00:00\",\"description\":\"Konec srandy, kdy\u017e si z formy, na to maj tu jin\u00fd normy, p\u016fjde\u0161 kopat leda na Sibi\u0159. V zemi, kde m\u00e1 zejtra bejt v\u010dera, dost\u00e1v\u00e1m te\u010f p\u011bkn\u011b do t\u011bla \u2013 a\u017e to bol\u00ed.\",\"breadcrumb\":{\"@id\":\"https:\/\/evertonfc.cz\/index.php\/2022\/02\/21\/gbamin-hostuje-v-rusku\/#breadcrumb\"},\"inLanguage\":\"cs\",\"potentialAction\":[{\"@type\":\"ReadAction\",\"target\":[\"https:\/\/evertonfc.cz\/index.php\/2022\/02\/21\/gbamin-hostuje-v-rusku\/\"]}]},{\"@type\":\"ImageObject\",\"inLanguage\":\"cs\",\"@id\":\"https:\/\/evertonfc.cz\/index.php\/2022\/02\/21\/gbamin-hostuje-v-rusku\/#primaryimage\",\"url\":\"https:\/\/evertonfc.cz\/wp-content\/uploads\/2022\/02\/gbamin_21_2_2022.png\",\"contentUrl\":\"https:\/\/evertonfc.cz\/wp-content\/uploads\/2022\/02\/gbamin_21_2_2022.png\",\"width\":720,\"height\":405},{\"@type\":\"BreadcrumbList\",\"@id\":\"https:\/\/evertonfc.cz\/index.php\/2022\/02\/21\/gbamin-hostuje-v-rusku\/#breadcrumb\",\"itemListElement\":[{\"@type\":\"ListItem\",\"position\":1,\"name\":\"Home\",\"item\":\"https:\/\/evertonfc.cz\/\"},{\"@type\":\"ListItem\",\"position\":2,\"name\":\"Gbamin hostuje v Rusku\"}]},{\"@type\":\"WebSite\",\"@id\":\"https:\/\/evertonfc.cz\/#website\",\"url\":\"https:\/\/evertonfc.cz\/\",\"name\":\"Official Czech &amp; Slovak Everton Supporters&#039; Club\",\"description\":\"\",\"publisher\":{\"@id\":\"https:\/\/evertonfc.cz\/#organization\"},\"potentialAction\":[{\"@type\":\"SearchAction\",\"target\":{\"@type\":\"EntryPoint\",\"urlTemplate\":\"https:\/\/evertonfc.cz\/?s={search_term_string}\"},\"query-input\":{\"@type\":\"PropertyValueSpecification\",\"valueRequired\":true,\"valueName\":\"search_term_string\"}}],\"inLanguage\":\"cs\"},{\"@type\":\"Organization\",\"@id\":\"https:\/\/evertonfc.cz\/#organization\",\"name\":\"Official Czech & Slovak Everton Supporters' Club\",\"url\":\"https:\/\/evertonfc.cz\/\",\"logo\":{\"@type\":\"ImageObject\",\"inLanguage\":\"cs\",\"@id\":\"https:\/\/evertonfc.cz\/#\/schema\/logo\/image\/\",\"url\":\"https:\/\/evertonfc.cz\/wp-content\/uploads\/2019\/05\/logo.png\",\"contentUrl\":\"https:\/\/evertonfc.cz\/wp-content\/uploads\/2019\/05\/logo.png\",\"width\":112,\"height\":112,\"caption\":\"Official Czech & Slovak Everton Supporters' Club\"},\"image\":{\"@id\":\"https:\/\/evertonfc.cz\/#\/schema\/logo\/image\/\"},\"sameAs\":[\"https:\/\/www.facebook.com\/everton.fans.cz.sk\"]},{\"@type\":\"Person\",\"@id\":\"https:\/\/evertonfc.cz\/#\/schema\/person\/f7a5daedb2ffee98480bc70e191aaef1\",\"name\":\"Ri\u010di\",\"sameAs\":[\"https:\/\/x.com\/rbrejsa\"],\"url\":\"https:\/\/evertonfc.cz\/index.php\/author\/rici\/\"}]}<\/script>\n<!-- \/ Yoast SEO plugin. -->","yoast_head_json":{"title":"Gbamin hostuje v Rusku - Official Czech &amp; Slovak Everton Supporters&#039; Club","description":"Konec srandy, kdy\u017e si z formy, na to maj tu jin\u00fd normy, p\u016fjde\u0161 kopat leda na Sibi\u0159. V zemi, kde m\u00e1 zejtra bejt v\u010dera, dost\u00e1v\u00e1m te\u010f p\u011bkn\u011b do t\u011bla \u2013 a\u017e to bol\u00ed.","robots":{"index":"index","follow":"follow","max-snippet":"max-snippet:-1","max-image-preview":"max-image-preview:large","max-video-preview":"max-video-preview:-1"},"canonical":"https:\/\/evertonfc.cz\/index.php\/2022\/02\/21\/gbamin-hostuje-v-rusku\/","og_locale":"cs_CZ","og_type":"article","og_title":"Gbamin hostuje v Rusku - Official Czech &amp; Slovak Everton Supporters&#039; Club","og_description":"Konec srandy, kdy\u017e si z formy, na to maj tu jin\u00fd normy, p\u016fjde\u0161 kopat leda na Sibi\u0159. V zemi, kde m\u00e1 zejtra bejt v\u010dera, dost\u00e1v\u00e1m te\u010f p\u011bkn\u011b do t\u011bla \u2013 a\u017e to bol\u00ed.","og_url":"https:\/\/evertonfc.cz\/index.php\/2022\/02\/21\/gbamin-hostuje-v-rusku\/","og_site_name":"Official Czech &amp; Slovak Everton Supporters&#039; Club","article_publisher":"https:\/\/www.facebook.com\/everton.fans.cz.sk","article_published_time":"2022-02-21T19:26:45+00:00","article_modified_time":"2022-02-21T20:06:53+00:00","og_image":[{"width":720,"height":405,"url":"https:\/\/evertonfc.cz\/wp-content\/uploads\/2022\/02\/gbamin_21_2_2022.png","type":"image\/png"}],"author":"Ri\u010di","twitter_card":"summary_large_image","twitter_creator":"@rbrejsa","twitter_misc":{"Napsal(a)":"Ri\u010di","Odhadovan\u00e1 doba \u010dten\u00ed":"2 minuty"},"schema":{"@context":"https:\/\/schema.org","@graph":[{"@type":"Article","@id":"https:\/\/evertonfc.cz\/index.php\/2022\/02\/21\/gbamin-hostuje-v-rusku\/#article","isPartOf":{"@id":"https:\/\/evertonfc.cz\/index.php\/2022\/02\/21\/gbamin-hostuje-v-rusku\/"},"author":{"name":"Ri\u010di","@id":"https:\/\/evertonfc.cz\/#\/schema\/person\/f7a5daedb2ffee98480bc70e191aaef1"},"headline":"Gbamin hostuje v Rusku","datePublished":"2022-02-21T19:26:45+00:00","dateModified":"2022-02-21T20:06:53+00:00","mainEntityOfPage":{"@id":"https:\/\/evertonfc.cz\/index.php\/2022\/02\/21\/gbamin-hostuje-v-rusku\/"},"wordCount":366,"commentCount":3,"publisher":{"@id":"https:\/\/evertonfc.cz\/#organization"},"image":{"@id":"https:\/\/evertonfc.cz\/index.php\/2022\/02\/21\/gbamin-hostuje-v-rusku\/#primaryimage"},"thumbnailUrl":"https:\/\/evertonfc.cz\/wp-content\/uploads\/2022\/02\/gbamin_21_2_2022.png","articleSection":["P\u0159estupy"],"inLanguage":"cs","potentialAction":[{"@type":"CommentAction","name":"Comment","target":["https:\/\/evertonfc.cz\/index.php\/2022\/02\/21\/gbamin-hostuje-v-rusku\/#respond"]}]},{"@type":"WebPage","@id":"https:\/\/evertonfc.cz\/index.php\/2022\/02\/21\/gbamin-hostuje-v-rusku\/","url":"https:\/\/evertonfc.cz\/index.php\/2022\/02\/21\/gbamin-hostuje-v-rusku\/","name":"Gbamin hostuje v Rusku - Official Czech &amp; Slovak Everton Supporters&#039; Club","isPartOf":{"@id":"https:\/\/evertonfc.cz\/#website"},"primaryImageOfPage":{"@id":"https:\/\/evertonfc.cz\/index.php\/2022\/02\/21\/gbamin-hostuje-v-rusku\/#primaryimage"},"image":{"@id":"https:\/\/evertonfc.cz\/index.php\/2022\/02\/21\/gbamin-hostuje-v-rusku\/#primaryimage"},"thumbnailUrl":"https:\/\/evertonfc.cz\/wp-content\/uploads\/2022\/02\/gbamin_21_2_2022.png","datePublished":"2022-02-21T19:26:45+00:00","dateModified":"2022-02-21T20:06:53+00:00","description":"Konec srandy, kdy\u017e si z formy, na to maj tu jin\u00fd normy, p\u016fjde\u0161 kopat leda na Sibi\u0159. V zemi, kde m\u00e1 zejtra bejt v\u010dera, dost\u00e1v\u00e1m te\u010f p\u011bkn\u011b do t\u011bla \u2013 a\u017e to bol\u00ed.","breadcrumb":{"@id":"https:\/\/evertonfc.cz\/index.php\/2022\/02\/21\/gbamin-hostuje-v-rusku\/#breadcrumb"},"inLanguage":"cs","potentialAction":[{"@type":"ReadAction","target":["https:\/\/evertonfc.cz\/index.php\/2022\/02\/21\/gbamin-hostuje-v-rusku\/"]}]},{"@type":"ImageObject","inLanguage":"cs","@id":"https:\/\/evertonfc.cz\/index.php\/2022\/02\/21\/gbamin-hostuje-v-rusku\/#primaryimage","url":"https:\/\/evertonfc.cz\/wp-content\/uploads\/2022\/02\/gbamin_21_2_2022.png","contentUrl":"https:\/\/evertonfc.cz\/wp-content\/uploads\/2022\/02\/gbamin_21_2_2022.png","width":720,"height":405},{"@type":"BreadcrumbList","@id":"https:\/\/evertonfc.cz\/index.php\/2022\/02\/21\/gbamin-hostuje-v-rusku\/#breadcrumb","itemListElement":[{"@type":"ListItem","position":1,"name":"Home","item":"https:\/\/evertonfc.cz\/"},{"@type":"ListItem","position":2,"name":"Gbamin hostuje v Rusku"}]},{"@type":"WebSite","@id":"https:\/\/evertonfc.cz\/#website","url":"https:\/\/evertonfc.cz\/","name":"Official Czech &amp; Slovak Everton Supporters&#039; Club","description":"","publisher":{"@id":"https:\/\/evertonfc.cz\/#organization"},"potentialAction":[{"@type":"SearchAction","target":{"@type":"EntryPoint","urlTemplate":"https:\/\/evertonfc.cz\/?s={search_term_string}"},"query-input":{"@type":"PropertyValueSpecification","valueRequired":true,"valueName":"search_term_string"}}],"inLanguage":"cs"},{"@type":"Organization","@id":"https:\/\/evertonfc.cz\/#organization","name":"Official Czech & Slovak Everton Supporters' Club","url":"https:\/\/evertonfc.cz\/","logo":{"@type":"ImageObject","inLanguage":"cs","@id":"https:\/\/evertonfc.cz\/#\/schema\/logo\/image\/","url":"https:\/\/evertonfc.cz\/wp-content\/uploads\/2019\/05\/logo.png","contentUrl":"https:\/\/evertonfc.cz\/wp-content\/uploads\/2019\/05\/logo.png","width":112,"height":112,"caption":"Official Czech & Slovak Everton Supporters' Club"},"image":{"@id":"https:\/\/evertonfc.cz\/#\/schema\/logo\/image\/"},"sameAs":["https:\/\/www.facebook.com\/everton.fans.cz.sk"]},{"@type":"Person","@id":"https:\/\/evertonfc.cz\/#\/schema\/person\/f7a5daedb2ffee98480bc70e191aaef1","name":"Ri\u010di","sameAs":["https:\/\/x.com\/rbrejsa"],"url":"https:\/\/evertonfc.cz\/index.php\/author\/rici\/"}]}},"_links":{"self":[{"href":"https:\/\/evertonfc.cz\/index.php\/wp-json\/wp\/v2\/posts\/17897"}],"collection":[{"href":"https:\/\/evertonfc.cz\/index.php\/wp-json\/wp\/v2\/posts"}],"about":[{"href":"https:\/\/evertonfc.cz\/index.php\/wp-json\/wp\/v2\/types\/post"}],"author":[{"embeddable":true,"href":"https:\/\/evertonfc.cz\/index.php\/wp-json\/wp\/v2\/users\/6"}],"replies":[{"embeddable":true,"href":"https:\/\/evertonfc.cz\/index.php\/wp-json\/wp\/v2\/comments?post=17897"}],"version-history":[{"count":4,"href":"https:\/\/evertonfc.cz\/index.php\/wp-json\/wp\/v2\/posts\/17897\/revisions"}],"predecessor-version":[{"id":17905,"href":"https:\/\/evertonfc.cz\/index.php\/wp-json\/wp\/v2\/posts\/17897\/revisions\/17905"}],"wp:featuredmedia":[{"embeddable":true,"href":"https:\/\/evertonfc.cz\/index.php\/wp-json\/wp\/v2\/media\/17896"}],"wp:attachment":[{"href":"https:\/\/evertonfc.cz\/index.php\/wp-json\/wp\/v2\/media?parent=17897"}],"wp:term":[{"taxonomy":"category","embeddable":true,"href":"https:\/\/evertonfc.cz\/index.php\/wp-json\/wp\/v2\/categories?post=17897"},{"taxonomy":"post_tag","embeddable":true,"href":"https:\/\/evertonfc.cz\/index.php\/wp-json\/wp\/v2\/tags?post=17897"}],"curies":[{"name":"wp","href":"https:\/\/api.w.org\/{rel}","templated":true}]}}