{"id":17918,"date":"2022-02-26T13:11:05","date_gmt":"2022-02-26T12:11:05","guid":{"rendered":"https:\/\/evertonfc.cz\/?p=17918"},"modified":"2022-02-27T10:33:21","modified_gmt":"2022-02-27T09:33:21","slug":"preview-everton-fc-manchester-city","status":"publish","type":"post","link":"https:\/\/evertonfc.cz\/index.php\/2022\/02\/26\/preview-everton-fc-manchester-city\/","title":{"rendered":"Preview: Everton &#8211; Manchester City"},"content":{"rendered":"<h4>Cht\u011blo by se \u0159\u00edct \u201eDal\u0161\u00ed!\u201c,\u00a0 rychle si to odb\u00fdt, zkusit zvednout mor\u00e1lku v poh\u00e1ru v t\u00fddnu a doufat v p\u0159\u00edzniv\u00e9 v\u00fdsledky jinde. Ale nezoufejme, vid\u00edm sv\u011bt\u00e9lka nad\u011bje probleskovat mlhou, kter\u00e1 se dr\u017e\u00ed ve spodn\u00edch patrech tabulky.<\/h4>\n<p>Frank Lampard neza\u017e\u00edv\u00e1 zrovna hladk\u00fd start sv\u00e9 \u201edifferent blue era\u201c. Nepoda\u0159ilo se mu zv\u00edt\u011bzit v prvn\u00edm ligov\u00e9m z\u00e1pase, a ani na po druh\u00e9 to venku nebylo ono. Tak\u017ee prvn\u00ed dobr\u00e1 zpr\u00e1va je, \u017ee se City hrajeme doma. Podpora Evertonians doma se jev\u00ed jako z\u00e1sadn\u00ed kl\u00ed\u010d pro z\u00e1chranu. Toffees doma hraj\u00ed o sto procent l\u00e9pe. Hr\u00e1\u010di dost\u00e1vaj\u00ed od fans ko\u0148sk\u00e9 d\u00e1vky podpory, tribuny jim dod\u00e1vaj\u00ed superschopnosti. Nov\u00e9 posily Donny van de Beek i Dele Alli maj\u00ed sv\u00e9 chor\u00e1ly, co\u017e ur\u010dit\u011b m\u016f\u017ee ob\u011bma pomoci nab\u00fdt ztracenou sebed\u016fv\u011bru.<\/p>\n<h4><strong>V\u0161echno bude OK<\/strong><\/h4>\n<p>Pozitivn\u00ed zpr\u00e1vy p\u0159ich\u00e1zej\u00ed i z marodky. S t\u00fdmem tr\u00e9novali uzdravuj\u00edc\u00ed se Demarai Gray a Abdoulaye Doucour\u00e9. Oba mo\u017en\u00e1 do hry nezas\u00e1hnou od za\u010d\u00e1tku, ale vznikaj\u00edc\u00ed tlak na lavi\u010dce m\u016f\u017ee vytvo\u0159it klima pro nov\u00e9 impulsy v pr\u016fb\u011bhu utk\u00e1n\u00ed, bude-li t\u0159eba. P\u0159iznejme si, st\u0159\u00edd\u00e1n\u00ed se zat\u00edm neda\u0159\u00ed podle p\u0159\u00e1n\u00ed v\u0161ech, Dele proti Barcodes ani Gomes proti Saints nep\u0159inesli k\u00fd\u017een\u00fd efekt.<\/p>\n<p>St\u00e1le budou chyb\u011bt zad\u00e1ci. Yerry Mina sice nep\u016fjde na operaci se \u0161lachou \u010dty\u0159hlav\u00e9ho stehenn\u00edho svalu, ale zat\u00edm to na tanec nevypad\u00e1. Ben Godfrey bude tak\u00e9 je\u0161t\u011b p\u00e1r t\u00fddn\u016f mimo, stejn\u011b jako duo Delph&amp;Davies.<\/p>\n<h4><strong>\u010c\u00edm d\u00e1l lep\u0161\u00ed <\/strong><\/h4>\n<p>Dal\u0161\u00ed jisk\u0159i\u010dku lze vyk\u0159esat z\u00a0dosavadn\u00edch v\u00fdsledk\u016f. Jasn\u011b, takhle na prvn\u00ed p\u0159e\u010dten\u00ed to vypad\u00e1 jako blbost. Jen\u017ee, za posledn\u00ed m\u011bs\u00edce temn\u00e9 vl\u00e1dy nejmenovan\u00e9ho \u0161pan\u011blsk\u00e9ho kou\u010de, kdy Everton prohr\u00e1l 10 ze 14 ligov\u00fdch z\u00e1pas\u016f, jedin\u00e9 body vybojovali proti t\u00fdm\u016fm takzvan\u00e9 Top6. V\u00edtezstv\u00ed nad Arsenalem, rem\u00edza doma se Spurs a bod z\u00a0Old Trafford a Stamford Bridge nazna\u010duj\u00ed, \u017ee tyhle z\u00e1pasy dok\u00e1zaly z\u00a0t\u00fdmu vyt\u00e1hnout to nejlep\u0161\u00ed.<\/p>\n<p>Ano, pod\u00edl na tom m\u011bla tehdy ordinovan\u00e1 defenzivn\u00ed taktika. Ano, krom\u011b jin\u00e9ho se prohr\u00e1lo se sv\u011btlemodr\u00fdmi i rud\u00fdmi. Ale v\u011b\u0159\u00edm, \u017ee dal\u0161\u00ed t\u00fdden, kdy Toffees dost\u00e1vaj\u00ed pod k\u016f\u017ei Frankieho v\u00edce kombina\u010dn\u00ed pojet\u00ed dod\u00e1 v\u0161em v\u011bt\u0161\u00ed jistotu. Venku to ob\u010das p\u016fsobilo, \u017ee t\u00fdm si pln\u011b nezvykl na nutnost v\u00edce si vypom\u00e1hat. Chce to nab\u00edzet se do hry, zabojovat za spoluhr\u00e1\u010de po ztr\u00e1t\u011b.<\/p>\n<p>Z\u00e1pas by mohl p\u0159in\u00e9st duel dvou ukrajinsk\u00fdch bek\u016f, Zin\u010denko versus Mykolenko. Na h\u0159i\u0161ti by se asi nepotkali, ka\u017ed\u00fd na opa\u010dn\u00e9 stran\u011b, ale sd\u00edlet \u010das na tr\u00e1vn\u00edku jim pravd\u011bpodobn\u011b neumo\u017en\u00ed st\u00e1vaj\u00edc\u00ed situace v\u00a0jejich zemi. Soust\u0159edit se na v\u011bci jako je fotbal, kdy\u017e \u010del\u00edte invazi zla nen\u00ed dost dob\u0159e mo\u017en\u00e9. N\u00e1\u0161 Vitalij uk\u00e1zal ve sv\u00e9m postu na soci\u00e1ln\u00edch s\u00edt\u00edch, \u017ee Ukrajinci jsou hrd\u00fd n\u00e1rod a v\u011b\u0159\u00edm, \u017ee v\u00a0hledi\u0161ti se jejich v\u011bci dostane maxim\u00e1ln\u00ed podpory, tak jako od n\u00e1s tady.<\/p>\n<h4><strong>Jak to bylo a jak to bude<\/strong><\/h4>\n<p>Do ned\u00e1vn\u00e9 minulosti m\u011b\u0159en\u00ed sil se City nem\u00e1 smysl se ohl\u00ed\u017eet. Na co se ned\u00e1 zapomenout, je rok leden p\u0159ed 5 lety, kterou tren\u00e9r Pep Guardiola v\u00a0anglick\u00e9 lize utrp\u011bl. Ze st\u0159elc\u016f s\u00a0n\u00e1mi z\u016fstal jen Tom Davies, kter\u00e9mu ned\u00e1vno za\u0161ili no\u017ei\u010dku. Ale lze na tom vid\u011bt, \u017ee i Citizens jsou lid\u00e9, a budou pod tlakem, jejich n\u00e1skok na \u010dele tabulky se zten\u010dil na dohled kr\u00e1tkozrak\u00e9ho \u0160v\u00e1ba.<\/p>\n<p>Je hezk\u00e9 si p\u0159ipomenout v\u00edt\u011bzstv\u00ed nad City 9:1 z roku z\u00e1\u0159\u00ed 1906. Stolet\u00ed pot\u00e9, v z\u00e1\u0159\u00ed 2006 jsme rem\u00edzou se City na Goodison Park dr\u017eeli desetiz\u00e1pasovou \u0161\u0148\u016fru bez prohry, v t\u00e9 dob\u011b na\u0161i nejdel\u0161\u00ed v EPL.<\/p>\n<p>Jak si vede sou\u010dasn\u00fd k\u00e1dr v historick\u00fdch klubov\u00fdch tabulk\u00e1ch? DCL svou dne\u0161n\u00ed trefou do\u017eene ligov\u00e9 z\u00e1pisy Leona Osmana na 5. m\u00edst\u011b od roku 1992. Jordan Pickford se vychytanou nulou, svou ji\u017e 48., usad\u00ed na 7. m\u00edst\u011b na\u0161ich nej brank\u00e1\u0159\u016f v\u0161ech dob.<\/p>\n<p>Takovou sobotn\u00ed, dom\u00e1c\u00ed rem\u00edzku jsme nem\u011bli u\u017e skoro rok a p\u016fl (7-0-8). No ale, takov\u00e1 uspokojiv\u00e1, nap\u00ednav\u00e1, bezbrankov\u00e1 d\u011blba bod\u016f by byla ji\u017e na\u0161e st\u00e1 premierligov\u00e1, doma i venku v\u010detn\u011b. J\u00e1 to teda beru.<\/p>\n<p><strong>Co:<\/strong> Everton FC \u2013 Manchester City, 27. kolo Premier League<br \/>\n<strong>Kdy: <\/strong>26.02.2022 od 18:30 CET<br \/>\n<strong>Kde: <\/strong>Goodison Park,\u00a0Goodison Road,\u00a0Liverpool,\u00a0L4 4EL (kapacita 39,221)<br \/>\n<strong>TV: <\/strong>nala\u010fte si stanici Premier Sport od 18:25<br \/>\n<strong>Rozhod\u010d\u00ed:\u00a0<\/strong>Paul Tierney\u00a0 <strong>Postrann\u00ed:\u00a0<\/strong>Lee Betts, Stuart Burt\u00a0 <strong>\u010ctvrt\u00fd rozhod\u010d\u00ed: <\/strong>Martin Atkinson<br \/>\n<strong>Videorozhod\u010d\u00ed:<\/strong> Chris Kavanagh\u00a0 <strong>Asistent VAR:\u00a0<\/strong>Gary Beswick<\/p>\n","protected":false},"excerpt":{"rendered":"<p>Cht\u011blo by se \u0159\u00edct \u201eDal\u0161\u00ed!\u201c,\u00a0 rychle si to odb\u00fdt, zkusit zvednout mor\u00e1lku v poh\u00e1ru v t\u00fddnu a doufat v p\u0159\u00edzniv\u00e9 v\u00fdsledky jinde. Ale nezoufejme, vid\u00edm sv\u011bt\u00e9lka nad\u011bje probleskovat mlhou, kter\u00e1 se dr\u017e\u00ed ve spodn\u00edch patrech tabulky.<\/p>\n","protected":false},"author":10,"featured_media":13482,"comment_status":"open","ping_status":"closed","sticky":false,"template":"","format":"standard","meta":{"_eb_attr":"","_monsterinsights_skip_tracking":false,"_monsterinsights_sitenote_active":false,"_monsterinsights_sitenote_note":"","_monsterinsights_sitenote_category":0,"footnotes":""},"categories":[4],"tags":[],"yoast_head":"<!-- This site is optimized with the Yoast SEO plugin v23.4 - https:\/\/yoast.com\/wordpress\/plugins\/seo\/ -->\n<title>Preview: Everton - Manchester City - Official Czech &amp; Slovak Everton Supporters&#039; Club<\/title>\n<meta name=\"robots\" content=\"index, follow, max-snippet:-1, max-image-preview:large, max-video-preview:-1\" \/>\n<link rel=\"canonical\" href=\"https:\/\/evertonfc.cz\/index.php\/2022\/02\/26\/preview-everton-fc-manchester-city\/\" \/>\n<meta property=\"og:locale\" content=\"cs_CZ\" \/>\n<meta property=\"og:type\" content=\"article\" \/>\n<meta property=\"og:title\" content=\"Preview: Everton - Manchester City - Official Czech &amp; Slovak Everton Supporters&#039; Club\" \/>\n<meta property=\"og:description\" content=\"Cht\u011blo by se \u0159\u00edct \u201eDal\u0161\u00ed!\u201c,\u00a0 rychle si to odb\u00fdt, zkusit zvednout mor\u00e1lku v poh\u00e1ru v t\u00fddnu a doufat v p\u0159\u00edzniv\u00e9 v\u00fdsledky jinde. Ale nezoufejme, vid\u00edm sv\u011bt\u00e9lka nad\u011bje probleskovat mlhou, kter\u00e1 se dr\u017e\u00ed ve spodn\u00edch patrech tabulky.\" \/>\n<meta property=\"og:url\" content=\"https:\/\/evertonfc.cz\/index.php\/2022\/02\/26\/preview-everton-fc-manchester-city\/\" \/>\n<meta property=\"og:site_name\" content=\"Official Czech &amp; Slovak Everton Supporters&#039; Club\" \/>\n<meta property=\"article:publisher\" content=\"https:\/\/www.facebook.com\/everton.fans.cz.sk\" \/>\n<meta property=\"article:published_time\" content=\"2022-02-26T12:11:05+00:00\" \/>\n<meta property=\"article:modified_time\" content=\"2022-02-27T09:33:21+00:00\" \/>\n<meta property=\"og:image\" content=\"https:\/\/evertonfc.cz\/wp-content\/uploads\/2021\/01\/Everton-VS-Manchester-City.jpg\" \/>\n\t<meta property=\"og:image:width\" content=\"720\" \/>\n\t<meta property=\"og:image:height\" content=\"405\" \/>\n\t<meta property=\"og:image:type\" content=\"image\/jpeg\" \/>\n<meta name=\"author\" content=\"Fip\" \/>\n<meta name=\"twitter:card\" content=\"summary_large_image\" \/>\n<meta name=\"twitter:label1\" content=\"Napsal(a)\" \/>\n\t<meta name=\"twitter:data1\" content=\"Fip\" \/>\n\t<meta name=\"twitter:label2\" content=\"Odhadovan\u00e1 doba \u010dten\u00ed\" \/>\n\t<meta name=\"twitter:data2\" content=\"4 minuty\" \/>\n<script type=\"application\/ld+json\" class=\"yoast-schema-graph\">{\"@context\":\"https:\/\/schema.org\",\"@graph\":[{\"@type\":\"Article\",\"@id\":\"https:\/\/evertonfc.cz\/index.php\/2022\/02\/26\/preview-everton-fc-manchester-city\/#article\",\"isPartOf\":{\"@id\":\"https:\/\/evertonfc.cz\/index.php\/2022\/02\/26\/preview-everton-fc-manchester-city\/\"},\"author\":{\"name\":\"Fip\",\"@id\":\"https:\/\/evertonfc.cz\/#\/schema\/person\/35904009755e8eaa0dc1a5f5f0419002\"},\"headline\":\"Preview: Everton &#8211; Manchester City\",\"datePublished\":\"2022-02-26T12:11:05+00:00\",\"dateModified\":\"2022-02-27T09:33:21+00:00\",\"mainEntityOfPage\":{\"@id\":\"https:\/\/evertonfc.cz\/index.php\/2022\/02\/26\/preview-everton-fc-manchester-city\/\"},\"wordCount\":857,\"commentCount\":10,\"publisher\":{\"@id\":\"https:\/\/evertonfc.cz\/#organization\"},\"image\":{\"@id\":\"https:\/\/evertonfc.cz\/index.php\/2022\/02\/26\/preview-everton-fc-manchester-city\/#primaryimage\"},\"thumbnailUrl\":\"https:\/\/evertonfc.cz\/wp-content\/uploads\/2021\/01\/Everton-VS-Manchester-City.jpg\",\"articleSection\":[\"Z\u00e1pasy\"],\"inLanguage\":\"cs\",\"potentialAction\":[{\"@type\":\"CommentAction\",\"name\":\"Comment\",\"target\":[\"https:\/\/evertonfc.cz\/index.php\/2022\/02\/26\/preview-everton-fc-manchester-city\/#respond\"]}]},{\"@type\":\"WebPage\",\"@id\":\"https:\/\/evertonfc.cz\/index.php\/2022\/02\/26\/preview-everton-fc-manchester-city\/\",\"url\":\"https:\/\/evertonfc.cz\/index.php\/2022\/02\/26\/preview-everton-fc-manchester-city\/\",\"name\":\"Preview: Everton - Manchester City - Official Czech &amp; Slovak Everton Supporters&#039; Club\",\"isPartOf\":{\"@id\":\"https:\/\/evertonfc.cz\/#website\"},\"primaryImageOfPage\":{\"@id\":\"https:\/\/evertonfc.cz\/index.php\/2022\/02\/26\/preview-everton-fc-manchester-city\/#primaryimage\"},\"image\":{\"@id\":\"https:\/\/evertonfc.cz\/index.php\/2022\/02\/26\/preview-everton-fc-manchester-city\/#primaryimage\"},\"thumbnailUrl\":\"https:\/\/evertonfc.cz\/wp-content\/uploads\/2021\/01\/Everton-VS-Manchester-City.jpg\",\"datePublished\":\"2022-02-26T12:11:05+00:00\",\"dateModified\":\"2022-02-27T09:33:21+00:00\",\"breadcrumb\":{\"@id\":\"https:\/\/evertonfc.cz\/index.php\/2022\/02\/26\/preview-everton-fc-manchester-city\/#breadcrumb\"},\"inLanguage\":\"cs\",\"potentialAction\":[{\"@type\":\"ReadAction\",\"target\":[\"https:\/\/evertonfc.cz\/index.php\/2022\/02\/26\/preview-everton-fc-manchester-city\/\"]}]},{\"@type\":\"ImageObject\",\"inLanguage\":\"cs\",\"@id\":\"https:\/\/evertonfc.cz\/index.php\/2022\/02\/26\/preview-everton-fc-manchester-city\/#primaryimage\",\"url\":\"https:\/\/evertonfc.cz\/wp-content\/uploads\/2021\/01\/Everton-VS-Manchester-City.jpg\",\"contentUrl\":\"https:\/\/evertonfc.cz\/wp-content\/uploads\/2021\/01\/Everton-VS-Manchester-City.jpg\",\"width\":720,\"height\":405},{\"@type\":\"BreadcrumbList\",\"@id\":\"https:\/\/evertonfc.cz\/index.php\/2022\/02\/26\/preview-everton-fc-manchester-city\/#breadcrumb\",\"itemListElement\":[{\"@type\":\"ListItem\",\"position\":1,\"name\":\"Home\",\"item\":\"https:\/\/evertonfc.cz\/\"},{\"@type\":\"ListItem\",\"position\":2,\"name\":\"Preview: Everton &#8211; Manchester City\"}]},{\"@type\":\"WebSite\",\"@id\":\"https:\/\/evertonfc.cz\/#website\",\"url\":\"https:\/\/evertonfc.cz\/\",\"name\":\"Official Czech &amp; Slovak Everton Supporters&#039; Club\",\"description\":\"\",\"publisher\":{\"@id\":\"https:\/\/evertonfc.cz\/#organization\"},\"potentialAction\":[{\"@type\":\"SearchAction\",\"target\":{\"@type\":\"EntryPoint\",\"urlTemplate\":\"https:\/\/evertonfc.cz\/?s={search_term_string}\"},\"query-input\":{\"@type\":\"PropertyValueSpecification\",\"valueRequired\":true,\"valueName\":\"search_term_string\"}}],\"inLanguage\":\"cs\"},{\"@type\":\"Organization\",\"@id\":\"https:\/\/evertonfc.cz\/#organization\",\"name\":\"Official Czech & Slovak Everton Supporters' Club\",\"url\":\"https:\/\/evertonfc.cz\/\",\"logo\":{\"@type\":\"ImageObject\",\"inLanguage\":\"cs\",\"@id\":\"https:\/\/evertonfc.cz\/#\/schema\/logo\/image\/\",\"url\":\"https:\/\/evertonfc.cz\/wp-content\/uploads\/2019\/05\/logo.png\",\"contentUrl\":\"https:\/\/evertonfc.cz\/wp-content\/uploads\/2019\/05\/logo.png\",\"width\":112,\"height\":112,\"caption\":\"Official Czech & Slovak Everton Supporters' Club\"},\"image\":{\"@id\":\"https:\/\/evertonfc.cz\/#\/schema\/logo\/image\/\"},\"sameAs\":[\"https:\/\/www.facebook.com\/everton.fans.cz.sk\"]},{\"@type\":\"Person\",\"@id\":\"https:\/\/evertonfc.cz\/#\/schema\/person\/35904009755e8eaa0dc1a5f5f0419002\",\"name\":\"Fip\",\"url\":\"https:\/\/evertonfc.cz\/index.php\/author\/fip\/\"}]}<\/script>\n<!-- \/ Yoast SEO plugin. -->","yoast_head_json":{"title":"Preview: Everton - Manchester City - Official Czech &amp; Slovak Everton Supporters&#039; Club","robots":{"index":"index","follow":"follow","max-snippet":"max-snippet:-1","max-image-preview":"max-image-preview:large","max-video-preview":"max-video-preview:-1"},"canonical":"https:\/\/evertonfc.cz\/index.php\/2022\/02\/26\/preview-everton-fc-manchester-city\/","og_locale":"cs_CZ","og_type":"article","og_title":"Preview: Everton - Manchester City - Official Czech &amp; Slovak Everton Supporters&#039; Club","og_description":"Cht\u011blo by se \u0159\u00edct \u201eDal\u0161\u00ed!\u201c,\u00a0 rychle si to odb\u00fdt, zkusit zvednout mor\u00e1lku v poh\u00e1ru v t\u00fddnu a doufat v p\u0159\u00edzniv\u00e9 v\u00fdsledky jinde. Ale nezoufejme, vid\u00edm sv\u011bt\u00e9lka nad\u011bje probleskovat mlhou, kter\u00e1 se dr\u017e\u00ed ve spodn\u00edch patrech tabulky.","og_url":"https:\/\/evertonfc.cz\/index.php\/2022\/02\/26\/preview-everton-fc-manchester-city\/","og_site_name":"Official Czech &amp; Slovak Everton Supporters&#039; Club","article_publisher":"https:\/\/www.facebook.com\/everton.fans.cz.sk","article_published_time":"2022-02-26T12:11:05+00:00","article_modified_time":"2022-02-27T09:33:21+00:00","og_image":[{"width":720,"height":405,"url":"https:\/\/evertonfc.cz\/wp-content\/uploads\/2021\/01\/Everton-VS-Manchester-City.jpg","type":"image\/jpeg"}],"author":"Fip","twitter_card":"summary_large_image","twitter_misc":{"Napsal(a)":"Fip","Odhadovan\u00e1 doba \u010dten\u00ed":"4 minuty"},"schema":{"@context":"https:\/\/schema.org","@graph":[{"@type":"Article","@id":"https:\/\/evertonfc.cz\/index.php\/2022\/02\/26\/preview-everton-fc-manchester-city\/#article","isPartOf":{"@id":"https:\/\/evertonfc.cz\/index.php\/2022\/02\/26\/preview-everton-fc-manchester-city\/"},"author":{"name":"Fip","@id":"https:\/\/evertonfc.cz\/#\/schema\/person\/35904009755e8eaa0dc1a5f5f0419002"},"headline":"Preview: Everton &#8211; Manchester City","datePublished":"2022-02-26T12:11:05+00:00","dateModified":"2022-02-27T09:33:21+00:00","mainEntityOfPage":{"@id":"https:\/\/evertonfc.cz\/index.php\/2022\/02\/26\/preview-everton-fc-manchester-city\/"},"wordCount":857,"commentCount":10,"publisher":{"@id":"https:\/\/evertonfc.cz\/#organization"},"image":{"@id":"https:\/\/evertonfc.cz\/index.php\/2022\/02\/26\/preview-everton-fc-manchester-city\/#primaryimage"},"thumbnailUrl":"https:\/\/evertonfc.cz\/wp-content\/uploads\/2021\/01\/Everton-VS-Manchester-City.jpg","articleSection":["Z\u00e1pasy"],"inLanguage":"cs","potentialAction":[{"@type":"CommentAction","name":"Comment","target":["https:\/\/evertonfc.cz\/index.php\/2022\/02\/26\/preview-everton-fc-manchester-city\/#respond"]}]},{"@type":"WebPage","@id":"https:\/\/evertonfc.cz\/index.php\/2022\/02\/26\/preview-everton-fc-manchester-city\/","url":"https:\/\/evertonfc.cz\/index.php\/2022\/02\/26\/preview-everton-fc-manchester-city\/","name":"Preview: Everton - Manchester City - Official Czech &amp; Slovak Everton Supporters&#039; Club","isPartOf":{"@id":"https:\/\/evertonfc.cz\/#website"},"primaryImageOfPage":{"@id":"https:\/\/evertonfc.cz\/index.php\/2022\/02\/26\/preview-everton-fc-manchester-city\/#primaryimage"},"image":{"@id":"https:\/\/evertonfc.cz\/index.php\/2022\/02\/26\/preview-everton-fc-manchester-city\/#primaryimage"},"thumbnailUrl":"https:\/\/evertonfc.cz\/wp-content\/uploads\/2021\/01\/Everton-VS-Manchester-City.jpg","datePublished":"2022-02-26T12:11:05+00:00","dateModified":"2022-02-27T09:33:21+00:00","breadcrumb":{"@id":"https:\/\/evertonfc.cz\/index.php\/2022\/02\/26\/preview-everton-fc-manchester-city\/#breadcrumb"},"inLanguage":"cs","potentialAction":[{"@type":"ReadAction","target":["https:\/\/evertonfc.cz\/index.php\/2022\/02\/26\/preview-everton-fc-manchester-city\/"]}]},{"@type":"ImageObject","inLanguage":"cs","@id":"https:\/\/evertonfc.cz\/index.php\/2022\/02\/26\/preview-everton-fc-manchester-city\/#primaryimage","url":"https:\/\/evertonfc.cz\/wp-content\/uploads\/2021\/01\/Everton-VS-Manchester-City.jpg","contentUrl":"https:\/\/evertonfc.cz\/wp-content\/uploads\/2021\/01\/Everton-VS-Manchester-City.jpg","width":720,"height":405},{"@type":"BreadcrumbList","@id":"https:\/\/evertonfc.cz\/index.php\/2022\/02\/26\/preview-everton-fc-manchester-city\/#breadcrumb","itemListElement":[{"@type":"ListItem","position":1,"name":"Home","item":"https:\/\/evertonfc.cz\/"},{"@type":"ListItem","position":2,"name":"Preview: Everton &#8211; Manchester City"}]},{"@type":"WebSite","@id":"https:\/\/evertonfc.cz\/#website","url":"https:\/\/evertonfc.cz\/","name":"Official Czech &amp; Slovak Everton Supporters&#039; Club","description":"","publisher":{"@id":"https:\/\/evertonfc.cz\/#organization"},"potentialAction":[{"@type":"SearchAction","target":{"@type":"EntryPoint","urlTemplate":"https:\/\/evertonfc.cz\/?s={search_term_string}"},"query-input":{"@type":"PropertyValueSpecification","valueRequired":true,"valueName":"search_term_string"}}],"inLanguage":"cs"},{"@type":"Organization","@id":"https:\/\/evertonfc.cz\/#organization","name":"Official Czech & Slovak Everton Supporters' Club","url":"https:\/\/evertonfc.cz\/","logo":{"@type":"ImageObject","inLanguage":"cs","@id":"https:\/\/evertonfc.cz\/#\/schema\/logo\/image\/","url":"https:\/\/evertonfc.cz\/wp-content\/uploads\/2019\/05\/logo.png","contentUrl":"https:\/\/evertonfc.cz\/wp-content\/uploads\/2019\/05\/logo.png","width":112,"height":112,"caption":"Official Czech & Slovak Everton Supporters' Club"},"image":{"@id":"https:\/\/evertonfc.cz\/#\/schema\/logo\/image\/"},"sameAs":["https:\/\/www.facebook.com\/everton.fans.cz.sk"]},{"@type":"Person","@id":"https:\/\/evertonfc.cz\/#\/schema\/person\/35904009755e8eaa0dc1a5f5f0419002","name":"Fip","url":"https:\/\/evertonfc.cz\/index.php\/author\/fip\/"}]}},"_links":{"self":[{"href":"https:\/\/evertonfc.cz\/index.php\/wp-json\/wp\/v2\/posts\/17918"}],"collection":[{"href":"https:\/\/evertonfc.cz\/index.php\/wp-json\/wp\/v2\/posts"}],"about":[{"href":"https:\/\/evertonfc.cz\/index.php\/wp-json\/wp\/v2\/types\/post"}],"author":[{"embeddable":true,"href":"https:\/\/evertonfc.cz\/index.php\/wp-json\/wp\/v2\/users\/10"}],"replies":[{"embeddable":true,"href":"https:\/\/evertonfc.cz\/index.php\/wp-json\/wp\/v2\/comments?post=17918"}],"version-history":[{"count":8,"href":"https:\/\/evertonfc.cz\/index.php\/wp-json\/wp\/v2\/posts\/17918\/revisions"}],"predecessor-version":[{"id":17926,"href":"https:\/\/evertonfc.cz\/index.php\/wp-json\/wp\/v2\/posts\/17918\/revisions\/17926"}],"wp:featuredmedia":[{"embeddable":true,"href":"https:\/\/evertonfc.cz\/index.php\/wp-json\/wp\/v2\/media\/13482"}],"wp:attachment":[{"href":"https:\/\/evertonfc.cz\/index.php\/wp-json\/wp\/v2\/media?parent=17918"}],"wp:term":[{"taxonomy":"category","embeddable":true,"href":"https:\/\/evertonfc.cz\/index.php\/wp-json\/wp\/v2\/categories?post=17918"},{"taxonomy":"post_tag","embeddable":true,"href":"https:\/\/evertonfc.cz\/index.php\/wp-json\/wp\/v2\/tags?post=17918"}],"curies":[{"name":"wp","href":"https:\/\/api.w.org\/{rel}","templated":true}]}}