{"id":17919,"date":"2022-02-27T17:31:46","date_gmt":"2022-02-27T16:31:46","guid":{"rendered":"https:\/\/evertonfc.cz\/?p=17919"},"modified":"2022-02-27T17:31:46","modified_gmt":"2022-02-27T16:31:46","slug":"kto-je-kevin-thelwell","status":"publish","type":"post","link":"https:\/\/evertonfc.cz\/index.php\/2022\/02\/27\/kto-je-kevin-thelwell\/","title":{"rendered":"Kto je Kevin Thelwell?"},"content":{"rendered":"<h4>48-ro\u010dn\u00fd Angli\u010dan bol v piatok menovan\u00fd do funkcie \u0161portov\u00e9ho riadite\u013ea Evertonu. T\u00fato poz\u00edciu e\u0161te v decembri po vz\u00e1jomnej dohode opustil Holan\u010fan Marcel Brands.<\/h4>\n<p>Thelwell sa m\u00f4\u017ee pochv\u00e1li\u0165 takmer 25-ro\u010dn\u00fdmi sk\u00fasenos\u0165ami v mana\u017e\u00e9rskych a ved\u00facich poz\u00edci\u00e1ch v profesion\u00e1lnom futbale. Bude priamo podlieha\u0165 predstavenstvu klubu a bude p\u00f4sobi\u0165 ako strategick\u00fd ved\u00faci pre n\u00e1bor a v\u0161etky futbalov\u00e9 oddelenia klubu vr\u00e1tane prv\u00e9ho t\u00edmu, akad\u00e9mie, tr\u00e9nerstva, \u0161portovej vedy, lek\u00e1rskych slu\u017eieb a anal\u00fdz. Vymenovanie Thelwella je k\u013e\u00fa\u010dovou s\u00fa\u010das\u0165ou prebiehaj\u00faceho strategick\u00e9ho presk\u00famania futbalov\u00e9ho smerovania a fungovania klubu, ktor\u00e9 minul\u00fd mesiac zah\u0155\u0148alo aj vymenovanie Franka Lamparda za nov\u00e9ho mana\u017e\u00e9ra Evertonu. Bolo spusten\u00e9 pr\u00e1ve po odchode Marcela Brandsa.<\/p>\n<h4><strong>Kevin Thelwell po vymenovan\u00ed:<\/strong><\/h4>\n<p><em>\u201eSom ve\u013emi r\u00e1d, \u017ee som sa pripojil k Evertonu a \u017ee m\u00e1m pr\u00edle\u017eitos\u0165 zohra\u0165 \u00falohu na ambici\u00f3znej ceste klubu. Ve\u013emi sa te\u0161\u00edm na spolupr\u00e1cu s\u00a0Frankom, hr\u00e1\u010dmi, a na to, \u017ee pom\u00f4\u017eem majite\u013eovi a predstavenstvu dosiahnu\u0165 ich dlhodob\u00e9 futbalov\u00e9 ciele. Majite\u013e, predseda a gener\u00e1lna riadite\u013eka mi predstavili presved\u010div\u00e9 d\u00f4vody, pre\u010do som sa pripojil k tomuto skvel\u00e9mu klubu a som naozaj nad\u0161en\u00fd, \u017ee m\u00e1m pr\u00edle\u017eitos\u0165 s nimi v\u0161etk\u00fdmi pracova\u0165 a posun\u00fa\u0165 Everton vpred. Nem\u00f4\u017eem sa do\u010dka\u0165, kedy za\u010dnem.\u201c<\/em><\/p>\n<h4><strong>Za\u010diatok kari\u00e9ry<\/strong><\/h4>\n<p>Ako \u0161kol\u00e1k Thelwell postupoval v akad\u00e9mii Crewe Alexandra. Potom sa pres\u0165ahoval do Shrewsbury Town, kde z\u00edskal \u0161tipendium a post\u00fapil medzi profesion\u00e1lov. Nepodarilo sa mu v\u0161ak v klube prebojova\u0165 do A mu\u017estva. Namiesto toho hr\u00e1val poloprofesione v kluboch Northwich Victoria, Winsford United a Congleton Town.<\/p>\n<p>Svoju tr\u00e9nersk\u00fa kari\u00e9ru za\u010dal vo Football Association of Wales Trust po svojom vymenovan\u00ed za zverenca futbalov\u00e9ho rozvoja pre Denbighshire v Severnom Walese v roku 1998. V tom istom roku sa stal jedn\u00fdm z najmlad\u0161\u00edch tr\u00e9nerov, ktor\u00fd \u00faspe\u0161ne ukon\u010dil pokro\u010dil\u00fa licenciu FA\/UEFA vo veku 25 rokov. Thelwell je tie\u017e dr\u017eite\u013eom pokro\u010dilej licencie FAW\/UEFA a licencie UEFA Pro.<\/p>\n<p>\u00daspe\u0161ne ukon\u010dil titul Bsc (Hons) v oblasti \u0161portovej vedy a tie\u017e dokon\u010dil certifik\u00e1t LMA\/PFA v aplikovanom mana\u017emente na Warwick University. V roku 2002 bol vymenovan\u00fd za riadite\u013ea vzdel\u00e1vania tr\u00e9nerov so zodpovednos\u0165ou za koordin\u00e1ciu a rozvoj vzdel\u00e1vania kou\u010dov na v\u0161etk\u00fdch \u00farovniach vo Walese. To zah\u0155\u0148alo organiz\u00e1ciu a poskytovanie prest\u00ed\u017enych kurzov FAW\/UEFA Advanced License a Pro License, ku ktor\u00fdm mali pr\u00edstup tr\u00e9neri a mana\u017e\u00e9ri pracuj\u00faci v r\u00e1mci profesion\u00e1lneho futbalu.<\/p>\n<h4><strong>Klubov\u00e9 p\u00f4sobenie<\/strong><\/h4>\n<p>V lete 2005 bol Thelwell menovan\u00fd Billym Daviesom za riadite\u013ea ml\u00e1de\u017ee v Preston North End. Vo svojej prvej sez\u00f3ne ich ml\u00e1de\u017en\u00edcky t\u00edm vyhral n\u00e1rodn\u00fd poh\u00e1r Football League Youth Alliance. Na za\u010diatku sez\u00f3ny 2006\/7 Davies opustil Preston, aby sa stal mana\u017e\u00e9rom Derby County a jeho prv\u00fdm menovan\u00edm bol Thelwell za mana\u017e\u00e9ra akad\u00e9mie, \u010d\u00edm sa stal najmlad\u0161\u00edm v krajine vo veku 32 rokov.<\/p>\n<p>T\u00fato rolu v akad\u00e9mii nesk\u00f4r skombinoval s \u00falohou tr\u00e9nera prv\u00e9ho t\u00edmu, \u010d\u00edm pomohol klubu z\u00edska\u0165 postup do Premier League v jeho prvej sez\u00f3ne cez play-off. Po ne\u00faspe\u0161nom \u0161tarte prvoligovej kampane v novembri 2007 Billy Davies opustil klub po vz\u00e1jomnej dohode. Thelwell bol n\u00e1sledne vymenovan\u00fd za do\u010dasn\u00e9ho tr\u00e9nera (dvojd\u0148ov\u00e9 obdobie) pred vymenovan\u00edm Paula Jewella za ich nov\u00e9ho mana\u017e\u00e9ra.<\/p>\n<h4><strong>Wolverhampton Wanderers<\/strong><\/h4>\n<p>V apr\u00edli 2008 odi\u0161iel z\u00a0Derby County a bol vymenovan\u00fd za mana\u017e\u00e9ra akad\u00e9mie vo Wolverhamptone Wanderers, kde nahradil Chrisa Evansa. Na tejto poz\u00edcii p\u00f4sobil a\u017e do roku 2013, po\u010das ktor\u00fdch viac ako 30 vychovan\u00fdch hr\u00e1\u010dov odohralo za Wolves viac ako 1000 z\u00e1pasov v prvom t\u00edme.<\/p>\n<p>Potom sa presunul do role ved\u00faceho futbalov\u00e9ho rozvoja a n\u00e1boru v Black Country, a n\u00e1sledne v roku 2016 a\u017e do funkcie \u0161portov\u00e9ho riadite\u013ea, \u010d\u00edm v podstate zariadil vzostup Wolverhamptonu z League One v sez\u00f3ne 2013\/14 a\u017e po kvalifik\u00e1ciu do Eur\u00f3pskej ligy v ro\u010dn\u00edku 2019\/20. Pritom identifikoval a z\u00edskal hr\u00e1\u010dov ako Diogo Jota, Ruben Neves, Adama Traor\u00e9, Leander Dendoncker a Conor Coady.<\/p>\n<p>Ako \u0161portov\u00fd riadite\u013e bol zodpovedn\u00fd za prestupov\u00e9 a zmluvn\u00e9 rokovania. Dohliadal na v\u0161etky aspekty futbalovej prev\u00e1dzky vr\u00e1tane n\u00e1boru, akad\u00e9mie, \u0161portovej vedy, anal\u00fdzy v\u00fdkonnosti, medic\u00edny a tr\u00e9nerstva. Wolves boli pova\u017eovan\u00ed za jedn\u00e9ho z priekopn\u00edkov Elite Player Performance Plan v Premier League, a dosiahli status Prvej kateg\u00f3rie a aud\u00edtori ich ozna\u010dili za \u201ejednu z troch najlep\u0161\u00edch akad\u00e9mi\u00ed v krajine\u201c.<\/p>\n<p>V auguste 2019 bol Thelwell vymenovan\u00fd do predstavenstva Wolverhamptonu za jeho pr\u00ednos k \u00faspechu klubu, ke\u010f\u017ee Midlanders skon\u010dili v sez\u00f3ne 2019\/20 v Premier League po druh\u00fd raz siedmy.<\/p>\n<h4><strong>New York Red Bulls<\/strong><\/h4>\n<p>Vo febru\u00e1ri 2020 bol Thelwell vymenovan\u00fd za ved\u00faceho \u0161portu v New York Red Bulls. T\u00fdm mal doh\u013ead nad v\u0161etk\u00fdmi aspektmi \u0161portovej str\u00e1nky \u00fa\u010dastn\u00edka Major League Soccer. \u0160portov\u00fd riadite\u013e Denis Hamlett bol podriaden\u00fd priamo jemu. Podarilo sa mu prebudova\u0165 t\u00edm New Yorku s dvan\u00e1stimi nov\u00fdmi posilami zo zmesi eur\u00f3pskych a juhoamerick\u00fdch klubov. Ich t\u00edm sa n\u00e1sledne v roku 2021 kvalifikoval do dvan\u00e1steho po sebe id\u00faceho play-off s najmlad\u0161ou s\u00fapiskou v najvy\u0161\u0161ej americkej futbalovej s\u00fa\u0165a\u017ei.<\/p>\n<h4><strong>Zauj\u00edmavos\u0165<\/strong><\/h4>\n<p>Thelwell je publikovan\u00fdm autorom nieko\u013ek\u00fdch kn\u00edh a tr\u00e9nersk\u00fdch manu\u00e1lov, vr\u00e1tane \u201eCoaching the European 3-5-2\u201c. T\u00e1 obhajuje taktiku form\u00e1cie na troch obrancov. Everton v priebehu rokov len sporadicky pou\u017e\u00edval syst\u00e9m troch stredov\u00fdch obrancov. V\u00e4\u010d\u0161inou po\u010das p\u00f4sobenia Waltera Smitha v rokoch 1998-2002. Ale Lampard za\u010dal s tromi stredn\u00fdmi obrancami po\u010das prv\u00fdch dvoch z\u00e1pasov, ktor\u00e9 mal na starosti pred n\u00e1vratom k tradi\u010dnej \u0161tvorke po strate Bena Godfreyho a potom Yerryho Minu kv\u00f4li zraneniu.<\/p>\n<p style=\"text-align: right;\"><span style=\"font-size: 8pt;\">(fotozdroj: evertonfc.com)<\/span><\/p>\n","protected":false},"excerpt":{"rendered":"<p>48-ro\u010dn\u00fd Angli\u010dan bol v piatok menovan\u00fd do funkcie \u0161portov\u00e9ho riadite\u013ea Evertonu. T\u00fato poz\u00edciu e\u0161te v decembri po vz\u00e1jomnej dohode opustil Holan\u010fan Marcel Brands.<\/p>\n","protected":false},"author":1,"featured_media":17920,"comment_status":"open","ping_status":"closed","sticky":false,"template":"","format":"standard","meta":{"_eb_attr":"","_monsterinsights_skip_tracking":false,"_monsterinsights_sitenote_active":false,"_monsterinsights_sitenote_note":"","_monsterinsights_sitenote_category":0,"footnotes":""},"categories":[42],"tags":[],"yoast_head":"<!-- This site is optimized with the Yoast SEO plugin v23.4 - https:\/\/yoast.com\/wordpress\/plugins\/seo\/ -->\n<title>Kto je Kevin Thelwell? - Official Czech &amp; Slovak Everton Supporters&#039; Club<\/title>\n<meta name=\"robots\" content=\"index, follow, max-snippet:-1, max-image-preview:large, max-video-preview:-1\" \/>\n<link rel=\"canonical\" href=\"https:\/\/evertonfc.cz\/index.php\/2022\/02\/27\/kto-je-kevin-thelwell\/\" \/>\n<meta property=\"og:locale\" content=\"cs_CZ\" \/>\n<meta property=\"og:type\" content=\"article\" \/>\n<meta property=\"og:title\" content=\"Kto je Kevin Thelwell? - Official Czech &amp; Slovak Everton Supporters&#039; Club\" \/>\n<meta property=\"og:description\" content=\"48-ro\u010dn\u00fd Angli\u010dan bol v piatok menovan\u00fd do funkcie \u0161portov\u00e9ho riadite\u013ea Evertonu. T\u00fato poz\u00edciu e\u0161te v decembri po vz\u00e1jomnej dohode opustil Holan\u010fan Marcel Brands.\" \/>\n<meta property=\"og:url\" content=\"https:\/\/evertonfc.cz\/index.php\/2022\/02\/27\/kto-je-kevin-thelwell\/\" \/>\n<meta property=\"og:site_name\" content=\"Official Czech &amp; Slovak Everton Supporters&#039; Club\" \/>\n<meta property=\"article:publisher\" content=\"https:\/\/www.facebook.com\/everton.fans.cz.sk\" \/>\n<meta property=\"article:published_time\" content=\"2022-02-27T16:31:46+00:00\" \/>\n<meta property=\"og:image\" content=\"https:\/\/evertonfc.cz\/wp-content\/uploads\/2022\/02\/Kevin-Thelwell-evertonfc.com-26-2-2022.jpg\" \/>\n\t<meta property=\"og:image:width\" content=\"720\" \/>\n\t<meta property=\"og:image:height\" content=\"405\" \/>\n\t<meta property=\"og:image:type\" content=\"image\/jpeg\" \/>\n<meta name=\"author\" content=\"BlueBlooded\" \/>\n<meta name=\"twitter:card\" content=\"summary_large_image\" \/>\n<meta name=\"twitter:label1\" content=\"Napsal(a)\" \/>\n\t<meta name=\"twitter:data1\" content=\"BlueBlooded\" \/>\n\t<meta name=\"twitter:label2\" content=\"Odhadovan\u00e1 doba \u010dten\u00ed\" \/>\n\t<meta name=\"twitter:data2\" content=\"5 minut\" \/>\n<script type=\"application\/ld+json\" class=\"yoast-schema-graph\">{\"@context\":\"https:\/\/schema.org\",\"@graph\":[{\"@type\":\"Article\",\"@id\":\"https:\/\/evertonfc.cz\/index.php\/2022\/02\/27\/kto-je-kevin-thelwell\/#article\",\"isPartOf\":{\"@id\":\"https:\/\/evertonfc.cz\/index.php\/2022\/02\/27\/kto-je-kevin-thelwell\/\"},\"author\":{\"name\":\"BlueBlooded\",\"@id\":\"https:\/\/evertonfc.cz\/#\/schema\/person\/d4493b8cbea51532597fbc4685698916\"},\"headline\":\"Kto je Kevin Thelwell?\",\"datePublished\":\"2022-02-27T16:31:46+00:00\",\"dateModified\":\"2022-02-27T16:31:46+00:00\",\"mainEntityOfPage\":{\"@id\":\"https:\/\/evertonfc.cz\/index.php\/2022\/02\/27\/kto-je-kevin-thelwell\/\"},\"wordCount\":1052,\"commentCount\":1,\"publisher\":{\"@id\":\"https:\/\/evertonfc.cz\/#organization\"},\"image\":{\"@id\":\"https:\/\/evertonfc.cz\/index.php\/2022\/02\/27\/kto-je-kevin-thelwell\/#primaryimage\"},\"thumbnailUrl\":\"https:\/\/evertonfc.cz\/wp-content\/uploads\/2022\/02\/Kevin-Thelwell-evertonfc.com-26-2-2022.jpg\",\"articleSection\":[\"Aktuality\"],\"inLanguage\":\"cs\",\"potentialAction\":[{\"@type\":\"CommentAction\",\"name\":\"Comment\",\"target\":[\"https:\/\/evertonfc.cz\/index.php\/2022\/02\/27\/kto-je-kevin-thelwell\/#respond\"]}]},{\"@type\":\"WebPage\",\"@id\":\"https:\/\/evertonfc.cz\/index.php\/2022\/02\/27\/kto-je-kevin-thelwell\/\",\"url\":\"https:\/\/evertonfc.cz\/index.php\/2022\/02\/27\/kto-je-kevin-thelwell\/\",\"name\":\"Kto je Kevin Thelwell? - Official Czech &amp; Slovak Everton Supporters&#039; Club\",\"isPartOf\":{\"@id\":\"https:\/\/evertonfc.cz\/#website\"},\"primaryImageOfPage\":{\"@id\":\"https:\/\/evertonfc.cz\/index.php\/2022\/02\/27\/kto-je-kevin-thelwell\/#primaryimage\"},\"image\":{\"@id\":\"https:\/\/evertonfc.cz\/index.php\/2022\/02\/27\/kto-je-kevin-thelwell\/#primaryimage\"},\"thumbnailUrl\":\"https:\/\/evertonfc.cz\/wp-content\/uploads\/2022\/02\/Kevin-Thelwell-evertonfc.com-26-2-2022.jpg\",\"datePublished\":\"2022-02-27T16:31:46+00:00\",\"dateModified\":\"2022-02-27T16:31:46+00:00\",\"breadcrumb\":{\"@id\":\"https:\/\/evertonfc.cz\/index.php\/2022\/02\/27\/kto-je-kevin-thelwell\/#breadcrumb\"},\"inLanguage\":\"cs\",\"potentialAction\":[{\"@type\":\"ReadAction\",\"target\":[\"https:\/\/evertonfc.cz\/index.php\/2022\/02\/27\/kto-je-kevin-thelwell\/\"]}]},{\"@type\":\"ImageObject\",\"inLanguage\":\"cs\",\"@id\":\"https:\/\/evertonfc.cz\/index.php\/2022\/02\/27\/kto-je-kevin-thelwell\/#primaryimage\",\"url\":\"https:\/\/evertonfc.cz\/wp-content\/uploads\/2022\/02\/Kevin-Thelwell-evertonfc.com-26-2-2022.jpg\",\"contentUrl\":\"https:\/\/evertonfc.cz\/wp-content\/uploads\/2022\/02\/Kevin-Thelwell-evertonfc.com-26-2-2022.jpg\",\"width\":720,\"height\":405},{\"@type\":\"BreadcrumbList\",\"@id\":\"https:\/\/evertonfc.cz\/index.php\/2022\/02\/27\/kto-je-kevin-thelwell\/#breadcrumb\",\"itemListElement\":[{\"@type\":\"ListItem\",\"position\":1,\"name\":\"Home\",\"item\":\"https:\/\/evertonfc.cz\/\"},{\"@type\":\"ListItem\",\"position\":2,\"name\":\"Kto je Kevin Thelwell?\"}]},{\"@type\":\"WebSite\",\"@id\":\"https:\/\/evertonfc.cz\/#website\",\"url\":\"https:\/\/evertonfc.cz\/\",\"name\":\"Official Czech &amp; Slovak Everton Supporters&#039; Club\",\"description\":\"\",\"publisher\":{\"@id\":\"https:\/\/evertonfc.cz\/#organization\"},\"potentialAction\":[{\"@type\":\"SearchAction\",\"target\":{\"@type\":\"EntryPoint\",\"urlTemplate\":\"https:\/\/evertonfc.cz\/?s={search_term_string}\"},\"query-input\":{\"@type\":\"PropertyValueSpecification\",\"valueRequired\":true,\"valueName\":\"search_term_string\"}}],\"inLanguage\":\"cs\"},{\"@type\":\"Organization\",\"@id\":\"https:\/\/evertonfc.cz\/#organization\",\"name\":\"Official Czech & Slovak Everton Supporters' Club\",\"url\":\"https:\/\/evertonfc.cz\/\",\"logo\":{\"@type\":\"ImageObject\",\"inLanguage\":\"cs\",\"@id\":\"https:\/\/evertonfc.cz\/#\/schema\/logo\/image\/\",\"url\":\"https:\/\/evertonfc.cz\/wp-content\/uploads\/2019\/05\/logo.png\",\"contentUrl\":\"https:\/\/evertonfc.cz\/wp-content\/uploads\/2019\/05\/logo.png\",\"width\":112,\"height\":112,\"caption\":\"Official Czech & Slovak Everton Supporters' Club\"},\"image\":{\"@id\":\"https:\/\/evertonfc.cz\/#\/schema\/logo\/image\/\"},\"sameAs\":[\"https:\/\/www.facebook.com\/everton.fans.cz.sk\"]},{\"@type\":\"Person\",\"@id\":\"https:\/\/evertonfc.cz\/#\/schema\/person\/d4493b8cbea51532597fbc4685698916\",\"name\":\"BlueBlooded\",\"url\":\"https:\/\/evertonfc.cz\/index.php\/author\/admin\/\"}]}<\/script>\n<!-- \/ Yoast SEO plugin. -->","yoast_head_json":{"title":"Kto je Kevin Thelwell? - Official Czech &amp; Slovak Everton Supporters&#039; Club","robots":{"index":"index","follow":"follow","max-snippet":"max-snippet:-1","max-image-preview":"max-image-preview:large","max-video-preview":"max-video-preview:-1"},"canonical":"https:\/\/evertonfc.cz\/index.php\/2022\/02\/27\/kto-je-kevin-thelwell\/","og_locale":"cs_CZ","og_type":"article","og_title":"Kto je Kevin Thelwell? - Official Czech &amp; Slovak Everton Supporters&#039; Club","og_description":"48-ro\u010dn\u00fd Angli\u010dan bol v piatok menovan\u00fd do funkcie \u0161portov\u00e9ho riadite\u013ea Evertonu. T\u00fato poz\u00edciu e\u0161te v decembri po vz\u00e1jomnej dohode opustil Holan\u010fan Marcel Brands.","og_url":"https:\/\/evertonfc.cz\/index.php\/2022\/02\/27\/kto-je-kevin-thelwell\/","og_site_name":"Official Czech &amp; Slovak Everton Supporters&#039; Club","article_publisher":"https:\/\/www.facebook.com\/everton.fans.cz.sk","article_published_time":"2022-02-27T16:31:46+00:00","og_image":[{"width":720,"height":405,"url":"https:\/\/evertonfc.cz\/wp-content\/uploads\/2022\/02\/Kevin-Thelwell-evertonfc.com-26-2-2022.jpg","type":"image\/jpeg"}],"author":"BlueBlooded","twitter_card":"summary_large_image","twitter_misc":{"Napsal(a)":"BlueBlooded","Odhadovan\u00e1 doba \u010dten\u00ed":"5 minut"},"schema":{"@context":"https:\/\/schema.org","@graph":[{"@type":"Article","@id":"https:\/\/evertonfc.cz\/index.php\/2022\/02\/27\/kto-je-kevin-thelwell\/#article","isPartOf":{"@id":"https:\/\/evertonfc.cz\/index.php\/2022\/02\/27\/kto-je-kevin-thelwell\/"},"author":{"name":"BlueBlooded","@id":"https:\/\/evertonfc.cz\/#\/schema\/person\/d4493b8cbea51532597fbc4685698916"},"headline":"Kto je Kevin Thelwell?","datePublished":"2022-02-27T16:31:46+00:00","dateModified":"2022-02-27T16:31:46+00:00","mainEntityOfPage":{"@id":"https:\/\/evertonfc.cz\/index.php\/2022\/02\/27\/kto-je-kevin-thelwell\/"},"wordCount":1052,"commentCount":1,"publisher":{"@id":"https:\/\/evertonfc.cz\/#organization"},"image":{"@id":"https:\/\/evertonfc.cz\/index.php\/2022\/02\/27\/kto-je-kevin-thelwell\/#primaryimage"},"thumbnailUrl":"https:\/\/evertonfc.cz\/wp-content\/uploads\/2022\/02\/Kevin-Thelwell-evertonfc.com-26-2-2022.jpg","articleSection":["Aktuality"],"inLanguage":"cs","potentialAction":[{"@type":"CommentAction","name":"Comment","target":["https:\/\/evertonfc.cz\/index.php\/2022\/02\/27\/kto-je-kevin-thelwell\/#respond"]}]},{"@type":"WebPage","@id":"https:\/\/evertonfc.cz\/index.php\/2022\/02\/27\/kto-je-kevin-thelwell\/","url":"https:\/\/evertonfc.cz\/index.php\/2022\/02\/27\/kto-je-kevin-thelwell\/","name":"Kto je Kevin Thelwell? - Official Czech &amp; Slovak Everton Supporters&#039; Club","isPartOf":{"@id":"https:\/\/evertonfc.cz\/#website"},"primaryImageOfPage":{"@id":"https:\/\/evertonfc.cz\/index.php\/2022\/02\/27\/kto-je-kevin-thelwell\/#primaryimage"},"image":{"@id":"https:\/\/evertonfc.cz\/index.php\/2022\/02\/27\/kto-je-kevin-thelwell\/#primaryimage"},"thumbnailUrl":"https:\/\/evertonfc.cz\/wp-content\/uploads\/2022\/02\/Kevin-Thelwell-evertonfc.com-26-2-2022.jpg","datePublished":"2022-02-27T16:31:46+00:00","dateModified":"2022-02-27T16:31:46+00:00","breadcrumb":{"@id":"https:\/\/evertonfc.cz\/index.php\/2022\/02\/27\/kto-je-kevin-thelwell\/#breadcrumb"},"inLanguage":"cs","potentialAction":[{"@type":"ReadAction","target":["https:\/\/evertonfc.cz\/index.php\/2022\/02\/27\/kto-je-kevin-thelwell\/"]}]},{"@type":"ImageObject","inLanguage":"cs","@id":"https:\/\/evertonfc.cz\/index.php\/2022\/02\/27\/kto-je-kevin-thelwell\/#primaryimage","url":"https:\/\/evertonfc.cz\/wp-content\/uploads\/2022\/02\/Kevin-Thelwell-evertonfc.com-26-2-2022.jpg","contentUrl":"https:\/\/evertonfc.cz\/wp-content\/uploads\/2022\/02\/Kevin-Thelwell-evertonfc.com-26-2-2022.jpg","width":720,"height":405},{"@type":"BreadcrumbList","@id":"https:\/\/evertonfc.cz\/index.php\/2022\/02\/27\/kto-je-kevin-thelwell\/#breadcrumb","itemListElement":[{"@type":"ListItem","position":1,"name":"Home","item":"https:\/\/evertonfc.cz\/"},{"@type":"ListItem","position":2,"name":"Kto je Kevin Thelwell?"}]},{"@type":"WebSite","@id":"https:\/\/evertonfc.cz\/#website","url":"https:\/\/evertonfc.cz\/","name":"Official Czech &amp; Slovak Everton Supporters&#039; Club","description":"","publisher":{"@id":"https:\/\/evertonfc.cz\/#organization"},"potentialAction":[{"@type":"SearchAction","target":{"@type":"EntryPoint","urlTemplate":"https:\/\/evertonfc.cz\/?s={search_term_string}"},"query-input":{"@type":"PropertyValueSpecification","valueRequired":true,"valueName":"search_term_string"}}],"inLanguage":"cs"},{"@type":"Organization","@id":"https:\/\/evertonfc.cz\/#organization","name":"Official Czech & Slovak Everton Supporters' Club","url":"https:\/\/evertonfc.cz\/","logo":{"@type":"ImageObject","inLanguage":"cs","@id":"https:\/\/evertonfc.cz\/#\/schema\/logo\/image\/","url":"https:\/\/evertonfc.cz\/wp-content\/uploads\/2019\/05\/logo.png","contentUrl":"https:\/\/evertonfc.cz\/wp-content\/uploads\/2019\/05\/logo.png","width":112,"height":112,"caption":"Official Czech & Slovak Everton Supporters' Club"},"image":{"@id":"https:\/\/evertonfc.cz\/#\/schema\/logo\/image\/"},"sameAs":["https:\/\/www.facebook.com\/everton.fans.cz.sk"]},{"@type":"Person","@id":"https:\/\/evertonfc.cz\/#\/schema\/person\/d4493b8cbea51532597fbc4685698916","name":"BlueBlooded","url":"https:\/\/evertonfc.cz\/index.php\/author\/admin\/"}]}},"_links":{"self":[{"href":"https:\/\/evertonfc.cz\/index.php\/wp-json\/wp\/v2\/posts\/17919"}],"collection":[{"href":"https:\/\/evertonfc.cz\/index.php\/wp-json\/wp\/v2\/posts"}],"about":[{"href":"https:\/\/evertonfc.cz\/index.php\/wp-json\/wp\/v2\/types\/post"}],"author":[{"embeddable":true,"href":"https:\/\/evertonfc.cz\/index.php\/wp-json\/wp\/v2\/users\/1"}],"replies":[{"embeddable":true,"href":"https:\/\/evertonfc.cz\/index.php\/wp-json\/wp\/v2\/comments?post=17919"}],"version-history":[{"count":5,"href":"https:\/\/evertonfc.cz\/index.php\/wp-json\/wp\/v2\/posts\/17919\/revisions"}],"predecessor-version":[{"id":17943,"href":"https:\/\/evertonfc.cz\/index.php\/wp-json\/wp\/v2\/posts\/17919\/revisions\/17943"}],"wp:featuredmedia":[{"embeddable":true,"href":"https:\/\/evertonfc.cz\/index.php\/wp-json\/wp\/v2\/media\/17920"}],"wp:attachment":[{"href":"https:\/\/evertonfc.cz\/index.php\/wp-json\/wp\/v2\/media?parent=17919"}],"wp:term":[{"taxonomy":"category","embeddable":true,"href":"https:\/\/evertonfc.cz\/index.php\/wp-json\/wp\/v2\/categories?post=17919"},{"taxonomy":"post_tag","embeddable":true,"href":"https:\/\/evertonfc.cz\/index.php\/wp-json\/wp\/v2\/tags?post=17919"}],"curies":[{"name":"wp","href":"https:\/\/api.w.org\/{rel}","templated":true}]}}