{"id":17928,"date":"2022-02-26T21:14:42","date_gmt":"2022-02-26T20:14:42","guid":{"rendered":"https:\/\/evertonfc.cz\/?p=17928"},"modified":"2022-02-27T09:59:07","modified_gmt":"2022-02-27T08:59:07","slug":"everton-manchester-city-01","status":"publish","type":"post","link":"https:\/\/evertonfc.cz\/index.php\/2022\/02\/26\/everton-manchester-city-01\/","title":{"rendered":"Everton &#8211; Manchester City 0:1"},"content":{"rendered":"<h4>Favorit nakonec povinnost splnil, ale hodn\u011b si oddechl.<\/h4>\n<p>Prvn\u00ed ohro\u017een\u00ed pro br\u00e1nu Evertonu znamenal centr Cancela, le\u010d obrana dom\u00e1c\u00edch zvl\u00e1dla puml\u00ed\u010d zpacifikovat, n\u00e1sledn\u011b minitlak\u00a0 po rohu ukon\u010dil p\u0159eta\u017een\u00fd centr Colemana. Dal\u0161\u00edm nebezpe\u010dn\u00fdm centrem se prezentoval Sterling, ale obrana zvl\u00e1dla m\u00ed\u010d odkopnout, na\u010de\u017e se m\u00ed\u010d dostal ke Gordonovi &#8211; jeho st\u0159ela zd\u00e1lky nem\u011bla \u0161anci. O minut pozd\u011bji op\u011bt st\u0159\u00edlel tento supertalent, tentokr\u00e1t hodn\u011b z \u00fahlu zleva, Ederson kryl nadvakr\u00e1t. Utk\u00e1n\u00ed se neslo ve znamen\u00ed m\u00edrn\u00e9ho tlaku host\u016f, ale do \u0161anc\u00ed, nato\u017e vylo\u017een\u00fdch, pou\u0161t\u011bni nebyli.<\/p>\n<p>A dom\u00e1c\u00ed se sami dost\u00e1vali k brejk\u016fm a ke standardn\u00edm situac\u00edm. B\u011bhem jedn\u00e9 takov\u00e9 akce si zkusil vymodlit pokutov\u00fd kop Allan po z\u00e1kroku De Bruyneho, ale Tierneyho nep\u0159esv\u011bd\u010dil k fouknut\u00ed do p\u00ed\u0161\u0165alky, n\u00e1sledn\u011b nam\u00ed\u0159il do vn\u011bj\u0161\u00ed s\u00edt\u011b Kenny. Hned pot\u00e9 se do nejv\u011bt\u0161\u00ed \u0161ance z\u00e1pasu do t\u00e9 doby dostal Richarlison po p\u0159i\u0165uknut\u00ed Iwobiho, ale trefil p\u0159\u00edmo st\u0159ed branky, \u010dili Edersona. Od \u00fatoku host\u016f to bylo takov\u00e9 letargick\u00e9 p\u0159edstaven\u00ed, dom\u00e1c\u00ed trochu p\u0159idali na d\u016frazu v souboj\u00edch a celkem v pohod\u011b tak byly pokryty \u00fato\u010dn\u00e9 choutky favorita. Z\u00e1v\u011bre\u010dn\u00e9 m\u00edrn\u00e9 vzru\u0161en\u00ed prvn\u00ed p\u016fle obstaral Gordon, jeho\u017e trest\u0148\u00e1k skon\u010dil na st\u0159e\u0161e branky.<\/p>\n<p>Na za\u010d\u00e1tku druh\u00e9ho polo\u010dasu host\u00e9 p\u0159ilo\u017eili pod kotel, ale a\u017e pot\u00e9, co byl Richarlisonovi v jasn\u00e9 \u0161anci odm\u00e1v\u00e1n o\u010dek\u00e1van\u011b ofsajd. Za City byl aktivn\u00ed Silva a p\u0159edev\u0161\u00edm Foden, na kter\u00e9ho \u010dasto vych\u00e1zelo zakon\u010den\u00ed. T\u0159eba to v 56. minut\u011b vyrazil Pickford na roh. V 64. minut\u011b prov\u011b\u0159il Pickforda Stones, ale ten nadvakr\u00e1t kryl. Je\u0161t\u011b l\u00e9pe si \u010dapajev Evertonu po\u010d\u00ednal o p\u011bt minut pozd\u011bji, kdy st\u0159elu De Bruyneho vyrazil k Silvovi, ale poradil si i s jeho dor\u00e1\u017ekou. Zkr\u00e1tka to byl drtiv\u00fd tlak. Ojedin\u011bl\u00fd brejk zakon\u010dil Gordon vedle, ale nutno \u0159\u00edci, \u017ee trochu zasob\u010dil.<\/p>\n<p>A po Rodriho st\u0159ele zd\u00e1lky, kter\u00e9 k Pickfordovi ani nepro\u0161la, se m\u011bnilo sk\u00f3re. Silv\u016fv centr zleva zblokoval Holgate ke Keanovi, tomu m\u00ed\u010d pro\u0161el pod kopa\u010dkou a za n\u00edm u\u017e \u010d\u00edhal Foden. Prvn\u00edm dotykem si m\u00ed\u010d zpracoval a druh\u00fdm ho ze t\u0159\u00ed metr\u016f poslal do s\u00edt\u011b &#8211; <strong>0:1!\u00a0<\/strong>Prakticky z proti\u00fatoku m\u011bl pr\u00e1ci videorozhod\u010d\u00ed. Centr zleva sko\u010dil na ruku Rodriho, kter\u00fd ji m\u011bl evidentn\u011b od t\u011bla. Po prozkoum\u00e1n\u00ed videa ale penalta nebyla na\u0159\u00edzena a hlavn\u00ed sud\u00ed Tierney odp\u00edskal ofsajd. Do konce utk\u00e1n\u00ed ji\u017e bylo rozd\u00e1no pouze n\u011bkolik \u017elut\u00fdch karet.<\/p>\n<p style=\"text-align: right;\"><span style=\"font-size: 8pt;\">(fotozdroj: premierleague.com)<\/span><\/p>\n<p><strong>Branka:\u00a0<\/strong>82. Foden<\/p>\n<p><strong>\u017dK:\u00a0<\/strong>27. van de Beek, 5<span data-source=\"lightstreamer\" data-grid=\"main\" data-item=\"item_684369\" data-field=\"cards\">7. Allan, 90+6. Alli \u2013 87. Ederson, 89. Foden\u00a0<\/span><\/p>\n<p class=\"cards_item_684369 hidden\"><span data-source=\"lightstreamer\" data-grid=\"main\" data-item=\"item_684369\" data-field=\"cards\">van de Beek (EVE), 57. Allan (EVE), 90+6. Alli (EVE) \u2013 87. Ederson (MAC), 89. Foden (MAC)<\/span><\/p>\n<p class=\"cards_item_684369 hidden\"><span data-source=\"lightstreamer\" data-grid=\"main\" data-item=\"item_684369\" data-field=\"cards\">van de Beek (EVE), 57. Allan (EVE), 90+6. Alli (EVE) \u2013 87. Ederson (MAC), 89. Foden (MAC)<\/span><\/p>\n<p><strong>Everton FC: <\/strong>Pickford \u2013 Coleman , Holgate, M. Keane, Kenny \u2013 Allan, Doucour\u00e9 \u2013 Iwobi (88. El Ghazi), van de Beek (71. Alli), Gordon (77. Gray) \u2013 Richarlison<\/p>\n<p><strong>Manchester City:<\/strong>\u00a0<span data-source=\"lightstreamer\" data-grid=\"main\" data-item=\"item_684369\" data-field=\"report2\">Ederson \u2013 Cancelo, R\u00faben Dias, Stones, Laporte \u2013 De Bruyne, Rodri, G\u00fcndo\u011fan (77. Mahrez) \u2013 B. Silva, Foden, Sterling (77. Jesus)<\/span><\/p>\n<p><strong>Rozhod\u010d\u00ed:\u00a0<\/strong>Paul Tierney\u00a0 <strong>Div\u00e1ci: <\/strong>39032<\/p>\n","protected":false},"excerpt":{"rendered":"<p>Solidn\u00ed v\u00fdkon na bod nakonec nesta\u010dil.<\/p>\n","protected":false},"author":12,"featured_media":17931,"comment_status":"open","ping_status":"closed","sticky":false,"template":"","format":"standard","meta":{"_eb_attr":"","_monsterinsights_skip_tracking":false,"_monsterinsights_sitenote_active":false,"_monsterinsights_sitenote_note":"","_monsterinsights_sitenote_category":0,"footnotes":""},"categories":[4],"tags":[],"yoast_head":"<!-- This site is optimized with the Yoast SEO plugin v23.4 - https:\/\/yoast.com\/wordpress\/plugins\/seo\/ -->\n<title>Everton - Manchester City 0:1 - Official Czech &amp; Slovak Everton Supporters&#039; Club<\/title>\n<meta name=\"description\" content=\"Favorit nakonec povinnost splnil, ale hodn\u011b si oddechl.\" \/>\n<meta name=\"robots\" content=\"index, follow, max-snippet:-1, max-image-preview:large, max-video-preview:-1\" \/>\n<link rel=\"canonical\" href=\"https:\/\/evertonfc.cz\/index.php\/2022\/02\/26\/everton-manchester-city-01\/\" \/>\n<meta property=\"og:locale\" content=\"cs_CZ\" \/>\n<meta property=\"og:type\" content=\"article\" \/>\n<meta property=\"og:title\" content=\"Everton - Manchester City 0:1 - Official Czech &amp; Slovak Everton Supporters&#039; Club\" \/>\n<meta property=\"og:description\" content=\"Favorit nakonec povinnost splnil, ale hodn\u011b si oddechl.\" \/>\n<meta property=\"og:url\" content=\"https:\/\/evertonfc.cz\/index.php\/2022\/02\/26\/everton-manchester-city-01\/\" \/>\n<meta property=\"og:site_name\" content=\"Official Czech &amp; Slovak Everton Supporters&#039; Club\" \/>\n<meta property=\"article:publisher\" content=\"https:\/\/www.facebook.com\/everton.fans.cz.sk\" \/>\n<meta property=\"article:published_time\" content=\"2022-02-26T20:14:42+00:00\" \/>\n<meta property=\"article:modified_time\" content=\"2022-02-27T08:59:07+00:00\" \/>\n<meta property=\"og:image\" content=\"https:\/\/evertonfc.cz\/wp-content\/uploads\/2022\/02\/Everton-VS-Manchester-City-27-2-2022.jpg\" \/>\n\t<meta property=\"og:image:width\" content=\"720\" \/>\n\t<meta property=\"og:image:height\" content=\"405\" \/>\n\t<meta property=\"og:image:type\" content=\"image\/jpeg\" \/>\n<meta name=\"author\" content=\"Javor\" \/>\n<meta name=\"twitter:card\" content=\"summary_large_image\" \/>\n<meta name=\"twitter:creator\" content=\"@LoudinJan\" \/>\n<meta name=\"twitter:label1\" content=\"Napsal(a)\" \/>\n\t<meta name=\"twitter:data1\" content=\"Javor\" \/>\n\t<meta name=\"twitter:label2\" content=\"Odhadovan\u00e1 doba \u010dten\u00ed\" \/>\n\t<meta name=\"twitter:data2\" content=\"3 minuty\" \/>\n<script type=\"application\/ld+json\" class=\"yoast-schema-graph\">{\"@context\":\"https:\/\/schema.org\",\"@graph\":[{\"@type\":\"Article\",\"@id\":\"https:\/\/evertonfc.cz\/index.php\/2022\/02\/26\/everton-manchester-city-01\/#article\",\"isPartOf\":{\"@id\":\"https:\/\/evertonfc.cz\/index.php\/2022\/02\/26\/everton-manchester-city-01\/\"},\"author\":{\"name\":\"Javor\",\"@id\":\"https:\/\/evertonfc.cz\/#\/schema\/person\/b30daf6a5852f4811f8207a17ec1bf78\"},\"headline\":\"Everton &#8211; Manchester City 0:1\",\"datePublished\":\"2022-02-26T20:14:42+00:00\",\"dateModified\":\"2022-02-27T08:59:07+00:00\",\"mainEntityOfPage\":{\"@id\":\"https:\/\/evertonfc.cz\/index.php\/2022\/02\/26\/everton-manchester-city-01\/\"},\"wordCount\":564,\"commentCount\":6,\"publisher\":{\"@id\":\"https:\/\/evertonfc.cz\/#organization\"},\"image\":{\"@id\":\"https:\/\/evertonfc.cz\/index.php\/2022\/02\/26\/everton-manchester-city-01\/#primaryimage\"},\"thumbnailUrl\":\"https:\/\/evertonfc.cz\/wp-content\/uploads\/2022\/02\/Everton-VS-Manchester-City-27-2-2022.jpg\",\"articleSection\":[\"Z\u00e1pasy\"],\"inLanguage\":\"cs\",\"potentialAction\":[{\"@type\":\"CommentAction\",\"name\":\"Comment\",\"target\":[\"https:\/\/evertonfc.cz\/index.php\/2022\/02\/26\/everton-manchester-city-01\/#respond\"]}]},{\"@type\":\"WebPage\",\"@id\":\"https:\/\/evertonfc.cz\/index.php\/2022\/02\/26\/everton-manchester-city-01\/\",\"url\":\"https:\/\/evertonfc.cz\/index.php\/2022\/02\/26\/everton-manchester-city-01\/\",\"name\":\"Everton - Manchester City 0:1 - Official Czech &amp; Slovak Everton Supporters&#039; Club\",\"isPartOf\":{\"@id\":\"https:\/\/evertonfc.cz\/#website\"},\"primaryImageOfPage\":{\"@id\":\"https:\/\/evertonfc.cz\/index.php\/2022\/02\/26\/everton-manchester-city-01\/#primaryimage\"},\"image\":{\"@id\":\"https:\/\/evertonfc.cz\/index.php\/2022\/02\/26\/everton-manchester-city-01\/#primaryimage\"},\"thumbnailUrl\":\"https:\/\/evertonfc.cz\/wp-content\/uploads\/2022\/02\/Everton-VS-Manchester-City-27-2-2022.jpg\",\"datePublished\":\"2022-02-26T20:14:42+00:00\",\"dateModified\":\"2022-02-27T08:59:07+00:00\",\"description\":\"Favorit nakonec povinnost splnil, ale hodn\u011b si oddechl.\",\"breadcrumb\":{\"@id\":\"https:\/\/evertonfc.cz\/index.php\/2022\/02\/26\/everton-manchester-city-01\/#breadcrumb\"},\"inLanguage\":\"cs\",\"potentialAction\":[{\"@type\":\"ReadAction\",\"target\":[\"https:\/\/evertonfc.cz\/index.php\/2022\/02\/26\/everton-manchester-city-01\/\"]}]},{\"@type\":\"ImageObject\",\"inLanguage\":\"cs\",\"@id\":\"https:\/\/evertonfc.cz\/index.php\/2022\/02\/26\/everton-manchester-city-01\/#primaryimage\",\"url\":\"https:\/\/evertonfc.cz\/wp-content\/uploads\/2022\/02\/Everton-VS-Manchester-City-27-2-2022.jpg\",\"contentUrl\":\"https:\/\/evertonfc.cz\/wp-content\/uploads\/2022\/02\/Everton-VS-Manchester-City-27-2-2022.jpg\",\"width\":720,\"height\":405},{\"@type\":\"BreadcrumbList\",\"@id\":\"https:\/\/evertonfc.cz\/index.php\/2022\/02\/26\/everton-manchester-city-01\/#breadcrumb\",\"itemListElement\":[{\"@type\":\"ListItem\",\"position\":1,\"name\":\"Home\",\"item\":\"https:\/\/evertonfc.cz\/\"},{\"@type\":\"ListItem\",\"position\":2,\"name\":\"Everton &#8211; Manchester City 0:1\"}]},{\"@type\":\"WebSite\",\"@id\":\"https:\/\/evertonfc.cz\/#website\",\"url\":\"https:\/\/evertonfc.cz\/\",\"name\":\"Official Czech &amp; Slovak Everton Supporters&#039; Club\",\"description\":\"\",\"publisher\":{\"@id\":\"https:\/\/evertonfc.cz\/#organization\"},\"potentialAction\":[{\"@type\":\"SearchAction\",\"target\":{\"@type\":\"EntryPoint\",\"urlTemplate\":\"https:\/\/evertonfc.cz\/?s={search_term_string}\"},\"query-input\":{\"@type\":\"PropertyValueSpecification\",\"valueRequired\":true,\"valueName\":\"search_term_string\"}}],\"inLanguage\":\"cs\"},{\"@type\":\"Organization\",\"@id\":\"https:\/\/evertonfc.cz\/#organization\",\"name\":\"Official Czech & Slovak Everton Supporters' Club\",\"url\":\"https:\/\/evertonfc.cz\/\",\"logo\":{\"@type\":\"ImageObject\",\"inLanguage\":\"cs\",\"@id\":\"https:\/\/evertonfc.cz\/#\/schema\/logo\/image\/\",\"url\":\"https:\/\/evertonfc.cz\/wp-content\/uploads\/2019\/05\/logo.png\",\"contentUrl\":\"https:\/\/evertonfc.cz\/wp-content\/uploads\/2019\/05\/logo.png\",\"width\":112,\"height\":112,\"caption\":\"Official Czech & Slovak Everton Supporters' Club\"},\"image\":{\"@id\":\"https:\/\/evertonfc.cz\/#\/schema\/logo\/image\/\"},\"sameAs\":[\"https:\/\/www.facebook.com\/everton.fans.cz.sk\"]},{\"@type\":\"Person\",\"@id\":\"https:\/\/evertonfc.cz\/#\/schema\/person\/b30daf6a5852f4811f8207a17ec1bf78\",\"name\":\"Javor\",\"sameAs\":[\"https:\/\/x.com\/LoudinJan\"],\"url\":\"https:\/\/evertonfc.cz\/index.php\/author\/javor\/\"}]}<\/script>\n<!-- \/ Yoast SEO plugin. -->","yoast_head_json":{"title":"Everton - Manchester City 0:1 - Official Czech &amp; Slovak Everton Supporters&#039; Club","description":"Favorit nakonec povinnost splnil, ale hodn\u011b si oddechl.","robots":{"index":"index","follow":"follow","max-snippet":"max-snippet:-1","max-image-preview":"max-image-preview:large","max-video-preview":"max-video-preview:-1"},"canonical":"https:\/\/evertonfc.cz\/index.php\/2022\/02\/26\/everton-manchester-city-01\/","og_locale":"cs_CZ","og_type":"article","og_title":"Everton - Manchester City 0:1 - Official Czech &amp; Slovak Everton Supporters&#039; Club","og_description":"Favorit nakonec povinnost splnil, ale hodn\u011b si oddechl.","og_url":"https:\/\/evertonfc.cz\/index.php\/2022\/02\/26\/everton-manchester-city-01\/","og_site_name":"Official Czech &amp; Slovak Everton Supporters&#039; Club","article_publisher":"https:\/\/www.facebook.com\/everton.fans.cz.sk","article_published_time":"2022-02-26T20:14:42+00:00","article_modified_time":"2022-02-27T08:59:07+00:00","og_image":[{"width":720,"height":405,"url":"https:\/\/evertonfc.cz\/wp-content\/uploads\/2022\/02\/Everton-VS-Manchester-City-27-2-2022.jpg","type":"image\/jpeg"}],"author":"Javor","twitter_card":"summary_large_image","twitter_creator":"@LoudinJan","twitter_misc":{"Napsal(a)":"Javor","Odhadovan\u00e1 doba \u010dten\u00ed":"3 minuty"},"schema":{"@context":"https:\/\/schema.org","@graph":[{"@type":"Article","@id":"https:\/\/evertonfc.cz\/index.php\/2022\/02\/26\/everton-manchester-city-01\/#article","isPartOf":{"@id":"https:\/\/evertonfc.cz\/index.php\/2022\/02\/26\/everton-manchester-city-01\/"},"author":{"name":"Javor","@id":"https:\/\/evertonfc.cz\/#\/schema\/person\/b30daf6a5852f4811f8207a17ec1bf78"},"headline":"Everton &#8211; Manchester City 0:1","datePublished":"2022-02-26T20:14:42+00:00","dateModified":"2022-02-27T08:59:07+00:00","mainEntityOfPage":{"@id":"https:\/\/evertonfc.cz\/index.php\/2022\/02\/26\/everton-manchester-city-01\/"},"wordCount":564,"commentCount":6,"publisher":{"@id":"https:\/\/evertonfc.cz\/#organization"},"image":{"@id":"https:\/\/evertonfc.cz\/index.php\/2022\/02\/26\/everton-manchester-city-01\/#primaryimage"},"thumbnailUrl":"https:\/\/evertonfc.cz\/wp-content\/uploads\/2022\/02\/Everton-VS-Manchester-City-27-2-2022.jpg","articleSection":["Z\u00e1pasy"],"inLanguage":"cs","potentialAction":[{"@type":"CommentAction","name":"Comment","target":["https:\/\/evertonfc.cz\/index.php\/2022\/02\/26\/everton-manchester-city-01\/#respond"]}]},{"@type":"WebPage","@id":"https:\/\/evertonfc.cz\/index.php\/2022\/02\/26\/everton-manchester-city-01\/","url":"https:\/\/evertonfc.cz\/index.php\/2022\/02\/26\/everton-manchester-city-01\/","name":"Everton - Manchester City 0:1 - Official Czech &amp; Slovak Everton Supporters&#039; Club","isPartOf":{"@id":"https:\/\/evertonfc.cz\/#website"},"primaryImageOfPage":{"@id":"https:\/\/evertonfc.cz\/index.php\/2022\/02\/26\/everton-manchester-city-01\/#primaryimage"},"image":{"@id":"https:\/\/evertonfc.cz\/index.php\/2022\/02\/26\/everton-manchester-city-01\/#primaryimage"},"thumbnailUrl":"https:\/\/evertonfc.cz\/wp-content\/uploads\/2022\/02\/Everton-VS-Manchester-City-27-2-2022.jpg","datePublished":"2022-02-26T20:14:42+00:00","dateModified":"2022-02-27T08:59:07+00:00","description":"Favorit nakonec povinnost splnil, ale hodn\u011b si oddechl.","breadcrumb":{"@id":"https:\/\/evertonfc.cz\/index.php\/2022\/02\/26\/everton-manchester-city-01\/#breadcrumb"},"inLanguage":"cs","potentialAction":[{"@type":"ReadAction","target":["https:\/\/evertonfc.cz\/index.php\/2022\/02\/26\/everton-manchester-city-01\/"]}]},{"@type":"ImageObject","inLanguage":"cs","@id":"https:\/\/evertonfc.cz\/index.php\/2022\/02\/26\/everton-manchester-city-01\/#primaryimage","url":"https:\/\/evertonfc.cz\/wp-content\/uploads\/2022\/02\/Everton-VS-Manchester-City-27-2-2022.jpg","contentUrl":"https:\/\/evertonfc.cz\/wp-content\/uploads\/2022\/02\/Everton-VS-Manchester-City-27-2-2022.jpg","width":720,"height":405},{"@type":"BreadcrumbList","@id":"https:\/\/evertonfc.cz\/index.php\/2022\/02\/26\/everton-manchester-city-01\/#breadcrumb","itemListElement":[{"@type":"ListItem","position":1,"name":"Home","item":"https:\/\/evertonfc.cz\/"},{"@type":"ListItem","position":2,"name":"Everton &#8211; Manchester City 0:1"}]},{"@type":"WebSite","@id":"https:\/\/evertonfc.cz\/#website","url":"https:\/\/evertonfc.cz\/","name":"Official Czech &amp; Slovak Everton Supporters&#039; Club","description":"","publisher":{"@id":"https:\/\/evertonfc.cz\/#organization"},"potentialAction":[{"@type":"SearchAction","target":{"@type":"EntryPoint","urlTemplate":"https:\/\/evertonfc.cz\/?s={search_term_string}"},"query-input":{"@type":"PropertyValueSpecification","valueRequired":true,"valueName":"search_term_string"}}],"inLanguage":"cs"},{"@type":"Organization","@id":"https:\/\/evertonfc.cz\/#organization","name":"Official Czech & Slovak Everton Supporters' Club","url":"https:\/\/evertonfc.cz\/","logo":{"@type":"ImageObject","inLanguage":"cs","@id":"https:\/\/evertonfc.cz\/#\/schema\/logo\/image\/","url":"https:\/\/evertonfc.cz\/wp-content\/uploads\/2019\/05\/logo.png","contentUrl":"https:\/\/evertonfc.cz\/wp-content\/uploads\/2019\/05\/logo.png","width":112,"height":112,"caption":"Official Czech & Slovak Everton Supporters' Club"},"image":{"@id":"https:\/\/evertonfc.cz\/#\/schema\/logo\/image\/"},"sameAs":["https:\/\/www.facebook.com\/everton.fans.cz.sk"]},{"@type":"Person","@id":"https:\/\/evertonfc.cz\/#\/schema\/person\/b30daf6a5852f4811f8207a17ec1bf78","name":"Javor","sameAs":["https:\/\/x.com\/LoudinJan"],"url":"https:\/\/evertonfc.cz\/index.php\/author\/javor\/"}]}},"_links":{"self":[{"href":"https:\/\/evertonfc.cz\/index.php\/wp-json\/wp\/v2\/posts\/17928"}],"collection":[{"href":"https:\/\/evertonfc.cz\/index.php\/wp-json\/wp\/v2\/posts"}],"about":[{"href":"https:\/\/evertonfc.cz\/index.php\/wp-json\/wp\/v2\/types\/post"}],"author":[{"embeddable":true,"href":"https:\/\/evertonfc.cz\/index.php\/wp-json\/wp\/v2\/users\/12"}],"replies":[{"embeddable":true,"href":"https:\/\/evertonfc.cz\/index.php\/wp-json\/wp\/v2\/comments?post=17928"}],"version-history":[{"count":5,"href":"https:\/\/evertonfc.cz\/index.php\/wp-json\/wp\/v2\/posts\/17928\/revisions"}],"predecessor-version":[{"id":17934,"href":"https:\/\/evertonfc.cz\/index.php\/wp-json\/wp\/v2\/posts\/17928\/revisions\/17934"}],"wp:featuredmedia":[{"embeddable":true,"href":"https:\/\/evertonfc.cz\/index.php\/wp-json\/wp\/v2\/media\/17931"}],"wp:attachment":[{"href":"https:\/\/evertonfc.cz\/index.php\/wp-json\/wp\/v2\/media?parent=17928"}],"wp:term":[{"taxonomy":"category","embeddable":true,"href":"https:\/\/evertonfc.cz\/index.php\/wp-json\/wp\/v2\/categories?post=17928"},{"taxonomy":"post_tag","embeddable":true,"href":"https:\/\/evertonfc.cz\/index.php\/wp-json\/wp\/v2\/tags?post=17928"}],"curies":[{"name":"wp","href":"https:\/\/api.w.org\/{rel}","templated":true}]}}