{"id":17945,"date":"2022-02-28T18:03:17","date_gmt":"2022-02-28T17:03:17","guid":{"rendered":"https:\/\/evertonfc.cz\/?p=17945"},"modified":"2022-05-11T09:21:56","modified_gmt":"2022-05-11T07:21:56","slug":"wfa-cup-charlton-athletic-w-everton-w-02","status":"publish","type":"post","link":"https:\/\/evertonfc.cz\/index.php\/2022\/02\/28\/wfa-cup-charlton-athletic-w-everton-w-02\/","title":{"rendered":"WFA Cup: Charlton Athletic W &#8211; Everton W 0:2"},"content":{"rendered":"<h4>V\u00edt\u011bzstv\u00ed karamel v Lond\u00fdn\u011b znamen\u00e1 snad kone\u010dn\u011b \u00fa\u010dinn\u00fd l\u00e9k na na\u0161\u00ed po\u0161ramocenou psychiku a tak\u00e9 postup do \u010dtvrtfin\u00e1le Women\u00b4s FA Cup.<\/h4>\n<p>Lond\u00fdnsk\u00fd The Oakwood byl d\u011bji\u0161t\u011bm z\u00e1pasu 5. kola Vitality Women\u00b4s FA Cup. \u017deny Evertonu (v dresech zne\u010di\u0161t\u011bn\u00fdch logem Magafonu) se v n\u011bm utkaly s d\u00e1mami Charlton Athletics, ctihodn\u00e9ho klubu, kter\u00fd na za\u010d\u00e1tku 21. stolet\u00ed byl jednou z hv\u011bzd WSL. Nyn\u00ed p\u016fsob\u00ed v Championship, kde mu pat\u0159\u00ed 4. p\u0159\u00ed\u010dka. Soupe\u0159i se v poh\u00e1rov\u00e9m utk\u00e1n\u00ed nesetkali poprv\u00e9. The Addics (ponech\u00e1v\u00e1m bez p\u0159ekladu &#8211; v\u00fdraz &#8222;narkomani&#8220; mi nep\u0159ipad\u00e1 \u0161\u0165astn\u00fd &#8211; pozn. autora) se s karamelami utkali ve fin\u00e1le WFA Cup ji\u017e v sez\u00f3n\u011b 2004-2005 a byly to pr\u00e1v\u011b lond\u00fd\u0148anky, kdo se tenkr\u00e1t radoval ze zisku cenn\u00e9 trofeje.<\/p>\n<h4>Prvn\u00ed polo\u010das<\/h4>\n<p>Za\u010dal p\u0159ed\u010dasn\u011b rozehr\u00e1n\u00edm Bennison, kter\u00e1 si nespr\u00e1vn\u011b vylo\u017eila sign\u00e1l rozhod\u010d\u00edho k pokleknut\u00ed. Napodruh\u00e9 ale ji\u017e v\u0161e klaplo. V 5. minut\u011b po chyb\u011b v na\u0161\u00ed rozehr\u00e1vce\u00a0 nebezpe\u010dn\u011b vyp\u00e1lia Robinson, ale MacIver spolehliv\u011b zakro\u010dila. Charlton n\u00e1m zat\u00e1p\u011bl i nad\u00e1le. Everton se k rozumn\u00e9 akci dostal a\u017e v 19. minut\u011b, kdy po p\u0159\u00edm\u00e9m kopu Bennison hlavi\u010dkovala Finnigan mimo branku. Ale ani potom se obraz hry v\u00fdrazn\u011bji nezlep\u0161il. Addics tr\u00e1vily nebezpe\u010dn\u011b mnoho \u010dasu na na\u0161\u00ed polovin\u011b. Obvykl\u00e1 p\u0159ehl\u00eddka nep\u0159esnosti na\u0161eho t\u00fdmu atraktivit\u011b hry tak\u00e9 nep\u0159idala. V 25. minut\u011b po krosu Turner hlavi\u010dkovala velmi nebezpe\u010dn\u011b Duggan, ale Cumings v brance dom\u00e1c\u00edch vyt\u00e1hla v\u00fdborn\u00fd z\u00e1krok a vz\u00e1p\u011bt\u00ed dal\u0161\u00ed p\u0159i dor\u00e1\u017ece Christiansen. Ve 33. minut\u011b p\u0159edvedla Kenza Dali, \u017ee technika j\u00ed nen\u00ed ciz\u00ed a zpoza v\u00e1pna zleva vyslala kroucenou st\u0159elu do lev\u00e9 \u0161ibenice branky dom\u00e1c\u00edch &#8211; <strong>0:1<\/strong>. Po g\u00f3lu se na\u0161e hry v\u00fdznamn\u011b zlep\u0161ila. Ne \u017ee bychom hr\u00e1li p\u0159esn\u011bji, ale za\u010dal kazit i soupe\u0159 a dostali jsme se do n\u011bkolika slu\u0161n\u00fdch \u0161anc\u00ed. P\u0159esto dal\u0161\u00ed g\u00f3l do p\u0159est\u00e1vky jsme u\u017e nep\u0159idali.<\/p>\n<h4>Druh\u00fd polo\u010das<\/h4>\n<p>vypadal o pozn\u00e1n\u00ed l\u00e9pe, ne\u017e jeho p\u0159edchoz\u00ed kolega. Prakticky od za\u010d\u00e1tku jsme pob\u00fdvali na p\u016fli soupe\u0159e a i na na\u0161e akce se dalo d\u00edvat. Objevily se p\u0159ihr\u00e1vky na jeden dotek a Addicks p\u0159est\u00e1valy st\u00edhat. Bennison se v 54. minut\u011b op\u0159ela do m\u00ed\u010de a jej\u00ed st\u0159ela jen t\u011bsn\u011b minula pravou \u0161ibenici. Skute\u010dn\u00fd g\u00f3l p\u0159inesla a\u017e 73. minuta, kdy Duggan na lev\u00e9m k\u0159\u00eddle na\u0161la p\u0159esn\u00fdm pasem Anveg\u00e5rd v mal\u00e9m v\u00e1pn\u011b. \u0160v\u00e9dka bez v\u00e1h\u00e1n\u00ed hlavi\u010dkovala, ale brank\u00e1\u0159ka dom\u00e1c\u00ed\u00e1ch st\u0159elu vyrazila.\u00a0 Vz\u00e1p\u011bt\u00ed n\u00e1sleduj\u00edc\u00ed dor\u00e1\u017eka hlavou u\u017e ov\u0161em do s\u00edt\u011b pro\u0161la &#8211; <strong>0:2<\/strong>. V 84. minut\u011b MacIver v t\u011bsn\u00e9m sledu dvakr\u00e1t podr\u017eela sv\u016fj t\u00fdm po men\u0161\u00edm chaosu v obran\u011b. Vz\u00e1p\u011bt\u00ed mela Emslie na kopa\u010dce t\u0159et\u00ed g\u00f3l, ale m\u00ed\u010d sm\u011b\u0159oval jen do b\u0159evna. Sk\u00f3re tedy z\u016fstalo nakonec beze zm\u011bn.<\/p>\n<h4>Shrnut\u00ed<\/h4>\n<p>Z\u00e1pas v pln\u00e9 par\u00e1d\u011b je k dispozici na\u00a0youtube. Jsme ve \u010dtvrtfin\u00e1le Vitality Women\u00b4s FA Cup. Spolu s n\u00e1mi je\u0161t\u011b Ipswich, Arsenal, MCFC, Chelsea, West Ham, Coventry a Birmingham. P\u0159i \u0161\u0165astn\u00e9m losu a p\u0159ijateln\u00e9m v\u00fdkonu nen\u00ed postup do semifin\u00e1le zcela vylou\u010den. Pro m\u011b osobn\u011b ale byla v\u00fdznamn\u00e1 hlavn\u011b hra ve druh\u00e9m polo\u010dase. Po dlouh\u00e9 dob\u011b jsme m\u011bl kone\u010dn\u011b pocit, \u017ee fotbal hr\u00e1t um\u00edme a soupe\u0159e p\u0159ehr\u00e1v\u00e1me. Co\u017e je p\u0159ed v\u00edkendovou repr\u00edzou ligov\u00e9ho z\u00e1pasu s Villans a p\u0159i pohledu na Everton na p\u0159edposledn\u00edm m\u00edst\u011b ligov\u00e9 tabulky nad\u011bjn\u00fd poznatek. Snad nebudeme nakonec zklam\u00e1ni. Rozlou\u010den\u00ed bude dnes aktu\u00e1ln\u011bj\u0161\u00edm pozdravem: <strong><span style=\"color: #000000;\">Sl\u00e1va Ukrajin\u011b!<\/span><\/strong><\/p>\n<p style=\"text-align: right;\"><span style=\"font-size: 8pt;\"><em>Fotografie: Emslie, Finnigan a Pattinson (zdroj: https:\/\/twitter.com\/EvertonWomen)<\/em><\/span><\/p>\n<p><strong>Branky:<\/strong> Dali (33\u00b4), Anveg\u00e5rd (75\u00b4)\u00a0 <strong>Sest\u0159ih z\u00e1pasu:<\/strong><a href=\"https:\/\/www.youtube.com\/watch?v=MTaHjIikBlw\" target=\"_blank\" rel=\"noopener\">\u00a0YouTube<\/a><\/p>\n<p><strong>Charlton: <\/strong>Cumings, Filbey, Bruton (Hughes 61\u00b4), Sulola (Heuchan 81\u00b4), Wynne (Quirk 67\u00b4), Skeels, Roe, Robinson, Godfrey, Fox, Ross<\/p>\n<p><strong>Everton:<\/strong> MacIver, Maier (Pattinson 68\u00b4), Finnigan, George, Turner, Galli, Christiansen, Graham (Emslie 56\u00b4), Dali (Gauvin 76\u00b4), Bennison (Anveg\u00e5rd 56\u00b4), Duggan<\/p>\n<p><strong>Div\u00e1k\u016f:<\/strong> 457<\/p>\n","protected":false},"excerpt":{"rendered":"<p>V\u00edt\u011bzstv\u00ed karamel v Lond\u00fdn\u011b znamen\u00e1 snad kone\u010dn\u011b \u00fa\u010dinn\u00fd l\u00e9k na na\u0161\u00ed po\u0161ramocenou psychiku a tak\u00e9 postup do \u010dtvrtfin\u00e1le Women\u00b4s FA Cup.\u00a0<\/p>\n","protected":false},"author":26,"featured_media":17956,"comment_status":"open","ping_status":"closed","sticky":false,"template":"","format":"standard","meta":{"_eb_attr":"","_monsterinsights_skip_tracking":false,"_monsterinsights_sitenote_active":false,"_monsterinsights_sitenote_note":"","_monsterinsights_sitenote_category":0,"footnotes":""},"categories":[110],"tags":[],"yoast_head":"<!-- This site is optimized with the Yoast SEO plugin v23.4 - https:\/\/yoast.com\/wordpress\/plugins\/seo\/ -->\n<title>WFA Cup: Charlton Athletic W - Everton W 0:2 - Official Czech &amp; Slovak Everton Supporters&#039; Club<\/title>\n<meta name=\"robots\" content=\"index, follow, max-snippet:-1, max-image-preview:large, max-video-preview:-1\" \/>\n<link rel=\"canonical\" href=\"https:\/\/evertonfc.cz\/index.php\/2022\/02\/28\/wfa-cup-charlton-athletic-w-everton-w-02\/\" \/>\n<meta property=\"og:locale\" content=\"cs_CZ\" \/>\n<meta property=\"og:type\" content=\"article\" \/>\n<meta property=\"og:title\" content=\"WFA Cup: Charlton Athletic W - Everton W 0:2 - Official Czech &amp; Slovak Everton Supporters&#039; Club\" \/>\n<meta property=\"og:description\" content=\"V\u00edt\u011bzstv\u00ed karamel v Lond\u00fdn\u011b znamen\u00e1 snad kone\u010dn\u011b \u00fa\u010dinn\u00fd l\u00e9k na na\u0161\u00ed po\u0161ramocenou psychiku a tak\u00e9 postup do \u010dtvrtfin\u00e1le Women\u00b4s FA Cup.\u00a0\" \/>\n<meta property=\"og:url\" content=\"https:\/\/evertonfc.cz\/index.php\/2022\/02\/28\/wfa-cup-charlton-athletic-w-everton-w-02\/\" \/>\n<meta property=\"og:site_name\" content=\"Official Czech &amp; Slovak Everton Supporters&#039; Club\" \/>\n<meta property=\"article:publisher\" content=\"https:\/\/www.facebook.com\/everton.fans.cz.sk\" \/>\n<meta property=\"article:published_time\" content=\"2022-02-28T17:03:17+00:00\" \/>\n<meta property=\"article:modified_time\" content=\"2022-05-11T07:21:56+00:00\" \/>\n<meta property=\"og:image\" content=\"https:\/\/evertonfc.cz\/wp-content\/uploads\/2022\/02\/Charlton_Everton_27_2_2022_web.jpg\" \/>\n\t<meta property=\"og:image:width\" content=\"720\" \/>\n\t<meta property=\"og:image:height\" content=\"404\" \/>\n\t<meta property=\"og:image:type\" content=\"image\/jpeg\" \/>\n<meta name=\"author\" content=\"Karamela\" \/>\n<meta name=\"twitter:card\" content=\"summary_large_image\" \/>\n<meta name=\"twitter:label1\" content=\"Napsal(a)\" \/>\n\t<meta name=\"twitter:data1\" content=\"Karamela\" \/>\n\t<meta name=\"twitter:label2\" content=\"Odhadovan\u00e1 doba \u010dten\u00ed\" \/>\n\t<meta name=\"twitter:data2\" content=\"4 minuty\" \/>\n<script type=\"application\/ld+json\" class=\"yoast-schema-graph\">{\"@context\":\"https:\/\/schema.org\",\"@graph\":[{\"@type\":\"Article\",\"@id\":\"https:\/\/evertonfc.cz\/index.php\/2022\/02\/28\/wfa-cup-charlton-athletic-w-everton-w-02\/#article\",\"isPartOf\":{\"@id\":\"https:\/\/evertonfc.cz\/index.php\/2022\/02\/28\/wfa-cup-charlton-athletic-w-everton-w-02\/\"},\"author\":{\"name\":\"Karamela\",\"@id\":\"https:\/\/evertonfc.cz\/#\/schema\/person\/e9a24a80a32efa1344dd2c4e5882185c\"},\"headline\":\"WFA Cup: Charlton Athletic W &#8211; Everton W 0:2\",\"datePublished\":\"2022-02-28T17:03:17+00:00\",\"dateModified\":\"2022-05-11T07:21:56+00:00\",\"mainEntityOfPage\":{\"@id\":\"https:\/\/evertonfc.cz\/index.php\/2022\/02\/28\/wfa-cup-charlton-athletic-w-everton-w-02\/\"},\"wordCount\":760,\"commentCount\":0,\"publisher\":{\"@id\":\"https:\/\/evertonfc.cz\/#organization\"},\"image\":{\"@id\":\"https:\/\/evertonfc.cz\/index.php\/2022\/02\/28\/wfa-cup-charlton-athletic-w-everton-w-02\/#primaryimage\"},\"thumbnailUrl\":\"https:\/\/evertonfc.cz\/wp-content\/uploads\/2022\/02\/Charlton_Everton_27_2_2022_web.jpg\",\"articleSection\":[\"Everton Women\"],\"inLanguage\":\"cs\",\"potentialAction\":[{\"@type\":\"CommentAction\",\"name\":\"Comment\",\"target\":[\"https:\/\/evertonfc.cz\/index.php\/2022\/02\/28\/wfa-cup-charlton-athletic-w-everton-w-02\/#respond\"]}]},{\"@type\":\"WebPage\",\"@id\":\"https:\/\/evertonfc.cz\/index.php\/2022\/02\/28\/wfa-cup-charlton-athletic-w-everton-w-02\/\",\"url\":\"https:\/\/evertonfc.cz\/index.php\/2022\/02\/28\/wfa-cup-charlton-athletic-w-everton-w-02\/\",\"name\":\"WFA Cup: Charlton Athletic W - Everton W 0:2 - Official Czech &amp; Slovak Everton Supporters&#039; Club\",\"isPartOf\":{\"@id\":\"https:\/\/evertonfc.cz\/#website\"},\"primaryImageOfPage\":{\"@id\":\"https:\/\/evertonfc.cz\/index.php\/2022\/02\/28\/wfa-cup-charlton-athletic-w-everton-w-02\/#primaryimage\"},\"image\":{\"@id\":\"https:\/\/evertonfc.cz\/index.php\/2022\/02\/28\/wfa-cup-charlton-athletic-w-everton-w-02\/#primaryimage\"},\"thumbnailUrl\":\"https:\/\/evertonfc.cz\/wp-content\/uploads\/2022\/02\/Charlton_Everton_27_2_2022_web.jpg\",\"datePublished\":\"2022-02-28T17:03:17+00:00\",\"dateModified\":\"2022-05-11T07:21:56+00:00\",\"breadcrumb\":{\"@id\":\"https:\/\/evertonfc.cz\/index.php\/2022\/02\/28\/wfa-cup-charlton-athletic-w-everton-w-02\/#breadcrumb\"},\"inLanguage\":\"cs\",\"potentialAction\":[{\"@type\":\"ReadAction\",\"target\":[\"https:\/\/evertonfc.cz\/index.php\/2022\/02\/28\/wfa-cup-charlton-athletic-w-everton-w-02\/\"]}]},{\"@type\":\"ImageObject\",\"inLanguage\":\"cs\",\"@id\":\"https:\/\/evertonfc.cz\/index.php\/2022\/02\/28\/wfa-cup-charlton-athletic-w-everton-w-02\/#primaryimage\",\"url\":\"https:\/\/evertonfc.cz\/wp-content\/uploads\/2022\/02\/Charlton_Everton_27_2_2022_web.jpg\",\"contentUrl\":\"https:\/\/evertonfc.cz\/wp-content\/uploads\/2022\/02\/Charlton_Everton_27_2_2022_web.jpg\",\"width\":720,\"height\":404},{\"@type\":\"BreadcrumbList\",\"@id\":\"https:\/\/evertonfc.cz\/index.php\/2022\/02\/28\/wfa-cup-charlton-athletic-w-everton-w-02\/#breadcrumb\",\"itemListElement\":[{\"@type\":\"ListItem\",\"position\":1,\"name\":\"Home\",\"item\":\"https:\/\/evertonfc.cz\/\"},{\"@type\":\"ListItem\",\"position\":2,\"name\":\"WFA Cup: Charlton Athletic W &#8211; Everton W 0:2\"}]},{\"@type\":\"WebSite\",\"@id\":\"https:\/\/evertonfc.cz\/#website\",\"url\":\"https:\/\/evertonfc.cz\/\",\"name\":\"Official Czech &amp; Slovak Everton Supporters&#039; Club\",\"description\":\"\",\"publisher\":{\"@id\":\"https:\/\/evertonfc.cz\/#organization\"},\"potentialAction\":[{\"@type\":\"SearchAction\",\"target\":{\"@type\":\"EntryPoint\",\"urlTemplate\":\"https:\/\/evertonfc.cz\/?s={search_term_string}\"},\"query-input\":{\"@type\":\"PropertyValueSpecification\",\"valueRequired\":true,\"valueName\":\"search_term_string\"}}],\"inLanguage\":\"cs\"},{\"@type\":\"Organization\",\"@id\":\"https:\/\/evertonfc.cz\/#organization\",\"name\":\"Official Czech & Slovak Everton Supporters' Club\",\"url\":\"https:\/\/evertonfc.cz\/\",\"logo\":{\"@type\":\"ImageObject\",\"inLanguage\":\"cs\",\"@id\":\"https:\/\/evertonfc.cz\/#\/schema\/logo\/image\/\",\"url\":\"https:\/\/evertonfc.cz\/wp-content\/uploads\/2019\/05\/logo.png\",\"contentUrl\":\"https:\/\/evertonfc.cz\/wp-content\/uploads\/2019\/05\/logo.png\",\"width\":112,\"height\":112,\"caption\":\"Official Czech & Slovak Everton Supporters' Club\"},\"image\":{\"@id\":\"https:\/\/evertonfc.cz\/#\/schema\/logo\/image\/\"},\"sameAs\":[\"https:\/\/www.facebook.com\/everton.fans.cz.sk\"]},{\"@type\":\"Person\",\"@id\":\"https:\/\/evertonfc.cz\/#\/schema\/person\/e9a24a80a32efa1344dd2c4e5882185c\",\"name\":\"Karamela\",\"url\":\"https:\/\/evertonfc.cz\/index.php\/author\/karamela\/\"}]}<\/script>\n<!-- \/ Yoast SEO plugin. -->","yoast_head_json":{"title":"WFA Cup: Charlton Athletic W - Everton W 0:2 - Official Czech &amp; Slovak Everton Supporters&#039; Club","robots":{"index":"index","follow":"follow","max-snippet":"max-snippet:-1","max-image-preview":"max-image-preview:large","max-video-preview":"max-video-preview:-1"},"canonical":"https:\/\/evertonfc.cz\/index.php\/2022\/02\/28\/wfa-cup-charlton-athletic-w-everton-w-02\/","og_locale":"cs_CZ","og_type":"article","og_title":"WFA Cup: Charlton Athletic W - Everton W 0:2 - Official Czech &amp; Slovak Everton Supporters&#039; Club","og_description":"V\u00edt\u011bzstv\u00ed karamel v Lond\u00fdn\u011b znamen\u00e1 snad kone\u010dn\u011b \u00fa\u010dinn\u00fd l\u00e9k na na\u0161\u00ed po\u0161ramocenou psychiku a tak\u00e9 postup do \u010dtvrtfin\u00e1le Women\u00b4s FA Cup.\u00a0","og_url":"https:\/\/evertonfc.cz\/index.php\/2022\/02\/28\/wfa-cup-charlton-athletic-w-everton-w-02\/","og_site_name":"Official Czech &amp; Slovak Everton Supporters&#039; Club","article_publisher":"https:\/\/www.facebook.com\/everton.fans.cz.sk","article_published_time":"2022-02-28T17:03:17+00:00","article_modified_time":"2022-05-11T07:21:56+00:00","og_image":[{"width":720,"height":404,"url":"https:\/\/evertonfc.cz\/wp-content\/uploads\/2022\/02\/Charlton_Everton_27_2_2022_web.jpg","type":"image\/jpeg"}],"author":"Karamela","twitter_card":"summary_large_image","twitter_misc":{"Napsal(a)":"Karamela","Odhadovan\u00e1 doba \u010dten\u00ed":"4 minuty"},"schema":{"@context":"https:\/\/schema.org","@graph":[{"@type":"Article","@id":"https:\/\/evertonfc.cz\/index.php\/2022\/02\/28\/wfa-cup-charlton-athletic-w-everton-w-02\/#article","isPartOf":{"@id":"https:\/\/evertonfc.cz\/index.php\/2022\/02\/28\/wfa-cup-charlton-athletic-w-everton-w-02\/"},"author":{"name":"Karamela","@id":"https:\/\/evertonfc.cz\/#\/schema\/person\/e9a24a80a32efa1344dd2c4e5882185c"},"headline":"WFA Cup: Charlton Athletic W &#8211; Everton W 0:2","datePublished":"2022-02-28T17:03:17+00:00","dateModified":"2022-05-11T07:21:56+00:00","mainEntityOfPage":{"@id":"https:\/\/evertonfc.cz\/index.php\/2022\/02\/28\/wfa-cup-charlton-athletic-w-everton-w-02\/"},"wordCount":760,"commentCount":0,"publisher":{"@id":"https:\/\/evertonfc.cz\/#organization"},"image":{"@id":"https:\/\/evertonfc.cz\/index.php\/2022\/02\/28\/wfa-cup-charlton-athletic-w-everton-w-02\/#primaryimage"},"thumbnailUrl":"https:\/\/evertonfc.cz\/wp-content\/uploads\/2022\/02\/Charlton_Everton_27_2_2022_web.jpg","articleSection":["Everton Women"],"inLanguage":"cs","potentialAction":[{"@type":"CommentAction","name":"Comment","target":["https:\/\/evertonfc.cz\/index.php\/2022\/02\/28\/wfa-cup-charlton-athletic-w-everton-w-02\/#respond"]}]},{"@type":"WebPage","@id":"https:\/\/evertonfc.cz\/index.php\/2022\/02\/28\/wfa-cup-charlton-athletic-w-everton-w-02\/","url":"https:\/\/evertonfc.cz\/index.php\/2022\/02\/28\/wfa-cup-charlton-athletic-w-everton-w-02\/","name":"WFA Cup: Charlton Athletic W - Everton W 0:2 - Official Czech &amp; Slovak Everton Supporters&#039; Club","isPartOf":{"@id":"https:\/\/evertonfc.cz\/#website"},"primaryImageOfPage":{"@id":"https:\/\/evertonfc.cz\/index.php\/2022\/02\/28\/wfa-cup-charlton-athletic-w-everton-w-02\/#primaryimage"},"image":{"@id":"https:\/\/evertonfc.cz\/index.php\/2022\/02\/28\/wfa-cup-charlton-athletic-w-everton-w-02\/#primaryimage"},"thumbnailUrl":"https:\/\/evertonfc.cz\/wp-content\/uploads\/2022\/02\/Charlton_Everton_27_2_2022_web.jpg","datePublished":"2022-02-28T17:03:17+00:00","dateModified":"2022-05-11T07:21:56+00:00","breadcrumb":{"@id":"https:\/\/evertonfc.cz\/index.php\/2022\/02\/28\/wfa-cup-charlton-athletic-w-everton-w-02\/#breadcrumb"},"inLanguage":"cs","potentialAction":[{"@type":"ReadAction","target":["https:\/\/evertonfc.cz\/index.php\/2022\/02\/28\/wfa-cup-charlton-athletic-w-everton-w-02\/"]}]},{"@type":"ImageObject","inLanguage":"cs","@id":"https:\/\/evertonfc.cz\/index.php\/2022\/02\/28\/wfa-cup-charlton-athletic-w-everton-w-02\/#primaryimage","url":"https:\/\/evertonfc.cz\/wp-content\/uploads\/2022\/02\/Charlton_Everton_27_2_2022_web.jpg","contentUrl":"https:\/\/evertonfc.cz\/wp-content\/uploads\/2022\/02\/Charlton_Everton_27_2_2022_web.jpg","width":720,"height":404},{"@type":"BreadcrumbList","@id":"https:\/\/evertonfc.cz\/index.php\/2022\/02\/28\/wfa-cup-charlton-athletic-w-everton-w-02\/#breadcrumb","itemListElement":[{"@type":"ListItem","position":1,"name":"Home","item":"https:\/\/evertonfc.cz\/"},{"@type":"ListItem","position":2,"name":"WFA Cup: Charlton Athletic W &#8211; Everton W 0:2"}]},{"@type":"WebSite","@id":"https:\/\/evertonfc.cz\/#website","url":"https:\/\/evertonfc.cz\/","name":"Official Czech &amp; Slovak Everton Supporters&#039; Club","description":"","publisher":{"@id":"https:\/\/evertonfc.cz\/#organization"},"potentialAction":[{"@type":"SearchAction","target":{"@type":"EntryPoint","urlTemplate":"https:\/\/evertonfc.cz\/?s={search_term_string}"},"query-input":{"@type":"PropertyValueSpecification","valueRequired":true,"valueName":"search_term_string"}}],"inLanguage":"cs"},{"@type":"Organization","@id":"https:\/\/evertonfc.cz\/#organization","name":"Official Czech & Slovak Everton Supporters' Club","url":"https:\/\/evertonfc.cz\/","logo":{"@type":"ImageObject","inLanguage":"cs","@id":"https:\/\/evertonfc.cz\/#\/schema\/logo\/image\/","url":"https:\/\/evertonfc.cz\/wp-content\/uploads\/2019\/05\/logo.png","contentUrl":"https:\/\/evertonfc.cz\/wp-content\/uploads\/2019\/05\/logo.png","width":112,"height":112,"caption":"Official Czech & Slovak Everton Supporters' Club"},"image":{"@id":"https:\/\/evertonfc.cz\/#\/schema\/logo\/image\/"},"sameAs":["https:\/\/www.facebook.com\/everton.fans.cz.sk"]},{"@type":"Person","@id":"https:\/\/evertonfc.cz\/#\/schema\/person\/e9a24a80a32efa1344dd2c4e5882185c","name":"Karamela","url":"https:\/\/evertonfc.cz\/index.php\/author\/karamela\/"}]}},"_links":{"self":[{"href":"https:\/\/evertonfc.cz\/index.php\/wp-json\/wp\/v2\/posts\/17945"}],"collection":[{"href":"https:\/\/evertonfc.cz\/index.php\/wp-json\/wp\/v2\/posts"}],"about":[{"href":"https:\/\/evertonfc.cz\/index.php\/wp-json\/wp\/v2\/types\/post"}],"author":[{"embeddable":true,"href":"https:\/\/evertonfc.cz\/index.php\/wp-json\/wp\/v2\/users\/26"}],"replies":[{"embeddable":true,"href":"https:\/\/evertonfc.cz\/index.php\/wp-json\/wp\/v2\/comments?post=17945"}],"version-history":[{"count":14,"href":"https:\/\/evertonfc.cz\/index.php\/wp-json\/wp\/v2\/posts\/17945\/revisions"}],"predecessor-version":[{"id":18632,"href":"https:\/\/evertonfc.cz\/index.php\/wp-json\/wp\/v2\/posts\/17945\/revisions\/18632"}],"wp:featuredmedia":[{"embeddable":true,"href":"https:\/\/evertonfc.cz\/index.php\/wp-json\/wp\/v2\/media\/17956"}],"wp:attachment":[{"href":"https:\/\/evertonfc.cz\/index.php\/wp-json\/wp\/v2\/media?parent=17945"}],"wp:term":[{"taxonomy":"category","embeddable":true,"href":"https:\/\/evertonfc.cz\/index.php\/wp-json\/wp\/v2\/categories?post=17945"},{"taxonomy":"post_tag","embeddable":true,"href":"https:\/\/evertonfc.cz\/index.php\/wp-json\/wp\/v2\/tags?post=17945"}],"curies":[{"name":"wp","href":"https:\/\/api.w.org\/{rel}","templated":true}]}}