{"id":17990,"date":"2022-03-04T18:15:53","date_gmt":"2022-03-04T17:15:53","guid":{"rendered":"https:\/\/evertonfc.cz\/?p=17990"},"modified":"2022-03-04T19:02:34","modified_gmt":"2022-03-04T18:02:34","slug":"everton-boreham-wood-20","status":"publish","type":"post","link":"https:\/\/evertonfc.cz\/index.php\/2022\/03\/04\/everton-boreham-wood-20\/","title":{"rendered":"Everton &#8211; Boreham Wood 2:0"},"content":{"rendered":"<h4>B\u00e9\u010dko nakonec povinnost splnilo a postoupilo do \u010dtvrtfin\u00e1le Anglick\u00e9ho poh\u00e1ru.<\/h4>\n<p>Dom\u00e1c\u00ed nastoupili dle o\u010dek\u00e1v\u00e1n\u00ed v hodn\u011b zm\u011bn\u011bn\u00e9 sestav\u011b, na hrotu dostal \u0161anci Rond\u00f3n, kapit\u00e1nskou p\u00e1sku si navl\u00e9kl na ruku Mykolenko, kter\u00e9mu takto byla vyj\u00e1d\u0159ena podpora, kdy\u017e v jeho domovin\u011b zu\u0159\u00ed v\u00e1lka.<\/p>\n<p>Z\u00e1pas ji\u017e od za\u010d\u00e1tku nabral o\u010dek\u00e1van\u00fd sc\u00e9n\u00e1\u0159 &#8211; host\u00e9 se zakopali p\u0159ed vlastn\u00edm velk\u00fdm v\u00e1pnem a hledali ka\u017edou p\u0159\u00edle\u017eitost k brejku \u010di aspo\u0148 ke standardn\u00ed situaci, aby si trochu oddechli. A pr\u00e1v\u011b kapit\u00e1n pro tento z\u00e1pas byl prvn\u00ed, kdo vvyst\u0159elil, ale Ashby-Hammond v brance host\u016f zas\u00e1hl. St\u0159ela Doucour\u00e9ho trefila postrann\u00ed s\u00ed\u0165.<\/p>\n<p>Sm\u011brem dop\u0159edu se op\u011bt \u010dinil Gordon, ale bez efektu, jeden trest\u0148\u00e1k nap\u00e1lil do zdi. Everton velkou \u0161anci v prvn\u00ed p\u016fli nem\u011bl, p\u0159\u00edstup a v\u00fdkon byl takov\u00fd laxn\u00ed.. Boreham Wood zkr\u00e1tka odch\u00e1zel do \u0161aten po prvn\u00ed p\u016fli spokojen\u011bj\u0161\u00ed. I naznal mana\u017eer Lampard, \u017ee je t\u0159eba zm\u011bny a poslal na h\u0159i\u0161t\u011b Richarlisona m\u00edsto debutanta Pattersona.<\/p>\n<p>Rond\u00f3n po p\u0159ihr\u00e1vce Mykolenka do ohn\u011b je\u0161t\u011b nesk\u00f3roval, ale o chvilku pozd\u011bji se do\u010dkal. Kennyho p\u0159ihr\u00e1vku po zemi zprava dok\u00e1zal Kolumbijec vecpat mezi brank\u00e1\u0159e a bli\u017e\u0161\u00ed ty\u010d &#8211; <strong>1:0!<\/strong> Dal\u0161\u00ed \u0161ance? Keane hlavi\u010dkuje nad, Ashby-Hammond kryje dv\u011b st\u0159ely Gordona, n\u00e1sledn\u011b videorozhod\u010d\u00ed neuzn\u00e1v\u00e1 branku Richarlisona kv\u016fli ruce.<\/p>\n<p>A tak po dal\u0161\u00edm z\u00e1kroku \u010dapajeva host\u016f pr\u00e1v\u011b proti brazilsk\u00e9mu \u00fato\u010dn\u00edkovi uzav\u00edr\u00e1 sk\u00f3re op\u011bt kolumbijsk\u00fd hro\u0165\u00e1k. Townsend posadil centr zleva na Rond\u00f3novu hlavu a brank\u00e1\u0159 host\u016f vyrazil m\u00ed\u010d a\u017e za brankovou \u010darou, co\u017e rozhod\u010d\u00edmu potvrdily i p\u00edpaj\u00edc\u00ed hodinky &#8211; <strong>2:0!\u00a0<\/strong>N\u011bkolik posledn\u00edch minut odehr\u00e1li mlad\u00edci Welch a Price. \u00datoky Boreham Woodu za cel\u00fd z\u00e1pas? Jedna st\u0159ela mimo z kopa\u010dky Marshe.<\/p>\n<p>\u010ctvrtfin\u00e1lov\u00fd z\u00e1pas v Selhurst Parku se hraje za dva t\u00fddny, zat\u00edm nen\u00ed zn\u00e1m\u00fd term\u00edn. V d\u016fsledku toho bude m\u00edt Everton odlo\u017een\u00fd ligov\u00fd ma\u010d v Burnley.<\/p>\n<p style=\"text-align: right;\"><span style=\"font-size: 8pt;\">(fotozdroj: LINDSEY PARNABY\/AFP)<\/span><\/p>\n<p><strong>Sest\u0159ih + z\u00e1pas:<\/strong>\u00a0<a href=\"https:\/\/hdmatches.net\/2022\/03\/03\/video-everton-vs-boreham-wood-highlights-full-match-03-march-2022\/\" target=\"_blank\" rel=\"noopener\">HDmatches.net<\/a><\/p>\n<p><strong>Branky:\u00a0<\/strong>57\u00b4 Rond\u00f3n (Kenny), 84\u00b4 Rond\u00f3n (Townsend)\u00a0 <strong>\u017dlut\u00e1 karta: <\/strong>59\u00b4 Evans<\/p>\n<p><strong>Everton FC: <\/strong>Begovi\u0107 &#8211; Branthwaite, Keane (89\u00b4 Price), Kenny &#8211; Mykolenko (60\u00b4 Coleman), Doucour\u00e9, Allan (89\u00b4 Welch), Patterson (46\u00b4 Richarlison) &#8211; Gordon (86\u00b4 Dobbin), Rond\u00f3n, Townsend<\/p>\n<p><strong>Boreham Wood FC:\u00a0<\/strong>Ashby-Hammond &#8211; Stevens, Stephens, Evans &#8211; Mendy, Raymond, Ricketts (69\u00b4 Comley), Smith (74\u00b4 Smith) &#8211; Rees &#8211; Marsh (90\u00b4 Clifton), Boden (89\u00b4 Ranger)<\/p>\n<p><strong>Rozhod\u010d\u00ed:\u00a0<\/strong>Tony Harrington\u00a0 <strong>Div\u00e1ci:\u00a0<\/strong>38 836<\/p>\n","protected":false},"excerpt":{"rendered":"<p>B\u00e9\u010dko nakonec povinnost splnilo a postoupilo do \u010dtvrtfin\u00e1le Anglick\u00e9ho poh\u00e1ru.<\/p>\n","protected":false},"author":12,"featured_media":17992,"comment_status":"open","ping_status":"closed","sticky":false,"template":"","format":"standard","meta":{"_eb_attr":"","_monsterinsights_skip_tracking":false,"_monsterinsights_sitenote_active":false,"_monsterinsights_sitenote_note":"","_monsterinsights_sitenote_category":0,"footnotes":""},"categories":[4],"tags":[],"yoast_head":"<!-- This site is optimized with the Yoast SEO plugin v23.4 - https:\/\/yoast.com\/wordpress\/plugins\/seo\/ -->\n<title>Everton - Boreham Wood 2:0 - Official Czech &amp; Slovak Everton Supporters&#039; Club<\/title>\n<meta name=\"description\" content=\"B\u00e9\u010dko nakonec povinnost splnilo a postoupilo do \u010dtvrtfin\u00e1le Anglick\u00e9ho poh\u00e1ru.\" \/>\n<meta name=\"robots\" content=\"index, follow, max-snippet:-1, max-image-preview:large, max-video-preview:-1\" \/>\n<link rel=\"canonical\" href=\"https:\/\/evertonfc.cz\/index.php\/2022\/03\/04\/everton-boreham-wood-20\/\" \/>\n<meta property=\"og:locale\" content=\"cs_CZ\" \/>\n<meta property=\"og:type\" content=\"article\" \/>\n<meta property=\"og:title\" content=\"Everton - Boreham Wood 2:0 - Official Czech &amp; Slovak Everton Supporters&#039; Club\" \/>\n<meta property=\"og:description\" content=\"B\u00e9\u010dko nakonec povinnost splnilo a postoupilo do \u010dtvrtfin\u00e1le Anglick\u00e9ho poh\u00e1ru.\" \/>\n<meta property=\"og:url\" content=\"https:\/\/evertonfc.cz\/index.php\/2022\/03\/04\/everton-boreham-wood-20\/\" \/>\n<meta property=\"og:site_name\" content=\"Official Czech &amp; Slovak Everton Supporters&#039; Club\" \/>\n<meta property=\"article:publisher\" content=\"https:\/\/www.facebook.com\/everton.fans.cz.sk\" \/>\n<meta property=\"article:published_time\" content=\"2022-03-04T17:15:53+00:00\" \/>\n<meta property=\"article:modified_time\" content=\"2022-03-04T18:02:34+00:00\" \/>\n<meta property=\"og:image\" content=\"https:\/\/evertonfc.cz\/wp-content\/uploads\/2022\/03\/Everton-2-0-Boreham-Wood-FA-Cup-5th-round-4-3-2022.jpg\" \/>\n\t<meta property=\"og:image:width\" content=\"720\" \/>\n\t<meta property=\"og:image:height\" content=\"405\" \/>\n\t<meta property=\"og:image:type\" content=\"image\/jpeg\" \/>\n<meta name=\"author\" content=\"Javor\" \/>\n<meta name=\"twitter:card\" content=\"summary_large_image\" \/>\n<meta name=\"twitter:creator\" content=\"@LoudinJan\" \/>\n<meta name=\"twitter:label1\" content=\"Napsal(a)\" \/>\n\t<meta name=\"twitter:data1\" content=\"Javor\" \/>\n\t<meta name=\"twitter:label2\" content=\"Odhadovan\u00e1 doba \u010dten\u00ed\" \/>\n\t<meta name=\"twitter:data2\" content=\"2 minuty\" \/>\n<script type=\"application\/ld+json\" class=\"yoast-schema-graph\">{\"@context\":\"https:\/\/schema.org\",\"@graph\":[{\"@type\":\"Article\",\"@id\":\"https:\/\/evertonfc.cz\/index.php\/2022\/03\/04\/everton-boreham-wood-20\/#article\",\"isPartOf\":{\"@id\":\"https:\/\/evertonfc.cz\/index.php\/2022\/03\/04\/everton-boreham-wood-20\/\"},\"author\":{\"name\":\"Javor\",\"@id\":\"https:\/\/evertonfc.cz\/#\/schema\/person\/b30daf6a5852f4811f8207a17ec1bf78\"},\"headline\":\"Everton &#8211; Boreham Wood 2:0\",\"datePublished\":\"2022-03-04T17:15:53+00:00\",\"dateModified\":\"2022-03-04T18:02:34+00:00\",\"mainEntityOfPage\":{\"@id\":\"https:\/\/evertonfc.cz\/index.php\/2022\/03\/04\/everton-boreham-wood-20\/\"},\"wordCount\":449,\"commentCount\":9,\"publisher\":{\"@id\":\"https:\/\/evertonfc.cz\/#organization\"},\"image\":{\"@id\":\"https:\/\/evertonfc.cz\/index.php\/2022\/03\/04\/everton-boreham-wood-20\/#primaryimage\"},\"thumbnailUrl\":\"https:\/\/evertonfc.cz\/wp-content\/uploads\/2022\/03\/Everton-2-0-Boreham-Wood-FA-Cup-5th-round-4-3-2022.jpg\",\"articleSection\":[\"Z\u00e1pasy\"],\"inLanguage\":\"cs\",\"potentialAction\":[{\"@type\":\"CommentAction\",\"name\":\"Comment\",\"target\":[\"https:\/\/evertonfc.cz\/index.php\/2022\/03\/04\/everton-boreham-wood-20\/#respond\"]}]},{\"@type\":\"WebPage\",\"@id\":\"https:\/\/evertonfc.cz\/index.php\/2022\/03\/04\/everton-boreham-wood-20\/\",\"url\":\"https:\/\/evertonfc.cz\/index.php\/2022\/03\/04\/everton-boreham-wood-20\/\",\"name\":\"Everton - Boreham Wood 2:0 - Official Czech &amp; Slovak Everton Supporters&#039; Club\",\"isPartOf\":{\"@id\":\"https:\/\/evertonfc.cz\/#website\"},\"primaryImageOfPage\":{\"@id\":\"https:\/\/evertonfc.cz\/index.php\/2022\/03\/04\/everton-boreham-wood-20\/#primaryimage\"},\"image\":{\"@id\":\"https:\/\/evertonfc.cz\/index.php\/2022\/03\/04\/everton-boreham-wood-20\/#primaryimage\"},\"thumbnailUrl\":\"https:\/\/evertonfc.cz\/wp-content\/uploads\/2022\/03\/Everton-2-0-Boreham-Wood-FA-Cup-5th-round-4-3-2022.jpg\",\"datePublished\":\"2022-03-04T17:15:53+00:00\",\"dateModified\":\"2022-03-04T18:02:34+00:00\",\"description\":\"B\u00e9\u010dko nakonec povinnost splnilo a postoupilo do \u010dtvrtfin\u00e1le Anglick\u00e9ho poh\u00e1ru.\",\"breadcrumb\":{\"@id\":\"https:\/\/evertonfc.cz\/index.php\/2022\/03\/04\/everton-boreham-wood-20\/#breadcrumb\"},\"inLanguage\":\"cs\",\"potentialAction\":[{\"@type\":\"ReadAction\",\"target\":[\"https:\/\/evertonfc.cz\/index.php\/2022\/03\/04\/everton-boreham-wood-20\/\"]}]},{\"@type\":\"ImageObject\",\"inLanguage\":\"cs\",\"@id\":\"https:\/\/evertonfc.cz\/index.php\/2022\/03\/04\/everton-boreham-wood-20\/#primaryimage\",\"url\":\"https:\/\/evertonfc.cz\/wp-content\/uploads\/2022\/03\/Everton-2-0-Boreham-Wood-FA-Cup-5th-round-4-3-2022.jpg\",\"contentUrl\":\"https:\/\/evertonfc.cz\/wp-content\/uploads\/2022\/03\/Everton-2-0-Boreham-Wood-FA-Cup-5th-round-4-3-2022.jpg\",\"width\":720,\"height\":405},{\"@type\":\"BreadcrumbList\",\"@id\":\"https:\/\/evertonfc.cz\/index.php\/2022\/03\/04\/everton-boreham-wood-20\/#breadcrumb\",\"itemListElement\":[{\"@type\":\"ListItem\",\"position\":1,\"name\":\"Home\",\"item\":\"https:\/\/evertonfc.cz\/\"},{\"@type\":\"ListItem\",\"position\":2,\"name\":\"Everton &#8211; Boreham Wood 2:0\"}]},{\"@type\":\"WebSite\",\"@id\":\"https:\/\/evertonfc.cz\/#website\",\"url\":\"https:\/\/evertonfc.cz\/\",\"name\":\"Official Czech &amp; Slovak Everton Supporters&#039; Club\",\"description\":\"\",\"publisher\":{\"@id\":\"https:\/\/evertonfc.cz\/#organization\"},\"potentialAction\":[{\"@type\":\"SearchAction\",\"target\":{\"@type\":\"EntryPoint\",\"urlTemplate\":\"https:\/\/evertonfc.cz\/?s={search_term_string}\"},\"query-input\":{\"@type\":\"PropertyValueSpecification\",\"valueRequired\":true,\"valueName\":\"search_term_string\"}}],\"inLanguage\":\"cs\"},{\"@type\":\"Organization\",\"@id\":\"https:\/\/evertonfc.cz\/#organization\",\"name\":\"Official Czech & Slovak Everton Supporters' Club\",\"url\":\"https:\/\/evertonfc.cz\/\",\"logo\":{\"@type\":\"ImageObject\",\"inLanguage\":\"cs\",\"@id\":\"https:\/\/evertonfc.cz\/#\/schema\/logo\/image\/\",\"url\":\"https:\/\/evertonfc.cz\/wp-content\/uploads\/2019\/05\/logo.png\",\"contentUrl\":\"https:\/\/evertonfc.cz\/wp-content\/uploads\/2019\/05\/logo.png\",\"width\":112,\"height\":112,\"caption\":\"Official Czech & Slovak Everton Supporters' Club\"},\"image\":{\"@id\":\"https:\/\/evertonfc.cz\/#\/schema\/logo\/image\/\"},\"sameAs\":[\"https:\/\/www.facebook.com\/everton.fans.cz.sk\"]},{\"@type\":\"Person\",\"@id\":\"https:\/\/evertonfc.cz\/#\/schema\/person\/b30daf6a5852f4811f8207a17ec1bf78\",\"name\":\"Javor\",\"sameAs\":[\"https:\/\/x.com\/LoudinJan\"],\"url\":\"https:\/\/evertonfc.cz\/index.php\/author\/javor\/\"}]}<\/script>\n<!-- \/ Yoast SEO plugin. -->","yoast_head_json":{"title":"Everton - Boreham Wood 2:0 - Official Czech &amp; Slovak Everton Supporters&#039; Club","description":"B\u00e9\u010dko nakonec povinnost splnilo a postoupilo do \u010dtvrtfin\u00e1le Anglick\u00e9ho poh\u00e1ru.","robots":{"index":"index","follow":"follow","max-snippet":"max-snippet:-1","max-image-preview":"max-image-preview:large","max-video-preview":"max-video-preview:-1"},"canonical":"https:\/\/evertonfc.cz\/index.php\/2022\/03\/04\/everton-boreham-wood-20\/","og_locale":"cs_CZ","og_type":"article","og_title":"Everton - Boreham Wood 2:0 - Official Czech &amp; Slovak Everton Supporters&#039; Club","og_description":"B\u00e9\u010dko nakonec povinnost splnilo a postoupilo do \u010dtvrtfin\u00e1le Anglick\u00e9ho poh\u00e1ru.","og_url":"https:\/\/evertonfc.cz\/index.php\/2022\/03\/04\/everton-boreham-wood-20\/","og_site_name":"Official Czech &amp; Slovak Everton Supporters&#039; Club","article_publisher":"https:\/\/www.facebook.com\/everton.fans.cz.sk","article_published_time":"2022-03-04T17:15:53+00:00","article_modified_time":"2022-03-04T18:02:34+00:00","og_image":[{"width":720,"height":405,"url":"https:\/\/evertonfc.cz\/wp-content\/uploads\/2022\/03\/Everton-2-0-Boreham-Wood-FA-Cup-5th-round-4-3-2022.jpg","type":"image\/jpeg"}],"author":"Javor","twitter_card":"summary_large_image","twitter_creator":"@LoudinJan","twitter_misc":{"Napsal(a)":"Javor","Odhadovan\u00e1 doba \u010dten\u00ed":"2 minuty"},"schema":{"@context":"https:\/\/schema.org","@graph":[{"@type":"Article","@id":"https:\/\/evertonfc.cz\/index.php\/2022\/03\/04\/everton-boreham-wood-20\/#article","isPartOf":{"@id":"https:\/\/evertonfc.cz\/index.php\/2022\/03\/04\/everton-boreham-wood-20\/"},"author":{"name":"Javor","@id":"https:\/\/evertonfc.cz\/#\/schema\/person\/b30daf6a5852f4811f8207a17ec1bf78"},"headline":"Everton &#8211; Boreham Wood 2:0","datePublished":"2022-03-04T17:15:53+00:00","dateModified":"2022-03-04T18:02:34+00:00","mainEntityOfPage":{"@id":"https:\/\/evertonfc.cz\/index.php\/2022\/03\/04\/everton-boreham-wood-20\/"},"wordCount":449,"commentCount":9,"publisher":{"@id":"https:\/\/evertonfc.cz\/#organization"},"image":{"@id":"https:\/\/evertonfc.cz\/index.php\/2022\/03\/04\/everton-boreham-wood-20\/#primaryimage"},"thumbnailUrl":"https:\/\/evertonfc.cz\/wp-content\/uploads\/2022\/03\/Everton-2-0-Boreham-Wood-FA-Cup-5th-round-4-3-2022.jpg","articleSection":["Z\u00e1pasy"],"inLanguage":"cs","potentialAction":[{"@type":"CommentAction","name":"Comment","target":["https:\/\/evertonfc.cz\/index.php\/2022\/03\/04\/everton-boreham-wood-20\/#respond"]}]},{"@type":"WebPage","@id":"https:\/\/evertonfc.cz\/index.php\/2022\/03\/04\/everton-boreham-wood-20\/","url":"https:\/\/evertonfc.cz\/index.php\/2022\/03\/04\/everton-boreham-wood-20\/","name":"Everton - Boreham Wood 2:0 - Official Czech &amp; Slovak Everton Supporters&#039; Club","isPartOf":{"@id":"https:\/\/evertonfc.cz\/#website"},"primaryImageOfPage":{"@id":"https:\/\/evertonfc.cz\/index.php\/2022\/03\/04\/everton-boreham-wood-20\/#primaryimage"},"image":{"@id":"https:\/\/evertonfc.cz\/index.php\/2022\/03\/04\/everton-boreham-wood-20\/#primaryimage"},"thumbnailUrl":"https:\/\/evertonfc.cz\/wp-content\/uploads\/2022\/03\/Everton-2-0-Boreham-Wood-FA-Cup-5th-round-4-3-2022.jpg","datePublished":"2022-03-04T17:15:53+00:00","dateModified":"2022-03-04T18:02:34+00:00","description":"B\u00e9\u010dko nakonec povinnost splnilo a postoupilo do \u010dtvrtfin\u00e1le Anglick\u00e9ho poh\u00e1ru.","breadcrumb":{"@id":"https:\/\/evertonfc.cz\/index.php\/2022\/03\/04\/everton-boreham-wood-20\/#breadcrumb"},"inLanguage":"cs","potentialAction":[{"@type":"ReadAction","target":["https:\/\/evertonfc.cz\/index.php\/2022\/03\/04\/everton-boreham-wood-20\/"]}]},{"@type":"ImageObject","inLanguage":"cs","@id":"https:\/\/evertonfc.cz\/index.php\/2022\/03\/04\/everton-boreham-wood-20\/#primaryimage","url":"https:\/\/evertonfc.cz\/wp-content\/uploads\/2022\/03\/Everton-2-0-Boreham-Wood-FA-Cup-5th-round-4-3-2022.jpg","contentUrl":"https:\/\/evertonfc.cz\/wp-content\/uploads\/2022\/03\/Everton-2-0-Boreham-Wood-FA-Cup-5th-round-4-3-2022.jpg","width":720,"height":405},{"@type":"BreadcrumbList","@id":"https:\/\/evertonfc.cz\/index.php\/2022\/03\/04\/everton-boreham-wood-20\/#breadcrumb","itemListElement":[{"@type":"ListItem","position":1,"name":"Home","item":"https:\/\/evertonfc.cz\/"},{"@type":"ListItem","position":2,"name":"Everton &#8211; Boreham Wood 2:0"}]},{"@type":"WebSite","@id":"https:\/\/evertonfc.cz\/#website","url":"https:\/\/evertonfc.cz\/","name":"Official Czech &amp; Slovak Everton Supporters&#039; Club","description":"","publisher":{"@id":"https:\/\/evertonfc.cz\/#organization"},"potentialAction":[{"@type":"SearchAction","target":{"@type":"EntryPoint","urlTemplate":"https:\/\/evertonfc.cz\/?s={search_term_string}"},"query-input":{"@type":"PropertyValueSpecification","valueRequired":true,"valueName":"search_term_string"}}],"inLanguage":"cs"},{"@type":"Organization","@id":"https:\/\/evertonfc.cz\/#organization","name":"Official Czech & Slovak Everton Supporters' Club","url":"https:\/\/evertonfc.cz\/","logo":{"@type":"ImageObject","inLanguage":"cs","@id":"https:\/\/evertonfc.cz\/#\/schema\/logo\/image\/","url":"https:\/\/evertonfc.cz\/wp-content\/uploads\/2019\/05\/logo.png","contentUrl":"https:\/\/evertonfc.cz\/wp-content\/uploads\/2019\/05\/logo.png","width":112,"height":112,"caption":"Official Czech & Slovak Everton Supporters' Club"},"image":{"@id":"https:\/\/evertonfc.cz\/#\/schema\/logo\/image\/"},"sameAs":["https:\/\/www.facebook.com\/everton.fans.cz.sk"]},{"@type":"Person","@id":"https:\/\/evertonfc.cz\/#\/schema\/person\/b30daf6a5852f4811f8207a17ec1bf78","name":"Javor","sameAs":["https:\/\/x.com\/LoudinJan"],"url":"https:\/\/evertonfc.cz\/index.php\/author\/javor\/"}]}},"_links":{"self":[{"href":"https:\/\/evertonfc.cz\/index.php\/wp-json\/wp\/v2\/posts\/17990"}],"collection":[{"href":"https:\/\/evertonfc.cz\/index.php\/wp-json\/wp\/v2\/posts"}],"about":[{"href":"https:\/\/evertonfc.cz\/index.php\/wp-json\/wp\/v2\/types\/post"}],"author":[{"embeddable":true,"href":"https:\/\/evertonfc.cz\/index.php\/wp-json\/wp\/v2\/users\/12"}],"replies":[{"embeddable":true,"href":"https:\/\/evertonfc.cz\/index.php\/wp-json\/wp\/v2\/comments?post=17990"}],"version-history":[{"count":3,"href":"https:\/\/evertonfc.cz\/index.php\/wp-json\/wp\/v2\/posts\/17990\/revisions"}],"predecessor-version":[{"id":17994,"href":"https:\/\/evertonfc.cz\/index.php\/wp-json\/wp\/v2\/posts\/17990\/revisions\/17994"}],"wp:featuredmedia":[{"embeddable":true,"href":"https:\/\/evertonfc.cz\/index.php\/wp-json\/wp\/v2\/media\/17992"}],"wp:attachment":[{"href":"https:\/\/evertonfc.cz\/index.php\/wp-json\/wp\/v2\/media?parent=17990"}],"wp:term":[{"taxonomy":"category","embeddable":true,"href":"https:\/\/evertonfc.cz\/index.php\/wp-json\/wp\/v2\/categories?post=17990"},{"taxonomy":"post_tag","embeddable":true,"href":"https:\/\/evertonfc.cz\/index.php\/wp-json\/wp\/v2\/tags?post=17990"}],"curies":[{"name":"wp","href":"https:\/\/api.w.org\/{rel}","templated":true}]}}