{"id":18064,"date":"2022-03-13T12:19:31","date_gmt":"2022-03-13T11:19:31","guid":{"rendered":"https:\/\/evertonfc.cz\/?p=18064"},"modified":"2022-03-14T18:04:51","modified_gmt":"2022-03-14T17:04:51","slug":"everton-w-leicester-city-w-32","status":"publish","type":"post","link":"https:\/\/evertonfc.cz\/index.php\/2022\/03\/13\/everton-w-leicester-city-w-32\/","title":{"rendered":"Everton W &#8211; Leicester City W 3:2"},"content":{"rendered":"<h4>Siln\u00fd v\u00edtr p\u0159iv\u00e1l z Midlands li\u0161ky na Walton Hall Park a s nimi i p\u0159est\u0159elku jak od O.K. Corral.<\/h4>\n<p>S m\u00edrn\u00fdmi zm\u011bnami oproti posledn\u00edmu z\u00e1pasu a s odhodl\u00e1n\u00edm urvat maximum bod\u016f nastoupil n\u00e1\u0161 t\u00fdm p\u0159ed dom\u00e1c\u00edm publikem. A usp\u011bl!<\/p>\n<h4>Prvn\u00ed polo\u010das:<\/h4>\n<p>V p\u00e1t\u00e9 minut\u011b se vcelku vla\u017enou st\u0159elou za nem\u00e9n\u011b vla\u017en\u00e9ho z\u00e1jmu Finnigan prezentovala Jemma Purfield. M\u00ed\u010d k p\u0159ekvapen\u00ed v\u0161ech v\u0161ak pro\u0161el po zemi n\u00e1ru\u010d\u00ed MacIver a bylo to r\u00e1zem <strong>0:1<\/strong>. Opov\u011bd\u011bli jsme p\u011bknou soustavou kombinac\u00ed zakon\u010denou st\u0159elou Dali vysoko nad b\u0159evno a z\u00e1hy p\u0159\u00edm\u00e1kem Bennison mimo branku. Ale ani pak jsme se nehodlali vzd\u00e1lit z poloviny soupe\u0159e. Na branku Foxes se valila vlna za vlnou. Bohu\u017eel v\u017edy tomu n\u011bco chyb\u011blo. V 19. minut\u011b zachra\u0148ovala Harris m\u00ed\u010d t\u011bsn\u011b p\u0159ed kopa\u010dkou Anveg\u00e5rd a na druh\u00e9 stran\u011b zakr\u00e1tko MacIver zakro\u010dila obdobn\u011b. O chvilku pozd\u011bji Duggan v dobr\u00e9 pozici nedos\u00e1hla hlavou na pas Anveg\u00e5rd. Hnali jsme za za vyrovn\u00e1n\u00edm, ale nepomohl ani roh, ani dalekonosn\u00e1 st\u0159ela Bennison. ve 32. minut\u011b dostala od Anveg\u00e5rd p\u011bkn\u00e9 p\u0159i\u0165uknut\u00ed Toni Duggan a zbylo j\u00ed jen obej\u00edt Harris v brance host\u00ed. A to se j\u00ed tak\u00e9 povedlo &#8211; <strong>1:1<\/strong>. Ve 40. minut\u011b op\u011bt zas\u00e1hla Anna Anveg\u00e5rd, kdy\u017e vystihla nep\u0159esn\u00e9 zpracov\u00e1n\u00ed m\u00ed\u010de soupe\u0159kou a zv\u00fd\u0161ila na <strong>2:1<\/strong>. Radost karamel ale trvala jen do 44. minuty, kdy si pro m\u00ed\u010d z p\u0159\u00edm\u00e9ho kopu \u0161la MacIver velmi nejist\u011b a Sam Tierney hlavou srovnala &#8211; <strong>2:2<\/strong>. Slibn\u00fd pokus Izzy Christiansen n\u00e1s\u00a0 t\u011bsn\u011b p\u0159ed p\u0159est\u00e1vkou dostat znovu do veden\u00ed byl vychat\u00e1n v\u00fdbornou Harris.<\/p>\n<h4>Druh\u00fd polo\u010das:<\/h4>\n<p>p\u0159inesl v 52. minut\u011b spolupr\u00e1ci dvou na\u0161ich \u0160v\u00e9dek: Po p\u0159ihr\u00e1vce Bennison do v\u00e1pna poslala le\u017e\u00e9rn\u00ed pati\u010dkou a sv\u00fdm druh\u00fdm dne\u0161n\u00edm g\u00f3lem Anveg\u00e5rd Toffees op\u011bt do veden\u00ed &#8211; <strong>3:2<\/strong>. Ale zdaleka nebylo v\u0161e hotovo. Li\u0161ky za\u010daly kousat, na\u0161t\u011bst\u00ed jejich st\u0159ely postr\u00e1daly p\u0159esnost, nebo je zlikvidovala Sandy mezi na\u0161imi ty\u010demi. Za n\u00e1s poslala vizitku n\u00e1v\u0161t\u011bvnic\u00edm Dali, ale m\u00ed\u010d za brankovu \u010d\u00e1ru nedopravila. V 80. minut\u011b kryla MacIver dvojici jedovat\u00fdch li\u0161\u00e1ck\u00fdch st\u0159el a pak si cosi vyjas\u0148ovala s obr\u00e1nkyn\u011bmi. Leicester se urputn\u011b sna\u017eil vyrovnat, ale odol\u00e1vali jsme . V 90. minut\u011b n\u00e1rokovaly li\u0161ky ruku a roh, ani jednoho se jim nedostalo. Anveg\u00e5rd je\u0161t\u011b zkusila zkompletovat hattrick, ale jej\u00ed st\u0159ela \u0161la nad b\u0159evno. V p\u00e1t\u00e9 minut\u011b nastaven\u00ed bravurn\u011b zastavila posledn\u00ed akci Foxes i posledn\u00ed akci z\u00e1pasu McIver, kdy\u017e lapila kros Tierney.<\/p>\n<h4>Shrnut\u00ed<\/h4>\n<p>Pohledn\u00fd z\u00e1pas, dobr\u00fd ofenzivn\u00ed v\u00fdkon a v\u00edt\u011bzstv\u00ed. Rozd\u00edl mezi ned\u00e1vn\u00fdm marasmem a touto reakc\u00ed na dne\u0161n\u00ed prvn\u00ed obdr\u017een\u00fd g\u00f3l je a\u017e neuv\u011b\u0159iteln\u00fd. Nev\u00edm, zda jde o v\u00fdsledky p\u016fsoben\u00ed Chrise Robertse nebo znovu nalezen\u00fd t\u00fdmov\u00fd duch a d\u016fv\u011bru ve vlastn\u00ed fotbalov\u00e9 schopnosti. A\u0165 to je cokoliv, d\u00edky za to. V tabulce jsme p\u0159esko\u010dili Villans, pat\u0159\u00ed n\u00e1m 9. m\u00edsto (z 12) se 17 body. Villans za n\u00e1mi maj\u00ed bod\u016f 16, West Ham p\u0159ed n\u00e1mi 20. Od sestupu n\u00e1s d\u011bl\u00ed 13 bod\u016f, od postupu do Evropy 14.\u00a0 St\u00e1le m\u00e1me z\u00e1pas k dobru. Nakolik je\u00a0 dosa\u017een\u00e9 zlep\u0161en\u00ed pevn\u00e9, uk\u00e1\u017ee nemilosrdn\u011b budoucnost. Zbytek b\u0159ezna toti\u017e bude zl\u00fd: ve st\u0159edu 16. ligov\u00fd ma\u010d s Chelsea, pak n\u00e1s v r\u00e1mci WFA Cup host\u00ed MCFC, na\u010de\u017e si o t\u0159i dny pozd\u011bji z\u00e1pas zopakujeme, tentokr\u00e1t jako ligov\u00fd. A 27. jedeme na Old Trafford. Pokud z t\u00e9to smrtonosn\u00e9 \u0161\u0148\u016fry vyt\u011b\u017e\u00edme postup nebo\u00a0 jeden dva body, bude to \u00fasp\u011bch. <strong>Sl\u00e1va Ukrajin\u011b!<\/strong><\/p>\n<p style=\"text-align: right;\"><span style=\"font-size: 8pt;\"><em>Fotografie: Duggan, Anveg\u00e5rd a McManus (zdroj: bbc.com)<\/em><\/span><\/p>\n<p><strong>Branky:<\/strong> Duggan (32\u00b4), Anveg\u00e5rd (40\u00b4+ 52\u00b4) &#8211; Purfield (5\u00b4), Tierney (44\u00b4)<\/p>\n<p><strong>\u017dK:<\/strong> George<\/p>\n<p><strong>Everton (4-2-3-1):\u00a0<\/strong>MacIver; Pattinson (Bj\u00f6rn 88\u00b4), Finnigan, George, Turner; Bennison, Galli; Dali (Graham 77\u00b4), Christiansen, Anveg\u00e5rd; Duggan (Emslie 84\u00b4).<\/p>\n<p><strong>Leicester (5-3-2): <\/strong>Harris; Howard, Plumptre, McManus, de Graaf, Purfield; O&#8217;Brien, Pike, Tierney; Flint, Gregory (Brougham 84\u00b4)<\/p>\n<p><strong>Rozhod\u010d\u00ed: <\/strong>Kirsty Dowle<\/p>\n","protected":false},"excerpt":{"rendered":"<p>Siln\u00fd v\u00edtr p\u0159iv\u00e1l z Midlands li\u0161ky na Walton Hall Park a s nimi i p\u0159est\u0159elku jak od O.K. Corral.\u00a0<\/p>\n","protected":false},"author":26,"featured_media":18077,"comment_status":"open","ping_status":"closed","sticky":false,"template":"","format":"standard","meta":{"_eb_attr":"","_monsterinsights_skip_tracking":false,"_monsterinsights_sitenote_active":false,"_monsterinsights_sitenote_note":"","_monsterinsights_sitenote_category":0,"footnotes":""},"categories":[110],"tags":[],"yoast_head":"<!-- This site is optimized with the Yoast SEO plugin v23.4 - https:\/\/yoast.com\/wordpress\/plugins\/seo\/ -->\n<title>Everton W - Leicester City W 3:2 - Official Czech &amp; Slovak Everton Supporters&#039; Club<\/title>\n<meta name=\"robots\" content=\"index, follow, max-snippet:-1, max-image-preview:large, max-video-preview:-1\" \/>\n<link rel=\"canonical\" href=\"https:\/\/evertonfc.cz\/index.php\/2022\/03\/13\/everton-w-leicester-city-w-32\/\" \/>\n<meta property=\"og:locale\" content=\"cs_CZ\" \/>\n<meta property=\"og:type\" content=\"article\" \/>\n<meta property=\"og:title\" content=\"Everton W - Leicester City W 3:2 - Official Czech &amp; Slovak Everton Supporters&#039; Club\" \/>\n<meta property=\"og:description\" content=\"Siln\u00fd v\u00edtr p\u0159iv\u00e1l z Midlands li\u0161ky na Walton Hall Park a s nimi i p\u0159est\u0159elku jak od O.K. Corral.\u00a0\" \/>\n<meta property=\"og:url\" content=\"https:\/\/evertonfc.cz\/index.php\/2022\/03\/13\/everton-w-leicester-city-w-32\/\" \/>\n<meta property=\"og:site_name\" content=\"Official Czech &amp; Slovak Everton Supporters&#039; Club\" \/>\n<meta property=\"article:publisher\" content=\"https:\/\/www.facebook.com\/everton.fans.cz.sk\" \/>\n<meta property=\"article:published_time\" content=\"2022-03-13T11:19:31+00:00\" \/>\n<meta property=\"article:modified_time\" content=\"2022-03-14T17:04:51+00:00\" \/>\n<meta property=\"og:image\" content=\"https:\/\/evertonfc.cz\/wp-content\/uploads\/2022\/03\/Duggan-vs-Leicester-12_3_2022_web.jpg\" \/>\n\t<meta property=\"og:image:width\" content=\"720\" \/>\n\t<meta property=\"og:image:height\" content=\"405\" \/>\n\t<meta property=\"og:image:type\" content=\"image\/jpeg\" \/>\n<meta name=\"author\" content=\"Karamela\" \/>\n<meta name=\"twitter:card\" content=\"summary_large_image\" \/>\n<meta name=\"twitter:label1\" content=\"Napsal(a)\" \/>\n\t<meta name=\"twitter:data1\" content=\"Karamela\" \/>\n\t<meta name=\"twitter:label2\" content=\"Odhadovan\u00e1 doba \u010dten\u00ed\" \/>\n\t<meta name=\"twitter:data2\" content=\"4 minuty\" \/>\n<script type=\"application\/ld+json\" class=\"yoast-schema-graph\">{\"@context\":\"https:\/\/schema.org\",\"@graph\":[{\"@type\":\"Article\",\"@id\":\"https:\/\/evertonfc.cz\/index.php\/2022\/03\/13\/everton-w-leicester-city-w-32\/#article\",\"isPartOf\":{\"@id\":\"https:\/\/evertonfc.cz\/index.php\/2022\/03\/13\/everton-w-leicester-city-w-32\/\"},\"author\":{\"name\":\"Karamela\",\"@id\":\"https:\/\/evertonfc.cz\/#\/schema\/person\/e9a24a80a32efa1344dd2c4e5882185c\"},\"headline\":\"Everton W &#8211; Leicester City W 3:2\",\"datePublished\":\"2022-03-13T11:19:31+00:00\",\"dateModified\":\"2022-03-14T17:04:51+00:00\",\"mainEntityOfPage\":{\"@id\":\"https:\/\/evertonfc.cz\/index.php\/2022\/03\/13\/everton-w-leicester-city-w-32\/\"},\"wordCount\":739,\"commentCount\":2,\"publisher\":{\"@id\":\"https:\/\/evertonfc.cz\/#organization\"},\"image\":{\"@id\":\"https:\/\/evertonfc.cz\/index.php\/2022\/03\/13\/everton-w-leicester-city-w-32\/#primaryimage\"},\"thumbnailUrl\":\"https:\/\/evertonfc.cz\/wp-content\/uploads\/2022\/03\/Duggan-vs-Leicester-12_3_2022_web.jpg\",\"articleSection\":[\"Everton Women\"],\"inLanguage\":\"cs\",\"potentialAction\":[{\"@type\":\"CommentAction\",\"name\":\"Comment\",\"target\":[\"https:\/\/evertonfc.cz\/index.php\/2022\/03\/13\/everton-w-leicester-city-w-32\/#respond\"]}]},{\"@type\":\"WebPage\",\"@id\":\"https:\/\/evertonfc.cz\/index.php\/2022\/03\/13\/everton-w-leicester-city-w-32\/\",\"url\":\"https:\/\/evertonfc.cz\/index.php\/2022\/03\/13\/everton-w-leicester-city-w-32\/\",\"name\":\"Everton W - Leicester City W 3:2 - Official Czech &amp; Slovak Everton Supporters&#039; Club\",\"isPartOf\":{\"@id\":\"https:\/\/evertonfc.cz\/#website\"},\"primaryImageOfPage\":{\"@id\":\"https:\/\/evertonfc.cz\/index.php\/2022\/03\/13\/everton-w-leicester-city-w-32\/#primaryimage\"},\"image\":{\"@id\":\"https:\/\/evertonfc.cz\/index.php\/2022\/03\/13\/everton-w-leicester-city-w-32\/#primaryimage\"},\"thumbnailUrl\":\"https:\/\/evertonfc.cz\/wp-content\/uploads\/2022\/03\/Duggan-vs-Leicester-12_3_2022_web.jpg\",\"datePublished\":\"2022-03-13T11:19:31+00:00\",\"dateModified\":\"2022-03-14T17:04:51+00:00\",\"breadcrumb\":{\"@id\":\"https:\/\/evertonfc.cz\/index.php\/2022\/03\/13\/everton-w-leicester-city-w-32\/#breadcrumb\"},\"inLanguage\":\"cs\",\"potentialAction\":[{\"@type\":\"ReadAction\",\"target\":[\"https:\/\/evertonfc.cz\/index.php\/2022\/03\/13\/everton-w-leicester-city-w-32\/\"]}]},{\"@type\":\"ImageObject\",\"inLanguage\":\"cs\",\"@id\":\"https:\/\/evertonfc.cz\/index.php\/2022\/03\/13\/everton-w-leicester-city-w-32\/#primaryimage\",\"url\":\"https:\/\/evertonfc.cz\/wp-content\/uploads\/2022\/03\/Duggan-vs-Leicester-12_3_2022_web.jpg\",\"contentUrl\":\"https:\/\/evertonfc.cz\/wp-content\/uploads\/2022\/03\/Duggan-vs-Leicester-12_3_2022_web.jpg\",\"width\":720,\"height\":405},{\"@type\":\"BreadcrumbList\",\"@id\":\"https:\/\/evertonfc.cz\/index.php\/2022\/03\/13\/everton-w-leicester-city-w-32\/#breadcrumb\",\"itemListElement\":[{\"@type\":\"ListItem\",\"position\":1,\"name\":\"Home\",\"item\":\"https:\/\/evertonfc.cz\/\"},{\"@type\":\"ListItem\",\"position\":2,\"name\":\"Everton W &#8211; Leicester City W 3:2\"}]},{\"@type\":\"WebSite\",\"@id\":\"https:\/\/evertonfc.cz\/#website\",\"url\":\"https:\/\/evertonfc.cz\/\",\"name\":\"Official Czech &amp; Slovak Everton Supporters&#039; Club\",\"description\":\"\",\"publisher\":{\"@id\":\"https:\/\/evertonfc.cz\/#organization\"},\"potentialAction\":[{\"@type\":\"SearchAction\",\"target\":{\"@type\":\"EntryPoint\",\"urlTemplate\":\"https:\/\/evertonfc.cz\/?s={search_term_string}\"},\"query-input\":{\"@type\":\"PropertyValueSpecification\",\"valueRequired\":true,\"valueName\":\"search_term_string\"}}],\"inLanguage\":\"cs\"},{\"@type\":\"Organization\",\"@id\":\"https:\/\/evertonfc.cz\/#organization\",\"name\":\"Official Czech & Slovak Everton Supporters' Club\",\"url\":\"https:\/\/evertonfc.cz\/\",\"logo\":{\"@type\":\"ImageObject\",\"inLanguage\":\"cs\",\"@id\":\"https:\/\/evertonfc.cz\/#\/schema\/logo\/image\/\",\"url\":\"https:\/\/evertonfc.cz\/wp-content\/uploads\/2019\/05\/logo.png\",\"contentUrl\":\"https:\/\/evertonfc.cz\/wp-content\/uploads\/2019\/05\/logo.png\",\"width\":112,\"height\":112,\"caption\":\"Official Czech & Slovak Everton Supporters' Club\"},\"image\":{\"@id\":\"https:\/\/evertonfc.cz\/#\/schema\/logo\/image\/\"},\"sameAs\":[\"https:\/\/www.facebook.com\/everton.fans.cz.sk\"]},{\"@type\":\"Person\",\"@id\":\"https:\/\/evertonfc.cz\/#\/schema\/person\/e9a24a80a32efa1344dd2c4e5882185c\",\"name\":\"Karamela\",\"url\":\"https:\/\/evertonfc.cz\/index.php\/author\/karamela\/\"}]}<\/script>\n<!-- \/ Yoast SEO plugin. -->","yoast_head_json":{"title":"Everton W - Leicester City W 3:2 - Official Czech &amp; Slovak Everton Supporters&#039; Club","robots":{"index":"index","follow":"follow","max-snippet":"max-snippet:-1","max-image-preview":"max-image-preview:large","max-video-preview":"max-video-preview:-1"},"canonical":"https:\/\/evertonfc.cz\/index.php\/2022\/03\/13\/everton-w-leicester-city-w-32\/","og_locale":"cs_CZ","og_type":"article","og_title":"Everton W - Leicester City W 3:2 - Official Czech &amp; Slovak Everton Supporters&#039; Club","og_description":"Siln\u00fd v\u00edtr p\u0159iv\u00e1l z Midlands li\u0161ky na Walton Hall Park a s nimi i p\u0159est\u0159elku jak od O.K. Corral.\u00a0","og_url":"https:\/\/evertonfc.cz\/index.php\/2022\/03\/13\/everton-w-leicester-city-w-32\/","og_site_name":"Official Czech &amp; Slovak Everton Supporters&#039; Club","article_publisher":"https:\/\/www.facebook.com\/everton.fans.cz.sk","article_published_time":"2022-03-13T11:19:31+00:00","article_modified_time":"2022-03-14T17:04:51+00:00","og_image":[{"width":720,"height":405,"url":"https:\/\/evertonfc.cz\/wp-content\/uploads\/2022\/03\/Duggan-vs-Leicester-12_3_2022_web.jpg","type":"image\/jpeg"}],"author":"Karamela","twitter_card":"summary_large_image","twitter_misc":{"Napsal(a)":"Karamela","Odhadovan\u00e1 doba \u010dten\u00ed":"4 minuty"},"schema":{"@context":"https:\/\/schema.org","@graph":[{"@type":"Article","@id":"https:\/\/evertonfc.cz\/index.php\/2022\/03\/13\/everton-w-leicester-city-w-32\/#article","isPartOf":{"@id":"https:\/\/evertonfc.cz\/index.php\/2022\/03\/13\/everton-w-leicester-city-w-32\/"},"author":{"name":"Karamela","@id":"https:\/\/evertonfc.cz\/#\/schema\/person\/e9a24a80a32efa1344dd2c4e5882185c"},"headline":"Everton W &#8211; Leicester City W 3:2","datePublished":"2022-03-13T11:19:31+00:00","dateModified":"2022-03-14T17:04:51+00:00","mainEntityOfPage":{"@id":"https:\/\/evertonfc.cz\/index.php\/2022\/03\/13\/everton-w-leicester-city-w-32\/"},"wordCount":739,"commentCount":2,"publisher":{"@id":"https:\/\/evertonfc.cz\/#organization"},"image":{"@id":"https:\/\/evertonfc.cz\/index.php\/2022\/03\/13\/everton-w-leicester-city-w-32\/#primaryimage"},"thumbnailUrl":"https:\/\/evertonfc.cz\/wp-content\/uploads\/2022\/03\/Duggan-vs-Leicester-12_3_2022_web.jpg","articleSection":["Everton Women"],"inLanguage":"cs","potentialAction":[{"@type":"CommentAction","name":"Comment","target":["https:\/\/evertonfc.cz\/index.php\/2022\/03\/13\/everton-w-leicester-city-w-32\/#respond"]}]},{"@type":"WebPage","@id":"https:\/\/evertonfc.cz\/index.php\/2022\/03\/13\/everton-w-leicester-city-w-32\/","url":"https:\/\/evertonfc.cz\/index.php\/2022\/03\/13\/everton-w-leicester-city-w-32\/","name":"Everton W - Leicester City W 3:2 - Official Czech &amp; Slovak Everton Supporters&#039; Club","isPartOf":{"@id":"https:\/\/evertonfc.cz\/#website"},"primaryImageOfPage":{"@id":"https:\/\/evertonfc.cz\/index.php\/2022\/03\/13\/everton-w-leicester-city-w-32\/#primaryimage"},"image":{"@id":"https:\/\/evertonfc.cz\/index.php\/2022\/03\/13\/everton-w-leicester-city-w-32\/#primaryimage"},"thumbnailUrl":"https:\/\/evertonfc.cz\/wp-content\/uploads\/2022\/03\/Duggan-vs-Leicester-12_3_2022_web.jpg","datePublished":"2022-03-13T11:19:31+00:00","dateModified":"2022-03-14T17:04:51+00:00","breadcrumb":{"@id":"https:\/\/evertonfc.cz\/index.php\/2022\/03\/13\/everton-w-leicester-city-w-32\/#breadcrumb"},"inLanguage":"cs","potentialAction":[{"@type":"ReadAction","target":["https:\/\/evertonfc.cz\/index.php\/2022\/03\/13\/everton-w-leicester-city-w-32\/"]}]},{"@type":"ImageObject","inLanguage":"cs","@id":"https:\/\/evertonfc.cz\/index.php\/2022\/03\/13\/everton-w-leicester-city-w-32\/#primaryimage","url":"https:\/\/evertonfc.cz\/wp-content\/uploads\/2022\/03\/Duggan-vs-Leicester-12_3_2022_web.jpg","contentUrl":"https:\/\/evertonfc.cz\/wp-content\/uploads\/2022\/03\/Duggan-vs-Leicester-12_3_2022_web.jpg","width":720,"height":405},{"@type":"BreadcrumbList","@id":"https:\/\/evertonfc.cz\/index.php\/2022\/03\/13\/everton-w-leicester-city-w-32\/#breadcrumb","itemListElement":[{"@type":"ListItem","position":1,"name":"Home","item":"https:\/\/evertonfc.cz\/"},{"@type":"ListItem","position":2,"name":"Everton W &#8211; Leicester City W 3:2"}]},{"@type":"WebSite","@id":"https:\/\/evertonfc.cz\/#website","url":"https:\/\/evertonfc.cz\/","name":"Official Czech &amp; Slovak Everton Supporters&#039; Club","description":"","publisher":{"@id":"https:\/\/evertonfc.cz\/#organization"},"potentialAction":[{"@type":"SearchAction","target":{"@type":"EntryPoint","urlTemplate":"https:\/\/evertonfc.cz\/?s={search_term_string}"},"query-input":{"@type":"PropertyValueSpecification","valueRequired":true,"valueName":"search_term_string"}}],"inLanguage":"cs"},{"@type":"Organization","@id":"https:\/\/evertonfc.cz\/#organization","name":"Official Czech & Slovak Everton Supporters' Club","url":"https:\/\/evertonfc.cz\/","logo":{"@type":"ImageObject","inLanguage":"cs","@id":"https:\/\/evertonfc.cz\/#\/schema\/logo\/image\/","url":"https:\/\/evertonfc.cz\/wp-content\/uploads\/2019\/05\/logo.png","contentUrl":"https:\/\/evertonfc.cz\/wp-content\/uploads\/2019\/05\/logo.png","width":112,"height":112,"caption":"Official Czech & Slovak Everton Supporters' Club"},"image":{"@id":"https:\/\/evertonfc.cz\/#\/schema\/logo\/image\/"},"sameAs":["https:\/\/www.facebook.com\/everton.fans.cz.sk"]},{"@type":"Person","@id":"https:\/\/evertonfc.cz\/#\/schema\/person\/e9a24a80a32efa1344dd2c4e5882185c","name":"Karamela","url":"https:\/\/evertonfc.cz\/index.php\/author\/karamela\/"}]}},"_links":{"self":[{"href":"https:\/\/evertonfc.cz\/index.php\/wp-json\/wp\/v2\/posts\/18064"}],"collection":[{"href":"https:\/\/evertonfc.cz\/index.php\/wp-json\/wp\/v2\/posts"}],"about":[{"href":"https:\/\/evertonfc.cz\/index.php\/wp-json\/wp\/v2\/types\/post"}],"author":[{"embeddable":true,"href":"https:\/\/evertonfc.cz\/index.php\/wp-json\/wp\/v2\/users\/26"}],"replies":[{"embeddable":true,"href":"https:\/\/evertonfc.cz\/index.php\/wp-json\/wp\/v2\/comments?post=18064"}],"version-history":[{"count":15,"href":"https:\/\/evertonfc.cz\/index.php\/wp-json\/wp\/v2\/posts\/18064\/revisions"}],"predecessor-version":[{"id":18109,"href":"https:\/\/evertonfc.cz\/index.php\/wp-json\/wp\/v2\/posts\/18064\/revisions\/18109"}],"wp:featuredmedia":[{"embeddable":true,"href":"https:\/\/evertonfc.cz\/index.php\/wp-json\/wp\/v2\/media\/18077"}],"wp:attachment":[{"href":"https:\/\/evertonfc.cz\/index.php\/wp-json\/wp\/v2\/media?parent=18064"}],"wp:term":[{"taxonomy":"category","embeddable":true,"href":"https:\/\/evertonfc.cz\/index.php\/wp-json\/wp\/v2\/categories?post=18064"},{"taxonomy":"post_tag","embeddable":true,"href":"https:\/\/evertonfc.cz\/index.php\/wp-json\/wp\/v2\/tags?post=18064"}],"curies":[{"name":"wp","href":"https:\/\/api.w.org\/{rel}","templated":true}]}}