{"id":18119,"date":"2022-03-17T22:31:37","date_gmt":"2022-03-17T21:31:37","guid":{"rendered":"https:\/\/evertonfc.cz\/?p=18119"},"modified":"2022-03-19T15:08:03","modified_gmt":"2022-03-19T14:08:03","slug":"everton-w-chelsea-w-03","status":"publish","type":"post","link":"https:\/\/evertonfc.cz\/index.php\/2022\/03\/17\/everton-w-chelsea-w-03\/","title":{"rendered":"Everton W &#8211; Chelsea W 0:3"},"content":{"rendered":"<p><strong>Z\u00e1zrak se nekonal a na dom\u00e1c\u00edm stadionu jsme podlehli hork\u00fdm adeptk\u00e1m na titul, \u017een\u00e1m Chelsea.\u00a0<\/strong><\/p>\n<p>\u017de z\u00e1pas nebude proch\u00e1zka r\u016f\u017eov\u00fdm sadem bylo u\u017e p\u0159edem jasn\u00e9. P\u0159esto jsme se vytasili s poh\u00e1rovou sestavou. A ta bolestn\u011b nefungovala.<\/p>\n<p>Sk\u00f3re z\u00e1pasu otev\u0159ela u\u017e v 7 minut\u011b Samantha Kerr\u00a0 zbl\u00edzka hlavi\u010dkou &#8211; <strong>0:1<\/strong>.\u00a0 Guro Reiten v minut\u011b 15. a Erin Cuthberg t\u011bsn\u011b p\u0159ed p\u016flhodinou hry naopak p\u00e1lily z d\u00e1lky a p\u0159esn\u011b (i kdy\u017e st\u0159ela prvn\u00ed jmenovan\u00e9 byla s te\u010d\u00ed), \u010d\u00edm\u017e ustavily sk\u00f3re na <strong>0:2<\/strong>, respektive na <strong>0:3<\/strong>. O na\u0161em v\u00fdkonu prakticky nem\u00e1 smysl ps\u00e1t &#8211; \u017e\u00e1dn\u00fd zaznamenateln\u00fd nebyl. Pravda, ve druh\u00e9m polo\u010dase se na\u0161e hra m\u00edrn\u011b zlep\u0161ila, zejm\u00e9na d\u00edky masivn\u00ed obran\u00e1\u0159sk\u00e9 praci.<\/p>\n<p>Po\u010det st\u0159el na br\u00e1nu Chelsea (0) i procento dr\u017een\u00ed m\u00ed\u010de na na\u0161ich kopa\u010dk\u00e1ch (35 %) p\u0159esto ukazuj\u00ed, \u017ee pro Evertonians byl z\u00e1pas dr\u00e1savou pod\u00edvanou. Mimo br\u00e1nu jme p\u00e1lili 6x (Chelsea 15x), ale snad jen pokus Bennison z prvn\u00edho polo\u010dasu sm\u011b\u0159uj\u00edc\u00ed vysoko nad b\u0159evno nebo naopak st\u0159ela Turner z konce z\u00e1pasu mohly aspo\u0148 na okam\u017eik vyvolat dojem, \u017ee zhruba tu\u0161\u00edme, kde m\u00e1 soupe\u0159 branku.<\/p>\n<p>Jinak jsme pro Lond\u00fd\u0148anky nep\u0159edstavovali \u017e\u00e1dnou hrozbu. V p\u0159\u00edpad\u011b Chelsea jde u n\u00e1s nav\u00edc o chronickou z\u00e1le\u017eitost, proto\u017ee od ikonick\u00e9ho z\u00e1pasu FA Cup na podzim 2020 se n\u00e1m v \u017e\u00e1dn\u00e9m z n\u00e1sleduj\u00edc\u00edch dev\u00edti z\u00e1pas\u016f ji\u017e nepoda\u0159ilo vst\u0159elit Pensioners g\u00f3l.<\/p>\n<p>P\u0159esto Chris Roberts jako do\u010dasn\u00fd mana\u017eer ocenil p\u00edl,\u00a0 nasazen\u00ed a neuv\u011b\u0159itelnou kompaktnost t\u00fdmu zejm\u00e9na v druh\u00e9 p\u016fli s konstatov\u00e1n\u00edm, \u017ee hr\u00e1l proti jednomu z nejlep\u0161\u00edch sv\u011btov\u00fdch t\u00fdm\u016f. A vyj\u00e1d\u0159il nad\u011bji, \u017ee sebed\u016fv\u011bra a nesm\u00edrn\u00e1 hrdost p\u0159inese na\u0161im hr\u00e1\u010dk\u00e1m \u00faspech v dal\u0161\u00edch z\u00e1pasech.<\/p>\n<p>Sma\u017eme tedy tento pochybn\u00fd z\u00e1\u017eitek a zkusme si u\u017e\u00edt z\u00e1pas FA Cupu s Manchester City v ned\u011bli 20.3. od 13:30. Proto\u017ee jako zn\u00e1mo, v poh\u00e1rech se mohou d\u00edt nev\u00eddan\u00e9 v\u011bci.\u00a0 <strong>Sl\u00e1va Ukrajin\u011b!<\/strong><\/p>\n<p style=\"text-align: right;\"><span style=\"font-size: 8pt;\"><em>Fotografie: Gabby George p\u0159ekon\u00e1na \u00fatokem Chelsea (zdroj: Getty Images via BBC)<\/em><\/span><\/p>\n<p><strong>Branky:<\/strong> Kerr (7\u00b4), Reiten (15\u00b4), Cuthbert 29\u00b4)<\/p>\n<p><strong>Everton (4-2-3-1):<\/strong> Brosnan; Turner, Finnigan, George, Pattinson; Galli (Dali 81\u00b4), Bj\u00f6rn (Graham 45\u00b4); Emslie, Christiansen (Duggan 81\u00b4) , Bennison (Maier 68\u00b4); Magill (Gauvin 69\u00b4)<\/p>\n<p><strong>Chelsea (3-5-2): <\/strong>Musovic; Bright, Nouwen (Mjelde 82\u00b4), Carter; Charles (Eriksson 61\u00b4), Fleming, Cuthbert (Spence 61\u00b4), Ingle, Reiten; Harder (England 75\u00b4), Kerr<\/p>\n<p><strong>Rozhod\u010d\u00ed:<\/strong> James Bell\u00a0 <strong>Div\u00e1k\u016f:<\/strong> 574<\/p>\n","protected":false},"excerpt":{"rendered":"<p>Z\u00e1zrak se nekonal a na dom\u00e1c\u00edm stadionu jsme podlehli hork\u00fdm adeptk\u00e1m na titul, \u017een\u00e1m Chelsea.\u00a0<\/p>\n","protected":false},"author":26,"featured_media":18132,"comment_status":"open","ping_status":"closed","sticky":false,"template":"","format":"standard","meta":{"_eb_attr":"","_monsterinsights_skip_tracking":false,"_monsterinsights_sitenote_active":false,"_monsterinsights_sitenote_note":"","_monsterinsights_sitenote_category":0,"footnotes":""},"categories":[4],"tags":[],"yoast_head":"<!-- This site is optimized with the Yoast SEO plugin v23.4 - https:\/\/yoast.com\/wordpress\/plugins\/seo\/ -->\n<title>Everton W - Chelsea W 0:3 - Official Czech &amp; Slovak Everton Supporters&#039; Club<\/title>\n<meta name=\"robots\" content=\"index, follow, max-snippet:-1, max-image-preview:large, max-video-preview:-1\" \/>\n<link rel=\"canonical\" href=\"https:\/\/evertonfc.cz\/index.php\/2022\/03\/17\/everton-w-chelsea-w-03\/\" \/>\n<meta property=\"og:locale\" content=\"cs_CZ\" \/>\n<meta property=\"og:type\" content=\"article\" \/>\n<meta property=\"og:title\" content=\"Everton W - Chelsea W 0:3 - Official Czech &amp; Slovak Everton Supporters&#039; Club\" \/>\n<meta property=\"og:description\" content=\"Z\u00e1zrak se nekonal a na dom\u00e1c\u00edm stadionu jsme podlehli hork\u00fdm adeptk\u00e1m na titul, \u017een\u00e1m Chelsea.\u00a0\" \/>\n<meta property=\"og:url\" content=\"https:\/\/evertonfc.cz\/index.php\/2022\/03\/17\/everton-w-chelsea-w-03\/\" \/>\n<meta property=\"og:site_name\" content=\"Official Czech &amp; Slovak Everton Supporters&#039; Club\" \/>\n<meta property=\"article:publisher\" content=\"https:\/\/www.facebook.com\/everton.fans.cz.sk\" \/>\n<meta property=\"article:published_time\" content=\"2022-03-17T21:31:37+00:00\" \/>\n<meta property=\"article:modified_time\" content=\"2022-03-19T14:08:03+00:00\" \/>\n<meta property=\"og:image\" content=\"https:\/\/evertonfc.cz\/wp-content\/uploads\/2022\/03\/Gaby-George-vs-Chelsea-16_3_2022-web.jpg\" \/>\n\t<meta property=\"og:image:width\" content=\"720\" \/>\n\t<meta property=\"og:image:height\" content=\"405\" \/>\n\t<meta property=\"og:image:type\" content=\"image\/jpeg\" \/>\n<meta name=\"author\" content=\"Karamela\" \/>\n<meta name=\"twitter:card\" content=\"summary_large_image\" \/>\n<meta name=\"twitter:label1\" content=\"Napsal(a)\" \/>\n\t<meta name=\"twitter:data1\" content=\"Karamela\" \/>\n\t<meta name=\"twitter:label2\" content=\"Odhadovan\u00e1 doba \u010dten\u00ed\" \/>\n\t<meta name=\"twitter:data2\" content=\"2 minuty\" \/>\n<script type=\"application\/ld+json\" class=\"yoast-schema-graph\">{\"@context\":\"https:\/\/schema.org\",\"@graph\":[{\"@type\":\"Article\",\"@id\":\"https:\/\/evertonfc.cz\/index.php\/2022\/03\/17\/everton-w-chelsea-w-03\/#article\",\"isPartOf\":{\"@id\":\"https:\/\/evertonfc.cz\/index.php\/2022\/03\/17\/everton-w-chelsea-w-03\/\"},\"author\":{\"name\":\"Karamela\",\"@id\":\"https:\/\/evertonfc.cz\/#\/schema\/person\/e9a24a80a32efa1344dd2c4e5882185c\"},\"headline\":\"Everton W &#8211; Chelsea W 0:3\",\"datePublished\":\"2022-03-17T21:31:37+00:00\",\"dateModified\":\"2022-03-19T14:08:03+00:00\",\"mainEntityOfPage\":{\"@id\":\"https:\/\/evertonfc.cz\/index.php\/2022\/03\/17\/everton-w-chelsea-w-03\/\"},\"wordCount\":458,\"commentCount\":0,\"publisher\":{\"@id\":\"https:\/\/evertonfc.cz\/#organization\"},\"image\":{\"@id\":\"https:\/\/evertonfc.cz\/index.php\/2022\/03\/17\/everton-w-chelsea-w-03\/#primaryimage\"},\"thumbnailUrl\":\"https:\/\/evertonfc.cz\/wp-content\/uploads\/2022\/03\/Gaby-George-vs-Chelsea-16_3_2022-web.jpg\",\"articleSection\":[\"Z\u00e1pasy\"],\"inLanguage\":\"cs\",\"potentialAction\":[{\"@type\":\"CommentAction\",\"name\":\"Comment\",\"target\":[\"https:\/\/evertonfc.cz\/index.php\/2022\/03\/17\/everton-w-chelsea-w-03\/#respond\"]}]},{\"@type\":\"WebPage\",\"@id\":\"https:\/\/evertonfc.cz\/index.php\/2022\/03\/17\/everton-w-chelsea-w-03\/\",\"url\":\"https:\/\/evertonfc.cz\/index.php\/2022\/03\/17\/everton-w-chelsea-w-03\/\",\"name\":\"Everton W - Chelsea W 0:3 - Official Czech &amp; Slovak Everton Supporters&#039; Club\",\"isPartOf\":{\"@id\":\"https:\/\/evertonfc.cz\/#website\"},\"primaryImageOfPage\":{\"@id\":\"https:\/\/evertonfc.cz\/index.php\/2022\/03\/17\/everton-w-chelsea-w-03\/#primaryimage\"},\"image\":{\"@id\":\"https:\/\/evertonfc.cz\/index.php\/2022\/03\/17\/everton-w-chelsea-w-03\/#primaryimage\"},\"thumbnailUrl\":\"https:\/\/evertonfc.cz\/wp-content\/uploads\/2022\/03\/Gaby-George-vs-Chelsea-16_3_2022-web.jpg\",\"datePublished\":\"2022-03-17T21:31:37+00:00\",\"dateModified\":\"2022-03-19T14:08:03+00:00\",\"breadcrumb\":{\"@id\":\"https:\/\/evertonfc.cz\/index.php\/2022\/03\/17\/everton-w-chelsea-w-03\/#breadcrumb\"},\"inLanguage\":\"cs\",\"potentialAction\":[{\"@type\":\"ReadAction\",\"target\":[\"https:\/\/evertonfc.cz\/index.php\/2022\/03\/17\/everton-w-chelsea-w-03\/\"]}]},{\"@type\":\"ImageObject\",\"inLanguage\":\"cs\",\"@id\":\"https:\/\/evertonfc.cz\/index.php\/2022\/03\/17\/everton-w-chelsea-w-03\/#primaryimage\",\"url\":\"https:\/\/evertonfc.cz\/wp-content\/uploads\/2022\/03\/Gaby-George-vs-Chelsea-16_3_2022-web.jpg\",\"contentUrl\":\"https:\/\/evertonfc.cz\/wp-content\/uploads\/2022\/03\/Gaby-George-vs-Chelsea-16_3_2022-web.jpg\",\"width\":720,\"height\":405},{\"@type\":\"BreadcrumbList\",\"@id\":\"https:\/\/evertonfc.cz\/index.php\/2022\/03\/17\/everton-w-chelsea-w-03\/#breadcrumb\",\"itemListElement\":[{\"@type\":\"ListItem\",\"position\":1,\"name\":\"Home\",\"item\":\"https:\/\/evertonfc.cz\/\"},{\"@type\":\"ListItem\",\"position\":2,\"name\":\"Everton W &#8211; Chelsea W 0:3\"}]},{\"@type\":\"WebSite\",\"@id\":\"https:\/\/evertonfc.cz\/#website\",\"url\":\"https:\/\/evertonfc.cz\/\",\"name\":\"Official Czech &amp; Slovak Everton Supporters&#039; Club\",\"description\":\"\",\"publisher\":{\"@id\":\"https:\/\/evertonfc.cz\/#organization\"},\"potentialAction\":[{\"@type\":\"SearchAction\",\"target\":{\"@type\":\"EntryPoint\",\"urlTemplate\":\"https:\/\/evertonfc.cz\/?s={search_term_string}\"},\"query-input\":{\"@type\":\"PropertyValueSpecification\",\"valueRequired\":true,\"valueName\":\"search_term_string\"}}],\"inLanguage\":\"cs\"},{\"@type\":\"Organization\",\"@id\":\"https:\/\/evertonfc.cz\/#organization\",\"name\":\"Official Czech & Slovak Everton Supporters' Club\",\"url\":\"https:\/\/evertonfc.cz\/\",\"logo\":{\"@type\":\"ImageObject\",\"inLanguage\":\"cs\",\"@id\":\"https:\/\/evertonfc.cz\/#\/schema\/logo\/image\/\",\"url\":\"https:\/\/evertonfc.cz\/wp-content\/uploads\/2019\/05\/logo.png\",\"contentUrl\":\"https:\/\/evertonfc.cz\/wp-content\/uploads\/2019\/05\/logo.png\",\"width\":112,\"height\":112,\"caption\":\"Official Czech & Slovak Everton Supporters' Club\"},\"image\":{\"@id\":\"https:\/\/evertonfc.cz\/#\/schema\/logo\/image\/\"},\"sameAs\":[\"https:\/\/www.facebook.com\/everton.fans.cz.sk\"]},{\"@type\":\"Person\",\"@id\":\"https:\/\/evertonfc.cz\/#\/schema\/person\/e9a24a80a32efa1344dd2c4e5882185c\",\"name\":\"Karamela\",\"url\":\"https:\/\/evertonfc.cz\/index.php\/author\/karamela\/\"}]}<\/script>\n<!-- \/ Yoast SEO plugin. -->","yoast_head_json":{"title":"Everton W - Chelsea W 0:3 - Official Czech &amp; Slovak Everton Supporters&#039; Club","robots":{"index":"index","follow":"follow","max-snippet":"max-snippet:-1","max-image-preview":"max-image-preview:large","max-video-preview":"max-video-preview:-1"},"canonical":"https:\/\/evertonfc.cz\/index.php\/2022\/03\/17\/everton-w-chelsea-w-03\/","og_locale":"cs_CZ","og_type":"article","og_title":"Everton W - Chelsea W 0:3 - Official Czech &amp; Slovak Everton Supporters&#039; Club","og_description":"Z\u00e1zrak se nekonal a na dom\u00e1c\u00edm stadionu jsme podlehli hork\u00fdm adeptk\u00e1m na titul, \u017een\u00e1m Chelsea.\u00a0","og_url":"https:\/\/evertonfc.cz\/index.php\/2022\/03\/17\/everton-w-chelsea-w-03\/","og_site_name":"Official Czech &amp; Slovak Everton Supporters&#039; Club","article_publisher":"https:\/\/www.facebook.com\/everton.fans.cz.sk","article_published_time":"2022-03-17T21:31:37+00:00","article_modified_time":"2022-03-19T14:08:03+00:00","og_image":[{"width":720,"height":405,"url":"https:\/\/evertonfc.cz\/wp-content\/uploads\/2022\/03\/Gaby-George-vs-Chelsea-16_3_2022-web.jpg","type":"image\/jpeg"}],"author":"Karamela","twitter_card":"summary_large_image","twitter_misc":{"Napsal(a)":"Karamela","Odhadovan\u00e1 doba \u010dten\u00ed":"2 minuty"},"schema":{"@context":"https:\/\/schema.org","@graph":[{"@type":"Article","@id":"https:\/\/evertonfc.cz\/index.php\/2022\/03\/17\/everton-w-chelsea-w-03\/#article","isPartOf":{"@id":"https:\/\/evertonfc.cz\/index.php\/2022\/03\/17\/everton-w-chelsea-w-03\/"},"author":{"name":"Karamela","@id":"https:\/\/evertonfc.cz\/#\/schema\/person\/e9a24a80a32efa1344dd2c4e5882185c"},"headline":"Everton W &#8211; Chelsea W 0:3","datePublished":"2022-03-17T21:31:37+00:00","dateModified":"2022-03-19T14:08:03+00:00","mainEntityOfPage":{"@id":"https:\/\/evertonfc.cz\/index.php\/2022\/03\/17\/everton-w-chelsea-w-03\/"},"wordCount":458,"commentCount":0,"publisher":{"@id":"https:\/\/evertonfc.cz\/#organization"},"image":{"@id":"https:\/\/evertonfc.cz\/index.php\/2022\/03\/17\/everton-w-chelsea-w-03\/#primaryimage"},"thumbnailUrl":"https:\/\/evertonfc.cz\/wp-content\/uploads\/2022\/03\/Gaby-George-vs-Chelsea-16_3_2022-web.jpg","articleSection":["Z\u00e1pasy"],"inLanguage":"cs","potentialAction":[{"@type":"CommentAction","name":"Comment","target":["https:\/\/evertonfc.cz\/index.php\/2022\/03\/17\/everton-w-chelsea-w-03\/#respond"]}]},{"@type":"WebPage","@id":"https:\/\/evertonfc.cz\/index.php\/2022\/03\/17\/everton-w-chelsea-w-03\/","url":"https:\/\/evertonfc.cz\/index.php\/2022\/03\/17\/everton-w-chelsea-w-03\/","name":"Everton W - Chelsea W 0:3 - Official Czech &amp; Slovak Everton Supporters&#039; Club","isPartOf":{"@id":"https:\/\/evertonfc.cz\/#website"},"primaryImageOfPage":{"@id":"https:\/\/evertonfc.cz\/index.php\/2022\/03\/17\/everton-w-chelsea-w-03\/#primaryimage"},"image":{"@id":"https:\/\/evertonfc.cz\/index.php\/2022\/03\/17\/everton-w-chelsea-w-03\/#primaryimage"},"thumbnailUrl":"https:\/\/evertonfc.cz\/wp-content\/uploads\/2022\/03\/Gaby-George-vs-Chelsea-16_3_2022-web.jpg","datePublished":"2022-03-17T21:31:37+00:00","dateModified":"2022-03-19T14:08:03+00:00","breadcrumb":{"@id":"https:\/\/evertonfc.cz\/index.php\/2022\/03\/17\/everton-w-chelsea-w-03\/#breadcrumb"},"inLanguage":"cs","potentialAction":[{"@type":"ReadAction","target":["https:\/\/evertonfc.cz\/index.php\/2022\/03\/17\/everton-w-chelsea-w-03\/"]}]},{"@type":"ImageObject","inLanguage":"cs","@id":"https:\/\/evertonfc.cz\/index.php\/2022\/03\/17\/everton-w-chelsea-w-03\/#primaryimage","url":"https:\/\/evertonfc.cz\/wp-content\/uploads\/2022\/03\/Gaby-George-vs-Chelsea-16_3_2022-web.jpg","contentUrl":"https:\/\/evertonfc.cz\/wp-content\/uploads\/2022\/03\/Gaby-George-vs-Chelsea-16_3_2022-web.jpg","width":720,"height":405},{"@type":"BreadcrumbList","@id":"https:\/\/evertonfc.cz\/index.php\/2022\/03\/17\/everton-w-chelsea-w-03\/#breadcrumb","itemListElement":[{"@type":"ListItem","position":1,"name":"Home","item":"https:\/\/evertonfc.cz\/"},{"@type":"ListItem","position":2,"name":"Everton W &#8211; Chelsea W 0:3"}]},{"@type":"WebSite","@id":"https:\/\/evertonfc.cz\/#website","url":"https:\/\/evertonfc.cz\/","name":"Official Czech &amp; Slovak Everton Supporters&#039; Club","description":"","publisher":{"@id":"https:\/\/evertonfc.cz\/#organization"},"potentialAction":[{"@type":"SearchAction","target":{"@type":"EntryPoint","urlTemplate":"https:\/\/evertonfc.cz\/?s={search_term_string}"},"query-input":{"@type":"PropertyValueSpecification","valueRequired":true,"valueName":"search_term_string"}}],"inLanguage":"cs"},{"@type":"Organization","@id":"https:\/\/evertonfc.cz\/#organization","name":"Official Czech & Slovak Everton Supporters' Club","url":"https:\/\/evertonfc.cz\/","logo":{"@type":"ImageObject","inLanguage":"cs","@id":"https:\/\/evertonfc.cz\/#\/schema\/logo\/image\/","url":"https:\/\/evertonfc.cz\/wp-content\/uploads\/2019\/05\/logo.png","contentUrl":"https:\/\/evertonfc.cz\/wp-content\/uploads\/2019\/05\/logo.png","width":112,"height":112,"caption":"Official Czech & Slovak Everton Supporters' Club"},"image":{"@id":"https:\/\/evertonfc.cz\/#\/schema\/logo\/image\/"},"sameAs":["https:\/\/www.facebook.com\/everton.fans.cz.sk"]},{"@type":"Person","@id":"https:\/\/evertonfc.cz\/#\/schema\/person\/e9a24a80a32efa1344dd2c4e5882185c","name":"Karamela","url":"https:\/\/evertonfc.cz\/index.php\/author\/karamela\/"}]}},"_links":{"self":[{"href":"https:\/\/evertonfc.cz\/index.php\/wp-json\/wp\/v2\/posts\/18119"}],"collection":[{"href":"https:\/\/evertonfc.cz\/index.php\/wp-json\/wp\/v2\/posts"}],"about":[{"href":"https:\/\/evertonfc.cz\/index.php\/wp-json\/wp\/v2\/types\/post"}],"author":[{"embeddable":true,"href":"https:\/\/evertonfc.cz\/index.php\/wp-json\/wp\/v2\/users\/26"}],"replies":[{"embeddable":true,"href":"https:\/\/evertonfc.cz\/index.php\/wp-json\/wp\/v2\/comments?post=18119"}],"version-history":[{"count":7,"href":"https:\/\/evertonfc.cz\/index.php\/wp-json\/wp\/v2\/posts\/18119\/revisions"}],"predecessor-version":[{"id":18164,"href":"https:\/\/evertonfc.cz\/index.php\/wp-json\/wp\/v2\/posts\/18119\/revisions\/18164"}],"wp:featuredmedia":[{"embeddable":true,"href":"https:\/\/evertonfc.cz\/index.php\/wp-json\/wp\/v2\/media\/18132"}],"wp:attachment":[{"href":"https:\/\/evertonfc.cz\/index.php\/wp-json\/wp\/v2\/media?parent=18119"}],"wp:term":[{"taxonomy":"category","embeddable":true,"href":"https:\/\/evertonfc.cz\/index.php\/wp-json\/wp\/v2\/categories?post=18119"},{"taxonomy":"post_tag","embeddable":true,"href":"https:\/\/evertonfc.cz\/index.php\/wp-json\/wp\/v2\/tags?post=18119"}],"curies":[{"name":"wp","href":"https:\/\/api.w.org\/{rel}","templated":true}]}}