{"id":18121,"date":"2022-03-17T16:48:21","date_gmt":"2022-03-17T15:48:21","guid":{"rendered":"https:\/\/evertonfc.cz\/?p=18121"},"modified":"2022-03-17T19:13:27","modified_gmt":"2022-03-17T18:13:27","slug":"preview-everton-newcastle-united-9","status":"publish","type":"post","link":"https:\/\/evertonfc.cz\/index.php\/2022\/03\/17\/preview-everton-newcastle-united-9\/","title":{"rendered":"Preview: Everton \u2013 Newcastle United"},"content":{"rendered":"<h4>Mil\u00fd Franku, moc t\u011b pros\u00edm, ud\u011blej n\u011bco, m\u00e1vni kouzelnou h\u016flkou, abychom nesestoupili. Toffees nem\u016f\u017eou do Champu, na to jsme moc kr\u00e1sn\u00ed a mlad\u00ed, abychom to p\u0159e\u017eili. Tolik pen\u011bz to st\u00e1lo, p\u0159ece to mus\u00ed n\u011bjak fungovat. Nezkus\u00ed\u0161 zavolat Samovi?<\/h4>\n<p>Podobn\u011b jako mnoz\u00ed z v\u00e1s ji\u017e n\u011bkolik t\u00fddn\u016f zle sp\u00edm a ka\u017ed\u00fd bl\u00ed\u017e\u00edc\u00ed se z\u00e1pas vyvol\u00e1v\u00e1 nep\u0159\u00edjemn\u00e9 k\u0159e\u010de v \u017ealudku. Po z\u00e1pase se v\u0161echna \u017elu\u010d val\u00ed ven a ned\u00e1 se se mnou vydr\u017eet.<\/p>\n<p>Frank Lampard od sv\u00e9ho p\u0159\u00edchodu zv\u00edt\u011bzil jednou a p\u011btkr\u00e1t byl pora\u017een. A my s n\u00edm. Snad proto, \u017ee p\u0159i\u0161el po \u00e9\u0159e \u0161pan\u011blsk\u00e9 inkvizice, se zat\u00edm nesetkal s n\u011bjakou v\u00fdrazn\u011bj\u0161\u00ed kritikou sv\u00e9ho pod\u00edlu na nyn\u011bj\u0161\u00ed krizi. N\u011bjak\u00e9 chyby byly. Snad bude \u010das se z nich pou\u010dit. Nen\u00ed pochyb, \u017ee s\u00e1m b\u00fdval\u00fd reprezentant nese situaci t\u011b\u017eko, bylo to zn\u00e1t na jeho tiskovk\u00e1ch. Na t\u00e9 posledn\u00ed se ale p\u016fsobil vyrovnan\u011bj\u0161\u00edm dojmem, dal se trochu dohromady. Mo\u017en\u00e1 se ocitl, podobn\u011b jako mnoz\u00ed Evertonians, ve f\u00e1zi akceptace a se sestupem se u\u017e sm\u00ed\u0159il. To m\u016f\u017ee b\u00fdt \u0161ance na odraz.<\/p>\n<p>Mnoho odborn\u00edk\u016f vid\u00ed na cest\u011b za z\u00e1chranou Evertonu mnoho p\u0159ek\u00e1\u017eek. Tak nap\u0159. Toffees se zhor\u0161ili v obrann\u00e9 i \u00fato\u010dn\u00e9 f\u00e1zi oproti p\u0159edchoz\u00edmu re\u017eimu, mluv\u00ed o tom statistika xG a x GA. Dle jin\u00fdch zase samotn\u00ed hr\u00e1\u010di nehraj\u00ed s v\u011bdom\u00edm hrozby sestupu, chyb\u00ed jim pocit, \u017ee jde o jejich vlastn\u00ed krk, chyb\u00ed bojovnost, zodpov\u011bdnost a v\u016fle po v\u00edt\u011bzstv\u00ed. Bruno Lage, tren\u00e9r posledn\u00edch p\u0159emo\u017eitel\u016f uvedl, \u017ee bylo t\u0159eba p\u0159e\u010dkat \u00favodn\u00ed tlak a pak nervozita dom\u00e1c\u00edch pomohla jeho t\u00fdmu dominovat. D\u00e1le ani n\u00e1sleduj\u00edc\u00ed los z\u00e1pas\u016f nenavozuje r\u016f\u017eovou vyhl\u00eddku. Je to t\u011b\u017ek\u00e1, navlhl\u00e1 a p\u00e1chnouc\u00ed deka.<\/p>\n<p>Sou\u010dasn\u011b m\u00e1m j\u00e1 osobn\u011b pocit, asi ne nepodobn\u00fd pocit\u016fm vykrmen\u00e9ho \u010dun\u00edka p\u0159ed por\u00e1\u017ekou, \u017ee v\u0161ichni okolo se t\u011b\u0161\u00ed, jak se n\u00e1s zbav\u00ed. N\u00e1\u0161 sestup si tak n\u011bjak p\u0159ej\u00ed. Premier League chce sv\u00e9 nov\u00e9, velk\u00e9 t\u00e9ma, p\u00e1d obra. Daj\u00ed se opr\u00e1\u0161it prohl\u00e1\u0161en\u00ed o bohorovn\u00e9m rozhazov\u00e1n\u00ed za p\u0159estupy, o chyb\u011bj\u00edc\u00ed koncepci, o tom, \u017ee Everton se vlastn\u011b zuby-nehty zachra\u0148uje ka\u017edou druhou sez\u00f3nu.<\/p>\n<p>Najednou se vypad\u00e1, \u017ee ka\u017ed\u00fd t\u00fdm m\u00e1 n\u011bjak\u00e9ho Frasera, kter\u00fd d\u00e1v\u00e1 g\u00f3ly hlavn\u011b do na\u0161\u00ed branky, v\u0161ude je n\u011bjak\u00fd ten redshite Shelvey, kter\u00fd si tak\u00e9 r\u00e1dne kopne nebo dal\u0161\u00ed borce jako Lascalles, Wilsona nebo Trippiera, co se m\u016f\u017eou p\u0159etrhnout, kdy\u017e vid\u00ed kr\u00e1lovskou modrou. Posledn\u00ed dva budou chyb\u011bt, a nav\u00edc m\u011b mus\u00edte omluvit, na jin\u00e9 z\u00e1pasy moc nekouk\u00e1m a nem\u00e1m srovn\u00e1n\u00ed. A je mi ouzko, to u\u017e jsem psal.<\/p>\n<h4>Jak postavit obra na hlin\u011bn\u00fdch noh\u00e1ch<\/h4>\n<p>Obrana je z\u00e1klad. Ot\u00e1zka je, kolik? Statisticky byl Everton letos \u00fasp\u011b\u0161n\u011bj\u0161\u00ed se 2 st\u0159edov\u00fdmi obr\u00e1nci (5 v\u00fdher ve 21 z\u00e1pasech) ne\u017e se 3 vzadu (1 z 5). Skoro se chce \u0159\u00edct \u010d\u00edm m\u00e9n\u011b, t\u00edm l\u00e9pe. Co se t\u00fd\u010de obsazen\u00ed, z toho, co je k dispozici, to tak\u00e9 vol\u00e1 sp\u00ed\u0161e po 2 ne\u017e 3. Michael Keane m\u00e1 ot\u0159esnou formu a p\u016fsob\u00ed jako hrom\u00e1dka ne\u0161t\u011bst\u00ed. Holgateovi mnoz\u00ed vy\u010d\u00edtaj\u00ed laxnost a nez\u00e1jem. Probl\u00e9m je, co z toho je hor\u0161\u00ed varianta, pokud je to ale pravda. Godfrey a Branthwaite teprve sb\u00edraj\u00ed zku\u0161enosti a tak\u00e9 chybuj\u00ed.<\/p>\n<p>Krajn\u00ed beci jsou v posledn\u00ed dob\u011b asi dost bolav\u00e9 m\u00edsto. Po odchodu Digneho nem\u00e1me od krajn\u00edch bek\u016f podporu ve h\u0159e dop\u0159edu. Coleman v\u011bkem pozbyl v\u00fdbu\u0161nosti, ale Frank se na adresu jeho z\u00e1stupu Nathana Pattersona vyj\u00e1d\u0159il, \u017ee je\u0161t\u011b m\u00e1 \u010das a dostane p\u0159\u00edle\u017eitost, a\u017e prok\u00e1\u017ee p\u0159\u00ednos do t\u00fdmu. Na druhou stranu, lev\u00e9 k\u0159\u00eddlo Strak bude patrn\u011b Saint-Maximin (od na\u0161eho \u00fanorov\u00e9ho z\u00e1pasu na\u010dal jedin\u00fd ze 6 z\u00e1pas\u016f), to bude v\u00e1\u017en\u00e1 hrozba a je ot\u00e1zka, zda by nebylo vhodn\u00e9 d\u00e1t p\u0159ednost mladistv\u00e9 energii p\u0159ed zku\u0161enost\u00ed. Ale tady Frank asi nep\u0159ekvap\u00ed.<\/p>\n<p>Na druh\u00e9 stran\u011b se zat\u00edm hled\u00e1 dal\u0161\u00ed posila Mykolenko. Bohu\u017eel jeho p\u0159\u00ednos se tak\u00e9 zat\u00edm bl\u00ed\u017e\u00ed kouli na noze, tak\u017ee posledn\u00ed dobou dost\u00e1val p\u0159ednost Kenny, ale ten se s\u00e1m odpr\u00e1skl. Zahr\u00e1l tam i Godfrey, to se jev\u00ed aktu\u00e1ln\u011b jako nejlep\u0161\u00ed varianta. V minulosti byl na pozici wingbacka zkou\u0161en Alex Iwobi a nezahr\u00e1l tam a\u017e tak \u0161patn\u011b, ale pod Frankem je\u0161t\u011b prostor nedostal, nav\u00edc by ho musel patrn\u011b zaji\u0161\u0165ovat t\u0159et\u00ed bek nebo defenzivn\u00ed z\u00e1lo\u017en\u00edk.<\/p>\n<p>Ani st\u0159edn\u00ed z\u00e1loha nenab\u00edz\u00ed p\u0159\u00edli\u0161 person\u00e1ln\u00edch alternativ, spolehnout se bude asi na s\u00edlu t\u0159\u00ed bojovn\u00edk\u016f. Ani jeden z nich ale nem\u00e1 skute\u010dnou formu. Doucour\u00e9 se po zran\u011bn\u00ed rozehr\u00e1v\u00e1 pomaleji, ne\u017e by bylo t\u0159eba, van de Beek u\u017e propadl zoufalstv\u00ed kolem sebe, Allan ob\u010das nest\u00edh\u00e1 a pokud propadne, je to \u010dasto fat\u00e1ln\u00ed. Dejme \u0161anci Dele Allimu, kter\u00fd v z\u00e1pase s Wolves uk\u00e1zal, \u017ee pokud bude respektovat ofsajdovou linii, m\u016f\u017ee b\u00fdt op\u011brn\u00fdm bodem pro kombinaci k\u0159\u00eddel.<\/p>\n<p>Ofenzivn\u00ed trio je tak\u00e9 o\u0159\u00ed\u0161ek. Jedinou jistotu m\u00e1 asi mlad\u00fd Gordon, kter\u00fd p\u0159\u00edkladn\u011b bojuje, ale zat\u00edm tomu chyb\u00ed lep\u0161\u00ed fin\u00e1ln\u00ed produkt. To ale ostatn\u011b tr\u00e1p\u00ed cel\u00fd t\u00fdm. Richarlison minule nedok\u00e1zal trefit branku, proto bych ho vybral na k\u0159\u00eddlo. Gray m\u016f\u017ee dorazit v pr\u016fb\u011bhu jako impact player, m\u00e1 rychlost, aby unikl unaven\u011bj\u0161\u00edm bek\u016fm. Na hrot bych vybral DCL, \u0161anci si zaslou\u017e\u00ed, tedy snad mu \u0161anci n\u011bkdo p\u0159iprav\u00ed. Rozhodn\u011b je v\u011bt\u0161\u00ed \u0161ance, \u017ee ho n\u011bco tref\u00ed ne\u017e Rondona a Tosun u\u017e m\u00e1 nejsp\u00ed\u0161 sbaleno. Ne\u010dekan\u00fd zdroj branek by mohl b\u00fdt El Ghaz\u00e1, ale i toho si Frank \u0161et\u0159\u00ed. Townsend u\u017e asi st\u0159eln\u00fd prach vyst\u0159\u00edlel, i kdy\u017e snahu presovat mu ubrat ne\u0161lo.<\/p>\n<p>Zd\u00e1 se, \u017ee se n\u00e1m st\u00e1le neda\u0159\u00ed pracovat jako t\u00fdm. \u010casto p\u0159i p\u0159echodu do \u00fatoku nebo presingu chyb\u00ed kompaktn\u00ed p\u0159\u00edstup. Ale to je post\u0159eh hlavn\u011b z posledn\u00edho z\u00e1pasu, na ka\u017ed\u00e9ho soupe\u0159e je t\u0159eba se p\u0159ipravit jinak. Netrouf\u00e1m si jednozna\u010dn\u011b \u0159\u00edct, kdo by m\u011bl dostat p\u0159ednost. Od toho tu nejsem. Asi bych se p\u0159imluvil za v\u011bt\u0161\u00ed podporu z tribun, ale ani tady nedok\u00e1\u017eu pomoct. Ale po\u0159\u00e1d douf\u00e1m, \u017ee na to m\u00e1me. Jsme v tom spole\u010dn\u011b. COYB!<\/p>\n<p><strong>Co<\/strong>: Everton FC \u2013 Newcastle United FC, 29. kolo Premier League<br \/>\n<strong>Kdy<\/strong>: \u010dtvrtek 17. b\u0159ezna 2022 od 20:45<br \/>\n<strong>Kde<\/strong>: Goodison Park, Goodison Road, Liverpool, L4 4EL (kapacita 39221)<br \/>\n<strong>TV<\/strong>: p\u0159\u00edm\u00fd p\u0159enos na stanici Premier Sport 1<br \/>\n<strong>Rozhod\u010d\u00ed<\/strong>: Craig Pawson\u00a0 <strong>Postrann\u00ed<\/strong>: Lee Betts, Richard West\u00a0 <strong>\u010ctvrt\u00fd rozhod\u010d\u00ed<\/strong>: Mike Dean<br \/>\n<strong>VAR<\/strong>: Stuart Attwell\u00a0 <strong>Asistent VAR<\/strong>: Darren Cann<\/p>\n","protected":false},"excerpt":{"rendered":"<p>Mil\u00fd Franku, moc t\u011b pros\u00edm, ud\u011blej n\u011bco, m\u00e1vni kouzelnou h\u016flkou, abychom nesestoupili. Toffees nem\u016f\u017eou do Champu, na to jsme moc kr\u00e1sn\u00ed a mlad\u00ed. Tolik pen\u011bz to st\u00e1lo, p\u0159ece to mus\u00ed n\u011bjak fungovat. <\/p>\n","protected":false},"author":10,"featured_media":13797,"comment_status":"open","ping_status":"closed","sticky":false,"template":"","format":"standard","meta":{"_eb_attr":"","_monsterinsights_skip_tracking":false,"_monsterinsights_sitenote_active":false,"_monsterinsights_sitenote_note":"","_monsterinsights_sitenote_category":0,"footnotes":""},"categories":[4],"tags":[],"yoast_head":"<!-- This site is optimized with the Yoast SEO plugin v23.4 - https:\/\/yoast.com\/wordpress\/plugins\/seo\/ -->\n<title>Preview: Everton \u2013 Newcastle United - Official Czech &amp; Slovak Everton Supporters&#039; Club<\/title>\n<meta name=\"robots\" content=\"index, follow, max-snippet:-1, max-image-preview:large, max-video-preview:-1\" \/>\n<link rel=\"canonical\" href=\"https:\/\/evertonfc.cz\/index.php\/2022\/03\/17\/preview-everton-newcastle-united-9\/\" \/>\n<meta property=\"og:locale\" content=\"cs_CZ\" \/>\n<meta property=\"og:type\" content=\"article\" \/>\n<meta property=\"og:title\" content=\"Preview: Everton \u2013 Newcastle United - Official Czech &amp; Slovak Everton Supporters&#039; Club\" \/>\n<meta property=\"og:description\" content=\"Mil\u00fd Franku, moc t\u011b pros\u00edm, ud\u011blej n\u011bco, m\u00e1vni kouzelnou h\u016flkou, abychom nesestoupili. Toffees nem\u016f\u017eou do Champu, na to jsme moc kr\u00e1sn\u00ed a mlad\u00ed. Tolik pen\u011bz to st\u00e1lo, p\u0159ece to mus\u00ed n\u011bjak fungovat.\" \/>\n<meta property=\"og:url\" content=\"https:\/\/evertonfc.cz\/index.php\/2022\/03\/17\/preview-everton-newcastle-united-9\/\" \/>\n<meta property=\"og:site_name\" content=\"Official Czech &amp; Slovak Everton Supporters&#039; Club\" \/>\n<meta property=\"article:publisher\" content=\"https:\/\/www.facebook.com\/everton.fans.cz.sk\" \/>\n<meta property=\"article:published_time\" content=\"2022-03-17T15:48:21+00:00\" \/>\n<meta property=\"article:modified_time\" content=\"2022-03-17T18:13:27+00:00\" \/>\n<meta property=\"og:image\" content=\"https:\/\/evertonfc.cz\/wp-content\/uploads\/2021\/01\/Everton-VS-Newcastle-United-NIGHT.jpg\" \/>\n\t<meta property=\"og:image:width\" content=\"720\" \/>\n\t<meta property=\"og:image:height\" content=\"405\" \/>\n\t<meta property=\"og:image:type\" content=\"image\/jpeg\" \/>\n<meta name=\"author\" content=\"Fip\" \/>\n<meta name=\"twitter:card\" content=\"summary_large_image\" \/>\n<meta name=\"twitter:label1\" content=\"Napsal(a)\" \/>\n\t<meta name=\"twitter:data1\" content=\"Fip\" \/>\n\t<meta name=\"twitter:label2\" content=\"Odhadovan\u00e1 doba \u010dten\u00ed\" \/>\n\t<meta name=\"twitter:data2\" content=\"6 minut\" \/>\n<script type=\"application\/ld+json\" class=\"yoast-schema-graph\">{\"@context\":\"https:\/\/schema.org\",\"@graph\":[{\"@type\":\"Article\",\"@id\":\"https:\/\/evertonfc.cz\/index.php\/2022\/03\/17\/preview-everton-newcastle-united-9\/#article\",\"isPartOf\":{\"@id\":\"https:\/\/evertonfc.cz\/index.php\/2022\/03\/17\/preview-everton-newcastle-united-9\/\"},\"author\":{\"name\":\"Fip\",\"@id\":\"https:\/\/evertonfc.cz\/#\/schema\/person\/35904009755e8eaa0dc1a5f5f0419002\"},\"headline\":\"Preview: Everton \u2013 Newcastle United\",\"datePublished\":\"2022-03-17T15:48:21+00:00\",\"dateModified\":\"2022-03-17T18:13:27+00:00\",\"mainEntityOfPage\":{\"@id\":\"https:\/\/evertonfc.cz\/index.php\/2022\/03\/17\/preview-everton-newcastle-united-9\/\"},\"wordCount\":1231,\"commentCount\":26,\"publisher\":{\"@id\":\"https:\/\/evertonfc.cz\/#organization\"},\"image\":{\"@id\":\"https:\/\/evertonfc.cz\/index.php\/2022\/03\/17\/preview-everton-newcastle-united-9\/#primaryimage\"},\"thumbnailUrl\":\"https:\/\/evertonfc.cz\/wp-content\/uploads\/2021\/01\/Everton-VS-Newcastle-United-NIGHT.jpg\",\"articleSection\":[\"Z\u00e1pasy\"],\"inLanguage\":\"cs\",\"potentialAction\":[{\"@type\":\"CommentAction\",\"name\":\"Comment\",\"target\":[\"https:\/\/evertonfc.cz\/index.php\/2022\/03\/17\/preview-everton-newcastle-united-9\/#respond\"]}]},{\"@type\":\"WebPage\",\"@id\":\"https:\/\/evertonfc.cz\/index.php\/2022\/03\/17\/preview-everton-newcastle-united-9\/\",\"url\":\"https:\/\/evertonfc.cz\/index.php\/2022\/03\/17\/preview-everton-newcastle-united-9\/\",\"name\":\"Preview: Everton \u2013 Newcastle United - Official Czech &amp; Slovak Everton Supporters&#039; Club\",\"isPartOf\":{\"@id\":\"https:\/\/evertonfc.cz\/#website\"},\"primaryImageOfPage\":{\"@id\":\"https:\/\/evertonfc.cz\/index.php\/2022\/03\/17\/preview-everton-newcastle-united-9\/#primaryimage\"},\"image\":{\"@id\":\"https:\/\/evertonfc.cz\/index.php\/2022\/03\/17\/preview-everton-newcastle-united-9\/#primaryimage\"},\"thumbnailUrl\":\"https:\/\/evertonfc.cz\/wp-content\/uploads\/2021\/01\/Everton-VS-Newcastle-United-NIGHT.jpg\",\"datePublished\":\"2022-03-17T15:48:21+00:00\",\"dateModified\":\"2022-03-17T18:13:27+00:00\",\"breadcrumb\":{\"@id\":\"https:\/\/evertonfc.cz\/index.php\/2022\/03\/17\/preview-everton-newcastle-united-9\/#breadcrumb\"},\"inLanguage\":\"cs\",\"potentialAction\":[{\"@type\":\"ReadAction\",\"target\":[\"https:\/\/evertonfc.cz\/index.php\/2022\/03\/17\/preview-everton-newcastle-united-9\/\"]}]},{\"@type\":\"ImageObject\",\"inLanguage\":\"cs\",\"@id\":\"https:\/\/evertonfc.cz\/index.php\/2022\/03\/17\/preview-everton-newcastle-united-9\/#primaryimage\",\"url\":\"https:\/\/evertonfc.cz\/wp-content\/uploads\/2021\/01\/Everton-VS-Newcastle-United-NIGHT.jpg\",\"contentUrl\":\"https:\/\/evertonfc.cz\/wp-content\/uploads\/2021\/01\/Everton-VS-Newcastle-United-NIGHT.jpg\",\"width\":720,\"height\":405},{\"@type\":\"BreadcrumbList\",\"@id\":\"https:\/\/evertonfc.cz\/index.php\/2022\/03\/17\/preview-everton-newcastle-united-9\/#breadcrumb\",\"itemListElement\":[{\"@type\":\"ListItem\",\"position\":1,\"name\":\"Home\",\"item\":\"https:\/\/evertonfc.cz\/\"},{\"@type\":\"ListItem\",\"position\":2,\"name\":\"Preview: Everton \u2013 Newcastle United\"}]},{\"@type\":\"WebSite\",\"@id\":\"https:\/\/evertonfc.cz\/#website\",\"url\":\"https:\/\/evertonfc.cz\/\",\"name\":\"Official Czech &amp; Slovak Everton Supporters&#039; Club\",\"description\":\"\",\"publisher\":{\"@id\":\"https:\/\/evertonfc.cz\/#organization\"},\"potentialAction\":[{\"@type\":\"SearchAction\",\"target\":{\"@type\":\"EntryPoint\",\"urlTemplate\":\"https:\/\/evertonfc.cz\/?s={search_term_string}\"},\"query-input\":{\"@type\":\"PropertyValueSpecification\",\"valueRequired\":true,\"valueName\":\"search_term_string\"}}],\"inLanguage\":\"cs\"},{\"@type\":\"Organization\",\"@id\":\"https:\/\/evertonfc.cz\/#organization\",\"name\":\"Official Czech & Slovak Everton Supporters' Club\",\"url\":\"https:\/\/evertonfc.cz\/\",\"logo\":{\"@type\":\"ImageObject\",\"inLanguage\":\"cs\",\"@id\":\"https:\/\/evertonfc.cz\/#\/schema\/logo\/image\/\",\"url\":\"https:\/\/evertonfc.cz\/wp-content\/uploads\/2019\/05\/logo.png\",\"contentUrl\":\"https:\/\/evertonfc.cz\/wp-content\/uploads\/2019\/05\/logo.png\",\"width\":112,\"height\":112,\"caption\":\"Official Czech & Slovak Everton Supporters' Club\"},\"image\":{\"@id\":\"https:\/\/evertonfc.cz\/#\/schema\/logo\/image\/\"},\"sameAs\":[\"https:\/\/www.facebook.com\/everton.fans.cz.sk\"]},{\"@type\":\"Person\",\"@id\":\"https:\/\/evertonfc.cz\/#\/schema\/person\/35904009755e8eaa0dc1a5f5f0419002\",\"name\":\"Fip\",\"url\":\"https:\/\/evertonfc.cz\/index.php\/author\/fip\/\"}]}<\/script>\n<!-- \/ Yoast SEO plugin. -->","yoast_head_json":{"title":"Preview: Everton \u2013 Newcastle United - Official Czech &amp; Slovak Everton Supporters&#039; Club","robots":{"index":"index","follow":"follow","max-snippet":"max-snippet:-1","max-image-preview":"max-image-preview:large","max-video-preview":"max-video-preview:-1"},"canonical":"https:\/\/evertonfc.cz\/index.php\/2022\/03\/17\/preview-everton-newcastle-united-9\/","og_locale":"cs_CZ","og_type":"article","og_title":"Preview: Everton \u2013 Newcastle United - Official Czech &amp; Slovak Everton Supporters&#039; Club","og_description":"Mil\u00fd Franku, moc t\u011b pros\u00edm, ud\u011blej n\u011bco, m\u00e1vni kouzelnou h\u016flkou, abychom nesestoupili. Toffees nem\u016f\u017eou do Champu, na to jsme moc kr\u00e1sn\u00ed a mlad\u00ed. Tolik pen\u011bz to st\u00e1lo, p\u0159ece to mus\u00ed n\u011bjak fungovat.","og_url":"https:\/\/evertonfc.cz\/index.php\/2022\/03\/17\/preview-everton-newcastle-united-9\/","og_site_name":"Official Czech &amp; Slovak Everton Supporters&#039; Club","article_publisher":"https:\/\/www.facebook.com\/everton.fans.cz.sk","article_published_time":"2022-03-17T15:48:21+00:00","article_modified_time":"2022-03-17T18:13:27+00:00","og_image":[{"width":720,"height":405,"url":"https:\/\/evertonfc.cz\/wp-content\/uploads\/2021\/01\/Everton-VS-Newcastle-United-NIGHT.jpg","type":"image\/jpeg"}],"author":"Fip","twitter_card":"summary_large_image","twitter_misc":{"Napsal(a)":"Fip","Odhadovan\u00e1 doba \u010dten\u00ed":"6 minut"},"schema":{"@context":"https:\/\/schema.org","@graph":[{"@type":"Article","@id":"https:\/\/evertonfc.cz\/index.php\/2022\/03\/17\/preview-everton-newcastle-united-9\/#article","isPartOf":{"@id":"https:\/\/evertonfc.cz\/index.php\/2022\/03\/17\/preview-everton-newcastle-united-9\/"},"author":{"name":"Fip","@id":"https:\/\/evertonfc.cz\/#\/schema\/person\/35904009755e8eaa0dc1a5f5f0419002"},"headline":"Preview: Everton \u2013 Newcastle United","datePublished":"2022-03-17T15:48:21+00:00","dateModified":"2022-03-17T18:13:27+00:00","mainEntityOfPage":{"@id":"https:\/\/evertonfc.cz\/index.php\/2022\/03\/17\/preview-everton-newcastle-united-9\/"},"wordCount":1231,"commentCount":26,"publisher":{"@id":"https:\/\/evertonfc.cz\/#organization"},"image":{"@id":"https:\/\/evertonfc.cz\/index.php\/2022\/03\/17\/preview-everton-newcastle-united-9\/#primaryimage"},"thumbnailUrl":"https:\/\/evertonfc.cz\/wp-content\/uploads\/2021\/01\/Everton-VS-Newcastle-United-NIGHT.jpg","articleSection":["Z\u00e1pasy"],"inLanguage":"cs","potentialAction":[{"@type":"CommentAction","name":"Comment","target":["https:\/\/evertonfc.cz\/index.php\/2022\/03\/17\/preview-everton-newcastle-united-9\/#respond"]}]},{"@type":"WebPage","@id":"https:\/\/evertonfc.cz\/index.php\/2022\/03\/17\/preview-everton-newcastle-united-9\/","url":"https:\/\/evertonfc.cz\/index.php\/2022\/03\/17\/preview-everton-newcastle-united-9\/","name":"Preview: Everton \u2013 Newcastle United - Official Czech &amp; Slovak Everton Supporters&#039; Club","isPartOf":{"@id":"https:\/\/evertonfc.cz\/#website"},"primaryImageOfPage":{"@id":"https:\/\/evertonfc.cz\/index.php\/2022\/03\/17\/preview-everton-newcastle-united-9\/#primaryimage"},"image":{"@id":"https:\/\/evertonfc.cz\/index.php\/2022\/03\/17\/preview-everton-newcastle-united-9\/#primaryimage"},"thumbnailUrl":"https:\/\/evertonfc.cz\/wp-content\/uploads\/2021\/01\/Everton-VS-Newcastle-United-NIGHT.jpg","datePublished":"2022-03-17T15:48:21+00:00","dateModified":"2022-03-17T18:13:27+00:00","breadcrumb":{"@id":"https:\/\/evertonfc.cz\/index.php\/2022\/03\/17\/preview-everton-newcastle-united-9\/#breadcrumb"},"inLanguage":"cs","potentialAction":[{"@type":"ReadAction","target":["https:\/\/evertonfc.cz\/index.php\/2022\/03\/17\/preview-everton-newcastle-united-9\/"]}]},{"@type":"ImageObject","inLanguage":"cs","@id":"https:\/\/evertonfc.cz\/index.php\/2022\/03\/17\/preview-everton-newcastle-united-9\/#primaryimage","url":"https:\/\/evertonfc.cz\/wp-content\/uploads\/2021\/01\/Everton-VS-Newcastle-United-NIGHT.jpg","contentUrl":"https:\/\/evertonfc.cz\/wp-content\/uploads\/2021\/01\/Everton-VS-Newcastle-United-NIGHT.jpg","width":720,"height":405},{"@type":"BreadcrumbList","@id":"https:\/\/evertonfc.cz\/index.php\/2022\/03\/17\/preview-everton-newcastle-united-9\/#breadcrumb","itemListElement":[{"@type":"ListItem","position":1,"name":"Home","item":"https:\/\/evertonfc.cz\/"},{"@type":"ListItem","position":2,"name":"Preview: Everton \u2013 Newcastle United"}]},{"@type":"WebSite","@id":"https:\/\/evertonfc.cz\/#website","url":"https:\/\/evertonfc.cz\/","name":"Official Czech &amp; Slovak Everton Supporters&#039; Club","description":"","publisher":{"@id":"https:\/\/evertonfc.cz\/#organization"},"potentialAction":[{"@type":"SearchAction","target":{"@type":"EntryPoint","urlTemplate":"https:\/\/evertonfc.cz\/?s={search_term_string}"},"query-input":{"@type":"PropertyValueSpecification","valueRequired":true,"valueName":"search_term_string"}}],"inLanguage":"cs"},{"@type":"Organization","@id":"https:\/\/evertonfc.cz\/#organization","name":"Official Czech & Slovak Everton Supporters' Club","url":"https:\/\/evertonfc.cz\/","logo":{"@type":"ImageObject","inLanguage":"cs","@id":"https:\/\/evertonfc.cz\/#\/schema\/logo\/image\/","url":"https:\/\/evertonfc.cz\/wp-content\/uploads\/2019\/05\/logo.png","contentUrl":"https:\/\/evertonfc.cz\/wp-content\/uploads\/2019\/05\/logo.png","width":112,"height":112,"caption":"Official Czech & Slovak Everton Supporters' Club"},"image":{"@id":"https:\/\/evertonfc.cz\/#\/schema\/logo\/image\/"},"sameAs":["https:\/\/www.facebook.com\/everton.fans.cz.sk"]},{"@type":"Person","@id":"https:\/\/evertonfc.cz\/#\/schema\/person\/35904009755e8eaa0dc1a5f5f0419002","name":"Fip","url":"https:\/\/evertonfc.cz\/index.php\/author\/fip\/"}]}},"_links":{"self":[{"href":"https:\/\/evertonfc.cz\/index.php\/wp-json\/wp\/v2\/posts\/18121"}],"collection":[{"href":"https:\/\/evertonfc.cz\/index.php\/wp-json\/wp\/v2\/posts"}],"about":[{"href":"https:\/\/evertonfc.cz\/index.php\/wp-json\/wp\/v2\/types\/post"}],"author":[{"embeddable":true,"href":"https:\/\/evertonfc.cz\/index.php\/wp-json\/wp\/v2\/users\/10"}],"replies":[{"embeddable":true,"href":"https:\/\/evertonfc.cz\/index.php\/wp-json\/wp\/v2\/comments?post=18121"}],"version-history":[{"count":8,"href":"https:\/\/evertonfc.cz\/index.php\/wp-json\/wp\/v2\/posts\/18121\/revisions"}],"predecessor-version":[{"id":18130,"href":"https:\/\/evertonfc.cz\/index.php\/wp-json\/wp\/v2\/posts\/18121\/revisions\/18130"}],"wp:featuredmedia":[{"embeddable":true,"href":"https:\/\/evertonfc.cz\/index.php\/wp-json\/wp\/v2\/media\/13797"}],"wp:attachment":[{"href":"https:\/\/evertonfc.cz\/index.php\/wp-json\/wp\/v2\/media?parent=18121"}],"wp:term":[{"taxonomy":"category","embeddable":true,"href":"https:\/\/evertonfc.cz\/index.php\/wp-json\/wp\/v2\/categories?post=18121"},{"taxonomy":"post_tag","embeddable":true,"href":"https:\/\/evertonfc.cz\/index.php\/wp-json\/wp\/v2\/tags?post=18121"}],"curies":[{"name":"wp","href":"https:\/\/api.w.org\/{rel}","templated":true}]}}