{"id":18156,"date":"2022-03-19T11:18:58","date_gmt":"2022-03-19T10:18:58","guid":{"rendered":"https:\/\/evertonfc.cz\/?p=18156"},"modified":"2022-03-20T11:53:14","modified_gmt":"2022-03-20T10:53:14","slug":"fa-cup-preview-crystal-palace-everton","status":"publish","type":"post","link":"https:\/\/evertonfc.cz\/index.php\/2022\/03\/19\/fa-cup-preview-crystal-palace-everton\/","title":{"rendered":"FA Cup Preview: Crystal Palace &#8211; Everton"},"content":{"rendered":"<h4>Po \u010dtvrte\u010dn\u00edm v\u00edt\u011bzn\u00e9m dramatu proti Newcastlu je zde p\u0159\u00edjemn\u00e9 vyru\u0161en\u00ed od z\u00e1chran\u00e1\u0159sk\u00fdch prac\u00ed ve form\u011b \u010dtvrtfin\u00e1le Anglick\u00e9ho poh\u00e1ru. Uklidn\u011bn\u00ed?<\/h4>\n<p>Kdy\u017e tak \u010dlov\u011bk sleduje sou\u010dasn\u00e9 v\u00fdkony a v\u00fdsledky Evertonu, tak mu man\u011b vyvstane v mysli vzpom\u00ednka na sez\u00f3nu 1994-1995. Tak\u00e9 byl vyhozen mana\u017eer, v lize se hr\u00e1lo o z\u00e1chranu a zada\u0159ilo se v Anglick\u00e9m poh\u00e1ru. Aby ale mohl Coleman napodobit Watsona a zvednout nad hlavu trofej pro v\u00edt\u011bze poh\u00e1ru, tak je nutn\u00e9 v nejstar\u0161\u00ed klubov\u00e9 sout\u011b\u017ei na sv\u011bt\u011b je\u0161t\u011b ud\u011blat t\u0159i kroky. Ten prvn\u00ed m\u016f\u017ee Everton ud\u011blat hned z\u00edtra v\u00fdhrou v Selhurst Parku.<\/p>\n<p>Klub z ji\u017en\u00edho Lond\u00fdna vznikl v roce 1905 a na sv\u00e9m sou\u010dasn\u00e9m stadionu hraje od roku 1924. Selhurst Park navrhnul zn\u00e1m\u00fd architekt Archibald Leitch, kter\u00fd zanechal svou stopu i ve vzhledu Goodison Parku a dal\u0161\u00edch asi dvaceti fotbalov\u00fdch stadion\u016f. Eagles v\u011bt\u0161inu sv\u00e9 historie str\u00e1vili ve druh\u00e9 lize, v Premier League jsou v kuse od roku 2013. Jejich nejlep\u0161\u00edm ligov\u00fdm um\u00edst\u011bn\u00edm je t\u0159et\u00ed m\u00edsto ze sez\u00f3ny 1990-1991, druhou ligu dvakr\u00e1t vyhr\u00e1li v letech 1979 a 1994, do fin\u00e1le Anglick\u00e9ho poh\u00e1ru se dostali v letech 1990 a 2016, v obou p\u0159\u00edpadech prohr\u00e1li s Manchesterem United.<\/p>\n<p>Sou\u010dasn\u00fd k\u00e1dr m\u00e1 na starosti Vieira, vynikaj\u00edc\u00ed osmi\u010dka a \u010dlen b\u00e1je\u010dn\u00e9 francouzsk\u00e9 generace kolem Deschampse, mistr sv\u011bta, mistr Evropy a b\u011bhem sv\u00e9ho dev\u00edtilet\u00e9h\u00ed p\u016fsoben\u00ed v Arsenalu i t\u0159i roky jeho kapit\u00e1n. V reprezentaci odehr\u00e1l p\u0159es 100 utk\u00e1n\u00ed, Crystal Palace jsou jeho t\u0159et\u00ed mana\u017eerskou \u0161tac\u00ed. A da\u0159\u00ed se mu, t\u00fdm dl\u00ed moment\u00e1ln\u011b na 11. pozici v klidn\u00e9m st\u0159edu ligov\u00e9 tabulky. P\u0159i\u010dem\u017e plat\u00ed, \u017ee se \u010dtvrtfin\u00e1le Anglick\u00e9ho poh\u00e1ru se ve \u010dtvrti Selhurst ani moc nepo\u010d\u00edtalo.<\/p>\n<p>Lampard a Vieira se potk\u00e1vali nejen v z\u00e1pasech Arsenal vs Chelsea, ale osud je svedl dohromady i v inven\u010dn\u011b pojmenov\u00e9m klubu New York City FC. Lampard tam odehr\u00e1l posledn\u00ed sez\u00f3nu sv\u00e9 \u00fasp\u011b\u0161n\u00e9 kari\u00e9ry, Vieira tento t\u00fdm tr\u00e9noval a na p\u0159edz\u00e1pasov\u00e9 konferenci zm\u00ednil nejednu podobnost jejich kari\u00e9r..<\/p>\n<p>Everton p\u016fjde do tohoto utk\u00e1n\u00ed s t\u00e9m\u011b\u0159 stejn\u00fdm k\u00e1drem, jak\u00fd m\u011bl k dispozici ve \u010dtvrtek. Akor\u00e1t se prohod\u00ed h\u0159\u00ed\u0161n\u00edci &#8211; Kenny si sv\u016fj trest ji\u017e odpykal, tak\u017ee m\u016f\u017ee nastoupit. Naopak odvol\u00e1n\u00ed proti \u010derven\u00e9 kart\u011b Allana bylo zam\u00edtnuto, tak\u017ee brazilsk\u00fd z\u00e1lo\u017en\u00edk bude k dispozici a\u017e za t\u0159i t\u00fddny proti Manchesteru United. Nad\u00e1le tedy host\u016fm bude chyb\u011bt Pickford, trojice Alli, El Ghaz\u00ed a van de Beek v poh\u00e1ru nem\u016f\u017ee nastoupit, dlouhodob\u00fdmi absent\u00e9ry z\u016fst\u00e1vaj\u00ed Davies a Mina.<\/p>\n<p><strong>Co:\u00a0<\/strong>Crystal Palace FC &#8211; Everton FC, \u010dtvrtfin\u00e1le Anglick\u00e9ho poh\u00e1ru<br \/>\n<strong>Kdy:\u00a0<\/strong>20. 3. 2022 od 13:30<br \/>\n<strong>Kde:\u00a0<\/strong>Selhurst Park, Lond\u00fdn (kapacita: 25\u00a0456)<br \/>\n<strong>TV:\u00a0<\/strong>P\u0159\u00edm\u00fd p\u0159enos na stanici Nova Sport 2<br \/>\n<strong>Rozhod\u010d\u00ed:\u00a0<\/strong>Stuart Attwell &#8211; Constantine Hatzidakis, Dan Cook\u00a0 <strong>\u010ctvrt\u00fd rozhod\u010d\u00ed:\u00a0<\/strong>John Brooks<br \/>\n<strong>Videorozhod\u010d\u00ed:<\/strong> Lee Mason\u00a0 <strong>Asistent videorozhod\u010d\u00edho:<\/strong> Matthew Wilkes<\/p>\n","protected":false},"excerpt":{"rendered":"<p>Po \u010dtvrte\u010dn\u00edm v\u00edt\u011bzn\u00e9m dramatu proti Newcastlu je zde p\u0159\u00edjemn\u00e9 vyru\u0161en\u00ed od z\u00e1chran\u00e1\u0159sk\u00fdch prac\u00ed ve form\u011b \u010dtvrtfin\u00e1le Anglick\u00e9ho poh\u00e1ru. Uklidn\u011bn\u00ed?<\/p>\n","protected":false},"author":12,"featured_media":12110,"comment_status":"open","ping_status":"closed","sticky":false,"template":"","format":"standard","meta":{"_eb_attr":"","_monsterinsights_skip_tracking":false,"_monsterinsights_sitenote_active":false,"_monsterinsights_sitenote_note":"","_monsterinsights_sitenote_category":0,"footnotes":""},"categories":[4],"tags":[],"yoast_head":"<!-- This site is optimized with the Yoast SEO plugin v23.4 - https:\/\/yoast.com\/wordpress\/plugins\/seo\/ -->\n<title>FA Cup Preview: Crystal Palace - Everton - Official Czech &amp; Slovak Everton Supporters&#039; Club<\/title>\n<meta name=\"description\" content=\"Velikonoce ve Wembley zn\u00ed jako dobr\u00fd pl\u00e1n - a ji\u017e z\u00edtra to m\u016f\u017ee b\u00fdt sladkou realitou.\" \/>\n<meta name=\"robots\" content=\"index, follow, max-snippet:-1, max-image-preview:large, max-video-preview:-1\" \/>\n<link rel=\"canonical\" href=\"https:\/\/evertonfc.cz\/index.php\/2022\/03\/19\/fa-cup-preview-crystal-palace-everton\/\" \/>\n<meta property=\"og:locale\" content=\"cs_CZ\" \/>\n<meta property=\"og:type\" content=\"article\" \/>\n<meta property=\"og:title\" content=\"FA Cup Preview: Crystal Palace - Everton - Official Czech &amp; Slovak Everton Supporters&#039; Club\" \/>\n<meta property=\"og:description\" content=\"Velikonoce ve Wembley zn\u00ed jako dobr\u00fd pl\u00e1n - a ji\u017e z\u00edtra to m\u016f\u017ee b\u00fdt sladkou realitou.\" \/>\n<meta property=\"og:url\" content=\"https:\/\/evertonfc.cz\/index.php\/2022\/03\/19\/fa-cup-preview-crystal-palace-everton\/\" \/>\n<meta property=\"og:site_name\" content=\"Official Czech &amp; Slovak Everton Supporters&#039; Club\" \/>\n<meta property=\"article:publisher\" content=\"https:\/\/www.facebook.com\/everton.fans.cz.sk\" \/>\n<meta property=\"article:published_time\" content=\"2022-03-19T10:18:58+00:00\" \/>\n<meta property=\"article:modified_time\" content=\"2022-03-20T10:53:14+00:00\" \/>\n<meta property=\"og:image\" content=\"https:\/\/evertonfc.cz\/wp-content\/uploads\/2020\/09\/Crystal-Palace-VS-Everton-26-9-2020.jpg\" \/>\n\t<meta property=\"og:image:width\" content=\"720\" \/>\n\t<meta property=\"og:image:height\" content=\"405\" \/>\n\t<meta property=\"og:image:type\" content=\"image\/jpeg\" \/>\n<meta name=\"author\" content=\"Javor\" \/>\n<meta name=\"twitter:card\" content=\"summary_large_image\" \/>\n<meta name=\"twitter:creator\" content=\"@LoudinJan\" \/>\n<meta name=\"twitter:label1\" content=\"Napsal(a)\" \/>\n\t<meta name=\"twitter:data1\" content=\"Javor\" \/>\n\t<meta name=\"twitter:label2\" content=\"Odhadovan\u00e1 doba \u010dten\u00ed\" \/>\n\t<meta name=\"twitter:data2\" content=\"3 minuty\" \/>\n<script type=\"application\/ld+json\" class=\"yoast-schema-graph\">{\"@context\":\"https:\/\/schema.org\",\"@graph\":[{\"@type\":\"Article\",\"@id\":\"https:\/\/evertonfc.cz\/index.php\/2022\/03\/19\/fa-cup-preview-crystal-palace-everton\/#article\",\"isPartOf\":{\"@id\":\"https:\/\/evertonfc.cz\/index.php\/2022\/03\/19\/fa-cup-preview-crystal-palace-everton\/\"},\"author\":{\"name\":\"Javor\",\"@id\":\"https:\/\/evertonfc.cz\/#\/schema\/person\/b30daf6a5852f4811f8207a17ec1bf78\"},\"headline\":\"FA Cup Preview: Crystal Palace &#8211; Everton\",\"datePublished\":\"2022-03-19T10:18:58+00:00\",\"dateModified\":\"2022-03-20T10:53:14+00:00\",\"mainEntityOfPage\":{\"@id\":\"https:\/\/evertonfc.cz\/index.php\/2022\/03\/19\/fa-cup-preview-crystal-palace-everton\/\"},\"wordCount\":563,\"commentCount\":20,\"publisher\":{\"@id\":\"https:\/\/evertonfc.cz\/#organization\"},\"image\":{\"@id\":\"https:\/\/evertonfc.cz\/index.php\/2022\/03\/19\/fa-cup-preview-crystal-palace-everton\/#primaryimage\"},\"thumbnailUrl\":\"https:\/\/evertonfc.cz\/wp-content\/uploads\/2020\/09\/Crystal-Palace-VS-Everton-26-9-2020.jpg\",\"articleSection\":[\"Z\u00e1pasy\"],\"inLanguage\":\"cs\",\"potentialAction\":[{\"@type\":\"CommentAction\",\"name\":\"Comment\",\"target\":[\"https:\/\/evertonfc.cz\/index.php\/2022\/03\/19\/fa-cup-preview-crystal-palace-everton\/#respond\"]}]},{\"@type\":\"WebPage\",\"@id\":\"https:\/\/evertonfc.cz\/index.php\/2022\/03\/19\/fa-cup-preview-crystal-palace-everton\/\",\"url\":\"https:\/\/evertonfc.cz\/index.php\/2022\/03\/19\/fa-cup-preview-crystal-palace-everton\/\",\"name\":\"FA Cup Preview: Crystal Palace - Everton - Official Czech &amp; Slovak Everton Supporters&#039; Club\",\"isPartOf\":{\"@id\":\"https:\/\/evertonfc.cz\/#website\"},\"primaryImageOfPage\":{\"@id\":\"https:\/\/evertonfc.cz\/index.php\/2022\/03\/19\/fa-cup-preview-crystal-palace-everton\/#primaryimage\"},\"image\":{\"@id\":\"https:\/\/evertonfc.cz\/index.php\/2022\/03\/19\/fa-cup-preview-crystal-palace-everton\/#primaryimage\"},\"thumbnailUrl\":\"https:\/\/evertonfc.cz\/wp-content\/uploads\/2020\/09\/Crystal-Palace-VS-Everton-26-9-2020.jpg\",\"datePublished\":\"2022-03-19T10:18:58+00:00\",\"dateModified\":\"2022-03-20T10:53:14+00:00\",\"description\":\"Velikonoce ve Wembley zn\u00ed jako dobr\u00fd pl\u00e1n - a ji\u017e z\u00edtra to m\u016f\u017ee b\u00fdt sladkou realitou.\",\"breadcrumb\":{\"@id\":\"https:\/\/evertonfc.cz\/index.php\/2022\/03\/19\/fa-cup-preview-crystal-palace-everton\/#breadcrumb\"},\"inLanguage\":\"cs\",\"potentialAction\":[{\"@type\":\"ReadAction\",\"target\":[\"https:\/\/evertonfc.cz\/index.php\/2022\/03\/19\/fa-cup-preview-crystal-palace-everton\/\"]}]},{\"@type\":\"ImageObject\",\"inLanguage\":\"cs\",\"@id\":\"https:\/\/evertonfc.cz\/index.php\/2022\/03\/19\/fa-cup-preview-crystal-palace-everton\/#primaryimage\",\"url\":\"https:\/\/evertonfc.cz\/wp-content\/uploads\/2020\/09\/Crystal-Palace-VS-Everton-26-9-2020.jpg\",\"contentUrl\":\"https:\/\/evertonfc.cz\/wp-content\/uploads\/2020\/09\/Crystal-Palace-VS-Everton-26-9-2020.jpg\",\"width\":720,\"height\":405},{\"@type\":\"BreadcrumbList\",\"@id\":\"https:\/\/evertonfc.cz\/index.php\/2022\/03\/19\/fa-cup-preview-crystal-palace-everton\/#breadcrumb\",\"itemListElement\":[{\"@type\":\"ListItem\",\"position\":1,\"name\":\"Home\",\"item\":\"https:\/\/evertonfc.cz\/\"},{\"@type\":\"ListItem\",\"position\":2,\"name\":\"FA Cup Preview: Crystal Palace &#8211; Everton\"}]},{\"@type\":\"WebSite\",\"@id\":\"https:\/\/evertonfc.cz\/#website\",\"url\":\"https:\/\/evertonfc.cz\/\",\"name\":\"Official Czech &amp; Slovak Everton Supporters&#039; Club\",\"description\":\"\",\"publisher\":{\"@id\":\"https:\/\/evertonfc.cz\/#organization\"},\"potentialAction\":[{\"@type\":\"SearchAction\",\"target\":{\"@type\":\"EntryPoint\",\"urlTemplate\":\"https:\/\/evertonfc.cz\/?s={search_term_string}\"},\"query-input\":{\"@type\":\"PropertyValueSpecification\",\"valueRequired\":true,\"valueName\":\"search_term_string\"}}],\"inLanguage\":\"cs\"},{\"@type\":\"Organization\",\"@id\":\"https:\/\/evertonfc.cz\/#organization\",\"name\":\"Official Czech & Slovak Everton Supporters' Club\",\"url\":\"https:\/\/evertonfc.cz\/\",\"logo\":{\"@type\":\"ImageObject\",\"inLanguage\":\"cs\",\"@id\":\"https:\/\/evertonfc.cz\/#\/schema\/logo\/image\/\",\"url\":\"https:\/\/evertonfc.cz\/wp-content\/uploads\/2019\/05\/logo.png\",\"contentUrl\":\"https:\/\/evertonfc.cz\/wp-content\/uploads\/2019\/05\/logo.png\",\"width\":112,\"height\":112,\"caption\":\"Official Czech & Slovak Everton Supporters' Club\"},\"image\":{\"@id\":\"https:\/\/evertonfc.cz\/#\/schema\/logo\/image\/\"},\"sameAs\":[\"https:\/\/www.facebook.com\/everton.fans.cz.sk\"]},{\"@type\":\"Person\",\"@id\":\"https:\/\/evertonfc.cz\/#\/schema\/person\/b30daf6a5852f4811f8207a17ec1bf78\",\"name\":\"Javor\",\"sameAs\":[\"https:\/\/x.com\/LoudinJan\"],\"url\":\"https:\/\/evertonfc.cz\/index.php\/author\/javor\/\"}]}<\/script>\n<!-- \/ Yoast SEO plugin. -->","yoast_head_json":{"title":"FA Cup Preview: Crystal Palace - Everton - Official Czech &amp; Slovak Everton Supporters&#039; Club","description":"Velikonoce ve Wembley zn\u00ed jako dobr\u00fd pl\u00e1n - a ji\u017e z\u00edtra to m\u016f\u017ee b\u00fdt sladkou realitou.","robots":{"index":"index","follow":"follow","max-snippet":"max-snippet:-1","max-image-preview":"max-image-preview:large","max-video-preview":"max-video-preview:-1"},"canonical":"https:\/\/evertonfc.cz\/index.php\/2022\/03\/19\/fa-cup-preview-crystal-palace-everton\/","og_locale":"cs_CZ","og_type":"article","og_title":"FA Cup Preview: Crystal Palace - Everton - Official Czech &amp; Slovak Everton Supporters&#039; Club","og_description":"Velikonoce ve Wembley zn\u00ed jako dobr\u00fd pl\u00e1n - a ji\u017e z\u00edtra to m\u016f\u017ee b\u00fdt sladkou realitou.","og_url":"https:\/\/evertonfc.cz\/index.php\/2022\/03\/19\/fa-cup-preview-crystal-palace-everton\/","og_site_name":"Official Czech &amp; Slovak Everton Supporters&#039; Club","article_publisher":"https:\/\/www.facebook.com\/everton.fans.cz.sk","article_published_time":"2022-03-19T10:18:58+00:00","article_modified_time":"2022-03-20T10:53:14+00:00","og_image":[{"width":720,"height":405,"url":"https:\/\/evertonfc.cz\/wp-content\/uploads\/2020\/09\/Crystal-Palace-VS-Everton-26-9-2020.jpg","type":"image\/jpeg"}],"author":"Javor","twitter_card":"summary_large_image","twitter_creator":"@LoudinJan","twitter_misc":{"Napsal(a)":"Javor","Odhadovan\u00e1 doba \u010dten\u00ed":"3 minuty"},"schema":{"@context":"https:\/\/schema.org","@graph":[{"@type":"Article","@id":"https:\/\/evertonfc.cz\/index.php\/2022\/03\/19\/fa-cup-preview-crystal-palace-everton\/#article","isPartOf":{"@id":"https:\/\/evertonfc.cz\/index.php\/2022\/03\/19\/fa-cup-preview-crystal-palace-everton\/"},"author":{"name":"Javor","@id":"https:\/\/evertonfc.cz\/#\/schema\/person\/b30daf6a5852f4811f8207a17ec1bf78"},"headline":"FA Cup Preview: Crystal Palace &#8211; Everton","datePublished":"2022-03-19T10:18:58+00:00","dateModified":"2022-03-20T10:53:14+00:00","mainEntityOfPage":{"@id":"https:\/\/evertonfc.cz\/index.php\/2022\/03\/19\/fa-cup-preview-crystal-palace-everton\/"},"wordCount":563,"commentCount":20,"publisher":{"@id":"https:\/\/evertonfc.cz\/#organization"},"image":{"@id":"https:\/\/evertonfc.cz\/index.php\/2022\/03\/19\/fa-cup-preview-crystal-palace-everton\/#primaryimage"},"thumbnailUrl":"https:\/\/evertonfc.cz\/wp-content\/uploads\/2020\/09\/Crystal-Palace-VS-Everton-26-9-2020.jpg","articleSection":["Z\u00e1pasy"],"inLanguage":"cs","potentialAction":[{"@type":"CommentAction","name":"Comment","target":["https:\/\/evertonfc.cz\/index.php\/2022\/03\/19\/fa-cup-preview-crystal-palace-everton\/#respond"]}]},{"@type":"WebPage","@id":"https:\/\/evertonfc.cz\/index.php\/2022\/03\/19\/fa-cup-preview-crystal-palace-everton\/","url":"https:\/\/evertonfc.cz\/index.php\/2022\/03\/19\/fa-cup-preview-crystal-palace-everton\/","name":"FA Cup Preview: Crystal Palace - Everton - Official Czech &amp; Slovak Everton Supporters&#039; Club","isPartOf":{"@id":"https:\/\/evertonfc.cz\/#website"},"primaryImageOfPage":{"@id":"https:\/\/evertonfc.cz\/index.php\/2022\/03\/19\/fa-cup-preview-crystal-palace-everton\/#primaryimage"},"image":{"@id":"https:\/\/evertonfc.cz\/index.php\/2022\/03\/19\/fa-cup-preview-crystal-palace-everton\/#primaryimage"},"thumbnailUrl":"https:\/\/evertonfc.cz\/wp-content\/uploads\/2020\/09\/Crystal-Palace-VS-Everton-26-9-2020.jpg","datePublished":"2022-03-19T10:18:58+00:00","dateModified":"2022-03-20T10:53:14+00:00","description":"Velikonoce ve Wembley zn\u00ed jako dobr\u00fd pl\u00e1n - a ji\u017e z\u00edtra to m\u016f\u017ee b\u00fdt sladkou realitou.","breadcrumb":{"@id":"https:\/\/evertonfc.cz\/index.php\/2022\/03\/19\/fa-cup-preview-crystal-palace-everton\/#breadcrumb"},"inLanguage":"cs","potentialAction":[{"@type":"ReadAction","target":["https:\/\/evertonfc.cz\/index.php\/2022\/03\/19\/fa-cup-preview-crystal-palace-everton\/"]}]},{"@type":"ImageObject","inLanguage":"cs","@id":"https:\/\/evertonfc.cz\/index.php\/2022\/03\/19\/fa-cup-preview-crystal-palace-everton\/#primaryimage","url":"https:\/\/evertonfc.cz\/wp-content\/uploads\/2020\/09\/Crystal-Palace-VS-Everton-26-9-2020.jpg","contentUrl":"https:\/\/evertonfc.cz\/wp-content\/uploads\/2020\/09\/Crystal-Palace-VS-Everton-26-9-2020.jpg","width":720,"height":405},{"@type":"BreadcrumbList","@id":"https:\/\/evertonfc.cz\/index.php\/2022\/03\/19\/fa-cup-preview-crystal-palace-everton\/#breadcrumb","itemListElement":[{"@type":"ListItem","position":1,"name":"Home","item":"https:\/\/evertonfc.cz\/"},{"@type":"ListItem","position":2,"name":"FA Cup Preview: Crystal Palace &#8211; Everton"}]},{"@type":"WebSite","@id":"https:\/\/evertonfc.cz\/#website","url":"https:\/\/evertonfc.cz\/","name":"Official Czech &amp; Slovak Everton Supporters&#039; Club","description":"","publisher":{"@id":"https:\/\/evertonfc.cz\/#organization"},"potentialAction":[{"@type":"SearchAction","target":{"@type":"EntryPoint","urlTemplate":"https:\/\/evertonfc.cz\/?s={search_term_string}"},"query-input":{"@type":"PropertyValueSpecification","valueRequired":true,"valueName":"search_term_string"}}],"inLanguage":"cs"},{"@type":"Organization","@id":"https:\/\/evertonfc.cz\/#organization","name":"Official Czech & Slovak Everton Supporters' Club","url":"https:\/\/evertonfc.cz\/","logo":{"@type":"ImageObject","inLanguage":"cs","@id":"https:\/\/evertonfc.cz\/#\/schema\/logo\/image\/","url":"https:\/\/evertonfc.cz\/wp-content\/uploads\/2019\/05\/logo.png","contentUrl":"https:\/\/evertonfc.cz\/wp-content\/uploads\/2019\/05\/logo.png","width":112,"height":112,"caption":"Official Czech & Slovak Everton Supporters' Club"},"image":{"@id":"https:\/\/evertonfc.cz\/#\/schema\/logo\/image\/"},"sameAs":["https:\/\/www.facebook.com\/everton.fans.cz.sk"]},{"@type":"Person","@id":"https:\/\/evertonfc.cz\/#\/schema\/person\/b30daf6a5852f4811f8207a17ec1bf78","name":"Javor","sameAs":["https:\/\/x.com\/LoudinJan"],"url":"https:\/\/evertonfc.cz\/index.php\/author\/javor\/"}]}},"_links":{"self":[{"href":"https:\/\/evertonfc.cz\/index.php\/wp-json\/wp\/v2\/posts\/18156"}],"collection":[{"href":"https:\/\/evertonfc.cz\/index.php\/wp-json\/wp\/v2\/posts"}],"about":[{"href":"https:\/\/evertonfc.cz\/index.php\/wp-json\/wp\/v2\/types\/post"}],"author":[{"embeddable":true,"href":"https:\/\/evertonfc.cz\/index.php\/wp-json\/wp\/v2\/users\/12"}],"replies":[{"embeddable":true,"href":"https:\/\/evertonfc.cz\/index.php\/wp-json\/wp\/v2\/comments?post=18156"}],"version-history":[{"count":4,"href":"https:\/\/evertonfc.cz\/index.php\/wp-json\/wp\/v2\/posts\/18156\/revisions"}],"predecessor-version":[{"id":18165,"href":"https:\/\/evertonfc.cz\/index.php\/wp-json\/wp\/v2\/posts\/18156\/revisions\/18165"}],"wp:featuredmedia":[{"embeddable":true,"href":"https:\/\/evertonfc.cz\/index.php\/wp-json\/wp\/v2\/media\/12110"}],"wp:attachment":[{"href":"https:\/\/evertonfc.cz\/index.php\/wp-json\/wp\/v2\/media?parent=18156"}],"wp:term":[{"taxonomy":"category","embeddable":true,"href":"https:\/\/evertonfc.cz\/index.php\/wp-json\/wp\/v2\/categories?post=18156"},{"taxonomy":"post_tag","embeddable":true,"href":"https:\/\/evertonfc.cz\/index.php\/wp-json\/wp\/v2\/tags?post=18156"}],"curies":[{"name":"wp","href":"https:\/\/api.w.org\/{rel}","templated":true}]}}