{"id":18188,"date":"2022-03-20T19:46:22","date_gmt":"2022-03-20T18:46:22","guid":{"rendered":"https:\/\/evertonfc.cz\/?p=18188"},"modified":"2022-04-10T11:48:15","modified_gmt":"2022-04-10T09:48:15","slug":"crystal-palace-everton-40","status":"publish","type":"post","link":"https:\/\/evertonfc.cz\/index.php\/2022\/03\/20\/crystal-palace-everton-40\/","title":{"rendered":"Crystal Palace \u2013 Everton 4:0"},"content":{"rendered":"<h4>My jednoducho nevieme. Nevieme hra\u0165. Nevieme br\u00e1ni\u0165 a nevieme \u00fato\u010di\u0165. Vieme len ve\u0161a\u0165 hlavy a\u00a0sklada\u0165 zbrane. Sme tam, kde sme, nie n\u00e1hodou, ale pr\u00e1vom.<\/h4>\n<p>Frank Lampard mal do tejto \u010d\u00edrej nemoh\u00facnosti vnies\u0165 n\u00e1dej, in\u0161pir\u00e1ciu a zdrav\u00fd rozum. Zatia\u013e sme v\u0161ak st\u00e1le v rovine n\u00e1deje. Ale to je evertonsk\u00fd status quo u\u017e nieko\u013eko desa\u0165ro\u010d\u00ed. Frankie preto mus\u00ed presta\u0165 by\u0165 ten dobr\u00fd. Pre fan\u00fa\u0161ikov samozrejme je, a nechceme aby sa to zmenilo. Av\u0161ak, ako sa mi vid\u00ed, st\u00e1le aj pre hr\u00e1\u010dov. A to sa mus\u00ed zmeni\u0165. Musia za\u010da\u0165 pada\u0165 hlavy, mus\u00ed sa nastoli\u0165 zodpovednos\u0165. A nielen za toto vypadnutie z FA Cupu.<\/p>\n<p>Ak nie, zodpovedn\u00fd za\u010dne by\u0165 aj Frankie. Jeho prv\u00fdch desa\u0165 z\u00e1pasov mu muselo uk\u00e1za\u0165, kde sa v mu\u017estve oprie\u0165 m\u00f4\u017ee, a kde ho naopak nikto nepodr\u017e\u00ed. Zatia\u013e mu pevn\u00fa v\u00f4\u013eu pri spr\u00e1vnom v\u00fdbere v\u00e4\u010d\u0161inou l\u00e1mu zranenia. No o \u010do lep\u0161ie s\u00fa improviz\u00e1cie od nesk\u00fasenost\u00ed? Iste by sme sa sami radi presved\u010dili. Je najvy\u0161\u0161\u00ed \u010das.<\/p>\n<h4><strong>Bez serv\u00edtky, nem\u00e1me gule p\u00e1ni! <\/strong><\/h4>\n<blockquote><p><span style=\"font-size: 12pt;\"><em>\u201eVo futbale existuje rovnov\u00e1ha medzi sebavedom\u00edm a\u00a0hran\u00edm s\u00a0no\u017eom na krku. Toto je \u0161tvr\u0165fin\u00e1le na ceste do Wembley, a ak nem\u00e1te dostatok sebavedomia na to, aby ste hrali, m\u00f4\u017eete to r\u00fdchlo oto\u010di\u0165 a\u00a0sp\u00fdta\u0165 sa, m\u00e1te gule na to hra\u0165? <\/em><em>Tak\u00e1 je futbalov\u00e1 realita. Ak spad\u00e1te niekde do stredu, netr\u00e1pte sa t\u00fdm. Dnes sme nehrali tak zle a Palace dnes nehrali tak dobre. Ale prehrali sme 4:0 pre nedostatok sebad\u00f4very a nedostatok toho, \u010do som pr\u00e1ve povedal. Nebolo to taktikou. Taktika sa uk\u00e1zala v prv\u00fdch 20 min\u00fatach. Palace sa nedok\u00e1zali dosta\u0165 von zo svojej polovice. Tak\u017ee, ke\u010f budete robi\u0165 veci spr\u00e1vne v r\u00e1mci tejto \u0161trukt\u00fary, budete v poriadku. Ak v\u0161ak nedok\u00e1\u017eete by\u0165 klinick\u00ed pred br\u00e1nkou, nebudete d\u00e1va\u0165 g\u00f3ly&#8230; nebudete ma\u0165 pocit, \u017ee budete d\u00e1va\u0165 g\u00f3ly. A ak dovol\u00edte \u013eu\u010fom, aby vo\u0161li do va\u0161ej \u0161estn\u00e1stky a zakon\u010dili s \u013eahkos\u0165ou, zakon\u010dia s \u013eahkos\u0165ou. Skuto\u010dn\u00e9 z\u00e1klady.\u201c &#8211;\u00a0 \u00a0<\/em>Frank Lampard<\/span><\/p><\/blockquote>\n<h4><strong>Ako sme sa zosypali<\/strong><\/h4>\n<p>Po dramatickom v\u00ed\u0165azstve nad Strakami by si \u010dlovek myslel, \u017ee sa kone\u010dne chyt\u00edme, a za\u010dneme naozaj hra\u0165. Len\u017ee po ka\u017edom \u010fal\u0161om z\u00e1pase n\u00e1m doch\u00e1dza, \u017ee my sa nevieme, alebo nechceme chyta\u0165 pod\u00e1vanej \u0161ance. Ni\u010d na n\u00e1s nem\u00e1 efekt. Aspo\u0148 nie dlhotrvaj\u00faci. \u010co teda bolo vidno aj v prv\u00fdch min\u00fatach tohto stretnutia. Boli sme r\u00fdchli a agres\u00edvni, a dost\u00e1vali sme sa do nebezpe\u010dn\u00fdch priestorov, ktor\u00e9 u\u017e sam\u00e9 plodili \u0161ance.<\/p>\n<p>Godfrey takmer upratal kr\u00ed\u017enu strelu Keanea a\u00a0Richarslison prip\u00ednal plienky na bedr\u00e1 Guehiho, ktor\u00fd len s\u00a0\u0165a\u017ekos\u0165ou br\u00e1nil jeho drav\u00e9 n\u00e1behy. No a\u00a0ke\u010f zatiahol ru\u010dn\u00fa, rozhodca ani VAR samozrejme nejavili z\u00e1ujem. Ve\u010f na\u010do? Zauj\u00edma t\u00fato sez\u00f3nu v\u00f4bec niekoho kompetentn\u00e9ho konzistencia v\u00fdkladu pravidiel hry?<\/p>\n<p>Potom, \u010do Townsenda odniesli z ihriska pre v\u00e1\u017enej\u0161ie zranenie kolena, sme prestali hra\u0165. Bola to dlh\u00e1 pauza, ale bohu\u017eia\u013e nie dos\u0165 na to, aby hr\u00e1\u010dom vyfu\u010dalo z hlavy, o \u010do tu ide. U\u017e \u017eiadny pressing, \u017eiadna agresivita a dohr\u00e1van\u00e9 s\u00faboje o druh\u00e9 lopty. Taktovku prevzali dom\u00e1ci a bolo po srande. Op\u00e4\u0165 zmar a tr\u00e1penie, boles\u0165 o\u010d\u00ed. Prv\u00fd g\u00f3l, samozrejme z rohu, dal Guehi po chyb\u00e1ch v br\u00e1nen\u00ed \u0161tyroch hr\u00e1\u010dov tromi.<\/p>\n<p>V druhom g\u00f3le sme boli svedkami, ako traja s\u00faperi vykombinovali, \u010di lep\u0161ie povedan\u00e9 pre\u0161li okolo \u0161iestich na\u0161ich, a posledn\u00fd Mateta prekonal e\u0161te aj brank\u00e1ra. \u201eNesl\u00fdchan\u00e9\u201c by sa \u017eiadalo zakri\u010da\u0165, no klamali by sme si. Tret\u00ed g\u00f3l bol z kateg\u00f3rie tr\u00e1pnych. Na odrazen\u00fa strelu do ty\u010dky nikto nereagoval, a tak Zaha zakon\u010dil ako v \u0161k\u00f4lke. A posledn\u00fd g\u00f3l excelentne zachra\u0148oval Pickford, ale obrana op\u00e4\u0165 rezignovala, \u010do vy\u00fastilo v op\u00e4tovn\u00fa tr\u00e1pnu situ\u00e1ciu. V t\u00fdch sa stal Everton u\u017e majstrom. No aspo\u0148 v nie\u010dom. \u0160koda, \u017ee sa za to do Wembley nechod\u00ed&#8230;<\/p>\n<h3 style=\"text-align: center;\"><span style=\"color: #3366ff;\"><em><strong>Up The Toffees !!!<\/strong><\/em><\/span><\/h3>\n<p style=\"text-align: right;\"><span style=\"font-size: 8pt;\">(fotozdroj: evertonfc.com)<\/span><\/p>\n<p><strong>Zostrihy:<\/strong> <a href=\"https:\/\/hdmatches.net\/2022\/03\/20\/video-crystal-palace-vs-everton-highlights-20-march-2022\/\" target=\"_blank\" rel=\"noopener\">HDmatches.net<\/a>\u00a0 <strong>Mu\u017e z\u00e1pasu redakcie:<\/strong> Jimmy Martin<\/p>\n<p><strong>G\u00f3ly:<\/strong> 25\u00b4 Guehi (Olise), 41\u00b4 Mateta (Zaha), 79\u00b4 Zaha, 87\u00b4 Hughes<\/p>\n<p><strong>\u017dlt\u00e9 karty: <\/strong>62\u00b4 Gordon, 64\u00b4 Gomes<\/p>\n<p><strong>Crystal Palace FC:\u00a0<\/strong>Butland \u2013 Clyne, Andersen, Guehi, Mitchell \u2013 Gallagher, Kouyate (83\u00b4 Hughes), Eze (71\u00b4 Milivojevic) \u2013 Olise (83\u00b4 Benteke), Mateta (71\u00b4 Edouard), Zaha<\/p>\n<p><strong>Everton FC:\u00a0<\/strong>Pickford \u2013 Coleman (73\u00b4 Iwobi), Holgate, Keane, Godfrey, Kenny (46\u00b4 Calvert-Lewin) \u2013 Doucour\u00e9, Gomes \u2013 Townsend (17\u00b4 Gray), Richarlison, Gordon<\/p>\n<p><strong>Rozhodca:\u00a0<\/strong>Stuart Attwell<\/p>\n","protected":false},"excerpt":{"rendered":"<p>My jednoducho nevieme. Nevieme hra\u0165. Nevieme br\u00e1ni\u0165 a nevieme \u00fato\u010di\u0165. Vieme len ve\u0161a\u0165 hlavy a\u00a0sklada\u0165 zbrane. Sme tam, kde sme, nie n\u00e1hodou, ale pr\u00e1vom.<\/p>\n","protected":false},"author":1,"featured_media":18190,"comment_status":"open","ping_status":"closed","sticky":false,"template":"","format":"standard","meta":{"_eb_attr":"","_monsterinsights_skip_tracking":false,"_monsterinsights_sitenote_active":false,"_monsterinsights_sitenote_note":"","_monsterinsights_sitenote_category":0,"footnotes":""},"categories":[4],"tags":[],"yoast_head":"<!-- This site is optimized with the Yoast SEO plugin v23.4 - https:\/\/yoast.com\/wordpress\/plugins\/seo\/ -->\n<title>Crystal Palace \u2013 Everton 4:0 - Official Czech &amp; Slovak Everton Supporters&#039; Club<\/title>\n<meta name=\"robots\" content=\"index, follow, max-snippet:-1, max-image-preview:large, max-video-preview:-1\" \/>\n<link rel=\"canonical\" href=\"https:\/\/evertonfc.cz\/index.php\/2022\/03\/20\/crystal-palace-everton-40\/\" \/>\n<meta property=\"og:locale\" content=\"cs_CZ\" \/>\n<meta property=\"og:type\" content=\"article\" \/>\n<meta property=\"og:title\" content=\"Crystal Palace \u2013 Everton 4:0 - Official Czech &amp; Slovak Everton Supporters&#039; Club\" \/>\n<meta property=\"og:description\" content=\"My jednoducho nevieme. Nevieme hra\u0165. Nevieme br\u00e1ni\u0165 a nevieme \u00fato\u010di\u0165. Vieme len ve\u0161a\u0165 hlavy a\u00a0sklada\u0165 zbrane. Sme tam, kde sme, nie n\u00e1hodou, ale pr\u00e1vom.\" \/>\n<meta property=\"og:url\" content=\"https:\/\/evertonfc.cz\/index.php\/2022\/03\/20\/crystal-palace-everton-40\/\" \/>\n<meta property=\"og:site_name\" content=\"Official Czech &amp; Slovak Everton Supporters&#039; Club\" \/>\n<meta property=\"article:publisher\" content=\"https:\/\/www.facebook.com\/everton.fans.cz.sk\" \/>\n<meta property=\"article:published_time\" content=\"2022-03-20T18:46:22+00:00\" \/>\n<meta property=\"article:modified_time\" content=\"2022-04-10T09:48:15+00:00\" \/>\n<meta property=\"og:image\" content=\"https:\/\/evertonfc.cz\/wp-content\/uploads\/2022\/03\/FA-Cup-Crystal-Palace-4-0-Everton-6th-round-by-efc.jpg\" \/>\n\t<meta property=\"og:image:width\" content=\"720\" \/>\n\t<meta property=\"og:image:height\" content=\"405\" \/>\n\t<meta property=\"og:image:type\" content=\"image\/jpeg\" \/>\n<meta name=\"author\" content=\"BlueBlooded\" \/>\n<meta name=\"twitter:card\" content=\"summary_large_image\" \/>\n<meta name=\"twitter:label1\" content=\"Napsal(a)\" \/>\n\t<meta name=\"twitter:data1\" content=\"BlueBlooded\" \/>\n\t<meta name=\"twitter:label2\" content=\"Odhadovan\u00e1 doba \u010dten\u00ed\" \/>\n\t<meta name=\"twitter:data2\" content=\"4 minuty\" \/>\n<script type=\"application\/ld+json\" class=\"yoast-schema-graph\">{\"@context\":\"https:\/\/schema.org\",\"@graph\":[{\"@type\":\"Article\",\"@id\":\"https:\/\/evertonfc.cz\/index.php\/2022\/03\/20\/crystal-palace-everton-40\/#article\",\"isPartOf\":{\"@id\":\"https:\/\/evertonfc.cz\/index.php\/2022\/03\/20\/crystal-palace-everton-40\/\"},\"author\":{\"name\":\"BlueBlooded\",\"@id\":\"https:\/\/evertonfc.cz\/#\/schema\/person\/d4493b8cbea51532597fbc4685698916\"},\"headline\":\"Crystal Palace \u2013 Everton 4:0\",\"datePublished\":\"2022-03-20T18:46:22+00:00\",\"dateModified\":\"2022-04-10T09:48:15+00:00\",\"mainEntityOfPage\":{\"@id\":\"https:\/\/evertonfc.cz\/index.php\/2022\/03\/20\/crystal-palace-everton-40\/\"},\"wordCount\":798,\"commentCount\":9,\"publisher\":{\"@id\":\"https:\/\/evertonfc.cz\/#organization\"},\"image\":{\"@id\":\"https:\/\/evertonfc.cz\/index.php\/2022\/03\/20\/crystal-palace-everton-40\/#primaryimage\"},\"thumbnailUrl\":\"https:\/\/evertonfc.cz\/wp-content\/uploads\/2022\/03\/FA-Cup-Crystal-Palace-4-0-Everton-6th-round-by-efc.jpg\",\"articleSection\":[\"Z\u00e1pasy\"],\"inLanguage\":\"cs\",\"potentialAction\":[{\"@type\":\"CommentAction\",\"name\":\"Comment\",\"target\":[\"https:\/\/evertonfc.cz\/index.php\/2022\/03\/20\/crystal-palace-everton-40\/#respond\"]}]},{\"@type\":\"WebPage\",\"@id\":\"https:\/\/evertonfc.cz\/index.php\/2022\/03\/20\/crystal-palace-everton-40\/\",\"url\":\"https:\/\/evertonfc.cz\/index.php\/2022\/03\/20\/crystal-palace-everton-40\/\",\"name\":\"Crystal Palace \u2013 Everton 4:0 - Official Czech &amp; Slovak Everton Supporters&#039; Club\",\"isPartOf\":{\"@id\":\"https:\/\/evertonfc.cz\/#website\"},\"primaryImageOfPage\":{\"@id\":\"https:\/\/evertonfc.cz\/index.php\/2022\/03\/20\/crystal-palace-everton-40\/#primaryimage\"},\"image\":{\"@id\":\"https:\/\/evertonfc.cz\/index.php\/2022\/03\/20\/crystal-palace-everton-40\/#primaryimage\"},\"thumbnailUrl\":\"https:\/\/evertonfc.cz\/wp-content\/uploads\/2022\/03\/FA-Cup-Crystal-Palace-4-0-Everton-6th-round-by-efc.jpg\",\"datePublished\":\"2022-03-20T18:46:22+00:00\",\"dateModified\":\"2022-04-10T09:48:15+00:00\",\"breadcrumb\":{\"@id\":\"https:\/\/evertonfc.cz\/index.php\/2022\/03\/20\/crystal-palace-everton-40\/#breadcrumb\"},\"inLanguage\":\"cs\",\"potentialAction\":[{\"@type\":\"ReadAction\",\"target\":[\"https:\/\/evertonfc.cz\/index.php\/2022\/03\/20\/crystal-palace-everton-40\/\"]}]},{\"@type\":\"ImageObject\",\"inLanguage\":\"cs\",\"@id\":\"https:\/\/evertonfc.cz\/index.php\/2022\/03\/20\/crystal-palace-everton-40\/#primaryimage\",\"url\":\"https:\/\/evertonfc.cz\/wp-content\/uploads\/2022\/03\/FA-Cup-Crystal-Palace-4-0-Everton-6th-round-by-efc.jpg\",\"contentUrl\":\"https:\/\/evertonfc.cz\/wp-content\/uploads\/2022\/03\/FA-Cup-Crystal-Palace-4-0-Everton-6th-round-by-efc.jpg\",\"width\":720,\"height\":405},{\"@type\":\"BreadcrumbList\",\"@id\":\"https:\/\/evertonfc.cz\/index.php\/2022\/03\/20\/crystal-palace-everton-40\/#breadcrumb\",\"itemListElement\":[{\"@type\":\"ListItem\",\"position\":1,\"name\":\"Home\",\"item\":\"https:\/\/evertonfc.cz\/\"},{\"@type\":\"ListItem\",\"position\":2,\"name\":\"Crystal Palace \u2013 Everton 4:0\"}]},{\"@type\":\"WebSite\",\"@id\":\"https:\/\/evertonfc.cz\/#website\",\"url\":\"https:\/\/evertonfc.cz\/\",\"name\":\"Official Czech &amp; Slovak Everton Supporters&#039; Club\",\"description\":\"\",\"publisher\":{\"@id\":\"https:\/\/evertonfc.cz\/#organization\"},\"potentialAction\":[{\"@type\":\"SearchAction\",\"target\":{\"@type\":\"EntryPoint\",\"urlTemplate\":\"https:\/\/evertonfc.cz\/?s={search_term_string}\"},\"query-input\":{\"@type\":\"PropertyValueSpecification\",\"valueRequired\":true,\"valueName\":\"search_term_string\"}}],\"inLanguage\":\"cs\"},{\"@type\":\"Organization\",\"@id\":\"https:\/\/evertonfc.cz\/#organization\",\"name\":\"Official Czech & Slovak Everton Supporters' Club\",\"url\":\"https:\/\/evertonfc.cz\/\",\"logo\":{\"@type\":\"ImageObject\",\"inLanguage\":\"cs\",\"@id\":\"https:\/\/evertonfc.cz\/#\/schema\/logo\/image\/\",\"url\":\"https:\/\/evertonfc.cz\/wp-content\/uploads\/2019\/05\/logo.png\",\"contentUrl\":\"https:\/\/evertonfc.cz\/wp-content\/uploads\/2019\/05\/logo.png\",\"width\":112,\"height\":112,\"caption\":\"Official Czech & Slovak Everton Supporters' Club\"},\"image\":{\"@id\":\"https:\/\/evertonfc.cz\/#\/schema\/logo\/image\/\"},\"sameAs\":[\"https:\/\/www.facebook.com\/everton.fans.cz.sk\"]},{\"@type\":\"Person\",\"@id\":\"https:\/\/evertonfc.cz\/#\/schema\/person\/d4493b8cbea51532597fbc4685698916\",\"name\":\"BlueBlooded\",\"url\":\"https:\/\/evertonfc.cz\/index.php\/author\/admin\/\"}]}<\/script>\n<!-- \/ Yoast SEO plugin. -->","yoast_head_json":{"title":"Crystal Palace \u2013 Everton 4:0 - Official Czech &amp; Slovak Everton Supporters&#039; Club","robots":{"index":"index","follow":"follow","max-snippet":"max-snippet:-1","max-image-preview":"max-image-preview:large","max-video-preview":"max-video-preview:-1"},"canonical":"https:\/\/evertonfc.cz\/index.php\/2022\/03\/20\/crystal-palace-everton-40\/","og_locale":"cs_CZ","og_type":"article","og_title":"Crystal Palace \u2013 Everton 4:0 - Official Czech &amp; Slovak Everton Supporters&#039; Club","og_description":"My jednoducho nevieme. Nevieme hra\u0165. Nevieme br\u00e1ni\u0165 a nevieme \u00fato\u010di\u0165. Vieme len ve\u0161a\u0165 hlavy a\u00a0sklada\u0165 zbrane. Sme tam, kde sme, nie n\u00e1hodou, ale pr\u00e1vom.","og_url":"https:\/\/evertonfc.cz\/index.php\/2022\/03\/20\/crystal-palace-everton-40\/","og_site_name":"Official Czech &amp; Slovak Everton Supporters&#039; Club","article_publisher":"https:\/\/www.facebook.com\/everton.fans.cz.sk","article_published_time":"2022-03-20T18:46:22+00:00","article_modified_time":"2022-04-10T09:48:15+00:00","og_image":[{"width":720,"height":405,"url":"https:\/\/evertonfc.cz\/wp-content\/uploads\/2022\/03\/FA-Cup-Crystal-Palace-4-0-Everton-6th-round-by-efc.jpg","type":"image\/jpeg"}],"author":"BlueBlooded","twitter_card":"summary_large_image","twitter_misc":{"Napsal(a)":"BlueBlooded","Odhadovan\u00e1 doba \u010dten\u00ed":"4 minuty"},"schema":{"@context":"https:\/\/schema.org","@graph":[{"@type":"Article","@id":"https:\/\/evertonfc.cz\/index.php\/2022\/03\/20\/crystal-palace-everton-40\/#article","isPartOf":{"@id":"https:\/\/evertonfc.cz\/index.php\/2022\/03\/20\/crystal-palace-everton-40\/"},"author":{"name":"BlueBlooded","@id":"https:\/\/evertonfc.cz\/#\/schema\/person\/d4493b8cbea51532597fbc4685698916"},"headline":"Crystal Palace \u2013 Everton 4:0","datePublished":"2022-03-20T18:46:22+00:00","dateModified":"2022-04-10T09:48:15+00:00","mainEntityOfPage":{"@id":"https:\/\/evertonfc.cz\/index.php\/2022\/03\/20\/crystal-palace-everton-40\/"},"wordCount":798,"commentCount":9,"publisher":{"@id":"https:\/\/evertonfc.cz\/#organization"},"image":{"@id":"https:\/\/evertonfc.cz\/index.php\/2022\/03\/20\/crystal-palace-everton-40\/#primaryimage"},"thumbnailUrl":"https:\/\/evertonfc.cz\/wp-content\/uploads\/2022\/03\/FA-Cup-Crystal-Palace-4-0-Everton-6th-round-by-efc.jpg","articleSection":["Z\u00e1pasy"],"inLanguage":"cs","potentialAction":[{"@type":"CommentAction","name":"Comment","target":["https:\/\/evertonfc.cz\/index.php\/2022\/03\/20\/crystal-palace-everton-40\/#respond"]}]},{"@type":"WebPage","@id":"https:\/\/evertonfc.cz\/index.php\/2022\/03\/20\/crystal-palace-everton-40\/","url":"https:\/\/evertonfc.cz\/index.php\/2022\/03\/20\/crystal-palace-everton-40\/","name":"Crystal Palace \u2013 Everton 4:0 - Official Czech &amp; Slovak Everton Supporters&#039; Club","isPartOf":{"@id":"https:\/\/evertonfc.cz\/#website"},"primaryImageOfPage":{"@id":"https:\/\/evertonfc.cz\/index.php\/2022\/03\/20\/crystal-palace-everton-40\/#primaryimage"},"image":{"@id":"https:\/\/evertonfc.cz\/index.php\/2022\/03\/20\/crystal-palace-everton-40\/#primaryimage"},"thumbnailUrl":"https:\/\/evertonfc.cz\/wp-content\/uploads\/2022\/03\/FA-Cup-Crystal-Palace-4-0-Everton-6th-round-by-efc.jpg","datePublished":"2022-03-20T18:46:22+00:00","dateModified":"2022-04-10T09:48:15+00:00","breadcrumb":{"@id":"https:\/\/evertonfc.cz\/index.php\/2022\/03\/20\/crystal-palace-everton-40\/#breadcrumb"},"inLanguage":"cs","potentialAction":[{"@type":"ReadAction","target":["https:\/\/evertonfc.cz\/index.php\/2022\/03\/20\/crystal-palace-everton-40\/"]}]},{"@type":"ImageObject","inLanguage":"cs","@id":"https:\/\/evertonfc.cz\/index.php\/2022\/03\/20\/crystal-palace-everton-40\/#primaryimage","url":"https:\/\/evertonfc.cz\/wp-content\/uploads\/2022\/03\/FA-Cup-Crystal-Palace-4-0-Everton-6th-round-by-efc.jpg","contentUrl":"https:\/\/evertonfc.cz\/wp-content\/uploads\/2022\/03\/FA-Cup-Crystal-Palace-4-0-Everton-6th-round-by-efc.jpg","width":720,"height":405},{"@type":"BreadcrumbList","@id":"https:\/\/evertonfc.cz\/index.php\/2022\/03\/20\/crystal-palace-everton-40\/#breadcrumb","itemListElement":[{"@type":"ListItem","position":1,"name":"Home","item":"https:\/\/evertonfc.cz\/"},{"@type":"ListItem","position":2,"name":"Crystal Palace \u2013 Everton 4:0"}]},{"@type":"WebSite","@id":"https:\/\/evertonfc.cz\/#website","url":"https:\/\/evertonfc.cz\/","name":"Official Czech &amp; Slovak Everton Supporters&#039; Club","description":"","publisher":{"@id":"https:\/\/evertonfc.cz\/#organization"},"potentialAction":[{"@type":"SearchAction","target":{"@type":"EntryPoint","urlTemplate":"https:\/\/evertonfc.cz\/?s={search_term_string}"},"query-input":{"@type":"PropertyValueSpecification","valueRequired":true,"valueName":"search_term_string"}}],"inLanguage":"cs"},{"@type":"Organization","@id":"https:\/\/evertonfc.cz\/#organization","name":"Official Czech & Slovak Everton Supporters' Club","url":"https:\/\/evertonfc.cz\/","logo":{"@type":"ImageObject","inLanguage":"cs","@id":"https:\/\/evertonfc.cz\/#\/schema\/logo\/image\/","url":"https:\/\/evertonfc.cz\/wp-content\/uploads\/2019\/05\/logo.png","contentUrl":"https:\/\/evertonfc.cz\/wp-content\/uploads\/2019\/05\/logo.png","width":112,"height":112,"caption":"Official Czech & Slovak Everton Supporters' Club"},"image":{"@id":"https:\/\/evertonfc.cz\/#\/schema\/logo\/image\/"},"sameAs":["https:\/\/www.facebook.com\/everton.fans.cz.sk"]},{"@type":"Person","@id":"https:\/\/evertonfc.cz\/#\/schema\/person\/d4493b8cbea51532597fbc4685698916","name":"BlueBlooded","url":"https:\/\/evertonfc.cz\/index.php\/author\/admin\/"}]}},"_links":{"self":[{"href":"https:\/\/evertonfc.cz\/index.php\/wp-json\/wp\/v2\/posts\/18188"}],"collection":[{"href":"https:\/\/evertonfc.cz\/index.php\/wp-json\/wp\/v2\/posts"}],"about":[{"href":"https:\/\/evertonfc.cz\/index.php\/wp-json\/wp\/v2\/types\/post"}],"author":[{"embeddable":true,"href":"https:\/\/evertonfc.cz\/index.php\/wp-json\/wp\/v2\/users\/1"}],"replies":[{"embeddable":true,"href":"https:\/\/evertonfc.cz\/index.php\/wp-json\/wp\/v2\/comments?post=18188"}],"version-history":[{"count":12,"href":"https:\/\/evertonfc.cz\/index.php\/wp-json\/wp\/v2\/posts\/18188\/revisions"}],"predecessor-version":[{"id":18374,"href":"https:\/\/evertonfc.cz\/index.php\/wp-json\/wp\/v2\/posts\/18188\/revisions\/18374"}],"wp:featuredmedia":[{"embeddable":true,"href":"https:\/\/evertonfc.cz\/index.php\/wp-json\/wp\/v2\/media\/18190"}],"wp:attachment":[{"href":"https:\/\/evertonfc.cz\/index.php\/wp-json\/wp\/v2\/media?parent=18188"}],"wp:term":[{"taxonomy":"category","embeddable":true,"href":"https:\/\/evertonfc.cz\/index.php\/wp-json\/wp\/v2\/categories?post=18188"},{"taxonomy":"post_tag","embeddable":true,"href":"https:\/\/evertonfc.cz\/index.php\/wp-json\/wp\/v2\/tags?post=18188"}],"curies":[{"name":"wp","href":"https:\/\/api.w.org\/{rel}","templated":true}]}}