{"id":18250,"date":"2022-04-01T21:10:37","date_gmt":"2022-04-01T19:10:37","guid":{"rendered":"https:\/\/evertonfc.cz\/?p=18250"},"modified":"2022-04-03T14:10:17","modified_gmt":"2022-04-03T12:10:17","slug":"preview-whu-everton","status":"publish","type":"post","link":"https:\/\/evertonfc.cz\/index.php\/2022\/04\/01\/preview-whu-everton\/","title":{"rendered":"Preview: West Ham United &#8211; Everton"},"content":{"rendered":"<h4>\u010cty\u0159i prohry a sk\u00f3re 1:14 \u2013 tak zn\u00ed tristn\u00ed bilance Franka Lamparda na lavi\u010dce Evertonu ve venkovn\u00edch z\u00e1pasech. Zm\u011bn\u00ed to ned\u011bln\u00ed v\u00fdjezd na b\u00fdval\u00fd olympijsk\u00fd stadion v Lond\u00fdn\u011b?<\/h4>\n<p>Pravd\u011bpodobn\u011b ne.<\/p>\n<p>Zkusit se to ale mus\u00ed. Dal\u0161\u00ed odevzdan\u00fd v\u00fdkon jako p\u0159i poh\u00e1rov\u00e9m debaklu od Crystal Palace p\u0159ed reprezenta\u010dn\u00ed p\u0159est\u00e1vkou je nep\u0159\u00edpustn\u00fd.<\/p>\n<p>Toffees na 17. m\u00edst\u011b tabulky st\u00e1le nebezpe\u010dn\u011b koketuj\u00ed se sestupov\u00fdmi p\u0159\u00ed\u010dkami a d\u00e1 se p\u0159edpokl\u00e1dat, \u017ee se jich z\u00e1chran\u00e1\u0159sk\u00e9 boje budou t\u00fdkat a\u017e do konce sez\u00f3ny. C\u00edl do zb\u00fdvaj\u00edc\u00edch 11 ligov\u00fdch kol je jasn\u00fd &#8211; n\u011bjak se zachr\u00e1nit. A k tomu budou pot\u0159eba tak\u00e9 body z venkovn\u00edch z\u00e1pas\u016f.<\/p>\n<p>Reprezenta\u010dn\u00ed p\u0159est\u00e1vka p\u0159i\u0161la Lampardovc\u016fm vhod. Calvert-Lewin a Dele Alli pr\u00fd piln\u011b doh\u00e1n\u011bli sv\u00e9 fyzick\u00e9 resty a minim\u00e1ln\u011b od evertonsk\u00e9 dev\u00edtky se o\u010dek\u00e1v\u00e1 start v z\u00e1kladn\u00ed sestav\u011b. Dele je zat\u00edm velkou nezn\u00e1mou, i kdy\u017e se nab\u00edz\u00ed, \u017ee p\u0159i absenci potrestan\u00e9ho Allana by mohl doplnit st\u0159edovou dvojici Doucour\u00e9-van de Beek, realita asi bude jin\u00e1. P\u0159ekvapen\u00edm by nebyl start Gomese, nebo rozestaven\u00ed se t\u0159emi stopery (by\u0165 ani jedno zat\u00edm nep\u0159in\u00e1\u0161\u00ed p\u0159\u00edli\u0161 valn\u00e9 v\u00fdsledky).<\/p>\n<p>Ve sv\u00fdch n\u00e1rodn\u00edch barv\u00e1ch se zaskv\u011bl p\u0159edev\u0161\u00edm Richarlison, kter\u00fd m\u00e1 v kalend\u00e1\u0159n\u00edm roce 2022 na kont\u011b pouze jeden g\u00f3l za Everton, ov\u0161em v dresu slavn\u00e9 Braz\u00edlie sk\u00f3roval hned t\u0159ikr\u00e1t b\u011bhem jednoho t\u00fddne. Velmi dobr\u00e9 dva z\u00e1pasy ale zaznamenal tak\u00e9 prav\u00fd bek Nathan Patterson. Mlad\u00fd Skot od sv\u00e9ho zimn\u00edho p\u0159\u00edchodu vysed\u00e1v\u00e1 na lavi\u010dce, t\u0159eba\u017ee Coleman a Kenny p\u0159edv\u00e1d\u011bj\u00ed jeden ot\u0159esn\u00fd v\u00fdkon za druh\u00fdm. Lampard snad zachytil Pattersonovu velmi slu\u0161nou reprezenta\u010dn\u00ed epizodku a najde odvahu dop\u0159\u00e1t mu aspo\u0148 p\u00e1r minut (a\u017e t\u0159eba zase Coleman nebude st\u00edhat od 24. minuty).<\/p>\n<p>Frank, kter\u00fd ve West Hamu za\u010d\u00ednal svou fotbalovou kari\u00e9ru pod str\u00fdcem Harry Redknappem, bude asi rovn\u011b\u017e trochu dumat, komu ze \u010dtve\u0159ice Gray, Gordon, Richarlison, DCL uk\u00e1\u017ee \u010cern\u00e9ho Petra a posad\u00ed ho na lavi\u010dku.<\/p>\n<p>Co se t\u00fd\u010de absenc\u00ed, tak krom\u011b zm\u00edn\u011bn\u00e9ho Allana budou chyb\u011b dlouhodob\u011b zran\u011bn\u00ed Davies, Townsend a st\u00e1le je\u0161t\u011b Mina i Delph. Do z\u00e1pasov\u00e9ho koloto\u010de oba v\u011b\u010dn\u00ed marodi nasko\u010d\u00ed a\u017e b\u011bhem n\u00e1sleduj\u00edc\u00edch t\u00fddn\u016f. S tr\u00e9ninkem u\u017e ale za\u010dali.<\/p>\n<p>West Ham v posledn\u00ed dek\u00e1d\u011b zauj\u00edmal n\u00e1lepku klubu, kter\u00e9ho vlastn\u011b nikdo nebral p\u0159\u00edli\u0161 v\u00e1\u017en\u011b a kter\u00fd sp\u00ed\u0161e skl\u00edzel posm\u011b\u0161ky. Jeho majitel\u00e9 David Gold a David Sullivan ne\u0161et\u0159ili ambici\u00f3zn\u00edmi slovy a ani nem\u011bli hluboko do kapsy, s oblibou ale vyhazovali a naj\u00edmali pochybn\u00e9 mana\u017eery, kte\u0159\u00ed nakupovali prapodivn\u00e9 hr\u00e1\u010de (ano, n\u011bco jako te\u010f Everton). K\u00fd\u017een\u00e1 zm\u011bna p\u0159i\u0161la a\u017e s p\u0159\u00edchodem Davida Moyese, kter\u00fd byl tipov\u00e1n jako dal\u0161\u00ed p\u0159e\u0161lap.<\/p>\n<p>Ov\u0161em Moyes u\u017e za rok a p\u016fl na lavi\u010dce vybudoval z Hammers dru\u017einu, kter\u00e1 nechala za sebou z\u00e1chran\u00e1\u0159sk\u00e9 starosti a nyn\u00ed u\u017e druhou sez\u00f3nu \u0161lape na paty t\u011bm nejlep\u0161\u00edm v Anglii. Skotsk\u00fd mana\u017eer s\u00e1z\u00ed na stejn\u00fd recept jako v Evertonu, odkud sice ode\u0161el p\u0159ed dev\u00edti lety, nicm\u00e9n\u011b jeho n\u00e1ro\u010dn\u00e9 a t\u00fdmov\u00e9 pojet\u00ed hry v Premier League st\u00e1le funguje.<\/p>\n<p>West Ham nyn\u00ed sed\u00ed na sedm\u00e9m m\u00edst\u011b tabulky a \u010dek\u00e1 ho \u010dtvrtfin\u00e1le Evropsk\u00e9 ligy. Utk\u00e1n\u00ed s Toffees mus\u00ed br\u00e1t jako t\u0159\u00edbodovou povinnost, na dom\u00e1c\u00ed p\u016fd\u011b prohr\u00e1l naposledy v lednu s Leedsem.<\/p>\n<p>Moyesovi se po osmi z\u00e1pasech vrac\u00ed uzdraven\u00ed Vladim\u00edr Coufal a ofenzivn\u00ed tahoun Jarrod Bowen. Dlouhodob\u011b absentuje stoper Angelo Ogbonna.<\/p>\n<p>Pokud bude cht\u00edt Everton bodovat, tak mus\u00ed naj\u00edt recept na st\u0159edovou dvojici Sou\u010dek-Rice, kter\u00e1 pat\u0159\u00ed k nejlep\u0161\u00edm v lize. \u0160koda potrestan\u00e9ho Allana.<\/p>\n<p><strong>Co:<\/strong> West Ham United FC \u2013 Everton FC, 31. kolo Premier League<br \/>\n<strong>Kdy:<\/strong> Ned\u011ble 3. dubna 2022 od 15:00<br \/>\n<strong>Kde:<\/strong> London Stadium, Queen Elizabeth Olympic Park, London (kapacita 60 000)<br \/>\n<strong>TV:<\/strong> P\u0159\u00edm\u00fd p\u0159enos na stanici Premier Sport 1<br \/>\n<strong>Rozhod\u010d\u00ed:<\/strong> Michael Oliver<br \/>\n<strong>VAR:<\/strong> Andy Madley<\/p>\n","protected":false},"excerpt":{"rendered":"<p>\u010cty\u0159i prohry a sk\u00f3re 1:14 \u2013 tak zn\u00ed tristn\u00ed bilance Franka Lamparda na lavi\u010dce Evertonu ve venkovn\u00edch z\u00e1pasech. Zm\u011bn\u00ed to ned\u011bln\u00ed v\u00fdjezd na b\u00fdval\u00fd olympijsk\u00fd stadion v Lond\u00fdn\u011b?<\/p>\n","protected":false},"author":6,"featured_media":18255,"comment_status":"open","ping_status":"closed","sticky":false,"template":"","format":"standard","meta":{"_eb_attr":"","_monsterinsights_skip_tracking":false,"_monsterinsights_sitenote_active":false,"_monsterinsights_sitenote_note":"","_monsterinsights_sitenote_category":0,"footnotes":""},"categories":[4],"tags":[],"yoast_head":"<!-- This site is optimized with the Yoast SEO plugin v23.4 - https:\/\/yoast.com\/wordpress\/plugins\/seo\/ -->\n<title>Preview: West Ham United - Everton - Official Czech &amp; Slovak Everton Supporters&#039; Club<\/title>\n<meta name=\"description\" content=\"\u010cty\u0159i prohry a sk\u00f3re 1:14 \u2013 tak zn\u00ed tristn\u00ed bilance Franka Lamparda na lavi\u010dce Evertonu ve venkovn\u00edch z\u00e1pasech. Zm\u011bn\u00ed to ned\u011bln\u00ed v\u00fdjezd na b\u00fdval\u00fd olympijsk\u00fd stadion v Lond\u00fdn\u011b?\" \/>\n<meta name=\"robots\" content=\"index, follow, max-snippet:-1, max-image-preview:large, max-video-preview:-1\" \/>\n<link rel=\"canonical\" href=\"https:\/\/evertonfc.cz\/index.php\/2022\/04\/01\/preview-whu-everton\/\" \/>\n<meta property=\"og:locale\" content=\"cs_CZ\" \/>\n<meta property=\"og:type\" content=\"article\" \/>\n<meta property=\"og:title\" content=\"Preview: West Ham United - Everton - Official Czech &amp; Slovak Everton Supporters&#039; Club\" \/>\n<meta property=\"og:description\" content=\"\u010cty\u0159i prohry a sk\u00f3re 1:14 \u2013 tak zn\u00ed tristn\u00ed bilance Franka Lamparda na lavi\u010dce Evertonu ve venkovn\u00edch z\u00e1pasech. Zm\u011bn\u00ed to ned\u011bln\u00ed v\u00fdjezd na b\u00fdval\u00fd olympijsk\u00fd stadion v Lond\u00fdn\u011b?\" \/>\n<meta property=\"og:url\" content=\"https:\/\/evertonfc.cz\/index.php\/2022\/04\/01\/preview-whu-everton\/\" \/>\n<meta property=\"og:site_name\" content=\"Official Czech &amp; Slovak Everton Supporters&#039; Club\" \/>\n<meta property=\"article:publisher\" content=\"https:\/\/www.facebook.com\/everton.fans.cz.sk\" \/>\n<meta property=\"article:published_time\" content=\"2022-04-01T19:10:37+00:00\" \/>\n<meta property=\"article:modified_time\" content=\"2022-04-03T12:10:17+00:00\" \/>\n<meta property=\"og:image\" content=\"https:\/\/evertonfc.cz\/wp-content\/uploads\/2022\/04\/lampard_1_4_2022.jpg\" \/>\n\t<meta property=\"og:image:width\" content=\"720\" \/>\n\t<meta property=\"og:image:height\" content=\"405\" \/>\n\t<meta property=\"og:image:type\" content=\"image\/jpeg\" \/>\n<meta name=\"author\" content=\"Ri\u010di\" \/>\n<meta name=\"twitter:card\" content=\"summary_large_image\" \/>\n<meta name=\"twitter:creator\" content=\"@rbrejsa\" \/>\n<meta name=\"twitter:label1\" content=\"Napsal(a)\" \/>\n\t<meta name=\"twitter:data1\" content=\"Ri\u010di\" \/>\n\t<meta name=\"twitter:label2\" content=\"Odhadovan\u00e1 doba \u010dten\u00ed\" \/>\n\t<meta name=\"twitter:data2\" content=\"4 minuty\" \/>\n<script type=\"application\/ld+json\" class=\"yoast-schema-graph\">{\"@context\":\"https:\/\/schema.org\",\"@graph\":[{\"@type\":\"Article\",\"@id\":\"https:\/\/evertonfc.cz\/index.php\/2022\/04\/01\/preview-whu-everton\/#article\",\"isPartOf\":{\"@id\":\"https:\/\/evertonfc.cz\/index.php\/2022\/04\/01\/preview-whu-everton\/\"},\"author\":{\"name\":\"Ri\u010di\",\"@id\":\"https:\/\/evertonfc.cz\/#\/schema\/person\/f7a5daedb2ffee98480bc70e191aaef1\"},\"headline\":\"Preview: West Ham United &#8211; Everton\",\"datePublished\":\"2022-04-01T19:10:37+00:00\",\"dateModified\":\"2022-04-03T12:10:17+00:00\",\"mainEntityOfPage\":{\"@id\":\"https:\/\/evertonfc.cz\/index.php\/2022\/04\/01\/preview-whu-everton\/\"},\"wordCount\":751,\"commentCount\":22,\"publisher\":{\"@id\":\"https:\/\/evertonfc.cz\/#organization\"},\"image\":{\"@id\":\"https:\/\/evertonfc.cz\/index.php\/2022\/04\/01\/preview-whu-everton\/#primaryimage\"},\"thumbnailUrl\":\"https:\/\/evertonfc.cz\/wp-content\/uploads\/2022\/04\/lampard_1_4_2022.jpg\",\"articleSection\":[\"Z\u00e1pasy\"],\"inLanguage\":\"cs\",\"potentialAction\":[{\"@type\":\"CommentAction\",\"name\":\"Comment\",\"target\":[\"https:\/\/evertonfc.cz\/index.php\/2022\/04\/01\/preview-whu-everton\/#respond\"]}]},{\"@type\":\"WebPage\",\"@id\":\"https:\/\/evertonfc.cz\/index.php\/2022\/04\/01\/preview-whu-everton\/\",\"url\":\"https:\/\/evertonfc.cz\/index.php\/2022\/04\/01\/preview-whu-everton\/\",\"name\":\"Preview: West Ham United - Everton - Official Czech &amp; Slovak Everton Supporters&#039; Club\",\"isPartOf\":{\"@id\":\"https:\/\/evertonfc.cz\/#website\"},\"primaryImageOfPage\":{\"@id\":\"https:\/\/evertonfc.cz\/index.php\/2022\/04\/01\/preview-whu-everton\/#primaryimage\"},\"image\":{\"@id\":\"https:\/\/evertonfc.cz\/index.php\/2022\/04\/01\/preview-whu-everton\/#primaryimage\"},\"thumbnailUrl\":\"https:\/\/evertonfc.cz\/wp-content\/uploads\/2022\/04\/lampard_1_4_2022.jpg\",\"datePublished\":\"2022-04-01T19:10:37+00:00\",\"dateModified\":\"2022-04-03T12:10:17+00:00\",\"description\":\"\u010cty\u0159i prohry a sk\u00f3re 1:14 \u2013 tak zn\u00ed tristn\u00ed bilance Franka Lamparda na lavi\u010dce Evertonu ve venkovn\u00edch z\u00e1pasech. Zm\u011bn\u00ed to ned\u011bln\u00ed v\u00fdjezd na b\u00fdval\u00fd olympijsk\u00fd stadion v Lond\u00fdn\u011b?\",\"breadcrumb\":{\"@id\":\"https:\/\/evertonfc.cz\/index.php\/2022\/04\/01\/preview-whu-everton\/#breadcrumb\"},\"inLanguage\":\"cs\",\"potentialAction\":[{\"@type\":\"ReadAction\",\"target\":[\"https:\/\/evertonfc.cz\/index.php\/2022\/04\/01\/preview-whu-everton\/\"]}]},{\"@type\":\"ImageObject\",\"inLanguage\":\"cs\",\"@id\":\"https:\/\/evertonfc.cz\/index.php\/2022\/04\/01\/preview-whu-everton\/#primaryimage\",\"url\":\"https:\/\/evertonfc.cz\/wp-content\/uploads\/2022\/04\/lampard_1_4_2022.jpg\",\"contentUrl\":\"https:\/\/evertonfc.cz\/wp-content\/uploads\/2022\/04\/lampard_1_4_2022.jpg\",\"width\":720,\"height\":405},{\"@type\":\"BreadcrumbList\",\"@id\":\"https:\/\/evertonfc.cz\/index.php\/2022\/04\/01\/preview-whu-everton\/#breadcrumb\",\"itemListElement\":[{\"@type\":\"ListItem\",\"position\":1,\"name\":\"Home\",\"item\":\"https:\/\/evertonfc.cz\/\"},{\"@type\":\"ListItem\",\"position\":2,\"name\":\"Preview: West Ham United &#8211; Everton\"}]},{\"@type\":\"WebSite\",\"@id\":\"https:\/\/evertonfc.cz\/#website\",\"url\":\"https:\/\/evertonfc.cz\/\",\"name\":\"Official Czech &amp; Slovak Everton Supporters&#039; Club\",\"description\":\"\",\"publisher\":{\"@id\":\"https:\/\/evertonfc.cz\/#organization\"},\"potentialAction\":[{\"@type\":\"SearchAction\",\"target\":{\"@type\":\"EntryPoint\",\"urlTemplate\":\"https:\/\/evertonfc.cz\/?s={search_term_string}\"},\"query-input\":{\"@type\":\"PropertyValueSpecification\",\"valueRequired\":true,\"valueName\":\"search_term_string\"}}],\"inLanguage\":\"cs\"},{\"@type\":\"Organization\",\"@id\":\"https:\/\/evertonfc.cz\/#organization\",\"name\":\"Official Czech & Slovak Everton Supporters' Club\",\"url\":\"https:\/\/evertonfc.cz\/\",\"logo\":{\"@type\":\"ImageObject\",\"inLanguage\":\"cs\",\"@id\":\"https:\/\/evertonfc.cz\/#\/schema\/logo\/image\/\",\"url\":\"https:\/\/evertonfc.cz\/wp-content\/uploads\/2019\/05\/logo.png\",\"contentUrl\":\"https:\/\/evertonfc.cz\/wp-content\/uploads\/2019\/05\/logo.png\",\"width\":112,\"height\":112,\"caption\":\"Official Czech & Slovak Everton Supporters' Club\"},\"image\":{\"@id\":\"https:\/\/evertonfc.cz\/#\/schema\/logo\/image\/\"},\"sameAs\":[\"https:\/\/www.facebook.com\/everton.fans.cz.sk\"]},{\"@type\":\"Person\",\"@id\":\"https:\/\/evertonfc.cz\/#\/schema\/person\/f7a5daedb2ffee98480bc70e191aaef1\",\"name\":\"Ri\u010di\",\"sameAs\":[\"https:\/\/x.com\/rbrejsa\"],\"url\":\"https:\/\/evertonfc.cz\/index.php\/author\/rici\/\"}]}<\/script>\n<!-- \/ Yoast SEO plugin. -->","yoast_head_json":{"title":"Preview: West Ham United - Everton - Official Czech &amp; Slovak Everton Supporters&#039; Club","description":"\u010cty\u0159i prohry a sk\u00f3re 1:14 \u2013 tak zn\u00ed tristn\u00ed bilance Franka Lamparda na lavi\u010dce Evertonu ve venkovn\u00edch z\u00e1pasech. Zm\u011bn\u00ed to ned\u011bln\u00ed v\u00fdjezd na b\u00fdval\u00fd olympijsk\u00fd stadion v Lond\u00fdn\u011b?","robots":{"index":"index","follow":"follow","max-snippet":"max-snippet:-1","max-image-preview":"max-image-preview:large","max-video-preview":"max-video-preview:-1"},"canonical":"https:\/\/evertonfc.cz\/index.php\/2022\/04\/01\/preview-whu-everton\/","og_locale":"cs_CZ","og_type":"article","og_title":"Preview: West Ham United - Everton - Official Czech &amp; Slovak Everton Supporters&#039; Club","og_description":"\u010cty\u0159i prohry a sk\u00f3re 1:14 \u2013 tak zn\u00ed tristn\u00ed bilance Franka Lamparda na lavi\u010dce Evertonu ve venkovn\u00edch z\u00e1pasech. Zm\u011bn\u00ed to ned\u011bln\u00ed v\u00fdjezd na b\u00fdval\u00fd olympijsk\u00fd stadion v Lond\u00fdn\u011b?","og_url":"https:\/\/evertonfc.cz\/index.php\/2022\/04\/01\/preview-whu-everton\/","og_site_name":"Official Czech &amp; Slovak Everton Supporters&#039; Club","article_publisher":"https:\/\/www.facebook.com\/everton.fans.cz.sk","article_published_time":"2022-04-01T19:10:37+00:00","article_modified_time":"2022-04-03T12:10:17+00:00","og_image":[{"width":720,"height":405,"url":"https:\/\/evertonfc.cz\/wp-content\/uploads\/2022\/04\/lampard_1_4_2022.jpg","type":"image\/jpeg"}],"author":"Ri\u010di","twitter_card":"summary_large_image","twitter_creator":"@rbrejsa","twitter_misc":{"Napsal(a)":"Ri\u010di","Odhadovan\u00e1 doba \u010dten\u00ed":"4 minuty"},"schema":{"@context":"https:\/\/schema.org","@graph":[{"@type":"Article","@id":"https:\/\/evertonfc.cz\/index.php\/2022\/04\/01\/preview-whu-everton\/#article","isPartOf":{"@id":"https:\/\/evertonfc.cz\/index.php\/2022\/04\/01\/preview-whu-everton\/"},"author":{"name":"Ri\u010di","@id":"https:\/\/evertonfc.cz\/#\/schema\/person\/f7a5daedb2ffee98480bc70e191aaef1"},"headline":"Preview: West Ham United &#8211; Everton","datePublished":"2022-04-01T19:10:37+00:00","dateModified":"2022-04-03T12:10:17+00:00","mainEntityOfPage":{"@id":"https:\/\/evertonfc.cz\/index.php\/2022\/04\/01\/preview-whu-everton\/"},"wordCount":751,"commentCount":22,"publisher":{"@id":"https:\/\/evertonfc.cz\/#organization"},"image":{"@id":"https:\/\/evertonfc.cz\/index.php\/2022\/04\/01\/preview-whu-everton\/#primaryimage"},"thumbnailUrl":"https:\/\/evertonfc.cz\/wp-content\/uploads\/2022\/04\/lampard_1_4_2022.jpg","articleSection":["Z\u00e1pasy"],"inLanguage":"cs","potentialAction":[{"@type":"CommentAction","name":"Comment","target":["https:\/\/evertonfc.cz\/index.php\/2022\/04\/01\/preview-whu-everton\/#respond"]}]},{"@type":"WebPage","@id":"https:\/\/evertonfc.cz\/index.php\/2022\/04\/01\/preview-whu-everton\/","url":"https:\/\/evertonfc.cz\/index.php\/2022\/04\/01\/preview-whu-everton\/","name":"Preview: West Ham United - Everton - Official Czech &amp; Slovak Everton Supporters&#039; Club","isPartOf":{"@id":"https:\/\/evertonfc.cz\/#website"},"primaryImageOfPage":{"@id":"https:\/\/evertonfc.cz\/index.php\/2022\/04\/01\/preview-whu-everton\/#primaryimage"},"image":{"@id":"https:\/\/evertonfc.cz\/index.php\/2022\/04\/01\/preview-whu-everton\/#primaryimage"},"thumbnailUrl":"https:\/\/evertonfc.cz\/wp-content\/uploads\/2022\/04\/lampard_1_4_2022.jpg","datePublished":"2022-04-01T19:10:37+00:00","dateModified":"2022-04-03T12:10:17+00:00","description":"\u010cty\u0159i prohry a sk\u00f3re 1:14 \u2013 tak zn\u00ed tristn\u00ed bilance Franka Lamparda na lavi\u010dce Evertonu ve venkovn\u00edch z\u00e1pasech. Zm\u011bn\u00ed to ned\u011bln\u00ed v\u00fdjezd na b\u00fdval\u00fd olympijsk\u00fd stadion v Lond\u00fdn\u011b?","breadcrumb":{"@id":"https:\/\/evertonfc.cz\/index.php\/2022\/04\/01\/preview-whu-everton\/#breadcrumb"},"inLanguage":"cs","potentialAction":[{"@type":"ReadAction","target":["https:\/\/evertonfc.cz\/index.php\/2022\/04\/01\/preview-whu-everton\/"]}]},{"@type":"ImageObject","inLanguage":"cs","@id":"https:\/\/evertonfc.cz\/index.php\/2022\/04\/01\/preview-whu-everton\/#primaryimage","url":"https:\/\/evertonfc.cz\/wp-content\/uploads\/2022\/04\/lampard_1_4_2022.jpg","contentUrl":"https:\/\/evertonfc.cz\/wp-content\/uploads\/2022\/04\/lampard_1_4_2022.jpg","width":720,"height":405},{"@type":"BreadcrumbList","@id":"https:\/\/evertonfc.cz\/index.php\/2022\/04\/01\/preview-whu-everton\/#breadcrumb","itemListElement":[{"@type":"ListItem","position":1,"name":"Home","item":"https:\/\/evertonfc.cz\/"},{"@type":"ListItem","position":2,"name":"Preview: West Ham United &#8211; Everton"}]},{"@type":"WebSite","@id":"https:\/\/evertonfc.cz\/#website","url":"https:\/\/evertonfc.cz\/","name":"Official Czech &amp; Slovak Everton Supporters&#039; Club","description":"","publisher":{"@id":"https:\/\/evertonfc.cz\/#organization"},"potentialAction":[{"@type":"SearchAction","target":{"@type":"EntryPoint","urlTemplate":"https:\/\/evertonfc.cz\/?s={search_term_string}"},"query-input":{"@type":"PropertyValueSpecification","valueRequired":true,"valueName":"search_term_string"}}],"inLanguage":"cs"},{"@type":"Organization","@id":"https:\/\/evertonfc.cz\/#organization","name":"Official Czech & Slovak Everton Supporters' Club","url":"https:\/\/evertonfc.cz\/","logo":{"@type":"ImageObject","inLanguage":"cs","@id":"https:\/\/evertonfc.cz\/#\/schema\/logo\/image\/","url":"https:\/\/evertonfc.cz\/wp-content\/uploads\/2019\/05\/logo.png","contentUrl":"https:\/\/evertonfc.cz\/wp-content\/uploads\/2019\/05\/logo.png","width":112,"height":112,"caption":"Official Czech & Slovak Everton Supporters' Club"},"image":{"@id":"https:\/\/evertonfc.cz\/#\/schema\/logo\/image\/"},"sameAs":["https:\/\/www.facebook.com\/everton.fans.cz.sk"]},{"@type":"Person","@id":"https:\/\/evertonfc.cz\/#\/schema\/person\/f7a5daedb2ffee98480bc70e191aaef1","name":"Ri\u010di","sameAs":["https:\/\/x.com\/rbrejsa"],"url":"https:\/\/evertonfc.cz\/index.php\/author\/rici\/"}]}},"_links":{"self":[{"href":"https:\/\/evertonfc.cz\/index.php\/wp-json\/wp\/v2\/posts\/18250"}],"collection":[{"href":"https:\/\/evertonfc.cz\/index.php\/wp-json\/wp\/v2\/posts"}],"about":[{"href":"https:\/\/evertonfc.cz\/index.php\/wp-json\/wp\/v2\/types\/post"}],"author":[{"embeddable":true,"href":"https:\/\/evertonfc.cz\/index.php\/wp-json\/wp\/v2\/users\/6"}],"replies":[{"embeddable":true,"href":"https:\/\/evertonfc.cz\/index.php\/wp-json\/wp\/v2\/comments?post=18250"}],"version-history":[{"count":20,"href":"https:\/\/evertonfc.cz\/index.php\/wp-json\/wp\/v2\/posts\/18250\/revisions"}],"predecessor-version":[{"id":18298,"href":"https:\/\/evertonfc.cz\/index.php\/wp-json\/wp\/v2\/posts\/18250\/revisions\/18298"}],"wp:featuredmedia":[{"embeddable":true,"href":"https:\/\/evertonfc.cz\/index.php\/wp-json\/wp\/v2\/media\/18255"}],"wp:attachment":[{"href":"https:\/\/evertonfc.cz\/index.php\/wp-json\/wp\/v2\/media?parent=18250"}],"wp:term":[{"taxonomy":"category","embeddable":true,"href":"https:\/\/evertonfc.cz\/index.php\/wp-json\/wp\/v2\/categories?post=18250"},{"taxonomy":"post_tag","embeddable":true,"href":"https:\/\/evertonfc.cz\/index.php\/wp-json\/wp\/v2\/tags?post=18250"}],"curies":[{"name":"wp","href":"https:\/\/api.w.org\/{rel}","templated":true}]}}