{"id":18257,"date":"2022-04-01T12:16:51","date_gmt":"2022-04-01T10:16:51","guid":{"rendered":"https:\/\/evertonfc.cz\/?p=18257"},"modified":"2022-04-01T12:16:51","modified_gmt":"2022-04-01T10:16:51","slug":"efc-zverejnil-ucty-2020-21","status":"publish","type":"post","link":"https:\/\/evertonfc.cz\/index.php\/2022\/04\/01\/efc-zverejnil-ucty-2020-21\/","title":{"rendered":"EFC zverejnil \u00fa\u010dty 2020\/21"},"content":{"rendered":"<h4>Utorok 29. marca klub na ofici\u00e1lnej webovej str\u00e1nke zverejnil svoje hospod\u00e1renie za posledn\u00fd finan\u010dn\u00fd rok. Ako sa o\u010dak\u00e1valo, op\u00e4\u0165 stratov\u00e9. Everton sa vyjadril nasledovne.<\/h4>\n<p>Dramatick\u00fd a pokra\u010duj\u00faci finan\u010dn\u00fd dopad pand\u00e9mie COVID-19 je evidentn\u00fd z ro\u010dn\u00fdch \u00fa\u010dtov, ktor\u00e9 boli zverejnen\u00e9 za sez\u00f3nu 2020\/21. Celkov\u00e9 straty vo v\u00fd\u0161ke najmenej 170 mili\u00f3nov libier sa pripisuj\u00fa dopadu COVID-19 od za\u010diatku pand\u00e9mie. Pri\u010dom 103 mili\u00f3nov libier z tejto sumy sa prip\u00ed\u0161e finan\u010dn\u00e9mu roku 2020\/21. Pokra\u010duj\u00face invest\u00edcie do hr\u00e1\u010dskeho k\u00e1dra spolu s dopadom pand\u00e9mie viedli k tomu, \u017ee klub vyk\u00e1zal stratu 120,9 mili\u00f3na libier za rok kon\u010diaci sa 30. j\u00fana 2021.<\/p>\n<p>\u010eal\u0161ia anal\u00fdza trhu nazna\u010dila, \u017ee \u0161irok\u00fd dosah pand\u00e9mie na Everton by mohol zah\u0155\u0148a\u0165 aj \u010fal\u0161\u00edch 50 mili\u00f3nov libier. Pokr\u00fdval by straten\u00e9 pr\u00edjmy, dodato\u010dn\u00e9 n\u00e1klady v d\u00f4sledku pr\u00edsnych hern\u00fdch protokolov a v\u00fdrazn\u00e9 zmen\u0161enie prestupov\u00e9ho trhu. Ten pramen\u00ed z neschopnosti generova\u0165 v\u00e4\u010d\u0161ie sumy za prestupy, ktor\u00e9 by inak bolo mo\u017en\u00e9 rozumne o\u010dak\u00e1va\u0165 e\u0161te v \u010dasoch pred pand\u00e9miou.<\/p>\n<p>Za sez\u00f3nu 2020\/21 sa vygenerovali pr\u00edjmy zo vstupn\u00e9ho len 0,2 mili\u00f3na libier. A to preto\u017ee prakticky cel\u00e1 kampa\u0148 sa odohrala bez \u00fa\u010dasti fan\u00fa\u0161ikov v Goodison Parku. V skuto\u010dnosti jedin\u00fd pr\u00edjem za de\u0148 z\u00e1pasu poch\u00e1dzal z troch stretnut\u00ed Premier League a jedn\u00e9ho \u0161tvr\u0165fin\u00e1le Carabao Cupu. Tie v\u0161ak bolo kv\u00f4li pandemick\u00fdm opatreniam mo\u017en\u00e9 odohra\u0165 iba s mal\u00fdm po\u010dtom fan\u00fa\u0161ikov pr\u00edtomn\u00fdch na \u0161tadi\u00f3ne.<\/p>\n<p>Pre zmenu, Everton naopak m\u00f4\u017ee vyk\u00e1za\u0165 rekordn\u00fd obrat vo v\u00fd\u0161ke 193,1 mili\u00f3na libier. Preto tak zost\u00e1va v bezpe\u010dnej finan\u010dnej situ\u00e1cii. No najm\u00e4 v\u010faka pokra\u010duj\u00facej neochvejnej podpore a odhodlaniu Farhada Moshiriho, majoritn\u00e9ho akcion\u00e1ra, a tie\u017e opatreniam na kontrolu n\u00e1kladov, ktor\u00e9 klub neust\u00e1le prij\u00edma.<\/p>\n<p>Klub za\u017eil v posledn\u00fdch rokoch jedine\u010dn\u00fd s\u00fabor finan\u010dn\u00fdch okolnost\u00ed, spolu s rie\u0161en\u00edm pokra\u010duj\u00faceho a rozsiahleho dopadu pand\u00e9mie COVID-19. A to vr\u00e1tane vynalo\u017eenia zna\u010dn\u00fdch s\u00fam v\u00fddavkov na komplexn\u00fd projekt nov\u00e9ho \u0161tadi\u00f3na, ktor\u00fd je vo v\u00fdstavbe. To v\u0161etko v po\u010diato\u010dn\u00fdch f\u00e1zach investi\u010dn\u00e9ho \u017eivotn\u00e9ho cyklu v\u010faka podpore v\u00e4\u010d\u0161inov\u00e9ho akcion\u00e1ra.<\/p>\n<p>Po\u010das roka 2020\/21 bola dokon\u010den\u00e1 emisia akci\u00ed, ktor\u00e1 zah\u0155\u0148ala z\u00edskanie nov\u00fdch prostriedkov vo v\u00fd\u0161ke 100 mili\u00f3nov libier od vlastn\u00edka klubu, pri\u010dom \u010fal\u0161ia injekcia vo v\u00fd\u0161ke 97 mili\u00f3nov libier bola potvrden\u00e1 po skon\u010den\u00ed roka, tak\u017ee e\u0161te nie je zoh\u013eadnen\u00e1. Everton tie\u017e form\u00e1lne spolupracuje s Premier League v s\u00favislosti s neust\u00e1lym dodr\u017eiavan\u00edm ligov\u00fdch nariaden\u00ed o ziskovosti a udr\u017eate\u013enosti.<\/p>\n<p><em>Ofici\u00e1lny dokument k ro\u010dnej \u00fa\u010dtovnej uz\u00e1vierke si m\u00f4\u017eete <strong><a href=\"https:\/\/resources.evertonfc.com\/evertonfc\/document\/2022\/03\/29\/7e521047-6d5d-4d2a-af97-1ac4b40137fd\/Report-and-Accounts-RGB-A4-v27-SPREADS-.pdf\" target=\"_blank\" rel=\"noopener\">v\u00a0angli\u010dtine pozrie\u0165 tu<\/a><\/strong>. Ak v\u00a0redakcii zv\u00fd\u0161i \u010das, v\u00a0inom \u010dl\u00e1nku sa pozrieme na to, \u010do to v\u0161etko vy\u0161\u0161ie spomenut\u00e9 znamen\u00e1 pre n\u00e1s laikov fan\u00fa\u0161ikov v\u00a0praxi.<\/em><\/p>\n<p style=\"text-align: right;\"><span style=\"font-size: 8pt;\">(fotozdroj: evertonfc.com\/GettyImages)<\/span><\/p>\n","protected":false},"excerpt":{"rendered":"<p>Utorok 29. marca klub na ofici\u00e1lnej webovej str\u00e1nke zverejnil svoje hospod\u00e1renie za posledn\u00fd finan\u010dn\u00fd rok. Ako sa o\u010dak\u00e1valo, op\u00e4\u0165 stratov\u00e9. Everton sa vyjadril nasledovne.<\/p>\n","protected":false},"author":1,"featured_media":18256,"comment_status":"open","ping_status":"closed","sticky":false,"template":"","format":"standard","meta":{"_eb_attr":"","_monsterinsights_skip_tracking":false,"_monsterinsights_sitenote_active":false,"_monsterinsights_sitenote_note":"","_monsterinsights_sitenote_category":0,"footnotes":""},"categories":[42],"tags":[],"yoast_head":"<!-- This site is optimized with the Yoast SEO plugin v23.4 - https:\/\/yoast.com\/wordpress\/plugins\/seo\/ -->\n<title>EFC zverejnil \u00fa\u010dty 2020\/21 - Official Czech &amp; Slovak Everton Supporters&#039; Club<\/title>\n<meta name=\"robots\" content=\"index, follow, max-snippet:-1, max-image-preview:large, max-video-preview:-1\" \/>\n<link rel=\"canonical\" href=\"https:\/\/evertonfc.cz\/index.php\/2022\/04\/01\/efc-zverejnil-ucty-2020-21\/\" \/>\n<meta property=\"og:locale\" content=\"cs_CZ\" \/>\n<meta property=\"og:type\" content=\"article\" \/>\n<meta property=\"og:title\" content=\"EFC zverejnil \u00fa\u010dty 2020\/21 - Official Czech &amp; Slovak Everton Supporters&#039; Club\" \/>\n<meta property=\"og:description\" content=\"Utorok 29. marca klub na ofici\u00e1lnej webovej str\u00e1nke zverejnil svoje hospod\u00e1renie za posledn\u00fd finan\u010dn\u00fd rok. Ako sa o\u010dak\u00e1valo, op\u00e4\u0165 stratov\u00e9. Everton sa vyjadril nasledovne.\" \/>\n<meta property=\"og:url\" content=\"https:\/\/evertonfc.cz\/index.php\/2022\/04\/01\/efc-zverejnil-ucty-2020-21\/\" \/>\n<meta property=\"og:site_name\" content=\"Official Czech &amp; Slovak Everton Supporters&#039; Club\" \/>\n<meta property=\"article:publisher\" content=\"https:\/\/www.facebook.com\/everton.fans.cz.sk\" \/>\n<meta property=\"article:published_time\" content=\"2022-04-01T10:16:51+00:00\" \/>\n<meta property=\"og:image\" content=\"https:\/\/evertonfc.cz\/wp-content\/uploads\/2022\/04\/Everton-flag-statement-by-getty-images.jpg\" \/>\n\t<meta property=\"og:image:width\" content=\"720\" \/>\n\t<meta property=\"og:image:height\" content=\"405\" \/>\n\t<meta property=\"og:image:type\" content=\"image\/jpeg\" \/>\n<meta name=\"author\" content=\"BlueBlooded\" \/>\n<meta name=\"twitter:card\" content=\"summary_large_image\" \/>\n<meta name=\"twitter:label1\" content=\"Napsal(a)\" \/>\n\t<meta name=\"twitter:data1\" content=\"BlueBlooded\" \/>\n\t<meta name=\"twitter:label2\" content=\"Odhadovan\u00e1 doba \u010dten\u00ed\" \/>\n\t<meta name=\"twitter:data2\" content=\"3 minuty\" \/>\n<script type=\"application\/ld+json\" class=\"yoast-schema-graph\">{\"@context\":\"https:\/\/schema.org\",\"@graph\":[{\"@type\":\"Article\",\"@id\":\"https:\/\/evertonfc.cz\/index.php\/2022\/04\/01\/efc-zverejnil-ucty-2020-21\/#article\",\"isPartOf\":{\"@id\":\"https:\/\/evertonfc.cz\/index.php\/2022\/04\/01\/efc-zverejnil-ucty-2020-21\/\"},\"author\":{\"name\":\"BlueBlooded\",\"@id\":\"https:\/\/evertonfc.cz\/#\/schema\/person\/d4493b8cbea51532597fbc4685698916\"},\"headline\":\"EFC zverejnil \u00fa\u010dty 2020\/21\",\"datePublished\":\"2022-04-01T10:16:51+00:00\",\"dateModified\":\"2022-04-01T10:16:51+00:00\",\"mainEntityOfPage\":{\"@id\":\"https:\/\/evertonfc.cz\/index.php\/2022\/04\/01\/efc-zverejnil-ucty-2020-21\/\"},\"wordCount\":543,\"commentCount\":0,\"publisher\":{\"@id\":\"https:\/\/evertonfc.cz\/#organization\"},\"image\":{\"@id\":\"https:\/\/evertonfc.cz\/index.php\/2022\/04\/01\/efc-zverejnil-ucty-2020-21\/#primaryimage\"},\"thumbnailUrl\":\"https:\/\/evertonfc.cz\/wp-content\/uploads\/2022\/04\/Everton-flag-statement-by-getty-images.jpg\",\"articleSection\":[\"Aktuality\"],\"inLanguage\":\"cs\",\"potentialAction\":[{\"@type\":\"CommentAction\",\"name\":\"Comment\",\"target\":[\"https:\/\/evertonfc.cz\/index.php\/2022\/04\/01\/efc-zverejnil-ucty-2020-21\/#respond\"]}]},{\"@type\":\"WebPage\",\"@id\":\"https:\/\/evertonfc.cz\/index.php\/2022\/04\/01\/efc-zverejnil-ucty-2020-21\/\",\"url\":\"https:\/\/evertonfc.cz\/index.php\/2022\/04\/01\/efc-zverejnil-ucty-2020-21\/\",\"name\":\"EFC zverejnil \u00fa\u010dty 2020\/21 - Official Czech &amp; Slovak Everton Supporters&#039; Club\",\"isPartOf\":{\"@id\":\"https:\/\/evertonfc.cz\/#website\"},\"primaryImageOfPage\":{\"@id\":\"https:\/\/evertonfc.cz\/index.php\/2022\/04\/01\/efc-zverejnil-ucty-2020-21\/#primaryimage\"},\"image\":{\"@id\":\"https:\/\/evertonfc.cz\/index.php\/2022\/04\/01\/efc-zverejnil-ucty-2020-21\/#primaryimage\"},\"thumbnailUrl\":\"https:\/\/evertonfc.cz\/wp-content\/uploads\/2022\/04\/Everton-flag-statement-by-getty-images.jpg\",\"datePublished\":\"2022-04-01T10:16:51+00:00\",\"dateModified\":\"2022-04-01T10:16:51+00:00\",\"breadcrumb\":{\"@id\":\"https:\/\/evertonfc.cz\/index.php\/2022\/04\/01\/efc-zverejnil-ucty-2020-21\/#breadcrumb\"},\"inLanguage\":\"cs\",\"potentialAction\":[{\"@type\":\"ReadAction\",\"target\":[\"https:\/\/evertonfc.cz\/index.php\/2022\/04\/01\/efc-zverejnil-ucty-2020-21\/\"]}]},{\"@type\":\"ImageObject\",\"inLanguage\":\"cs\",\"@id\":\"https:\/\/evertonfc.cz\/index.php\/2022\/04\/01\/efc-zverejnil-ucty-2020-21\/#primaryimage\",\"url\":\"https:\/\/evertonfc.cz\/wp-content\/uploads\/2022\/04\/Everton-flag-statement-by-getty-images.jpg\",\"contentUrl\":\"https:\/\/evertonfc.cz\/wp-content\/uploads\/2022\/04\/Everton-flag-statement-by-getty-images.jpg\",\"width\":720,\"height\":405},{\"@type\":\"BreadcrumbList\",\"@id\":\"https:\/\/evertonfc.cz\/index.php\/2022\/04\/01\/efc-zverejnil-ucty-2020-21\/#breadcrumb\",\"itemListElement\":[{\"@type\":\"ListItem\",\"position\":1,\"name\":\"Home\",\"item\":\"https:\/\/evertonfc.cz\/\"},{\"@type\":\"ListItem\",\"position\":2,\"name\":\"EFC zverejnil \u00fa\u010dty 2020\/21\"}]},{\"@type\":\"WebSite\",\"@id\":\"https:\/\/evertonfc.cz\/#website\",\"url\":\"https:\/\/evertonfc.cz\/\",\"name\":\"Official Czech &amp; Slovak Everton Supporters&#039; Club\",\"description\":\"\",\"publisher\":{\"@id\":\"https:\/\/evertonfc.cz\/#organization\"},\"potentialAction\":[{\"@type\":\"SearchAction\",\"target\":{\"@type\":\"EntryPoint\",\"urlTemplate\":\"https:\/\/evertonfc.cz\/?s={search_term_string}\"},\"query-input\":{\"@type\":\"PropertyValueSpecification\",\"valueRequired\":true,\"valueName\":\"search_term_string\"}}],\"inLanguage\":\"cs\"},{\"@type\":\"Organization\",\"@id\":\"https:\/\/evertonfc.cz\/#organization\",\"name\":\"Official Czech & Slovak Everton Supporters' Club\",\"url\":\"https:\/\/evertonfc.cz\/\",\"logo\":{\"@type\":\"ImageObject\",\"inLanguage\":\"cs\",\"@id\":\"https:\/\/evertonfc.cz\/#\/schema\/logo\/image\/\",\"url\":\"https:\/\/evertonfc.cz\/wp-content\/uploads\/2019\/05\/logo.png\",\"contentUrl\":\"https:\/\/evertonfc.cz\/wp-content\/uploads\/2019\/05\/logo.png\",\"width\":112,\"height\":112,\"caption\":\"Official Czech & Slovak Everton Supporters' Club\"},\"image\":{\"@id\":\"https:\/\/evertonfc.cz\/#\/schema\/logo\/image\/\"},\"sameAs\":[\"https:\/\/www.facebook.com\/everton.fans.cz.sk\"]},{\"@type\":\"Person\",\"@id\":\"https:\/\/evertonfc.cz\/#\/schema\/person\/d4493b8cbea51532597fbc4685698916\",\"name\":\"BlueBlooded\",\"url\":\"https:\/\/evertonfc.cz\/index.php\/author\/admin\/\"}]}<\/script>\n<!-- \/ Yoast SEO plugin. -->","yoast_head_json":{"title":"EFC zverejnil \u00fa\u010dty 2020\/21 - Official Czech &amp; Slovak Everton Supporters&#039; Club","robots":{"index":"index","follow":"follow","max-snippet":"max-snippet:-1","max-image-preview":"max-image-preview:large","max-video-preview":"max-video-preview:-1"},"canonical":"https:\/\/evertonfc.cz\/index.php\/2022\/04\/01\/efc-zverejnil-ucty-2020-21\/","og_locale":"cs_CZ","og_type":"article","og_title":"EFC zverejnil \u00fa\u010dty 2020\/21 - Official Czech &amp; Slovak Everton Supporters&#039; Club","og_description":"Utorok 29. marca klub na ofici\u00e1lnej webovej str\u00e1nke zverejnil svoje hospod\u00e1renie za posledn\u00fd finan\u010dn\u00fd rok. Ako sa o\u010dak\u00e1valo, op\u00e4\u0165 stratov\u00e9. Everton sa vyjadril nasledovne.","og_url":"https:\/\/evertonfc.cz\/index.php\/2022\/04\/01\/efc-zverejnil-ucty-2020-21\/","og_site_name":"Official Czech &amp; Slovak Everton Supporters&#039; Club","article_publisher":"https:\/\/www.facebook.com\/everton.fans.cz.sk","article_published_time":"2022-04-01T10:16:51+00:00","og_image":[{"width":720,"height":405,"url":"https:\/\/evertonfc.cz\/wp-content\/uploads\/2022\/04\/Everton-flag-statement-by-getty-images.jpg","type":"image\/jpeg"}],"author":"BlueBlooded","twitter_card":"summary_large_image","twitter_misc":{"Napsal(a)":"BlueBlooded","Odhadovan\u00e1 doba \u010dten\u00ed":"3 minuty"},"schema":{"@context":"https:\/\/schema.org","@graph":[{"@type":"Article","@id":"https:\/\/evertonfc.cz\/index.php\/2022\/04\/01\/efc-zverejnil-ucty-2020-21\/#article","isPartOf":{"@id":"https:\/\/evertonfc.cz\/index.php\/2022\/04\/01\/efc-zverejnil-ucty-2020-21\/"},"author":{"name":"BlueBlooded","@id":"https:\/\/evertonfc.cz\/#\/schema\/person\/d4493b8cbea51532597fbc4685698916"},"headline":"EFC zverejnil \u00fa\u010dty 2020\/21","datePublished":"2022-04-01T10:16:51+00:00","dateModified":"2022-04-01T10:16:51+00:00","mainEntityOfPage":{"@id":"https:\/\/evertonfc.cz\/index.php\/2022\/04\/01\/efc-zverejnil-ucty-2020-21\/"},"wordCount":543,"commentCount":0,"publisher":{"@id":"https:\/\/evertonfc.cz\/#organization"},"image":{"@id":"https:\/\/evertonfc.cz\/index.php\/2022\/04\/01\/efc-zverejnil-ucty-2020-21\/#primaryimage"},"thumbnailUrl":"https:\/\/evertonfc.cz\/wp-content\/uploads\/2022\/04\/Everton-flag-statement-by-getty-images.jpg","articleSection":["Aktuality"],"inLanguage":"cs","potentialAction":[{"@type":"CommentAction","name":"Comment","target":["https:\/\/evertonfc.cz\/index.php\/2022\/04\/01\/efc-zverejnil-ucty-2020-21\/#respond"]}]},{"@type":"WebPage","@id":"https:\/\/evertonfc.cz\/index.php\/2022\/04\/01\/efc-zverejnil-ucty-2020-21\/","url":"https:\/\/evertonfc.cz\/index.php\/2022\/04\/01\/efc-zverejnil-ucty-2020-21\/","name":"EFC zverejnil \u00fa\u010dty 2020\/21 - Official Czech &amp; Slovak Everton Supporters&#039; Club","isPartOf":{"@id":"https:\/\/evertonfc.cz\/#website"},"primaryImageOfPage":{"@id":"https:\/\/evertonfc.cz\/index.php\/2022\/04\/01\/efc-zverejnil-ucty-2020-21\/#primaryimage"},"image":{"@id":"https:\/\/evertonfc.cz\/index.php\/2022\/04\/01\/efc-zverejnil-ucty-2020-21\/#primaryimage"},"thumbnailUrl":"https:\/\/evertonfc.cz\/wp-content\/uploads\/2022\/04\/Everton-flag-statement-by-getty-images.jpg","datePublished":"2022-04-01T10:16:51+00:00","dateModified":"2022-04-01T10:16:51+00:00","breadcrumb":{"@id":"https:\/\/evertonfc.cz\/index.php\/2022\/04\/01\/efc-zverejnil-ucty-2020-21\/#breadcrumb"},"inLanguage":"cs","potentialAction":[{"@type":"ReadAction","target":["https:\/\/evertonfc.cz\/index.php\/2022\/04\/01\/efc-zverejnil-ucty-2020-21\/"]}]},{"@type":"ImageObject","inLanguage":"cs","@id":"https:\/\/evertonfc.cz\/index.php\/2022\/04\/01\/efc-zverejnil-ucty-2020-21\/#primaryimage","url":"https:\/\/evertonfc.cz\/wp-content\/uploads\/2022\/04\/Everton-flag-statement-by-getty-images.jpg","contentUrl":"https:\/\/evertonfc.cz\/wp-content\/uploads\/2022\/04\/Everton-flag-statement-by-getty-images.jpg","width":720,"height":405},{"@type":"BreadcrumbList","@id":"https:\/\/evertonfc.cz\/index.php\/2022\/04\/01\/efc-zverejnil-ucty-2020-21\/#breadcrumb","itemListElement":[{"@type":"ListItem","position":1,"name":"Home","item":"https:\/\/evertonfc.cz\/"},{"@type":"ListItem","position":2,"name":"EFC zverejnil \u00fa\u010dty 2020\/21"}]},{"@type":"WebSite","@id":"https:\/\/evertonfc.cz\/#website","url":"https:\/\/evertonfc.cz\/","name":"Official Czech &amp; Slovak Everton Supporters&#039; Club","description":"","publisher":{"@id":"https:\/\/evertonfc.cz\/#organization"},"potentialAction":[{"@type":"SearchAction","target":{"@type":"EntryPoint","urlTemplate":"https:\/\/evertonfc.cz\/?s={search_term_string}"},"query-input":{"@type":"PropertyValueSpecification","valueRequired":true,"valueName":"search_term_string"}}],"inLanguage":"cs"},{"@type":"Organization","@id":"https:\/\/evertonfc.cz\/#organization","name":"Official Czech & Slovak Everton Supporters' Club","url":"https:\/\/evertonfc.cz\/","logo":{"@type":"ImageObject","inLanguage":"cs","@id":"https:\/\/evertonfc.cz\/#\/schema\/logo\/image\/","url":"https:\/\/evertonfc.cz\/wp-content\/uploads\/2019\/05\/logo.png","contentUrl":"https:\/\/evertonfc.cz\/wp-content\/uploads\/2019\/05\/logo.png","width":112,"height":112,"caption":"Official Czech & Slovak Everton Supporters' Club"},"image":{"@id":"https:\/\/evertonfc.cz\/#\/schema\/logo\/image\/"},"sameAs":["https:\/\/www.facebook.com\/everton.fans.cz.sk"]},{"@type":"Person","@id":"https:\/\/evertonfc.cz\/#\/schema\/person\/d4493b8cbea51532597fbc4685698916","name":"BlueBlooded","url":"https:\/\/evertonfc.cz\/index.php\/author\/admin\/"}]}},"_links":{"self":[{"href":"https:\/\/evertonfc.cz\/index.php\/wp-json\/wp\/v2\/posts\/18257"}],"collection":[{"href":"https:\/\/evertonfc.cz\/index.php\/wp-json\/wp\/v2\/posts"}],"about":[{"href":"https:\/\/evertonfc.cz\/index.php\/wp-json\/wp\/v2\/types\/post"}],"author":[{"embeddable":true,"href":"https:\/\/evertonfc.cz\/index.php\/wp-json\/wp\/v2\/users\/1"}],"replies":[{"embeddable":true,"href":"https:\/\/evertonfc.cz\/index.php\/wp-json\/wp\/v2\/comments?post=18257"}],"version-history":[{"count":2,"href":"https:\/\/evertonfc.cz\/index.php\/wp-json\/wp\/v2\/posts\/18257\/revisions"}],"predecessor-version":[{"id":18259,"href":"https:\/\/evertonfc.cz\/index.php\/wp-json\/wp\/v2\/posts\/18257\/revisions\/18259"}],"wp:featuredmedia":[{"embeddable":true,"href":"https:\/\/evertonfc.cz\/index.php\/wp-json\/wp\/v2\/media\/18256"}],"wp:attachment":[{"href":"https:\/\/evertonfc.cz\/index.php\/wp-json\/wp\/v2\/media?parent=18257"}],"wp:term":[{"taxonomy":"category","embeddable":true,"href":"https:\/\/evertonfc.cz\/index.php\/wp-json\/wp\/v2\/categories?post=18257"},{"taxonomy":"post_tag","embeddable":true,"href":"https:\/\/evertonfc.cz\/index.php\/wp-json\/wp\/v2\/tags?post=18257"}],"curies":[{"name":"wp","href":"https:\/\/api.w.org\/{rel}","templated":true}]}}