{"id":18267,"date":"2022-04-02T06:26:23","date_gmt":"2022-04-02T04:26:23","guid":{"rendered":"https:\/\/evertonfc.cz\/?p=18267"},"modified":"2022-05-11T09:20:34","modified_gmt":"2022-05-11T07:20:34","slug":"birminhgham-city-w-everton-w","status":"publish","type":"post","link":"https:\/\/evertonfc.cz\/index.php\/2022\/04\/02\/birminhgham-city-w-everton-w\/","title":{"rendered":"Birmingham City W &#8211; Everton W 0:0"},"content":{"rendered":"<h4>N\u00e1v\u0161t\u011bva Evertonu na St. Andrews u posledn\u00edho t\u00fdmu WSL. \u010cekali jsme na\u0161e povinn\u00e9 v\u00edt\u011bzstv\u00ed, kter\u00e9 ov\u0161em nep\u0159i\u0161lo.<\/h4>\n<p>Birminghamsk\u00fdm se letos da\u0159\u00ed je\u0161t\u011b m\u00e9n\u011b ne\u017e Evertonu, a to je co \u0159\u00edci. Pro z\u00e1chranu pot\u0159ebuj\u00ed v p\u011bti z\u00e1pasech z\u00edskat osm bod\u016f. V leto\u0161n\u00edm ro\u010dn\u00edku WSL se jim poda\u0159ilo vyhr\u00e1t pouze v jednom z\u00e1pase, ov\u0161em v tomto ojedin\u011bl\u00e9m p\u0159\u00edpad\u011b\u00a0 z\u00edskaly skalp Arsenalu. Nem\u011bly by tedy b\u00fdt p\u0159ed\u010dasn\u011b odepisov\u00e1ny, a u\u017e v\u016fbec ne letos t\u00e1paj\u00edc\u00edm Evertonem.<\/p>\n<h4>P\u0159i\u0161el, us\u00eddlil, nesk\u00f3roval<\/h4>\n<p>Tak n\u011bjak by se dalo shrnout p\u016fsoben\u00ed Evertonu v prvn\u00ed p\u016fli z\u00e1pasu. Na p\u016fli soupe\u0159e jsme se pob\u00fdvali v\u011bt\u0161inu polo\u010dasu.\u00a0 M\u011bli jsme jasn\u011b navrch, ov\u0161em jen k velkmu v\u00e1pnu dom\u00e1c\u00edch. D\u00e1le jsme se \u00fa\u010dinn\u011b prob\u00edt nedok\u00e1zali. Spolupr\u00e1ce Graham a Emslie sice vytv\u00e1\u0159ela zaj\u00edmav\u00e9 kombinace, ale i ty z\u016fst\u00e1valy p\u0159ed branami \u0161estn\u00e1ctky. Je ov\u0161em nutn\u00e9 dodat, \u017ee mnohdy se tak stalo za cenu faulu dom\u00e1c\u00edch. Nejv\u011bt\u0161\u00ed a vlastn\u011b jedinou \u0161anci prvn\u00edho polo\u010dasu tak m\u011bla Christiansen, kter\u00e1 t\u011bsn\u011b p\u0159ed polo\u010dasem z d\u00e1lky tvrd\u011b vyp\u00e1lila pod b\u0159evno. Jej\u00ed st\u0159elu bohu\u017eel vyt\u011bsnila Ramsey \u0161pi\u010dkami prst\u016f nad b\u0159evno.<\/p>\n<h4>Ned\u00e1\u0161 ani nedostane\u0161<\/h4>\n<p>Do druh\u00e9 p\u016fle nastoupila nam\u00edsto pokopan\u00e9 Claire Emslie Hanna Bennison. Byla to pr\u00e1v\u011b Bennison, kter\u00e1 m\u011bla na\u0161e nejv\u011bt\u0161\u00ed \u0161ance v druh\u00e9 p\u016fli. V obou p\u0159\u00edpadech ale dva metry p\u0159ed brankou uklouzla a velmi p\u0159esn\u00e9 pasy Galli z\u016fstaly trestuhodn\u011b nevyu\u017eit\u00e9. Duggan i Christiansen tak\u00e9 p\u00e1lily mimo, Izzy neusp\u011bla ani s vla\u017enou hlavi\u010dkou v p\u00e1du. Za dom\u00e1c\u00ed vytvo\u0159ily nejv\u011bt\u0161\u00ed \u0161ance Smith a Louise Quinn. Prvn\u00ed svoj\u00ed p\u0159ihr\u00e1vkou do v\u00e1pna, kter\u00e9 ov\u0161em zelo pr\u00e1zdnotou (a to natolik, \u017ee si to MacIver velmi d\u016frazn\u011b vy\u0159\u00edk\u00e1vala s obranou), druh\u00e1 svoj\u00ed dor\u00e1\u017ekou hlavou, po kter\u00e9 se Sandy v na\u0161\u00ed br\u00e1n\u011b musela notn\u011b natahovat. Postupn\u011b bylo jasn\u00e9, \u017ee kdo d\u00e1 g\u00f3l vyhraje. P\u0159edstava, \u017ee by druh\u00e1 strana m\u011bla s\u00edlu p\u0159\u00edpadn\u00fd n\u00e1skok st\u00e1hnout a zvr\u00e1tit byla zcela iluzorn\u00ed. Ale ani 64% dr\u017een\u00ed m\u00ed\u010de a 17 st\u0159el (z toho 5 na br\u00e1nu) n\u00e1m k prolomen\u00ed zape\u010det\u011bn\u00e9 branky nesta\u010dilo. Dom\u00e1c\u00ed vyst\u0159elily 7 kr\u00e1t, z toho na branku jednou. Z\u00e1pas skon\u010dil rem\u00edzou, kter\u00e1 ani pro jeden t\u00fdm nic ne\u0159e\u0161\u00ed.<\/p>\n<h4>Je to b\u00edda,<\/h4>\n<p>na svatoond\u0159ejsk\u00fd stadion jsme p\u0159i\u0161li vyhr\u00e1t. Nestalo se. Jasn\u011b, po\u010das\u00ed bylo mizern\u00e9, lilo, dost mo\u017en\u00e1 i sn\u011b\u017eilo, tr\u00e1vn\u00edk klouzal. Ale faktem z\u016fst\u00e1v\u00e1, \u017ee jme nebyli dost dob\u0159\u00ed, abychom porazili t\u00fdm, kter\u00fd letos v cel\u00e9 sez\u00f3n\u011b jednou zv\u00edt\u011bzil a jednou rem\u00edzoval. Chris Roberts je do\u010dasn\u011b pov\u011b\u0159en\u00fd mana\u017eer, je tedy nejvy\u0161\u0161\u00ed \u010das hledat voln\u00e9ho kouzeln\u00edka, kter\u00fd n\u00e1s vr\u00e1t\u00ed tam, kam pat\u0159\u00edme. Tedy tam, kam v\u011b\u0159\u00edme, \u017ee pat\u0159\u00edme. Nyn\u00ed m\u00e1me t\u0159i t\u00fddny \u010das na p\u0159edfini\u0161ovou konsolidaci, ne\u017e v ned\u011bli 24.4. dostaneme tradi\u010dn\u00ed n\u00e1\u0159ez od Arsenalu. Pak n\u00e1s \u010dek\u00e1 nejsp\u00ed\u0161 tak\u00e9 prohra se Spurs. \u00dapln\u00fd konec by snad mohl d\u00e1t \u0161anci zakon\u010dit zlou sez\u00f3nu v\u00fdhrou na n\u00e1v\u0161t\u011bv\u011b u Seaguls. <span style=\"color: #0000ff;\"><strong>Up the Toffees!<\/strong><\/span><\/p>\n<p style=\"text-align: right;\"><span style=\"font-size: 8pt;\"><em>Fotografie: Kenza Dali (zdroj: Getty Images via bbc.com)<\/em><\/span><\/p>\n<p><strong>\u017dK:<\/strong> Smith &#8211; Christiansen<\/p>\n<p><strong>Birmingham (3-5-2):<\/strong> Ramsey; Scott, Quinn, Lawley; Cvie, Quinn, Murray, Sarri, Finn; Ryan-Doyle (Pennock 56\u00b4), Smith<\/p>\n<p><strong>Everton (3-4-3):<\/strong> MacIver; Bj\u00f6rn, Finnigan, Turner; Maier, Galli, Christiansen, Emslie (Bennison 45\u00b4), Graham, Duggan, Dalli (Clinton 81\u00b4)<\/p>\n<p><strong>Rozhod\u010d\u00ed:<\/strong> Amy Fearns\u00a0 <strong>Div\u00e1k\u016f:<\/strong> 537<\/p>\n","protected":false},"excerpt":{"rendered":"<p>N\u00e1v\u0161t\u011bva Evertonu na St. Andrews u posledn\u00edho t\u00fdmu WSL. \u010cekali jsme na\u0161e povinn\u00e9 v\u00edt\u011bzstv\u00ed, kter\u00e9 ov\u0161em nep\u0159i\u0161lo.<\/p>\n","protected":false},"author":26,"featured_media":18285,"comment_status":"open","ping_status":"closed","sticky":false,"template":"","format":"standard","meta":{"_eb_attr":"","_monsterinsights_skip_tracking":false,"_monsterinsights_sitenote_active":false,"_monsterinsights_sitenote_note":"","_monsterinsights_sitenote_category":0,"footnotes":""},"categories":[110],"tags":[],"yoast_head":"<!-- This site is optimized with the Yoast SEO plugin v23.4 - https:\/\/yoast.com\/wordpress\/plugins\/seo\/ -->\n<title>Birmingham City W - Everton W 0:0 - Official Czech &amp; Slovak Everton Supporters&#039; Club<\/title>\n<meta name=\"robots\" content=\"index, follow, max-snippet:-1, max-image-preview:large, max-video-preview:-1\" \/>\n<link rel=\"canonical\" href=\"https:\/\/evertonfc.cz\/index.php\/2022\/04\/02\/birminhgham-city-w-everton-w\/\" \/>\n<meta property=\"og:locale\" content=\"cs_CZ\" \/>\n<meta property=\"og:type\" content=\"article\" \/>\n<meta property=\"og:title\" content=\"Birmingham City W - Everton W 0:0 - Official Czech &amp; Slovak Everton Supporters&#039; Club\" \/>\n<meta property=\"og:description\" content=\"N\u00e1v\u0161t\u011bva Evertonu na St. Andrews u posledn\u00edho t\u00fdmu WSL. \u010cekali jsme na\u0161e povinn\u00e9 v\u00edt\u011bzstv\u00ed, kter\u00e9 ov\u0161em nep\u0159i\u0161lo.\" \/>\n<meta property=\"og:url\" content=\"https:\/\/evertonfc.cz\/index.php\/2022\/04\/02\/birminhgham-city-w-everton-w\/\" \/>\n<meta property=\"og:site_name\" content=\"Official Czech &amp; Slovak Everton Supporters&#039; Club\" \/>\n<meta property=\"article:publisher\" content=\"https:\/\/www.facebook.com\/everton.fans.cz.sk\" \/>\n<meta property=\"article:published_time\" content=\"2022-04-02T04:26:23+00:00\" \/>\n<meta property=\"article:modified_time\" content=\"2022-05-11T07:20:34+00:00\" \/>\n<meta property=\"og:image\" content=\"https:\/\/evertonfc.cz\/wp-content\/uploads\/2022\/04\/Kenza-Dali-vs-Birmingham-web-2_4_2022.jpg\" \/>\n\t<meta property=\"og:image:width\" content=\"720\" \/>\n\t<meta property=\"og:image:height\" content=\"405\" \/>\n\t<meta property=\"og:image:type\" content=\"image\/jpeg\" \/>\n<meta name=\"author\" content=\"Karamela\" \/>\n<meta name=\"twitter:card\" content=\"summary_large_image\" \/>\n<meta name=\"twitter:label1\" content=\"Napsal(a)\" \/>\n\t<meta name=\"twitter:data1\" content=\"Karamela\" \/>\n\t<meta name=\"twitter:label2\" content=\"Odhadovan\u00e1 doba \u010dten\u00ed\" \/>\n\t<meta name=\"twitter:data2\" content=\"3 minuty\" \/>\n<script type=\"application\/ld+json\" class=\"yoast-schema-graph\">{\"@context\":\"https:\/\/schema.org\",\"@graph\":[{\"@type\":\"Article\",\"@id\":\"https:\/\/evertonfc.cz\/index.php\/2022\/04\/02\/birminhgham-city-w-everton-w\/#article\",\"isPartOf\":{\"@id\":\"https:\/\/evertonfc.cz\/index.php\/2022\/04\/02\/birminhgham-city-w-everton-w\/\"},\"author\":{\"name\":\"Karamela\",\"@id\":\"https:\/\/evertonfc.cz\/#\/schema\/person\/e9a24a80a32efa1344dd2c4e5882185c\"},\"headline\":\"Birmingham City W &#8211; Everton W 0:0\",\"datePublished\":\"2022-04-02T04:26:23+00:00\",\"dateModified\":\"2022-05-11T07:20:34+00:00\",\"mainEntityOfPage\":{\"@id\":\"https:\/\/evertonfc.cz\/index.php\/2022\/04\/02\/birminhgham-city-w-everton-w\/\"},\"wordCount\":675,\"commentCount\":0,\"publisher\":{\"@id\":\"https:\/\/evertonfc.cz\/#organization\"},\"image\":{\"@id\":\"https:\/\/evertonfc.cz\/index.php\/2022\/04\/02\/birminhgham-city-w-everton-w\/#primaryimage\"},\"thumbnailUrl\":\"https:\/\/evertonfc.cz\/wp-content\/uploads\/2022\/04\/Kenza-Dali-vs-Birmingham-web-2_4_2022.jpg\",\"articleSection\":[\"Everton Women\"],\"inLanguage\":\"cs\",\"potentialAction\":[{\"@type\":\"CommentAction\",\"name\":\"Comment\",\"target\":[\"https:\/\/evertonfc.cz\/index.php\/2022\/04\/02\/birminhgham-city-w-everton-w\/#respond\"]}]},{\"@type\":\"WebPage\",\"@id\":\"https:\/\/evertonfc.cz\/index.php\/2022\/04\/02\/birminhgham-city-w-everton-w\/\",\"url\":\"https:\/\/evertonfc.cz\/index.php\/2022\/04\/02\/birminhgham-city-w-everton-w\/\",\"name\":\"Birmingham City W - Everton W 0:0 - Official Czech &amp; Slovak Everton Supporters&#039; Club\",\"isPartOf\":{\"@id\":\"https:\/\/evertonfc.cz\/#website\"},\"primaryImageOfPage\":{\"@id\":\"https:\/\/evertonfc.cz\/index.php\/2022\/04\/02\/birminhgham-city-w-everton-w\/#primaryimage\"},\"image\":{\"@id\":\"https:\/\/evertonfc.cz\/index.php\/2022\/04\/02\/birminhgham-city-w-everton-w\/#primaryimage\"},\"thumbnailUrl\":\"https:\/\/evertonfc.cz\/wp-content\/uploads\/2022\/04\/Kenza-Dali-vs-Birmingham-web-2_4_2022.jpg\",\"datePublished\":\"2022-04-02T04:26:23+00:00\",\"dateModified\":\"2022-05-11T07:20:34+00:00\",\"breadcrumb\":{\"@id\":\"https:\/\/evertonfc.cz\/index.php\/2022\/04\/02\/birminhgham-city-w-everton-w\/#breadcrumb\"},\"inLanguage\":\"cs\",\"potentialAction\":[{\"@type\":\"ReadAction\",\"target\":[\"https:\/\/evertonfc.cz\/index.php\/2022\/04\/02\/birminhgham-city-w-everton-w\/\"]}]},{\"@type\":\"ImageObject\",\"inLanguage\":\"cs\",\"@id\":\"https:\/\/evertonfc.cz\/index.php\/2022\/04\/02\/birminhgham-city-w-everton-w\/#primaryimage\",\"url\":\"https:\/\/evertonfc.cz\/wp-content\/uploads\/2022\/04\/Kenza-Dali-vs-Birmingham-web-2_4_2022.jpg\",\"contentUrl\":\"https:\/\/evertonfc.cz\/wp-content\/uploads\/2022\/04\/Kenza-Dali-vs-Birmingham-web-2_4_2022.jpg\",\"width\":720,\"height\":405},{\"@type\":\"BreadcrumbList\",\"@id\":\"https:\/\/evertonfc.cz\/index.php\/2022\/04\/02\/birminhgham-city-w-everton-w\/#breadcrumb\",\"itemListElement\":[{\"@type\":\"ListItem\",\"position\":1,\"name\":\"Home\",\"item\":\"https:\/\/evertonfc.cz\/\"},{\"@type\":\"ListItem\",\"position\":2,\"name\":\"Birmingham City W &#8211; Everton W 0:0\"}]},{\"@type\":\"WebSite\",\"@id\":\"https:\/\/evertonfc.cz\/#website\",\"url\":\"https:\/\/evertonfc.cz\/\",\"name\":\"Official Czech &amp; Slovak Everton Supporters&#039; Club\",\"description\":\"\",\"publisher\":{\"@id\":\"https:\/\/evertonfc.cz\/#organization\"},\"potentialAction\":[{\"@type\":\"SearchAction\",\"target\":{\"@type\":\"EntryPoint\",\"urlTemplate\":\"https:\/\/evertonfc.cz\/?s={search_term_string}\"},\"query-input\":{\"@type\":\"PropertyValueSpecification\",\"valueRequired\":true,\"valueName\":\"search_term_string\"}}],\"inLanguage\":\"cs\"},{\"@type\":\"Organization\",\"@id\":\"https:\/\/evertonfc.cz\/#organization\",\"name\":\"Official Czech & Slovak Everton Supporters' Club\",\"url\":\"https:\/\/evertonfc.cz\/\",\"logo\":{\"@type\":\"ImageObject\",\"inLanguage\":\"cs\",\"@id\":\"https:\/\/evertonfc.cz\/#\/schema\/logo\/image\/\",\"url\":\"https:\/\/evertonfc.cz\/wp-content\/uploads\/2019\/05\/logo.png\",\"contentUrl\":\"https:\/\/evertonfc.cz\/wp-content\/uploads\/2019\/05\/logo.png\",\"width\":112,\"height\":112,\"caption\":\"Official Czech & Slovak Everton Supporters' Club\"},\"image\":{\"@id\":\"https:\/\/evertonfc.cz\/#\/schema\/logo\/image\/\"},\"sameAs\":[\"https:\/\/www.facebook.com\/everton.fans.cz.sk\"]},{\"@type\":\"Person\",\"@id\":\"https:\/\/evertonfc.cz\/#\/schema\/person\/e9a24a80a32efa1344dd2c4e5882185c\",\"name\":\"Karamela\",\"url\":\"https:\/\/evertonfc.cz\/index.php\/author\/karamela\/\"}]}<\/script>\n<!-- \/ Yoast SEO plugin. -->","yoast_head_json":{"title":"Birmingham City W - Everton W 0:0 - Official Czech &amp; Slovak Everton Supporters&#039; Club","robots":{"index":"index","follow":"follow","max-snippet":"max-snippet:-1","max-image-preview":"max-image-preview:large","max-video-preview":"max-video-preview:-1"},"canonical":"https:\/\/evertonfc.cz\/index.php\/2022\/04\/02\/birminhgham-city-w-everton-w\/","og_locale":"cs_CZ","og_type":"article","og_title":"Birmingham City W - Everton W 0:0 - Official Czech &amp; Slovak Everton Supporters&#039; Club","og_description":"N\u00e1v\u0161t\u011bva Evertonu na St. Andrews u posledn\u00edho t\u00fdmu WSL. \u010cekali jsme na\u0161e povinn\u00e9 v\u00edt\u011bzstv\u00ed, kter\u00e9 ov\u0161em nep\u0159i\u0161lo.","og_url":"https:\/\/evertonfc.cz\/index.php\/2022\/04\/02\/birminhgham-city-w-everton-w\/","og_site_name":"Official Czech &amp; Slovak Everton Supporters&#039; Club","article_publisher":"https:\/\/www.facebook.com\/everton.fans.cz.sk","article_published_time":"2022-04-02T04:26:23+00:00","article_modified_time":"2022-05-11T07:20:34+00:00","og_image":[{"width":720,"height":405,"url":"https:\/\/evertonfc.cz\/wp-content\/uploads\/2022\/04\/Kenza-Dali-vs-Birmingham-web-2_4_2022.jpg","type":"image\/jpeg"}],"author":"Karamela","twitter_card":"summary_large_image","twitter_misc":{"Napsal(a)":"Karamela","Odhadovan\u00e1 doba \u010dten\u00ed":"3 minuty"},"schema":{"@context":"https:\/\/schema.org","@graph":[{"@type":"Article","@id":"https:\/\/evertonfc.cz\/index.php\/2022\/04\/02\/birminhgham-city-w-everton-w\/#article","isPartOf":{"@id":"https:\/\/evertonfc.cz\/index.php\/2022\/04\/02\/birminhgham-city-w-everton-w\/"},"author":{"name":"Karamela","@id":"https:\/\/evertonfc.cz\/#\/schema\/person\/e9a24a80a32efa1344dd2c4e5882185c"},"headline":"Birmingham City W &#8211; Everton W 0:0","datePublished":"2022-04-02T04:26:23+00:00","dateModified":"2022-05-11T07:20:34+00:00","mainEntityOfPage":{"@id":"https:\/\/evertonfc.cz\/index.php\/2022\/04\/02\/birminhgham-city-w-everton-w\/"},"wordCount":675,"commentCount":0,"publisher":{"@id":"https:\/\/evertonfc.cz\/#organization"},"image":{"@id":"https:\/\/evertonfc.cz\/index.php\/2022\/04\/02\/birminhgham-city-w-everton-w\/#primaryimage"},"thumbnailUrl":"https:\/\/evertonfc.cz\/wp-content\/uploads\/2022\/04\/Kenza-Dali-vs-Birmingham-web-2_4_2022.jpg","articleSection":["Everton Women"],"inLanguage":"cs","potentialAction":[{"@type":"CommentAction","name":"Comment","target":["https:\/\/evertonfc.cz\/index.php\/2022\/04\/02\/birminhgham-city-w-everton-w\/#respond"]}]},{"@type":"WebPage","@id":"https:\/\/evertonfc.cz\/index.php\/2022\/04\/02\/birminhgham-city-w-everton-w\/","url":"https:\/\/evertonfc.cz\/index.php\/2022\/04\/02\/birminhgham-city-w-everton-w\/","name":"Birmingham City W - Everton W 0:0 - Official Czech &amp; Slovak Everton Supporters&#039; Club","isPartOf":{"@id":"https:\/\/evertonfc.cz\/#website"},"primaryImageOfPage":{"@id":"https:\/\/evertonfc.cz\/index.php\/2022\/04\/02\/birminhgham-city-w-everton-w\/#primaryimage"},"image":{"@id":"https:\/\/evertonfc.cz\/index.php\/2022\/04\/02\/birminhgham-city-w-everton-w\/#primaryimage"},"thumbnailUrl":"https:\/\/evertonfc.cz\/wp-content\/uploads\/2022\/04\/Kenza-Dali-vs-Birmingham-web-2_4_2022.jpg","datePublished":"2022-04-02T04:26:23+00:00","dateModified":"2022-05-11T07:20:34+00:00","breadcrumb":{"@id":"https:\/\/evertonfc.cz\/index.php\/2022\/04\/02\/birminhgham-city-w-everton-w\/#breadcrumb"},"inLanguage":"cs","potentialAction":[{"@type":"ReadAction","target":["https:\/\/evertonfc.cz\/index.php\/2022\/04\/02\/birminhgham-city-w-everton-w\/"]}]},{"@type":"ImageObject","inLanguage":"cs","@id":"https:\/\/evertonfc.cz\/index.php\/2022\/04\/02\/birminhgham-city-w-everton-w\/#primaryimage","url":"https:\/\/evertonfc.cz\/wp-content\/uploads\/2022\/04\/Kenza-Dali-vs-Birmingham-web-2_4_2022.jpg","contentUrl":"https:\/\/evertonfc.cz\/wp-content\/uploads\/2022\/04\/Kenza-Dali-vs-Birmingham-web-2_4_2022.jpg","width":720,"height":405},{"@type":"BreadcrumbList","@id":"https:\/\/evertonfc.cz\/index.php\/2022\/04\/02\/birminhgham-city-w-everton-w\/#breadcrumb","itemListElement":[{"@type":"ListItem","position":1,"name":"Home","item":"https:\/\/evertonfc.cz\/"},{"@type":"ListItem","position":2,"name":"Birmingham City W &#8211; Everton W 0:0"}]},{"@type":"WebSite","@id":"https:\/\/evertonfc.cz\/#website","url":"https:\/\/evertonfc.cz\/","name":"Official Czech &amp; Slovak Everton Supporters&#039; Club","description":"","publisher":{"@id":"https:\/\/evertonfc.cz\/#organization"},"potentialAction":[{"@type":"SearchAction","target":{"@type":"EntryPoint","urlTemplate":"https:\/\/evertonfc.cz\/?s={search_term_string}"},"query-input":{"@type":"PropertyValueSpecification","valueRequired":true,"valueName":"search_term_string"}}],"inLanguage":"cs"},{"@type":"Organization","@id":"https:\/\/evertonfc.cz\/#organization","name":"Official Czech & Slovak Everton Supporters' Club","url":"https:\/\/evertonfc.cz\/","logo":{"@type":"ImageObject","inLanguage":"cs","@id":"https:\/\/evertonfc.cz\/#\/schema\/logo\/image\/","url":"https:\/\/evertonfc.cz\/wp-content\/uploads\/2019\/05\/logo.png","contentUrl":"https:\/\/evertonfc.cz\/wp-content\/uploads\/2019\/05\/logo.png","width":112,"height":112,"caption":"Official Czech & Slovak Everton Supporters' Club"},"image":{"@id":"https:\/\/evertonfc.cz\/#\/schema\/logo\/image\/"},"sameAs":["https:\/\/www.facebook.com\/everton.fans.cz.sk"]},{"@type":"Person","@id":"https:\/\/evertonfc.cz\/#\/schema\/person\/e9a24a80a32efa1344dd2c4e5882185c","name":"Karamela","url":"https:\/\/evertonfc.cz\/index.php\/author\/karamela\/"}]}},"_links":{"self":[{"href":"https:\/\/evertonfc.cz\/index.php\/wp-json\/wp\/v2\/posts\/18267"}],"collection":[{"href":"https:\/\/evertonfc.cz\/index.php\/wp-json\/wp\/v2\/posts"}],"about":[{"href":"https:\/\/evertonfc.cz\/index.php\/wp-json\/wp\/v2\/types\/post"}],"author":[{"embeddable":true,"href":"https:\/\/evertonfc.cz\/index.php\/wp-json\/wp\/v2\/users\/26"}],"replies":[{"embeddable":true,"href":"https:\/\/evertonfc.cz\/index.php\/wp-json\/wp\/v2\/comments?post=18267"}],"version-history":[{"count":15,"href":"https:\/\/evertonfc.cz\/index.php\/wp-json\/wp\/v2\/posts\/18267\/revisions"}],"predecessor-version":[{"id":18631,"href":"https:\/\/evertonfc.cz\/index.php\/wp-json\/wp\/v2\/posts\/18267\/revisions\/18631"}],"wp:featuredmedia":[{"embeddable":true,"href":"https:\/\/evertonfc.cz\/index.php\/wp-json\/wp\/v2\/media\/18285"}],"wp:attachment":[{"href":"https:\/\/evertonfc.cz\/index.php\/wp-json\/wp\/v2\/media?parent=18267"}],"wp:term":[{"taxonomy":"category","embeddable":true,"href":"https:\/\/evertonfc.cz\/index.php\/wp-json\/wp\/v2\/categories?post=18267"},{"taxonomy":"post_tag","embeddable":true,"href":"https:\/\/evertonfc.cz\/index.php\/wp-json\/wp\/v2\/tags?post=18267"}],"curies":[{"name":"wp","href":"https:\/\/api.w.org\/{rel}","templated":true}]}}