{"id":18353,"date":"2022-04-09T09:30:41","date_gmt":"2022-04-09T07:30:41","guid":{"rendered":"https:\/\/evertonfc.cz\/?p=18353"},"modified":"2022-04-09T13:07:13","modified_gmt":"2022-04-09T11:07:13","slug":"preview-everton-manchester-united-14","status":"publish","type":"post","link":"https:\/\/evertonfc.cz\/index.php\/2022\/04\/09\/preview-everton-manchester-united-14\/","title":{"rendered":"Preview: Everton &#8211; Manchester United"},"content":{"rendered":"<h4>Po proh\u0159e na h\u0159i\u0161ti p\u0159\u00edm\u00e9ho konkurenta v boji o sestup p\u0159ij\u00ed\u017ed\u00ed do Goodison Parku dal\u0161\u00ed t\u00fdm s nepovedenou sez\u00f3nou.<\/h4>\n<p>Everton si nadrobil. Ve st\u0159edu <a href=\"https:\/\/evertonfc.cz\/index.php\/2022\/04\/06\/burnley-everton-3-2\/\">se prohr\u00e1lo v Burnley<\/a> &#8211;\u00a0 a to je nep\u0159\u00edjemn\u00e1 komplikace. Nav\u00edc program dal\u0161\u00edch p\u011bti utk\u00e1n\u00ed je nekompromisn\u00ed &#8211; dvakr\u00e1t Leicester, Chelsea doma, RS venku. Za\u010d\u00edn\u00e1 se ale pr\u00e1v\u011b dne\u0161n\u00edm utk\u00e1n\u00edm a Manchester United za\u017e\u00edv\u00e1 slab\u0161\u00ed sez\u00f3nu. Klub je v lize moment\u00e1ln\u011b sedm\u00fd, v listopadu vyhodil mana\u017eera Solskj\u00e6ra, na jeho m\u00edsto p\u0159i\u0161el zku\u0161en\u00fd Rangnick.<\/p>\n<p>Jasn\u011b, za \u010dtvrtou pozic\u00ed, kter\u00e1 znamen\u00e1 kvalifikaci do Ligy mistr\u016f, zaost\u00e1vaj\u00ed pouze o t\u0159i body, ale favority na jej\u00ed z\u00edsk\u00e1n\u00ed v konkurenci Tottenhamu, Arsenalu a West Hamu tedy nejsou. A pr\u00e1v\u011b Kladiv\u00e1\u0159i je vy\u0159adili p\u0159i prvn\u00ed p\u0159\u00edle\u017eitosti z Ligov\u00e9ho poh\u00e1ru, nav\u00edc \u0161lo o dom\u00e1c\u00ed prohru, v Anglick\u00e9m poh\u00e1ru bylo nad jejich s\u00edly p\u0159i penaltov\u00e9m rozst\u0159elu druholigov\u00e9 Middlesbrough ve \u010dtvrt\u00e9m kole. Liga mistr\u016f? Co\u017e o to, z\u00e1kladn\u00ed skupinu vyhr\u00e1li, ale Atl\u00e9tico Madrid ji\u017e v prvn\u00edm kole play-off vystavilo Rud\u00fdm \u010f\u00e1bl\u016fm stopku.<\/p>\n<p>Z\u016fst\u00e1v\u00e1 tedy liga.. Nen\u00ed se co divit, \u017ee britsk\u00e1 m\u00e9dia maj\u00ed za jist\u00e9, \u017ee Rangnickovi zb\u00fdv\u00e1 ve funkci osm z\u00e1pas\u016f. N\u00e1hrada? Nejv\u00edce se mluv\u00ed o sou\u010dasn\u00e9m mana\u017eerovi Ajaxu Amsterodam ten Hagovi, pokud by Real Madrid neulovil Pochettina, tak by z\u00e1jem byl o n\u011bj.<\/p>\n<p>Rangnick bude m\u00edt k dispozici Cristiana Ronalda, kter\u00fd v ned\u011bli nehr\u00e1l kv\u016fli nemoci. Uzdravil se i Lingard. \u010ctve\u0159ice Cavani-McTominay-Shaw-Varane naopak sv\u00e9 bol\u00edstky nevyl\u00e9\u010dila a i nad\u00e1le bude tedy chyb\u011bt.<\/p>\n<p>Z t\u00e1bora dom\u00e1c\u00edch p\u0159ich\u00e1z\u00ed lep\u0161\u00ed zpr\u00e1vy ohledn\u011b pacient\u016f. Coleman a Delph jsou ji\u017e v po\u0159\u00e1dku a m\u011bli by b\u00fdt nominov\u00e1ni k z\u00e1pasu, po odpyk\u00e1n\u00ed karetn\u00edch trest\u016f mohou hr\u00e1t Allan a Keane, Mina by mohl b\u00fdt k dispozici p\u0159esp\u0159\u00ed\u0161t\u00ed t\u00fdden proti Leicesteru. Do konce sez\u00f3ny si nekopnou Townsend a Davies, hr\u00e1t nebude ani Patterson kv\u016fli kotn\u00edku, z\u00e1va\u017enost jeho zran\u011bn\u00ed nebyla odhalena. Proti mate\u0159sk\u00e9mu klubu nem\u016f\u017ee nastoupit van de Beek.<\/p>\n<p><strong>Co:\u00a0<\/strong>Everton FC &#8211; Manchester United FC, 32. kolo Premier League<br \/>\n<strong>Kdy:\u00a0<\/strong>9. 4. 2022 od 13:30<br \/>\n<strong>Kde:\u00a0<\/strong>Goodison Park, Liverpool<br \/>\n<strong>TV:\u00a0<\/strong>P\u0159\u00edm\u00fd p\u0159enos na stanici Premier Sport 1<br \/>\n<strong>Rozhod\u010d\u00ed:\u00a0<\/strong>Jonathan Moss &#8211; Marc Perry, Timothy Wood\u00a0<strong>\u010ctvrt\u00fd rozhod\u010d\u00ed: <\/strong>Martin Atkinson<strong><br \/>\n<\/strong><strong>Videorozhod\u010d\u00ed: <\/strong>Andy Madley\u00a0<strong>Asistent videorozhod\u010d\u00edho:\u00a0<\/strong>Eddie Smart<\/p>\n","protected":false},"excerpt":{"rendered":"<p>Dnes po ob\u011bd\u011b bude v Goodison Parku k vid\u011bn\u00ed dal\u0161\u00ed snaha nehr\u00e1t p\u0159\u00ed\u0161t\u00ed sez\u00f3nu pot\u0159et\u00ed ve druh\u00e9 lize.<\/p>\n","protected":false},"author":12,"featured_media":12849,"comment_status":"open","ping_status":"closed","sticky":false,"template":"","format":"standard","meta":{"_eb_attr":"","_monsterinsights_skip_tracking":false,"_monsterinsights_sitenote_active":false,"_monsterinsights_sitenote_note":"","_monsterinsights_sitenote_category":0,"footnotes":""},"categories":[4],"tags":[],"yoast_head":"<!-- This site is optimized with the Yoast SEO plugin v23.4 - https:\/\/yoast.com\/wordpress\/plugins\/seo\/ -->\n<title>Preview: Everton - Manchester United - Official Czech &amp; Slovak Everton Supporters&#039; Club<\/title>\n<meta name=\"description\" content=\"Dnes po ob\u011bd\u011b bude v Goodison Parku k vid\u011bn\u00ed dal\u0161\u00ed snaha nehr\u00e1t p\u0159\u00ed\u0161t\u00ed sez\u00f3nu pot\u0159et\u00ed ve druh\u00e9 lize.\" \/>\n<meta name=\"robots\" content=\"index, follow, max-snippet:-1, max-image-preview:large, max-video-preview:-1\" \/>\n<link rel=\"canonical\" href=\"https:\/\/evertonfc.cz\/index.php\/2022\/04\/09\/preview-everton-manchester-united-14\/\" \/>\n<meta property=\"og:locale\" content=\"cs_CZ\" \/>\n<meta property=\"og:type\" content=\"article\" \/>\n<meta property=\"og:title\" content=\"Preview: Everton - Manchester United - Official Czech &amp; Slovak Everton Supporters&#039; Club\" \/>\n<meta property=\"og:description\" content=\"Dnes po ob\u011bd\u011b bude v Goodison Parku k vid\u011bn\u00ed dal\u0161\u00ed snaha nehr\u00e1t p\u0159\u00ed\u0161t\u00ed sez\u00f3nu pot\u0159et\u00ed ve druh\u00e9 lize.\" \/>\n<meta property=\"og:url\" content=\"https:\/\/evertonfc.cz\/index.php\/2022\/04\/09\/preview-everton-manchester-united-14\/\" \/>\n<meta property=\"og:site_name\" content=\"Official Czech &amp; Slovak Everton Supporters&#039; Club\" \/>\n<meta property=\"article:publisher\" content=\"https:\/\/www.facebook.com\/everton.fans.cz.sk\" \/>\n<meta property=\"article:published_time\" content=\"2022-04-09T07:30:41+00:00\" \/>\n<meta property=\"article:modified_time\" content=\"2022-04-09T11:07:13+00:00\" \/>\n<meta property=\"og:image\" content=\"https:\/\/evertonfc.cz\/wp-content\/uploads\/2020\/11\/Everton-VS-Manchester-United-7-11-2020.jpg.jpg\" \/>\n\t<meta property=\"og:image:width\" content=\"720\" \/>\n\t<meta property=\"og:image:height\" content=\"405\" \/>\n\t<meta property=\"og:image:type\" content=\"image\/jpeg\" \/>\n<meta name=\"author\" content=\"Javor\" \/>\n<meta name=\"twitter:card\" content=\"summary_large_image\" \/>\n<meta name=\"twitter:creator\" content=\"@LoudinJan\" \/>\n<meta name=\"twitter:label1\" content=\"Napsal(a)\" \/>\n\t<meta name=\"twitter:data1\" content=\"Javor\" \/>\n\t<meta name=\"twitter:label2\" content=\"Odhadovan\u00e1 doba \u010dten\u00ed\" \/>\n\t<meta name=\"twitter:data2\" content=\"2 minuty\" \/>\n<script type=\"application\/ld+json\" class=\"yoast-schema-graph\">{\"@context\":\"https:\/\/schema.org\",\"@graph\":[{\"@type\":\"Article\",\"@id\":\"https:\/\/evertonfc.cz\/index.php\/2022\/04\/09\/preview-everton-manchester-united-14\/#article\",\"isPartOf\":{\"@id\":\"https:\/\/evertonfc.cz\/index.php\/2022\/04\/09\/preview-everton-manchester-united-14\/\"},\"author\":{\"name\":\"Javor\",\"@id\":\"https:\/\/evertonfc.cz\/#\/schema\/person\/b30daf6a5852f4811f8207a17ec1bf78\"},\"headline\":\"Preview: Everton &#8211; Manchester United\",\"datePublished\":\"2022-04-09T07:30:41+00:00\",\"dateModified\":\"2022-04-09T11:07:13+00:00\",\"mainEntityOfPage\":{\"@id\":\"https:\/\/evertonfc.cz\/index.php\/2022\/04\/09\/preview-everton-manchester-united-14\/\"},\"wordCount\":455,\"commentCount\":33,\"publisher\":{\"@id\":\"https:\/\/evertonfc.cz\/#organization\"},\"image\":{\"@id\":\"https:\/\/evertonfc.cz\/index.php\/2022\/04\/09\/preview-everton-manchester-united-14\/#primaryimage\"},\"thumbnailUrl\":\"https:\/\/evertonfc.cz\/wp-content\/uploads\/2020\/11\/Everton-VS-Manchester-United-7-11-2020.jpg.jpg\",\"articleSection\":[\"Z\u00e1pasy\"],\"inLanguage\":\"cs\",\"potentialAction\":[{\"@type\":\"CommentAction\",\"name\":\"Comment\",\"target\":[\"https:\/\/evertonfc.cz\/index.php\/2022\/04\/09\/preview-everton-manchester-united-14\/#respond\"]}]},{\"@type\":\"WebPage\",\"@id\":\"https:\/\/evertonfc.cz\/index.php\/2022\/04\/09\/preview-everton-manchester-united-14\/\",\"url\":\"https:\/\/evertonfc.cz\/index.php\/2022\/04\/09\/preview-everton-manchester-united-14\/\",\"name\":\"Preview: Everton - Manchester United - Official Czech &amp; Slovak Everton Supporters&#039; Club\",\"isPartOf\":{\"@id\":\"https:\/\/evertonfc.cz\/#website\"},\"primaryImageOfPage\":{\"@id\":\"https:\/\/evertonfc.cz\/index.php\/2022\/04\/09\/preview-everton-manchester-united-14\/#primaryimage\"},\"image\":{\"@id\":\"https:\/\/evertonfc.cz\/index.php\/2022\/04\/09\/preview-everton-manchester-united-14\/#primaryimage\"},\"thumbnailUrl\":\"https:\/\/evertonfc.cz\/wp-content\/uploads\/2020\/11\/Everton-VS-Manchester-United-7-11-2020.jpg.jpg\",\"datePublished\":\"2022-04-09T07:30:41+00:00\",\"dateModified\":\"2022-04-09T11:07:13+00:00\",\"description\":\"Dnes po ob\u011bd\u011b bude v Goodison Parku k vid\u011bn\u00ed dal\u0161\u00ed snaha nehr\u00e1t p\u0159\u00ed\u0161t\u00ed sez\u00f3nu pot\u0159et\u00ed ve druh\u00e9 lize.\",\"breadcrumb\":{\"@id\":\"https:\/\/evertonfc.cz\/index.php\/2022\/04\/09\/preview-everton-manchester-united-14\/#breadcrumb\"},\"inLanguage\":\"cs\",\"potentialAction\":[{\"@type\":\"ReadAction\",\"target\":[\"https:\/\/evertonfc.cz\/index.php\/2022\/04\/09\/preview-everton-manchester-united-14\/\"]}]},{\"@type\":\"ImageObject\",\"inLanguage\":\"cs\",\"@id\":\"https:\/\/evertonfc.cz\/index.php\/2022\/04\/09\/preview-everton-manchester-united-14\/#primaryimage\",\"url\":\"https:\/\/evertonfc.cz\/wp-content\/uploads\/2020\/11\/Everton-VS-Manchester-United-7-11-2020.jpg.jpg\",\"contentUrl\":\"https:\/\/evertonfc.cz\/wp-content\/uploads\/2020\/11\/Everton-VS-Manchester-United-7-11-2020.jpg.jpg\",\"width\":720,\"height\":405},{\"@type\":\"BreadcrumbList\",\"@id\":\"https:\/\/evertonfc.cz\/index.php\/2022\/04\/09\/preview-everton-manchester-united-14\/#breadcrumb\",\"itemListElement\":[{\"@type\":\"ListItem\",\"position\":1,\"name\":\"Home\",\"item\":\"https:\/\/evertonfc.cz\/\"},{\"@type\":\"ListItem\",\"position\":2,\"name\":\"Preview: Everton &#8211; Manchester United\"}]},{\"@type\":\"WebSite\",\"@id\":\"https:\/\/evertonfc.cz\/#website\",\"url\":\"https:\/\/evertonfc.cz\/\",\"name\":\"Official Czech &amp; Slovak Everton Supporters&#039; Club\",\"description\":\"\",\"publisher\":{\"@id\":\"https:\/\/evertonfc.cz\/#organization\"},\"potentialAction\":[{\"@type\":\"SearchAction\",\"target\":{\"@type\":\"EntryPoint\",\"urlTemplate\":\"https:\/\/evertonfc.cz\/?s={search_term_string}\"},\"query-input\":{\"@type\":\"PropertyValueSpecification\",\"valueRequired\":true,\"valueName\":\"search_term_string\"}}],\"inLanguage\":\"cs\"},{\"@type\":\"Organization\",\"@id\":\"https:\/\/evertonfc.cz\/#organization\",\"name\":\"Official Czech & Slovak Everton Supporters' Club\",\"url\":\"https:\/\/evertonfc.cz\/\",\"logo\":{\"@type\":\"ImageObject\",\"inLanguage\":\"cs\",\"@id\":\"https:\/\/evertonfc.cz\/#\/schema\/logo\/image\/\",\"url\":\"https:\/\/evertonfc.cz\/wp-content\/uploads\/2019\/05\/logo.png\",\"contentUrl\":\"https:\/\/evertonfc.cz\/wp-content\/uploads\/2019\/05\/logo.png\",\"width\":112,\"height\":112,\"caption\":\"Official Czech & Slovak Everton Supporters' Club\"},\"image\":{\"@id\":\"https:\/\/evertonfc.cz\/#\/schema\/logo\/image\/\"},\"sameAs\":[\"https:\/\/www.facebook.com\/everton.fans.cz.sk\"]},{\"@type\":\"Person\",\"@id\":\"https:\/\/evertonfc.cz\/#\/schema\/person\/b30daf6a5852f4811f8207a17ec1bf78\",\"name\":\"Javor\",\"sameAs\":[\"https:\/\/x.com\/LoudinJan\"],\"url\":\"https:\/\/evertonfc.cz\/index.php\/author\/javor\/\"}]}<\/script>\n<!-- \/ Yoast SEO plugin. -->","yoast_head_json":{"title":"Preview: Everton - Manchester United - Official Czech &amp; Slovak Everton Supporters&#039; Club","description":"Dnes po ob\u011bd\u011b bude v Goodison Parku k vid\u011bn\u00ed dal\u0161\u00ed snaha nehr\u00e1t p\u0159\u00ed\u0161t\u00ed sez\u00f3nu pot\u0159et\u00ed ve druh\u00e9 lize.","robots":{"index":"index","follow":"follow","max-snippet":"max-snippet:-1","max-image-preview":"max-image-preview:large","max-video-preview":"max-video-preview:-1"},"canonical":"https:\/\/evertonfc.cz\/index.php\/2022\/04\/09\/preview-everton-manchester-united-14\/","og_locale":"cs_CZ","og_type":"article","og_title":"Preview: Everton - Manchester United - Official Czech &amp; Slovak Everton Supporters&#039; Club","og_description":"Dnes po ob\u011bd\u011b bude v Goodison Parku k vid\u011bn\u00ed dal\u0161\u00ed snaha nehr\u00e1t p\u0159\u00ed\u0161t\u00ed sez\u00f3nu pot\u0159et\u00ed ve druh\u00e9 lize.","og_url":"https:\/\/evertonfc.cz\/index.php\/2022\/04\/09\/preview-everton-manchester-united-14\/","og_site_name":"Official Czech &amp; Slovak Everton Supporters&#039; Club","article_publisher":"https:\/\/www.facebook.com\/everton.fans.cz.sk","article_published_time":"2022-04-09T07:30:41+00:00","article_modified_time":"2022-04-09T11:07:13+00:00","og_image":[{"width":720,"height":405,"url":"https:\/\/evertonfc.cz\/wp-content\/uploads\/2020\/11\/Everton-VS-Manchester-United-7-11-2020.jpg.jpg","type":"image\/jpeg"}],"author":"Javor","twitter_card":"summary_large_image","twitter_creator":"@LoudinJan","twitter_misc":{"Napsal(a)":"Javor","Odhadovan\u00e1 doba \u010dten\u00ed":"2 minuty"},"schema":{"@context":"https:\/\/schema.org","@graph":[{"@type":"Article","@id":"https:\/\/evertonfc.cz\/index.php\/2022\/04\/09\/preview-everton-manchester-united-14\/#article","isPartOf":{"@id":"https:\/\/evertonfc.cz\/index.php\/2022\/04\/09\/preview-everton-manchester-united-14\/"},"author":{"name":"Javor","@id":"https:\/\/evertonfc.cz\/#\/schema\/person\/b30daf6a5852f4811f8207a17ec1bf78"},"headline":"Preview: Everton &#8211; Manchester United","datePublished":"2022-04-09T07:30:41+00:00","dateModified":"2022-04-09T11:07:13+00:00","mainEntityOfPage":{"@id":"https:\/\/evertonfc.cz\/index.php\/2022\/04\/09\/preview-everton-manchester-united-14\/"},"wordCount":455,"commentCount":33,"publisher":{"@id":"https:\/\/evertonfc.cz\/#organization"},"image":{"@id":"https:\/\/evertonfc.cz\/index.php\/2022\/04\/09\/preview-everton-manchester-united-14\/#primaryimage"},"thumbnailUrl":"https:\/\/evertonfc.cz\/wp-content\/uploads\/2020\/11\/Everton-VS-Manchester-United-7-11-2020.jpg.jpg","articleSection":["Z\u00e1pasy"],"inLanguage":"cs","potentialAction":[{"@type":"CommentAction","name":"Comment","target":["https:\/\/evertonfc.cz\/index.php\/2022\/04\/09\/preview-everton-manchester-united-14\/#respond"]}]},{"@type":"WebPage","@id":"https:\/\/evertonfc.cz\/index.php\/2022\/04\/09\/preview-everton-manchester-united-14\/","url":"https:\/\/evertonfc.cz\/index.php\/2022\/04\/09\/preview-everton-manchester-united-14\/","name":"Preview: Everton - Manchester United - Official Czech &amp; Slovak Everton Supporters&#039; Club","isPartOf":{"@id":"https:\/\/evertonfc.cz\/#website"},"primaryImageOfPage":{"@id":"https:\/\/evertonfc.cz\/index.php\/2022\/04\/09\/preview-everton-manchester-united-14\/#primaryimage"},"image":{"@id":"https:\/\/evertonfc.cz\/index.php\/2022\/04\/09\/preview-everton-manchester-united-14\/#primaryimage"},"thumbnailUrl":"https:\/\/evertonfc.cz\/wp-content\/uploads\/2020\/11\/Everton-VS-Manchester-United-7-11-2020.jpg.jpg","datePublished":"2022-04-09T07:30:41+00:00","dateModified":"2022-04-09T11:07:13+00:00","description":"Dnes po ob\u011bd\u011b bude v Goodison Parku k vid\u011bn\u00ed dal\u0161\u00ed snaha nehr\u00e1t p\u0159\u00ed\u0161t\u00ed sez\u00f3nu pot\u0159et\u00ed ve druh\u00e9 lize.","breadcrumb":{"@id":"https:\/\/evertonfc.cz\/index.php\/2022\/04\/09\/preview-everton-manchester-united-14\/#breadcrumb"},"inLanguage":"cs","potentialAction":[{"@type":"ReadAction","target":["https:\/\/evertonfc.cz\/index.php\/2022\/04\/09\/preview-everton-manchester-united-14\/"]}]},{"@type":"ImageObject","inLanguage":"cs","@id":"https:\/\/evertonfc.cz\/index.php\/2022\/04\/09\/preview-everton-manchester-united-14\/#primaryimage","url":"https:\/\/evertonfc.cz\/wp-content\/uploads\/2020\/11\/Everton-VS-Manchester-United-7-11-2020.jpg.jpg","contentUrl":"https:\/\/evertonfc.cz\/wp-content\/uploads\/2020\/11\/Everton-VS-Manchester-United-7-11-2020.jpg.jpg","width":720,"height":405},{"@type":"BreadcrumbList","@id":"https:\/\/evertonfc.cz\/index.php\/2022\/04\/09\/preview-everton-manchester-united-14\/#breadcrumb","itemListElement":[{"@type":"ListItem","position":1,"name":"Home","item":"https:\/\/evertonfc.cz\/"},{"@type":"ListItem","position":2,"name":"Preview: Everton &#8211; Manchester United"}]},{"@type":"WebSite","@id":"https:\/\/evertonfc.cz\/#website","url":"https:\/\/evertonfc.cz\/","name":"Official Czech &amp; Slovak Everton Supporters&#039; Club","description":"","publisher":{"@id":"https:\/\/evertonfc.cz\/#organization"},"potentialAction":[{"@type":"SearchAction","target":{"@type":"EntryPoint","urlTemplate":"https:\/\/evertonfc.cz\/?s={search_term_string}"},"query-input":{"@type":"PropertyValueSpecification","valueRequired":true,"valueName":"search_term_string"}}],"inLanguage":"cs"},{"@type":"Organization","@id":"https:\/\/evertonfc.cz\/#organization","name":"Official Czech & Slovak Everton Supporters' Club","url":"https:\/\/evertonfc.cz\/","logo":{"@type":"ImageObject","inLanguage":"cs","@id":"https:\/\/evertonfc.cz\/#\/schema\/logo\/image\/","url":"https:\/\/evertonfc.cz\/wp-content\/uploads\/2019\/05\/logo.png","contentUrl":"https:\/\/evertonfc.cz\/wp-content\/uploads\/2019\/05\/logo.png","width":112,"height":112,"caption":"Official Czech & Slovak Everton Supporters' Club"},"image":{"@id":"https:\/\/evertonfc.cz\/#\/schema\/logo\/image\/"},"sameAs":["https:\/\/www.facebook.com\/everton.fans.cz.sk"]},{"@type":"Person","@id":"https:\/\/evertonfc.cz\/#\/schema\/person\/b30daf6a5852f4811f8207a17ec1bf78","name":"Javor","sameAs":["https:\/\/x.com\/LoudinJan"],"url":"https:\/\/evertonfc.cz\/index.php\/author\/javor\/"}]}},"_links":{"self":[{"href":"https:\/\/evertonfc.cz\/index.php\/wp-json\/wp\/v2\/posts\/18353"}],"collection":[{"href":"https:\/\/evertonfc.cz\/index.php\/wp-json\/wp\/v2\/posts"}],"about":[{"href":"https:\/\/evertonfc.cz\/index.php\/wp-json\/wp\/v2\/types\/post"}],"author":[{"embeddable":true,"href":"https:\/\/evertonfc.cz\/index.php\/wp-json\/wp\/v2\/users\/12"}],"replies":[{"embeddable":true,"href":"https:\/\/evertonfc.cz\/index.php\/wp-json\/wp\/v2\/comments?post=18353"}],"version-history":[{"count":5,"href":"https:\/\/evertonfc.cz\/index.php\/wp-json\/wp\/v2\/posts\/18353\/revisions"}],"predecessor-version":[{"id":18359,"href":"https:\/\/evertonfc.cz\/index.php\/wp-json\/wp\/v2\/posts\/18353\/revisions\/18359"}],"wp:featuredmedia":[{"embeddable":true,"href":"https:\/\/evertonfc.cz\/index.php\/wp-json\/wp\/v2\/media\/12849"}],"wp:attachment":[{"href":"https:\/\/evertonfc.cz\/index.php\/wp-json\/wp\/v2\/media?parent=18353"}],"wp:term":[{"taxonomy":"category","embeddable":true,"href":"https:\/\/evertonfc.cz\/index.php\/wp-json\/wp\/v2\/categories?post=18353"},{"taxonomy":"post_tag","embeddable":true,"href":"https:\/\/evertonfc.cz\/index.php\/wp-json\/wp\/v2\/tags?post=18353"}],"curies":[{"name":"wp","href":"https:\/\/api.w.org\/{rel}","templated":true}]}}