{"id":18385,"date":"2022-04-11T13:42:33","date_gmt":"2022-04-11T11:42:33","guid":{"rendered":"https:\/\/evertonfc.cz\/?p=18385"},"modified":"2022-04-12T13:38:27","modified_gmt":"2022-04-12T11:38:27","slug":"brian-sorensen-novym-manazerem-efc-women","status":"publish","type":"post","link":"https:\/\/evertonfc.cz\/index.php\/2022\/04\/11\/brian-sorensen-novym-manazerem-efc-women\/","title":{"rendered":"Brian S\u00f8rensen nov\u00fdm mana\u017eerem EFC Women"},"content":{"rendered":"<h4>Kouzeln\u00edk nalezen? \u010cek\u00e1n\u00ed na nov\u00e9ho \u0161\u00e9fa \u017eensk\u00e9ho t\u00fdmu je u konce. Stal se j\u00edm d\u00e1nsk\u00fd mana\u017eer Brian S\u00f8rensen.<\/h4>\n<p>Jedna\u010dty\u0159icetilet\u00fd rod\u00e1k ze severojutlandsk\u00e9ho Ardenu (okres v\u00fdznamn\u00fd druh\u00fdm nejv\u011bt\u0161\u00edm lesem na \u00fazem\u00ed D\u00e1nska) je profesion\u00e1ln\u00edm tren\u00e9rem \u017eensk\u00e9ho fotbalu, od roku nav\u00edc 2015 vyzbrojen\u00fd Pro licenc\u00ed UEFA. Svoj\u00ed mana\u017eerskou kari\u00e9ru zah\u00e1jil\u00a0 ve 29 letech, kdy se ujal tehdej\u0161\u00edho v\u00edt\u011bze D\u00e1nsk\u00e9ho poh\u00e1ru IK Skovbaken.<\/p>\n<p>Po t\u0159ech sez\u00f3n\u00e1ch str\u00e1ven\u00fdch na lavi\u010dce Skovebaken p\u0159e\u0161el k elitn\u00edmu d\u00e1nsk\u00e9mu klubu Fortuna Hj\u00f8rring, dr\u017eiteli 11 d\u00e1nsk\u00fdch ligov\u00fdch titul\u016f. S Fortunou vyhr\u00e1l dva ligov\u00e9 tituly, dom\u00e1c\u00ed poh\u00e1r a dok\u00e1zal Fortunu pravideln\u011b dov\u00e9st i do Champions League. V roce 2018, po \u0161esti letech, klub opustil a se svoj\u00ed \u017eenou a hr\u00e1\u010dkou Fortuny Camillou Kur Larsen p\u0159es\u00eddlil do Spojen\u00fdch St\u00e1t\u016f.<\/p>\n<p>Po t\u0159ech letech za oce\u00e1nem k\u00fdvl na nab\u00eddku FC Nordsj\u00e6lland a vr\u00e1til se zp\u011bt do D\u00e1nska. B\u011bhem t\u0159\u00edlet\u00e9ho anga\u017em\u00e1 dovedl sv\u016fj nov\u00fd klub do prvn\u00ed ligy, ve kter\u00e9 skon\u010dil na t\u0159et\u00edm m\u00edst\u011b a vyhr\u00e1l dom\u00e1c\u00ed poh\u00e1r. Po vypr\u0161en\u00ed smlouvy se na dva roky vr\u00e1til k Fortun\u011b a nyn\u00ed p\u0159evzal osi\u0159el\u00fd Everton.<\/p>\n<p>Briana prov\u00e1z\u00ed pov\u011bst mana\u017eera, kter\u00fd dok\u00e1\u017ee dob\u0159e pracovat s mlad\u00fdmi talenty a se schopnost\u00ed vytvo\u0159it p\u0159i sob\u011b velmi dob\u0159e dr\u017e\u00edc\u00ed t\u00fdm. Oboje se bude Evertonu dob\u0159e hodit. Pot\u00e9, co si prostudoval sou\u010dasn\u00fd evertonsk\u00fd t\u00fdm, dosp\u011bl k z\u00e1v\u011bru, \u017ee jde o spolek s mohutn\u00fdm potenci\u00e1lem a kapacitou hr\u00e1t na t\u00e9 nejvy\u0161\u0161\u00ed \u00farovni.<\/p>\n<p>V\u011b\u0159me tedy, \u017ee se nem\u00fdlil a nad\u011bje to t\u00fdmu i do jeho osoby vkl\u00e1dan\u00e9 dok\u00e1\u017ee p\u0159em\u011bnit v realitu. Chris Roberts i Claire Ditchburn z\u016fst\u00e1vaj\u00ed jako prozat\u00edmn\u00ed mana\u017ee\u0159i t\u00fdmu do konce sez\u00f3ny 2021\/2022. Doufejme, \u017ee prvn\u00edm Brianov\u00fdm \u00fakolem nebude p\u0159iv\u00e9st Everton zp\u011bt do PL. <strong>Held og lykke og velkommen i klubben, Brian!<\/strong><\/p>\n<p>Pozn: Pokud se poda\u0159ilo redakci zjistit, Brian S\u00f8rensen nen\u00ed v p\u0159\u00edbuzensk\u00e9m vztahu s evertonskou k\u0159\u00eddelnic\u00ed Nicoline S\u00f8rensen<\/p>\n<p style=\"text-align: right;\"><span style=\"font-size: 8pt;\"><em>(Zdroj fotografie: The Telegraph\/Getty Images)<\/em><\/span><\/p>\n","protected":false},"excerpt":{"rendered":"<p>Kouzeln\u00edk nalezen? \u010cek\u00e1n\u00ed na nov\u00e9ho \u0161\u00e9fa \u017eensk\u00e9ho t\u00fdmu je  u konce. Stal se j\u00edm d\u00e1nsk\u00fd mana\u017eer Brian S\u00f8rensen.<\/p>\n","protected":false},"author":26,"featured_media":18390,"comment_status":"open","ping_status":"closed","sticky":false,"template":"","format":"standard","meta":{"_eb_attr":"","_monsterinsights_skip_tracking":false,"_monsterinsights_sitenote_active":false,"_monsterinsights_sitenote_note":"","_monsterinsights_sitenote_category":0,"footnotes":""},"categories":[110],"tags":[],"yoast_head":"<!-- This site is optimized with the Yoast SEO plugin v23.4 - https:\/\/yoast.com\/wordpress\/plugins\/seo\/ -->\n<title>Brian S\u00f8rensen nov\u00fdm mana\u017eerem EFC Women - Official Czech &amp; Slovak Everton Supporters&#039; Club<\/title>\n<meta name=\"robots\" content=\"index, follow, max-snippet:-1, max-image-preview:large, max-video-preview:-1\" \/>\n<link rel=\"canonical\" href=\"https:\/\/evertonfc.cz\/index.php\/2022\/04\/11\/brian-sorensen-novym-manazerem-efc-women\/\" \/>\n<meta property=\"og:locale\" content=\"cs_CZ\" \/>\n<meta property=\"og:type\" content=\"article\" \/>\n<meta property=\"og:title\" content=\"Brian S\u00f8rensen nov\u00fdm mana\u017eerem EFC Women - Official Czech &amp; Slovak Everton Supporters&#039; Club\" \/>\n<meta property=\"og:description\" content=\"Kouzeln\u00edk nalezen? \u010cek\u00e1n\u00ed na nov\u00e9ho \u0161\u00e9fa \u017eensk\u00e9ho t\u00fdmu je u konce. Stal se j\u00edm d\u00e1nsk\u00fd mana\u017eer Brian S\u00f8rensen.\" \/>\n<meta property=\"og:url\" content=\"https:\/\/evertonfc.cz\/index.php\/2022\/04\/11\/brian-sorensen-novym-manazerem-efc-women\/\" \/>\n<meta property=\"og:site_name\" content=\"Official Czech &amp; Slovak Everton Supporters&#039; Club\" \/>\n<meta property=\"article:publisher\" content=\"https:\/\/www.facebook.com\/everton.fans.cz.sk\" \/>\n<meta property=\"article:published_time\" content=\"2022-04-11T11:42:33+00:00\" \/>\n<meta property=\"article:modified_time\" content=\"2022-04-12T11:38:27+00:00\" \/>\n<meta property=\"og:image\" content=\"https:\/\/evertonfc.cz\/wp-content\/uploads\/2022\/04\/Brian-Sorensen-by-GettyImages-11-4-2022.jpg\" \/>\n\t<meta property=\"og:image:width\" content=\"720\" \/>\n\t<meta property=\"og:image:height\" content=\"405\" \/>\n\t<meta property=\"og:image:type\" content=\"image\/jpeg\" \/>\n<meta name=\"author\" content=\"Karamela\" \/>\n<meta name=\"twitter:card\" content=\"summary_large_image\" \/>\n<meta name=\"twitter:label1\" content=\"Napsal(a)\" \/>\n\t<meta name=\"twitter:data1\" content=\"Karamela\" \/>\n\t<meta name=\"twitter:label2\" content=\"Odhadovan\u00e1 doba \u010dten\u00ed\" \/>\n\t<meta name=\"twitter:data2\" content=\"2 minuty\" \/>\n<script type=\"application\/ld+json\" class=\"yoast-schema-graph\">{\"@context\":\"https:\/\/schema.org\",\"@graph\":[{\"@type\":\"Article\",\"@id\":\"https:\/\/evertonfc.cz\/index.php\/2022\/04\/11\/brian-sorensen-novym-manazerem-efc-women\/#article\",\"isPartOf\":{\"@id\":\"https:\/\/evertonfc.cz\/index.php\/2022\/04\/11\/brian-sorensen-novym-manazerem-efc-women\/\"},\"author\":{\"name\":\"Karamela\",\"@id\":\"https:\/\/evertonfc.cz\/#\/schema\/person\/e9a24a80a32efa1344dd2c4e5882185c\"},\"headline\":\"Brian S\u00f8rensen nov\u00fdm mana\u017eerem EFC Women\",\"datePublished\":\"2022-04-11T11:42:33+00:00\",\"dateModified\":\"2022-04-12T11:38:27+00:00\",\"mainEntityOfPage\":{\"@id\":\"https:\/\/evertonfc.cz\/index.php\/2022\/04\/11\/brian-sorensen-novym-manazerem-efc-women\/\"},\"wordCount\":426,\"commentCount\":0,\"publisher\":{\"@id\":\"https:\/\/evertonfc.cz\/#organization\"},\"image\":{\"@id\":\"https:\/\/evertonfc.cz\/index.php\/2022\/04\/11\/brian-sorensen-novym-manazerem-efc-women\/#primaryimage\"},\"thumbnailUrl\":\"https:\/\/evertonfc.cz\/wp-content\/uploads\/2022\/04\/Brian-Sorensen-by-GettyImages-11-4-2022.jpg\",\"articleSection\":[\"Everton Women\"],\"inLanguage\":\"cs\",\"potentialAction\":[{\"@type\":\"CommentAction\",\"name\":\"Comment\",\"target\":[\"https:\/\/evertonfc.cz\/index.php\/2022\/04\/11\/brian-sorensen-novym-manazerem-efc-women\/#respond\"]}]},{\"@type\":\"WebPage\",\"@id\":\"https:\/\/evertonfc.cz\/index.php\/2022\/04\/11\/brian-sorensen-novym-manazerem-efc-women\/\",\"url\":\"https:\/\/evertonfc.cz\/index.php\/2022\/04\/11\/brian-sorensen-novym-manazerem-efc-women\/\",\"name\":\"Brian S\u00f8rensen nov\u00fdm mana\u017eerem EFC Women - Official Czech &amp; Slovak Everton Supporters&#039; Club\",\"isPartOf\":{\"@id\":\"https:\/\/evertonfc.cz\/#website\"},\"primaryImageOfPage\":{\"@id\":\"https:\/\/evertonfc.cz\/index.php\/2022\/04\/11\/brian-sorensen-novym-manazerem-efc-women\/#primaryimage\"},\"image\":{\"@id\":\"https:\/\/evertonfc.cz\/index.php\/2022\/04\/11\/brian-sorensen-novym-manazerem-efc-women\/#primaryimage\"},\"thumbnailUrl\":\"https:\/\/evertonfc.cz\/wp-content\/uploads\/2022\/04\/Brian-Sorensen-by-GettyImages-11-4-2022.jpg\",\"datePublished\":\"2022-04-11T11:42:33+00:00\",\"dateModified\":\"2022-04-12T11:38:27+00:00\",\"breadcrumb\":{\"@id\":\"https:\/\/evertonfc.cz\/index.php\/2022\/04\/11\/brian-sorensen-novym-manazerem-efc-women\/#breadcrumb\"},\"inLanguage\":\"cs\",\"potentialAction\":[{\"@type\":\"ReadAction\",\"target\":[\"https:\/\/evertonfc.cz\/index.php\/2022\/04\/11\/brian-sorensen-novym-manazerem-efc-women\/\"]}]},{\"@type\":\"ImageObject\",\"inLanguage\":\"cs\",\"@id\":\"https:\/\/evertonfc.cz\/index.php\/2022\/04\/11\/brian-sorensen-novym-manazerem-efc-women\/#primaryimage\",\"url\":\"https:\/\/evertonfc.cz\/wp-content\/uploads\/2022\/04\/Brian-Sorensen-by-GettyImages-11-4-2022.jpg\",\"contentUrl\":\"https:\/\/evertonfc.cz\/wp-content\/uploads\/2022\/04\/Brian-Sorensen-by-GettyImages-11-4-2022.jpg\",\"width\":720,\"height\":405},{\"@type\":\"BreadcrumbList\",\"@id\":\"https:\/\/evertonfc.cz\/index.php\/2022\/04\/11\/brian-sorensen-novym-manazerem-efc-women\/#breadcrumb\",\"itemListElement\":[{\"@type\":\"ListItem\",\"position\":1,\"name\":\"Home\",\"item\":\"https:\/\/evertonfc.cz\/\"},{\"@type\":\"ListItem\",\"position\":2,\"name\":\"Brian S\u00f8rensen nov\u00fdm mana\u017eerem EFC Women\"}]},{\"@type\":\"WebSite\",\"@id\":\"https:\/\/evertonfc.cz\/#website\",\"url\":\"https:\/\/evertonfc.cz\/\",\"name\":\"Official Czech &amp; Slovak Everton Supporters&#039; Club\",\"description\":\"\",\"publisher\":{\"@id\":\"https:\/\/evertonfc.cz\/#organization\"},\"potentialAction\":[{\"@type\":\"SearchAction\",\"target\":{\"@type\":\"EntryPoint\",\"urlTemplate\":\"https:\/\/evertonfc.cz\/?s={search_term_string}\"},\"query-input\":{\"@type\":\"PropertyValueSpecification\",\"valueRequired\":true,\"valueName\":\"search_term_string\"}}],\"inLanguage\":\"cs\"},{\"@type\":\"Organization\",\"@id\":\"https:\/\/evertonfc.cz\/#organization\",\"name\":\"Official Czech & Slovak Everton Supporters' Club\",\"url\":\"https:\/\/evertonfc.cz\/\",\"logo\":{\"@type\":\"ImageObject\",\"inLanguage\":\"cs\",\"@id\":\"https:\/\/evertonfc.cz\/#\/schema\/logo\/image\/\",\"url\":\"https:\/\/evertonfc.cz\/wp-content\/uploads\/2019\/05\/logo.png\",\"contentUrl\":\"https:\/\/evertonfc.cz\/wp-content\/uploads\/2019\/05\/logo.png\",\"width\":112,\"height\":112,\"caption\":\"Official Czech & Slovak Everton Supporters' Club\"},\"image\":{\"@id\":\"https:\/\/evertonfc.cz\/#\/schema\/logo\/image\/\"},\"sameAs\":[\"https:\/\/www.facebook.com\/everton.fans.cz.sk\"]},{\"@type\":\"Person\",\"@id\":\"https:\/\/evertonfc.cz\/#\/schema\/person\/e9a24a80a32efa1344dd2c4e5882185c\",\"name\":\"Karamela\",\"url\":\"https:\/\/evertonfc.cz\/index.php\/author\/karamela\/\"}]}<\/script>\n<!-- \/ Yoast SEO plugin. -->","yoast_head_json":{"title":"Brian S\u00f8rensen nov\u00fdm mana\u017eerem EFC Women - Official Czech &amp; Slovak Everton Supporters&#039; Club","robots":{"index":"index","follow":"follow","max-snippet":"max-snippet:-1","max-image-preview":"max-image-preview:large","max-video-preview":"max-video-preview:-1"},"canonical":"https:\/\/evertonfc.cz\/index.php\/2022\/04\/11\/brian-sorensen-novym-manazerem-efc-women\/","og_locale":"cs_CZ","og_type":"article","og_title":"Brian S\u00f8rensen nov\u00fdm mana\u017eerem EFC Women - Official Czech &amp; Slovak Everton Supporters&#039; Club","og_description":"Kouzeln\u00edk nalezen? \u010cek\u00e1n\u00ed na nov\u00e9ho \u0161\u00e9fa \u017eensk\u00e9ho t\u00fdmu je u konce. Stal se j\u00edm d\u00e1nsk\u00fd mana\u017eer Brian S\u00f8rensen.","og_url":"https:\/\/evertonfc.cz\/index.php\/2022\/04\/11\/brian-sorensen-novym-manazerem-efc-women\/","og_site_name":"Official Czech &amp; Slovak Everton Supporters&#039; Club","article_publisher":"https:\/\/www.facebook.com\/everton.fans.cz.sk","article_published_time":"2022-04-11T11:42:33+00:00","article_modified_time":"2022-04-12T11:38:27+00:00","og_image":[{"width":720,"height":405,"url":"https:\/\/evertonfc.cz\/wp-content\/uploads\/2022\/04\/Brian-Sorensen-by-GettyImages-11-4-2022.jpg","type":"image\/jpeg"}],"author":"Karamela","twitter_card":"summary_large_image","twitter_misc":{"Napsal(a)":"Karamela","Odhadovan\u00e1 doba \u010dten\u00ed":"2 minuty"},"schema":{"@context":"https:\/\/schema.org","@graph":[{"@type":"Article","@id":"https:\/\/evertonfc.cz\/index.php\/2022\/04\/11\/brian-sorensen-novym-manazerem-efc-women\/#article","isPartOf":{"@id":"https:\/\/evertonfc.cz\/index.php\/2022\/04\/11\/brian-sorensen-novym-manazerem-efc-women\/"},"author":{"name":"Karamela","@id":"https:\/\/evertonfc.cz\/#\/schema\/person\/e9a24a80a32efa1344dd2c4e5882185c"},"headline":"Brian S\u00f8rensen nov\u00fdm mana\u017eerem EFC Women","datePublished":"2022-04-11T11:42:33+00:00","dateModified":"2022-04-12T11:38:27+00:00","mainEntityOfPage":{"@id":"https:\/\/evertonfc.cz\/index.php\/2022\/04\/11\/brian-sorensen-novym-manazerem-efc-women\/"},"wordCount":426,"commentCount":0,"publisher":{"@id":"https:\/\/evertonfc.cz\/#organization"},"image":{"@id":"https:\/\/evertonfc.cz\/index.php\/2022\/04\/11\/brian-sorensen-novym-manazerem-efc-women\/#primaryimage"},"thumbnailUrl":"https:\/\/evertonfc.cz\/wp-content\/uploads\/2022\/04\/Brian-Sorensen-by-GettyImages-11-4-2022.jpg","articleSection":["Everton Women"],"inLanguage":"cs","potentialAction":[{"@type":"CommentAction","name":"Comment","target":["https:\/\/evertonfc.cz\/index.php\/2022\/04\/11\/brian-sorensen-novym-manazerem-efc-women\/#respond"]}]},{"@type":"WebPage","@id":"https:\/\/evertonfc.cz\/index.php\/2022\/04\/11\/brian-sorensen-novym-manazerem-efc-women\/","url":"https:\/\/evertonfc.cz\/index.php\/2022\/04\/11\/brian-sorensen-novym-manazerem-efc-women\/","name":"Brian S\u00f8rensen nov\u00fdm mana\u017eerem EFC Women - Official Czech &amp; Slovak Everton Supporters&#039; Club","isPartOf":{"@id":"https:\/\/evertonfc.cz\/#website"},"primaryImageOfPage":{"@id":"https:\/\/evertonfc.cz\/index.php\/2022\/04\/11\/brian-sorensen-novym-manazerem-efc-women\/#primaryimage"},"image":{"@id":"https:\/\/evertonfc.cz\/index.php\/2022\/04\/11\/brian-sorensen-novym-manazerem-efc-women\/#primaryimage"},"thumbnailUrl":"https:\/\/evertonfc.cz\/wp-content\/uploads\/2022\/04\/Brian-Sorensen-by-GettyImages-11-4-2022.jpg","datePublished":"2022-04-11T11:42:33+00:00","dateModified":"2022-04-12T11:38:27+00:00","breadcrumb":{"@id":"https:\/\/evertonfc.cz\/index.php\/2022\/04\/11\/brian-sorensen-novym-manazerem-efc-women\/#breadcrumb"},"inLanguage":"cs","potentialAction":[{"@type":"ReadAction","target":["https:\/\/evertonfc.cz\/index.php\/2022\/04\/11\/brian-sorensen-novym-manazerem-efc-women\/"]}]},{"@type":"ImageObject","inLanguage":"cs","@id":"https:\/\/evertonfc.cz\/index.php\/2022\/04\/11\/brian-sorensen-novym-manazerem-efc-women\/#primaryimage","url":"https:\/\/evertonfc.cz\/wp-content\/uploads\/2022\/04\/Brian-Sorensen-by-GettyImages-11-4-2022.jpg","contentUrl":"https:\/\/evertonfc.cz\/wp-content\/uploads\/2022\/04\/Brian-Sorensen-by-GettyImages-11-4-2022.jpg","width":720,"height":405},{"@type":"BreadcrumbList","@id":"https:\/\/evertonfc.cz\/index.php\/2022\/04\/11\/brian-sorensen-novym-manazerem-efc-women\/#breadcrumb","itemListElement":[{"@type":"ListItem","position":1,"name":"Home","item":"https:\/\/evertonfc.cz\/"},{"@type":"ListItem","position":2,"name":"Brian S\u00f8rensen nov\u00fdm mana\u017eerem EFC Women"}]},{"@type":"WebSite","@id":"https:\/\/evertonfc.cz\/#website","url":"https:\/\/evertonfc.cz\/","name":"Official Czech &amp; Slovak Everton Supporters&#039; Club","description":"","publisher":{"@id":"https:\/\/evertonfc.cz\/#organization"},"potentialAction":[{"@type":"SearchAction","target":{"@type":"EntryPoint","urlTemplate":"https:\/\/evertonfc.cz\/?s={search_term_string}"},"query-input":{"@type":"PropertyValueSpecification","valueRequired":true,"valueName":"search_term_string"}}],"inLanguage":"cs"},{"@type":"Organization","@id":"https:\/\/evertonfc.cz\/#organization","name":"Official Czech & Slovak Everton Supporters' Club","url":"https:\/\/evertonfc.cz\/","logo":{"@type":"ImageObject","inLanguage":"cs","@id":"https:\/\/evertonfc.cz\/#\/schema\/logo\/image\/","url":"https:\/\/evertonfc.cz\/wp-content\/uploads\/2019\/05\/logo.png","contentUrl":"https:\/\/evertonfc.cz\/wp-content\/uploads\/2019\/05\/logo.png","width":112,"height":112,"caption":"Official Czech & Slovak Everton Supporters' Club"},"image":{"@id":"https:\/\/evertonfc.cz\/#\/schema\/logo\/image\/"},"sameAs":["https:\/\/www.facebook.com\/everton.fans.cz.sk"]},{"@type":"Person","@id":"https:\/\/evertonfc.cz\/#\/schema\/person\/e9a24a80a32efa1344dd2c4e5882185c","name":"Karamela","url":"https:\/\/evertonfc.cz\/index.php\/author\/karamela\/"}]}},"_links":{"self":[{"href":"https:\/\/evertonfc.cz\/index.php\/wp-json\/wp\/v2\/posts\/18385"}],"collection":[{"href":"https:\/\/evertonfc.cz\/index.php\/wp-json\/wp\/v2\/posts"}],"about":[{"href":"https:\/\/evertonfc.cz\/index.php\/wp-json\/wp\/v2\/types\/post"}],"author":[{"embeddable":true,"href":"https:\/\/evertonfc.cz\/index.php\/wp-json\/wp\/v2\/users\/26"}],"replies":[{"embeddable":true,"href":"https:\/\/evertonfc.cz\/index.php\/wp-json\/wp\/v2\/comments?post=18385"}],"version-history":[{"count":9,"href":"https:\/\/evertonfc.cz\/index.php\/wp-json\/wp\/v2\/posts\/18385\/revisions"}],"predecessor-version":[{"id":18395,"href":"https:\/\/evertonfc.cz\/index.php\/wp-json\/wp\/v2\/posts\/18385\/revisions\/18395"}],"wp:featuredmedia":[{"embeddable":true,"href":"https:\/\/evertonfc.cz\/index.php\/wp-json\/wp\/v2\/media\/18390"}],"wp:attachment":[{"href":"https:\/\/evertonfc.cz\/index.php\/wp-json\/wp\/v2\/media?parent=18385"}],"wp:term":[{"taxonomy":"category","embeddable":true,"href":"https:\/\/evertonfc.cz\/index.php\/wp-json\/wp\/v2\/categories?post=18385"},{"taxonomy":"post_tag","embeddable":true,"href":"https:\/\/evertonfc.cz\/index.php\/wp-json\/wp\/v2\/tags?post=18385"}],"curies":[{"name":"wp","href":"https:\/\/api.w.org\/{rel}","templated":true}]}}