{"id":18396,"date":"2022-04-12T21:37:01","date_gmt":"2022-04-12T19:37:01","guid":{"rendered":"https:\/\/evertonfc.cz\/?p=18396"},"modified":"2022-04-13T10:12:32","modified_gmt":"2022-04-13T08:12:32","slug":"david-unsworth-odchadza","status":"publish","type":"post","link":"https:\/\/evertonfc.cz\/index.php\/2022\/04\/12\/david-unsworth-odchadza\/","title":{"rendered":"David Unsworth odch\u00e1dza"},"content":{"rendered":"<h4>S\u00fa\u010dasn\u00fd riadite\u013e klubovej akad\u00e9mie a\u00a0mana\u017e\u00e9r t\u00edmu U23 je pripraven\u00fd opusti\u0165 svoju poz\u00edciu, aby sa mohol venova\u0165 svojej amb\u00edcii sta\u0165 sa mana\u017e\u00e9rom prv\u00e9ho t\u00edmu. Inde.<\/h4>\n<p>Unsworth bol sprvu vymenovan\u00fd za asistenta mana\u017e\u00e9ra Evertonu U21 v roku 2013 po \u00faloh\u00e1ch v Championship, vr\u00e1tane asistenta mana\u017e\u00e9ra Prestonu North End a rovnako v Sheffielde United. Odkedy sa pripojil k tr\u00e9nersk\u00e9mu t\u00edmu Evertonu, post\u00fapil do svojej s\u00fa\u010dasnej \u00falohy riadite\u013ea akad\u00e9mie a tr\u00e9nera v\u00fdberu do 23 rokov.<\/p>\n<p>S t\u00edmom do 23 rokov dosiahol na v\u00fdznamn\u00fd \u00faspech v podobe v\u00ed\u0165azstva v Premier League 2 v sez\u00f3ne 2016\/17. Nesk\u00f4r aj double spolu s poh\u00e1rom v sez\u00f3ne 2018\/19. Dvakr\u00e1t sa do\u010dasne staral o prv\u00fd t\u00edm Evertonu. Na konci ro\u010dn\u00edka 2015\/16 na posledn\u00fd duel sez\u00f3ny, a na osem z\u00e1pasov v roku 2017 po vyhadzove Ronalda Koemana.<\/p>\n<p>Pokia\u013e ide o rozvoj hr\u00e1\u010dov, Unsworth dohliadal na prechod do prv\u00e9ho t\u00edmu pri nieko\u013ek\u00fdch mlad\u00fdch hr\u00e1\u010doch. A to vr\u00e1tane s\u00fa\u010dasn\u00fdch etablovan\u00fdch hr\u00e1\u010dov A\u010dka ako Tom Davies, Anthony Gordon, Jonjoe Kenny, Mason Holgate \u010di Dominic Calvert-Lewin. Ako hr\u00e1\u010d s prez\u00fdvkou \u201eRhino\u201c pre mohutn\u00fa postavu odohral 350 z\u00e1pasov za Everton v dvoch obdobiach medzi rokmi 1992 a\u017e 1997 a od roku 1998 do 2004. Treba pripomen\u00fa\u0165, \u017ee bol s\u00fa\u010das\u0165ou v\u00ed\u0165azn\u00e9ho t\u00edmu v FA Cupe v roku 1995. V roku, v ktorom si prip\u00edsal aj svoj prv\u00fd a jedin\u00fd medzin\u00e1rodn\u00fd z\u00e1rez.<\/p>\n<h4><strong>David Unsworth pre klubov\u00fd web:<\/strong><\/h4>\n<blockquote><p><span style=\"font-size: 12pt;\"><em>\u201eToto bolo jedno z naj\u0165a\u017e\u0161\u00edch rozhodnut\u00ed, ktor\u00e9 som musel v kari\u00e9re urobi\u0165. Ka\u017ed\u00fd vie, \u010do pre m\u0148a Everton znamen\u00e1. Bol to cel\u00fd m\u00f4j \u017eivot a miloval som ka\u017ed\u00fa min\u00fatu svojho \u010dasu tu. Ver\u00edm v\u0161ak, \u017ee teraz je ten spr\u00e1vny \u010das posun\u00fa\u0165 sa \u010falej, aby som mal \u010do najlep\u0161iu \u0161ancu dosiahnu\u0165 svoje kari\u00e9rne amb\u00edcie. A to sta\u0165 sa st\u00e1lym mana\u017e\u00e9rom prv\u00e9ho t\u00edmu. Chcel by som po\u010fakova\u0165 v\u0161etk\u00fdm, s ktor\u00fdmi som za posledn\u00fdch dev\u00e4\u0165 rokov spolupracoval. Majite\u013eovi a predsedovi za pr\u00edle\u017eitosti, ktor\u00e9 mi poskytli, a za ich nekone\u010dn\u00fa podporu. Everton je \u00fa\u017easn\u00fd klub a klub, ktor\u00fd budem nav\u017edy milova\u0165. V\u0161etk\u00fdm spojen\u00fdm s Evertonom prajem ve\u013ea \u00faspechov v bud\u00facnosti.\u201c<\/em><\/span><\/p><\/blockquote>\n<p>Reakcia priaznivcov na tieto spr\u00e1vy je vo v\u0161eobecnosti pozit\u00edvna. Unsworth je sympa\u0165\u00e1k, popul\u00e1rny b\u00fdval\u00fd hr\u00e1\u010d, ale v klube u\u017e kone\u010dne musia prebehn\u00fa\u0165 \u0161truktur\u00e1lne zmeny. Kritiku schyt\u00e1val za to, \u017ee \u00fadajne neprodukoval dostatok hr\u00e1\u010dov pre prv\u00fd t\u00edm a nedok\u00e1zal sa zbavi\u0165 t\u00fdch, ktor\u00ed sa pova\u017eovali za nedostato\u010dne dobr\u00fdch.<\/p>\n<p>A vo veku 48 rokov David vie, \u017ee sa mus\u00ed posun\u00fa\u0165 \u010falej, ak sa chce niekedy sta\u0165 mana\u017e\u00e9rom. \u010ci u\u017e Evertonu, alebo in\u00e9ho klubu. Vo febru\u00e1ri 2018 dostal od Evertonu povolenie vyjedn\u00e1va\u0165 s Oxfordom United z League One. Daily Mirror vtedy za\u0161iel tak \u010faleko, \u017ee dokonca ozn\u00e1mil, \u017ee jeho vymenovanie bolo prakticky jasn\u00e9.<\/p>\n<h4>Kam by mohol od\u00eds\u0165?<\/h4>\n<p>Nakoniec sa stiahol z boja o funkciu na Kassam Stadium a odmietol tak pr\u00edle\u017eitos\u0165 nazbiera\u0165 mana\u017e\u00e9rske sk\u00fasenosti. Mo\u017eno v tom \u010dase st\u00e1le pova\u017eoval svoje a\u0161pir\u00e1cie na poz\u00edciu mana\u017e\u00e9ra Evertonu za re\u00e1lne. \u0160ancu v\u0161ak nedostal. Vzh\u013eadom na to, \u017ee sa v tom obdob\u00ed odhodlal k tr\u00e9nersk\u00e9mu prestupu na juhov\u00fdchod, je zauj\u00edmav\u00e9, \u017ee sa pr\u00e1ve objavilo vo\u013en\u00e9 miesto na severoz\u00e1pade v Crewe Alexandra, \u010do je omnoho bli\u017e\u0161ie k Liverpoolu.<\/p>\n<p>\u017delezni\u010diari sa rozl\u00fa\u010dili s mana\u017e\u00e9rom Davidom Artellom po ich sobot\u0148aj\u0161om potvrden\u00ed vypadnutia z League One. To by pre Rhina znamenalo budovanie t\u00edmu od \u0161tvrtej, poslednej profesion\u00e1lnej ligy v ostrovnej hierarchii. Na desa\u0165tis\u00edcovom Gresty Road by ho v\u0161ak \u010dakala prvotriedna akad\u00e9mia, produkuj\u00faca ako na be\u017eiacom p\u00e1se.<\/p>\n<p>Aj ke\u010f sa toto rozhodnutie jav\u00ed ako vlastn\u00e9 (hoci bez udania presn\u00e9ho d\u00e1tumu &#8211; predpoklad po konci aktu\u00e1lnej sez\u00f3ny), Unsworthov odchod by mohol by\u0165 prejavom vplyvu nov\u00e9ho \u0161portov\u00e9ho riadite\u013ea klubu Kevina Thelwella. Jeho predchodca Marcel Brands nesl\u00e1vne nikdy nedostal priestor na to, aby svoju pr\u00e1cu robil poriadne, tak\u017ee m\u00f4\u017eeme d\u00fafa\u0165, \u017ee aj toto je znak toho, \u017ee sa klub pou\u010dil.<\/p>\n<h4><strong>Predseda klubu Bill Kenwright:<\/strong><\/h4>\n<blockquote><p><span style=\"font-size: 12pt;\"><em>\u201eOdkedy sa Unsie vr\u00e1til do Evertonu ako tr\u00e9ner, uk\u00e1zal v\u0161etk\u00fdm, \u010d\u00edm je. Skvel\u00fdm tr\u00e9nerom, skvel\u00fdm Evertonianom&#8230; a\u00a0v\u00ed\u0165azom. Aj ke\u010f n\u00e1s mrz\u00ed, \u017ee sa niekto s jeho talentom a l\u00e1skou ku klubu pos\u00fava \u010falej, \u00faplne ch\u00e1peme a re\u0161pektujeme jeho rozhodnutie. V mene v\u0161etk\u00fdch v Evertone mu \u017eel\u00e1m ve\u013ea \u00faspechov a som si ist\u00fd, \u017ee to bude \u00faspe\u0161n\u00e1 kari\u00e9ra v mana\u017emente. Od v\u0161etk\u00fdch v Evertone, \u010fakujeme a prajeme ve\u013ea \u0161\u0165astia, Unsie.\u201c<\/em><\/span><\/p><\/blockquote>\n<p style=\"text-align: right;\"><span style=\"font-size: 8pt;\">(fotozdroj: evertonfc.com)<\/span><\/p>\n","protected":false},"excerpt":{"rendered":"<p>S\u00fa\u010dasn\u00fd riadite\u013e klubovej akad\u00e9mie a\u00a0mana\u017e\u00e9r t\u00edmu U23 je pripraven\u00fd opusti\u0165 svoju poz\u00edciu, aby sa mohol venova\u0165 svojej amb\u00edcii sta\u0165 sa mana\u017e\u00e9rom prv\u00e9ho t\u00edmu. Inde.<\/p>\n","protected":false},"author":1,"featured_media":18398,"comment_status":"open","ping_status":"closed","sticky":false,"template":"","format":"standard","meta":{"_eb_attr":"","_monsterinsights_skip_tracking":false,"_monsterinsights_sitenote_active":false,"_monsterinsights_sitenote_note":"","_monsterinsights_sitenote_category":0,"footnotes":""},"categories":[42],"tags":[],"yoast_head":"<!-- This site is optimized with the Yoast SEO plugin v23.4 - https:\/\/yoast.com\/wordpress\/plugins\/seo\/ -->\n<title>David Unsworth odch\u00e1dza - Official Czech &amp; Slovak Everton Supporters&#039; Club<\/title>\n<meta name=\"robots\" content=\"index, follow, max-snippet:-1, max-image-preview:large, max-video-preview:-1\" \/>\n<link rel=\"canonical\" href=\"https:\/\/evertonfc.cz\/index.php\/2022\/04\/12\/david-unsworth-odchadza\/\" \/>\n<meta property=\"og:locale\" content=\"cs_CZ\" \/>\n<meta property=\"og:type\" content=\"article\" \/>\n<meta property=\"og:title\" content=\"David Unsworth odch\u00e1dza - Official Czech &amp; Slovak Everton Supporters&#039; Club\" \/>\n<meta property=\"og:description\" content=\"S\u00fa\u010dasn\u00fd riadite\u013e klubovej akad\u00e9mie a\u00a0mana\u017e\u00e9r t\u00edmu U23 je pripraven\u00fd opusti\u0165 svoju poz\u00edciu, aby sa mohol venova\u0165 svojej amb\u00edcii sta\u0165 sa mana\u017e\u00e9rom prv\u00e9ho t\u00edmu. Inde.\" \/>\n<meta property=\"og:url\" content=\"https:\/\/evertonfc.cz\/index.php\/2022\/04\/12\/david-unsworth-odchadza\/\" \/>\n<meta property=\"og:site_name\" content=\"Official Czech &amp; Slovak Everton Supporters&#039; Club\" \/>\n<meta property=\"article:publisher\" content=\"https:\/\/www.facebook.com\/everton.fans.cz.sk\" \/>\n<meta property=\"article:published_time\" content=\"2022-04-12T19:37:01+00:00\" \/>\n<meta property=\"article:modified_time\" content=\"2022-04-13T08:12:32+00:00\" \/>\n<meta property=\"og:image\" content=\"https:\/\/evertonfc.cz\/wp-content\/uploads\/2022\/04\/David-Unsworth-by-efc.com-12-4-2022.jpg\" \/>\n\t<meta property=\"og:image:width\" content=\"720\" \/>\n\t<meta property=\"og:image:height\" content=\"405\" \/>\n\t<meta property=\"og:image:type\" content=\"image\/jpeg\" \/>\n<meta name=\"author\" content=\"BlueBlooded\" \/>\n<meta name=\"twitter:card\" content=\"summary_large_image\" \/>\n<meta name=\"twitter:label1\" content=\"Napsal(a)\" \/>\n\t<meta name=\"twitter:data1\" content=\"BlueBlooded\" \/>\n\t<meta name=\"twitter:label2\" content=\"Odhadovan\u00e1 doba \u010dten\u00ed\" \/>\n\t<meta name=\"twitter:data2\" content=\"4 minuty\" \/>\n<script type=\"application\/ld+json\" class=\"yoast-schema-graph\">{\"@context\":\"https:\/\/schema.org\",\"@graph\":[{\"@type\":\"Article\",\"@id\":\"https:\/\/evertonfc.cz\/index.php\/2022\/04\/12\/david-unsworth-odchadza\/#article\",\"isPartOf\":{\"@id\":\"https:\/\/evertonfc.cz\/index.php\/2022\/04\/12\/david-unsworth-odchadza\/\"},\"author\":{\"name\":\"BlueBlooded\",\"@id\":\"https:\/\/evertonfc.cz\/#\/schema\/person\/d4493b8cbea51532597fbc4685698916\"},\"headline\":\"David Unsworth odch\u00e1dza\",\"datePublished\":\"2022-04-12T19:37:01+00:00\",\"dateModified\":\"2022-04-13T08:12:32+00:00\",\"mainEntityOfPage\":{\"@id\":\"https:\/\/evertonfc.cz\/index.php\/2022\/04\/12\/david-unsworth-odchadza\/\"},\"wordCount\":855,\"commentCount\":8,\"publisher\":{\"@id\":\"https:\/\/evertonfc.cz\/#organization\"},\"image\":{\"@id\":\"https:\/\/evertonfc.cz\/index.php\/2022\/04\/12\/david-unsworth-odchadza\/#primaryimage\"},\"thumbnailUrl\":\"https:\/\/evertonfc.cz\/wp-content\/uploads\/2022\/04\/David-Unsworth-by-efc.com-12-4-2022.jpg\",\"articleSection\":[\"Aktuality\"],\"inLanguage\":\"cs\",\"potentialAction\":[{\"@type\":\"CommentAction\",\"name\":\"Comment\",\"target\":[\"https:\/\/evertonfc.cz\/index.php\/2022\/04\/12\/david-unsworth-odchadza\/#respond\"]}]},{\"@type\":\"WebPage\",\"@id\":\"https:\/\/evertonfc.cz\/index.php\/2022\/04\/12\/david-unsworth-odchadza\/\",\"url\":\"https:\/\/evertonfc.cz\/index.php\/2022\/04\/12\/david-unsworth-odchadza\/\",\"name\":\"David Unsworth odch\u00e1dza - Official Czech &amp; Slovak Everton Supporters&#039; Club\",\"isPartOf\":{\"@id\":\"https:\/\/evertonfc.cz\/#website\"},\"primaryImageOfPage\":{\"@id\":\"https:\/\/evertonfc.cz\/index.php\/2022\/04\/12\/david-unsworth-odchadza\/#primaryimage\"},\"image\":{\"@id\":\"https:\/\/evertonfc.cz\/index.php\/2022\/04\/12\/david-unsworth-odchadza\/#primaryimage\"},\"thumbnailUrl\":\"https:\/\/evertonfc.cz\/wp-content\/uploads\/2022\/04\/David-Unsworth-by-efc.com-12-4-2022.jpg\",\"datePublished\":\"2022-04-12T19:37:01+00:00\",\"dateModified\":\"2022-04-13T08:12:32+00:00\",\"breadcrumb\":{\"@id\":\"https:\/\/evertonfc.cz\/index.php\/2022\/04\/12\/david-unsworth-odchadza\/#breadcrumb\"},\"inLanguage\":\"cs\",\"potentialAction\":[{\"@type\":\"ReadAction\",\"target\":[\"https:\/\/evertonfc.cz\/index.php\/2022\/04\/12\/david-unsworth-odchadza\/\"]}]},{\"@type\":\"ImageObject\",\"inLanguage\":\"cs\",\"@id\":\"https:\/\/evertonfc.cz\/index.php\/2022\/04\/12\/david-unsworth-odchadza\/#primaryimage\",\"url\":\"https:\/\/evertonfc.cz\/wp-content\/uploads\/2022\/04\/David-Unsworth-by-efc.com-12-4-2022.jpg\",\"contentUrl\":\"https:\/\/evertonfc.cz\/wp-content\/uploads\/2022\/04\/David-Unsworth-by-efc.com-12-4-2022.jpg\",\"width\":720,\"height\":405},{\"@type\":\"BreadcrumbList\",\"@id\":\"https:\/\/evertonfc.cz\/index.php\/2022\/04\/12\/david-unsworth-odchadza\/#breadcrumb\",\"itemListElement\":[{\"@type\":\"ListItem\",\"position\":1,\"name\":\"Home\",\"item\":\"https:\/\/evertonfc.cz\/\"},{\"@type\":\"ListItem\",\"position\":2,\"name\":\"David Unsworth odch\u00e1dza\"}]},{\"@type\":\"WebSite\",\"@id\":\"https:\/\/evertonfc.cz\/#website\",\"url\":\"https:\/\/evertonfc.cz\/\",\"name\":\"Official Czech &amp; Slovak Everton Supporters&#039; Club\",\"description\":\"\",\"publisher\":{\"@id\":\"https:\/\/evertonfc.cz\/#organization\"},\"potentialAction\":[{\"@type\":\"SearchAction\",\"target\":{\"@type\":\"EntryPoint\",\"urlTemplate\":\"https:\/\/evertonfc.cz\/?s={search_term_string}\"},\"query-input\":{\"@type\":\"PropertyValueSpecification\",\"valueRequired\":true,\"valueName\":\"search_term_string\"}}],\"inLanguage\":\"cs\"},{\"@type\":\"Organization\",\"@id\":\"https:\/\/evertonfc.cz\/#organization\",\"name\":\"Official Czech & Slovak Everton Supporters' Club\",\"url\":\"https:\/\/evertonfc.cz\/\",\"logo\":{\"@type\":\"ImageObject\",\"inLanguage\":\"cs\",\"@id\":\"https:\/\/evertonfc.cz\/#\/schema\/logo\/image\/\",\"url\":\"https:\/\/evertonfc.cz\/wp-content\/uploads\/2019\/05\/logo.png\",\"contentUrl\":\"https:\/\/evertonfc.cz\/wp-content\/uploads\/2019\/05\/logo.png\",\"width\":112,\"height\":112,\"caption\":\"Official Czech & Slovak Everton Supporters' Club\"},\"image\":{\"@id\":\"https:\/\/evertonfc.cz\/#\/schema\/logo\/image\/\"},\"sameAs\":[\"https:\/\/www.facebook.com\/everton.fans.cz.sk\"]},{\"@type\":\"Person\",\"@id\":\"https:\/\/evertonfc.cz\/#\/schema\/person\/d4493b8cbea51532597fbc4685698916\",\"name\":\"BlueBlooded\",\"url\":\"https:\/\/evertonfc.cz\/index.php\/author\/admin\/\"}]}<\/script>\n<!-- \/ Yoast SEO plugin. -->","yoast_head_json":{"title":"David Unsworth odch\u00e1dza - Official Czech &amp; Slovak Everton Supporters&#039; Club","robots":{"index":"index","follow":"follow","max-snippet":"max-snippet:-1","max-image-preview":"max-image-preview:large","max-video-preview":"max-video-preview:-1"},"canonical":"https:\/\/evertonfc.cz\/index.php\/2022\/04\/12\/david-unsworth-odchadza\/","og_locale":"cs_CZ","og_type":"article","og_title":"David Unsworth odch\u00e1dza - Official Czech &amp; Slovak Everton Supporters&#039; Club","og_description":"S\u00fa\u010dasn\u00fd riadite\u013e klubovej akad\u00e9mie a\u00a0mana\u017e\u00e9r t\u00edmu U23 je pripraven\u00fd opusti\u0165 svoju poz\u00edciu, aby sa mohol venova\u0165 svojej amb\u00edcii sta\u0165 sa mana\u017e\u00e9rom prv\u00e9ho t\u00edmu. Inde.","og_url":"https:\/\/evertonfc.cz\/index.php\/2022\/04\/12\/david-unsworth-odchadza\/","og_site_name":"Official Czech &amp; Slovak Everton Supporters&#039; Club","article_publisher":"https:\/\/www.facebook.com\/everton.fans.cz.sk","article_published_time":"2022-04-12T19:37:01+00:00","article_modified_time":"2022-04-13T08:12:32+00:00","og_image":[{"width":720,"height":405,"url":"https:\/\/evertonfc.cz\/wp-content\/uploads\/2022\/04\/David-Unsworth-by-efc.com-12-4-2022.jpg","type":"image\/jpeg"}],"author":"BlueBlooded","twitter_card":"summary_large_image","twitter_misc":{"Napsal(a)":"BlueBlooded","Odhadovan\u00e1 doba \u010dten\u00ed":"4 minuty"},"schema":{"@context":"https:\/\/schema.org","@graph":[{"@type":"Article","@id":"https:\/\/evertonfc.cz\/index.php\/2022\/04\/12\/david-unsworth-odchadza\/#article","isPartOf":{"@id":"https:\/\/evertonfc.cz\/index.php\/2022\/04\/12\/david-unsworth-odchadza\/"},"author":{"name":"BlueBlooded","@id":"https:\/\/evertonfc.cz\/#\/schema\/person\/d4493b8cbea51532597fbc4685698916"},"headline":"David Unsworth odch\u00e1dza","datePublished":"2022-04-12T19:37:01+00:00","dateModified":"2022-04-13T08:12:32+00:00","mainEntityOfPage":{"@id":"https:\/\/evertonfc.cz\/index.php\/2022\/04\/12\/david-unsworth-odchadza\/"},"wordCount":855,"commentCount":8,"publisher":{"@id":"https:\/\/evertonfc.cz\/#organization"},"image":{"@id":"https:\/\/evertonfc.cz\/index.php\/2022\/04\/12\/david-unsworth-odchadza\/#primaryimage"},"thumbnailUrl":"https:\/\/evertonfc.cz\/wp-content\/uploads\/2022\/04\/David-Unsworth-by-efc.com-12-4-2022.jpg","articleSection":["Aktuality"],"inLanguage":"cs","potentialAction":[{"@type":"CommentAction","name":"Comment","target":["https:\/\/evertonfc.cz\/index.php\/2022\/04\/12\/david-unsworth-odchadza\/#respond"]}]},{"@type":"WebPage","@id":"https:\/\/evertonfc.cz\/index.php\/2022\/04\/12\/david-unsworth-odchadza\/","url":"https:\/\/evertonfc.cz\/index.php\/2022\/04\/12\/david-unsworth-odchadza\/","name":"David Unsworth odch\u00e1dza - Official Czech &amp; Slovak Everton Supporters&#039; Club","isPartOf":{"@id":"https:\/\/evertonfc.cz\/#website"},"primaryImageOfPage":{"@id":"https:\/\/evertonfc.cz\/index.php\/2022\/04\/12\/david-unsworth-odchadza\/#primaryimage"},"image":{"@id":"https:\/\/evertonfc.cz\/index.php\/2022\/04\/12\/david-unsworth-odchadza\/#primaryimage"},"thumbnailUrl":"https:\/\/evertonfc.cz\/wp-content\/uploads\/2022\/04\/David-Unsworth-by-efc.com-12-4-2022.jpg","datePublished":"2022-04-12T19:37:01+00:00","dateModified":"2022-04-13T08:12:32+00:00","breadcrumb":{"@id":"https:\/\/evertonfc.cz\/index.php\/2022\/04\/12\/david-unsworth-odchadza\/#breadcrumb"},"inLanguage":"cs","potentialAction":[{"@type":"ReadAction","target":["https:\/\/evertonfc.cz\/index.php\/2022\/04\/12\/david-unsworth-odchadza\/"]}]},{"@type":"ImageObject","inLanguage":"cs","@id":"https:\/\/evertonfc.cz\/index.php\/2022\/04\/12\/david-unsworth-odchadza\/#primaryimage","url":"https:\/\/evertonfc.cz\/wp-content\/uploads\/2022\/04\/David-Unsworth-by-efc.com-12-4-2022.jpg","contentUrl":"https:\/\/evertonfc.cz\/wp-content\/uploads\/2022\/04\/David-Unsworth-by-efc.com-12-4-2022.jpg","width":720,"height":405},{"@type":"BreadcrumbList","@id":"https:\/\/evertonfc.cz\/index.php\/2022\/04\/12\/david-unsworth-odchadza\/#breadcrumb","itemListElement":[{"@type":"ListItem","position":1,"name":"Home","item":"https:\/\/evertonfc.cz\/"},{"@type":"ListItem","position":2,"name":"David Unsworth odch\u00e1dza"}]},{"@type":"WebSite","@id":"https:\/\/evertonfc.cz\/#website","url":"https:\/\/evertonfc.cz\/","name":"Official Czech &amp; Slovak Everton Supporters&#039; Club","description":"","publisher":{"@id":"https:\/\/evertonfc.cz\/#organization"},"potentialAction":[{"@type":"SearchAction","target":{"@type":"EntryPoint","urlTemplate":"https:\/\/evertonfc.cz\/?s={search_term_string}"},"query-input":{"@type":"PropertyValueSpecification","valueRequired":true,"valueName":"search_term_string"}}],"inLanguage":"cs"},{"@type":"Organization","@id":"https:\/\/evertonfc.cz\/#organization","name":"Official Czech & Slovak Everton Supporters' Club","url":"https:\/\/evertonfc.cz\/","logo":{"@type":"ImageObject","inLanguage":"cs","@id":"https:\/\/evertonfc.cz\/#\/schema\/logo\/image\/","url":"https:\/\/evertonfc.cz\/wp-content\/uploads\/2019\/05\/logo.png","contentUrl":"https:\/\/evertonfc.cz\/wp-content\/uploads\/2019\/05\/logo.png","width":112,"height":112,"caption":"Official Czech & Slovak Everton Supporters' Club"},"image":{"@id":"https:\/\/evertonfc.cz\/#\/schema\/logo\/image\/"},"sameAs":["https:\/\/www.facebook.com\/everton.fans.cz.sk"]},{"@type":"Person","@id":"https:\/\/evertonfc.cz\/#\/schema\/person\/d4493b8cbea51532597fbc4685698916","name":"BlueBlooded","url":"https:\/\/evertonfc.cz\/index.php\/author\/admin\/"}]}},"_links":{"self":[{"href":"https:\/\/evertonfc.cz\/index.php\/wp-json\/wp\/v2\/posts\/18396"}],"collection":[{"href":"https:\/\/evertonfc.cz\/index.php\/wp-json\/wp\/v2\/posts"}],"about":[{"href":"https:\/\/evertonfc.cz\/index.php\/wp-json\/wp\/v2\/types\/post"}],"author":[{"embeddable":true,"href":"https:\/\/evertonfc.cz\/index.php\/wp-json\/wp\/v2\/users\/1"}],"replies":[{"embeddable":true,"href":"https:\/\/evertonfc.cz\/index.php\/wp-json\/wp\/v2\/comments?post=18396"}],"version-history":[{"count":13,"href":"https:\/\/evertonfc.cz\/index.php\/wp-json\/wp\/v2\/posts\/18396\/revisions"}],"predecessor-version":[{"id":18410,"href":"https:\/\/evertonfc.cz\/index.php\/wp-json\/wp\/v2\/posts\/18396\/revisions\/18410"}],"wp:featuredmedia":[{"embeddable":true,"href":"https:\/\/evertonfc.cz\/index.php\/wp-json\/wp\/v2\/media\/18398"}],"wp:attachment":[{"href":"https:\/\/evertonfc.cz\/index.php\/wp-json\/wp\/v2\/media?parent=18396"}],"wp:term":[{"taxonomy":"category","embeddable":true,"href":"https:\/\/evertonfc.cz\/index.php\/wp-json\/wp\/v2\/categories?post=18396"},{"taxonomy":"post_tag","embeddable":true,"href":"https:\/\/evertonfc.cz\/index.php\/wp-json\/wp\/v2\/tags?post=18396"}],"curies":[{"name":"wp","href":"https:\/\/api.w.org\/{rel}","templated":true}]}}