{"id":18468,"date":"2022-04-25T17:00:02","date_gmt":"2022-04-25T15:00:02","guid":{"rendered":"https:\/\/evertonfc.cz\/?p=18468"},"modified":"2022-04-25T22:34:52","modified_gmt":"2022-04-25T20:34:52","slug":"liverpool-everton-20","status":"publish","type":"post","link":"https:\/\/evertonfc.cz\/index.php\/2022\/04\/25\/liverpool-everton-20\/","title":{"rendered":"Liverpool &#8211; Everton 2:0"},"content":{"rendered":"<h4>Zv\u00fd\u0161en\u00fd tep, nechu\u0165 a zast\u0159en\u00fd zrak. Takov\u00e9 projevy \u010dasto doprov\u00e1z\u00ed v\u00a0posledn\u00edch letech nejednoho Evertoniana p\u0159i sledov\u00e1n\u00ed Merseyside derby, obzvl\u00e1\u0161t\u011b t\u011bch hran\u00fdch na Anfield Road. Pro 240. epizodu to umocnil aktu\u00e1ln\u00ed kontext, Toffees u\u017e jsou toti\u017e v\u00a0z\u00f3n\u011b sestupu.<\/h4>\n<p>Vlci zklamali, nedok\u00e1zali Burnley ani jednou poko\u0159it a Vydra ulovil dal\u0161\u00ed body, tak\u017ee se Clarets vyhoupli na 17. p\u0159\u00ed\u010dku. P\u0159ed Everton, jeho\u017e vystupov\u00e1n\u00ed na venkovn\u00edch h\u0159\u00edst\u00edch dosahuje deprese rozm\u011br\u016f Mari\u00e1nsk\u00e9ho p\u0159\u00edkopu.<\/p>\n<p>Frank Lampard zat\u00edm nedok\u00e1zal vynal\u00e9zt elix\u00edr, kter\u00fdm by vykouzlil pro sv\u016fj t\u00fdm body z venkovn\u00edch h\u0159i\u0161\u0165. Nem\u00e1 na sv\u00e9m kont\u011b ani jeden. Nelze pominout, \u017ee se chystal na p\u016fdu t\u00fdmu, kter\u00fd \u0161lape jako asi nikdo na Ostrovech. Proto se patrn\u011b rozhodl opr\u00e1\u0161it z arch\u00edvu taktiku Sama Allardyce, je\u0161t\u011b vylep\u0161enou drobn\u00fdmi detaily.<\/p>\n<h4><strong>P\u0159ed bou\u0159\u00ed<\/strong><\/h4>\n<p>Everton b\u00fdv\u00e1 \u010dasto ter\u010dem kritiky a posm\u011bchu za p\u0159estupovou politiku. Co ji ale vydatn\u011b torp\u00e9duje, je s\u00e9rie zran\u011bn\u00ed a neschopnost \u00fasp\u011b\u0161n\u00e9 rekonvalescence. K dlouhodob\u011b invalidn\u00edm Daviesovi, Townsendovi a Pattersonovi bylo lze p\u0159ipo\u010d\u00edst van de Beeka a Gomese(t\u0159\u00edsla), Calvert-Lewin opakovan\u011b laboruje se stehenn\u00edm svalem, Mina byl u\u0161et\u0159en pro dal\u0161\u00ed z\u00e1pasy. Aby toho nebylo m\u00e1lo, p\u0159i rozcvi\u010dce se zranil Ben Godfrey. Pro \u0159adu pozic tak do\u0161ly alternativy a limitovalo sou\u010dasn\u011b i pos\u00edlen\u00ed jeden\u00e1ctky na h\u0159i\u0161ti v pr\u016fb\u011bhu z\u00e1pasu.<\/p>\n<p>Lewis Dobbin byl na lavi\u010dce naposledy p\u0159ed 3 t\u00fddny, by\u0165 p\u0159ed t\u00fddnem absolovoval z\u00e1pas U23 proti Chelsea. Ten s\u00a0n\u00edm cel\u00fd str\u00e1vili na h\u0159i\u0161ti Branthwaite a Price, pro kter\u00e9 m\u00edsto na lavi\u010dce bylo. 2 n\u00e1hradn\u00ed brank\u00e1\u0159e dopl\u0148ovali Kenny, Alli, Rondon a El Ghazi.<\/p>\n<p>Do z\u00e1kladu se tak vr\u00e1tili Michael Keane (nebylo zbyt\u00ed) a Abdoulaye Doucour\u00e9. Ten zaujal m\u00edsto Fabiena Delpha. Tato zm\u011bna signalizovala, \u017ee s m\u00ed\u010dem a n\u011bjakou rozehr\u00e1vkou moc p\u00e1rat nebudeme.<\/p>\n<p>Dom\u00e1c\u00ed nastoupili s jedin\u00fdm Angli\u010danem v t\u00fdmu, t\u00edm byl Alexander-Arnold. Oproti t\u00fdmu, jen\u017e v t\u00fddnu znemo\u017enil Manchester United, nahradil Hendersona Naby Keita a Jota dostal p\u0159ednost p\u0159ed Diazem.<\/p>\n<h4>Prvn\u00ed polo\u010das<\/h4>\n<p>Od za\u010d\u00e1tku byl z\u00e1m\u011br dru\u017einy Franka Lamparda jasn\u00fd. Hodn\u011b n\u00edzko sta\u017een\u00fd blok, snaha co nejv\u00edce kouskovat hru, naru\u0161ovat tempo a \u010dekat, co bude. V boji o z\u00e1chranu, v \u010dase nejv\u011bt\u0161\u00edho zouf\u00e1n\u00ed, je povoleno ledasco. Instrukce byly patrn\u00e9 na pohybu hr\u00e1\u010d\u016f, napad\u00e1n\u00ed za p\u016flic\u00ed \u010d\u00e1rou bylo zak\u00e1z\u00e1no.<\/p>\n<p>\u00da\u010del sv\u011bt\u00ed prost\u0159edky a c\u00edle neutrp\u011bt decimuj\u00edc\u00ed por\u00e1\u017eku m\u011bli napom\u00e1hat i ne zcela sympatick\u00e9 postupy. Pickfordovu liknavou rozehr\u00e1vku doprov\u00e1zelo vydatn\u00e9 p\u00edsk\u00e1n\u00ed, av\u0161ak vn\u00edm\u00e1n\u00ed \u010dasu je subjektivn\u00ed, m\u011b osobn\u011b p\u0159i\u0161la distribuce nap\u0159. Frasera Forstera je\u0161t\u011b pomalej\u0161\u00ed. Ale Pickyho tady prost\u011b nemaj\u00ed n\u011bjak r\u00e1di.<\/p>\n<p>Anthony Gordon se od sv\u00e9ho brazilsk\u00e9ho kamar\u00e1da p\u0159iu\u010dil nep\u011bkn\u00fd zlozvyk, t\u00edm je filmov\u00e1n\u00ed. Ur\u010dit\u011b to nevid\u00edme r\u00e1di a jak se zd\u00e1, m\u00e1 to i negativn\u00ed dopad na vn\u00edm\u00e1n\u00ed ze strany rozhod\u010d\u00edch. Pro\u0161el si t\u00edm Richarlison (a nepou\u010dil se) a \u010dek\u00e1 to i Gordona. V \u00e9\u0159e VAR je to jednozna\u010dn\u011b z m\u00f3dy. Hr\u00e1\u010d, kter\u00fd je \u010dasto s m\u00ed\u010dem, toho schyt\u00e1 nejv\u00edc.<\/p>\n<p>Richarlison je kapitola sama pro sebe, jeho p\u00e1dy a bolestiv\u00e9 etudy jsou mimo jak\u00e9koliv tabulky. Co bych mu p\u0159i\u010detl k\u00a0dobru, jak poctiv\u011b se tomu dok\u00e1zal v\u011bnovat a pro dobro t\u00fdmu ve sv\u00e9m \u00fasil\u00ed neust\u00e1val, p\u0159esto\u017ee na h\u0159i\u0161ti to nikdo nevn\u00edmal a Evertonians na tribun\u00e1ch za\u010dali studem fialov\u011bt.<\/p>\n<p>Dr\u017een\u00ed m\u00ed\u010de ji\u017e od za\u010d\u00e1tku slezlo do obludn\u00e9ho pom\u011bru, p\u0159esto Mod\u0159\u00ed p\u016fsobili nebezpe\u010dn\u011b. V p\u00e1t\u00e9 minut\u011b Demarai Gray p\u00e1lil z dobr\u00e9 pozice z p\u0159\u00edm\u00e9ho kopu jen do zdi. Oba k\u0159\u00eddeln\u00edci nah\u00e1n\u011bli pasy za obranu, dopl\u0148ov\u00e1n\u00ed Richarlisonem, z\u00e1loha nepropou\u0161t\u011bla t\u00e9m\u011b\u0159 \u017e\u00e1dn\u00e9 bal\u00f3ny, tak\u017ee p\u0159\u00edle\u017eitost\u00ed k brejk\u016f bylo dost. Gordon svou rychlost\u00ed \u010dasto unikal Alexandrovi-Arnoldovi, ale postr\u010den\u00ed rukou asi nen\u00ed faul. Pickford dr\u00e1\u017edil publikum, tak\u017ee se t\u00e9m\u011b\u0159 st\u00e1le bu\u010delo nebo p\u00edskalo.<\/p>\n<p>Na druh\u00e9 stran\u011b se nedok\u00e1zal p\u0159es Mykolenka prosadit Salah. Man\u00e9 se ve 21. minut\u011b odhodlal ke st\u0159ele z\u00a0d\u00e1lky, kter\u00e1 ale prol\u00e9tla bezpe\u010dn\u011b nad. P\u016flku h\u0159i\u0161t\u011b zal\u00e9valo slunce, druhou \u010das zakr\u00fdvalo jak\u00e9si st\u00edn\u00edtko a cel\u00e9mu spekt\u00e1klu tak dod\u00e1valo lehce temnou \u010di nejasnou atmosf\u00e9ru. Ale mo\u017en\u00e1 to bylo ve mn\u011b.<\/p>\n<p>Everton m\u011bl prvn\u00ed roh, Gordon si polo\u017eil nejprve m\u00ed\u010d o vlas za \u010d\u00e1ru, jeho p\u016fvodn\u00ed centr odvr\u00e1tila obrana, tak\u017ee inventivn\u00ed rozehr\u00e1vkou p\u0159es Pickforda se dostal m\u00ed\u010d op\u011bt ke Gordonovi. Ten sebou p\u0159i pr\u016fniku pokutov\u00fdm \u00fazem\u00edm sebou pra\u0161til na zem, na vin\u011b byla nejsp\u00ed\u0161e Keitova aura.<\/p>\n<p>Pot\u00e9 p\u0159i\u0161el men\u0161\u00ed tlak dom\u00e1c\u00edch, kter\u00fd zapo\u010dal t\u00edm, \u017ee Jota \u00famysln\u011b rukou \u0161mrdlal Colemanovi v obli\u010deji, za co\u017e z\u00edskal pro sv\u016fj t\u00fdm p\u0159\u00edm\u00fd kop. Everton ale odvr\u00e1til i n\u00e1sledn\u00fd roh. Jota se pak dostal k pokusu z v\u00e1pna, ale m\u00ed\u0159il na\u0161t\u011bst\u00ed vedle. Ve 34. minut\u011b pak p\u00e1dil po bleskov\u00e9m brejku a pasu od Richarlisona Doucour\u00e9. Svou st\u0159elu ale nedok\u00e1zal vm\u011bstnat mezi 3 ty\u010de.<\/p>\n<p>Richarlisonovi se ke konci p\u016fle zal\u00edbilo poleh\u00e1vat na pa\u017eitu. Nejprve po hlavi\u010dce a pak p\u0159i br\u00e1n\u011bn\u00ed si umn\u011b oto\u010dil kotn\u00edk, str\u00e1vil n\u011bkolik minut v le\u017ee. Bohu\u017eel musel oslaben\u00ed utnout a\u017e \u017elut\u00fdm z\u00e1krokem Doucour\u00e9, Fabinha musel sund\u00e1vat na dvakr\u00e1t, ten toho vyu\u017eil k vyst\u0159i\u017een\u00ed trojit\u00e9ho salchowa. Pak se v\u0161ichni hr\u00e1\u010di se\u0161li na polovin\u011b a vzru\u0161en\u011b diskutovali, Man\u00e9 p\u0159itom pohladil Allana po tv\u00e1\u0159i. Roztomil\u00e9 momenty.<\/p>\n<h4>Druh\u00fd polo\u010das<\/h4>\n<p>Praktiky hned od za\u010d\u00e1tku se modr\u00fd obrann\u00fd val trochu rozt\u00e1hl, ale k\u00a0ni\u010demu velk\u00e9mu to nevedlo. Dom\u00e1c\u00ed se k\u00a0zakon\u010den\u00ed nedostali, z\u00a0brejku Iwobi sv\u016fj 70metrov\u00fd sprint ke ohro\u017een\u00ed Allisona tak\u00e9 nedot\u00e1hl. Dop\u0159edu p\u00e1dil Gordon, ale Matipa nep\u0159etla\u010dil. Snad za 2 minuty u\u017e byli znovu oba ve sprintu, evertonsk\u00fd odchovanec o krok p\u0159ed Kameruncem, ten ho zezadu postr\u010dil a sou\u010dasn\u011b snad i podrazil. Stuart Attwell se rozhodl neud\u011blat nic.<\/p>\n<p>Alexander-Arnold zakroutil roh do branky. Ale zaj\u00edmav\u011bj\u0161\u00ed \u0161anci dok\u00e1zal Iwobi p\u0159ipravit op\u011bt pro Gordona, ten se \u0159\u00edtil na Allisona, ale op\u011bt m\u00ed\u0159il mimo. Za chv\u00edli po dal\u0161\u00edm rohu dom\u00e1c\u00edch dos\u00e1hl Gordon rychlosti sv\u011btla, Alexander-Arnold byl na m\u00edst\u011b pozd\u011b a inkasoval \u017elutou. N\u00e1sledoval dal\u0161\u00ed roh pro dom\u00e1c\u00ed, kte\u0159\u00ed usilovn\u011b sb\u00edrali jeden za druh\u00fdm.<\/p>\n<p>Zlom nastal v 60. minut\u011b, kdy J\u00fcrgen Klopp poslal na \u0159i\u0161t\u011b nov\u00e9 s\u00edly D\u00edaze s Origim. Netrvalo to pak dlouho, 2 minutky, Salah zakombinoval s Origim, oblou\u010dkem na\u0161el na zadn\u00ed ty\u010di Robertsona a ne\u017e se sta\u010dil Coleman zorientovat, bylo to <strong>1:0<\/strong>.<\/p>\n<p>Lampard v\u00e1hal s odkryt\u00edm karet, p\u0159eci jen Rond\u00f3n p\u016flhodinu nevydr\u017e\u00ed. Kv\u016fli Di\u00e1zov\u011b mr\u0161tnosti se dostalo najednou v\u0161ude v\u00edc prostoru. Pickford u jedn\u00e9 ty\u010de boxoval centr, u druh\u00e9 mu Holgate vypomohl s hlavi\u010dkou Matipa. Ne\u00fanavn\u00e9ho Gordona u\u017e za\u010dal stopovat i Salah a m\u011bl s n\u00edm pln\u00e9 ruce pr\u00e1ce.<\/p>\n<p>V 72. minut\u011b op\u011bt unikl Gordon, Matip u\u017e si netroufl ho atakovat, p\u0159es Iwobiho se dostal k m\u00ed\u010di p\u0159ed v\u00e1pnem Gray a p\u011bknou st\u0159elou m\u00ed\u0159il jen t\u011bsn\u011b vedle. Vz\u00e1p\u011bt\u00ed nahradil Allana Alii, to u\u017e byly n\u00e1znaky toho mistrovsk\u00e9ho pl\u00e1nu. Posledn\u00ed \u010dl\u00e1nek do soukol\u00ed se na h\u0159i\u0161ti objevil jen o chvilku pozd\u011bji, kdy\u017e Graye nahradil Rond\u00f3n.<\/p>\n<p>Richarison teatr\u00e1ln\u011b vybojoval p\u0159\u00edm\u00fd kop. Ten zahr\u00e1l \u0161ikovn\u011b Mykolenko, Allison nejist\u011b vyr\u00e1\u017eel jen do vlastn\u00edch, ale k odra\u017een\u00e9mu m\u00ed\u010di se nikdo v modr\u00e9m nedostal. Za chv\u00edli si ale na\u0161el opu\u0161t\u011bn\u00fd m\u00ed\u010d Alli, jeho pob\u00eddku odkopl p\u0159ed Iwobim obr\u00e1nce. Po n\u011bkolika roztou\u017een\u00fdch objet\u00edch pak poslal Klopp na h\u0159i\u0161t\u011b d\u011blat zlou krev Hendersona.<\/p>\n<p>Pickford musel likvidovat te\u010dovanou st\u0159elu Alc\u00e2ntary a z\u00a0n\u00e1sledn\u00e9ho rohu to p\u0159i\u0161lo. D\u00edaz zast\u0159\u00edhal ve vzduchu a odra\u017een\u00fd m\u00ed\u010d posunul do s\u00edt\u011b Origi \u2013 <strong>2:0<\/strong>. A to u\u017e bylo trochu nadpl\u00e1n.<\/p>\n<p>Everton se sice nevzd\u00e1val, ale poda\u0159ilo se mu z\u00edskat jen 2 \u017elut\u00e9 karty kv\u016fli Allimu a Richarlisonovi, kter\u00e9mu zad\u011blal na probl\u00e9my bezskrupul\u00f3zn\u00ed Henderson. Nejprve ho nakopl, ten mu oplatil stejnou minc\u00ed, na\u010de\u017e se pan kapit\u00e1n na le\u017e\u00edc\u00edho Brazilce sk\u00e1cel jako po sr\u00e1\u017ece vlakem.<\/p>\n<p>Pod\u00edvan\u00e1 to byla zaj\u00edmav\u00e1, jako obvykle kontroverzn\u00ed. Nejhor\u0161\u00ed v\u00fdkon p\u0159edvedl slovensk\u00fd koment\u00e1tor, jeho\u017e ke konci u\u017e zcela ovl\u00e1dl \u010derven\u00fd mor. Hv\u011bzdou z na\u0161\u00ed strany jednozna\u010dn\u011b Gordon, i p\u0159es ten mor\u00e1ln\u00ed p\u0159estupek. Nepoda\u0159ilo se vyv\u00e1l\u010dit ani bod, ale na tomto v\u00fdkonu se ur\u010dit\u011b stav\u011bt dalo. P\u0159edveden\u00e9 brejky byly impozantn\u00ed, cht\u011blo by to potr\u00e9novat zakon\u010den\u00ed. Jsem tak\u00e9 r\u00e1d, \u017ee jsem se z toho mohl takto vypsat, u\u017e mi nen\u00ed tak zle. Jestli ale dnes Leeds odm\u00edtne pozv\u00e1nku do boje o sestup, bude n\u00e1m opravdu horko.<\/p>\n<p style=\"text-align: right;\"><span style=\"font-size: 10pt;\">foto zdroj: <a href=\"http:\/\/www.football365.com\">www.football365.com<\/a><\/span><\/p>\n<p><strong>Branky<\/strong>: 62\u2018 Robertson, 85\u2018 Origi<\/p>\n<p><strong>\u017dlut\u00e9 karty<\/strong>: 45\u2018 Man\u00e9, 58\u2018 Alexander-Arnold \u2013 25\u2018 Gordon, 45\u2018 Doucour\u00e9, 66\u2018 Allan, 89\u2018 Alli, 90\u2018 Richarlison<\/p>\n<p><strong>Liverpool FC<\/strong>: Alisson &#8211; Alexander-Arnold, Matip, van Dijk, Robertson &#8211; Alc\u00e2ntara, Fabinho, Ke\u00efta (60. Origi) &#8211; Salah, Man\u00e9 (60. D\u00edaz), Jota (82. Henderson)<\/p>\n<p><strong>Everton FC<\/strong>: Pickford &#8211; Coleman, Holgate, Keane, Mykolenko &#8211; Doucour\u00e9, Allan (73. Dele), Iwobi &#8211; Gordon, Gray (77. Rond\u00f3n), Richarlison<\/p>\n<p><strong>Rozhod\u010d\u00ed<\/strong>: Stuart Attwell<\/p>\n","protected":false},"excerpt":{"rendered":"<p>Zv\u00fd\u0161en\u00fd tep, nechu\u0165 a zast\u0159en\u00fd zrak. Takov\u00e9 projevy \u010dasto doprov\u00e1z\u00ed v\u00a0posledn\u00edch letech nejednoho Evertoniana p\u0159i sledov\u00e1n\u00ed Merseyside derby, obzvl\u00e1\u0161t\u011b t\u011bch hran\u00fdch na Anfield Road. Pro 240. epizodu to umocnil aktu\u00e1ln\u00ed kontext, Toffees u\u017e jsou toti\u017e v\u00a0z\u00f3n\u011b sestupu.<\/p>\n","protected":false},"author":10,"featured_media":18469,"comment_status":"open","ping_status":"closed","sticky":false,"template":"","format":"standard","meta":{"_eb_attr":"","_monsterinsights_skip_tracking":false,"_monsterinsights_sitenote_active":false,"_monsterinsights_sitenote_note":"","_monsterinsights_sitenote_category":0,"footnotes":""},"categories":[4],"tags":[],"yoast_head":"<!-- This site is optimized with the Yoast SEO plugin v23.4 - https:\/\/yoast.com\/wordpress\/plugins\/seo\/ -->\n<title>Liverpool - Everton 2:0 - Official Czech &amp; Slovak Everton Supporters&#039; Club<\/title>\n<meta name=\"robots\" content=\"index, follow, max-snippet:-1, max-image-preview:large, max-video-preview:-1\" \/>\n<link rel=\"canonical\" href=\"https:\/\/evertonfc.cz\/index.php\/2022\/04\/25\/liverpool-everton-20\/\" \/>\n<meta property=\"og:locale\" content=\"cs_CZ\" \/>\n<meta property=\"og:type\" content=\"article\" \/>\n<meta property=\"og:title\" content=\"Liverpool - Everton 2:0 - Official Czech &amp; Slovak Everton Supporters&#039; Club\" \/>\n<meta property=\"og:description\" content=\"Zv\u00fd\u0161en\u00fd tep, nechu\u0165 a zast\u0159en\u00fd zrak. Takov\u00e9 projevy \u010dasto doprov\u00e1z\u00ed v\u00a0posledn\u00edch letech nejednoho Evertoniana p\u0159i sledov\u00e1n\u00ed Merseyside derby, obzvl\u00e1\u0161t\u011b t\u011bch hran\u00fdch na Anfield Road. Pro 240. epizodu to umocnil aktu\u00e1ln\u00ed kontext, Toffees u\u017e jsou toti\u017e v\u00a0z\u00f3n\u011b sestupu.\" \/>\n<meta property=\"og:url\" content=\"https:\/\/evertonfc.cz\/index.php\/2022\/04\/25\/liverpool-everton-20\/\" \/>\n<meta property=\"og:site_name\" content=\"Official Czech &amp; Slovak Everton Supporters&#039; Club\" \/>\n<meta property=\"article:publisher\" content=\"https:\/\/www.facebook.com\/everton.fans.cz.sk\" \/>\n<meta property=\"article:published_time\" content=\"2022-04-25T15:00:02+00:00\" \/>\n<meta property=\"article:modified_time\" content=\"2022-04-25T20:34:52+00:00\" \/>\n<meta property=\"og:image\" content=\"https:\/\/evertonfc.cz\/wp-content\/uploads\/2022\/04\/240_derby.jpg\" \/>\n\t<meta property=\"og:image:width\" content=\"720\" \/>\n\t<meta property=\"og:image:height\" content=\"405\" \/>\n\t<meta property=\"og:image:type\" content=\"image\/jpeg\" \/>\n<meta name=\"author\" content=\"Fip\" \/>\n<meta name=\"twitter:card\" content=\"summary_large_image\" \/>\n<meta name=\"twitter:label1\" content=\"Napsal(a)\" \/>\n\t<meta name=\"twitter:data1\" content=\"Fip\" \/>\n\t<meta name=\"twitter:label2\" content=\"Odhadovan\u00e1 doba \u010dten\u00ed\" \/>\n\t<meta name=\"twitter:data2\" content=\"8 minut\" \/>\n<script type=\"application\/ld+json\" class=\"yoast-schema-graph\">{\"@context\":\"https:\/\/schema.org\",\"@graph\":[{\"@type\":\"Article\",\"@id\":\"https:\/\/evertonfc.cz\/index.php\/2022\/04\/25\/liverpool-everton-20\/#article\",\"isPartOf\":{\"@id\":\"https:\/\/evertonfc.cz\/index.php\/2022\/04\/25\/liverpool-everton-20\/\"},\"author\":{\"name\":\"Fip\",\"@id\":\"https:\/\/evertonfc.cz\/#\/schema\/person\/35904009755e8eaa0dc1a5f5f0419002\"},\"headline\":\"Liverpool &#8211; Everton 2:0\",\"datePublished\":\"2022-04-25T15:00:02+00:00\",\"dateModified\":\"2022-04-25T20:34:52+00:00\",\"mainEntityOfPage\":{\"@id\":\"https:\/\/evertonfc.cz\/index.php\/2022\/04\/25\/liverpool-everton-20\/\"},\"wordCount\":1761,\"commentCount\":9,\"publisher\":{\"@id\":\"https:\/\/evertonfc.cz\/#organization\"},\"image\":{\"@id\":\"https:\/\/evertonfc.cz\/index.php\/2022\/04\/25\/liverpool-everton-20\/#primaryimage\"},\"thumbnailUrl\":\"https:\/\/evertonfc.cz\/wp-content\/uploads\/2022\/04\/240_derby.jpg\",\"articleSection\":[\"Z\u00e1pasy\"],\"inLanguage\":\"cs\",\"potentialAction\":[{\"@type\":\"CommentAction\",\"name\":\"Comment\",\"target\":[\"https:\/\/evertonfc.cz\/index.php\/2022\/04\/25\/liverpool-everton-20\/#respond\"]}]},{\"@type\":\"WebPage\",\"@id\":\"https:\/\/evertonfc.cz\/index.php\/2022\/04\/25\/liverpool-everton-20\/\",\"url\":\"https:\/\/evertonfc.cz\/index.php\/2022\/04\/25\/liverpool-everton-20\/\",\"name\":\"Liverpool - Everton 2:0 - Official Czech &amp; Slovak Everton Supporters&#039; Club\",\"isPartOf\":{\"@id\":\"https:\/\/evertonfc.cz\/#website\"},\"primaryImageOfPage\":{\"@id\":\"https:\/\/evertonfc.cz\/index.php\/2022\/04\/25\/liverpool-everton-20\/#primaryimage\"},\"image\":{\"@id\":\"https:\/\/evertonfc.cz\/index.php\/2022\/04\/25\/liverpool-everton-20\/#primaryimage\"},\"thumbnailUrl\":\"https:\/\/evertonfc.cz\/wp-content\/uploads\/2022\/04\/240_derby.jpg\",\"datePublished\":\"2022-04-25T15:00:02+00:00\",\"dateModified\":\"2022-04-25T20:34:52+00:00\",\"breadcrumb\":{\"@id\":\"https:\/\/evertonfc.cz\/index.php\/2022\/04\/25\/liverpool-everton-20\/#breadcrumb\"},\"inLanguage\":\"cs\",\"potentialAction\":[{\"@type\":\"ReadAction\",\"target\":[\"https:\/\/evertonfc.cz\/index.php\/2022\/04\/25\/liverpool-everton-20\/\"]}]},{\"@type\":\"ImageObject\",\"inLanguage\":\"cs\",\"@id\":\"https:\/\/evertonfc.cz\/index.php\/2022\/04\/25\/liverpool-everton-20\/#primaryimage\",\"url\":\"https:\/\/evertonfc.cz\/wp-content\/uploads\/2022\/04\/240_derby.jpg\",\"contentUrl\":\"https:\/\/evertonfc.cz\/wp-content\/uploads\/2022\/04\/240_derby.jpg\",\"width\":720,\"height\":405},{\"@type\":\"BreadcrumbList\",\"@id\":\"https:\/\/evertonfc.cz\/index.php\/2022\/04\/25\/liverpool-everton-20\/#breadcrumb\",\"itemListElement\":[{\"@type\":\"ListItem\",\"position\":1,\"name\":\"Home\",\"item\":\"https:\/\/evertonfc.cz\/\"},{\"@type\":\"ListItem\",\"position\":2,\"name\":\"Liverpool &#8211; Everton 2:0\"}]},{\"@type\":\"WebSite\",\"@id\":\"https:\/\/evertonfc.cz\/#website\",\"url\":\"https:\/\/evertonfc.cz\/\",\"name\":\"Official Czech &amp; Slovak Everton Supporters&#039; Club\",\"description\":\"\",\"publisher\":{\"@id\":\"https:\/\/evertonfc.cz\/#organization\"},\"potentialAction\":[{\"@type\":\"SearchAction\",\"target\":{\"@type\":\"EntryPoint\",\"urlTemplate\":\"https:\/\/evertonfc.cz\/?s={search_term_string}\"},\"query-input\":{\"@type\":\"PropertyValueSpecification\",\"valueRequired\":true,\"valueName\":\"search_term_string\"}}],\"inLanguage\":\"cs\"},{\"@type\":\"Organization\",\"@id\":\"https:\/\/evertonfc.cz\/#organization\",\"name\":\"Official Czech & Slovak Everton Supporters' Club\",\"url\":\"https:\/\/evertonfc.cz\/\",\"logo\":{\"@type\":\"ImageObject\",\"inLanguage\":\"cs\",\"@id\":\"https:\/\/evertonfc.cz\/#\/schema\/logo\/image\/\",\"url\":\"https:\/\/evertonfc.cz\/wp-content\/uploads\/2019\/05\/logo.png\",\"contentUrl\":\"https:\/\/evertonfc.cz\/wp-content\/uploads\/2019\/05\/logo.png\",\"width\":112,\"height\":112,\"caption\":\"Official Czech & Slovak Everton Supporters' Club\"},\"image\":{\"@id\":\"https:\/\/evertonfc.cz\/#\/schema\/logo\/image\/\"},\"sameAs\":[\"https:\/\/www.facebook.com\/everton.fans.cz.sk\"]},{\"@type\":\"Person\",\"@id\":\"https:\/\/evertonfc.cz\/#\/schema\/person\/35904009755e8eaa0dc1a5f5f0419002\",\"name\":\"Fip\",\"url\":\"https:\/\/evertonfc.cz\/index.php\/author\/fip\/\"}]}<\/script>\n<!-- \/ Yoast SEO plugin. -->","yoast_head_json":{"title":"Liverpool - Everton 2:0 - Official Czech &amp; Slovak Everton Supporters&#039; Club","robots":{"index":"index","follow":"follow","max-snippet":"max-snippet:-1","max-image-preview":"max-image-preview:large","max-video-preview":"max-video-preview:-1"},"canonical":"https:\/\/evertonfc.cz\/index.php\/2022\/04\/25\/liverpool-everton-20\/","og_locale":"cs_CZ","og_type":"article","og_title":"Liverpool - Everton 2:0 - Official Czech &amp; Slovak Everton Supporters&#039; Club","og_description":"Zv\u00fd\u0161en\u00fd tep, nechu\u0165 a zast\u0159en\u00fd zrak. Takov\u00e9 projevy \u010dasto doprov\u00e1z\u00ed v\u00a0posledn\u00edch letech nejednoho Evertoniana p\u0159i sledov\u00e1n\u00ed Merseyside derby, obzvl\u00e1\u0161t\u011b t\u011bch hran\u00fdch na Anfield Road. Pro 240. epizodu to umocnil aktu\u00e1ln\u00ed kontext, Toffees u\u017e jsou toti\u017e v\u00a0z\u00f3n\u011b sestupu.","og_url":"https:\/\/evertonfc.cz\/index.php\/2022\/04\/25\/liverpool-everton-20\/","og_site_name":"Official Czech &amp; Slovak Everton Supporters&#039; Club","article_publisher":"https:\/\/www.facebook.com\/everton.fans.cz.sk","article_published_time":"2022-04-25T15:00:02+00:00","article_modified_time":"2022-04-25T20:34:52+00:00","og_image":[{"width":720,"height":405,"url":"https:\/\/evertonfc.cz\/wp-content\/uploads\/2022\/04\/240_derby.jpg","type":"image\/jpeg"}],"author":"Fip","twitter_card":"summary_large_image","twitter_misc":{"Napsal(a)":"Fip","Odhadovan\u00e1 doba \u010dten\u00ed":"8 minut"},"schema":{"@context":"https:\/\/schema.org","@graph":[{"@type":"Article","@id":"https:\/\/evertonfc.cz\/index.php\/2022\/04\/25\/liverpool-everton-20\/#article","isPartOf":{"@id":"https:\/\/evertonfc.cz\/index.php\/2022\/04\/25\/liverpool-everton-20\/"},"author":{"name":"Fip","@id":"https:\/\/evertonfc.cz\/#\/schema\/person\/35904009755e8eaa0dc1a5f5f0419002"},"headline":"Liverpool &#8211; Everton 2:0","datePublished":"2022-04-25T15:00:02+00:00","dateModified":"2022-04-25T20:34:52+00:00","mainEntityOfPage":{"@id":"https:\/\/evertonfc.cz\/index.php\/2022\/04\/25\/liverpool-everton-20\/"},"wordCount":1761,"commentCount":9,"publisher":{"@id":"https:\/\/evertonfc.cz\/#organization"},"image":{"@id":"https:\/\/evertonfc.cz\/index.php\/2022\/04\/25\/liverpool-everton-20\/#primaryimage"},"thumbnailUrl":"https:\/\/evertonfc.cz\/wp-content\/uploads\/2022\/04\/240_derby.jpg","articleSection":["Z\u00e1pasy"],"inLanguage":"cs","potentialAction":[{"@type":"CommentAction","name":"Comment","target":["https:\/\/evertonfc.cz\/index.php\/2022\/04\/25\/liverpool-everton-20\/#respond"]}]},{"@type":"WebPage","@id":"https:\/\/evertonfc.cz\/index.php\/2022\/04\/25\/liverpool-everton-20\/","url":"https:\/\/evertonfc.cz\/index.php\/2022\/04\/25\/liverpool-everton-20\/","name":"Liverpool - Everton 2:0 - Official Czech &amp; Slovak Everton Supporters&#039; Club","isPartOf":{"@id":"https:\/\/evertonfc.cz\/#website"},"primaryImageOfPage":{"@id":"https:\/\/evertonfc.cz\/index.php\/2022\/04\/25\/liverpool-everton-20\/#primaryimage"},"image":{"@id":"https:\/\/evertonfc.cz\/index.php\/2022\/04\/25\/liverpool-everton-20\/#primaryimage"},"thumbnailUrl":"https:\/\/evertonfc.cz\/wp-content\/uploads\/2022\/04\/240_derby.jpg","datePublished":"2022-04-25T15:00:02+00:00","dateModified":"2022-04-25T20:34:52+00:00","breadcrumb":{"@id":"https:\/\/evertonfc.cz\/index.php\/2022\/04\/25\/liverpool-everton-20\/#breadcrumb"},"inLanguage":"cs","potentialAction":[{"@type":"ReadAction","target":["https:\/\/evertonfc.cz\/index.php\/2022\/04\/25\/liverpool-everton-20\/"]}]},{"@type":"ImageObject","inLanguage":"cs","@id":"https:\/\/evertonfc.cz\/index.php\/2022\/04\/25\/liverpool-everton-20\/#primaryimage","url":"https:\/\/evertonfc.cz\/wp-content\/uploads\/2022\/04\/240_derby.jpg","contentUrl":"https:\/\/evertonfc.cz\/wp-content\/uploads\/2022\/04\/240_derby.jpg","width":720,"height":405},{"@type":"BreadcrumbList","@id":"https:\/\/evertonfc.cz\/index.php\/2022\/04\/25\/liverpool-everton-20\/#breadcrumb","itemListElement":[{"@type":"ListItem","position":1,"name":"Home","item":"https:\/\/evertonfc.cz\/"},{"@type":"ListItem","position":2,"name":"Liverpool &#8211; Everton 2:0"}]},{"@type":"WebSite","@id":"https:\/\/evertonfc.cz\/#website","url":"https:\/\/evertonfc.cz\/","name":"Official Czech &amp; Slovak Everton Supporters&#039; Club","description":"","publisher":{"@id":"https:\/\/evertonfc.cz\/#organization"},"potentialAction":[{"@type":"SearchAction","target":{"@type":"EntryPoint","urlTemplate":"https:\/\/evertonfc.cz\/?s={search_term_string}"},"query-input":{"@type":"PropertyValueSpecification","valueRequired":true,"valueName":"search_term_string"}}],"inLanguage":"cs"},{"@type":"Organization","@id":"https:\/\/evertonfc.cz\/#organization","name":"Official Czech & Slovak Everton Supporters' Club","url":"https:\/\/evertonfc.cz\/","logo":{"@type":"ImageObject","inLanguage":"cs","@id":"https:\/\/evertonfc.cz\/#\/schema\/logo\/image\/","url":"https:\/\/evertonfc.cz\/wp-content\/uploads\/2019\/05\/logo.png","contentUrl":"https:\/\/evertonfc.cz\/wp-content\/uploads\/2019\/05\/logo.png","width":112,"height":112,"caption":"Official Czech & Slovak Everton Supporters' Club"},"image":{"@id":"https:\/\/evertonfc.cz\/#\/schema\/logo\/image\/"},"sameAs":["https:\/\/www.facebook.com\/everton.fans.cz.sk"]},{"@type":"Person","@id":"https:\/\/evertonfc.cz\/#\/schema\/person\/35904009755e8eaa0dc1a5f5f0419002","name":"Fip","url":"https:\/\/evertonfc.cz\/index.php\/author\/fip\/"}]}},"_links":{"self":[{"href":"https:\/\/evertonfc.cz\/index.php\/wp-json\/wp\/v2\/posts\/18468"}],"collection":[{"href":"https:\/\/evertonfc.cz\/index.php\/wp-json\/wp\/v2\/posts"}],"about":[{"href":"https:\/\/evertonfc.cz\/index.php\/wp-json\/wp\/v2\/types\/post"}],"author":[{"embeddable":true,"href":"https:\/\/evertonfc.cz\/index.php\/wp-json\/wp\/v2\/users\/10"}],"replies":[{"embeddable":true,"href":"https:\/\/evertonfc.cz\/index.php\/wp-json\/wp\/v2\/comments?post=18468"}],"version-history":[{"count":6,"href":"https:\/\/evertonfc.cz\/index.php\/wp-json\/wp\/v2\/posts\/18468\/revisions"}],"predecessor-version":[{"id":18475,"href":"https:\/\/evertonfc.cz\/index.php\/wp-json\/wp\/v2\/posts\/18468\/revisions\/18475"}],"wp:featuredmedia":[{"embeddable":true,"href":"https:\/\/evertonfc.cz\/index.php\/wp-json\/wp\/v2\/media\/18469"}],"wp:attachment":[{"href":"https:\/\/evertonfc.cz\/index.php\/wp-json\/wp\/v2\/media?parent=18468"}],"wp:term":[{"taxonomy":"category","embeddable":true,"href":"https:\/\/evertonfc.cz\/index.php\/wp-json\/wp\/v2\/categories?post=18468"},{"taxonomy":"post_tag","embeddable":true,"href":"https:\/\/evertonfc.cz\/index.php\/wp-json\/wp\/v2\/tags?post=18468"}],"curies":[{"name":"wp","href":"https:\/\/api.w.org\/{rel}","templated":true}]}}