{"id":18479,"date":"2022-04-27T16:53:59","date_gmt":"2022-04-27T14:53:59","guid":{"rendered":"https:\/\/evertonfc.cz\/?p=18479"},"modified":"2022-04-27T16:53:59","modified_gmt":"2022-04-27T14:53:59","slug":"mucha-je-to-iny-klub","status":"publish","type":"post","link":"https:\/\/evertonfc.cz\/index.php\/2022\/04\/27\/mucha-je-to-iny-klub\/","title":{"rendered":"Mucha: Je to in\u00fd klub"},"content":{"rendered":"<h4>Ako sa vrav\u00ed, aj negat\u00edvna reklama je reklama. S\u00fa\u010dasn\u00e9 probl\u00e9my Evertonu si v\u0161imli aj slovensk\u00e9 \u0161portov\u00e9 redakcie. K\u00a0slovu sa preto dostal b\u00fdval\u00fd brank\u00e1r EFC J\u00e1n Mucha.<\/h4>\n<p>U\u017e 39-ro\u010dn\u00fd b\u00fdval\u00fd str\u00e1\u017eca sv\u00e4tyne viacer\u00fdch slovensk\u00fdch i zahrani\u010dn\u00fdch klubov poskytol rozhovor pre \u0161portov\u00fa redakciu Aktuality.sk. Ako ex-hr\u00e1\u010d Karameliek toti\u017e str\u00e1vil v Goodison Parku tri sez\u00f3ny. Na Merseyside sa dostal v lete 2010, po podpise zmluvy v janu\u00e1ri, e\u0161te pred koncom jeho kontraktu s Legiou Var\u0161ava.<\/p>\n<p>Vtedy klub viedol David Moyes. Po prestupe do EFC pr\u00edli\u0161 \u0161anc\u00ed nedost\u00e1val, plnil iba rolu n\u00e1hradn\u00edka Tima Howarda, americk\u00e9ho brank\u00e1ra s neotrasite\u013enou poz\u00edciou klubovej jednotky medzi tromi \u017er\u010fami. Svoj debut v najvy\u0161\u0161ej s\u00fa\u0165a\u017ei si odbil a\u017e po troch rokoch. V marci 2013 v ligovom stretnut\u00ed pri v\u00fdhre 3:1 nad Readingom.<\/p>\n<h4><strong><em>\u201eRyba smrd\u00ed od hlavy\u201c<\/em><\/strong><\/h4>\n<blockquote><p><span style=\"font-size: 12pt;\"><em>\u201eKlub sa radik\u00e1lne zmenil a nem\u00e1 ni\u010d spolo\u010dn\u00e9 s t\u00fdm, v ktorom som p\u00f4sobil ja. V tom \u010dase bol tr\u00e9nerom David Moyes, ktor\u00fd mal ve\u013ek\u00e9 rozhodovacie pr\u00e1va a p\u00f4sobil tam u\u017e desa\u0165 rokov. Nov\u00fd majite\u013e Farhad Moshiri za\u010dal ihne\u010f po svojom pr\u00edchode pravidelne meni\u0165 tr\u00e9nerov a v\u0161etko sa v mu\u017estve za\u010dalo robi\u0165 inak ako dovtedy.\u201c<\/em><\/span><\/p>\n<p><span style=\"font-size: 12pt;\"><em>\u201eJe to klub s obrovskou trad\u00edciou, v Anglicku patr\u00ed medzi v\u00e4\u010d\u0161ie, no ke\u010f sa pozrieme na s\u00fa\u010dasn\u00fd k\u00e1der a porovn\u00e1m ho s mu\u017estvom e\u0161te z mojich \u010dias, tak tam boli tak\u00e9 men\u00e1 ako Louis Saha, Mikel Arteta, Tim Howard, Tim Cahill, Phil Neville, Leighton Baines, Phil Jagielka a takto by som mohol pokra\u010dova\u0165 \u010falej. Boli to hr\u00e1\u010di so zvu\u010dn\u00fdm svetov\u00fdm menom.\u201c<\/em><\/span><\/p>\n<p><span style=\"font-size: 12pt;\"><em>\u201eDnes mi to a\u017e tak nepr\u00edde, i ke\u010f kvalita tam takisto je. Navy\u0161e, prehr\u00e1vaj\u00fa aj s tak\u00fdmi ako je Norwich a mu\u017estvami, ktor\u00e9 by za in\u00fdch okolnost\u00ed mali por\u00e1\u017ea\u0165. Tu sa tie\u017e ukazuje, \u017ee nie v\u0161etko sa d\u00e1 k\u00fapi\u0165 za peniaze, aj ke\u010f ich preinvestovali naozaj ve\u013ek\u00e9 mno\u017estvo. Chyba je niekde inde. Ako sa hovor\u00ed, \u201aryba smrd\u00ed od hlavy\u2019 a takto je to aj v Evertone.\u201c<\/em><\/span><\/p><\/blockquote>\n<p>Katastrof\u00e1lna bola premi\u00e9ra Muchu v FA Cupe. Everton vo \u0161tvr\u0165fin\u00e1le proti Wiganu Athletic inkasoval v rozmedz\u00ed 270 sek\u00fand tri g\u00f3ly a zo s\u00fa\u0165a\u017ee po prehre 0:3 vypadol. Prv\u00fa nulu v Premier League vychytal po\u010das svojho druh\u00e9ho ligov\u00e9ho z\u00e1pasu proti Manchestru City. Aj v\u00a0tomto pr\u00edpade bol Tim Howard zranen\u00fd. Mucha mal v\u00fdrazn\u00fa z\u00e1sluhu na v\u00ed\u0165azstve 2:0. V\u00a0ligovom poh\u00e1ri odchytal 7 z\u00e1pasov s\u00a0bilanciou 4 v\u00fdhry, 2 rem\u00edzy a\u00a01 prehra.<\/p>\n<h4><strong><em>\u201eNie je tam \u017eiadna konkr\u00e9tna v\u00edzia\u201c<\/em><\/strong><\/h4>\n<blockquote><p><span style=\"font-size: 12pt;\"><em>\u201eNetrafili ve\u013ea prestupov, v\u00fdrazne im rast\u00fa dlhy a hroz\u00ed im vypadnutie z ligy. Aj ke\u010f to u\u017e nesledujem tak akt\u00edvne, tak som z toho smutn\u00fd. Klub sa v\u0161ak ve\u013emi zmenil. V \u010dase, ke\u010f som tam bol ja, tak sme skon\u010dili na siedmom, \u0161iestom a piatom mieste. D\u00e1 sa poveda\u0165, \u017ee sme seri\u00f3zne nah\u00e1\u0148ali \u0161picu. Everton bol siln\u00fd a budil re\u0161pekt. Nebolo \u013eahk\u00e9 hra\u0165 proti n\u00e1m.\u201c<\/em><\/span><\/p>\n<p><span style=\"font-size: 12pt;\"><em>\u201eHoci sa m\u00f4\u017ee zda\u0165, \u017ee aj teraz maj\u00fa pomerne kvalitn\u00fd k\u00e1der, ale v\u00f4bec neukazuj\u00fa to, \u010do by mohli a mali. Aj v tom je probl\u00e9m. Nezbieraj\u00fa body doma a ani vonku a teraz sa do toho e\u0161te dostane \u201ahlava\u2019, padne psychika a pokryje ich deka. Bud\u00fa to ma\u0165 e\u0161te n\u00e1ro\u010dnej\u0161ie.\u201c<\/em><\/span><\/p>\n<p><span style=\"font-size: 12pt;\"><em>\u201eVe\u013emi slab\u00e9 \u0161tatistiky m\u00e1 aj tr\u00e9ner Frank Lampard, ktor\u00fd dok\u00e1zal vyhra\u0165 len trikr\u00e1t. Pred n\u00edm to nezvl\u00e1dol Rafa Ben\u00edtez a \u010fal\u0161\u00ed tr\u00e9neri. Ch\u00fdba tam koncepcia a pr\u00edde mi to tak, akoby si Farhad Moshiri chcel v\u0161etko k\u00fapi\u0165 ve\u013emi r\u00fdchlo. Chcel to v\u0161etko ihne\u010f. Ale tak to nefunguje. Nie je tam \u017eiadna konkr\u00e9tna v\u00edzia.\u201c<\/em><\/span><\/p><\/blockquote>\n<p>Koncom m\u00e1ja 2013 mu vypr\u0161ala zmluva a\u00a0strany sa na jej pred\u013a\u017een\u00ed nedohodli. Jeho n\u00e1hradou sa stal \u0160paniel Joel Robles. Mucha n\u00e1sledne odi\u0161iel z\u00a0ostrovov do ruskej Samary, odkia\u013e potom aj hos\u0165oval v\u00a0Arsenale Tula. Po dvoch rokoch sa vr\u00e1til na Slovensko. Posilnil Slovan Bratislava a\u00a0nesk\u00f4r aj vtedaj\u0161\u00ed po\u013esk\u00fd prvoligov\u00fd klub Bruk-Bet Termalica Nieciecza. Poslednou zast\u00e1vkou pred koncom kari\u00e9ry bol \u0161k\u00f3tsky Hamilton Academical.<\/p>\n<h4><strong><em>\u201eV\u0161etci tam dr\u017eali spolu\u201c<\/em><\/strong><\/h4>\n<blockquote><p><span style=\"font-size: 12pt;\"><em>\u201eKe\u010f som tam bol, tak v Evertone bola jedna ve\u013ek\u00e1 rodina a z tejto atmosf\u00e9ry \u0165a\u017eil cel\u00fd klub aj na ihrisku. C\u00edtil som sa ako doma a v\u0161etci tam dr\u017eali spolu. Neboli k dispoz\u00edcii tak\u00e9 financie ako teraz, no malo to svoju tv\u00e1r. Dnes ju klub po v\u0161etk\u00fdch t\u00fdch zmen\u00e1ch nem\u00e1. Sna\u017e\u00ed sa by\u0165 komer\u010dn\u00fd a ma\u0165 okam\u017eit\u00fd \u00faspech. Vid\u00edme, \u017ee to skr\u00e1tka nefunguje.\u201c<\/em><\/span><\/p>\n<p><span style=\"font-size: 12pt;\"><em>\u201eA \u010di bude Premier League v bud\u00facej sez\u00f3ne bez Evertonu? Futbal vie by\u0165 aj tak\u00fd a sta\u0165 sa m\u00f4\u017ee hoci\u010do. Ktovie, mo\u017eno im to pom\u00f4\u017ee vr\u00e1ti\u0165 sa sp\u00e4\u0165 k z\u00e1kladom. Klub nie je ve\u013emi zdrav\u00fd, m\u00e1 dlhy a ka\u017ed\u00fd rok produkuje ve\u013ek\u00e9 straty. Mo\u017eno by to bolo k ich prospechu, ale bol by som ve\u013emi ner\u00e1d, keby tak\u00fd ve\u013ek\u00fd a tradi\u010dn\u00fd klub nehral medzi elitou. <\/em><em>Pri\u0161li by sme o Merseyside derby a \u010fal\u0161ie ve\u013ek\u00e9 z\u00e1pasy, tak\u017ee by som z toho bol smutn\u00fd. Do konca im ost\u00e1va odohra\u0165 e\u0161te \u0161es\u0165 z\u00e1pasov a \u0165a\u017eko poveda\u0165 \u010di to dok\u00e1\u017eu uhra\u0165, ke\u010f\u017ee ich ne\u010dakaj\u00fa \u013eahk\u00ed s\u00faperi. Bude to e\u0161te ve\u013emi n\u00e1ro\u010dn\u00e9.\u201c<\/em><\/span><\/p><\/blockquote>\n<p style=\"text-align: right;\"><span style=\"font-size: 8pt;\">(fotozdroj: Getty Images)<\/span><\/p>\n","protected":false},"excerpt":{"rendered":"<p>Ako sa vrav\u00ed, aj negat\u00edvna reklama je reklama. S\u00fa\u010dasn\u00e9 probl\u00e9my Evertonu si v\u0161imli aj slovensk\u00e9 \u0161portov\u00e9 redakcie. K\u00a0slovu sa preto dostal b\u00fdval\u00fd brank\u00e1r EFC J\u00e1n Mucha.<\/p>\n","protected":false},"author":1,"featured_media":18478,"comment_status":"open","ping_status":"closed","sticky":false,"template":"","format":"standard","meta":{"_eb_attr":"","_monsterinsights_skip_tracking":false,"_monsterinsights_sitenote_active":false,"_monsterinsights_sitenote_note":"","_monsterinsights_sitenote_category":0,"footnotes":""},"categories":[1],"tags":[],"yoast_head":"<!-- This site is optimized with the Yoast SEO plugin v23.4 - https:\/\/yoast.com\/wordpress\/plugins\/seo\/ -->\n<title>Mucha: Je to in\u00fd klub - Official Czech &amp; Slovak Everton Supporters&#039; Club<\/title>\n<meta name=\"robots\" content=\"index, follow, max-snippet:-1, max-image-preview:large, max-video-preview:-1\" \/>\n<link rel=\"canonical\" href=\"https:\/\/evertonfc.cz\/index.php\/2022\/04\/27\/mucha-je-to-iny-klub\/\" \/>\n<meta property=\"og:locale\" content=\"cs_CZ\" \/>\n<meta property=\"og:type\" content=\"article\" \/>\n<meta property=\"og:title\" content=\"Mucha: Je to in\u00fd klub - Official Czech &amp; Slovak Everton Supporters&#039; Club\" \/>\n<meta property=\"og:description\" content=\"Ako sa vrav\u00ed, aj negat\u00edvna reklama je reklama. S\u00fa\u010dasn\u00e9 probl\u00e9my Evertonu si v\u0161imli aj slovensk\u00e9 \u0161portov\u00e9 redakcie. K\u00a0slovu sa preto dostal b\u00fdval\u00fd brank\u00e1r EFC J\u00e1n Mucha.\" \/>\n<meta property=\"og:url\" content=\"https:\/\/evertonfc.cz\/index.php\/2022\/04\/27\/mucha-je-to-iny-klub\/\" \/>\n<meta property=\"og:site_name\" content=\"Official Czech &amp; Slovak Everton Supporters&#039; Club\" \/>\n<meta property=\"article:publisher\" content=\"https:\/\/www.facebook.com\/everton.fans.cz.sk\" \/>\n<meta property=\"article:published_time\" content=\"2022-04-27T14:53:59+00:00\" \/>\n<meta property=\"og:image\" content=\"https:\/\/evertonfc.cz\/wp-content\/uploads\/2022\/04\/Jan-Mucha-GettyImages-27-4-2022.jpg\" \/>\n\t<meta property=\"og:image:width\" content=\"720\" \/>\n\t<meta property=\"og:image:height\" content=\"405\" \/>\n\t<meta property=\"og:image:type\" content=\"image\/jpeg\" \/>\n<meta name=\"author\" content=\"BlueBlooded\" \/>\n<meta name=\"twitter:card\" content=\"summary_large_image\" \/>\n<meta name=\"twitter:label1\" content=\"Napsal(a)\" \/>\n\t<meta name=\"twitter:data1\" content=\"BlueBlooded\" \/>\n\t<meta name=\"twitter:label2\" content=\"Odhadovan\u00e1 doba \u010dten\u00ed\" \/>\n\t<meta name=\"twitter:data2\" content=\"5 minut\" \/>\n<script type=\"application\/ld+json\" class=\"yoast-schema-graph\">{\"@context\":\"https:\/\/schema.org\",\"@graph\":[{\"@type\":\"Article\",\"@id\":\"https:\/\/evertonfc.cz\/index.php\/2022\/04\/27\/mucha-je-to-iny-klub\/#article\",\"isPartOf\":{\"@id\":\"https:\/\/evertonfc.cz\/index.php\/2022\/04\/27\/mucha-je-to-iny-klub\/\"},\"author\":{\"name\":\"BlueBlooded\",\"@id\":\"https:\/\/evertonfc.cz\/#\/schema\/person\/d4493b8cbea51532597fbc4685698916\"},\"headline\":\"Mucha: Je to in\u00fd klub\",\"datePublished\":\"2022-04-27T14:53:59+00:00\",\"dateModified\":\"2022-04-27T14:53:59+00:00\",\"mainEntityOfPage\":{\"@id\":\"https:\/\/evertonfc.cz\/index.php\/2022\/04\/27\/mucha-je-to-iny-klub\/\"},\"wordCount\":983,\"commentCount\":7,\"publisher\":{\"@id\":\"https:\/\/evertonfc.cz\/#organization\"},\"image\":{\"@id\":\"https:\/\/evertonfc.cz\/index.php\/2022\/04\/27\/mucha-je-to-iny-klub\/#primaryimage\"},\"thumbnailUrl\":\"https:\/\/evertonfc.cz\/wp-content\/uploads\/2022\/04\/Jan-Mucha-GettyImages-27-4-2022.jpg\",\"articleSection\":[\"Rozhovory\"],\"inLanguage\":\"cs\",\"potentialAction\":[{\"@type\":\"CommentAction\",\"name\":\"Comment\",\"target\":[\"https:\/\/evertonfc.cz\/index.php\/2022\/04\/27\/mucha-je-to-iny-klub\/#respond\"]}]},{\"@type\":\"WebPage\",\"@id\":\"https:\/\/evertonfc.cz\/index.php\/2022\/04\/27\/mucha-je-to-iny-klub\/\",\"url\":\"https:\/\/evertonfc.cz\/index.php\/2022\/04\/27\/mucha-je-to-iny-klub\/\",\"name\":\"Mucha: Je to in\u00fd klub - Official Czech &amp; Slovak Everton Supporters&#039; Club\",\"isPartOf\":{\"@id\":\"https:\/\/evertonfc.cz\/#website\"},\"primaryImageOfPage\":{\"@id\":\"https:\/\/evertonfc.cz\/index.php\/2022\/04\/27\/mucha-je-to-iny-klub\/#primaryimage\"},\"image\":{\"@id\":\"https:\/\/evertonfc.cz\/index.php\/2022\/04\/27\/mucha-je-to-iny-klub\/#primaryimage\"},\"thumbnailUrl\":\"https:\/\/evertonfc.cz\/wp-content\/uploads\/2022\/04\/Jan-Mucha-GettyImages-27-4-2022.jpg\",\"datePublished\":\"2022-04-27T14:53:59+00:00\",\"dateModified\":\"2022-04-27T14:53:59+00:00\",\"breadcrumb\":{\"@id\":\"https:\/\/evertonfc.cz\/index.php\/2022\/04\/27\/mucha-je-to-iny-klub\/#breadcrumb\"},\"inLanguage\":\"cs\",\"potentialAction\":[{\"@type\":\"ReadAction\",\"target\":[\"https:\/\/evertonfc.cz\/index.php\/2022\/04\/27\/mucha-je-to-iny-klub\/\"]}]},{\"@type\":\"ImageObject\",\"inLanguage\":\"cs\",\"@id\":\"https:\/\/evertonfc.cz\/index.php\/2022\/04\/27\/mucha-je-to-iny-klub\/#primaryimage\",\"url\":\"https:\/\/evertonfc.cz\/wp-content\/uploads\/2022\/04\/Jan-Mucha-GettyImages-27-4-2022.jpg\",\"contentUrl\":\"https:\/\/evertonfc.cz\/wp-content\/uploads\/2022\/04\/Jan-Mucha-GettyImages-27-4-2022.jpg\",\"width\":720,\"height\":405},{\"@type\":\"BreadcrumbList\",\"@id\":\"https:\/\/evertonfc.cz\/index.php\/2022\/04\/27\/mucha-je-to-iny-klub\/#breadcrumb\",\"itemListElement\":[{\"@type\":\"ListItem\",\"position\":1,\"name\":\"Home\",\"item\":\"https:\/\/evertonfc.cz\/\"},{\"@type\":\"ListItem\",\"position\":2,\"name\":\"Mucha: Je to in\u00fd klub\"}]},{\"@type\":\"WebSite\",\"@id\":\"https:\/\/evertonfc.cz\/#website\",\"url\":\"https:\/\/evertonfc.cz\/\",\"name\":\"Official Czech &amp; Slovak Everton Supporters&#039; Club\",\"description\":\"\",\"publisher\":{\"@id\":\"https:\/\/evertonfc.cz\/#organization\"},\"potentialAction\":[{\"@type\":\"SearchAction\",\"target\":{\"@type\":\"EntryPoint\",\"urlTemplate\":\"https:\/\/evertonfc.cz\/?s={search_term_string}\"},\"query-input\":{\"@type\":\"PropertyValueSpecification\",\"valueRequired\":true,\"valueName\":\"search_term_string\"}}],\"inLanguage\":\"cs\"},{\"@type\":\"Organization\",\"@id\":\"https:\/\/evertonfc.cz\/#organization\",\"name\":\"Official Czech & Slovak Everton Supporters' Club\",\"url\":\"https:\/\/evertonfc.cz\/\",\"logo\":{\"@type\":\"ImageObject\",\"inLanguage\":\"cs\",\"@id\":\"https:\/\/evertonfc.cz\/#\/schema\/logo\/image\/\",\"url\":\"https:\/\/evertonfc.cz\/wp-content\/uploads\/2019\/05\/logo.png\",\"contentUrl\":\"https:\/\/evertonfc.cz\/wp-content\/uploads\/2019\/05\/logo.png\",\"width\":112,\"height\":112,\"caption\":\"Official Czech & Slovak Everton Supporters' Club\"},\"image\":{\"@id\":\"https:\/\/evertonfc.cz\/#\/schema\/logo\/image\/\"},\"sameAs\":[\"https:\/\/www.facebook.com\/everton.fans.cz.sk\"]},{\"@type\":\"Person\",\"@id\":\"https:\/\/evertonfc.cz\/#\/schema\/person\/d4493b8cbea51532597fbc4685698916\",\"name\":\"BlueBlooded\",\"url\":\"https:\/\/evertonfc.cz\/index.php\/author\/admin\/\"}]}<\/script>\n<!-- \/ Yoast SEO plugin. -->","yoast_head_json":{"title":"Mucha: Je to in\u00fd klub - Official Czech &amp; Slovak Everton Supporters&#039; Club","robots":{"index":"index","follow":"follow","max-snippet":"max-snippet:-1","max-image-preview":"max-image-preview:large","max-video-preview":"max-video-preview:-1"},"canonical":"https:\/\/evertonfc.cz\/index.php\/2022\/04\/27\/mucha-je-to-iny-klub\/","og_locale":"cs_CZ","og_type":"article","og_title":"Mucha: Je to in\u00fd klub - Official Czech &amp; Slovak Everton Supporters&#039; Club","og_description":"Ako sa vrav\u00ed, aj negat\u00edvna reklama je reklama. S\u00fa\u010dasn\u00e9 probl\u00e9my Evertonu si v\u0161imli aj slovensk\u00e9 \u0161portov\u00e9 redakcie. K\u00a0slovu sa preto dostal b\u00fdval\u00fd brank\u00e1r EFC J\u00e1n Mucha.","og_url":"https:\/\/evertonfc.cz\/index.php\/2022\/04\/27\/mucha-je-to-iny-klub\/","og_site_name":"Official Czech &amp; Slovak Everton Supporters&#039; Club","article_publisher":"https:\/\/www.facebook.com\/everton.fans.cz.sk","article_published_time":"2022-04-27T14:53:59+00:00","og_image":[{"width":720,"height":405,"url":"https:\/\/evertonfc.cz\/wp-content\/uploads\/2022\/04\/Jan-Mucha-GettyImages-27-4-2022.jpg","type":"image\/jpeg"}],"author":"BlueBlooded","twitter_card":"summary_large_image","twitter_misc":{"Napsal(a)":"BlueBlooded","Odhadovan\u00e1 doba \u010dten\u00ed":"5 minut"},"schema":{"@context":"https:\/\/schema.org","@graph":[{"@type":"Article","@id":"https:\/\/evertonfc.cz\/index.php\/2022\/04\/27\/mucha-je-to-iny-klub\/#article","isPartOf":{"@id":"https:\/\/evertonfc.cz\/index.php\/2022\/04\/27\/mucha-je-to-iny-klub\/"},"author":{"name":"BlueBlooded","@id":"https:\/\/evertonfc.cz\/#\/schema\/person\/d4493b8cbea51532597fbc4685698916"},"headline":"Mucha: Je to in\u00fd klub","datePublished":"2022-04-27T14:53:59+00:00","dateModified":"2022-04-27T14:53:59+00:00","mainEntityOfPage":{"@id":"https:\/\/evertonfc.cz\/index.php\/2022\/04\/27\/mucha-je-to-iny-klub\/"},"wordCount":983,"commentCount":7,"publisher":{"@id":"https:\/\/evertonfc.cz\/#organization"},"image":{"@id":"https:\/\/evertonfc.cz\/index.php\/2022\/04\/27\/mucha-je-to-iny-klub\/#primaryimage"},"thumbnailUrl":"https:\/\/evertonfc.cz\/wp-content\/uploads\/2022\/04\/Jan-Mucha-GettyImages-27-4-2022.jpg","articleSection":["Rozhovory"],"inLanguage":"cs","potentialAction":[{"@type":"CommentAction","name":"Comment","target":["https:\/\/evertonfc.cz\/index.php\/2022\/04\/27\/mucha-je-to-iny-klub\/#respond"]}]},{"@type":"WebPage","@id":"https:\/\/evertonfc.cz\/index.php\/2022\/04\/27\/mucha-je-to-iny-klub\/","url":"https:\/\/evertonfc.cz\/index.php\/2022\/04\/27\/mucha-je-to-iny-klub\/","name":"Mucha: Je to in\u00fd klub - Official Czech &amp; Slovak Everton Supporters&#039; Club","isPartOf":{"@id":"https:\/\/evertonfc.cz\/#website"},"primaryImageOfPage":{"@id":"https:\/\/evertonfc.cz\/index.php\/2022\/04\/27\/mucha-je-to-iny-klub\/#primaryimage"},"image":{"@id":"https:\/\/evertonfc.cz\/index.php\/2022\/04\/27\/mucha-je-to-iny-klub\/#primaryimage"},"thumbnailUrl":"https:\/\/evertonfc.cz\/wp-content\/uploads\/2022\/04\/Jan-Mucha-GettyImages-27-4-2022.jpg","datePublished":"2022-04-27T14:53:59+00:00","dateModified":"2022-04-27T14:53:59+00:00","breadcrumb":{"@id":"https:\/\/evertonfc.cz\/index.php\/2022\/04\/27\/mucha-je-to-iny-klub\/#breadcrumb"},"inLanguage":"cs","potentialAction":[{"@type":"ReadAction","target":["https:\/\/evertonfc.cz\/index.php\/2022\/04\/27\/mucha-je-to-iny-klub\/"]}]},{"@type":"ImageObject","inLanguage":"cs","@id":"https:\/\/evertonfc.cz\/index.php\/2022\/04\/27\/mucha-je-to-iny-klub\/#primaryimage","url":"https:\/\/evertonfc.cz\/wp-content\/uploads\/2022\/04\/Jan-Mucha-GettyImages-27-4-2022.jpg","contentUrl":"https:\/\/evertonfc.cz\/wp-content\/uploads\/2022\/04\/Jan-Mucha-GettyImages-27-4-2022.jpg","width":720,"height":405},{"@type":"BreadcrumbList","@id":"https:\/\/evertonfc.cz\/index.php\/2022\/04\/27\/mucha-je-to-iny-klub\/#breadcrumb","itemListElement":[{"@type":"ListItem","position":1,"name":"Home","item":"https:\/\/evertonfc.cz\/"},{"@type":"ListItem","position":2,"name":"Mucha: Je to in\u00fd klub"}]},{"@type":"WebSite","@id":"https:\/\/evertonfc.cz\/#website","url":"https:\/\/evertonfc.cz\/","name":"Official Czech &amp; Slovak Everton Supporters&#039; Club","description":"","publisher":{"@id":"https:\/\/evertonfc.cz\/#organization"},"potentialAction":[{"@type":"SearchAction","target":{"@type":"EntryPoint","urlTemplate":"https:\/\/evertonfc.cz\/?s={search_term_string}"},"query-input":{"@type":"PropertyValueSpecification","valueRequired":true,"valueName":"search_term_string"}}],"inLanguage":"cs"},{"@type":"Organization","@id":"https:\/\/evertonfc.cz\/#organization","name":"Official Czech & Slovak Everton Supporters' Club","url":"https:\/\/evertonfc.cz\/","logo":{"@type":"ImageObject","inLanguage":"cs","@id":"https:\/\/evertonfc.cz\/#\/schema\/logo\/image\/","url":"https:\/\/evertonfc.cz\/wp-content\/uploads\/2019\/05\/logo.png","contentUrl":"https:\/\/evertonfc.cz\/wp-content\/uploads\/2019\/05\/logo.png","width":112,"height":112,"caption":"Official Czech & Slovak Everton Supporters' Club"},"image":{"@id":"https:\/\/evertonfc.cz\/#\/schema\/logo\/image\/"},"sameAs":["https:\/\/www.facebook.com\/everton.fans.cz.sk"]},{"@type":"Person","@id":"https:\/\/evertonfc.cz\/#\/schema\/person\/d4493b8cbea51532597fbc4685698916","name":"BlueBlooded","url":"https:\/\/evertonfc.cz\/index.php\/author\/admin\/"}]}},"_links":{"self":[{"href":"https:\/\/evertonfc.cz\/index.php\/wp-json\/wp\/v2\/posts\/18479"}],"collection":[{"href":"https:\/\/evertonfc.cz\/index.php\/wp-json\/wp\/v2\/posts"}],"about":[{"href":"https:\/\/evertonfc.cz\/index.php\/wp-json\/wp\/v2\/types\/post"}],"author":[{"embeddable":true,"href":"https:\/\/evertonfc.cz\/index.php\/wp-json\/wp\/v2\/users\/1"}],"replies":[{"embeddable":true,"href":"https:\/\/evertonfc.cz\/index.php\/wp-json\/wp\/v2\/comments?post=18479"}],"version-history":[{"count":6,"href":"https:\/\/evertonfc.cz\/index.php\/wp-json\/wp\/v2\/posts\/18479\/revisions"}],"predecessor-version":[{"id":18485,"href":"https:\/\/evertonfc.cz\/index.php\/wp-json\/wp\/v2\/posts\/18479\/revisions\/18485"}],"wp:featuredmedia":[{"embeddable":true,"href":"https:\/\/evertonfc.cz\/index.php\/wp-json\/wp\/v2\/media\/18478"}],"wp:attachment":[{"href":"https:\/\/evertonfc.cz\/index.php\/wp-json\/wp\/v2\/media?parent=18479"}],"wp:term":[{"taxonomy":"category","embeddable":true,"href":"https:\/\/evertonfc.cz\/index.php\/wp-json\/wp\/v2\/categories?post=18479"},{"taxonomy":"post_tag","embeddable":true,"href":"https:\/\/evertonfc.cz\/index.php\/wp-json\/wp\/v2\/tags?post=18479"}],"curies":[{"name":"wp","href":"https:\/\/api.w.org\/{rel}","templated":true}]}}