{"id":18568,"date":"2022-05-07T16:04:57","date_gmt":"2022-05-07T14:04:57","guid":{"rendered":"https:\/\/evertonfc.cz\/?p=18568"},"modified":"2022-05-07T16:37:27","modified_gmt":"2022-05-07T14:37:27","slug":"preview-leicester-city-everton-8","status":"publish","type":"post","link":"https:\/\/evertonfc.cz\/index.php\/2022\/05\/07\/preview-leicester-city-everton-8\/","title":{"rendered":"Preview: Leicester City &#8211; Everton"},"content":{"rendered":"<h4>Z\u00e1chran\u00e1\u0159sk\u00e1 mise pokra\u010duje tentokr\u00e1t v rodi\u0161ti Garyho Linekera.<\/h4>\n<p>Ano. Hr\u00e1\u010d, kter\u00fd spojuje oba kluby a kter\u00fd pat\u0159\u00ed nepochybn\u011b k nejlep\u0161\u00edm st\u0159elc\u016fm anglick\u00e9ho fotbalu v\u0161ech dob op\u011bt bude m\u00edt dilema. Fandit klubu, kter\u00fd ho fotbalov\u011b vychoval a v jeho\u017e m\u011bst\u011b vyrostl? Nebo klubu, o kter\u00e9m opakovan\u011b \u0159ekl, \u017ee to byl nejlep\u0161\u00ed t\u00fdm, za kter\u00fd kdy hr\u00e1l? T\u0159eba n\u00e1m to konferenci\u00e9r Match of the day z\u00edtra \u0159ekne.<\/p>\n<p>Dom\u00e1c\u00ed ve \u010dtvrtek vypadli s AS \u0158\u00edm v semifin\u00e1le Konferen\u010dn\u00ed ligy. A proto\u017ee z jeden\u00e1ct\u00e9ho m\u00edsta ztr\u00e1c\u00ed na poh\u00e1ry deset bod\u016f, tak je jasn\u00e9, \u017ee pouze dohr\u00e1vaj\u00ed sez\u00f3nu. Nav\u00edc se jim v n\u00e1sleduj\u00edc\u00edch t\u0159ech utk\u00e1n\u00edch se\u0161li v programu Everton, Watford a Norwich. T\u0159i v\u00fdhry?\u00a0Tomu se bude sna\u017eit Lampardova dru\u017eina zabr\u00e1nit.<\/p>\n<p>Co se t\u00fdk\u00e1 zdrav\u00ed hr\u00e1\u010d\u016f, tak p\u0159ich\u00e1z\u00ed m\u00edrn\u011b p\u0159izniv\u00e9 zpr\u00e1vy. Richarlisona bol\u00ed od Merseyside derby kotn\u00edk, proto nedohr\u00e1l minul\u00fd z\u00e1pas proti Chelsea. Je ale v po\u0159\u00e1dku a nejsp\u00ed\u0161 nastoup\u00ed v z\u00e1kladn\u00ed sestav\u011b. Uzdravil se i Gomes, lze o\u010dek\u00e1vat Daviese na lavi\u010dce. \u00da\u010dast Calverta-Lewina je s otazn\u00edkem, kvadriceps celkem zjevn\u011b vyl\u00e9\u010den\u00fd nen\u00ed. Nejsp\u00ed\u0161e se tak op\u011bt do\u010dk\u00e1me Richarlisona na hrotu, kter\u00fd bude podporovan\u00fd Grayem a Gordonem.<\/p>\n<p>St\u00e1le plat\u00ed, \u017ee do konce sez\u00f3ny nebudou hr\u00e1t Patterson a Townsend, Godfrey by m\u011bl za\u010d\u00edt s tr\u00e9ninkem uprost\u0159ed p\u0159\u00ed\u0161t\u00edho t\u00fddne, s trochou \u0161t\u011bst\u00ed tedy bude k dispozici proti Brentfordu. Hr\u00e1t nebude ani van de Beek, nepust\u00ed ho zran\u011bn\u00e9 t\u0159\u00edslo. Leicesteru budou chyb\u011bt pouze dlouhodob\u00ed marodi Ndidi a Bertrand. Na druhou stranu &#8211; Rodgers bude muset aspo\u0148 trochu pozm\u011bnit sestavu, p\u0159ece jen maj\u00ed Li\u0161ky v noh\u00e1ch \u010dtvrte\u010dn\u00ed prohran\u00e9 utk\u00e1n\u00ed v \u0158\u00edm\u011b.<\/p>\n<p>D\u016fvodem k m\u00edrn\u00e9mu optimismu ve smyslu bod\u016f pro hosty je forma dom\u00e1c\u00edch, ti vyhr\u00e1li naposledy v lize p\u0159ed m\u011bs\u00edcem. Tak snad&#8230;.<\/p>\n<p><strong>Co:\u00a0<\/strong>Leicester City F. C. &#8211; Everton FC, 36. kolo Premier League<br \/>\n<strong>Kdy:\u00a0<\/strong>8. 5. 2022 od 15:00<br \/>\n<strong>Kde:<\/strong> King Power Stadium &#8211; Filbert Way, Leicester LE2 7FL (kapacita: 32\u00a0312)<br \/>\n<strong>TV:\u00a0<\/strong>P\u0159\u00edm\u00fd p\u0159enos na stanici Premier Sport 2<br \/>\n<strong>Rozhod\u010d\u00ed<\/strong>: Craig Pawson &#8211; Dan Cook, Eddie Smart\u00a0 <strong>\u010ctvrt\u00fd rozhod\u010d\u00ed: <\/strong>David Coote<br \/>\n<strong>Videorozhod\u010d\u00ed:\u00a0<\/strong>Lee Mason\u00a0 <strong>Asistent videorozhod\u010d\u00edho:\u00a0<\/strong>Simon Beck<\/p>\n","protected":false},"excerpt":{"rendered":"<p>Z\u00e1chran\u00e1\u0159sk\u00e1 mise pokra\u010duje tentokr\u00e1t v rodi\u0161ti Garyho Linekera.<\/p>\n","protected":false},"author":12,"featured_media":13180,"comment_status":"open","ping_status":"closed","sticky":false,"template":"","format":"standard","meta":{"_eb_attr":"","_monsterinsights_skip_tracking":false,"_monsterinsights_sitenote_active":false,"_monsterinsights_sitenote_note":"","_monsterinsights_sitenote_category":0,"footnotes":""},"categories":[4],"tags":[],"yoast_head":"<!-- This site is optimized with the Yoast SEO plugin v23.4 - https:\/\/yoast.com\/wordpress\/plugins\/seo\/ -->\n<title>Preview: Leicester City - Everton - Official Czech &amp; Slovak Everton Supporters&#039; Club<\/title>\n<meta name=\"robots\" content=\"index, follow, max-snippet:-1, max-image-preview:large, max-video-preview:-1\" \/>\n<link rel=\"canonical\" href=\"https:\/\/evertonfc.cz\/index.php\/2022\/05\/07\/preview-leicester-city-everton-8\/\" \/>\n<meta property=\"og:locale\" content=\"cs_CZ\" \/>\n<meta property=\"og:type\" content=\"article\" \/>\n<meta property=\"og:title\" content=\"Preview: Leicester City - Everton - Official Czech &amp; Slovak Everton Supporters&#039; Club\" \/>\n<meta property=\"og:description\" content=\"Z\u00e1chran\u00e1\u0159sk\u00e1 mise pokra\u010duje tentokr\u00e1t v rodi\u0161ti Garyho Linekera.\" \/>\n<meta property=\"og:url\" content=\"https:\/\/evertonfc.cz\/index.php\/2022\/05\/07\/preview-leicester-city-everton-8\/\" \/>\n<meta property=\"og:site_name\" content=\"Official Czech &amp; Slovak Everton Supporters&#039; Club\" \/>\n<meta property=\"article:publisher\" content=\"https:\/\/www.facebook.com\/everton.fans.cz.sk\" \/>\n<meta property=\"article:published_time\" content=\"2022-05-07T14:04:57+00:00\" \/>\n<meta property=\"article:modified_time\" content=\"2022-05-07T14:37:27+00:00\" \/>\n<meta property=\"og:image\" content=\"https:\/\/evertonfc.cz\/wp-content\/uploads\/2020\/12\/Leicester-City-VS-Everton.jpg\" \/>\n\t<meta property=\"og:image:width\" content=\"720\" \/>\n\t<meta property=\"og:image:height\" content=\"405\" \/>\n\t<meta property=\"og:image:type\" content=\"image\/jpeg\" \/>\n<meta name=\"author\" content=\"Javor\" \/>\n<meta name=\"twitter:card\" content=\"summary_large_image\" \/>\n<meta name=\"twitter:creator\" content=\"@LoudinJan\" \/>\n<meta name=\"twitter:label1\" content=\"Napsal(a)\" \/>\n\t<meta name=\"twitter:data1\" content=\"Javor\" \/>\n\t<meta name=\"twitter:label2\" content=\"Odhadovan\u00e1 doba \u010dten\u00ed\" \/>\n\t<meta name=\"twitter:data2\" content=\"2 minuty\" \/>\n<script type=\"application\/ld+json\" class=\"yoast-schema-graph\">{\"@context\":\"https:\/\/schema.org\",\"@graph\":[{\"@type\":\"Article\",\"@id\":\"https:\/\/evertonfc.cz\/index.php\/2022\/05\/07\/preview-leicester-city-everton-8\/#article\",\"isPartOf\":{\"@id\":\"https:\/\/evertonfc.cz\/index.php\/2022\/05\/07\/preview-leicester-city-everton-8\/\"},\"author\":{\"name\":\"Javor\",\"@id\":\"https:\/\/evertonfc.cz\/#\/schema\/person\/b30daf6a5852f4811f8207a17ec1bf78\"},\"headline\":\"Preview: Leicester City &#8211; Everton\",\"datePublished\":\"2022-05-07T14:04:57+00:00\",\"dateModified\":\"2022-05-07T14:37:27+00:00\",\"mainEntityOfPage\":{\"@id\":\"https:\/\/evertonfc.cz\/index.php\/2022\/05\/07\/preview-leicester-city-everton-8\/\"},\"wordCount\":424,\"commentCount\":19,\"publisher\":{\"@id\":\"https:\/\/evertonfc.cz\/#organization\"},\"image\":{\"@id\":\"https:\/\/evertonfc.cz\/index.php\/2022\/05\/07\/preview-leicester-city-everton-8\/#primaryimage\"},\"thumbnailUrl\":\"https:\/\/evertonfc.cz\/wp-content\/uploads\/2020\/12\/Leicester-City-VS-Everton.jpg\",\"articleSection\":[\"Z\u00e1pasy\"],\"inLanguage\":\"cs\",\"potentialAction\":[{\"@type\":\"CommentAction\",\"name\":\"Comment\",\"target\":[\"https:\/\/evertonfc.cz\/index.php\/2022\/05\/07\/preview-leicester-city-everton-8\/#respond\"]}]},{\"@type\":\"WebPage\",\"@id\":\"https:\/\/evertonfc.cz\/index.php\/2022\/05\/07\/preview-leicester-city-everton-8\/\",\"url\":\"https:\/\/evertonfc.cz\/index.php\/2022\/05\/07\/preview-leicester-city-everton-8\/\",\"name\":\"Preview: Leicester City - Everton - Official Czech &amp; Slovak Everton Supporters&#039; Club\",\"isPartOf\":{\"@id\":\"https:\/\/evertonfc.cz\/#website\"},\"primaryImageOfPage\":{\"@id\":\"https:\/\/evertonfc.cz\/index.php\/2022\/05\/07\/preview-leicester-city-everton-8\/#primaryimage\"},\"image\":{\"@id\":\"https:\/\/evertonfc.cz\/index.php\/2022\/05\/07\/preview-leicester-city-everton-8\/#primaryimage\"},\"thumbnailUrl\":\"https:\/\/evertonfc.cz\/wp-content\/uploads\/2020\/12\/Leicester-City-VS-Everton.jpg\",\"datePublished\":\"2022-05-07T14:04:57+00:00\",\"dateModified\":\"2022-05-07T14:37:27+00:00\",\"breadcrumb\":{\"@id\":\"https:\/\/evertonfc.cz\/index.php\/2022\/05\/07\/preview-leicester-city-everton-8\/#breadcrumb\"},\"inLanguage\":\"cs\",\"potentialAction\":[{\"@type\":\"ReadAction\",\"target\":[\"https:\/\/evertonfc.cz\/index.php\/2022\/05\/07\/preview-leicester-city-everton-8\/\"]}]},{\"@type\":\"ImageObject\",\"inLanguage\":\"cs\",\"@id\":\"https:\/\/evertonfc.cz\/index.php\/2022\/05\/07\/preview-leicester-city-everton-8\/#primaryimage\",\"url\":\"https:\/\/evertonfc.cz\/wp-content\/uploads\/2020\/12\/Leicester-City-VS-Everton.jpg\",\"contentUrl\":\"https:\/\/evertonfc.cz\/wp-content\/uploads\/2020\/12\/Leicester-City-VS-Everton.jpg\",\"width\":720,\"height\":405},{\"@type\":\"BreadcrumbList\",\"@id\":\"https:\/\/evertonfc.cz\/index.php\/2022\/05\/07\/preview-leicester-city-everton-8\/#breadcrumb\",\"itemListElement\":[{\"@type\":\"ListItem\",\"position\":1,\"name\":\"Home\",\"item\":\"https:\/\/evertonfc.cz\/\"},{\"@type\":\"ListItem\",\"position\":2,\"name\":\"Preview: Leicester City &#8211; Everton\"}]},{\"@type\":\"WebSite\",\"@id\":\"https:\/\/evertonfc.cz\/#website\",\"url\":\"https:\/\/evertonfc.cz\/\",\"name\":\"Official Czech &amp; Slovak Everton Supporters&#039; Club\",\"description\":\"\",\"publisher\":{\"@id\":\"https:\/\/evertonfc.cz\/#organization\"},\"potentialAction\":[{\"@type\":\"SearchAction\",\"target\":{\"@type\":\"EntryPoint\",\"urlTemplate\":\"https:\/\/evertonfc.cz\/?s={search_term_string}\"},\"query-input\":{\"@type\":\"PropertyValueSpecification\",\"valueRequired\":true,\"valueName\":\"search_term_string\"}}],\"inLanguage\":\"cs\"},{\"@type\":\"Organization\",\"@id\":\"https:\/\/evertonfc.cz\/#organization\",\"name\":\"Official Czech & Slovak Everton Supporters' Club\",\"url\":\"https:\/\/evertonfc.cz\/\",\"logo\":{\"@type\":\"ImageObject\",\"inLanguage\":\"cs\",\"@id\":\"https:\/\/evertonfc.cz\/#\/schema\/logo\/image\/\",\"url\":\"https:\/\/evertonfc.cz\/wp-content\/uploads\/2019\/05\/logo.png\",\"contentUrl\":\"https:\/\/evertonfc.cz\/wp-content\/uploads\/2019\/05\/logo.png\",\"width\":112,\"height\":112,\"caption\":\"Official Czech & Slovak Everton Supporters' Club\"},\"image\":{\"@id\":\"https:\/\/evertonfc.cz\/#\/schema\/logo\/image\/\"},\"sameAs\":[\"https:\/\/www.facebook.com\/everton.fans.cz.sk\"]},{\"@type\":\"Person\",\"@id\":\"https:\/\/evertonfc.cz\/#\/schema\/person\/b30daf6a5852f4811f8207a17ec1bf78\",\"name\":\"Javor\",\"sameAs\":[\"https:\/\/x.com\/LoudinJan\"],\"url\":\"https:\/\/evertonfc.cz\/index.php\/author\/javor\/\"}]}<\/script>\n<!-- \/ Yoast SEO plugin. -->","yoast_head_json":{"title":"Preview: Leicester City - Everton - Official Czech &amp; Slovak Everton Supporters&#039; Club","robots":{"index":"index","follow":"follow","max-snippet":"max-snippet:-1","max-image-preview":"max-image-preview:large","max-video-preview":"max-video-preview:-1"},"canonical":"https:\/\/evertonfc.cz\/index.php\/2022\/05\/07\/preview-leicester-city-everton-8\/","og_locale":"cs_CZ","og_type":"article","og_title":"Preview: Leicester City - Everton - Official Czech &amp; Slovak Everton Supporters&#039; Club","og_description":"Z\u00e1chran\u00e1\u0159sk\u00e1 mise pokra\u010duje tentokr\u00e1t v rodi\u0161ti Garyho Linekera.","og_url":"https:\/\/evertonfc.cz\/index.php\/2022\/05\/07\/preview-leicester-city-everton-8\/","og_site_name":"Official Czech &amp; Slovak Everton Supporters&#039; Club","article_publisher":"https:\/\/www.facebook.com\/everton.fans.cz.sk","article_published_time":"2022-05-07T14:04:57+00:00","article_modified_time":"2022-05-07T14:37:27+00:00","og_image":[{"width":720,"height":405,"url":"https:\/\/evertonfc.cz\/wp-content\/uploads\/2020\/12\/Leicester-City-VS-Everton.jpg","type":"image\/jpeg"}],"author":"Javor","twitter_card":"summary_large_image","twitter_creator":"@LoudinJan","twitter_misc":{"Napsal(a)":"Javor","Odhadovan\u00e1 doba \u010dten\u00ed":"2 minuty"},"schema":{"@context":"https:\/\/schema.org","@graph":[{"@type":"Article","@id":"https:\/\/evertonfc.cz\/index.php\/2022\/05\/07\/preview-leicester-city-everton-8\/#article","isPartOf":{"@id":"https:\/\/evertonfc.cz\/index.php\/2022\/05\/07\/preview-leicester-city-everton-8\/"},"author":{"name":"Javor","@id":"https:\/\/evertonfc.cz\/#\/schema\/person\/b30daf6a5852f4811f8207a17ec1bf78"},"headline":"Preview: Leicester City &#8211; Everton","datePublished":"2022-05-07T14:04:57+00:00","dateModified":"2022-05-07T14:37:27+00:00","mainEntityOfPage":{"@id":"https:\/\/evertonfc.cz\/index.php\/2022\/05\/07\/preview-leicester-city-everton-8\/"},"wordCount":424,"commentCount":19,"publisher":{"@id":"https:\/\/evertonfc.cz\/#organization"},"image":{"@id":"https:\/\/evertonfc.cz\/index.php\/2022\/05\/07\/preview-leicester-city-everton-8\/#primaryimage"},"thumbnailUrl":"https:\/\/evertonfc.cz\/wp-content\/uploads\/2020\/12\/Leicester-City-VS-Everton.jpg","articleSection":["Z\u00e1pasy"],"inLanguage":"cs","potentialAction":[{"@type":"CommentAction","name":"Comment","target":["https:\/\/evertonfc.cz\/index.php\/2022\/05\/07\/preview-leicester-city-everton-8\/#respond"]}]},{"@type":"WebPage","@id":"https:\/\/evertonfc.cz\/index.php\/2022\/05\/07\/preview-leicester-city-everton-8\/","url":"https:\/\/evertonfc.cz\/index.php\/2022\/05\/07\/preview-leicester-city-everton-8\/","name":"Preview: Leicester City - Everton - Official Czech &amp; Slovak Everton Supporters&#039; Club","isPartOf":{"@id":"https:\/\/evertonfc.cz\/#website"},"primaryImageOfPage":{"@id":"https:\/\/evertonfc.cz\/index.php\/2022\/05\/07\/preview-leicester-city-everton-8\/#primaryimage"},"image":{"@id":"https:\/\/evertonfc.cz\/index.php\/2022\/05\/07\/preview-leicester-city-everton-8\/#primaryimage"},"thumbnailUrl":"https:\/\/evertonfc.cz\/wp-content\/uploads\/2020\/12\/Leicester-City-VS-Everton.jpg","datePublished":"2022-05-07T14:04:57+00:00","dateModified":"2022-05-07T14:37:27+00:00","breadcrumb":{"@id":"https:\/\/evertonfc.cz\/index.php\/2022\/05\/07\/preview-leicester-city-everton-8\/#breadcrumb"},"inLanguage":"cs","potentialAction":[{"@type":"ReadAction","target":["https:\/\/evertonfc.cz\/index.php\/2022\/05\/07\/preview-leicester-city-everton-8\/"]}]},{"@type":"ImageObject","inLanguage":"cs","@id":"https:\/\/evertonfc.cz\/index.php\/2022\/05\/07\/preview-leicester-city-everton-8\/#primaryimage","url":"https:\/\/evertonfc.cz\/wp-content\/uploads\/2020\/12\/Leicester-City-VS-Everton.jpg","contentUrl":"https:\/\/evertonfc.cz\/wp-content\/uploads\/2020\/12\/Leicester-City-VS-Everton.jpg","width":720,"height":405},{"@type":"BreadcrumbList","@id":"https:\/\/evertonfc.cz\/index.php\/2022\/05\/07\/preview-leicester-city-everton-8\/#breadcrumb","itemListElement":[{"@type":"ListItem","position":1,"name":"Home","item":"https:\/\/evertonfc.cz\/"},{"@type":"ListItem","position":2,"name":"Preview: Leicester City &#8211; Everton"}]},{"@type":"WebSite","@id":"https:\/\/evertonfc.cz\/#website","url":"https:\/\/evertonfc.cz\/","name":"Official Czech &amp; Slovak Everton Supporters&#039; Club","description":"","publisher":{"@id":"https:\/\/evertonfc.cz\/#organization"},"potentialAction":[{"@type":"SearchAction","target":{"@type":"EntryPoint","urlTemplate":"https:\/\/evertonfc.cz\/?s={search_term_string}"},"query-input":{"@type":"PropertyValueSpecification","valueRequired":true,"valueName":"search_term_string"}}],"inLanguage":"cs"},{"@type":"Organization","@id":"https:\/\/evertonfc.cz\/#organization","name":"Official Czech & Slovak Everton Supporters' Club","url":"https:\/\/evertonfc.cz\/","logo":{"@type":"ImageObject","inLanguage":"cs","@id":"https:\/\/evertonfc.cz\/#\/schema\/logo\/image\/","url":"https:\/\/evertonfc.cz\/wp-content\/uploads\/2019\/05\/logo.png","contentUrl":"https:\/\/evertonfc.cz\/wp-content\/uploads\/2019\/05\/logo.png","width":112,"height":112,"caption":"Official Czech & Slovak Everton Supporters' Club"},"image":{"@id":"https:\/\/evertonfc.cz\/#\/schema\/logo\/image\/"},"sameAs":["https:\/\/www.facebook.com\/everton.fans.cz.sk"]},{"@type":"Person","@id":"https:\/\/evertonfc.cz\/#\/schema\/person\/b30daf6a5852f4811f8207a17ec1bf78","name":"Javor","sameAs":["https:\/\/x.com\/LoudinJan"],"url":"https:\/\/evertonfc.cz\/index.php\/author\/javor\/"}]}},"_links":{"self":[{"href":"https:\/\/evertonfc.cz\/index.php\/wp-json\/wp\/v2\/posts\/18568"}],"collection":[{"href":"https:\/\/evertonfc.cz\/index.php\/wp-json\/wp\/v2\/posts"}],"about":[{"href":"https:\/\/evertonfc.cz\/index.php\/wp-json\/wp\/v2\/types\/post"}],"author":[{"embeddable":true,"href":"https:\/\/evertonfc.cz\/index.php\/wp-json\/wp\/v2\/users\/12"}],"replies":[{"embeddable":true,"href":"https:\/\/evertonfc.cz\/index.php\/wp-json\/wp\/v2\/comments?post=18568"}],"version-history":[{"count":4,"href":"https:\/\/evertonfc.cz\/index.php\/wp-json\/wp\/v2\/posts\/18568\/revisions"}],"predecessor-version":[{"id":18572,"href":"https:\/\/evertonfc.cz\/index.php\/wp-json\/wp\/v2\/posts\/18568\/revisions\/18572"}],"wp:featuredmedia":[{"embeddable":true,"href":"https:\/\/evertonfc.cz\/index.php\/wp-json\/wp\/v2\/media\/13180"}],"wp:attachment":[{"href":"https:\/\/evertonfc.cz\/index.php\/wp-json\/wp\/v2\/media?parent=18568"}],"wp:term":[{"taxonomy":"category","embeddable":true,"href":"https:\/\/evertonfc.cz\/index.php\/wp-json\/wp\/v2\/categories?post=18568"},{"taxonomy":"post_tag","embeddable":true,"href":"https:\/\/evertonfc.cz\/index.php\/wp-json\/wp\/v2\/tags?post=18568"}],"curies":[{"name":"wp","href":"https:\/\/api.w.org\/{rel}","templated":true}]}}