{"id":18605,"date":"2022-05-10T23:00:36","date_gmt":"2022-05-10T21:00:36","guid":{"rendered":"https:\/\/evertonfc.cz\/?p=18605"},"modified":"2022-05-11T08:41:04","modified_gmt":"2022-05-11T06:41:04","slug":"brighton-and-hove-albion-w-everton-w-11","status":"publish","type":"post","link":"https:\/\/evertonfc.cz\/index.php\/2022\/05\/10\/brighton-and-hove-albion-w-everton-w-11\/","title":{"rendered":"Brighton &#038; Hove Albion W &#8211; Everton W 1:1"},"content":{"rendered":"<h4>Derni\u00e9rov\u00fd z\u00e1pas leto\u0161n\u00ed sez\u00f3ny WSL p\u0159inesl plichtu. I kdy\u017e po prvn\u00edm polo\u010dase jsme mohli doufat ve v\u00edc.<\/h4>\n<p>Pro ob\u011b strany \u0161lo o z\u00e1pas o presti\u017e a mo\u017en\u00e9 posko\u010den\u00ed o jedno m\u00edsto v tabulce. A v obou t\u00fdmech \u0161lo i o rozlou\u010den\u00ed jedn\u00e9 z hr\u00e1\u010dek s fanou\u0161ky. U n\u00e1s se lou\u010dila Claire Emslie, racky zase v l\u00e9t\u011b opust\u00ed Aileen Whealan. Ob\u011b lou\u010d\u00edc\u00ed se hr\u00e1\u010dky zas\u00e1hly do z\u00e1pasu z lavi\u010dky, p\u0159i\u010dem\u017e efektivn\u011bji tak u\u010dinila Angli\u010danka. Co\u017e se do\u010dteme n\u00ed\u017ee v reportu.<\/p>\n<h4>Prvn\u00ed polo\u010das<\/h4>\n<p>vypadal, \u017ee karamely opravdu cht\u011bj\u00ed smazat dojem ze zpackan\u00e9 sez\u00f3ny. Slibn\u00e9 n\u00e1b\u011bhy Pattinson a Duggan zhatila ofsajdov\u00e1 past.\u00a0 Ani slibn\u00e1 st\u0159ela Magill se neujala. Hlavi\u010dka Anveg\u00e5rd m\u011bla skon\u010dit v brance, ale ruka\u00a0 Walsh byla na m\u00edst\u011b p\u0159ekvapiv\u011b svi\u017en\u011b a m\u00ed\u010d odklonila mimo. Kr\u00e1tce p\u0159ed t\u00edm m\u011bla na kopa\u010dce vedouc\u00ed g\u00f3l Symonds, na\u0161t\u011bst\u00ed pro n\u00e1s m\u00ed\u0159ila vedle. V prvn\u00ed minut\u011b nastaven\u00ed jsme se kone\u010dn\u011b do\u010dkali. \u0160v\u00e9dsk\u00e1 spolupr\u00e1ce p\u0159inesla ovoce: Bj\u00f6rn p\u0159esn\u011b p\u0159ihr\u00e1la Anveg\u00e5rd,\u00a0 m\u00ed\u010d obratem dostala zp\u011bt a jej\u00ed d\u011blovka na prvn\u00ed dobrou \u00a0vymetla pavu\u010diny v lev\u00e9 \u0161ibenici dom\u00e1c\u00edch &#8211; <strong>0:1<\/strong>. Na tenhle premi\u00e9rov\u00fd g\u00f3l na\u0161\u00ed \u0161v\u00e9dsk\u00e9 stoperky se vyplatilo sez\u00f3nu po\u010dkat.<\/p>\n<h4>Druh\u00fd polo\u010das<\/h4>\n<p>p\u0159inesl trochu jin\u00fd fotbal. Byl to Brighton, kdo se hnal za g\u00f3lem. A kr\u00e1tce po polo\u010dase se to hr\u00e1\u010dk\u00e1m v pruhovan\u00e9m povedlo. Inessa Kaagman zachytila nap\u016fl nezpracovan\u00fd, nap\u016fl odra\u017een\u00fd m\u00ed\u010d od Finnigan a zd\u00e1lky oraz\u00edtkovala b\u0159evno. K dor\u00e1\u017ece se rychle dostala Whealan a bez v\u00e1h\u00e1n\u00ed p\u0159ekonala Brosnan v na\u0161\u00ed brance. &#8211; <strong>1:1<\/strong>. Nebezpe\u010dn\u00fd pokus Symonds zne\u0161kodnila p\u011bkn\u00fdm z\u00e1krokem na\u0161e g\u00f3lmanka a\u00a0 dal\u0161\u00ed pokus Whealan sm\u011b\u0159oval mimo branku. Repr\u00edza \u0161v\u00e9dsk\u00e9 spolupr\u00e1ce, tentokr\u00e1t ve variant\u011b Bennison &#8211; Anveg\u00e5rd p\u0159i\u0161la vnive\u010d, prvn\u00ed pokus Anveg\u00e5rd byl zblokovan\u00fd a druh\u00fd p\u0159elet\u011bl nad b\u0159evnem. Rozhodnout z\u00e1pas se t\u011bsn\u011b p\u0159ed koncem nepoda\u0159ilo ani Emslie, kdy\u017e se j\u00ed v nad\u011bjn\u00e9 situaci nepoda\u0159ilo nejprve obej\u00edt a pot\u00e9 obst\u0159elit dnes v\u00fdborn\u011b hraj\u00edc\u00ed Walsh v dom\u00e1c\u00ed brance. A pak u\u017e z\u00e1v\u011bre\u010dn\u00fd hvizd ukon\u010dil na\u0161e leto\u0161n\u00ed ta\u017een\u00ed WSL.<\/p>\n<h4>Konec ne dobr\u00fd, ale p\u0159ijateln\u00fd<\/h4>\n<p>Pod prsty na kl\u00e1vesnici se mi m\u00edsto hodnocen\u00ed z\u00e1pasu plete hodnocen\u00ed sez\u00f3ny. Pokus\u00edm se tomuto o\u017eehav\u00e9mu t\u00e9matu vyhnout. Prozat\u00edm. Bennison jako tv\u016frkyn\u011b hry p\u016fsob\u00ed \u010d\u00edm d\u00e1l t\u00edm jist\u011bji. Je \u0161koda, \u017ee se Emslie\u00a0 nepoda\u0159ilo s koncem z\u00e1pasu dopravit merunu do br\u00e1ny, bylo by to jej\u00ed d\u016fstojn\u00e9 rozlou\u010den\u00ed s Evertonem. Hr\u00e1\u010dkou z\u00e1pasu byla za na\u0161\u00ed stranu nepochybn\u011b Courtney Brosnan. T\u011b\u017eko \u0159\u00edct, co zastupuj\u00edc\u00ed duo Roberts &#8211; Ditchburn vedlo v posledn\u00edch z\u00e1pasech ke zm\u011bn\u011b mezi ty\u010demi. Jist\u00e9 je, \u017ee Brosnan chytila svoj\u00ed \u0161anci za pa\u010desy d\u016fkladn\u011b. Kdo v\u00ed, jak by bez n\u00ed dne\u0161n\u00ed ma\u010d i minul\u00e1 p\u0159est\u0159elka se Spurs nakonec dopadly. Je dob\u0159e, \u017ee p\u0159ed o\u010dek\u00e1van\u00fdm (k)ru\u0161n\u00fdm letn\u00edm p\u0159estupov\u00fdm oknem m\u00e1me v brance na v\u00fdb\u011br ze dvou velmi dobr\u00fdch alternativ. Tak\u017ee si aspo\u0148 chv\u00edli m\u016f\u017eeme u\u017e\u00edvat klidu, ne\u017e se rozh\u00fdbou letn\u00ed \u0161katulata.<span style=\"color: #0000ff;\"> <strong>Up the Toffees!<\/strong><\/span><\/p>\n<p style=\"text-align: right;\"><span style=\"font-size: 8pt;\"><em>Fotografie: zdroj Getty images via royalbluemersey<\/em><\/span><\/p>\n<p><strong>Branky:<\/strong> Whealan (52\u00b4) &#8211;\u00a0 Bj\u00f6rn (45+1\u00b4)\u00a0 <strong>Sest\u0159ih z\u00e1pasu:<\/strong><a href=\"https:\/\/www.youtube.com\/watch?v=JVfJbMzD7nM\" target=\"_blank\" rel=\"noopener\"> YouTube<\/a><\/p>\n<p><strong>\u017dlut\u00e9 karty:<\/strong> 17\u00b4 Finnigan, 69\u00b4 Turner<\/p>\n<p><strong>Seagulls (4-4-1-1): <\/strong>Walsh &#8211; <span class=\"sp-c-lineup-pitch__player\" data-reactid=\".2eknfjk80o6.0.0.0.1.$include-11.0.0.1:$panel-0.$0.0.0.0.2.0.0.1:$home-formation-row-1.$home-player-0\"><span class=\"sp-c-lineup-pitch__player__name gs-u-display-block@xs \" data-reactid=\".2eknfjk80o6.0.0.0.1.$include-11.0.0.1:$panel-0.$0.0.0.0.2.0.0.1:$home-formation-row-1.$home-player-0.1\">Le Tissier, <\/span><\/span><span class=\"sp-c-lineup-pitch__player\" data-reactid=\".2eknfjk80o6.0.0.0.1.$include-11.0.0.1:$panel-0.$0.0.0.0.2.0.0.1:$home-formation-row-1.$home-player-1\"><span class=\"sp-c-lineup-pitch__player__name gs-u-display-block@xs \" data-reactid=\".2eknfjk80o6.0.0.0.1.$include-11.0.0.1:$panel-0.$0.0.0.0.2.0.0.1:$home-formation-row-1.$home-player-1.1\">Williams, K<\/span><\/span><span class=\"sp-c-lineup-pitch__player\" data-reactid=\".2eknfjk80o6.0.0.0.1.$include-11.0.0.1:$panel-0.$0.0.0.0.2.0.0.1:$home-formation-row-1.$home-player-2\"><span class=\"sp-c-lineup-pitch__player__name gs-u-display-block@xs \" data-reactid=\".2eknfjk80o6.0.0.0.1.$include-11.0.0.1:$panel-0.$0.0.0.0.2.0.0.1:$home-formation-row-1.$home-player-2.1\">erkdijk, <\/span><\/span><span class=\"sp-c-lineup-pitch__player\" data-reactid=\".2eknfjk80o6.0.0.0.1.$include-11.0.0.1:$panel-0.$0.0.0.0.2.0.0.1:$home-formation-row-1.$home-player-3\"><span class=\"sp-c-lineup-pitch__player__name gs-u-display-block@xs \" data-reactid=\".2eknfjk80o6.0.0.0.1.$include-11.0.0.1:$panel-0.$0.0.0.0.2.0.0.1:$home-formation-row-1.$home-player-3.1\">Gibbons (<abbr title=\"Emma Kullberg\" data-reactid=\".2eknfjk80o6.0.0.0.1.$include-11.0.0.1:$panel-0.$0.0.0.0.3.$4PO176631.2.$0.2\"><span data-reactid=\".2eknfjk80o6.0.0.0.1.$include-11.0.0.1:$panel-0.$0.0.0.0.3.$4PO176631.2.$0.2.0\">Kullberg<\/span><\/abbr><span data-reactid=\".2eknfjk80o6.0.0.0.1.$include-11.0.0.1:$panel-0.$0.0.0.0.3.$4PO176631.2.$0.4\">\u00a045&#8242;<\/span><span class=\"gs-u-vh\" data-reactid=\".2eknfjk80o6.0.0.0.1.$include-11.0.0.1:$panel-0.$0.0.0.0.3.$4PO176631.2.$0.5\">)<\/span>; Koivisto, Connolly (<abbr title=\"Aileen Whelan\" data-reactid=\".2eknfjk80o6.0.0.0.1.$include-11.0.0.1:$panel-0.$0.0.0.0.3.$6PO180775.2.$0.2\"><span data-reactid=\".2eknfjk80o6.0.0.0.1.$include-11.0.0.1:$panel-0.$0.0.0.0.3.$6PO180775.2.$0.2.0\">Whelan<\/span><\/abbr><span data-reactid=\".2eknfjk80o6.0.0.0.1.$include-11.0.0.1:$panel-0.$0.0.0.0.3.$6PO180775.2.$0.4\"> 45&#8242;<\/span><span class=\"gs-u-vh\" data-reactid=\".2eknfjk80o6.0.0.0.1.$include-11.0.0.1:$panel-0.$0.0.0.0.3.$6PO180775.2.$0.5\">)<\/span>, Zigiotti Olme, Kaagman (<abbr title=\"Kayleigh Green\" data-reactid=\".2eknfjk80o6.0.0.0.1.$include-11.0.0.1:$panel-0.$0.0.0.0.3.$8PO225666.2.$0.2\"><span data-reactid=\".2eknfjk80o6.0.0.0.1.$include-11.0.0.1:$panel-0.$0.0.0.0.3.$8PO225666.2.$0.2.0\">Green<\/span><\/abbr><span data-reactid=\".2eknfjk80o6.0.0.0.1.$include-11.0.0.1:$panel-0.$0.0.0.0.3.$8PO225666.2.$0.4\"> 66\u00b4)<\/span>; Lee (<abbr title=\"Danielle Carter\" data-reactid=\".2eknfjk80o6.0.0.0.1.$include-11.0.0.1:$panel-0.$0.0.0.0.3.$9PO184784.2.$0.2\"><span data-reactid=\".2eknfjk80o6.0.0.0.1.$include-11.0.0.1:$panel-0.$0.0.0.0.3.$9PO184784.2.$0.2.0\">Carter<\/span><\/abbr><span data-reactid=\".2eknfjk80o6.0.0.0.1.$include-11.0.0.1:$panel-0.$0.0.0.0.3.$9PO184784.2.$0.4\"> 83&#8242;<\/span><span class=\"gs-u-vh\" data-reactid=\".2eknfjk80o6.0.0.0.1.$include-11.0.0.1:$panel-0.$0.0.0.0.3.$9PO184784.2.$0.5\">)<\/span>; Symonds<\/span><\/span><\/p>\n<p><strong>Toffees (5-4-1): <\/strong>Brosnan &#8211; <span class=\"sp-c-lineup-pitch__player\" data-reactid=\".2eknfjk80o6.0.0.0.1.$include-11.0.0.1:$panel-0.$0.0.0.1.2.0.0.1:$away-formation-row-1.$away-player-0\"><span class=\"sp-c-lineup-pitch__player__name gs-u-display-block@xs \" data-reactid=\".2eknfjk80o6.0.0.0.1.$include-11.0.0.1:$panel-0.$0.0.0.1.2.0.0.1:$away-formation-row-1.$away-player-0.1\">Maier, B<\/span><\/span><span class=\"sp-c-lineup-pitch__player\" data-reactid=\".2eknfjk80o6.0.0.0.1.$include-11.0.0.1:$panel-0.$0.0.0.1.2.0.0.1:$away-formation-row-1.$away-player-1\"><span class=\"sp-c-lineup-pitch__player__name gs-u-display-block@xs \" data-reactid=\".2eknfjk80o6.0.0.0.1.$include-11.0.0.1:$panel-0.$0.0.0.1.2.0.0.1:$away-formation-row-1.$away-player-1.1\">j\u00f6rn, <\/span><\/span><span class=\"sp-c-lineup-pitch__player\" data-reactid=\".2eknfjk80o6.0.0.0.1.$include-11.0.0.1:$panel-0.$0.0.0.1.2.0.0.1:$away-formation-row-1.$away-player-2\"><span class=\"sp-c-lineup-pitch__player__name gs-u-display-block@xs \" data-reactid=\".2eknfjk80o6.0.0.0.1.$include-11.0.0.1:$panel-0.$0.0.0.1.2.0.0.1:$away-formation-row-1.$away-player-2.1\">Finnigan, <\/span><\/span><span class=\"sp-c-lineup-pitch__player\" data-reactid=\".2eknfjk80o6.0.0.0.1.$include-11.0.0.1:$panel-0.$0.0.0.1.2.0.0.1:$away-formation-row-1.$away-player-3\"><span class=\"sp-c-lineup-pitch__player__name gs-u-display-block@xs \" data-reactid=\".2eknfjk80o6.0.0.0.1.$include-11.0.0.1:$panel-0.$0.0.0.1.2.0.0.1:$away-formation-row-1.$away-player-3.1\">George, <\/span><\/span><span class=\"sp-c-lineup-pitch__player\" data-reactid=\".2eknfjk80o6.0.0.0.1.$include-11.0.0.1:$panel-0.$0.0.0.1.2.0.0.1:$away-formation-row-1.$away-player-4\"><span class=\"sp-c-lineup-pitch__player__name gs-u-display-block@xs \" data-reactid=\".2eknfjk80o6.0.0.0.1.$include-11.0.0.1:$panel-0.$0.0.0.1.2.0.0.1:$away-formation-row-1.$away-player-4.1\">Pattinson (<abbr title=\"Grace Clinton\" data-reactid=\".2eknfjk80o6.0.0.0.1.$include-11.0.0.1:$panel-0.$0.0.0.1.3.$5PO226710.2.$0.2\"><span data-reactid=\".2eknfjk80o6.0.0.0.1.$include-11.0.0.1:$panel-0.$0.0.0.1.3.$5PO226710.2.$0.2.0\">Clinton<\/span><\/abbr><span data-reactid=\".2eknfjk80o6.0.0.0.1.$include-11.0.0.1:$panel-0.$0.0.0.1.3.$5PO226710.2.$0.4\"> 78&#8242;<\/span><span class=\"gs-u-vh\" data-reactid=\".2eknfjk80o6.0.0.0.1.$include-11.0.0.1:$panel-0.$0.0.0.1.3.$5PO226710.2.$0.5\">)<\/span>; Anveg\u00e5rd (<abbr title=\"Claire Emslie\" data-reactid=\".2eknfjk80o6.0.0.0.1.$include-11.0.0.1:$panel-0.$0.0.0.1.3.$6PO205934.2.$0.2\"><span data-reactid=\".2eknfjk80o6.0.0.0.1.$include-11.0.0.1:$panel-0.$0.0.0.1.3.$6PO205934.2.$0.2.0\">Emslie<\/span><\/abbr><span data-reactid=\".2eknfjk80o6.0.0.0.1.$include-11.0.0.1:$panel-0.$0.0.0.1.3.$6PO205934.2.$0.4\"> 63&#8242;)<\/span>, Bennison, Graham, Magill (<abbr title=\"Danielle Turner\" data-reactid=\".2eknfjk80o6.0.0.0.1.$include-11.0.0.1:$panel-0.$0.0.0.1.3.$9PO157180.2.$0.2\"><span data-reactid=\".2eknfjk80o6.0.0.0.1.$include-11.0.0.1:$panel-0.$0.0.0.1.3.$9PO157180.2.$0.2.0\">Turner<\/span><\/abbr><span data-reactid=\".2eknfjk80o6.0.0.0.1.$include-11.0.0.1:$panel-0.$0.0.0.1.3.$9PO157180.2.$0.4\"> 45&#8242;<\/span><span class=\"gs-u-vh\" data-reactid=\".2eknfjk80o6.0.0.0.1.$include-11.0.0.1:$panel-0.$0.0.0.1.3.$9PO157180.2.$0.5\">)<\/span><i class=\"sp-c-booking-card sp-c-booking-card--rotate sp-c-booking-card--yellow gs-u-ml\" data-reactid=\".2eknfjk80o6.0.0.0.1.$include-11.0.0.1:$panel-0.$0.0.0.1.3.$9PO157180.2.$0.6\"><\/i>; Duggan<\/span><\/span><\/p>\n<p><strong>Rozhod\u010d\u00ed:<\/strong> Louise Saunders\u00a0 <strong>Div\u00e1ci: <\/strong>1371<\/p>\n","protected":false},"excerpt":{"rendered":"<p>Derni\u00e9rov\u00fd z\u00e1pas leto\u0161n\u00ed sez\u00f3ny WSL p\u0159inesl plichtu. I kdy\u017e po prvn\u00edm polo\u010dase jsme mohli doufat ve v\u00edc.\u00a0<\/p>\n","protected":false},"author":26,"featured_media":18612,"comment_status":"open","ping_status":"closed","sticky":false,"template":"","format":"standard","meta":{"_eb_attr":"","_monsterinsights_skip_tracking":false,"_monsterinsights_sitenote_active":false,"_monsterinsights_sitenote_note":"","_monsterinsights_sitenote_category":0,"footnotes":""},"categories":[110],"tags":[],"yoast_head":"<!-- This site is optimized with the Yoast SEO plugin v23.4 - https:\/\/yoast.com\/wordpress\/plugins\/seo\/ -->\n<title>Brighton &amp; Hove Albion W - Everton W 1:1 - Official Czech &amp; Slovak Everton Supporters&#039; Club<\/title>\n<meta name=\"robots\" content=\"index, follow, max-snippet:-1, max-image-preview:large, max-video-preview:-1\" \/>\n<link rel=\"canonical\" href=\"https:\/\/evertonfc.cz\/index.php\/2022\/05\/10\/brighton-and-hove-albion-w-everton-w-11\/\" \/>\n<meta property=\"og:locale\" content=\"cs_CZ\" \/>\n<meta property=\"og:type\" content=\"article\" \/>\n<meta property=\"og:title\" content=\"Brighton &amp; Hove Albion W - Everton W 1:1 - Official Czech &amp; Slovak Everton Supporters&#039; Club\" \/>\n<meta property=\"og:description\" content=\"Derni\u00e9rov\u00fd z\u00e1pas leto\u0161n\u00ed sez\u00f3ny WSL p\u0159inesl plichtu. I kdy\u017e po prvn\u00edm polo\u010dase jsme mohli doufat ve v\u00edc.\u00a0\" \/>\n<meta property=\"og:url\" content=\"https:\/\/evertonfc.cz\/index.php\/2022\/05\/10\/brighton-and-hove-albion-w-everton-w-11\/\" \/>\n<meta property=\"og:site_name\" content=\"Official Czech &amp; Slovak Everton Supporters&#039; Club\" \/>\n<meta property=\"article:publisher\" content=\"https:\/\/www.facebook.com\/everton.fans.cz.sk\" \/>\n<meta property=\"article:published_time\" content=\"2022-05-10T21:00:36+00:00\" \/>\n<meta property=\"article:modified_time\" content=\"2022-05-11T06:41:04+00:00\" \/>\n<meta property=\"og:image\" content=\"https:\/\/evertonfc.cz\/wp-content\/uploads\/2022\/05\/Everton-vs-Albion-8_5_2022.jpg\" \/>\n\t<meta property=\"og:image:width\" content=\"720\" \/>\n\t<meta property=\"og:image:height\" content=\"405\" \/>\n\t<meta property=\"og:image:type\" content=\"image\/jpeg\" \/>\n<meta name=\"author\" content=\"Karamela\" \/>\n<meta name=\"twitter:card\" content=\"summary_large_image\" \/>\n<meta name=\"twitter:label1\" content=\"Napsal(a)\" \/>\n\t<meta name=\"twitter:data1\" content=\"Karamela\" \/>\n\t<meta name=\"twitter:label2\" content=\"Odhadovan\u00e1 doba \u010dten\u00ed\" \/>\n\t<meta name=\"twitter:data2\" content=\"3 minuty\" \/>\n<script type=\"application\/ld+json\" class=\"yoast-schema-graph\">{\"@context\":\"https:\/\/schema.org\",\"@graph\":[{\"@type\":\"Article\",\"@id\":\"https:\/\/evertonfc.cz\/index.php\/2022\/05\/10\/brighton-and-hove-albion-w-everton-w-11\/#article\",\"isPartOf\":{\"@id\":\"https:\/\/evertonfc.cz\/index.php\/2022\/05\/10\/brighton-and-hove-albion-w-everton-w-11\/\"},\"author\":{\"name\":\"Karamela\",\"@id\":\"https:\/\/evertonfc.cz\/#\/schema\/person\/e9a24a80a32efa1344dd2c4e5882185c\"},\"headline\":\"Brighton &#038; Hove Albion W &#8211; Everton W 1:1\",\"datePublished\":\"2022-05-10T21:00:36+00:00\",\"dateModified\":\"2022-05-11T06:41:04+00:00\",\"mainEntityOfPage\":{\"@id\":\"https:\/\/evertonfc.cz\/index.php\/2022\/05\/10\/brighton-and-hove-albion-w-everton-w-11\/\"},\"wordCount\":710,\"commentCount\":8,\"publisher\":{\"@id\":\"https:\/\/evertonfc.cz\/#organization\"},\"image\":{\"@id\":\"https:\/\/evertonfc.cz\/index.php\/2022\/05\/10\/brighton-and-hove-albion-w-everton-w-11\/#primaryimage\"},\"thumbnailUrl\":\"https:\/\/evertonfc.cz\/wp-content\/uploads\/2022\/05\/Everton-vs-Albion-8_5_2022.jpg\",\"articleSection\":[\"Everton Women\"],\"inLanguage\":\"cs\",\"potentialAction\":[{\"@type\":\"CommentAction\",\"name\":\"Comment\",\"target\":[\"https:\/\/evertonfc.cz\/index.php\/2022\/05\/10\/brighton-and-hove-albion-w-everton-w-11\/#respond\"]}]},{\"@type\":\"WebPage\",\"@id\":\"https:\/\/evertonfc.cz\/index.php\/2022\/05\/10\/brighton-and-hove-albion-w-everton-w-11\/\",\"url\":\"https:\/\/evertonfc.cz\/index.php\/2022\/05\/10\/brighton-and-hove-albion-w-everton-w-11\/\",\"name\":\"Brighton & Hove Albion W - Everton W 1:1 - Official Czech &amp; Slovak Everton Supporters&#039; Club\",\"isPartOf\":{\"@id\":\"https:\/\/evertonfc.cz\/#website\"},\"primaryImageOfPage\":{\"@id\":\"https:\/\/evertonfc.cz\/index.php\/2022\/05\/10\/brighton-and-hove-albion-w-everton-w-11\/#primaryimage\"},\"image\":{\"@id\":\"https:\/\/evertonfc.cz\/index.php\/2022\/05\/10\/brighton-and-hove-albion-w-everton-w-11\/#primaryimage\"},\"thumbnailUrl\":\"https:\/\/evertonfc.cz\/wp-content\/uploads\/2022\/05\/Everton-vs-Albion-8_5_2022.jpg\",\"datePublished\":\"2022-05-10T21:00:36+00:00\",\"dateModified\":\"2022-05-11T06:41:04+00:00\",\"breadcrumb\":{\"@id\":\"https:\/\/evertonfc.cz\/index.php\/2022\/05\/10\/brighton-and-hove-albion-w-everton-w-11\/#breadcrumb\"},\"inLanguage\":\"cs\",\"potentialAction\":[{\"@type\":\"ReadAction\",\"target\":[\"https:\/\/evertonfc.cz\/index.php\/2022\/05\/10\/brighton-and-hove-albion-w-everton-w-11\/\"]}]},{\"@type\":\"ImageObject\",\"inLanguage\":\"cs\",\"@id\":\"https:\/\/evertonfc.cz\/index.php\/2022\/05\/10\/brighton-and-hove-albion-w-everton-w-11\/#primaryimage\",\"url\":\"https:\/\/evertonfc.cz\/wp-content\/uploads\/2022\/05\/Everton-vs-Albion-8_5_2022.jpg\",\"contentUrl\":\"https:\/\/evertonfc.cz\/wp-content\/uploads\/2022\/05\/Everton-vs-Albion-8_5_2022.jpg\",\"width\":720,\"height\":405},{\"@type\":\"BreadcrumbList\",\"@id\":\"https:\/\/evertonfc.cz\/index.php\/2022\/05\/10\/brighton-and-hove-albion-w-everton-w-11\/#breadcrumb\",\"itemListElement\":[{\"@type\":\"ListItem\",\"position\":1,\"name\":\"Home\",\"item\":\"https:\/\/evertonfc.cz\/\"},{\"@type\":\"ListItem\",\"position\":2,\"name\":\"Brighton &#038; Hove Albion W &#8211; Everton W 1:1\"}]},{\"@type\":\"WebSite\",\"@id\":\"https:\/\/evertonfc.cz\/#website\",\"url\":\"https:\/\/evertonfc.cz\/\",\"name\":\"Official Czech &amp; Slovak Everton Supporters&#039; Club\",\"description\":\"\",\"publisher\":{\"@id\":\"https:\/\/evertonfc.cz\/#organization\"},\"potentialAction\":[{\"@type\":\"SearchAction\",\"target\":{\"@type\":\"EntryPoint\",\"urlTemplate\":\"https:\/\/evertonfc.cz\/?s={search_term_string}\"},\"query-input\":{\"@type\":\"PropertyValueSpecification\",\"valueRequired\":true,\"valueName\":\"search_term_string\"}}],\"inLanguage\":\"cs\"},{\"@type\":\"Organization\",\"@id\":\"https:\/\/evertonfc.cz\/#organization\",\"name\":\"Official Czech & Slovak Everton Supporters' Club\",\"url\":\"https:\/\/evertonfc.cz\/\",\"logo\":{\"@type\":\"ImageObject\",\"inLanguage\":\"cs\",\"@id\":\"https:\/\/evertonfc.cz\/#\/schema\/logo\/image\/\",\"url\":\"https:\/\/evertonfc.cz\/wp-content\/uploads\/2019\/05\/logo.png\",\"contentUrl\":\"https:\/\/evertonfc.cz\/wp-content\/uploads\/2019\/05\/logo.png\",\"width\":112,\"height\":112,\"caption\":\"Official Czech & Slovak Everton Supporters' Club\"},\"image\":{\"@id\":\"https:\/\/evertonfc.cz\/#\/schema\/logo\/image\/\"},\"sameAs\":[\"https:\/\/www.facebook.com\/everton.fans.cz.sk\"]},{\"@type\":\"Person\",\"@id\":\"https:\/\/evertonfc.cz\/#\/schema\/person\/e9a24a80a32efa1344dd2c4e5882185c\",\"name\":\"Karamela\",\"url\":\"https:\/\/evertonfc.cz\/index.php\/author\/karamela\/\"}]}<\/script>\n<!-- \/ Yoast SEO plugin. -->","yoast_head_json":{"title":"Brighton & Hove Albion W - Everton W 1:1 - Official Czech &amp; Slovak Everton Supporters&#039; Club","robots":{"index":"index","follow":"follow","max-snippet":"max-snippet:-1","max-image-preview":"max-image-preview:large","max-video-preview":"max-video-preview:-1"},"canonical":"https:\/\/evertonfc.cz\/index.php\/2022\/05\/10\/brighton-and-hove-albion-w-everton-w-11\/","og_locale":"cs_CZ","og_type":"article","og_title":"Brighton & Hove Albion W - Everton W 1:1 - Official Czech &amp; Slovak Everton Supporters&#039; Club","og_description":"Derni\u00e9rov\u00fd z\u00e1pas leto\u0161n\u00ed sez\u00f3ny WSL p\u0159inesl plichtu. I kdy\u017e po prvn\u00edm polo\u010dase jsme mohli doufat ve v\u00edc.\u00a0","og_url":"https:\/\/evertonfc.cz\/index.php\/2022\/05\/10\/brighton-and-hove-albion-w-everton-w-11\/","og_site_name":"Official Czech &amp; Slovak Everton Supporters&#039; Club","article_publisher":"https:\/\/www.facebook.com\/everton.fans.cz.sk","article_published_time":"2022-05-10T21:00:36+00:00","article_modified_time":"2022-05-11T06:41:04+00:00","og_image":[{"width":720,"height":405,"url":"https:\/\/evertonfc.cz\/wp-content\/uploads\/2022\/05\/Everton-vs-Albion-8_5_2022.jpg","type":"image\/jpeg"}],"author":"Karamela","twitter_card":"summary_large_image","twitter_misc":{"Napsal(a)":"Karamela","Odhadovan\u00e1 doba \u010dten\u00ed":"3 minuty"},"schema":{"@context":"https:\/\/schema.org","@graph":[{"@type":"Article","@id":"https:\/\/evertonfc.cz\/index.php\/2022\/05\/10\/brighton-and-hove-albion-w-everton-w-11\/#article","isPartOf":{"@id":"https:\/\/evertonfc.cz\/index.php\/2022\/05\/10\/brighton-and-hove-albion-w-everton-w-11\/"},"author":{"name":"Karamela","@id":"https:\/\/evertonfc.cz\/#\/schema\/person\/e9a24a80a32efa1344dd2c4e5882185c"},"headline":"Brighton &#038; Hove Albion W &#8211; Everton W 1:1","datePublished":"2022-05-10T21:00:36+00:00","dateModified":"2022-05-11T06:41:04+00:00","mainEntityOfPage":{"@id":"https:\/\/evertonfc.cz\/index.php\/2022\/05\/10\/brighton-and-hove-albion-w-everton-w-11\/"},"wordCount":710,"commentCount":8,"publisher":{"@id":"https:\/\/evertonfc.cz\/#organization"},"image":{"@id":"https:\/\/evertonfc.cz\/index.php\/2022\/05\/10\/brighton-and-hove-albion-w-everton-w-11\/#primaryimage"},"thumbnailUrl":"https:\/\/evertonfc.cz\/wp-content\/uploads\/2022\/05\/Everton-vs-Albion-8_5_2022.jpg","articleSection":["Everton Women"],"inLanguage":"cs","potentialAction":[{"@type":"CommentAction","name":"Comment","target":["https:\/\/evertonfc.cz\/index.php\/2022\/05\/10\/brighton-and-hove-albion-w-everton-w-11\/#respond"]}]},{"@type":"WebPage","@id":"https:\/\/evertonfc.cz\/index.php\/2022\/05\/10\/brighton-and-hove-albion-w-everton-w-11\/","url":"https:\/\/evertonfc.cz\/index.php\/2022\/05\/10\/brighton-and-hove-albion-w-everton-w-11\/","name":"Brighton & Hove Albion W - Everton W 1:1 - Official Czech &amp; Slovak Everton Supporters&#039; Club","isPartOf":{"@id":"https:\/\/evertonfc.cz\/#website"},"primaryImageOfPage":{"@id":"https:\/\/evertonfc.cz\/index.php\/2022\/05\/10\/brighton-and-hove-albion-w-everton-w-11\/#primaryimage"},"image":{"@id":"https:\/\/evertonfc.cz\/index.php\/2022\/05\/10\/brighton-and-hove-albion-w-everton-w-11\/#primaryimage"},"thumbnailUrl":"https:\/\/evertonfc.cz\/wp-content\/uploads\/2022\/05\/Everton-vs-Albion-8_5_2022.jpg","datePublished":"2022-05-10T21:00:36+00:00","dateModified":"2022-05-11T06:41:04+00:00","breadcrumb":{"@id":"https:\/\/evertonfc.cz\/index.php\/2022\/05\/10\/brighton-and-hove-albion-w-everton-w-11\/#breadcrumb"},"inLanguage":"cs","potentialAction":[{"@type":"ReadAction","target":["https:\/\/evertonfc.cz\/index.php\/2022\/05\/10\/brighton-and-hove-albion-w-everton-w-11\/"]}]},{"@type":"ImageObject","inLanguage":"cs","@id":"https:\/\/evertonfc.cz\/index.php\/2022\/05\/10\/brighton-and-hove-albion-w-everton-w-11\/#primaryimage","url":"https:\/\/evertonfc.cz\/wp-content\/uploads\/2022\/05\/Everton-vs-Albion-8_5_2022.jpg","contentUrl":"https:\/\/evertonfc.cz\/wp-content\/uploads\/2022\/05\/Everton-vs-Albion-8_5_2022.jpg","width":720,"height":405},{"@type":"BreadcrumbList","@id":"https:\/\/evertonfc.cz\/index.php\/2022\/05\/10\/brighton-and-hove-albion-w-everton-w-11\/#breadcrumb","itemListElement":[{"@type":"ListItem","position":1,"name":"Home","item":"https:\/\/evertonfc.cz\/"},{"@type":"ListItem","position":2,"name":"Brighton &#038; Hove Albion W &#8211; Everton W 1:1"}]},{"@type":"WebSite","@id":"https:\/\/evertonfc.cz\/#website","url":"https:\/\/evertonfc.cz\/","name":"Official Czech &amp; Slovak Everton Supporters&#039; Club","description":"","publisher":{"@id":"https:\/\/evertonfc.cz\/#organization"},"potentialAction":[{"@type":"SearchAction","target":{"@type":"EntryPoint","urlTemplate":"https:\/\/evertonfc.cz\/?s={search_term_string}"},"query-input":{"@type":"PropertyValueSpecification","valueRequired":true,"valueName":"search_term_string"}}],"inLanguage":"cs"},{"@type":"Organization","@id":"https:\/\/evertonfc.cz\/#organization","name":"Official Czech & Slovak Everton Supporters' Club","url":"https:\/\/evertonfc.cz\/","logo":{"@type":"ImageObject","inLanguage":"cs","@id":"https:\/\/evertonfc.cz\/#\/schema\/logo\/image\/","url":"https:\/\/evertonfc.cz\/wp-content\/uploads\/2019\/05\/logo.png","contentUrl":"https:\/\/evertonfc.cz\/wp-content\/uploads\/2019\/05\/logo.png","width":112,"height":112,"caption":"Official Czech & Slovak Everton Supporters' Club"},"image":{"@id":"https:\/\/evertonfc.cz\/#\/schema\/logo\/image\/"},"sameAs":["https:\/\/www.facebook.com\/everton.fans.cz.sk"]},{"@type":"Person","@id":"https:\/\/evertonfc.cz\/#\/schema\/person\/e9a24a80a32efa1344dd2c4e5882185c","name":"Karamela","url":"https:\/\/evertonfc.cz\/index.php\/author\/karamela\/"}]}},"_links":{"self":[{"href":"https:\/\/evertonfc.cz\/index.php\/wp-json\/wp\/v2\/posts\/18605"}],"collection":[{"href":"https:\/\/evertonfc.cz\/index.php\/wp-json\/wp\/v2\/posts"}],"about":[{"href":"https:\/\/evertonfc.cz\/index.php\/wp-json\/wp\/v2\/types\/post"}],"author":[{"embeddable":true,"href":"https:\/\/evertonfc.cz\/index.php\/wp-json\/wp\/v2\/users\/26"}],"replies":[{"embeddable":true,"href":"https:\/\/evertonfc.cz\/index.php\/wp-json\/wp\/v2\/comments?post=18605"}],"version-history":[{"count":11,"href":"https:\/\/evertonfc.cz\/index.php\/wp-json\/wp\/v2\/posts\/18605\/revisions"}],"predecessor-version":[{"id":18628,"href":"https:\/\/evertonfc.cz\/index.php\/wp-json\/wp\/v2\/posts\/18605\/revisions\/18628"}],"wp:featuredmedia":[{"embeddable":true,"href":"https:\/\/evertonfc.cz\/index.php\/wp-json\/wp\/v2\/media\/18612"}],"wp:attachment":[{"href":"https:\/\/evertonfc.cz\/index.php\/wp-json\/wp\/v2\/media?parent=18605"}],"wp:term":[{"taxonomy":"category","embeddable":true,"href":"https:\/\/evertonfc.cz\/index.php\/wp-json\/wp\/v2\/categories?post=18605"},{"taxonomy":"post_tag","embeddable":true,"href":"https:\/\/evertonfc.cz\/index.php\/wp-json\/wp\/v2\/tags?post=18605"}],"curies":[{"name":"wp","href":"https:\/\/api.w.org\/{rel}","templated":true}]}}