{"id":18642,"date":"2022-05-11T09:35:33","date_gmt":"2022-05-11T07:35:33","guid":{"rendered":"https:\/\/evertonfc.cz\/?p=18642"},"modified":"2022-05-11T18:19:24","modified_gmt":"2022-05-11T16:19:24","slug":"preview-watford-everton-11_5_2022","status":"publish","type":"post","link":"https:\/\/evertonfc.cz\/index.php\/2022\/05\/11\/preview-watford-everton-11_5_2022\/","title":{"rendered":"Preview: Watford &#8211; Everton"},"content":{"rendered":"<h4>Everton se podruh\u00e9 v kr\u00e1tk\u00e9 dob\u011b p\u0159edstav\u00ed na p\u016fd\u011b soupe\u0159e, na Vicarage Road se mu p\u0159itom nask\u00fdt\u00e1 dobr\u00e1 \u0161ance r\u00e1zn\u011b vykro\u010dit za z\u00e1chranou.<\/h4>\n<p>Dom\u00e1c\u00ed Watford p\u0159edvedl po op\u011btovn\u00e9m postupu do Premier League p\u0159esn\u011b to, co se od n\u011bho o\u010dek\u00e1valo. P\u0159ed sez\u00f3nou nakoupil tucet prazvl\u00e1\u0161tn\u00edch hr\u00e1\u010d\u016f, b\u011bhem samotn\u00e9ho ro\u010dn\u00edku n\u011bkolikr\u00e1t vym\u011bnil mana\u017eera, aby se po roce vr\u00e1til zp\u011bt do Championshipu.<\/p>\n<p>Neodvratn\u00fd sestup pe\u010detila v\u00edkendov\u00e1 prohra s Crystal Palace. Hornets jsou aktu\u00e1ln\u011b p\u0159edposledn\u00ed se ziskem nuzn\u00fdch 22 bod\u016f, z nich\u017e ale t\u0159i z\u00edskali na podzim kv\u016fli <a href=\"https:\/\/evertonfc.cz\/index.php\/2021\/10\/24\/everton-watford-25\/\" target=\"_blank\" rel=\"noopener\">hattricku Kinga na Goodison Parku<\/a>. Ano, ani Toffees nepro\u017e\u00edvaj\u00ed dobrou sez\u00f3nu. Ov\u0161em na rozd\u00edl od Watfordu se na posledn\u00ed chv\u00edli zm\u00e1to\u0159ili a nyn\u00ed se nach\u00e1zej\u00ed bod nad sestupov\u00fdm peklem.<\/p>\n<p>Dohr\u00e1van\u00e9 st\u0159etnut\u00ed s Watfordem tak nab\u00edz\u00ed Evertonu neopakovatelnou p\u0159\u00edle\u017eitost odpoutat se od ligov\u00e9ho chvostu. Mana\u017eersk\u00fd veter\u00e1n dom\u00e1c\u00edch Roy Hodgson, kter\u00fd za\u010dal s tren\u00e9rsk\u00fdm \u0159emeslem u\u017e na konci 70. let minul\u00e9ho stolet\u00ed a kter\u00fd po sez\u00f3n\u011b u\u017e podruh\u00e9 b\u011bhem n\u011bkolika m\u011bs\u00edc\u016f odejde do d\u016fchodu nav\u00edc nem\u016f\u017ee po\u010d\u00edtat hned s deseti hr\u00e1\u010di.<\/p>\n<p>Zran\u011bn\u00e9 jsou ofenzivn\u00ed opory Sarr, Dennis, King, Hern\u00e1ndez (ti dohromady vst\u0159elili 25 z celkov\u00fdch 32 branek Watfordu v aktu\u00e1ln\u00edm ligov\u00e9m ro\u010dn\u00edku). D\u00e1le absentuj\u00ed Kamara, Kucka, Cleverley, Louza, Femenia a N&#8217;Koulou.<\/p>\n<p>Jeden by snad \u0159ekl, \u017ee Everton si jede pro jasn\u00e9 t\u0159i body, ov\u0161em fanou\u0161ek Evertonu dob\u0159e v\u00ed, \u017ee pr\u00e1v\u011b Toffees maj\u00ed nezpochybniteln\u00fd talent kr\u00e1lovsky pod\u011blat p\u0159esn\u011b takov\u00e9to z\u00e1pasy.<\/p>\n<p>Na druhou stranu Blues si moment\u00e1ln\u011b u\u017e\u00edvaj\u00ed harmonickou symbi\u00f3zu, kterou nastartovali fanou\u0161ci svou obrovskou podporou a kterou hr\u00e1\u010di s mana\u017eerem Lampardem podn\u00edtili k\u00fd\u017een\u00fdmi v\u00fdsledky.<\/p>\n<p style=\"text-align: center;\"><iframe loading=\"lazy\" title=\"YouTube video player\" src=\"https:\/\/www.youtube.com\/embed\/7USVnIQUQ9Q\" width=\"560\" height=\"315\" frameborder=\"0\" allowfullscreen=\"allowfullscreen\"><\/iframe><\/p>\n<p>Everton v ned\u011bli ukon\u010dil patn\u00e1ctiz\u00e1pasov\u00e9 \u010dek\u00e1n\u00ed na venkovn\u00ed ligovou v\u00fdhru. A po triumfu nad United a Chelsea si p\u0159ipsal velmi cenn\u00fd skalp Leicesteru.<\/p>\n<p>Autor otv\u00edrac\u00ed trefy na King Power Stadium Vitalij Mykolenko vyl\u00e9\u010dil men\u0161\u00ed \u0161r\u00e1my, a tak bude p\u0159ipraven nastoupit i proti Watfordu. Kv\u016fli zran\u011bn\u00ed ale zase vypadl Yerry Mina, jen\u017e nejsp\u00ed\u0161e stihne a\u017e z\u00e1v\u011bre\u010dn\u00fd duel sez\u00f3ny na Arsenalu. Zdravotn\u00ed probl\u00e9my st\u00e1le je\u0161t\u011b nevyl\u00e9\u010dili\u00a0 Godfrey a van de Beek. Prvn\u011b jmenovan\u00fd by se mohl vr\u00e1tit u\u017e v ned\u011bln\u00edm duelu s Brentfordem a druh\u00fd ve \u010dtvrte\u010dn\u00edm s Crystal Palace.<\/p>\n<p>Everton m\u00e1 nahu\u0161t\u011bn\u00fd program sez\u00f3ny, nebylo by proto p\u0159ekvapen\u00edm, kdyby Lampard aspo\u0148 trochu rotoval sestavou. Ve h\u0159e je odpo\u010dinek pro Delpha a nasazen\u00ed p\u0159ipraven\u00e9ho Allana. Minu stejn\u011b jako proti Foxes nahrad\u00ed Michael Keane.<\/p>\n<p><strong>Co:<\/strong> Watford FC \u2013 Everton FC, dohr\u00e1van\u00e9 30. kolo Premier League<br \/>\n<strong>Kdy:<\/strong> St\u0159eda 11. kv\u011btna 2022 od 20:45 SE\u010c<br \/>\n<strong>Kde:<\/strong> Vicarage Road, Watford (kapacita 22 200)<br \/>\n<strong>TV:<\/strong> Ne, bez p\u0159\u00edm\u00e9ho p\u0159enosu a z\u00e1znamu<br \/>\n<strong>Rozhod\u010d\u00ed:<\/strong> Mike Dean<br \/>\n<strong>VAR:<\/strong> Michael Oliver<\/p>\n","protected":false},"excerpt":{"rendered":"<p>Everton se podruh\u00e9 v kr\u00e1tk\u00e9 dob\u011b p\u0159edstav\u00ed na p\u016fd\u011b soupe\u0159e, na Vicarage Road se mu p\u0159itom nask\u00fdt\u00e1 dobr\u00e1 \u0161ance r\u00e1zn\u011b vykro\u010dit za z\u00e1chranou.<\/p>\n","protected":false},"author":6,"featured_media":18641,"comment_status":"open","ping_status":"closed","sticky":false,"template":"","format":"standard","meta":{"_eb_attr":"","_monsterinsights_skip_tracking":false,"_monsterinsights_sitenote_active":false,"_monsterinsights_sitenote_note":"","_monsterinsights_sitenote_category":0,"footnotes":""},"categories":[4],"tags":[],"yoast_head":"<!-- This site is optimized with the Yoast SEO plugin v23.4 - https:\/\/yoast.com\/wordpress\/plugins\/seo\/ -->\n<title>Preview: Watford - Everton - Official Czech &amp; Slovak Everton Supporters&#039; Club<\/title>\n<meta name=\"description\" content=\"Everton se podruh\u00e9 v kr\u00e1tk\u00e9 dob\u011b p\u0159edstav\u00ed na p\u016fd\u011b soupe\u0159e, na Vicarage Road se mu p\u0159itom nask\u00fdt\u00e1 dobr\u00e1 \u0161ance r\u00e1zn\u011b vykro\u010dit za z\u00e1chranou.\" \/>\n<meta name=\"robots\" content=\"index, follow, max-snippet:-1, max-image-preview:large, max-video-preview:-1\" \/>\n<link rel=\"canonical\" href=\"https:\/\/evertonfc.cz\/index.php\/2022\/05\/11\/preview-watford-everton-11_5_2022\/\" \/>\n<meta property=\"og:locale\" content=\"cs_CZ\" \/>\n<meta property=\"og:type\" content=\"article\" \/>\n<meta property=\"og:title\" content=\"Preview: Watford - Everton - Official Czech &amp; Slovak Everton Supporters&#039; Club\" \/>\n<meta property=\"og:description\" content=\"Everton se podruh\u00e9 v kr\u00e1tk\u00e9 dob\u011b p\u0159edstav\u00ed na p\u016fd\u011b soupe\u0159e, na Vicarage Road se mu p\u0159itom nask\u00fdt\u00e1 dobr\u00e1 \u0161ance r\u00e1zn\u011b vykro\u010dit za z\u00e1chranou.\" \/>\n<meta property=\"og:url\" content=\"https:\/\/evertonfc.cz\/index.php\/2022\/05\/11\/preview-watford-everton-11_5_2022\/\" \/>\n<meta property=\"og:site_name\" content=\"Official Czech &amp; Slovak Everton Supporters&#039; Club\" \/>\n<meta property=\"article:publisher\" content=\"https:\/\/www.facebook.com\/everton.fans.cz.sk\" \/>\n<meta property=\"article:published_time\" content=\"2022-05-11T07:35:33+00:00\" \/>\n<meta property=\"article:modified_time\" content=\"2022-05-11T16:19:24+00:00\" \/>\n<meta property=\"og:image\" content=\"https:\/\/evertonfc.cz\/wp-content\/uploads\/2022\/05\/watford_11_5_2022.jpg\" \/>\n\t<meta property=\"og:image:width\" content=\"720\" \/>\n\t<meta property=\"og:image:height\" content=\"405\" \/>\n\t<meta property=\"og:image:type\" content=\"image\/jpeg\" \/>\n<meta name=\"author\" content=\"Ri\u010di\" \/>\n<meta name=\"twitter:card\" content=\"summary_large_image\" \/>\n<meta name=\"twitter:creator\" content=\"@rbrejsa\" \/>\n<meta name=\"twitter:label1\" content=\"Napsal(a)\" \/>\n\t<meta name=\"twitter:data1\" content=\"Ri\u010di\" \/>\n\t<meta name=\"twitter:label2\" content=\"Odhadovan\u00e1 doba \u010dten\u00ed\" \/>\n\t<meta name=\"twitter:data2\" content=\"3 minuty\" \/>\n<script type=\"application\/ld+json\" class=\"yoast-schema-graph\">{\"@context\":\"https:\/\/schema.org\",\"@graph\":[{\"@type\":\"Article\",\"@id\":\"https:\/\/evertonfc.cz\/index.php\/2022\/05\/11\/preview-watford-everton-11_5_2022\/#article\",\"isPartOf\":{\"@id\":\"https:\/\/evertonfc.cz\/index.php\/2022\/05\/11\/preview-watford-everton-11_5_2022\/\"},\"author\":{\"name\":\"Ri\u010di\",\"@id\":\"https:\/\/evertonfc.cz\/#\/schema\/person\/f7a5daedb2ffee98480bc70e191aaef1\"},\"headline\":\"Preview: Watford &#8211; Everton\",\"datePublished\":\"2022-05-11T07:35:33+00:00\",\"dateModified\":\"2022-05-11T16:19:24+00:00\",\"mainEntityOfPage\":{\"@id\":\"https:\/\/evertonfc.cz\/index.php\/2022\/05\/11\/preview-watford-everton-11_5_2022\/\"},\"wordCount\":543,\"commentCount\":8,\"publisher\":{\"@id\":\"https:\/\/evertonfc.cz\/#organization\"},\"image\":{\"@id\":\"https:\/\/evertonfc.cz\/index.php\/2022\/05\/11\/preview-watford-everton-11_5_2022\/#primaryimage\"},\"thumbnailUrl\":\"https:\/\/evertonfc.cz\/wp-content\/uploads\/2022\/05\/watford_11_5_2022.jpg\",\"articleSection\":[\"Z\u00e1pasy\"],\"inLanguage\":\"cs\",\"potentialAction\":[{\"@type\":\"CommentAction\",\"name\":\"Comment\",\"target\":[\"https:\/\/evertonfc.cz\/index.php\/2022\/05\/11\/preview-watford-everton-11_5_2022\/#respond\"]}]},{\"@type\":\"WebPage\",\"@id\":\"https:\/\/evertonfc.cz\/index.php\/2022\/05\/11\/preview-watford-everton-11_5_2022\/\",\"url\":\"https:\/\/evertonfc.cz\/index.php\/2022\/05\/11\/preview-watford-everton-11_5_2022\/\",\"name\":\"Preview: Watford - Everton - Official Czech &amp; Slovak Everton Supporters&#039; Club\",\"isPartOf\":{\"@id\":\"https:\/\/evertonfc.cz\/#website\"},\"primaryImageOfPage\":{\"@id\":\"https:\/\/evertonfc.cz\/index.php\/2022\/05\/11\/preview-watford-everton-11_5_2022\/#primaryimage\"},\"image\":{\"@id\":\"https:\/\/evertonfc.cz\/index.php\/2022\/05\/11\/preview-watford-everton-11_5_2022\/#primaryimage\"},\"thumbnailUrl\":\"https:\/\/evertonfc.cz\/wp-content\/uploads\/2022\/05\/watford_11_5_2022.jpg\",\"datePublished\":\"2022-05-11T07:35:33+00:00\",\"dateModified\":\"2022-05-11T16:19:24+00:00\",\"description\":\"Everton se podruh\u00e9 v kr\u00e1tk\u00e9 dob\u011b p\u0159edstav\u00ed na p\u016fd\u011b soupe\u0159e, na Vicarage Road se mu p\u0159itom nask\u00fdt\u00e1 dobr\u00e1 \u0161ance r\u00e1zn\u011b vykro\u010dit za z\u00e1chranou.\",\"breadcrumb\":{\"@id\":\"https:\/\/evertonfc.cz\/index.php\/2022\/05\/11\/preview-watford-everton-11_5_2022\/#breadcrumb\"},\"inLanguage\":\"cs\",\"potentialAction\":[{\"@type\":\"ReadAction\",\"target\":[\"https:\/\/evertonfc.cz\/index.php\/2022\/05\/11\/preview-watford-everton-11_5_2022\/\"]}]},{\"@type\":\"ImageObject\",\"inLanguage\":\"cs\",\"@id\":\"https:\/\/evertonfc.cz\/index.php\/2022\/05\/11\/preview-watford-everton-11_5_2022\/#primaryimage\",\"url\":\"https:\/\/evertonfc.cz\/wp-content\/uploads\/2022\/05\/watford_11_5_2022.jpg\",\"contentUrl\":\"https:\/\/evertonfc.cz\/wp-content\/uploads\/2022\/05\/watford_11_5_2022.jpg\",\"width\":720,\"height\":405},{\"@type\":\"BreadcrumbList\",\"@id\":\"https:\/\/evertonfc.cz\/index.php\/2022\/05\/11\/preview-watford-everton-11_5_2022\/#breadcrumb\",\"itemListElement\":[{\"@type\":\"ListItem\",\"position\":1,\"name\":\"Home\",\"item\":\"https:\/\/evertonfc.cz\/\"},{\"@type\":\"ListItem\",\"position\":2,\"name\":\"Preview: Watford &#8211; Everton\"}]},{\"@type\":\"WebSite\",\"@id\":\"https:\/\/evertonfc.cz\/#website\",\"url\":\"https:\/\/evertonfc.cz\/\",\"name\":\"Official Czech &amp; Slovak Everton Supporters&#039; Club\",\"description\":\"\",\"publisher\":{\"@id\":\"https:\/\/evertonfc.cz\/#organization\"},\"potentialAction\":[{\"@type\":\"SearchAction\",\"target\":{\"@type\":\"EntryPoint\",\"urlTemplate\":\"https:\/\/evertonfc.cz\/?s={search_term_string}\"},\"query-input\":{\"@type\":\"PropertyValueSpecification\",\"valueRequired\":true,\"valueName\":\"search_term_string\"}}],\"inLanguage\":\"cs\"},{\"@type\":\"Organization\",\"@id\":\"https:\/\/evertonfc.cz\/#organization\",\"name\":\"Official Czech & Slovak Everton Supporters' Club\",\"url\":\"https:\/\/evertonfc.cz\/\",\"logo\":{\"@type\":\"ImageObject\",\"inLanguage\":\"cs\",\"@id\":\"https:\/\/evertonfc.cz\/#\/schema\/logo\/image\/\",\"url\":\"https:\/\/evertonfc.cz\/wp-content\/uploads\/2019\/05\/logo.png\",\"contentUrl\":\"https:\/\/evertonfc.cz\/wp-content\/uploads\/2019\/05\/logo.png\",\"width\":112,\"height\":112,\"caption\":\"Official Czech & Slovak Everton Supporters' Club\"},\"image\":{\"@id\":\"https:\/\/evertonfc.cz\/#\/schema\/logo\/image\/\"},\"sameAs\":[\"https:\/\/www.facebook.com\/everton.fans.cz.sk\"]},{\"@type\":\"Person\",\"@id\":\"https:\/\/evertonfc.cz\/#\/schema\/person\/f7a5daedb2ffee98480bc70e191aaef1\",\"name\":\"Ri\u010di\",\"sameAs\":[\"https:\/\/x.com\/rbrejsa\"],\"url\":\"https:\/\/evertonfc.cz\/index.php\/author\/rici\/\"}]}<\/script>\n<!-- \/ Yoast SEO plugin. -->","yoast_head_json":{"title":"Preview: Watford - Everton - Official Czech &amp; Slovak Everton Supporters&#039; Club","description":"Everton se podruh\u00e9 v kr\u00e1tk\u00e9 dob\u011b p\u0159edstav\u00ed na p\u016fd\u011b soupe\u0159e, na Vicarage Road se mu p\u0159itom nask\u00fdt\u00e1 dobr\u00e1 \u0161ance r\u00e1zn\u011b vykro\u010dit za z\u00e1chranou.","robots":{"index":"index","follow":"follow","max-snippet":"max-snippet:-1","max-image-preview":"max-image-preview:large","max-video-preview":"max-video-preview:-1"},"canonical":"https:\/\/evertonfc.cz\/index.php\/2022\/05\/11\/preview-watford-everton-11_5_2022\/","og_locale":"cs_CZ","og_type":"article","og_title":"Preview: Watford - Everton - Official Czech &amp; Slovak Everton Supporters&#039; Club","og_description":"Everton se podruh\u00e9 v kr\u00e1tk\u00e9 dob\u011b p\u0159edstav\u00ed na p\u016fd\u011b soupe\u0159e, na Vicarage Road se mu p\u0159itom nask\u00fdt\u00e1 dobr\u00e1 \u0161ance r\u00e1zn\u011b vykro\u010dit za z\u00e1chranou.","og_url":"https:\/\/evertonfc.cz\/index.php\/2022\/05\/11\/preview-watford-everton-11_5_2022\/","og_site_name":"Official Czech &amp; Slovak Everton Supporters&#039; Club","article_publisher":"https:\/\/www.facebook.com\/everton.fans.cz.sk","article_published_time":"2022-05-11T07:35:33+00:00","article_modified_time":"2022-05-11T16:19:24+00:00","og_image":[{"width":720,"height":405,"url":"https:\/\/evertonfc.cz\/wp-content\/uploads\/2022\/05\/watford_11_5_2022.jpg","type":"image\/jpeg"}],"author":"Ri\u010di","twitter_card":"summary_large_image","twitter_creator":"@rbrejsa","twitter_misc":{"Napsal(a)":"Ri\u010di","Odhadovan\u00e1 doba \u010dten\u00ed":"3 minuty"},"schema":{"@context":"https:\/\/schema.org","@graph":[{"@type":"Article","@id":"https:\/\/evertonfc.cz\/index.php\/2022\/05\/11\/preview-watford-everton-11_5_2022\/#article","isPartOf":{"@id":"https:\/\/evertonfc.cz\/index.php\/2022\/05\/11\/preview-watford-everton-11_5_2022\/"},"author":{"name":"Ri\u010di","@id":"https:\/\/evertonfc.cz\/#\/schema\/person\/f7a5daedb2ffee98480bc70e191aaef1"},"headline":"Preview: Watford &#8211; Everton","datePublished":"2022-05-11T07:35:33+00:00","dateModified":"2022-05-11T16:19:24+00:00","mainEntityOfPage":{"@id":"https:\/\/evertonfc.cz\/index.php\/2022\/05\/11\/preview-watford-everton-11_5_2022\/"},"wordCount":543,"commentCount":8,"publisher":{"@id":"https:\/\/evertonfc.cz\/#organization"},"image":{"@id":"https:\/\/evertonfc.cz\/index.php\/2022\/05\/11\/preview-watford-everton-11_5_2022\/#primaryimage"},"thumbnailUrl":"https:\/\/evertonfc.cz\/wp-content\/uploads\/2022\/05\/watford_11_5_2022.jpg","articleSection":["Z\u00e1pasy"],"inLanguage":"cs","potentialAction":[{"@type":"CommentAction","name":"Comment","target":["https:\/\/evertonfc.cz\/index.php\/2022\/05\/11\/preview-watford-everton-11_5_2022\/#respond"]}]},{"@type":"WebPage","@id":"https:\/\/evertonfc.cz\/index.php\/2022\/05\/11\/preview-watford-everton-11_5_2022\/","url":"https:\/\/evertonfc.cz\/index.php\/2022\/05\/11\/preview-watford-everton-11_5_2022\/","name":"Preview: Watford - Everton - Official Czech &amp; Slovak Everton Supporters&#039; Club","isPartOf":{"@id":"https:\/\/evertonfc.cz\/#website"},"primaryImageOfPage":{"@id":"https:\/\/evertonfc.cz\/index.php\/2022\/05\/11\/preview-watford-everton-11_5_2022\/#primaryimage"},"image":{"@id":"https:\/\/evertonfc.cz\/index.php\/2022\/05\/11\/preview-watford-everton-11_5_2022\/#primaryimage"},"thumbnailUrl":"https:\/\/evertonfc.cz\/wp-content\/uploads\/2022\/05\/watford_11_5_2022.jpg","datePublished":"2022-05-11T07:35:33+00:00","dateModified":"2022-05-11T16:19:24+00:00","description":"Everton se podruh\u00e9 v kr\u00e1tk\u00e9 dob\u011b p\u0159edstav\u00ed na p\u016fd\u011b soupe\u0159e, na Vicarage Road se mu p\u0159itom nask\u00fdt\u00e1 dobr\u00e1 \u0161ance r\u00e1zn\u011b vykro\u010dit za z\u00e1chranou.","breadcrumb":{"@id":"https:\/\/evertonfc.cz\/index.php\/2022\/05\/11\/preview-watford-everton-11_5_2022\/#breadcrumb"},"inLanguage":"cs","potentialAction":[{"@type":"ReadAction","target":["https:\/\/evertonfc.cz\/index.php\/2022\/05\/11\/preview-watford-everton-11_5_2022\/"]}]},{"@type":"ImageObject","inLanguage":"cs","@id":"https:\/\/evertonfc.cz\/index.php\/2022\/05\/11\/preview-watford-everton-11_5_2022\/#primaryimage","url":"https:\/\/evertonfc.cz\/wp-content\/uploads\/2022\/05\/watford_11_5_2022.jpg","contentUrl":"https:\/\/evertonfc.cz\/wp-content\/uploads\/2022\/05\/watford_11_5_2022.jpg","width":720,"height":405},{"@type":"BreadcrumbList","@id":"https:\/\/evertonfc.cz\/index.php\/2022\/05\/11\/preview-watford-everton-11_5_2022\/#breadcrumb","itemListElement":[{"@type":"ListItem","position":1,"name":"Home","item":"https:\/\/evertonfc.cz\/"},{"@type":"ListItem","position":2,"name":"Preview: Watford &#8211; Everton"}]},{"@type":"WebSite","@id":"https:\/\/evertonfc.cz\/#website","url":"https:\/\/evertonfc.cz\/","name":"Official Czech &amp; Slovak Everton Supporters&#039; Club","description":"","publisher":{"@id":"https:\/\/evertonfc.cz\/#organization"},"potentialAction":[{"@type":"SearchAction","target":{"@type":"EntryPoint","urlTemplate":"https:\/\/evertonfc.cz\/?s={search_term_string}"},"query-input":{"@type":"PropertyValueSpecification","valueRequired":true,"valueName":"search_term_string"}}],"inLanguage":"cs"},{"@type":"Organization","@id":"https:\/\/evertonfc.cz\/#organization","name":"Official Czech & Slovak Everton Supporters' Club","url":"https:\/\/evertonfc.cz\/","logo":{"@type":"ImageObject","inLanguage":"cs","@id":"https:\/\/evertonfc.cz\/#\/schema\/logo\/image\/","url":"https:\/\/evertonfc.cz\/wp-content\/uploads\/2019\/05\/logo.png","contentUrl":"https:\/\/evertonfc.cz\/wp-content\/uploads\/2019\/05\/logo.png","width":112,"height":112,"caption":"Official Czech & Slovak Everton Supporters' Club"},"image":{"@id":"https:\/\/evertonfc.cz\/#\/schema\/logo\/image\/"},"sameAs":["https:\/\/www.facebook.com\/everton.fans.cz.sk"]},{"@type":"Person","@id":"https:\/\/evertonfc.cz\/#\/schema\/person\/f7a5daedb2ffee98480bc70e191aaef1","name":"Ri\u010di","sameAs":["https:\/\/x.com\/rbrejsa"],"url":"https:\/\/evertonfc.cz\/index.php\/author\/rici\/"}]}},"_links":{"self":[{"href":"https:\/\/evertonfc.cz\/index.php\/wp-json\/wp\/v2\/posts\/18642"}],"collection":[{"href":"https:\/\/evertonfc.cz\/index.php\/wp-json\/wp\/v2\/posts"}],"about":[{"href":"https:\/\/evertonfc.cz\/index.php\/wp-json\/wp\/v2\/types\/post"}],"author":[{"embeddable":true,"href":"https:\/\/evertonfc.cz\/index.php\/wp-json\/wp\/v2\/users\/6"}],"replies":[{"embeddable":true,"href":"https:\/\/evertonfc.cz\/index.php\/wp-json\/wp\/v2\/comments?post=18642"}],"version-history":[{"count":15,"href":"https:\/\/evertonfc.cz\/index.php\/wp-json\/wp\/v2\/posts\/18642\/revisions"}],"predecessor-version":[{"id":18657,"href":"https:\/\/evertonfc.cz\/index.php\/wp-json\/wp\/v2\/posts\/18642\/revisions\/18657"}],"wp:featuredmedia":[{"embeddable":true,"href":"https:\/\/evertonfc.cz\/index.php\/wp-json\/wp\/v2\/media\/18641"}],"wp:attachment":[{"href":"https:\/\/evertonfc.cz\/index.php\/wp-json\/wp\/v2\/media?parent=18642"}],"wp:term":[{"taxonomy":"category","embeddable":true,"href":"https:\/\/evertonfc.cz\/index.php\/wp-json\/wp\/v2\/categories?post=18642"},{"taxonomy":"post_tag","embeddable":true,"href":"https:\/\/evertonfc.cz\/index.php\/wp-json\/wp\/v2\/tags?post=18642"}],"curies":[{"name":"wp","href":"https:\/\/api.w.org\/{rel}","templated":true}]}}