{"id":18659,"date":"2022-05-11T22:55:50","date_gmt":"2022-05-11T20:55:50","guid":{"rendered":"https:\/\/evertonfc.cz\/?p=18659"},"modified":"2022-05-11T23:15:04","modified_gmt":"2022-05-11T21:15:04","slug":"watford-everton-0-0","status":"publish","type":"post","link":"https:\/\/evertonfc.cz\/index.php\/2022\/05\/11\/watford-everton-0-0\/","title":{"rendered":"Watford \u2013 Everton 0:0"},"content":{"rendered":"<h4>Neambici\u00f3zn\u00ed Everton promrhal na h\u0159i\u0161ti odevzdan\u00e9ho Watfordu p\u0159\u00edle\u017eitost z\u00edskat t\u0159i body a v\u00fdrazn\u011bji se p\u0159ibl\u00ed\u017eit z\u00e1chran\u011b.<\/h4>\n<p>Lampard z\u016fstal v hrabstv\u00ed Hertfordshire v\u011brn\u00fd v\u00edt\u011bzn\u00e9 z\u00e1kladn\u00ed sestav\u011b z ned\u011ble, pouze zran\u011bn\u00e9ho Minu nahradil na t\u0159\u00ed\u010dlenn\u00e9m stoperu podle o\u010dek\u00e1v\u00e1n\u00ed Michael Keane. A pr\u00e1v\u011b defenzivn\u00ed rozestaven\u00ed s p\u011bti obr\u00e1nci zcela jist\u011b p\u0159isp\u011blo k ospal\u00e9mu prvn\u00edmu polo\u010dasu.<\/p>\n<p>Dal\u0161\u00edmi d\u016fvody slab\u00e9ho p\u0159edstaven\u00ed Toffees byly chyb\u011bj\u00edc\u00ed intenzita a tak\u00e9 nervozita na kopa\u010dk\u00e1ch. A proto\u017ee zran\u011bn\u00edmi zdecimovan\u00ed dom\u00e1c\u00ed se u\u017e v\u016fbec nepotkali s kvalitou, krom\u011b p\u00e1r ofenzivn\u00edch v\u00fdpad\u016f Evertonu se v \u00favodn\u00ed p\u011bta\u010dty\u0159icetiminutov\u00e9 vlastn\u011b nic nestalo.<\/p>\n<p>Pochvalu si aspo\u0148 zaslou\u017e\u00ed sedm tis\u00edc skv\u011bl\u00fdch a hlasit\u00fdch Evertonians, kte\u0159\u00ed p\u0159icestovali na Vicarage Road.<\/p>\n<p>Do druh\u00e9ho polo\u010dasu vstoupili host\u00e9 p\u0159eci jen trochu aktivn\u011bji a u\u017e v 53. minut\u011b se dostali k prvn\u00ed \u0161anci utk\u00e1n\u00ed. Richarlison si navedl m\u00ed\u010d na st\u0159elu a jeho te\u010dovan\u00fd pokud bravurn\u011b vyrazil Foster. O osm minut pozd\u011bji se je\u0161t\u011b ve slibn\u011bj\u0161\u00ed p\u0159\u00edle\u017eitosti ocitl Gray, ov\u0161em jeho pokus zbl\u00edzka m\u00ed\u0159il vedle.<\/p>\n<p>Dobr\u00fd n\u00e1stup do druh\u00e9ho polo\u010dasu ale brzy pominul a zbytek z\u00e1pasu sice Everton dohr\u00e1val s m\u00ed\u010dem na kopa\u010dk\u00e1ch, nicm\u00e9n\u011b v \u00fatoku se tr\u00e1pil. Zm\u011bnu nep\u0159ineslo ani nasazen\u00ed dvojice Calvert-Lewin a Allan.<\/p>\n<p>Blues uko\u0159istili bod, kter\u00fd je op\u011bt trochu vzd\u00e1lil od sestupov\u00fdch vod, ov\u0161em pachu\u0165 z promarn\u011bn\u00e9 mo\u017enosti zv\u00edt\u011bzit bude asi chv\u00edli trvat<em>\u2026 <\/em>ur\u010dit\u011b aspo\u0148 do ned\u011bln\u00edho dom\u00e1c\u00edho duelu s Brentfordem.<\/p>\n<table class=\"aligncenter\" style=\"width: 50%; border-collapse: collapse;\" border=\"1\">\n<tbody>\n<tr>\n<td style=\"width: 6.80004%;\"><\/td>\n<td style=\"width: 26.5333%;\"><\/td>\n<td style=\"width: 16.6667%; text-align: center;\"><strong>Z<\/strong><\/td>\n<td style=\"width: 16.6667%; text-align: center;\"><strong>S<\/strong><\/td>\n<td style=\"width: 16.6667%; text-align: center;\"><strong>B<\/strong><\/td>\n<\/tr>\n<tr>\n<td style=\"width: 6.80004%;\">15.<\/td>\n<td style=\"width: 26.5333%;\">Southampton<\/td>\n<td style=\"width: 16.6667%; text-align: center;\">36<\/td>\n<td style=\"width: 16.6667%; text-align: center;\">41:61<\/td>\n<td style=\"width: 16.6667%; text-align: center;\">40<\/td>\n<\/tr>\n<tr>\n<td style=\"width: 6.80004%;\">16.<\/td>\n<td style=\"width: 26.5333%;\">Everton<\/td>\n<td style=\"width: 16.6667%; text-align: center;\">35<\/td>\n<td style=\"width: 16.6667%; text-align: center;\">37:56<\/td>\n<td style=\"width: 16.6667%; text-align: center;\">36<\/td>\n<\/tr>\n<tr>\n<td style=\"width: 6.80004%;\">17.<\/td>\n<td style=\"width: 26.5333%;\">Burnley<\/td>\n<td style=\"width: 16.6667%; text-align: center;\">35<\/td>\n<td style=\"width: 16.6667%; text-align: center;\">32:49<\/td>\n<td style=\"width: 16.6667%; text-align: center;\">34<\/td>\n<\/tr>\n<tr>\n<td style=\"width: 6.80004%; background-color: #ffd1d1;\">18.<\/td>\n<td style=\"width: 26.5333%; background-color: #ffd1d1;\">Leeds United<\/td>\n<td style=\"width: 16.6667%; background-color: #ffd1d1; text-align: center;\">36<\/td>\n<td style=\"width: 16.6667%; background-color: #ffd1d1; text-align: center;\">39:77<\/td>\n<td style=\"width: 16.6667%; background-color: #ffd1d1; text-align: center;\">34<\/td>\n<\/tr>\n<\/tbody>\n<\/table>\n<p><strong>\u017dK:<\/strong> 60. Samir &#8211; 18. Mason Holgate, 65. S\u00e9amus Coleman<\/p>\n<p><strong>Watford:<\/strong> Ben Foster &#8211; Christian Kabasele, Adam Masina, Samir, Moussa Sissoko, Dan Gosling, Ken Sema, Edo Kayembe (89. Oghenekaro Etebo), Samuel Kalu (86. Craig Cathcart), Jeremy Ngakia, Jo\u00e3o Pedro<\/p>\n<p><strong>Everton:<\/strong> Jordan Pickford &#8211; S\u00e9amus Coleman, Michael Keane, Mason Holgate, Vitalij Mykolenko, Fabian Delph (81. Allan), Abdoulaye Doucour\u00e9, Demarai Gray (77. Dominic Calvert-Lewin), Alex Iwobi, Richarlison, Anthony Gordon<\/p>\n<p><strong>Rozhod\u010d\u00ed:<\/strong> Mike Dean<\/p>\n","protected":false},"excerpt":{"rendered":"<p>Neambici\u00f3zn\u00ed Everton promrhal na h\u0159i\u0161ti odevzdan\u00e9ho Watfordu p\u0159\u00edle\u017eitost z\u00edskat t\u0159i body a v\u00fdrazn\u011bji se p\u0159ibl\u00ed\u017eit z\u00e1chran\u011b.<\/p>\n","protected":false},"author":6,"featured_media":18658,"comment_status":"open","ping_status":"closed","sticky":false,"template":"","format":"standard","meta":{"_eb_attr":"","_monsterinsights_skip_tracking":false,"_monsterinsights_sitenote_active":false,"_monsterinsights_sitenote_note":"","_monsterinsights_sitenote_category":0,"footnotes":""},"categories":[4],"tags":[],"yoast_head":"<!-- This site is optimized with the Yoast SEO plugin v23.4 - https:\/\/yoast.com\/wordpress\/plugins\/seo\/ -->\n<title>Watford \u2013 Everton 0:0 - Official Czech &amp; Slovak Everton Supporters&#039; Club<\/title>\n<meta name=\"description\" content=\"Neambici\u00f3zn\u00ed Everton promrhal na h\u0159i\u0161ti odevzdan\u00e9ho Watfordu p\u0159\u00edle\u017eitost z\u00edskat t\u0159i body a v\u00fdrazn\u011bji se p\u0159ibl\u00ed\u017eit z\u00e1chran\u011b.\" \/>\n<meta name=\"robots\" content=\"index, follow, max-snippet:-1, max-image-preview:large, max-video-preview:-1\" \/>\n<link rel=\"canonical\" href=\"https:\/\/evertonfc.cz\/index.php\/2022\/05\/11\/watford-everton-0-0\/\" \/>\n<meta property=\"og:locale\" content=\"cs_CZ\" \/>\n<meta property=\"og:type\" content=\"article\" \/>\n<meta property=\"og:title\" content=\"Watford \u2013 Everton 0:0 - Official Czech &amp; Slovak Everton Supporters&#039; Club\" \/>\n<meta property=\"og:description\" content=\"Neambici\u00f3zn\u00ed Everton promrhal na h\u0159i\u0161ti odevzdan\u00e9ho Watfordu p\u0159\u00edle\u017eitost z\u00edskat t\u0159i body a v\u00fdrazn\u011bji se p\u0159ibl\u00ed\u017eit z\u00e1chran\u011b.\" \/>\n<meta property=\"og:url\" content=\"https:\/\/evertonfc.cz\/index.php\/2022\/05\/11\/watford-everton-0-0\/\" \/>\n<meta property=\"og:site_name\" content=\"Official Czech &amp; Slovak Everton Supporters&#039; Club\" \/>\n<meta property=\"article:publisher\" content=\"https:\/\/www.facebook.com\/everton.fans.cz.sk\" \/>\n<meta property=\"article:published_time\" content=\"2022-05-11T20:55:50+00:00\" \/>\n<meta property=\"article:modified_time\" content=\"2022-05-11T21:15:04+00:00\" \/>\n<meta property=\"og:image\" content=\"https:\/\/evertonfc.cz\/wp-content\/uploads\/2022\/05\/gray_11_5_2022.jpg\" \/>\n\t<meta property=\"og:image:width\" content=\"720\" \/>\n\t<meta property=\"og:image:height\" content=\"405\" \/>\n\t<meta property=\"og:image:type\" content=\"image\/jpeg\" \/>\n<meta name=\"author\" content=\"Ri\u010di\" \/>\n<meta name=\"twitter:card\" content=\"summary_large_image\" \/>\n<meta name=\"twitter:creator\" content=\"@rbrejsa\" \/>\n<meta name=\"twitter:label1\" content=\"Napsal(a)\" \/>\n\t<meta name=\"twitter:data1\" content=\"Ri\u010di\" \/>\n\t<meta name=\"twitter:label2\" content=\"Odhadovan\u00e1 doba \u010dten\u00ed\" \/>\n\t<meta name=\"twitter:data2\" content=\"2 minuty\" \/>\n<script type=\"application\/ld+json\" class=\"yoast-schema-graph\">{\"@context\":\"https:\/\/schema.org\",\"@graph\":[{\"@type\":\"Article\",\"@id\":\"https:\/\/evertonfc.cz\/index.php\/2022\/05\/11\/watford-everton-0-0\/#article\",\"isPartOf\":{\"@id\":\"https:\/\/evertonfc.cz\/index.php\/2022\/05\/11\/watford-everton-0-0\/\"},\"author\":{\"name\":\"Ri\u010di\",\"@id\":\"https:\/\/evertonfc.cz\/#\/schema\/person\/f7a5daedb2ffee98480bc70e191aaef1\"},\"headline\":\"Watford \u2013 Everton 0:0\",\"datePublished\":\"2022-05-11T20:55:50+00:00\",\"dateModified\":\"2022-05-11T21:15:04+00:00\",\"mainEntityOfPage\":{\"@id\":\"https:\/\/evertonfc.cz\/index.php\/2022\/05\/11\/watford-everton-0-0\/\"},\"wordCount\":388,\"commentCount\":12,\"publisher\":{\"@id\":\"https:\/\/evertonfc.cz\/#organization\"},\"image\":{\"@id\":\"https:\/\/evertonfc.cz\/index.php\/2022\/05\/11\/watford-everton-0-0\/#primaryimage\"},\"thumbnailUrl\":\"https:\/\/evertonfc.cz\/wp-content\/uploads\/2022\/05\/gray_11_5_2022.jpg\",\"articleSection\":[\"Z\u00e1pasy\"],\"inLanguage\":\"cs\",\"potentialAction\":[{\"@type\":\"CommentAction\",\"name\":\"Comment\",\"target\":[\"https:\/\/evertonfc.cz\/index.php\/2022\/05\/11\/watford-everton-0-0\/#respond\"]}]},{\"@type\":\"WebPage\",\"@id\":\"https:\/\/evertonfc.cz\/index.php\/2022\/05\/11\/watford-everton-0-0\/\",\"url\":\"https:\/\/evertonfc.cz\/index.php\/2022\/05\/11\/watford-everton-0-0\/\",\"name\":\"Watford \u2013 Everton 0:0 - Official Czech &amp; Slovak Everton Supporters&#039; Club\",\"isPartOf\":{\"@id\":\"https:\/\/evertonfc.cz\/#website\"},\"primaryImageOfPage\":{\"@id\":\"https:\/\/evertonfc.cz\/index.php\/2022\/05\/11\/watford-everton-0-0\/#primaryimage\"},\"image\":{\"@id\":\"https:\/\/evertonfc.cz\/index.php\/2022\/05\/11\/watford-everton-0-0\/#primaryimage\"},\"thumbnailUrl\":\"https:\/\/evertonfc.cz\/wp-content\/uploads\/2022\/05\/gray_11_5_2022.jpg\",\"datePublished\":\"2022-05-11T20:55:50+00:00\",\"dateModified\":\"2022-05-11T21:15:04+00:00\",\"description\":\"Neambici\u00f3zn\u00ed Everton promrhal na h\u0159i\u0161ti odevzdan\u00e9ho Watfordu p\u0159\u00edle\u017eitost z\u00edskat t\u0159i body a v\u00fdrazn\u011bji se p\u0159ibl\u00ed\u017eit z\u00e1chran\u011b.\",\"breadcrumb\":{\"@id\":\"https:\/\/evertonfc.cz\/index.php\/2022\/05\/11\/watford-everton-0-0\/#breadcrumb\"},\"inLanguage\":\"cs\",\"potentialAction\":[{\"@type\":\"ReadAction\",\"target\":[\"https:\/\/evertonfc.cz\/index.php\/2022\/05\/11\/watford-everton-0-0\/\"]}]},{\"@type\":\"ImageObject\",\"inLanguage\":\"cs\",\"@id\":\"https:\/\/evertonfc.cz\/index.php\/2022\/05\/11\/watford-everton-0-0\/#primaryimage\",\"url\":\"https:\/\/evertonfc.cz\/wp-content\/uploads\/2022\/05\/gray_11_5_2022.jpg\",\"contentUrl\":\"https:\/\/evertonfc.cz\/wp-content\/uploads\/2022\/05\/gray_11_5_2022.jpg\",\"width\":720,\"height\":405},{\"@type\":\"BreadcrumbList\",\"@id\":\"https:\/\/evertonfc.cz\/index.php\/2022\/05\/11\/watford-everton-0-0\/#breadcrumb\",\"itemListElement\":[{\"@type\":\"ListItem\",\"position\":1,\"name\":\"Home\",\"item\":\"https:\/\/evertonfc.cz\/\"},{\"@type\":\"ListItem\",\"position\":2,\"name\":\"Watford \u2013 Everton 0:0\"}]},{\"@type\":\"WebSite\",\"@id\":\"https:\/\/evertonfc.cz\/#website\",\"url\":\"https:\/\/evertonfc.cz\/\",\"name\":\"Official Czech &amp; Slovak Everton Supporters&#039; Club\",\"description\":\"\",\"publisher\":{\"@id\":\"https:\/\/evertonfc.cz\/#organization\"},\"potentialAction\":[{\"@type\":\"SearchAction\",\"target\":{\"@type\":\"EntryPoint\",\"urlTemplate\":\"https:\/\/evertonfc.cz\/?s={search_term_string}\"},\"query-input\":{\"@type\":\"PropertyValueSpecification\",\"valueRequired\":true,\"valueName\":\"search_term_string\"}}],\"inLanguage\":\"cs\"},{\"@type\":\"Organization\",\"@id\":\"https:\/\/evertonfc.cz\/#organization\",\"name\":\"Official Czech & Slovak Everton Supporters' Club\",\"url\":\"https:\/\/evertonfc.cz\/\",\"logo\":{\"@type\":\"ImageObject\",\"inLanguage\":\"cs\",\"@id\":\"https:\/\/evertonfc.cz\/#\/schema\/logo\/image\/\",\"url\":\"https:\/\/evertonfc.cz\/wp-content\/uploads\/2019\/05\/logo.png\",\"contentUrl\":\"https:\/\/evertonfc.cz\/wp-content\/uploads\/2019\/05\/logo.png\",\"width\":112,\"height\":112,\"caption\":\"Official Czech & Slovak Everton Supporters' Club\"},\"image\":{\"@id\":\"https:\/\/evertonfc.cz\/#\/schema\/logo\/image\/\"},\"sameAs\":[\"https:\/\/www.facebook.com\/everton.fans.cz.sk\"]},{\"@type\":\"Person\",\"@id\":\"https:\/\/evertonfc.cz\/#\/schema\/person\/f7a5daedb2ffee98480bc70e191aaef1\",\"name\":\"Ri\u010di\",\"sameAs\":[\"https:\/\/x.com\/rbrejsa\"],\"url\":\"https:\/\/evertonfc.cz\/index.php\/author\/rici\/\"}]}<\/script>\n<!-- \/ Yoast SEO plugin. -->","yoast_head_json":{"title":"Watford \u2013 Everton 0:0 - Official Czech &amp; Slovak Everton Supporters&#039; Club","description":"Neambici\u00f3zn\u00ed Everton promrhal na h\u0159i\u0161ti odevzdan\u00e9ho Watfordu p\u0159\u00edle\u017eitost z\u00edskat t\u0159i body a v\u00fdrazn\u011bji se p\u0159ibl\u00ed\u017eit z\u00e1chran\u011b.","robots":{"index":"index","follow":"follow","max-snippet":"max-snippet:-1","max-image-preview":"max-image-preview:large","max-video-preview":"max-video-preview:-1"},"canonical":"https:\/\/evertonfc.cz\/index.php\/2022\/05\/11\/watford-everton-0-0\/","og_locale":"cs_CZ","og_type":"article","og_title":"Watford \u2013 Everton 0:0 - Official Czech &amp; Slovak Everton Supporters&#039; Club","og_description":"Neambici\u00f3zn\u00ed Everton promrhal na h\u0159i\u0161ti odevzdan\u00e9ho Watfordu p\u0159\u00edle\u017eitost z\u00edskat t\u0159i body a v\u00fdrazn\u011bji se p\u0159ibl\u00ed\u017eit z\u00e1chran\u011b.","og_url":"https:\/\/evertonfc.cz\/index.php\/2022\/05\/11\/watford-everton-0-0\/","og_site_name":"Official Czech &amp; Slovak Everton Supporters&#039; Club","article_publisher":"https:\/\/www.facebook.com\/everton.fans.cz.sk","article_published_time":"2022-05-11T20:55:50+00:00","article_modified_time":"2022-05-11T21:15:04+00:00","og_image":[{"width":720,"height":405,"url":"https:\/\/evertonfc.cz\/wp-content\/uploads\/2022\/05\/gray_11_5_2022.jpg","type":"image\/jpeg"}],"author":"Ri\u010di","twitter_card":"summary_large_image","twitter_creator":"@rbrejsa","twitter_misc":{"Napsal(a)":"Ri\u010di","Odhadovan\u00e1 doba \u010dten\u00ed":"2 minuty"},"schema":{"@context":"https:\/\/schema.org","@graph":[{"@type":"Article","@id":"https:\/\/evertonfc.cz\/index.php\/2022\/05\/11\/watford-everton-0-0\/#article","isPartOf":{"@id":"https:\/\/evertonfc.cz\/index.php\/2022\/05\/11\/watford-everton-0-0\/"},"author":{"name":"Ri\u010di","@id":"https:\/\/evertonfc.cz\/#\/schema\/person\/f7a5daedb2ffee98480bc70e191aaef1"},"headline":"Watford \u2013 Everton 0:0","datePublished":"2022-05-11T20:55:50+00:00","dateModified":"2022-05-11T21:15:04+00:00","mainEntityOfPage":{"@id":"https:\/\/evertonfc.cz\/index.php\/2022\/05\/11\/watford-everton-0-0\/"},"wordCount":388,"commentCount":12,"publisher":{"@id":"https:\/\/evertonfc.cz\/#organization"},"image":{"@id":"https:\/\/evertonfc.cz\/index.php\/2022\/05\/11\/watford-everton-0-0\/#primaryimage"},"thumbnailUrl":"https:\/\/evertonfc.cz\/wp-content\/uploads\/2022\/05\/gray_11_5_2022.jpg","articleSection":["Z\u00e1pasy"],"inLanguage":"cs","potentialAction":[{"@type":"CommentAction","name":"Comment","target":["https:\/\/evertonfc.cz\/index.php\/2022\/05\/11\/watford-everton-0-0\/#respond"]}]},{"@type":"WebPage","@id":"https:\/\/evertonfc.cz\/index.php\/2022\/05\/11\/watford-everton-0-0\/","url":"https:\/\/evertonfc.cz\/index.php\/2022\/05\/11\/watford-everton-0-0\/","name":"Watford \u2013 Everton 0:0 - Official Czech &amp; Slovak Everton Supporters&#039; Club","isPartOf":{"@id":"https:\/\/evertonfc.cz\/#website"},"primaryImageOfPage":{"@id":"https:\/\/evertonfc.cz\/index.php\/2022\/05\/11\/watford-everton-0-0\/#primaryimage"},"image":{"@id":"https:\/\/evertonfc.cz\/index.php\/2022\/05\/11\/watford-everton-0-0\/#primaryimage"},"thumbnailUrl":"https:\/\/evertonfc.cz\/wp-content\/uploads\/2022\/05\/gray_11_5_2022.jpg","datePublished":"2022-05-11T20:55:50+00:00","dateModified":"2022-05-11T21:15:04+00:00","description":"Neambici\u00f3zn\u00ed Everton promrhal na h\u0159i\u0161ti odevzdan\u00e9ho Watfordu p\u0159\u00edle\u017eitost z\u00edskat t\u0159i body a v\u00fdrazn\u011bji se p\u0159ibl\u00ed\u017eit z\u00e1chran\u011b.","breadcrumb":{"@id":"https:\/\/evertonfc.cz\/index.php\/2022\/05\/11\/watford-everton-0-0\/#breadcrumb"},"inLanguage":"cs","potentialAction":[{"@type":"ReadAction","target":["https:\/\/evertonfc.cz\/index.php\/2022\/05\/11\/watford-everton-0-0\/"]}]},{"@type":"ImageObject","inLanguage":"cs","@id":"https:\/\/evertonfc.cz\/index.php\/2022\/05\/11\/watford-everton-0-0\/#primaryimage","url":"https:\/\/evertonfc.cz\/wp-content\/uploads\/2022\/05\/gray_11_5_2022.jpg","contentUrl":"https:\/\/evertonfc.cz\/wp-content\/uploads\/2022\/05\/gray_11_5_2022.jpg","width":720,"height":405},{"@type":"BreadcrumbList","@id":"https:\/\/evertonfc.cz\/index.php\/2022\/05\/11\/watford-everton-0-0\/#breadcrumb","itemListElement":[{"@type":"ListItem","position":1,"name":"Home","item":"https:\/\/evertonfc.cz\/"},{"@type":"ListItem","position":2,"name":"Watford \u2013 Everton 0:0"}]},{"@type":"WebSite","@id":"https:\/\/evertonfc.cz\/#website","url":"https:\/\/evertonfc.cz\/","name":"Official Czech &amp; Slovak Everton Supporters&#039; Club","description":"","publisher":{"@id":"https:\/\/evertonfc.cz\/#organization"},"potentialAction":[{"@type":"SearchAction","target":{"@type":"EntryPoint","urlTemplate":"https:\/\/evertonfc.cz\/?s={search_term_string}"},"query-input":{"@type":"PropertyValueSpecification","valueRequired":true,"valueName":"search_term_string"}}],"inLanguage":"cs"},{"@type":"Organization","@id":"https:\/\/evertonfc.cz\/#organization","name":"Official Czech & Slovak Everton Supporters' Club","url":"https:\/\/evertonfc.cz\/","logo":{"@type":"ImageObject","inLanguage":"cs","@id":"https:\/\/evertonfc.cz\/#\/schema\/logo\/image\/","url":"https:\/\/evertonfc.cz\/wp-content\/uploads\/2019\/05\/logo.png","contentUrl":"https:\/\/evertonfc.cz\/wp-content\/uploads\/2019\/05\/logo.png","width":112,"height":112,"caption":"Official Czech & Slovak Everton Supporters' Club"},"image":{"@id":"https:\/\/evertonfc.cz\/#\/schema\/logo\/image\/"},"sameAs":["https:\/\/www.facebook.com\/everton.fans.cz.sk"]},{"@type":"Person","@id":"https:\/\/evertonfc.cz\/#\/schema\/person\/f7a5daedb2ffee98480bc70e191aaef1","name":"Ri\u010di","sameAs":["https:\/\/x.com\/rbrejsa"],"url":"https:\/\/evertonfc.cz\/index.php\/author\/rici\/"}]}},"_links":{"self":[{"href":"https:\/\/evertonfc.cz\/index.php\/wp-json\/wp\/v2\/posts\/18659"}],"collection":[{"href":"https:\/\/evertonfc.cz\/index.php\/wp-json\/wp\/v2\/posts"}],"about":[{"href":"https:\/\/evertonfc.cz\/index.php\/wp-json\/wp\/v2\/types\/post"}],"author":[{"embeddable":true,"href":"https:\/\/evertonfc.cz\/index.php\/wp-json\/wp\/v2\/users\/6"}],"replies":[{"embeddable":true,"href":"https:\/\/evertonfc.cz\/index.php\/wp-json\/wp\/v2\/comments?post=18659"}],"version-history":[{"count":11,"href":"https:\/\/evertonfc.cz\/index.php\/wp-json\/wp\/v2\/posts\/18659\/revisions"}],"predecessor-version":[{"id":18671,"href":"https:\/\/evertonfc.cz\/index.php\/wp-json\/wp\/v2\/posts\/18659\/revisions\/18671"}],"wp:featuredmedia":[{"embeddable":true,"href":"https:\/\/evertonfc.cz\/index.php\/wp-json\/wp\/v2\/media\/18658"}],"wp:attachment":[{"href":"https:\/\/evertonfc.cz\/index.php\/wp-json\/wp\/v2\/media?parent=18659"}],"wp:term":[{"taxonomy":"category","embeddable":true,"href":"https:\/\/evertonfc.cz\/index.php\/wp-json\/wp\/v2\/categories?post=18659"},{"taxonomy":"post_tag","embeddable":true,"href":"https:\/\/evertonfc.cz\/index.php\/wp-json\/wp\/v2\/tags?post=18659"}],"curies":[{"name":"wp","href":"https:\/\/api.w.org\/{rel}","templated":true}]}}