{"id":18680,"date":"2022-05-15T12:30:57","date_gmt":"2022-05-15T10:30:57","guid":{"rendered":"https:\/\/evertonfc.cz\/?p=18680"},"modified":"2022-09-05T12:33:57","modified_gmt":"2022-09-05T10:33:57","slug":"preview-everton-brentford","status":"publish","type":"post","link":"https:\/\/evertonfc.cz\/index.php\/2022\/05\/15\/preview-everton-brentford\/","title":{"rendered":"Preview: Everton &#8211; Brentford"},"content":{"rendered":"<h4>Dal\u0161\u00ed bitvu o udr\u017een\u00ed mezi elitou svede Everton proti Brentfordu. Kl\u00ed\u010d k \u00fasp\u011bchu maj\u00ed dom\u00e1c\u00ed pln\u011b ve sv\u00fdch ruk\u00e1ch, snad i v hlav\u00e1ch a noh\u00e1ch&#8230;<\/h4>\n<p>&#8230;pokud se nechceme ohl\u00ed\u017eet a spol\u00e9hat na pomoc konkurent\u016f v boji o z\u00e1chranu, dnes mus\u00edme bodovat naplno. Proti bude Brentford FC, kter\u00e9ho se net\u00fdk\u00e1 ani boj o z\u00e1chranu, ani o poh\u00e1ry a tak bezesporu nebude m\u00edt takovou motivaci jako dom\u00e1c\u00ed Karamelky. Ty se tradi\u010dn\u011b mohou v Goodison Parku t\u011b\u0161it skv\u011bl\u00e9 podpo\u0159e fanou\u0161k\u016f, kter\u00e1 b\u011bhem posledn\u00edch z\u00e1pas\u016f vygradovala v modrou euforii a je tak ot\u00e1zkou, zda by fanou\u0161ci nechali v\u016fbec t\u00fdm sestoupit, i kdy\u017e by si to ob\u010das zaslou\u017eil. O d\u016fle\u017eitosti dne\u0161n\u00edho utk\u00e1n\u00ed ur\u010dit\u011b nen\u00ed pochyb.<\/p>\n<h4>Posledn\u00ed vz\u00e1jemn\u00e9 z\u00e1pasy<\/h4>\n<table class=\"matches\" style=\"width: 100.267%; height: 69px;\" cellspacing=\"0\" cellpadding=\"0\">\n<tbody>\n<tr style=\"height: 41px;\">\n<td class=\"date\" style=\"width: 18%; height: 41px;\">28.11.2021<\/td>\n<td class=\"comp\" style=\"width: 23.7333%; height: 41px;\">Premier League<\/td>\n<td class=\"stage\" style=\"width: 14.2667%; height: 41px;\">\u00a013. kolo<\/td>\n<td class=\"teams\" style=\"width: 36.9333%; height: 41px;\">\n<div class=\"fl\"><b>Brentford FC<\/b>\u00a0&#8211; Everton FC<\/div>\n<\/td>\n<td class=\"res nbr\" style=\"width: 6.93333%; height: 41px;\"><a href=\"https:\/\/evertonfc.cz\/index.php\/2021\/11\/29\/brentford-everton-10\/\">1:0<\/a><\/td>\n<\/tr>\n<tr class=\"last\" style=\"height: 48px;\">\n<td class=\"date\" style=\"width: 18%; height: 28px;\">05.02.2022<\/td>\n<td class=\"comp\" style=\"width: 23.7333%; height: 28px;\">FA Cup<\/td>\n<td class=\"stage\" style=\"width: 14.2667%; height: 28px;\">4.kolo<\/td>\n<td class=\"teams\" style=\"width: 36.9333%; height: 28px;\">\n<div class=\"fl\"><b>Everton FC<\/b>\u00a0&#8211; Brentford FC<\/div>\n<\/td>\n<td class=\"res nbr\" style=\"width: 6.93333%; height: 28px;\"><a href=\"https:\/\/evertonfc.cz\/index.php\/2022\/02\/06\/everton-brentford-41\/\">4:1<\/a><\/td>\n<\/tr>\n<\/tbody>\n<\/table>\n<h4><span style=\"font-size: 14pt;\">Zdrav\u00ed a nemocn\u00ed<\/span><\/h4>\n<p>Dom\u00e1c\u00ed mana\u017eer Frank Lampard pravd\u011bpodobn\u011b nebude m\u00edt se skl\u00e1d\u00e1n\u00edm sestavy p\u0159\u00edli\u0161 starost\u00ed. Jeliko\u017e do hry nenastoup\u00ed sklen\u011bn\u00fd Mina, d\u00e1 se o\u010dek\u00e1vat nasazen\u00ed obrann\u00e9 trojice Holgate, Keane, Coleman, s podporou Mykolenka a Iwobiho na kraj\u00edch. Dal\u0161\u00ed zran\u011bn\u00fd, Delph, pravd\u011bpodobn\u011b pust\u00ed do z\u00e1kladu Allana, kter\u00e9ho by uprost\u0159ed z\u00e1lohy m\u011bl doplnit Doucour\u00e9. Obrann\u00e9 postaven\u00ed soupe\u0159e by se sv\u00fdmi n\u00e1jezdy m\u011bli pokusit prolomit hlavn\u011b Gray, Richarlison a Gordon. De Beek a Godfrey pomalu dol\u00e9\u010dili ned\u00e1vn\u00e1 zran\u011bn\u00ed a mohli by do z\u00e1pasu tak\u00e9 nastoupit. Na Brentford m\u00e1 Frank Lampard ur\u010dit\u011b dobr\u00e9 vzpom\u00ednky, p\u0159i sv\u00e9 premi\u00e9\u0159e na lavi\u010dce Toffees vy\u0159adil Brentford z FA Cupu jasn\u011b 4:1.<\/p>\n<p>Jak u\u017e bylo \u0159e\u010deno, host\u016fm u\u017e prakticky o nic nejde, nicm\u00e9n\u011b t\u011b\u017eko \u010dekat, \u017ee n\u00e1m body nechaj\u00ed zadarmo. Sv\u011bd\u010d\u00ed o tom forma z posledn\u00edch z\u00e1pas\u016f, kdy z posledn\u00edch deseti ligov\u00fdch z\u00e1pas\u016f hned \u0161estkr\u00e1t zv\u00edt\u011bzili a jednou remizovali. Naposledy si pro nad\u00edlku 3:0 do z\u00e1padn\u00edho Lond\u00fdna p\u0159ijel Southampton. G\u00f3lov\u011b se nov\u00e1\u010dek Premier League spol\u00e9h\u00e1 v t\u00e9to sez\u00f3n\u011b hlavn\u011b na Ivana Toneyho, kter\u00e9mu zdatn\u011b sekunduj\u00ed Mbeupo a Wissa. Kreativita ve st\u0159edu pole se bezesporu zv\u00fd\u0161ila s p\u0159\u00edchodem D\u00e1na Christiana Eriksena do klubu. Jeho krajan Thomas Frank jako\u017eto tren\u00e9r bude m\u00edt tak\u00e9 celkem jednoduchou volbu sestavy, chyb\u00ed mu pouze zran\u011bn\u00ed Onyeka a J\u00f8rgensen.<\/p>\n<h4>Pro zaj\u00edmavost<\/h4>\n<ul>\n<li>v listopadu minul\u00e9ho roku Brentford vyhr\u00e1l utk\u00e1n\u00ed s Evertonem 1:0. Jedin\u00e9 ligov\u00e9 double proti Toffees p\u0159i\u0161lo v historicky prvn\u00ed sez\u00f3n\u011b Division One, kdy se ob\u011b strany st\u0159etly, v roce 1935\/36<\/li>\n<li>v t\u00e9to sez\u00f3n\u011b se The Bees v Premier League prosadily patn\u00e1cti r\u016fzn\u00fdmi st\u0159elci &#8211; s v\u00fdjimkou sez\u00f3ny 1992\/93 jich v\u00edce v premi\u00e9rov\u00e9m ro\u010dn\u00edku sout\u011b\u017ee vst\u0159elil pouze Bolton Wanderers v sez\u00f3n\u011b 1995\/96 (16)<\/li>\n<li>Toffees vyhr\u00e1li posledn\u00ed \u010dty\u0159i dom\u00e1c\u00ed z\u00e1pasy proti Brentfordu ve v\u0161ech sout\u011b\u017e\u00edch, v\u010detn\u011b v\u00edt\u011bzstv\u00ed 4:1 v FA Cupu v t\u00e9to sez\u00f3n\u011b<\/li>\n<\/ul>\n<p style=\"text-align: center;\"><span style=\"font-size: 18pt; color: #0000ff;\"><strong>COYB!<\/strong><\/span><\/p>\n<p><strong>Co: <\/strong>Everton &#8211; Brentford, 37.kolo Premier League<br \/>\n<strong>Kdy: <\/strong>ned\u011ble 15.kv\u011btna 2022 v 17:30<br \/>\n<strong>Kde: <\/strong>Goodison Park<br \/>\n<strong>TV:\u00a0<\/strong>P\u0159\u00edm\u00fd p\u0159enos na stanici Premier Sport 1<br \/>\n<strong>Rozhod\u010d\u00ed: <\/strong>Michael Oliver\u00a0 <strong>Asistenti:<\/strong>Stuart Burt, Scott Ledger<br \/>\n<strong>VAR: <\/strong>Darren England\u00a0\u00a0<strong>Asistent VAR<\/strong>: Sian Masseyov\u00e1-Ellisov\u00e1<\/p>\n","protected":false},"excerpt":{"rendered":"<p>Dal\u0161\u00ed bitvu o udr\u017een\u00ed mezi elitou svede Everton proti Brentfordu. Kl\u00ed\u010d k \u00fasp\u011bchu maj\u00ed dom\u00e1c\u00ed pln\u011b ve sv\u00fdch ruk\u00e1ch, snad i v hlav\u00e1ch a noh\u00e1ch&#8230;<\/p>\n","protected":false},"author":562,"featured_media":19737,"comment_status":"open","ping_status":"closed","sticky":false,"template":"","format":"standard","meta":{"_eb_attr":"","_monsterinsights_skip_tracking":false,"_monsterinsights_sitenote_active":false,"_monsterinsights_sitenote_note":"","_monsterinsights_sitenote_category":0,"footnotes":""},"categories":[4],"tags":[],"yoast_head":"<!-- This site is optimized with the Yoast SEO plugin v23.4 - https:\/\/yoast.com\/wordpress\/plugins\/seo\/ -->\n<title>Preview: Everton - Brentford - Official Czech &amp; Slovak Everton Supporters&#039; Club<\/title>\n<meta name=\"robots\" content=\"index, follow, max-snippet:-1, max-image-preview:large, max-video-preview:-1\" \/>\n<link rel=\"canonical\" href=\"https:\/\/evertonfc.cz\/index.php\/2022\/05\/15\/preview-everton-brentford\/\" \/>\n<meta property=\"og:locale\" content=\"cs_CZ\" \/>\n<meta property=\"og:type\" content=\"article\" \/>\n<meta property=\"og:title\" content=\"Preview: Everton - Brentford - Official Czech &amp; Slovak Everton Supporters&#039; Club\" \/>\n<meta property=\"og:description\" content=\"Dal\u0161\u00ed bitvu o udr\u017een\u00ed mezi elitou svede Everton proti Brentfordu. Kl\u00ed\u010d k \u00fasp\u011bchu maj\u00ed dom\u00e1c\u00ed pln\u011b ve sv\u00fdch ruk\u00e1ch, snad i v hlav\u00e1ch a noh\u00e1ch...\" \/>\n<meta property=\"og:url\" content=\"https:\/\/evertonfc.cz\/index.php\/2022\/05\/15\/preview-everton-brentford\/\" \/>\n<meta property=\"og:site_name\" content=\"Official Czech &amp; Slovak Everton Supporters&#039; Club\" \/>\n<meta property=\"article:publisher\" content=\"https:\/\/www.facebook.com\/everton.fans.cz.sk\" \/>\n<meta property=\"article:published_time\" content=\"2022-05-15T10:30:57+00:00\" \/>\n<meta property=\"article:modified_time\" content=\"2022-09-05T10:33:57+00:00\" \/>\n<meta property=\"og:image\" content=\"https:\/\/evertonfc.cz\/wp-content\/uploads\/2022\/09\/Everton-VS-Brenford.png\" \/>\n\t<meta property=\"og:image:width\" content=\"720\" \/>\n\t<meta property=\"og:image:height\" content=\"405\" \/>\n\t<meta property=\"og:image:type\" content=\"image\/png\" \/>\n<meta name=\"author\" content=\"Petr\" \/>\n<meta name=\"twitter:card\" content=\"summary_large_image\" \/>\n<meta name=\"twitter:label1\" content=\"Napsal(a)\" \/>\n\t<meta name=\"twitter:data1\" content=\"Petr\" \/>\n\t<meta name=\"twitter:label2\" content=\"Odhadovan\u00e1 doba \u010dten\u00ed\" \/>\n\t<meta name=\"twitter:data2\" content=\"3 minuty\" \/>\n<script type=\"application\/ld+json\" class=\"yoast-schema-graph\">{\"@context\":\"https:\/\/schema.org\",\"@graph\":[{\"@type\":\"Article\",\"@id\":\"https:\/\/evertonfc.cz\/index.php\/2022\/05\/15\/preview-everton-brentford\/#article\",\"isPartOf\":{\"@id\":\"https:\/\/evertonfc.cz\/index.php\/2022\/05\/15\/preview-everton-brentford\/\"},\"author\":{\"name\":\"Petr\",\"@id\":\"https:\/\/evertonfc.cz\/#\/schema\/person\/5b54d20cd919070efc6fd6f92621fc50\"},\"headline\":\"Preview: Everton &#8211; Brentford\",\"datePublished\":\"2022-05-15T10:30:57+00:00\",\"dateModified\":\"2022-09-05T10:33:57+00:00\",\"mainEntityOfPage\":{\"@id\":\"https:\/\/evertonfc.cz\/index.php\/2022\/05\/15\/preview-everton-brentford\/\"},\"wordCount\":595,\"commentCount\":17,\"publisher\":{\"@id\":\"https:\/\/evertonfc.cz\/#organization\"},\"image\":{\"@id\":\"https:\/\/evertonfc.cz\/index.php\/2022\/05\/15\/preview-everton-brentford\/#primaryimage\"},\"thumbnailUrl\":\"https:\/\/evertonfc.cz\/wp-content\/uploads\/2022\/09\/Everton-VS-Brenford.png\",\"articleSection\":[\"Z\u00e1pasy\"],\"inLanguage\":\"cs\",\"potentialAction\":[{\"@type\":\"CommentAction\",\"name\":\"Comment\",\"target\":[\"https:\/\/evertonfc.cz\/index.php\/2022\/05\/15\/preview-everton-brentford\/#respond\"]}]},{\"@type\":\"WebPage\",\"@id\":\"https:\/\/evertonfc.cz\/index.php\/2022\/05\/15\/preview-everton-brentford\/\",\"url\":\"https:\/\/evertonfc.cz\/index.php\/2022\/05\/15\/preview-everton-brentford\/\",\"name\":\"Preview: Everton - Brentford - Official Czech &amp; Slovak Everton Supporters&#039; Club\",\"isPartOf\":{\"@id\":\"https:\/\/evertonfc.cz\/#website\"},\"primaryImageOfPage\":{\"@id\":\"https:\/\/evertonfc.cz\/index.php\/2022\/05\/15\/preview-everton-brentford\/#primaryimage\"},\"image\":{\"@id\":\"https:\/\/evertonfc.cz\/index.php\/2022\/05\/15\/preview-everton-brentford\/#primaryimage\"},\"thumbnailUrl\":\"https:\/\/evertonfc.cz\/wp-content\/uploads\/2022\/09\/Everton-VS-Brenford.png\",\"datePublished\":\"2022-05-15T10:30:57+00:00\",\"dateModified\":\"2022-09-05T10:33:57+00:00\",\"breadcrumb\":{\"@id\":\"https:\/\/evertonfc.cz\/index.php\/2022\/05\/15\/preview-everton-brentford\/#breadcrumb\"},\"inLanguage\":\"cs\",\"potentialAction\":[{\"@type\":\"ReadAction\",\"target\":[\"https:\/\/evertonfc.cz\/index.php\/2022\/05\/15\/preview-everton-brentford\/\"]}]},{\"@type\":\"ImageObject\",\"inLanguage\":\"cs\",\"@id\":\"https:\/\/evertonfc.cz\/index.php\/2022\/05\/15\/preview-everton-brentford\/#primaryimage\",\"url\":\"https:\/\/evertonfc.cz\/wp-content\/uploads\/2022\/09\/Everton-VS-Brenford.png\",\"contentUrl\":\"https:\/\/evertonfc.cz\/wp-content\/uploads\/2022\/09\/Everton-VS-Brenford.png\",\"width\":720,\"height\":405},{\"@type\":\"BreadcrumbList\",\"@id\":\"https:\/\/evertonfc.cz\/index.php\/2022\/05\/15\/preview-everton-brentford\/#breadcrumb\",\"itemListElement\":[{\"@type\":\"ListItem\",\"position\":1,\"name\":\"Home\",\"item\":\"https:\/\/evertonfc.cz\/\"},{\"@type\":\"ListItem\",\"position\":2,\"name\":\"Preview: Everton &#8211; Brentford\"}]},{\"@type\":\"WebSite\",\"@id\":\"https:\/\/evertonfc.cz\/#website\",\"url\":\"https:\/\/evertonfc.cz\/\",\"name\":\"Official Czech &amp; Slovak Everton Supporters&#039; Club\",\"description\":\"\",\"publisher\":{\"@id\":\"https:\/\/evertonfc.cz\/#organization\"},\"potentialAction\":[{\"@type\":\"SearchAction\",\"target\":{\"@type\":\"EntryPoint\",\"urlTemplate\":\"https:\/\/evertonfc.cz\/?s={search_term_string}\"},\"query-input\":{\"@type\":\"PropertyValueSpecification\",\"valueRequired\":true,\"valueName\":\"search_term_string\"}}],\"inLanguage\":\"cs\"},{\"@type\":\"Organization\",\"@id\":\"https:\/\/evertonfc.cz\/#organization\",\"name\":\"Official Czech & Slovak Everton Supporters' Club\",\"url\":\"https:\/\/evertonfc.cz\/\",\"logo\":{\"@type\":\"ImageObject\",\"inLanguage\":\"cs\",\"@id\":\"https:\/\/evertonfc.cz\/#\/schema\/logo\/image\/\",\"url\":\"https:\/\/evertonfc.cz\/wp-content\/uploads\/2019\/05\/logo.png\",\"contentUrl\":\"https:\/\/evertonfc.cz\/wp-content\/uploads\/2019\/05\/logo.png\",\"width\":112,\"height\":112,\"caption\":\"Official Czech & Slovak Everton Supporters' Club\"},\"image\":{\"@id\":\"https:\/\/evertonfc.cz\/#\/schema\/logo\/image\/\"},\"sameAs\":[\"https:\/\/www.facebook.com\/everton.fans.cz.sk\"]},{\"@type\":\"Person\",\"@id\":\"https:\/\/evertonfc.cz\/#\/schema\/person\/5b54d20cd919070efc6fd6f92621fc50\",\"name\":\"Petr\",\"url\":\"https:\/\/evertonfc.cz\/index.php\/author\/petr\/\"}]}<\/script>\n<!-- \/ Yoast SEO plugin. -->","yoast_head_json":{"title":"Preview: Everton - Brentford - Official Czech &amp; Slovak Everton Supporters&#039; Club","robots":{"index":"index","follow":"follow","max-snippet":"max-snippet:-1","max-image-preview":"max-image-preview:large","max-video-preview":"max-video-preview:-1"},"canonical":"https:\/\/evertonfc.cz\/index.php\/2022\/05\/15\/preview-everton-brentford\/","og_locale":"cs_CZ","og_type":"article","og_title":"Preview: Everton - Brentford - Official Czech &amp; Slovak Everton Supporters&#039; Club","og_description":"Dal\u0161\u00ed bitvu o udr\u017een\u00ed mezi elitou svede Everton proti Brentfordu. Kl\u00ed\u010d k \u00fasp\u011bchu maj\u00ed dom\u00e1c\u00ed pln\u011b ve sv\u00fdch ruk\u00e1ch, snad i v hlav\u00e1ch a noh\u00e1ch...","og_url":"https:\/\/evertonfc.cz\/index.php\/2022\/05\/15\/preview-everton-brentford\/","og_site_name":"Official Czech &amp; Slovak Everton Supporters&#039; Club","article_publisher":"https:\/\/www.facebook.com\/everton.fans.cz.sk","article_published_time":"2022-05-15T10:30:57+00:00","article_modified_time":"2022-09-05T10:33:57+00:00","og_image":[{"width":720,"height":405,"url":"https:\/\/evertonfc.cz\/wp-content\/uploads\/2022\/09\/Everton-VS-Brenford.png","type":"image\/png"}],"author":"Petr","twitter_card":"summary_large_image","twitter_misc":{"Napsal(a)":"Petr","Odhadovan\u00e1 doba \u010dten\u00ed":"3 minuty"},"schema":{"@context":"https:\/\/schema.org","@graph":[{"@type":"Article","@id":"https:\/\/evertonfc.cz\/index.php\/2022\/05\/15\/preview-everton-brentford\/#article","isPartOf":{"@id":"https:\/\/evertonfc.cz\/index.php\/2022\/05\/15\/preview-everton-brentford\/"},"author":{"name":"Petr","@id":"https:\/\/evertonfc.cz\/#\/schema\/person\/5b54d20cd919070efc6fd6f92621fc50"},"headline":"Preview: Everton &#8211; Brentford","datePublished":"2022-05-15T10:30:57+00:00","dateModified":"2022-09-05T10:33:57+00:00","mainEntityOfPage":{"@id":"https:\/\/evertonfc.cz\/index.php\/2022\/05\/15\/preview-everton-brentford\/"},"wordCount":595,"commentCount":17,"publisher":{"@id":"https:\/\/evertonfc.cz\/#organization"},"image":{"@id":"https:\/\/evertonfc.cz\/index.php\/2022\/05\/15\/preview-everton-brentford\/#primaryimage"},"thumbnailUrl":"https:\/\/evertonfc.cz\/wp-content\/uploads\/2022\/09\/Everton-VS-Brenford.png","articleSection":["Z\u00e1pasy"],"inLanguage":"cs","potentialAction":[{"@type":"CommentAction","name":"Comment","target":["https:\/\/evertonfc.cz\/index.php\/2022\/05\/15\/preview-everton-brentford\/#respond"]}]},{"@type":"WebPage","@id":"https:\/\/evertonfc.cz\/index.php\/2022\/05\/15\/preview-everton-brentford\/","url":"https:\/\/evertonfc.cz\/index.php\/2022\/05\/15\/preview-everton-brentford\/","name":"Preview: Everton - Brentford - Official Czech &amp; Slovak Everton Supporters&#039; Club","isPartOf":{"@id":"https:\/\/evertonfc.cz\/#website"},"primaryImageOfPage":{"@id":"https:\/\/evertonfc.cz\/index.php\/2022\/05\/15\/preview-everton-brentford\/#primaryimage"},"image":{"@id":"https:\/\/evertonfc.cz\/index.php\/2022\/05\/15\/preview-everton-brentford\/#primaryimage"},"thumbnailUrl":"https:\/\/evertonfc.cz\/wp-content\/uploads\/2022\/09\/Everton-VS-Brenford.png","datePublished":"2022-05-15T10:30:57+00:00","dateModified":"2022-09-05T10:33:57+00:00","breadcrumb":{"@id":"https:\/\/evertonfc.cz\/index.php\/2022\/05\/15\/preview-everton-brentford\/#breadcrumb"},"inLanguage":"cs","potentialAction":[{"@type":"ReadAction","target":["https:\/\/evertonfc.cz\/index.php\/2022\/05\/15\/preview-everton-brentford\/"]}]},{"@type":"ImageObject","inLanguage":"cs","@id":"https:\/\/evertonfc.cz\/index.php\/2022\/05\/15\/preview-everton-brentford\/#primaryimage","url":"https:\/\/evertonfc.cz\/wp-content\/uploads\/2022\/09\/Everton-VS-Brenford.png","contentUrl":"https:\/\/evertonfc.cz\/wp-content\/uploads\/2022\/09\/Everton-VS-Brenford.png","width":720,"height":405},{"@type":"BreadcrumbList","@id":"https:\/\/evertonfc.cz\/index.php\/2022\/05\/15\/preview-everton-brentford\/#breadcrumb","itemListElement":[{"@type":"ListItem","position":1,"name":"Home","item":"https:\/\/evertonfc.cz\/"},{"@type":"ListItem","position":2,"name":"Preview: Everton &#8211; Brentford"}]},{"@type":"WebSite","@id":"https:\/\/evertonfc.cz\/#website","url":"https:\/\/evertonfc.cz\/","name":"Official Czech &amp; Slovak Everton Supporters&#039; Club","description":"","publisher":{"@id":"https:\/\/evertonfc.cz\/#organization"},"potentialAction":[{"@type":"SearchAction","target":{"@type":"EntryPoint","urlTemplate":"https:\/\/evertonfc.cz\/?s={search_term_string}"},"query-input":{"@type":"PropertyValueSpecification","valueRequired":true,"valueName":"search_term_string"}}],"inLanguage":"cs"},{"@type":"Organization","@id":"https:\/\/evertonfc.cz\/#organization","name":"Official Czech & Slovak Everton Supporters' Club","url":"https:\/\/evertonfc.cz\/","logo":{"@type":"ImageObject","inLanguage":"cs","@id":"https:\/\/evertonfc.cz\/#\/schema\/logo\/image\/","url":"https:\/\/evertonfc.cz\/wp-content\/uploads\/2019\/05\/logo.png","contentUrl":"https:\/\/evertonfc.cz\/wp-content\/uploads\/2019\/05\/logo.png","width":112,"height":112,"caption":"Official Czech & Slovak Everton Supporters' Club"},"image":{"@id":"https:\/\/evertonfc.cz\/#\/schema\/logo\/image\/"},"sameAs":["https:\/\/www.facebook.com\/everton.fans.cz.sk"]},{"@type":"Person","@id":"https:\/\/evertonfc.cz\/#\/schema\/person\/5b54d20cd919070efc6fd6f92621fc50","name":"Petr","url":"https:\/\/evertonfc.cz\/index.php\/author\/petr\/"}]}},"_links":{"self":[{"href":"https:\/\/evertonfc.cz\/index.php\/wp-json\/wp\/v2\/posts\/18680"}],"collection":[{"href":"https:\/\/evertonfc.cz\/index.php\/wp-json\/wp\/v2\/posts"}],"about":[{"href":"https:\/\/evertonfc.cz\/index.php\/wp-json\/wp\/v2\/types\/post"}],"author":[{"embeddable":true,"href":"https:\/\/evertonfc.cz\/index.php\/wp-json\/wp\/v2\/users\/562"}],"replies":[{"embeddable":true,"href":"https:\/\/evertonfc.cz\/index.php\/wp-json\/wp\/v2\/comments?post=18680"}],"version-history":[{"count":14,"href":"https:\/\/evertonfc.cz\/index.php\/wp-json\/wp\/v2\/posts\/18680\/revisions"}],"predecessor-version":[{"id":18695,"href":"https:\/\/evertonfc.cz\/index.php\/wp-json\/wp\/v2\/posts\/18680\/revisions\/18695"}],"wp:featuredmedia":[{"embeddable":true,"href":"https:\/\/evertonfc.cz\/index.php\/wp-json\/wp\/v2\/media\/19737"}],"wp:attachment":[{"href":"https:\/\/evertonfc.cz\/index.php\/wp-json\/wp\/v2\/media?parent=18680"}],"wp:term":[{"taxonomy":"category","embeddable":true,"href":"https:\/\/evertonfc.cz\/index.php\/wp-json\/wp\/v2\/categories?post=18680"},{"taxonomy":"post_tag","embeddable":true,"href":"https:\/\/evertonfc.cz\/index.php\/wp-json\/wp\/v2\/tags?post=18680"}],"curies":[{"name":"wp","href":"https:\/\/api.w.org\/{rel}","templated":true}]}}